{"id":2583073,"date":"2025-02-12T23:18:09","date_gmt":"2025-02-12T23:18:09","guid":{"rendered":"https:\/\/www.pressenza.com\/?p=2583073"},"modified":"2025-02-12T23:18:09","modified_gmt":"2025-02-12T23:18:09","slug":"llamadas-telefonicas-acercan-al-fin-del-conflicto-belico-en-ucrania","status":"publish","type":"post","link":"https:\/\/www.pressenza.com\/es\/2025\/02\/llamadas-telefonicas-acercan-al-fin-del-conflicto-belico-en-ucrania\/","title":{"rendered":"Llamadas telef\u00f3nicas acercan al fin del conflicto b\u00e9lico en Ucrania"},"content":{"rendered":"<p>Zelenski mantuvo este mi\u00e9rcoles &#8211; seg\u00fan informan diversos medios &#8211; una conversaci\u00f3n telef\u00f3nica con el Presidente Donald Trump, en la que abordaron los pr\u00f3ximos pasos conjuntos que permitir\u00edan detener la guerra y lograr \u201cuna paz duradera y s\u00f3lida\u201d, minutos despu\u00e9s de que el mandatario estadounidense hablara con el Presidente ruso Vlad\u00edmir Putin.<\/p>\n<p>\u201cComo dijo el Presidente Trump, hag\u00e1moslo\u201d, afirm\u00f3 Zelenski a trav\u00e9s de sus redes sociales, informando el contenido de la conversaci\u00f3n.<\/p>\n<p>Esta llamada se dio momentos despu\u00e9s de que el Presidente Trump acordara tambi\u00e9n telef\u00f3nicamente con su par ruso, dar un impulso al proceso de paz que la nueva administraci\u00f3n estadounidense promueve para poner fin a la guerra en Ucrania.<\/p>\n<p>Al parecer, Trump tambi\u00e9n inform\u00f3 a Zelenski de su conversaci\u00f3n previa con Putin. Durante esta llamada, Zelenski habr\u00eda ofrecido a Trump compartir con Estados Unidos la experiencia de Ucrania en el desarrollo de drones y de otras capacidades tecnol\u00f3gicas en las que Kiev ha logrado avances durante la guerra.<\/p>\n<p>\u201cLe estoy agradecido al presidente Trump por su inter\u00e9s en lo que podemos conseguir juntos\u201d, escribi\u00f3 Zelenski en la red social X (antes Twitter).<\/p>\n<p>Recordemos que el pasado mi\u00e9rcoles se dio el encuentro en Kiev entre Zelenski y el secretario del Tesoro de EE.UU, Scott Bessent, quien present\u00f3 a la administraci\u00f3n ucraniana un borrador de acuerdo econ\u00f3mico que d\u00e9 beneficios a USA y garantice el apoyo de Washington a Ucrania. Seg\u00fan Zelenski, ese documento trata sobre \u201cseguridad, cooperaci\u00f3n econ\u00f3mica\u201d y acceso a recursos naturales.<\/p>\n<p>Luego de dicha reuni\u00f3n, Scott Bessent se\u00f1al\u00f3 que el acuerdo ayudar\u00e1 a garantizar la continuidad del apoyo estadounidense a Ucrania, beneficiando a la econom\u00eda y a la reconstrucci\u00f3n del pa\u00eds gracias a la atracci\u00f3n de inversiones estadounidenses.<\/p>\n","protected":false},"excerpt":{"rendered":"<p>Zelenski mantuvo este mi\u00e9rcoles &#8211; seg\u00fan informan diversos medios &#8211; una conversaci\u00f3n telef\u00f3nica con el Presidente Donald Trump, en la que abordaron los pr\u00f3ximos pasos conjuntos que permitir\u00edan detener la guerra y lograr \u201cuna paz duradera y s\u00f3lida\u201d, minutos despu\u00e9s&hellip;<\/p>\n","protected":false},"author":43,"featured_media":2583077,"comment_status":"closed","ping_status":"closed","sticky":false,"template":"","format":"standard","meta":{"footnotes":""},"categories":[11389,66,106739,1243],"tags":[102013,42675,54423,99918],"class_list":["post-2583073","post","type-post","status-publish","format-standard","has-post-thumbnail","hentry","category-contenido-original","category-europa-es","category-noticia","category-paz-desarme","tag-guerra-en-ucrania","tag-presidente-trump","tag-putin-es","tag-zelensky"],"yoast_head":"<!-- This site is optimized with the Yoast SEO plugin v27.1.1 - https:\/\/yoast.com\/product\/yoast-seo-wordpress\/ -->\n<title>Llamadas telef\u00f3nicas acercan al fin del conflicto b\u00e9lico en Ucrania<\/title>\n<meta name=\"description\" content=\"Zelenski mantuvo este mi\u00e9rcoles - seg\u00fan informan diversos medios - una conversaci\u00f3n telef\u00f3nica con el Presidente Donald Trump, en la que abordaron los\" \/>\n<meta name=\"robots\" content=\"index, follow, max-snippet:-1, max-image-preview:large, max-video-preview:-1\" \/>\n<link rel=\"canonical\" href=\"https:\/\/www.pressenza.com\/es\/2025\/02\/llamadas-telefonicas-acercan-al-fin-del-conflicto-belico-en-ucrania\/\" \/>\n<meta property=\"og:locale\" content=\"es_ES\" \/>\n<meta property=\"og:type\" content=\"article\" \/>\n<meta property=\"og:title\" content=\"Llamadas telef\u00f3nicas acercan al fin del conflicto b\u00e9lico en Ucrania\" \/>\n<meta property=\"og:description\" content=\"Zelenski mantuvo este mi\u00e9rcoles - seg\u00fan informan diversos medios - una conversaci\u00f3n telef\u00f3nica con el Presidente Donald Trump, en la que abordaron los\" \/>\n<meta property=\"og:url\" content=\"https:\/\/www.pressenza.com\/es\/2025\/02\/llamadas-telefonicas-acercan-al-fin-del-conflicto-belico-en-ucrania\/\" \/>\n<meta property=\"og:site_name\" content=\"Pressenza\" \/>\n<meta property=\"article:publisher\" content=\"https:\/\/www.facebook.com\/PressenzaItalia\" \/>\n<meta property=\"article:author\" content=\"https:\/\/www.facebook.com\/pressenza\" \/>\n<meta property=\"article:published_time\" content=\"2025-02-12T23:18:09+00:00\" \/>\n<meta property=\"og:image\" content=\"https:\/\/www.pressenza.com\/wp-content\/uploads\/2025\/02\/Gjmv2utW8AAy5Lv.jpeg\" \/>\n\t<meta property=\"og:image:width\" content=\"680\" \/>\n\t<meta property=\"og:image:height\" content=\"453\" \/>\n\t<meta property=\"og:image:type\" content=\"image\/jpeg\" \/>\n<meta name=\"author\" content=\"Redacci\u00f3n Chile\" \/>\n<meta name=\"twitter:card\" content=\"summary_large_image\" \/>\n<meta name=\"twitter:creator\" content=\"@pressenza\" \/>\n<meta name=\"twitter:site\" content=\"@PressenzaIPA\" \/>\n<meta name=\"twitter:label1\" content=\"Escrito por\" \/>\n\t<meta name=\"twitter:data1\" content=\"Redacci\u00f3n Chile\" \/>\n\t<meta name=\"twitter:label2\" content=\"Tiempo de lectura\" \/>\n\t<meta name=\"twitter:data2\" content=\"2 minutos\" \/>\n<script type=\"application\/ld+json\" class=\"yoast-schema-graph\">{\"@context\":\"https:\/\/schema.org\",\"@graph\":[{\"@type\":\"Article\",\"@id\":\"https:\/\/www.pressenza.com\/es\/2025\/02\/llamadas-telefonicas-acercan-al-fin-del-conflicto-belico-en-ucrania\/#article\",\"isPartOf\":{\"@id\":\"https:\/\/www.pressenza.com\/es\/2025\/02\/llamadas-telefonicas-acercan-al-fin-del-conflicto-belico-en-ucrania\/\"},\"author\":{\"name\":\"Redacci\u00f3n Chile\",\"@id\":\"https:\/\/www.pressenza.com\/es\/#\/schema\/person\/d7db40df35d6698ba69ba9ee260944ed\"},\"headline\":\"Llamadas telef\u00f3nicas acercan al fin del conflicto b\u00e9lico en Ucrania\",\"datePublished\":\"2025-02-12T23:18:09+00:00\",\"mainEntityOfPage\":{\"@id\":\"https:\/\/www.pressenza.com\/es\/2025\/02\/llamadas-telefonicas-acercan-al-fin-del-conflicto-belico-en-ucrania\/\"},\"wordCount\":327,\"publisher\":{\"@id\":\"https:\/\/www.pressenza.com\/es\/#organization\"},\"image\":{\"@id\":\"https:\/\/www.pressenza.com\/es\/2025\/02\/llamadas-telefonicas-acercan-al-fin-del-conflicto-belico-en-ucrania\/#primaryimage\"},\"thumbnailUrl\":\"https:\/\/www.pressenza.com\/wp-content\/uploads\/2025\/02\/Gjmv2utW8AAy5Lv.jpeg\",\"keywords\":[\"guerra en Ucrania\",\"Presidente Trump\",\"Putin\",\"Zelensky\"],\"articleSection\":[\"Contenido Original\",\"Europa\",\"Noticia\",\"Paz y Desarme\"],\"inLanguage\":\"es\"},{\"@type\":\"WebPage\",\"@id\":\"https:\/\/www.pressenza.com\/es\/2025\/02\/llamadas-telefonicas-acercan-al-fin-del-conflicto-belico-en-ucrania\/\",\"url\":\"https:\/\/www.pressenza.com\/es\/2025\/02\/llamadas-telefonicas-acercan-al-fin-del-conflicto-belico-en-ucrania\/\",\"name\":\"Llamadas telef\u00f3nicas acercan al fin del conflicto b\u00e9lico en Ucrania\",\"isPartOf\":{\"@id\":\"https:\/\/www.pressenza.com\/es\/#website\"},\"primaryImageOfPage\":{\"@id\":\"https:\/\/www.pressenza.com\/es\/2025\/02\/llamadas-telefonicas-acercan-al-fin-del-conflicto-belico-en-ucrania\/#primaryimage\"},\"image\":{\"@id\":\"https:\/\/www.pressenza.com\/es\/2025\/02\/llamadas-telefonicas-acercan-al-fin-del-conflicto-belico-en-ucrania\/#primaryimage\"},\"thumbnailUrl\":\"https:\/\/www.pressenza.com\/wp-content\/uploads\/2025\/02\/Gjmv2utW8AAy5Lv.jpeg\",\"datePublished\":\"2025-02-12T23:18:09+00:00\",\"description\":\"Zelenski mantuvo este mi\u00e9rcoles - seg\u00fan informan diversos medios - una conversaci\u00f3n telef\u00f3nica con el Presidente Donald Trump, en la que abordaron los\",\"breadcrumb\":{\"@id\":\"https:\/\/www.pressenza.com\/es\/2025\/02\/llamadas-telefonicas-acercan-al-fin-del-conflicto-belico-en-ucrania\/#breadcrumb\"},\"inLanguage\":\"es\",\"potentialAction\":[{\"@type\":\"ReadAction\",\"target\":[\"https:\/\/www.pressenza.com\/es\/2025\/02\/llamadas-telefonicas-acercan-al-fin-del-conflicto-belico-en-ucrania\/\"]}]},{\"@type\":\"ImageObject\",\"inLanguage\":\"es\",\"@id\":\"https:\/\/www.pressenza.com\/es\/2025\/02\/llamadas-telefonicas-acercan-al-fin-del-conflicto-belico-en-ucrania\/#primaryimage\",\"url\":\"https:\/\/www.pressenza.com\/wp-content\/uploads\/2025\/02\/Gjmv2utW8AAy5Lv.jpeg\",\"contentUrl\":\"https:\/\/www.pressenza.com\/wp-content\/uploads\/2025\/02\/Gjmv2utW8AAy5Lv.jpeg\",\"width\":680,\"height\":453},{\"@type\":\"BreadcrumbList\",\"@id\":\"https:\/\/www.pressenza.com\/es\/2025\/02\/llamadas-telefonicas-acercan-al-fin-del-conflicto-belico-en-ucrania\/#breadcrumb\",\"itemListElement\":[{\"@type\":\"ListItem\",\"position\":1,\"name\":\"Accueil\",\"item\":\"https:\/\/www.pressenza.com\/es\/\"},{\"@type\":\"ListItem\",\"position\":2,\"name\":\"Llamadas telef\u00f3nicas acercan al fin del conflicto b\u00e9lico en Ucrania\"}]},{\"@type\":\"WebSite\",\"@id\":\"https:\/\/www.pressenza.com\/es\/#website\",\"url\":\"https:\/\/www.pressenza.com\/es\/\",\"name\":\"Pressenza\",\"description\":\"International Press Agency\",\"publisher\":{\"@id\":\"https:\/\/www.pressenza.com\/es\/#organization\"},\"potentialAction\":[{\"@type\":\"SearchAction\",\"target\":{\"@type\":\"EntryPoint\",\"urlTemplate\":\"https:\/\/www.pressenza.com\/es\/?s={search_term_string}\"},\"query-input\":{\"@type\":\"PropertyValueSpecification\",\"valueRequired\":true,\"valueName\":\"search_term_string\"}}],\"inLanguage\":\"es\"},{\"@type\":\"Organization\",\"@id\":\"https:\/\/www.pressenza.com\/es\/#organization\",\"name\":\"Pressenza\",\"url\":\"https:\/\/www.pressenza.com\/es\/\",\"logo\":{\"@type\":\"ImageObject\",\"inLanguage\":\"es\",\"@id\":\"https:\/\/www.pressenza.com\/es\/#\/schema\/logo\/image\/\",\"url\":\"https:\/\/www.pressenza.com\/wp-content\/uploads\/2022\/10\/pressenza_logo_200x200.jpg\",\"contentUrl\":\"https:\/\/www.pressenza.com\/wp-content\/uploads\/2022\/10\/pressenza_logo_200x200.jpg\",\"width\":200,\"height\":200,\"caption\":\"Pressenza\"},\"image\":{\"@id\":\"https:\/\/www.pressenza.com\/es\/#\/schema\/logo\/image\/\"},\"sameAs\":[\"https:\/\/www.facebook.com\/PressenzaItalia\",\"https:\/\/x.com\/PressenzaIPA\"]},{\"@type\":\"Person\",\"@id\":\"https:\/\/www.pressenza.com\/es\/#\/schema\/person\/d7db40df35d6698ba69ba9ee260944ed\",\"name\":\"Redacci\u00f3n Chile\",\"description\":\"News from the Pressenza Bureau in Chile\",\"sameAs\":[\"https:\/\/www.facebook.com\/pressenza\",\"https:\/\/x.com\/pressenza\"],\"url\":\"https:\/\/www.pressenza.com\/es\/author\/redaccion-chile\/\"}]}<\/script>\n<!-- \/ Yoast SEO plugin. -->","yoast_head_json":{"title":"Llamadas telef\u00f3nicas acercan al fin del conflicto b\u00e9lico en Ucrania","description":"Zelenski mantuvo este mi\u00e9rcoles - seg\u00fan informan diversos medios - una conversaci\u00f3n telef\u00f3nica con el Presidente Donald Trump, en la que abordaron los","robots":{"index":"index","follow":"follow","max-snippet":"max-snippet:-1","max-image-preview":"max-image-preview:large","max-video-preview":"max-video-preview:-1"},"canonical":"https:\/\/www.pressenza.com\/es\/2025\/02\/llamadas-telefonicas-acercan-al-fin-del-conflicto-belico-en-ucrania\/","og_locale":"es_ES","og_type":"article","og_title":"Llamadas telef\u00f3nicas acercan al fin del conflicto b\u00e9lico en Ucrania","og_description":"Zelenski mantuvo este mi\u00e9rcoles - seg\u00fan informan diversos medios - una conversaci\u00f3n telef\u00f3nica con el Presidente Donald Trump, en la que abordaron los","og_url":"https:\/\/www.pressenza.com\/es\/2025\/02\/llamadas-telefonicas-acercan-al-fin-del-conflicto-belico-en-ucrania\/","og_site_name":"Pressenza","article_publisher":"https:\/\/www.facebook.com\/PressenzaItalia","article_author":"https:\/\/www.facebook.com\/pressenza","article_published_time":"2025-02-12T23:18:09+00:00","og_image":[{"width":680,"height":453,"url":"https:\/\/www.pressenza.com\/wp-content\/uploads\/2025\/02\/Gjmv2utW8AAy5Lv.jpeg","type":"image\/jpeg"}],"author":"Redacci\u00f3n Chile","twitter_card":"summary_large_image","twitter_creator":"@pressenza","twitter_site":"@PressenzaIPA","twitter_misc":{"Escrito por":"Redacci\u00f3n Chile","Tiempo de lectura":"2 minutos"},"schema":{"@context":"https:\/\/schema.org","@graph":[{"@type":"Article","@id":"https:\/\/www.pressenza.com\/es\/2025\/02\/llamadas-telefonicas-acercan-al-fin-del-conflicto-belico-en-ucrania\/#article","isPartOf":{"@id":"https:\/\/www.pressenza.com\/es\/2025\/02\/llamadas-telefonicas-acercan-al-fin-del-conflicto-belico-en-ucrania\/"},"author":{"name":"Redacci\u00f3n Chile","@id":"https:\/\/www.pressenza.com\/es\/#\/schema\/person\/d7db40df35d6698ba69ba9ee260944ed"},"headline":"Llamadas telef\u00f3nicas acercan al fin del conflicto b\u00e9lico en Ucrania","datePublished":"2025-02-12T23:18:09+00:00","mainEntityOfPage":{"@id":"https:\/\/www.pressenza.com\/es\/2025\/02\/llamadas-telefonicas-acercan-al-fin-del-conflicto-belico-en-ucrania\/"},"wordCount":327,"publisher":{"@id":"https:\/\/www.pressenza.com\/es\/#organization"},"image":{"@id":"https:\/\/www.pressenza.com\/es\/2025\/02\/llamadas-telefonicas-acercan-al-fin-del-conflicto-belico-en-ucrania\/#primaryimage"},"thumbnailUrl":"https:\/\/www.pressenza.com\/wp-content\/uploads\/2025\/02\/Gjmv2utW8AAy5Lv.jpeg","keywords":["guerra en Ucrania","Presidente Trump","Putin","Zelensky"],"articleSection":["Contenido Original","Europa","Noticia","Paz y Desarme"],"inLanguage":"es"},{"@type":"WebPage","@id":"https:\/\/www.pressenza.com\/es\/2025\/02\/llamadas-telefonicas-acercan-al-fin-del-conflicto-belico-en-ucrania\/","url":"https:\/\/www.pressenza.com\/es\/2025\/02\/llamadas-telefonicas-acercan-al-fin-del-conflicto-belico-en-ucrania\/","name":"Llamadas telef\u00f3nicas acercan al fin del conflicto b\u00e9lico en Ucrania","isPartOf":{"@id":"https:\/\/www.pressenza.com\/es\/#website"},"primaryImageOfPage":{"@id":"https:\/\/www.pressenza.com\/es\/2025\/02\/llamadas-telefonicas-acercan-al-fin-del-conflicto-belico-en-ucrania\/#primaryimage"},"image":{"@id":"https:\/\/www.pressenza.com\/es\/2025\/02\/llamadas-telefonicas-acercan-al-fin-del-conflicto-belico-en-ucrania\/#primaryimage"},"thumbnailUrl":"https:\/\/www.pressenza.com\/wp-content\/uploads\/2025\/02\/Gjmv2utW8AAy5Lv.jpeg","datePublished":"2025-02-12T23:18:09+00:00","description":"Zelenski mantuvo este mi\u00e9rcoles - seg\u00fan informan diversos medios - una conversaci\u00f3n telef\u00f3nica con el Presidente Donald Trump, en la que abordaron los","breadcrumb":{"@id":"https:\/\/www.pressenza.com\/es\/2025\/02\/llamadas-telefonicas-acercan-al-fin-del-conflicto-belico-en-ucrania\/#breadcrumb"},"inLanguage":"es","potentialAction":[{"@type":"ReadAction","target":["https:\/\/www.pressenza.com\/es\/2025\/02\/llamadas-telefonicas-acercan-al-fin-del-conflicto-belico-en-ucrania\/"]}]},{"@type":"ImageObject","inLanguage":"es","@id":"https:\/\/www.pressenza.com\/es\/2025\/02\/llamadas-telefonicas-acercan-al-fin-del-conflicto-belico-en-ucrania\/#primaryimage","url":"https:\/\/www.pressenza.com\/wp-content\/uploads\/2025\/02\/Gjmv2utW8AAy5Lv.jpeg","contentUrl":"https:\/\/www.pressenza.com\/wp-content\/uploads\/2025\/02\/Gjmv2utW8AAy5Lv.jpeg","width":680,"height":453},{"@type":"BreadcrumbList","@id":"https:\/\/www.pressenza.com\/es\/2025\/02\/llamadas-telefonicas-acercan-al-fin-del-conflicto-belico-en-ucrania\/#breadcrumb","itemListElement":[{"@type":"ListItem","position":1,"name":"Accueil","item":"https:\/\/www.pressenza.com\/es\/"},{"@type":"ListItem","position":2,"name":"Llamadas telef\u00f3nicas acercan al fin del conflicto b\u00e9lico en Ucrania"}]},{"@type":"WebSite","@id":"https:\/\/www.pressenza.com\/es\/#website","url":"https:\/\/www.pressenza.com\/es\/","name":"Pressenza","description":"International Press Agency","publisher":{"@id":"https:\/\/www.pressenza.com\/es\/#organization"},"potentialAction":[{"@type":"SearchAction","target":{"@type":"EntryPoint","urlTemplate":"https:\/\/www.pressenza.com\/es\/?s={search_term_string}"},"query-input":{"@type":"PropertyValueSpecification","valueRequired":true,"valueName":"search_term_string"}}],"inLanguage":"es"},{"@type":"Organization","@id":"https:\/\/www.pressenza.com\/es\/#organization","name":"Pressenza","url":"https:\/\/www.pressenza.com\/es\/","logo":{"@type":"ImageObject","inLanguage":"es","@id":"https:\/\/www.pressenza.com\/es\/#\/schema\/logo\/image\/","url":"https:\/\/www.pressenza.com\/wp-content\/uploads\/2022\/10\/pressenza_logo_200x200.jpg","contentUrl":"https:\/\/www.pressenza.com\/wp-content\/uploads\/2022\/10\/pressenza_logo_200x200.jpg","width":200,"height":200,"caption":"Pressenza"},"image":{"@id":"https:\/\/www.pressenza.com\/es\/#\/schema\/logo\/image\/"},"sameAs":["https:\/\/www.facebook.com\/PressenzaItalia","https:\/\/x.com\/PressenzaIPA"]},{"@type":"Person","@id":"https:\/\/www.pressenza.com\/es\/#\/schema\/person\/d7db40df35d6698ba69ba9ee260944ed","name":"Redacci\u00f3n Chile","description":"News from the Pressenza Bureau in Chile","sameAs":["https:\/\/www.facebook.com\/pressenza","https:\/\/x.com\/pressenza"],"url":"https:\/\/www.pressenza.com\/es\/author\/redaccion-chile\/"}]}},"place":"Ucrania","original_article_url":"","_links":{"self":[{"href":"https:\/\/www.pressenza.com\/es\/wp-json\/wp\/v2\/posts\/2583073","targetHints":{"allow":["GET"]}}],"collection":[{"href":"https:\/\/www.pressenza.com\/es\/wp-json\/wp\/v2\/posts"}],"about":[{"href":"https:\/\/www.pressenza.com\/es\/wp-json\/wp\/v2\/types\/post"}],"author":[{"embeddable":true,"href":"https:\/\/www.pressenza.com\/es\/wp-json\/wp\/v2\/users\/43"}],"replies":[{"embeddable":true,"href":"https:\/\/www.pressenza.com\/es\/wp-json\/wp\/v2\/comments?post=2583073"}],"version-history":[{"count":0,"href":"https:\/\/www.pressenza.com\/es\/wp-json\/wp\/v2\/posts\/2583073\/revisions"}],"wp:featuredmedia":[{"embeddable":true,"href":"https:\/\/www.pressenza.com\/es\/wp-json\/wp\/v2\/media\/2583077"}],"wp:attachment":[{"href":"https:\/\/www.pressenza.com\/es\/wp-json\/wp\/v2\/media?parent=2583073"}],"wp:term":[{"taxonomy":"category","embeddable":true,"href":"https:\/\/www.pressenza.com\/es\/wp-json\/wp\/v2\/categories?post=2583073"},{"taxonomy":"post_tag","embeddable":true,"href":"https:\/\/www.pressenza.com\/es\/wp-json\/wp\/v2\/tags?post=2583073"}],"curies":[{"name":"wp","href":"https:\/\/api.w.org\/{rel}","templated":true}]}}