{"id":2581019,"date":"2025-02-03T19:45:38","date_gmt":"2025-02-03T19:45:38","guid":{"rendered":"https:\/\/www.pressenza.com\/?p=2581019"},"modified":"2025-02-03T19:45:38","modified_gmt":"2025-02-03T19:45:38","slug":"honduras-bajo-aguan-sin-paz","status":"publish","type":"post","link":"https:\/\/www.pressenza.com\/es\/2025\/02\/honduras-bajo-aguan-sin-paz\/","title":{"rendered":"Honduras: Bajo Agu\u00e1n sin paz"},"content":{"rendered":"<p><em>Despu\u00e9s de haber sufrido por m\u00e1s de una d\u00e9cada (post golpe) los sangrientos embates de un conflicto agrario que ha dejado un saldo de decenas de campesinos asesinados, las familias rurales del Bajo Agu\u00e1n, hoy organizadas en cooperativas agropecuarias y empresas asociativas, siguen defendiendo las tierras recuperadas.<\/em><\/p>\n<p>El 24 de diciembre del a\u00f1o pasado, la Plataforma Agraria Regional de Valle del Agu\u00e1n y la Coordinadora de Organizaciones Populares del Agu\u00e1n (COPA) denunciaron el desalojo violento de la cooperativa Camarones, a manos de hombres armados pertenecientes al grupo criminal \u201cLos Cachos\u201d.<\/p>\n<p>Seg\u00fan las dos organizaciones, dicho grupo irregular tendr\u00eda v\u00ednculos directos con\u00a0Corporaci\u00f3n Dinant, empresa l\u00edder en el cultivo y procesamiento de aceite de palma y propiedad de la\u00a0<a href=\"http:\/\/www6.rel-uita.org\/agricultura\/palma_africana\/index.htm\">tristemente famosa familia Facuss\u00e9<\/a>.<\/p>\n<p>Ante las agresiones armadas, la Plataforma Agraria y COPA demandaron el apoyo inmediato de las autoridades para salvaguardar la vida de las familias campesinas, as\u00ed como acciones contundentes del gobierno para garantizar \u201cel respeto de la posesi\u00f3n, el uso y goce de las tierras de Reforma Agraria\u201d<\/p>\n<p>La cooperativa Camarones es firmante de los acuerdos con el actual gobierno\u00b9.<\/p>\n<p>En aquella ocasi\u00f3n, la Oficina del Alto Comisionado de Naciones Unidas para los Derechos Humanos en Honduras (Oacnudh) inst\u00f3 al Estado a avanzar en la implementaci\u00f3n de dichos acuerdos, \u201cque tienen el potencial de aportar soluciones duraderas\u201d al grave conflicto.<\/p>\n<div class=\"subtituloMedionf\"><strong>M\u00e1s sangre derramada<\/strong><\/div>\n<p>Una semana despu\u00e9s del desalojo violento de la cooperativa Camarones fue asesinado\u00a0Arnulfo D\u00edaz, socio de la cooperativa Brisas del Agu\u00e1n.<\/p>\n<p>Brisas del Agu\u00e1n, El Chile y Tranv\u00edo son tres cooperativas que tambi\u00e9n han venido sufriendo ataques sistem\u00e1ticos despu\u00e9s de que recuperaran tierras de reforma agraria.<\/p>\n<p>En octubre del a\u00f1o pasado, otro socio de la misma cooperativa,\u00a0Selvin No\u00e9 Garc\u00eda P\u00e9rez, hab\u00eda sido asesinado a disparos.<\/p>\n<p>Las protestas pac\u00edficas impulsadas por la Plataforma Agraria y COPA para exigir a las autoridades el desalojo de grupos armados de los terrenos de la cooperativa Camarones, fueron atacadas de forma violenta con un saldo de decenas de personas heridas.<\/p>\n<p>A esto se suma la violenta campa\u00f1a de estigmatizaci\u00f3n, criminalizaci\u00f3n y persecuci\u00f3n impulsada a trav\u00e9s de las redes sociales y medios digitales locales.<\/p>\n<div class=\"subtituloMedionf\"><strong>Se multiplican los ataques<\/strong><\/div>\n<p>Este 27 de enero, grupos criminales atacaron nuevamente las cooperativas Tranv\u00edo y Camarones.<\/p>\n<p>Cristi\u00e1n Baire fue secuestrado, torturado y sucesivamente liberado por efectivos policiales, mientras que Janier Garc\u00eda recibi\u00f3 un impacto de bala. Ambos son socios de la cooperativa Tranv\u00edo.<\/p>\n<p>La noche del 29 de enero, la cooperativa El Chile atacada fue con armas de grueso calibre. Las familias campesinas tuvieron que huir, abandonando m\u00e1s de 100 hect\u00e1reas de tierra.<\/p>\n<p>Dos d\u00edas despu\u00e9s, Jos\u00e9 Hern\u00e1ndez Lobo y su esposa Suyapa Guill\u00e9n fueron interceptados por hombres armados y asesinados por una lluvia de balazos. Eran socios activos de la empresa asociativa \u201cGregorio Ch\u00e1vez\u201d.<\/p>\n<p>Hern\u00e1ndez Lobo\u00a0hab\u00eda sobrevivido a otro atentado en 2019.<\/p>\n<p>Ante esto nuevo y grave ataque, la Plataforma Agraria y COPA est\u00e1n exigiendo al Ministerio Publico y a la Secretar\u00eda de Seguridad la captura inmediata y la neutralizaci\u00f3n de las operaciones criminales del grupo Los Cachos.<\/p>\n<p>\u201cHay unas 60 personas armadas que controlan la zona. A pesar de la presencia policial, este grupo criminal contin\u00faa actuando. Si el gobierno no toma medidas urgentes seguir\u00e1n mat\u00e1ndonos como animales\u201d, dijo\u00a0Yony Rivas, vocero de la Plataforma Agraria.<\/p>\n<p>Adem\u00e1s, hicieron p\u00fablica una carta dirigida a la presidenta\u00a0Xiomara Castro, donde exigen la instalaci\u00f3n de la Comisi\u00f3n de la Verdad mediante decreto ejecutivo, el regreso a sus casas de las m\u00e1s de 150 familias de las cooperativas Camarones y El Chile.<\/p>\n<p>Asimismo, la implementaci\u00f3n de medidas efectivas de protecci\u00f3n y la desarticulaci\u00f3n e intervenci\u00f3n de las empresas de seguridad privada de Corporaci\u00f3n Dinant, investigando al tiempo sus v\u00ednculos con el grupo criminal de Los Cachos.<\/p>\n<p>Finalmente, hicieron un llamado a las organizaciones de derechos humanos y solidarias, tanto nacionales como internacionales, a denunciar la violencia sistem\u00e1tica que sufren las familias campesinas, por estar exigiendo el acceso a la tierra y una vida digna.<\/p>\n<h5>\u00b9El 22 de febrero de 2022, el gobierno de Xiomara Castro firm\u00f3 acuerdos con organizaciones, movimientos y empresas asociativas campesinas, con el objetivo de resolver la problem\u00e1tica agraria y traer la paz a la zona del Agu\u00e1n. Dichos acuerdos inclu\u00edan tambi\u00e9n la instalaci\u00f3n de una comisi\u00f3n tripartita (Comisi\u00f3n de la Verdad) para la investigaci\u00f3n de violaciones de derechos humanos en la zona.<\/h5>\n","protected":false},"excerpt":{"rendered":"<p>Despu\u00e9s de haber sufrido por m\u00e1s de una d\u00e9cada (post golpe) los sangrientos embates de un conflicto agrario que ha dejado un saldo de decenas de campesinos asesinados, las familias rurales del Bajo Agu\u00e1n, hoy organizadas en cooperativas agropecuarias y&hellip;<\/p>\n","protected":false},"author":1800,"featured_media":2581020,"comment_status":"closed","ping_status":"closed","sticky":false,"template":"","format":"standard","meta":{"footnotes":""},"categories":[69,76,79,81,39],"tags":[126782,132202,4341,132204,132203],"class_list":["post-2581019","post","type-post","status-publish","format-standard","has-post-thumbnail","hentry","category-america-central","category-relaciones-exteriores","category-derechos-humanos","category-economia-es","category-internacional","tag-bajo-aguan","tag-campesinos-organizados","tag-honduras-es","tag-violaciones-de-dd-hh","tag-violencia-de-terratenientes"],"yoast_head":"<!-- This site is optimized with the Yoast SEO plugin v27.1.1 - https:\/\/yoast.com\/product\/yoast-seo-wordpress\/ -->\n<title>Honduras: Bajo Agu\u00e1n sin paz<\/title>\n<meta name=\"description\" content=\"Despu\u00e9s de haber sufrido por m\u00e1s de una d\u00e9cada (post golpe) los sangrientos embates de un conflicto agrario que ha dejado un saldo de decenas de\" \/>\n<meta name=\"robots\" content=\"index, follow, max-snippet:-1, max-image-preview:large, max-video-preview:-1\" \/>\n<link rel=\"canonical\" href=\"https:\/\/www.pressenza.com\/es\/2025\/02\/honduras-bajo-aguan-sin-paz\/\" \/>\n<meta property=\"og:locale\" content=\"es_ES\" \/>\n<meta property=\"og:type\" content=\"article\" \/>\n<meta property=\"og:title\" content=\"Honduras: Bajo Agu\u00e1n sin paz\" \/>\n<meta property=\"og:description\" content=\"Despu\u00e9s de haber sufrido por m\u00e1s de una d\u00e9cada (post golpe) los sangrientos embates de un conflicto agrario que ha dejado un saldo de decenas de\" \/>\n<meta property=\"og:url\" content=\"https:\/\/www.pressenza.com\/es\/2025\/02\/honduras-bajo-aguan-sin-paz\/\" \/>\n<meta property=\"og:site_name\" content=\"Pressenza\" \/>\n<meta property=\"article:publisher\" content=\"https:\/\/www.facebook.com\/PressenzaItalia\" \/>\n<meta property=\"article:published_time\" content=\"2025-02-03T19:45:38+00:00\" \/>\n<meta property=\"og:image\" content=\"https:\/\/www.pressenza.com\/wp-content\/uploads\/2025\/02\/Bajo_Aguan-1080x606-1.jpg\" \/>\n\t<meta property=\"og:image:width\" content=\"1080\" \/>\n\t<meta property=\"og:image:height\" content=\"606\" \/>\n\t<meta property=\"og:image:type\" content=\"image\/jpeg\" \/>\n<meta name=\"author\" content=\"Giorgio Trucchi\" \/>\n<meta name=\"twitter:card\" content=\"summary_large_image\" \/>\n<meta name=\"twitter:creator\" content=\"@PressenzaIPA\" \/>\n<meta name=\"twitter:site\" content=\"@PressenzaIPA\" \/>\n<meta name=\"twitter:label1\" content=\"Escrito por\" \/>\n\t<meta name=\"twitter:data1\" content=\"Giorgio Trucchi\" \/>\n\t<meta name=\"twitter:label2\" content=\"Tiempo de lectura\" \/>\n\t<meta name=\"twitter:data2\" content=\"4 minutos\" \/>\n<script type=\"application\/ld+json\" class=\"yoast-schema-graph\">{\"@context\":\"https:\/\/schema.org\",\"@graph\":[{\"@type\":\"Article\",\"@id\":\"https:\/\/www.pressenza.com\/es\/2025\/02\/honduras-bajo-aguan-sin-paz\/#article\",\"isPartOf\":{\"@id\":\"https:\/\/www.pressenza.com\/es\/2025\/02\/honduras-bajo-aguan-sin-paz\/\"},\"author\":{\"name\":\"Giorgio Trucchi\",\"@id\":\"https:\/\/www.pressenza.com\/es\/#\/schema\/person\/55ec2a8f1b3e718010691e4aba073020\"},\"headline\":\"Honduras: Bajo Agu\u00e1n sin paz\",\"datePublished\":\"2025-02-03T19:45:38+00:00\",\"mainEntityOfPage\":{\"@id\":\"https:\/\/www.pressenza.com\/es\/2025\/02\/honduras-bajo-aguan-sin-paz\/\"},\"wordCount\":789,\"publisher\":{\"@id\":\"https:\/\/www.pressenza.com\/es\/#organization\"},\"image\":{\"@id\":\"https:\/\/www.pressenza.com\/es\/2025\/02\/honduras-bajo-aguan-sin-paz\/#primaryimage\"},\"thumbnailUrl\":\"https:\/\/www.pressenza.com\/wp-content\/uploads\/2025\/02\/Bajo_Aguan-1080x606-1.jpg\",\"keywords\":[\"bajo Agu\u00e1n\",\"campesinos organizados\",\"Honduras\",\"violaciones de DD.HH.\",\"violencia de terratenientes\"],\"articleSection\":[\"Am\u00e9rica Central\",\"Asuntos internacionales\",\"Derechos Humanos\",\"Econom\u00eda\",\"Internacional\"],\"inLanguage\":\"es\"},{\"@type\":\"WebPage\",\"@id\":\"https:\/\/www.pressenza.com\/es\/2025\/02\/honduras-bajo-aguan-sin-paz\/\",\"url\":\"https:\/\/www.pressenza.com\/es\/2025\/02\/honduras-bajo-aguan-sin-paz\/\",\"name\":\"Honduras: Bajo Agu\u00e1n sin paz\",\"isPartOf\":{\"@id\":\"https:\/\/www.pressenza.com\/es\/#website\"},\"primaryImageOfPage\":{\"@id\":\"https:\/\/www.pressenza.com\/es\/2025\/02\/honduras-bajo-aguan-sin-paz\/#primaryimage\"},\"image\":{\"@id\":\"https:\/\/www.pressenza.com\/es\/2025\/02\/honduras-bajo-aguan-sin-paz\/#primaryimage\"},\"thumbnailUrl\":\"https:\/\/www.pressenza.com\/wp-content\/uploads\/2025\/02\/Bajo_Aguan-1080x606-1.jpg\",\"datePublished\":\"2025-02-03T19:45:38+00:00\",\"description\":\"Despu\u00e9s de haber sufrido por m\u00e1s de una d\u00e9cada (post golpe) los sangrientos embates de un conflicto agrario que ha dejado un saldo de decenas de\",\"breadcrumb\":{\"@id\":\"https:\/\/www.pressenza.com\/es\/2025\/02\/honduras-bajo-aguan-sin-paz\/#breadcrumb\"},\"inLanguage\":\"es\",\"potentialAction\":[{\"@type\":\"ReadAction\",\"target\":[\"https:\/\/www.pressenza.com\/es\/2025\/02\/honduras-bajo-aguan-sin-paz\/\"]}]},{\"@type\":\"ImageObject\",\"inLanguage\":\"es\",\"@id\":\"https:\/\/www.pressenza.com\/es\/2025\/02\/honduras-bajo-aguan-sin-paz\/#primaryimage\",\"url\":\"https:\/\/www.pressenza.com\/wp-content\/uploads\/2025\/02\/Bajo_Aguan-1080x606-1.jpg\",\"contentUrl\":\"https:\/\/www.pressenza.com\/wp-content\/uploads\/2025\/02\/Bajo_Aguan-1080x606-1.jpg\",\"width\":1080,\"height\":606,\"caption\":\"Bajo Agu\u00e1n sin paz\"},{\"@type\":\"BreadcrumbList\",\"@id\":\"https:\/\/www.pressenza.com\/es\/2025\/02\/honduras-bajo-aguan-sin-paz\/#breadcrumb\",\"itemListElement\":[{\"@type\":\"ListItem\",\"position\":1,\"name\":\"Accueil\",\"item\":\"https:\/\/www.pressenza.com\/es\/\"},{\"@type\":\"ListItem\",\"position\":2,\"name\":\"Honduras: Bajo Agu\u00e1n sin paz\"}]},{\"@type\":\"WebSite\",\"@id\":\"https:\/\/www.pressenza.com\/es\/#website\",\"url\":\"https:\/\/www.pressenza.com\/es\/\",\"name\":\"Pressenza\",\"description\":\"International Press Agency\",\"publisher\":{\"@id\":\"https:\/\/www.pressenza.com\/es\/#organization\"},\"potentialAction\":[{\"@type\":\"SearchAction\",\"target\":{\"@type\":\"EntryPoint\",\"urlTemplate\":\"https:\/\/www.pressenza.com\/es\/?s={search_term_string}\"},\"query-input\":{\"@type\":\"PropertyValueSpecification\",\"valueRequired\":true,\"valueName\":\"search_term_string\"}}],\"inLanguage\":\"es\"},{\"@type\":\"Organization\",\"@id\":\"https:\/\/www.pressenza.com\/es\/#organization\",\"name\":\"Pressenza\",\"url\":\"https:\/\/www.pressenza.com\/es\/\",\"logo\":{\"@type\":\"ImageObject\",\"inLanguage\":\"es\",\"@id\":\"https:\/\/www.pressenza.com\/es\/#\/schema\/logo\/image\/\",\"url\":\"https:\/\/www.pressenza.com\/wp-content\/uploads\/2022\/10\/pressenza_logo_200x200.jpg\",\"contentUrl\":\"https:\/\/www.pressenza.com\/wp-content\/uploads\/2022\/10\/pressenza_logo_200x200.jpg\",\"width\":200,\"height\":200,\"caption\":\"Pressenza\"},\"image\":{\"@id\":\"https:\/\/www.pressenza.com\/es\/#\/schema\/logo\/image\/\"},\"sameAs\":[\"https:\/\/www.facebook.com\/PressenzaItalia\",\"https:\/\/x.com\/PressenzaIPA\"]},{\"@type\":\"Person\",\"@id\":\"https:\/\/www.pressenza.com\/es\/#\/schema\/person\/55ec2a8f1b3e718010691e4aba073020\",\"name\":\"Giorgio Trucchi\",\"url\":\"https:\/\/www.pressenza.com\/es\/author\/giorgio-trucchi\/\"}]}<\/script>\n<!-- \/ Yoast SEO plugin. -->","yoast_head_json":{"title":"Honduras: Bajo Agu\u00e1n sin paz","description":"Despu\u00e9s de haber sufrido por m\u00e1s de una d\u00e9cada (post golpe) los sangrientos embates de un conflicto agrario que ha dejado un saldo de decenas de","robots":{"index":"index","follow":"follow","max-snippet":"max-snippet:-1","max-image-preview":"max-image-preview:large","max-video-preview":"max-video-preview:-1"},"canonical":"https:\/\/www.pressenza.com\/es\/2025\/02\/honduras-bajo-aguan-sin-paz\/","og_locale":"es_ES","og_type":"article","og_title":"Honduras: Bajo Agu\u00e1n sin paz","og_description":"Despu\u00e9s de haber sufrido por m\u00e1s de una d\u00e9cada (post golpe) los sangrientos embates de un conflicto agrario que ha dejado un saldo de decenas de","og_url":"https:\/\/www.pressenza.com\/es\/2025\/02\/honduras-bajo-aguan-sin-paz\/","og_site_name":"Pressenza","article_publisher":"https:\/\/www.facebook.com\/PressenzaItalia","article_published_time":"2025-02-03T19:45:38+00:00","og_image":[{"width":1080,"height":606,"url":"https:\/\/www.pressenza.com\/wp-content\/uploads\/2025\/02\/Bajo_Aguan-1080x606-1.jpg","type":"image\/jpeg"}],"author":"Giorgio Trucchi","twitter_card":"summary_large_image","twitter_creator":"@PressenzaIPA","twitter_site":"@PressenzaIPA","twitter_misc":{"Escrito por":"Giorgio Trucchi","Tiempo de lectura":"4 minutos"},"schema":{"@context":"https:\/\/schema.org","@graph":[{"@type":"Article","@id":"https:\/\/www.pressenza.com\/es\/2025\/02\/honduras-bajo-aguan-sin-paz\/#article","isPartOf":{"@id":"https:\/\/www.pressenza.com\/es\/2025\/02\/honduras-bajo-aguan-sin-paz\/"},"author":{"name":"Giorgio Trucchi","@id":"https:\/\/www.pressenza.com\/es\/#\/schema\/person\/55ec2a8f1b3e718010691e4aba073020"},"headline":"Honduras: Bajo Agu\u00e1n sin paz","datePublished":"2025-02-03T19:45:38+00:00","mainEntityOfPage":{"@id":"https:\/\/www.pressenza.com\/es\/2025\/02\/honduras-bajo-aguan-sin-paz\/"},"wordCount":789,"publisher":{"@id":"https:\/\/www.pressenza.com\/es\/#organization"},"image":{"@id":"https:\/\/www.pressenza.com\/es\/2025\/02\/honduras-bajo-aguan-sin-paz\/#primaryimage"},"thumbnailUrl":"https:\/\/www.pressenza.com\/wp-content\/uploads\/2025\/02\/Bajo_Aguan-1080x606-1.jpg","keywords":["bajo Agu\u00e1n","campesinos organizados","Honduras","violaciones de DD.HH.","violencia de terratenientes"],"articleSection":["Am\u00e9rica Central","Asuntos internacionales","Derechos Humanos","Econom\u00eda","Internacional"],"inLanguage":"es"},{"@type":"WebPage","@id":"https:\/\/www.pressenza.com\/es\/2025\/02\/honduras-bajo-aguan-sin-paz\/","url":"https:\/\/www.pressenza.com\/es\/2025\/02\/honduras-bajo-aguan-sin-paz\/","name":"Honduras: Bajo Agu\u00e1n sin paz","isPartOf":{"@id":"https:\/\/www.pressenza.com\/es\/#website"},"primaryImageOfPage":{"@id":"https:\/\/www.pressenza.com\/es\/2025\/02\/honduras-bajo-aguan-sin-paz\/#primaryimage"},"image":{"@id":"https:\/\/www.pressenza.com\/es\/2025\/02\/honduras-bajo-aguan-sin-paz\/#primaryimage"},"thumbnailUrl":"https:\/\/www.pressenza.com\/wp-content\/uploads\/2025\/02\/Bajo_Aguan-1080x606-1.jpg","datePublished":"2025-02-03T19:45:38+00:00","description":"Despu\u00e9s de haber sufrido por m\u00e1s de una d\u00e9cada (post golpe) los sangrientos embates de un conflicto agrario que ha dejado un saldo de decenas de","breadcrumb":{"@id":"https:\/\/www.pressenza.com\/es\/2025\/02\/honduras-bajo-aguan-sin-paz\/#breadcrumb"},"inLanguage":"es","potentialAction":[{"@type":"ReadAction","target":["https:\/\/www.pressenza.com\/es\/2025\/02\/honduras-bajo-aguan-sin-paz\/"]}]},{"@type":"ImageObject","inLanguage":"es","@id":"https:\/\/www.pressenza.com\/es\/2025\/02\/honduras-bajo-aguan-sin-paz\/#primaryimage","url":"https:\/\/www.pressenza.com\/wp-content\/uploads\/2025\/02\/Bajo_Aguan-1080x606-1.jpg","contentUrl":"https:\/\/www.pressenza.com\/wp-content\/uploads\/2025\/02\/Bajo_Aguan-1080x606-1.jpg","width":1080,"height":606,"caption":"Bajo Agu\u00e1n sin paz"},{"@type":"BreadcrumbList","@id":"https:\/\/www.pressenza.com\/es\/2025\/02\/honduras-bajo-aguan-sin-paz\/#breadcrumb","itemListElement":[{"@type":"ListItem","position":1,"name":"Accueil","item":"https:\/\/www.pressenza.com\/es\/"},{"@type":"ListItem","position":2,"name":"Honduras: Bajo Agu\u00e1n sin paz"}]},{"@type":"WebSite","@id":"https:\/\/www.pressenza.com\/es\/#website","url":"https:\/\/www.pressenza.com\/es\/","name":"Pressenza","description":"International Press Agency","publisher":{"@id":"https:\/\/www.pressenza.com\/es\/#organization"},"potentialAction":[{"@type":"SearchAction","target":{"@type":"EntryPoint","urlTemplate":"https:\/\/www.pressenza.com\/es\/?s={search_term_string}"},"query-input":{"@type":"PropertyValueSpecification","valueRequired":true,"valueName":"search_term_string"}}],"inLanguage":"es"},{"@type":"Organization","@id":"https:\/\/www.pressenza.com\/es\/#organization","name":"Pressenza","url":"https:\/\/www.pressenza.com\/es\/","logo":{"@type":"ImageObject","inLanguage":"es","@id":"https:\/\/www.pressenza.com\/es\/#\/schema\/logo\/image\/","url":"https:\/\/www.pressenza.com\/wp-content\/uploads\/2022\/10\/pressenza_logo_200x200.jpg","contentUrl":"https:\/\/www.pressenza.com\/wp-content\/uploads\/2022\/10\/pressenza_logo_200x200.jpg","width":200,"height":200,"caption":"Pressenza"},"image":{"@id":"https:\/\/www.pressenza.com\/es\/#\/schema\/logo\/image\/"},"sameAs":["https:\/\/www.facebook.com\/PressenzaItalia","https:\/\/x.com\/PressenzaIPA"]},{"@type":"Person","@id":"https:\/\/www.pressenza.com\/es\/#\/schema\/person\/55ec2a8f1b3e718010691e4aba073020","name":"Giorgio Trucchi","url":"https:\/\/www.pressenza.com\/es\/author\/giorgio-trucchi\/"}]}},"place":"Honduras","original_article_url":"https:\/\/www.rel-uita.org\/honduras\/bajo-aguan-sin-paz\/","_links":{"self":[{"href":"https:\/\/www.pressenza.com\/es\/wp-json\/wp\/v2\/posts\/2581019","targetHints":{"allow":["GET"]}}],"collection":[{"href":"https:\/\/www.pressenza.com\/es\/wp-json\/wp\/v2\/posts"}],"about":[{"href":"https:\/\/www.pressenza.com\/es\/wp-json\/wp\/v2\/types\/post"}],"author":[{"embeddable":true,"href":"https:\/\/www.pressenza.com\/es\/wp-json\/wp\/v2\/users\/1800"}],"replies":[{"embeddable":true,"href":"https:\/\/www.pressenza.com\/es\/wp-json\/wp\/v2\/comments?post=2581019"}],"version-history":[{"count":0,"href":"https:\/\/www.pressenza.com\/es\/wp-json\/wp\/v2\/posts\/2581019\/revisions"}],"wp:featuredmedia":[{"embeddable":true,"href":"https:\/\/www.pressenza.com\/es\/wp-json\/wp\/v2\/media\/2581020"}],"wp:attachment":[{"href":"https:\/\/www.pressenza.com\/es\/wp-json\/wp\/v2\/media?parent=2581019"}],"wp:term":[{"taxonomy":"category","embeddable":true,"href":"https:\/\/www.pressenza.com\/es\/wp-json\/wp\/v2\/categories?post=2581019"},{"taxonomy":"post_tag","embeddable":true,"href":"https:\/\/www.pressenza.com\/es\/wp-json\/wp\/v2\/tags?post=2581019"}],"curies":[{"name":"wp","href":"https:\/\/api.w.org\/{rel}","templated":true}]}}