{"id":2579864,"date":"2025-01-29T16:31:29","date_gmt":"2025-01-29T16:31:29","guid":{"rendered":"https:\/\/www.pressenza.com\/?p=2579864"},"modified":"2025-01-29T16:40:06","modified_gmt":"2025-01-29T16:40:06","slug":"inclusion-a-traves-del-diseno-universal-y-el-braille-herramientas-para-un-mundo-sin-barreras","status":"publish","type":"post","link":"https:\/\/www.pressenza.com\/es\/2025\/01\/inclusion-a-traves-del-diseno-universal-y-el-braille-herramientas-para-un-mundo-sin-barreras\/","title":{"rendered":"Inclusi\u00f3n a trav\u00e9s del dise\u00f1o universal y el braille: herramientas para un mundo sin barreras"},"content":{"rendered":"<h3 style=\"font-weight: 400;\"><em>Vivimos en una sociedad que, aunque cada vez m\u00e1s globalizada e interconectada, todav\u00eda presenta innumerables obst\u00e1culos para muchas personas. Entre las herramientas m\u00e1s eficaces para construir una sociedad verdaderamente inclusiva se encuentran el braille y el dise\u00f1o universal.<\/em><\/h3>\n<p style=\"font-weight: 400;\">El braille es un c\u00f3digo que puede aplicarse a diferentes lenguas, permitiendo que las personas con discapacidad visual lean y escriban en sus idiomas de manera independiente. Por su parte, el dise\u00f1o universal busca crear, a trav\u00e9s del trabajo de dise\u00f1adores y arquitectos, ambientes y productos accesibles para todos sin necesidad de adaptaciones espec\u00edficas. Al unir ambos conceptos, se propone promover la accesibilidad y la democratizaci\u00f3n de las oportunidades, garantizando que todas las personas, independientemente de sus capacidades, puedan vivir con autonom\u00eda, dignidad y libertad.<\/p>\n<p style=\"font-weight: 400;\">Las celebraciones recientes relacionadas con el D\u00eda Mundial del Braille y el legado del franc\u00e9s Louis Braille, constituyen una oportunidad para reflexionar sobre la importancia de la accesibilidad para las personas con discapacidades visuales y, al mismo tiempo, reafirmar nuestro compromiso con los Objetivos de Desarrollo Sostenible, especialmente el objetivo 10 \u2013 reducir las desigualdades \u2013 y el 16 \u2013 promover sociedades pac\u00edficas e inclusivas para el desarrollo \u2013, ya que el braille y el dise\u00f1o universal ayudan a garantizar que todas las personas, independientemente de sus habilidades, puedan participar plenamente en la vida social, cultural y profesional.<\/p>\n<p style=\"font-weight: 400;\">La construcci\u00f3n de un entorno social m\u00e1s inclusivo y accesible para todos es una necesidad creciente en la contemporaneidad. Este objetivo est\u00e1 intr\u00ednsecamente ligado al concepto de dise\u00f1o universal y a su principio de uso equitativo, que consiste en crear espacios, productos y servicios que sean utilizables universalmente, sin necesidad de adaptaciones especiales. Esta situaci\u00f3n resalt\u00f3 la urgencia de repensar el dise\u00f1o arquitect\u00f3nico para garantizar accesibilidad a todos los individuos, como defendi\u00f3 Ronald Mace, el creador del Dise\u00f1o Universal.<\/p>\n<p style=\"font-weight: 400;\">A principios de los a\u00f1os 90, el mencionado arquitecto estadounidense reuni\u00f3 un equipo multidisciplinario con el fin de generar los principios del dise\u00f1o universal, defendiendo la creaci\u00f3n de espacios que se acomoden a las necesidades y capacidades de todos, sin recurrir al segregacionismo, desde ni\u00f1os peque\u00f1os hasta adultos mayores y personas con discapacidades permanentes o temporales.<\/p>\n<p style=\"font-weight: 400;\">Al privilegiar la accesibilidad y la inclusi\u00f3n en el proceso de dise\u00f1o, la propuesta de Mace elimina barreras y trasciende los l\u00edmites tradicionales de la arquitectura y el dise\u00f1o de interiores, abarcando varias disciplinas, incluyendo urbanismo, dise\u00f1o de producto, dise\u00f1o digital y dise\u00f1o gr\u00e1fico.<\/p>\n<p style=\"font-weight: 400;\"><strong>\u00bfLas ventajas de esta conexi\u00f3n constituyen s\u00f3lo un nicho de mercado?<\/strong><\/p>\n<p style=\"font-weight: 400;\">En este art\u00edculo se propone una alianza entre ambos conceptos porque pueden ofrecer proyectos dise\u00f1ados seg\u00fan la equidad, intuici\u00f3n, flexibilidad y percepci\u00f3n, sin restringir su uso a individuos con discapacidades y deficiencias visuales. Esta noci\u00f3n surgi\u00f3 en la mente del ingeniero Seiichi Miyake(1) en 1965 y m\u00e1s recientemente con el joven dise\u00f1ador Kosuke Takahashi (2).<\/p>\n<p style=\"font-weight: 400;\">El primero invent\u00f3 pavimentos t\u00e1ctiles con la funci\u00f3n de alertar o orientar a los peatones sobre la proximidad de desniveles o pasos de cebra, a trav\u00e9s de un piso con puntos de alerta. Adem\u00e1s de crear un piso direccional, cuyo objetivo era orientar el sentido de marcha del peat\u00f3n mediante un piso estriado con la finalidad de garantizar la movilidad y la seguridad de las personas con discapacidad visual y cognitiva, as\u00ed como de las personas distra\u00eddas. Takahashi cre\u00f3 en 2017 una fuente tipogr\u00e1fica llamada Braille Neue, que combina caracteres en braille con letras convencionales, permitiendo que tanto personas ciegas como personas con visi\u00f3n normal, comprendan la misma informaci\u00f3n, haciendo los espacios p\u00fablicos m\u00e1s inclusivos.<\/p>\n<p style=\"font-weight: 400;\">Por lo tanto, es leg\u00edtimo declarar que la relaci\u00f3n entre el braille y el dise\u00f1o universal puede observarse en diversos puntos clave, basados en los principios del Dise\u00f1o Universal:<\/p>\n<ul style=\"font-weight: 400;\">\n<li><strong>Uso equitativo<\/strong>: el dise\u00f1o universal promueve soluciones que atienden a una diversidad de capacidades, y el braille es una herramienta esencial para garantizar el acceso a la lectura y la informaci\u00f3n para personas con problemas visuales y para los normovisuales, como en la fuente Braille Neue.<\/li>\n<li><strong>Uso perceptible<\/strong>: un principio fundamental del dise\u00f1o universal es que la informaci\u00f3n debe ser accesible para todos, sin excluir a nadie. El braille es un ejemplo de c\u00f3mo la informaci\u00f3n escrita puede traducirse a un formato t\u00e1ctil, permitiendo que las personas con discapacidad visual accedan a contenidos de forma independiente y que las dem\u00e1s personas puedan ser educadas sobre la experiencia de aquellas.<\/li>\n<li><strong>Uso flexible<\/strong>: el dise\u00f1o universal propone que los ambientes y productos acomoden una amplia gama de habilidades y preferencias. El braille es una de esas adaptaciones flexibles, que puede complementarse con otras tecnolog\u00edas asistidas, como la lectura en formato de audio y dispositivos de navegaci\u00f3n por GPS, para hacer la accesibilidad a\u00fan m\u00e1s amplia.<\/li>\n<\/ul>\n<p style=\"font-weight: 400;\"><strong>El legado del braille y del dise\u00f1o en la construcci\u00f3n de un futuro inclusivo<\/strong><\/p>\n<p style=\"font-weight: 400;\">La accesibilidad y la inclusi\u00f3n se alinean con el braille y el dise\u00f1o universal porque son coherentes con documentos, como la Convenci\u00f3n de las Naciones Unidas sobre los Derechos de las Personas con Discapacidad y los Objetivos de Desarrollo Sostenible, ya que ambos refuerzan la necesidad de crear un entorno inclusivo y sostenible para todos.<\/p>\n<p style=\"font-weight: 400;\">Se concluye que el braille no es solo un c\u00f3digo, sino una ventana de oportunidades para la invenci\u00f3n de soluciones, la alfabetizaci\u00f3n y la autonom\u00eda de sus usuarios, porque permite a las personas ciegas o, con baja visi\u00f3n, acceder a la educaci\u00f3n, empleos y situaciones socioculturales que, de otro modo, estar\u00edan fuera de su alcance. La interconexi\u00f3n entre ambos \u2013 dise\u00f1o universal y braille \u2013 da lugar a m\u00e1s pasos para que la sociedad en su conjunto sea m\u00e1s justa, democr\u00e1tica, humanista e igualitaria.<\/p>\n<p style=\"font-weight: 400;\">(1)\u00a0<a href=\"https:\/\/www.youtube.com\/watch?v=HKZGBHWZRUc\" data-saferedirecturl=\"https:\/\/www.google.com\/url?q=https:\/\/www.youtube.com\/watch?v%3DHKZGBHWZRUc&amp;source=gmail&amp;ust=1738237246898000&amp;usg=AOvVaw38KAdPkcGAceUOsWwpTh0z\">https:\/\/www.youtube.com\/watch?v=HKZGBHWZRUc<\/a><\/p>\n<p style=\"font-weight: 400;\">(2)\u00a0<a href=\"https:\/\/www.youtube.com\/watch?v=CpIRmDHDN2w\" data-saferedirecturl=\"https:\/\/www.google.com\/url?q=https:\/\/www.youtube.com\/watch?v%3DCpIRmDHDN2w&amp;source=gmail&amp;ust=1738237246898000&amp;usg=AOvVaw1RpEzY3RtqCsb1c_gOeM9X\">https:\/\/www.youtube.com\/watch?v=CpIRmDHDN2w<\/a><\/p>\n","protected":false},"excerpt":{"rendered":"<p>Vivimos en una sociedad que, aunque cada vez m\u00e1s globalizada e interconectada, todav\u00eda presenta innumerables obst\u00e1culos para muchas personas. Entre las herramientas m\u00e1s eficaces para construir una sociedad verdaderamente inclusiva se encuentran el braille y el dise\u00f1o universal. El braille&hellip;<\/p>\n","protected":false},"author":2403,"featured_media":2579869,"comment_status":"closed","ping_status":"closed","sticky":false,"template":"","format":"standard","meta":{"footnotes":""},"categories":[11389,79,66,161],"tags":[104077,131945,131942,9444,30100],"class_list":["post-2579864","post","type-post","status-publish","format-standard","has-post-thumbnail","hentry","category-contenido-original","category-derechos-humanos","category-europa-es","category-opiniones","tag-braille-es","tag-dia-mundial-del-braille","tag-diseno-universal","tag-inclusion","tag-inclusion-social"],"yoast_head":"<!-- This site is optimized with the Yoast SEO plugin v27.1.1 - https:\/\/yoast.com\/product\/yoast-seo-wordpress\/ -->\n<title>Inclusi\u00f3n a trav\u00e9s del dise\u00f1o universal y el braille: herramientas para un mundo sin barreras<\/title>\n<meta name=\"description\" content=\"Vivimos en una sociedad que, aunque cada vez m\u00e1s globalizada e interconectada, todav\u00eda presenta innumerables obst\u00e1culos para muchas personas. Entre las herramientas m\u00e1s eficaces para construir una sociedad verdaderamente inclusiva se encuentran el braille y el dise\u00f1o universal.\" \/>\n<meta name=\"robots\" content=\"index, follow, max-snippet:-1, max-image-preview:large, max-video-preview:-1\" \/>\n<link rel=\"canonical\" href=\"https:\/\/www.pressenza.com\/es\/2025\/01\/inclusion-a-traves-del-diseno-universal-y-el-braille-herramientas-para-un-mundo-sin-barreras\/\" \/>\n<meta property=\"og:locale\" content=\"es_ES\" \/>\n<meta property=\"og:type\" content=\"article\" \/>\n<meta property=\"og:title\" content=\"Inclusi\u00f3n a trav\u00e9s del dise\u00f1o universal y el braille: herramientas para un mundo sin barreras\" \/>\n<meta property=\"og:description\" content=\"Vivimos en una sociedad que, aunque cada vez m\u00e1s globalizada e interconectada, todav\u00eda presenta innumerables obst\u00e1culos para muchas personas. Entre las herramientas m\u00e1s eficaces para construir una sociedad verdaderamente inclusiva se encuentran el braille y el dise\u00f1o universal.\" \/>\n<meta property=\"og:url\" content=\"https:\/\/www.pressenza.com\/es\/2025\/01\/inclusion-a-traves-del-diseno-universal-y-el-braille-herramientas-para-un-mundo-sin-barreras\/\" \/>\n<meta property=\"og:site_name\" content=\"Pressenza\" \/>\n<meta property=\"article:publisher\" content=\"https:\/\/www.facebook.com\/PressenzaItalia\" \/>\n<meta property=\"article:published_time\" content=\"2025-01-29T16:31:29+00:00\" \/>\n<meta property=\"article:modified_time\" content=\"2025-01-29T16:40:06+00:00\" \/>\n<meta property=\"og:image\" content=\"https:\/\/www.pressenza.com\/wp-content\/uploads\/2025\/01\/braille-7326486_1280.jpg\" \/>\n\t<meta property=\"og:image:width\" content=\"1280\" \/>\n\t<meta property=\"og:image:height\" content=\"720\" \/>\n\t<meta property=\"og:image:type\" content=\"image\/jpeg\" \/>\n<meta name=\"author\" content=\"H\u00e9lia Saraiva\" \/>\n<meta name=\"twitter:card\" content=\"summary_large_image\" \/>\n<meta name=\"twitter:creator\" content=\"@PressenzaIPA\" \/>\n<meta name=\"twitter:site\" content=\"@PressenzaIPA\" \/>\n<meta name=\"twitter:label1\" content=\"Escrito por\" \/>\n\t<meta name=\"twitter:data1\" content=\"H\u00e9lia Saraiva\" \/>\n\t<meta name=\"twitter:label2\" content=\"Tiempo de lectura\" \/>\n\t<meta name=\"twitter:data2\" content=\"5 minutos\" \/>\n<script type=\"application\/ld+json\" class=\"yoast-schema-graph\">{\"@context\":\"https:\/\/schema.org\",\"@graph\":[{\"@type\":\"Article\",\"@id\":\"https:\/\/www.pressenza.com\/es\/2025\/01\/inclusion-a-traves-del-diseno-universal-y-el-braille-herramientas-para-un-mundo-sin-barreras\/#article\",\"isPartOf\":{\"@id\":\"https:\/\/www.pressenza.com\/es\/2025\/01\/inclusion-a-traves-del-diseno-universal-y-el-braille-herramientas-para-un-mundo-sin-barreras\/\"},\"author\":{\"name\":\"H\u00e9lia Saraiva\",\"@id\":\"https:\/\/www.pressenza.com\/es\/#\/schema\/person\/d25afda384f4c05059624172c50e49c5\"},\"headline\":\"Inclusi\u00f3n a trav\u00e9s del dise\u00f1o universal y el braille: herramientas para un mundo sin barreras\",\"datePublished\":\"2025-01-29T16:31:29+00:00\",\"dateModified\":\"2025-01-29T16:40:06+00:00\",\"mainEntityOfPage\":{\"@id\":\"https:\/\/www.pressenza.com\/es\/2025\/01\/inclusion-a-traves-del-diseno-universal-y-el-braille-herramientas-para-un-mundo-sin-barreras\/\"},\"wordCount\":1039,\"publisher\":{\"@id\":\"https:\/\/www.pressenza.com\/es\/#organization\"},\"image\":{\"@id\":\"https:\/\/www.pressenza.com\/es\/2025\/01\/inclusion-a-traves-del-diseno-universal-y-el-braille-herramientas-para-un-mundo-sin-barreras\/#primaryimage\"},\"thumbnailUrl\":\"https:\/\/www.pressenza.com\/wp-content\/uploads\/2025\/01\/braille-7326486_1280.jpg\",\"keywords\":[\"braille\",\"D\u00eda Mundial del Braille\",\"Dise\u00f1o Universal\",\"Inclusi\u00f3n\",\"inclusi\u00f3n social\"],\"articleSection\":[\"Contenido Original\",\"Derechos Humanos\",\"Europa\",\"Opiniones\"],\"inLanguage\":\"es\"},{\"@type\":\"WebPage\",\"@id\":\"https:\/\/www.pressenza.com\/es\/2025\/01\/inclusion-a-traves-del-diseno-universal-y-el-braille-herramientas-para-un-mundo-sin-barreras\/\",\"url\":\"https:\/\/www.pressenza.com\/es\/2025\/01\/inclusion-a-traves-del-diseno-universal-y-el-braille-herramientas-para-un-mundo-sin-barreras\/\",\"name\":\"Inclusi\u00f3n a trav\u00e9s del dise\u00f1o universal y el braille: herramientas para un mundo sin barreras\",\"isPartOf\":{\"@id\":\"https:\/\/www.pressenza.com\/es\/#website\"},\"primaryImageOfPage\":{\"@id\":\"https:\/\/www.pressenza.com\/es\/2025\/01\/inclusion-a-traves-del-diseno-universal-y-el-braille-herramientas-para-un-mundo-sin-barreras\/#primaryimage\"},\"image\":{\"@id\":\"https:\/\/www.pressenza.com\/es\/2025\/01\/inclusion-a-traves-del-diseno-universal-y-el-braille-herramientas-para-un-mundo-sin-barreras\/#primaryimage\"},\"thumbnailUrl\":\"https:\/\/www.pressenza.com\/wp-content\/uploads\/2025\/01\/braille-7326486_1280.jpg\",\"datePublished\":\"2025-01-29T16:31:29+00:00\",\"dateModified\":\"2025-01-29T16:40:06+00:00\",\"description\":\"Vivimos en una sociedad que, aunque cada vez m\u00e1s globalizada e interconectada, todav\u00eda presenta innumerables obst\u00e1culos para muchas personas. Entre las herramientas m\u00e1s eficaces para construir una sociedad verdaderamente inclusiva se encuentran el braille y el dise\u00f1o universal.\",\"breadcrumb\":{\"@id\":\"https:\/\/www.pressenza.com\/es\/2025\/01\/inclusion-a-traves-del-diseno-universal-y-el-braille-herramientas-para-un-mundo-sin-barreras\/#breadcrumb\"},\"inLanguage\":\"es\",\"potentialAction\":[{\"@type\":\"ReadAction\",\"target\":[\"https:\/\/www.pressenza.com\/es\/2025\/01\/inclusion-a-traves-del-diseno-universal-y-el-braille-herramientas-para-un-mundo-sin-barreras\/\"]}]},{\"@type\":\"ImageObject\",\"inLanguage\":\"es\",\"@id\":\"https:\/\/www.pressenza.com\/es\/2025\/01\/inclusion-a-traves-del-diseno-universal-y-el-braille-herramientas-para-un-mundo-sin-barreras\/#primaryimage\",\"url\":\"https:\/\/www.pressenza.com\/wp-content\/uploads\/2025\/01\/braille-7326486_1280.jpg\",\"contentUrl\":\"https:\/\/www.pressenza.com\/wp-content\/uploads\/2025\/01\/braille-7326486_1280.jpg\",\"width\":1280,\"height\":720},{\"@type\":\"BreadcrumbList\",\"@id\":\"https:\/\/www.pressenza.com\/es\/2025\/01\/inclusion-a-traves-del-diseno-universal-y-el-braille-herramientas-para-un-mundo-sin-barreras\/#breadcrumb\",\"itemListElement\":[{\"@type\":\"ListItem\",\"position\":1,\"name\":\"Accueil\",\"item\":\"https:\/\/www.pressenza.com\/es\/\"},{\"@type\":\"ListItem\",\"position\":2,\"name\":\"Inclusi\u00f3n a trav\u00e9s del dise\u00f1o universal y el braille: herramientas para un mundo sin barreras\"}]},{\"@type\":\"WebSite\",\"@id\":\"https:\/\/www.pressenza.com\/es\/#website\",\"url\":\"https:\/\/www.pressenza.com\/es\/\",\"name\":\"Pressenza\",\"description\":\"International Press Agency\",\"publisher\":{\"@id\":\"https:\/\/www.pressenza.com\/es\/#organization\"},\"potentialAction\":[{\"@type\":\"SearchAction\",\"target\":{\"@type\":\"EntryPoint\",\"urlTemplate\":\"https:\/\/www.pressenza.com\/es\/?s={search_term_string}\"},\"query-input\":{\"@type\":\"PropertyValueSpecification\",\"valueRequired\":true,\"valueName\":\"search_term_string\"}}],\"inLanguage\":\"es\"},{\"@type\":\"Organization\",\"@id\":\"https:\/\/www.pressenza.com\/es\/#organization\",\"name\":\"Pressenza\",\"url\":\"https:\/\/www.pressenza.com\/es\/\",\"logo\":{\"@type\":\"ImageObject\",\"inLanguage\":\"es\",\"@id\":\"https:\/\/www.pressenza.com\/es\/#\/schema\/logo\/image\/\",\"url\":\"https:\/\/www.pressenza.com\/wp-content\/uploads\/2022\/10\/pressenza_logo_200x200.jpg\",\"contentUrl\":\"https:\/\/www.pressenza.com\/wp-content\/uploads\/2022\/10\/pressenza_logo_200x200.jpg\",\"width\":200,\"height\":200,\"caption\":\"Pressenza\"},\"image\":{\"@id\":\"https:\/\/www.pressenza.com\/es\/#\/schema\/logo\/image\/\"},\"sameAs\":[\"https:\/\/www.facebook.com\/PressenzaItalia\",\"https:\/\/x.com\/PressenzaIPA\"]},{\"@type\":\"Person\",\"@id\":\"https:\/\/www.pressenza.com\/es\/#\/schema\/person\/d25afda384f4c05059624172c50e49c5\",\"name\":\"H\u00e9lia Saraiva\",\"url\":\"https:\/\/www.pressenza.com\/es\/author\/helia-saraiva\/\"}]}<\/script>\n<!-- \/ Yoast SEO plugin. -->","yoast_head_json":{"title":"Inclusi\u00f3n a trav\u00e9s del dise\u00f1o universal y el braille: herramientas para un mundo sin barreras","description":"Vivimos en una sociedad que, aunque cada vez m\u00e1s globalizada e interconectada, todav\u00eda presenta innumerables obst\u00e1culos para muchas personas. Entre las herramientas m\u00e1s eficaces para construir una sociedad verdaderamente inclusiva se encuentran el braille y el dise\u00f1o universal.","robots":{"index":"index","follow":"follow","max-snippet":"max-snippet:-1","max-image-preview":"max-image-preview:large","max-video-preview":"max-video-preview:-1"},"canonical":"https:\/\/www.pressenza.com\/es\/2025\/01\/inclusion-a-traves-del-diseno-universal-y-el-braille-herramientas-para-un-mundo-sin-barreras\/","og_locale":"es_ES","og_type":"article","og_title":"Inclusi\u00f3n a trav\u00e9s del dise\u00f1o universal y el braille: herramientas para un mundo sin barreras","og_description":"Vivimos en una sociedad que, aunque cada vez m\u00e1s globalizada e interconectada, todav\u00eda presenta innumerables obst\u00e1culos para muchas personas. Entre las herramientas m\u00e1s eficaces para construir una sociedad verdaderamente inclusiva se encuentran el braille y el dise\u00f1o universal.","og_url":"https:\/\/www.pressenza.com\/es\/2025\/01\/inclusion-a-traves-del-diseno-universal-y-el-braille-herramientas-para-un-mundo-sin-barreras\/","og_site_name":"Pressenza","article_publisher":"https:\/\/www.facebook.com\/PressenzaItalia","article_published_time":"2025-01-29T16:31:29+00:00","article_modified_time":"2025-01-29T16:40:06+00:00","og_image":[{"width":1280,"height":720,"url":"https:\/\/www.pressenza.com\/wp-content\/uploads\/2025\/01\/braille-7326486_1280.jpg","type":"image\/jpeg"}],"author":"H\u00e9lia Saraiva","twitter_card":"summary_large_image","twitter_creator":"@PressenzaIPA","twitter_site":"@PressenzaIPA","twitter_misc":{"Escrito por":"H\u00e9lia Saraiva","Tiempo de lectura":"5 minutos"},"schema":{"@context":"https:\/\/schema.org","@graph":[{"@type":"Article","@id":"https:\/\/www.pressenza.com\/es\/2025\/01\/inclusion-a-traves-del-diseno-universal-y-el-braille-herramientas-para-un-mundo-sin-barreras\/#article","isPartOf":{"@id":"https:\/\/www.pressenza.com\/es\/2025\/01\/inclusion-a-traves-del-diseno-universal-y-el-braille-herramientas-para-un-mundo-sin-barreras\/"},"author":{"name":"H\u00e9lia Saraiva","@id":"https:\/\/www.pressenza.com\/es\/#\/schema\/person\/d25afda384f4c05059624172c50e49c5"},"headline":"Inclusi\u00f3n a trav\u00e9s del dise\u00f1o universal y el braille: herramientas para un mundo sin barreras","datePublished":"2025-01-29T16:31:29+00:00","dateModified":"2025-01-29T16:40:06+00:00","mainEntityOfPage":{"@id":"https:\/\/www.pressenza.com\/es\/2025\/01\/inclusion-a-traves-del-diseno-universal-y-el-braille-herramientas-para-un-mundo-sin-barreras\/"},"wordCount":1039,"publisher":{"@id":"https:\/\/www.pressenza.com\/es\/#organization"},"image":{"@id":"https:\/\/www.pressenza.com\/es\/2025\/01\/inclusion-a-traves-del-diseno-universal-y-el-braille-herramientas-para-un-mundo-sin-barreras\/#primaryimage"},"thumbnailUrl":"https:\/\/www.pressenza.com\/wp-content\/uploads\/2025\/01\/braille-7326486_1280.jpg","keywords":["braille","D\u00eda Mundial del Braille","Dise\u00f1o Universal","Inclusi\u00f3n","inclusi\u00f3n social"],"articleSection":["Contenido Original","Derechos Humanos","Europa","Opiniones"],"inLanguage":"es"},{"@type":"WebPage","@id":"https:\/\/www.pressenza.com\/es\/2025\/01\/inclusion-a-traves-del-diseno-universal-y-el-braille-herramientas-para-un-mundo-sin-barreras\/","url":"https:\/\/www.pressenza.com\/es\/2025\/01\/inclusion-a-traves-del-diseno-universal-y-el-braille-herramientas-para-un-mundo-sin-barreras\/","name":"Inclusi\u00f3n a trav\u00e9s del dise\u00f1o universal y el braille: herramientas para un mundo sin barreras","isPartOf":{"@id":"https:\/\/www.pressenza.com\/es\/#website"},"primaryImageOfPage":{"@id":"https:\/\/www.pressenza.com\/es\/2025\/01\/inclusion-a-traves-del-diseno-universal-y-el-braille-herramientas-para-un-mundo-sin-barreras\/#primaryimage"},"image":{"@id":"https:\/\/www.pressenza.com\/es\/2025\/01\/inclusion-a-traves-del-diseno-universal-y-el-braille-herramientas-para-un-mundo-sin-barreras\/#primaryimage"},"thumbnailUrl":"https:\/\/www.pressenza.com\/wp-content\/uploads\/2025\/01\/braille-7326486_1280.jpg","datePublished":"2025-01-29T16:31:29+00:00","dateModified":"2025-01-29T16:40:06+00:00","description":"Vivimos en una sociedad que, aunque cada vez m\u00e1s globalizada e interconectada, todav\u00eda presenta innumerables obst\u00e1culos para muchas personas. Entre las herramientas m\u00e1s eficaces para construir una sociedad verdaderamente inclusiva se encuentran el braille y el dise\u00f1o universal.","breadcrumb":{"@id":"https:\/\/www.pressenza.com\/es\/2025\/01\/inclusion-a-traves-del-diseno-universal-y-el-braille-herramientas-para-un-mundo-sin-barreras\/#breadcrumb"},"inLanguage":"es","potentialAction":[{"@type":"ReadAction","target":["https:\/\/www.pressenza.com\/es\/2025\/01\/inclusion-a-traves-del-diseno-universal-y-el-braille-herramientas-para-un-mundo-sin-barreras\/"]}]},{"@type":"ImageObject","inLanguage":"es","@id":"https:\/\/www.pressenza.com\/es\/2025\/01\/inclusion-a-traves-del-diseno-universal-y-el-braille-herramientas-para-un-mundo-sin-barreras\/#primaryimage","url":"https:\/\/www.pressenza.com\/wp-content\/uploads\/2025\/01\/braille-7326486_1280.jpg","contentUrl":"https:\/\/www.pressenza.com\/wp-content\/uploads\/2025\/01\/braille-7326486_1280.jpg","width":1280,"height":720},{"@type":"BreadcrumbList","@id":"https:\/\/www.pressenza.com\/es\/2025\/01\/inclusion-a-traves-del-diseno-universal-y-el-braille-herramientas-para-un-mundo-sin-barreras\/#breadcrumb","itemListElement":[{"@type":"ListItem","position":1,"name":"Accueil","item":"https:\/\/www.pressenza.com\/es\/"},{"@type":"ListItem","position":2,"name":"Inclusi\u00f3n a trav\u00e9s del dise\u00f1o universal y el braille: herramientas para un mundo sin barreras"}]},{"@type":"WebSite","@id":"https:\/\/www.pressenza.com\/es\/#website","url":"https:\/\/www.pressenza.com\/es\/","name":"Pressenza","description":"International Press Agency","publisher":{"@id":"https:\/\/www.pressenza.com\/es\/#organization"},"potentialAction":[{"@type":"SearchAction","target":{"@type":"EntryPoint","urlTemplate":"https:\/\/www.pressenza.com\/es\/?s={search_term_string}"},"query-input":{"@type":"PropertyValueSpecification","valueRequired":true,"valueName":"search_term_string"}}],"inLanguage":"es"},{"@type":"Organization","@id":"https:\/\/www.pressenza.com\/es\/#organization","name":"Pressenza","url":"https:\/\/www.pressenza.com\/es\/","logo":{"@type":"ImageObject","inLanguage":"es","@id":"https:\/\/www.pressenza.com\/es\/#\/schema\/logo\/image\/","url":"https:\/\/www.pressenza.com\/wp-content\/uploads\/2022\/10\/pressenza_logo_200x200.jpg","contentUrl":"https:\/\/www.pressenza.com\/wp-content\/uploads\/2022\/10\/pressenza_logo_200x200.jpg","width":200,"height":200,"caption":"Pressenza"},"image":{"@id":"https:\/\/www.pressenza.com\/es\/#\/schema\/logo\/image\/"},"sameAs":["https:\/\/www.facebook.com\/PressenzaItalia","https:\/\/x.com\/PressenzaIPA"]},{"@type":"Person","@id":"https:\/\/www.pressenza.com\/es\/#\/schema\/person\/d25afda384f4c05059624172c50e49c5","name":"H\u00e9lia Saraiva","url":"https:\/\/www.pressenza.com\/es\/author\/helia-saraiva\/"}]}},"place":"","original_article_url":"","_links":{"self":[{"href":"https:\/\/www.pressenza.com\/es\/wp-json\/wp\/v2\/posts\/2579864","targetHints":{"allow":["GET"]}}],"collection":[{"href":"https:\/\/www.pressenza.com\/es\/wp-json\/wp\/v2\/posts"}],"about":[{"href":"https:\/\/www.pressenza.com\/es\/wp-json\/wp\/v2\/types\/post"}],"author":[{"embeddable":true,"href":"https:\/\/www.pressenza.com\/es\/wp-json\/wp\/v2\/users\/2403"}],"replies":[{"embeddable":true,"href":"https:\/\/www.pressenza.com\/es\/wp-json\/wp\/v2\/comments?post=2579864"}],"version-history":[{"count":0,"href":"https:\/\/www.pressenza.com\/es\/wp-json\/wp\/v2\/posts\/2579864\/revisions"}],"wp:featuredmedia":[{"embeddable":true,"href":"https:\/\/www.pressenza.com\/es\/wp-json\/wp\/v2\/media\/2579869"}],"wp:attachment":[{"href":"https:\/\/www.pressenza.com\/es\/wp-json\/wp\/v2\/media?parent=2579864"}],"wp:term":[{"taxonomy":"category","embeddable":true,"href":"https:\/\/www.pressenza.com\/es\/wp-json\/wp\/v2\/categories?post=2579864"},{"taxonomy":"post_tag","embeddable":true,"href":"https:\/\/www.pressenza.com\/es\/wp-json\/wp\/v2\/tags?post=2579864"}],"curies":[{"name":"wp","href":"https:\/\/api.w.org\/{rel}","templated":true}]}}