{"id":2579014,"date":"2025-01-25T20:47:37","date_gmt":"2025-01-25T20:47:37","guid":{"rendered":"https:\/\/www.pressenza.com\/?p=2579014"},"modified":"2025-01-25T20:47:37","modified_gmt":"2025-01-25T20:47:37","slug":"comunicado-urgente-al-gobierno-de-milei","status":"publish","type":"post","link":"https:\/\/www.pressenza.com\/es\/2025\/01\/comunicado-urgente-al-gobierno-de-milei\/","title":{"rendered":"Comunicado urgente al Gobierno de Milei"},"content":{"rendered":"<p>El pasado jueves 23 de enero de 2025, en directo en el Canal Indio Coria We\u00f1un Mapu Meu \u201cVolver a la Tierra\u201d de Argentina, la Comisi\u00f3n de los Pueblos Originarios y Afrodescendientes CONVISA 20 SIC SAL, leyeron un comunicado urgente dirigido al Gobierno de Milei y a la solidaridad con los pueblos originarios de Argentina.<\/p>\n<p>En el programa radiado y despu\u00e9s subido <a href=\"https:\/\/www.youtube.com\/live\/67lfeFS_aUg\">al canal youtube<\/a>, estuvo presente <a href=\"https:\/\/www.pressenza.com\/es\/2024\/05\/felix-diaz-un-lider-en-defensa-de-los-pueblos-originarios\/\">F\u00e9lix D\u00edaz<\/a>, l\u00edder ind\u00edgena del Pueblo Qom de Formosa y Presidente elegido del Consejo Consultivo de los Pueblos Ind\u00edgenas de Argentina, donde junto con el presentador Mario, pusieron en evidencia la violaci\u00f3n de los derechos humanos a pesar de considerarse ciudadanos argentinos.<\/p>\n<p>Esta violaci\u00f3n continuada, no s\u00f3lo debe ser de inmediato paralizada por el gobierno, sino que adem\u00e1s los ciudadanos argentinos deben ser los primeros que exijan a su gobierno, el cese al acoso de unos pueblos que antes de la creaci\u00f3n de la naci\u00f3n argentina, ya estaban all\u00ed, con su cultura, sabidur\u00eda y respeto a la naturaleza. Tambi\u00e9n es una llamada a las Asociaciones de abogados para que ayuden a estos pueblos originarios de forma gratuita en los largos procesos judiciales en los que el gobierno tanto nacional, provincial o municipal, violan sus derechos no s\u00f3lo las leyes establecidas de su protecci\u00f3n, sino tambi\u00e9n violaci\u00f3n de la Constituci\u00f3n argentina y de declaraciones internacionales en defensa de los pueblos ind\u00edgenas.<\/p>\n<p>La justicia argentina no puede ni debe cerrar los ojos ante lo que se puede calificar de un total abandono y exterminio de pueblos a los que se les niega el agua, tener una educaci\u00f3n digna respetando su cultura y sus lenguas, la posibilidad de que sus j\u00f3venes puedan abrirse camino en las distintas profesiones elegidas con dignidad y con orgullo de su procedencia y como ciudadanos argentinos con todos los derechos adquiridos.<\/p>\n<div id=\"attachment_2579018\" class=\"wp-caption alignnone\"><img loading=\"lazy\" decoding=\"async\" aria-describedby=\"caption-attachment-2579018\" class=\"wp-image-2579018\" src=\"https:\/\/www.pressenza.com\/wp-content\/uploads\/2025\/01\/Pagina-82-300x255.jpg\" alt=\"\" width=\"716\" height=\"609\" srcset=\"https:\/\/www.pressenza.com\/wp-content\/uploads\/2025\/01\/Pagina-82-300x255.jpg 300w, https:\/\/www.pressenza.com\/wp-content\/uploads\/2025\/01\/Pagina-82.jpg 720w\" sizes=\"auto, (max-width: 716px) 100vw, 716px\" \/><p id=\"caption-attachment-2579018\" class=\"wp-caption-text\">L\u00edder ind\u00edgena F\u00e9lix Diaz junto a un hermano.<\/p><\/div>\n<p>F\u00e9lix D\u00edaz, en la entrevista dec\u00eda: \u201cEstamos muy mal. Estamos mendigando agua, comida, salud. Se violan nuestros derechos como ciudadanos. En Argentina, desde su independencia, ha existido una clara campa\u00f1a para exterminar a las tribus ind\u00edgenas. Comenzaron en el sur para despu\u00e9s extenderse al norte. Nosotros no somos propiedad del Estado. Los gobiernos sucesivos lo que han hecho es dividirnos entre nosotros para de esa forma debilitarnos. Nosotros no somos pol\u00edticos, solo queremos el respeto a nuestras comunidades\u201d..\/..\u201dEs preocupante nuestra situaci\u00f3n. No somos empresarios, ni ganaderos\u2026somos una naci\u00f3n que cuida de la naturaleza y nuestra relaci\u00f3n con ella no s\u00f3lo es espiritual. Tanto los poderes ejecutivos, legislativos y judiciales, nos han abandonado. Existe una falta de voluntad pol\u00edtica hacia nosotros, una inseguridad jur\u00eddica de nuestros territorios. No podemos tener acceso a los recursos tan elementales como el agua. No tenemos d\u00f3nde acudir. Formosa es una provincia que est\u00e1 gobernada por una persona que odia a los pueblos ind\u00edgenas\u201d<\/p>\n<p>Estas palabras estremecedoras deben quedar impresas en la memoria de los argentinos, en las sedes judiciales, en las sedes de los partidos pol\u00edticos. La responsabilidad de lo que ocurre, no solo es de los pol\u00edticos, sino de todas las personas e instituciones argentinas que miran hacia otro lado y permiten que una parte de sus ciudadanos, sean olvidados y despreciados. Es indigno que en algunas comunidades sus ni\u00f1os tengan que estudiar bajo un techo de madera a la intemperie. Es indigno que el organismo encargado de asuntos ind\u00edgenas, siga ciego ante tantas injusticias. Es deprimente observar que en siglo XXI no se haya avanzado en el respeto y la dignidad de culturas milenarias a\u00fan existentes como en Argentina.<\/p>\n<p>Espero que de tantas Asociaciones de abogados existentes en Argentina en la defensa animal y de los muchos logros que se est\u00e1n llevando a cabo en ese terreno de respeto a los seres no humanos, nazca tambi\u00e9n Asociaciones de abogados que defiendan de forma gratuita y les asesore, a los pueblos ind\u00edgenas que piden \u00a1justicia!, que les ayuden a formular las reclamaciones judiciales pertinentes de sus derechos y que tengan acceso a su defensa gratuita ante los tribunales de justicia.<\/p>\n<div id=\"attachment_2579019\" class=\"wp-caption aligncenter\"><img loading=\"lazy\" decoding=\"async\" aria-describedby=\"caption-attachment-2579019\" class=\"wp-image-2579019\" src=\"https:\/\/www.pressenza.com\/wp-content\/uploads\/2025\/01\/IMG-20241125-WA0020-225x300.jpg\" alt=\"\" width=\"570\" height=\"760\" srcset=\"https:\/\/www.pressenza.com\/wp-content\/uploads\/2025\/01\/IMG-20241125-WA0020-225x300.jpg 225w, https:\/\/www.pressenza.com\/wp-content\/uploads\/2025\/01\/IMG-20241125-WA0020-768x1024.jpg 768w, https:\/\/www.pressenza.com\/wp-content\/uploads\/2025\/01\/IMG-20241125-WA0020.jpg 1200w\" sizes=\"auto, (max-width: 570px) 100vw, 570px\" \/><p id=\"caption-attachment-2579019\" class=\"wp-caption-text\">Imagen de F\u00e9lix D\u00edaz, Presidente del Consejo Consultivo de los Pueblos Ind\u00edgenas de Argentina<\/p><\/div>\n<p style=\"text-align: center;\"><strong>\u00a0<\/strong><strong>\u00a0<\/strong><\/p>\n<p style=\"text-align: center;\"><strong>COMISI\u00d3N PUEBLOS ORIGINARIOS Y AFRODESCENDIENTES<\/strong><\/p>\n<p style=\"text-align: center;\"><strong>CONVIDA 20 SICSAL<\/strong><\/p>\n<p style=\"text-align: center;\"><strong>Llamado Urgente al Gobierno de Milei y a la solidaridad con los pueblos originarios de Argentina <\/strong><\/p>\n<p>&nbsp;<\/p>\n<p>No podemos callar frente a la injusticia en la que sobreviven por centurias, los pueblos originarios en Argentina. Pero hay un hecho sin precedentes, el 12 de noviembre de 2024, el presidente Milei vot\u00f3 en contra de la resoluci\u00f3n de la ONU que protege los derechos de los pueblos originarios. Esto es una verg\u00fcenza mundial, pues la representaci\u00f3n del Gobierno de Argentina fue la \u00fanica -entre todos los pa\u00edses integrantes de las Naciones Unidas- que en una sobreactuaci\u00f3n de xenofobia y colonialismo rechaz\u00f3 un documento ampliamente consensuado que busca reconocer tanto los derechos de los pueblos ind\u00edgenas a nivel mundial como el consentimiento libre, previo e informado que es una garant\u00eda frente las decisiones gubernamentales que afectan sus sagrados territorios y recursos naturales, esta decisi\u00f3n gubernamental afecta negativamente el bienestar y cohesi\u00f3n de los territorios y bienes naturales de los pueblos.<\/p>\n<p>Este VOTO de Milei viola el convenio 169 de la OIT que, entre otros, garantiza que los pueblos originarios puedan gozar de los derechos humanos y libertades fundamentales, sin discriminaci\u00f3n, este convenio promueve el derecho de los pueblos ind\u00edgenas a decidir sobre sus propias vidas, a mantener su creencias y tradiciones, a alcanzar el bienestar espiritual y legitimar las tierras que ocupan.<\/p>\n<p>Y, como un acto de desprecio por los pueblos originarios, el 10 de diciembre \u2013 D\u00eda Internacional de los Derechos Humanos \u2013 el Gobierno decret\u00f3 el fin de la Ley 26.160, que establec\u00eda el relevamiento de los territorios ind\u00edgenas y frenaba desalojos, abriendo las puertas al extractivismo.<\/p>\n<p>En nombre de la Comisi\u00f3n del SICSAL \u2013 CONVIDA 20 de Pueblos Originarios y Afrodescendientes rechazamos en\u00e9rgicamente esta decisi\u00f3n del Presidente de Argentina Javier Gerardo Milei porque es un atentado contra la vida de mil ochocientas treinta y siete comunidades pertenecientes a 34 pueblos ancestrales: Atacama, Chan\u00e9, Charr\u00faa, Chorote, Chulup\u00ed, Comeching\u00f3n, Diaguita, Guaran\u00ed, Guaycur\u00fa, Huarpe, Logys, Kolla, Lule, Lule Vilela, Mapuche, Mapuche Tehuelche, Mocov\u00ed, Mbya Guaran\u00ed, Ocloya, Omaguaca, Pilag\u00e1, Quechua, Ranquel, Sanvir\u00f3n, Selk\u00b4Nam (Ona), Tapiete, Tastil, Tehuelche, Tili\u00e1n, Toba (Qom), Tonokot\u00e9, Vilela y Wich\u00ed. Y precisamente sus derechos son violados porque estos pueblos se asientan milenariamente en territorios ricos en minerales y recursos h\u00eddricos. De acuerdo a los testimonios del pueblo Qom claramente hay una pol\u00edtica de exterminio de estos hermanos y hermanas sumidos en la miseria y en la angustia al ser despojados de sus territorios.<\/p>\n<p>\u201c<em>Nos preocupa la decisi\u00f3n pol\u00edtica de derogar la ley emergencia territorial de las ocupaciones de los pueblos ind\u00edgenas de Argentina. No aceptan nuestro proyecto de ley de propiedad comunitaria ind\u00edgena que ten\u00eda que ser tratado en la C\u00e1mara del Senado de la Naci\u00f3n y la C\u00e1mara de Diputados, adem\u00e1s de la reducci\u00f3n del Instituto Nacional de Asuntos Ind\u00edgenas que fue por la ley 23.302 concebida, y la falta de acceso a la justicia en argentina<\/em>\u201d (F\u00e9lix D\u00edaz, presidente del pueblo Quom).<\/p>\n<p>Creemos que es imperante el apoyo y la organizaci\u00f3n internacional. Hacemos un llamado urgente a los pueblos en lucha, a las organizaciones y entidades internacionales, a las iglesias y a todos los humanistas a expresar un pedido ante la Corte IDH (Corte Interamericana de Derechos Humanos) para que levante su voz a favor de los pueblos originarios de Argentina y puedan encontrar una v\u00eda de soluci\u00f3n a su problem\u00e1tica y restablecer el pleno ejercicio de sus derechos ancestrales. El gobierno de Milei tiene que respetar la vida de los pueblos originarios de Argentina para que nuestros hermanos puedan vivir en sus leg\u00edtimos territorios en justicia y libertad y as\u00ed recuperar la paz y la armon\u00eda de acuerdo a su cosmovisi\u00f3n ancestral.<\/p>\n<p>Ante estas realidades de violaci\u00f3n de derechos humanos y de derechos colectivos, auguramos y damos nuestro apoyo para que los pueblos originarios de Argentina puedan encontrar un ambiente de garant\u00eda de derechos ciudadanos y que tengan la garant\u00eda oficial de vivir en armon\u00eda en sus territorios en pleno disfrute de los derechos econ\u00f3micos, sociales y culturales.<\/p>\n<p>&nbsp;<\/p>\n<p style=\"text-align: center;\">Abya Yala 18 de enero 2025<\/p>\n<p style=\"text-align: center;\"><strong>COMISI\u00d3N DE PUEBLOS ORIGINARIOS Y AFRODESCENDIENTES <\/strong><\/p>\n<p style=\"text-align: center;\"><strong>SICSAL- CONVIDA 20<\/strong><\/p>\n<p>&nbsp;<\/p>\n","protected":false},"excerpt":{"rendered":"<p>El pasado jueves 23 de enero de 2025, en directo en el Canal Indio Coria We\u00f1un Mapu Meu \u201cVolver a la Tierra\u201d de Argentina, la Comisi\u00f3n de los Pueblos Originarios y Afrodescendientes CONVISA 20 SIC SAL, leyeron un comunicado urgente&hellip;<\/p>\n","protected":false},"author":2023,"featured_media":2579017,"comment_status":"closed","ping_status":"closed","sticky":false,"template":"","format":"standard","meta":{"footnotes":""},"categories":[80],"tags":[18593,22210,3058,131772,19687],"class_list":["post-2579014","post","type-post","status-publish","format-standard","has-post-thumbnail","hentry","category-pueblos-originarios","tag-felix-diaz","tag-pueblos-originarios","tag-qom","tag-sicsal","tag-wichi"],"yoast_head":"<!-- This site is optimized with the Yoast SEO plugin v27.1.1 - https:\/\/yoast.com\/product\/yoast-seo-wordpress\/ -->\n<title>Comunicado urgente al Gobierno de Milei<\/title>\n<meta name=\"description\" content=\"El pasado jueves 23 de enero de 2025, en directo en el Canal Indio Coria We\u00f1un Mapu Meu \u201cVolver a la Tierra\u201d de Argentina, la Comisi\u00f3n de los Pueblos\" \/>\n<meta name=\"robots\" content=\"index, follow, max-snippet:-1, max-image-preview:large, max-video-preview:-1\" \/>\n<link rel=\"canonical\" href=\"https:\/\/www.pressenza.com\/es\/2025\/01\/comunicado-urgente-al-gobierno-de-milei\/\" \/>\n<meta property=\"og:locale\" content=\"es_ES\" \/>\n<meta property=\"og:type\" content=\"article\" \/>\n<meta property=\"og:title\" content=\"Comunicado urgente al Gobierno de Milei\" \/>\n<meta property=\"og:description\" content=\"El pasado jueves 23 de enero de 2025, en directo en el Canal Indio Coria We\u00f1un Mapu Meu \u201cVolver a la Tierra\u201d de Argentina, la Comisi\u00f3n de los Pueblos\" \/>\n<meta property=\"og:url\" content=\"https:\/\/www.pressenza.com\/es\/2025\/01\/comunicado-urgente-al-gobierno-de-milei\/\" \/>\n<meta property=\"og:site_name\" content=\"Pressenza\" \/>\n<meta property=\"article:publisher\" content=\"https:\/\/www.facebook.com\/PressenzaItalia\" \/>\n<meta property=\"article:published_time\" content=\"2025-01-25T20:47:37+00:00\" \/>\n<meta property=\"og:image\" content=\"https:\/\/www.pressenza.com\/wp-content\/uploads\/2025\/01\/Screenshot_20250125_193530_YouTube.jpg\" \/>\n\t<meta property=\"og:image:width\" content=\"1909\" \/>\n\t<meta property=\"og:image:height\" content=\"1080\" \/>\n\t<meta property=\"og:image:type\" content=\"image\/jpeg\" \/>\n<meta name=\"author\" content=\"Pedro Pozas Terrados\" \/>\n<meta name=\"twitter:card\" content=\"summary_large_image\" \/>\n<meta name=\"twitter:creator\" content=\"@PressenzaIPA\" \/>\n<meta name=\"twitter:site\" content=\"@PressenzaIPA\" \/>\n<meta name=\"twitter:label1\" content=\"Escrito por\" \/>\n\t<meta name=\"twitter:data1\" content=\"Pedro Pozas Terrados\" \/>\n\t<meta name=\"twitter:label2\" content=\"Tiempo de lectura\" \/>\n\t<meta name=\"twitter:data2\" content=\"7 minutos\" \/>\n<script type=\"application\/ld+json\" class=\"yoast-schema-graph\">{\"@context\":\"https:\/\/schema.org\",\"@graph\":[{\"@type\":\"Article\",\"@id\":\"https:\/\/www.pressenza.com\/es\/2025\/01\/comunicado-urgente-al-gobierno-de-milei\/#article\",\"isPartOf\":{\"@id\":\"https:\/\/www.pressenza.com\/es\/2025\/01\/comunicado-urgente-al-gobierno-de-milei\/\"},\"author\":{\"name\":\"Pedro Pozas Terrados\",\"@id\":\"https:\/\/www.pressenza.com\/es\/#\/schema\/person\/3e3dc7faa4424387772733d19e115974\"},\"headline\":\"Comunicado urgente al Gobierno de Milei\",\"datePublished\":\"2025-01-25T20:47:37+00:00\",\"mainEntityOfPage\":{\"@id\":\"https:\/\/www.pressenza.com\/es\/2025\/01\/comunicado-urgente-al-gobierno-de-milei\/\"},\"wordCount\":1473,\"publisher\":{\"@id\":\"https:\/\/www.pressenza.com\/es\/#organization\"},\"image\":{\"@id\":\"https:\/\/www.pressenza.com\/es\/2025\/01\/comunicado-urgente-al-gobierno-de-milei\/#primaryimage\"},\"thumbnailUrl\":\"https:\/\/www.pressenza.com\/wp-content\/uploads\/2025\/01\/Screenshot_20250125_193530_YouTube.jpg\",\"keywords\":[\"F\u00e9lix D\u00edaz\",\"Pueblos Originarios\",\"Qom\",\"SICSAL\",\"wich\u00ed\"],\"articleSection\":[\"Pueblos Originarios\"],\"inLanguage\":\"es\"},{\"@type\":\"WebPage\",\"@id\":\"https:\/\/www.pressenza.com\/es\/2025\/01\/comunicado-urgente-al-gobierno-de-milei\/\",\"url\":\"https:\/\/www.pressenza.com\/es\/2025\/01\/comunicado-urgente-al-gobierno-de-milei\/\",\"name\":\"Comunicado urgente al Gobierno de Milei\",\"isPartOf\":{\"@id\":\"https:\/\/www.pressenza.com\/es\/#website\"},\"primaryImageOfPage\":{\"@id\":\"https:\/\/www.pressenza.com\/es\/2025\/01\/comunicado-urgente-al-gobierno-de-milei\/#primaryimage\"},\"image\":{\"@id\":\"https:\/\/www.pressenza.com\/es\/2025\/01\/comunicado-urgente-al-gobierno-de-milei\/#primaryimage\"},\"thumbnailUrl\":\"https:\/\/www.pressenza.com\/wp-content\/uploads\/2025\/01\/Screenshot_20250125_193530_YouTube.jpg\",\"datePublished\":\"2025-01-25T20:47:37+00:00\",\"description\":\"El pasado jueves 23 de enero de 2025, en directo en el Canal Indio Coria We\u00f1un Mapu Meu \u201cVolver a la Tierra\u201d de Argentina, la Comisi\u00f3n de los Pueblos\",\"breadcrumb\":{\"@id\":\"https:\/\/www.pressenza.com\/es\/2025\/01\/comunicado-urgente-al-gobierno-de-milei\/#breadcrumb\"},\"inLanguage\":\"es\",\"potentialAction\":[{\"@type\":\"ReadAction\",\"target\":[\"https:\/\/www.pressenza.com\/es\/2025\/01\/comunicado-urgente-al-gobierno-de-milei\/\"]}]},{\"@type\":\"ImageObject\",\"inLanguage\":\"es\",\"@id\":\"https:\/\/www.pressenza.com\/es\/2025\/01\/comunicado-urgente-al-gobierno-de-milei\/#primaryimage\",\"url\":\"https:\/\/www.pressenza.com\/wp-content\/uploads\/2025\/01\/Screenshot_20250125_193530_YouTube.jpg\",\"contentUrl\":\"https:\/\/www.pressenza.com\/wp-content\/uploads\/2025\/01\/Screenshot_20250125_193530_YouTube.jpg\",\"width\":1909,\"height\":1080},{\"@type\":\"BreadcrumbList\",\"@id\":\"https:\/\/www.pressenza.com\/es\/2025\/01\/comunicado-urgente-al-gobierno-de-milei\/#breadcrumb\",\"itemListElement\":[{\"@type\":\"ListItem\",\"position\":1,\"name\":\"Accueil\",\"item\":\"https:\/\/www.pressenza.com\/es\/\"},{\"@type\":\"ListItem\",\"position\":2,\"name\":\"Comunicado urgente al Gobierno de Milei\"}]},{\"@type\":\"WebSite\",\"@id\":\"https:\/\/www.pressenza.com\/es\/#website\",\"url\":\"https:\/\/www.pressenza.com\/es\/\",\"name\":\"Pressenza\",\"description\":\"International Press Agency\",\"publisher\":{\"@id\":\"https:\/\/www.pressenza.com\/es\/#organization\"},\"potentialAction\":[{\"@type\":\"SearchAction\",\"target\":{\"@type\":\"EntryPoint\",\"urlTemplate\":\"https:\/\/www.pressenza.com\/es\/?s={search_term_string}\"},\"query-input\":{\"@type\":\"PropertyValueSpecification\",\"valueRequired\":true,\"valueName\":\"search_term_string\"}}],\"inLanguage\":\"es\"},{\"@type\":\"Organization\",\"@id\":\"https:\/\/www.pressenza.com\/es\/#organization\",\"name\":\"Pressenza\",\"url\":\"https:\/\/www.pressenza.com\/es\/\",\"logo\":{\"@type\":\"ImageObject\",\"inLanguage\":\"es\",\"@id\":\"https:\/\/www.pressenza.com\/es\/#\/schema\/logo\/image\/\",\"url\":\"https:\/\/www.pressenza.com\/wp-content\/uploads\/2022\/10\/pressenza_logo_200x200.jpg\",\"contentUrl\":\"https:\/\/www.pressenza.com\/wp-content\/uploads\/2022\/10\/pressenza_logo_200x200.jpg\",\"width\":200,\"height\":200,\"caption\":\"Pressenza\"},\"image\":{\"@id\":\"https:\/\/www.pressenza.com\/es\/#\/schema\/logo\/image\/\"},\"sameAs\":[\"https:\/\/www.facebook.com\/PressenzaItalia\",\"https:\/\/x.com\/PressenzaIPA\"]},{\"@type\":\"Person\",\"@id\":\"https:\/\/www.pressenza.com\/es\/#\/schema\/person\/3e3dc7faa4424387772733d19e115974\",\"name\":\"Pedro Pozas Terrados\",\"description\":\"Escritor, naturalista, poeta, amante de la vida y defensor de la madre Tierra, investigador, cr\u00edtico y aventurero Profesionalmente ha trabajado 37 a\u00f1os en la defensa del medio ambiente como funcionario del Ministerio del Interior. De forma altruista es el Director Ejecutivo del Proyecto Gran Simio, una Organizaci\u00f3n que desde hace m\u00e1s de dos d\u00e9cadas lucha por los derechos b\u00e1sicos de los grandes simios, la conservaci\u00f3n de su h\u00e1bitat y la protecci\u00f3n de los pueblos ind\u00edgenas, verdaderos guardianes de nuestro planeta. Dibujante a l\u00e1piz y acuarela, con m\u00e1s de 300 l\u00e1minas de temas naturalistas y 12 cuadernos de campo. Es autor de 13 libros y coautor de ocho m\u00e1s. Descubridor de varias cuevas, una de ellas catalogada por la Comunidad de Castilla La Mancha de inter\u00e9s hist\u00f3rico y etnogr\u00e1fico con hallazgo en la misma de inscripciones de cronolog\u00eda antigua medieval.\",\"url\":\"https:\/\/www.pressenza.com\/es\/author\/pedro-pozas-terrado\/\"}]}<\/script>\n<!-- \/ Yoast SEO plugin. -->","yoast_head_json":{"title":"Comunicado urgente al Gobierno de Milei","description":"El pasado jueves 23 de enero de 2025, en directo en el Canal Indio Coria We\u00f1un Mapu Meu \u201cVolver a la Tierra\u201d de Argentina, la Comisi\u00f3n de los Pueblos","robots":{"index":"index","follow":"follow","max-snippet":"max-snippet:-1","max-image-preview":"max-image-preview:large","max-video-preview":"max-video-preview:-1"},"canonical":"https:\/\/www.pressenza.com\/es\/2025\/01\/comunicado-urgente-al-gobierno-de-milei\/","og_locale":"es_ES","og_type":"article","og_title":"Comunicado urgente al Gobierno de Milei","og_description":"El pasado jueves 23 de enero de 2025, en directo en el Canal Indio Coria We\u00f1un Mapu Meu \u201cVolver a la Tierra\u201d de Argentina, la Comisi\u00f3n de los Pueblos","og_url":"https:\/\/www.pressenza.com\/es\/2025\/01\/comunicado-urgente-al-gobierno-de-milei\/","og_site_name":"Pressenza","article_publisher":"https:\/\/www.facebook.com\/PressenzaItalia","article_published_time":"2025-01-25T20:47:37+00:00","og_image":[{"width":1909,"height":1080,"url":"https:\/\/www.pressenza.com\/wp-content\/uploads\/2025\/01\/Screenshot_20250125_193530_YouTube.jpg","type":"image\/jpeg"}],"author":"Pedro Pozas Terrados","twitter_card":"summary_large_image","twitter_creator":"@PressenzaIPA","twitter_site":"@PressenzaIPA","twitter_misc":{"Escrito por":"Pedro Pozas Terrados","Tiempo de lectura":"7 minutos"},"schema":{"@context":"https:\/\/schema.org","@graph":[{"@type":"Article","@id":"https:\/\/www.pressenza.com\/es\/2025\/01\/comunicado-urgente-al-gobierno-de-milei\/#article","isPartOf":{"@id":"https:\/\/www.pressenza.com\/es\/2025\/01\/comunicado-urgente-al-gobierno-de-milei\/"},"author":{"name":"Pedro Pozas Terrados","@id":"https:\/\/www.pressenza.com\/es\/#\/schema\/person\/3e3dc7faa4424387772733d19e115974"},"headline":"Comunicado urgente al Gobierno de Milei","datePublished":"2025-01-25T20:47:37+00:00","mainEntityOfPage":{"@id":"https:\/\/www.pressenza.com\/es\/2025\/01\/comunicado-urgente-al-gobierno-de-milei\/"},"wordCount":1473,"publisher":{"@id":"https:\/\/www.pressenza.com\/es\/#organization"},"image":{"@id":"https:\/\/www.pressenza.com\/es\/2025\/01\/comunicado-urgente-al-gobierno-de-milei\/#primaryimage"},"thumbnailUrl":"https:\/\/www.pressenza.com\/wp-content\/uploads\/2025\/01\/Screenshot_20250125_193530_YouTube.jpg","keywords":["F\u00e9lix D\u00edaz","Pueblos Originarios","Qom","SICSAL","wich\u00ed"],"articleSection":["Pueblos Originarios"],"inLanguage":"es"},{"@type":"WebPage","@id":"https:\/\/www.pressenza.com\/es\/2025\/01\/comunicado-urgente-al-gobierno-de-milei\/","url":"https:\/\/www.pressenza.com\/es\/2025\/01\/comunicado-urgente-al-gobierno-de-milei\/","name":"Comunicado urgente al Gobierno de Milei","isPartOf":{"@id":"https:\/\/www.pressenza.com\/es\/#website"},"primaryImageOfPage":{"@id":"https:\/\/www.pressenza.com\/es\/2025\/01\/comunicado-urgente-al-gobierno-de-milei\/#primaryimage"},"image":{"@id":"https:\/\/www.pressenza.com\/es\/2025\/01\/comunicado-urgente-al-gobierno-de-milei\/#primaryimage"},"thumbnailUrl":"https:\/\/www.pressenza.com\/wp-content\/uploads\/2025\/01\/Screenshot_20250125_193530_YouTube.jpg","datePublished":"2025-01-25T20:47:37+00:00","description":"El pasado jueves 23 de enero de 2025, en directo en el Canal Indio Coria We\u00f1un Mapu Meu \u201cVolver a la Tierra\u201d de Argentina, la Comisi\u00f3n de los Pueblos","breadcrumb":{"@id":"https:\/\/www.pressenza.com\/es\/2025\/01\/comunicado-urgente-al-gobierno-de-milei\/#breadcrumb"},"inLanguage":"es","potentialAction":[{"@type":"ReadAction","target":["https:\/\/www.pressenza.com\/es\/2025\/01\/comunicado-urgente-al-gobierno-de-milei\/"]}]},{"@type":"ImageObject","inLanguage":"es","@id":"https:\/\/www.pressenza.com\/es\/2025\/01\/comunicado-urgente-al-gobierno-de-milei\/#primaryimage","url":"https:\/\/www.pressenza.com\/wp-content\/uploads\/2025\/01\/Screenshot_20250125_193530_YouTube.jpg","contentUrl":"https:\/\/www.pressenza.com\/wp-content\/uploads\/2025\/01\/Screenshot_20250125_193530_YouTube.jpg","width":1909,"height":1080},{"@type":"BreadcrumbList","@id":"https:\/\/www.pressenza.com\/es\/2025\/01\/comunicado-urgente-al-gobierno-de-milei\/#breadcrumb","itemListElement":[{"@type":"ListItem","position":1,"name":"Accueil","item":"https:\/\/www.pressenza.com\/es\/"},{"@type":"ListItem","position":2,"name":"Comunicado urgente al Gobierno de Milei"}]},{"@type":"WebSite","@id":"https:\/\/www.pressenza.com\/es\/#website","url":"https:\/\/www.pressenza.com\/es\/","name":"Pressenza","description":"International Press Agency","publisher":{"@id":"https:\/\/www.pressenza.com\/es\/#organization"},"potentialAction":[{"@type":"SearchAction","target":{"@type":"EntryPoint","urlTemplate":"https:\/\/www.pressenza.com\/es\/?s={search_term_string}"},"query-input":{"@type":"PropertyValueSpecification","valueRequired":true,"valueName":"search_term_string"}}],"inLanguage":"es"},{"@type":"Organization","@id":"https:\/\/www.pressenza.com\/es\/#organization","name":"Pressenza","url":"https:\/\/www.pressenza.com\/es\/","logo":{"@type":"ImageObject","inLanguage":"es","@id":"https:\/\/www.pressenza.com\/es\/#\/schema\/logo\/image\/","url":"https:\/\/www.pressenza.com\/wp-content\/uploads\/2022\/10\/pressenza_logo_200x200.jpg","contentUrl":"https:\/\/www.pressenza.com\/wp-content\/uploads\/2022\/10\/pressenza_logo_200x200.jpg","width":200,"height":200,"caption":"Pressenza"},"image":{"@id":"https:\/\/www.pressenza.com\/es\/#\/schema\/logo\/image\/"},"sameAs":["https:\/\/www.facebook.com\/PressenzaItalia","https:\/\/x.com\/PressenzaIPA"]},{"@type":"Person","@id":"https:\/\/www.pressenza.com\/es\/#\/schema\/person\/3e3dc7faa4424387772733d19e115974","name":"Pedro Pozas Terrados","description":"Escritor, naturalista, poeta, amante de la vida y defensor de la madre Tierra, investigador, cr\u00edtico y aventurero Profesionalmente ha trabajado 37 a\u00f1os en la defensa del medio ambiente como funcionario del Ministerio del Interior. De forma altruista es el Director Ejecutivo del Proyecto Gran Simio, una Organizaci\u00f3n que desde hace m\u00e1s de dos d\u00e9cadas lucha por los derechos b\u00e1sicos de los grandes simios, la conservaci\u00f3n de su h\u00e1bitat y la protecci\u00f3n de los pueblos ind\u00edgenas, verdaderos guardianes de nuestro planeta. Dibujante a l\u00e1piz y acuarela, con m\u00e1s de 300 l\u00e1minas de temas naturalistas y 12 cuadernos de campo. Es autor de 13 libros y coautor de ocho m\u00e1s. Descubridor de varias cuevas, una de ellas catalogada por la Comunidad de Castilla La Mancha de inter\u00e9s hist\u00f3rico y etnogr\u00e1fico con hallazgo en la misma de inscripciones de cronolog\u00eda antigua medieval.","url":"https:\/\/www.pressenza.com\/es\/author\/pedro-pozas-terrado\/"}]}},"place":"Madrid- Espa\u00f1a","original_article_url":"","_links":{"self":[{"href":"https:\/\/www.pressenza.com\/es\/wp-json\/wp\/v2\/posts\/2579014","targetHints":{"allow":["GET"]}}],"collection":[{"href":"https:\/\/www.pressenza.com\/es\/wp-json\/wp\/v2\/posts"}],"about":[{"href":"https:\/\/www.pressenza.com\/es\/wp-json\/wp\/v2\/types\/post"}],"author":[{"embeddable":true,"href":"https:\/\/www.pressenza.com\/es\/wp-json\/wp\/v2\/users\/2023"}],"replies":[{"embeddable":true,"href":"https:\/\/www.pressenza.com\/es\/wp-json\/wp\/v2\/comments?post=2579014"}],"version-history":[{"count":0,"href":"https:\/\/www.pressenza.com\/es\/wp-json\/wp\/v2\/posts\/2579014\/revisions"}],"wp:featuredmedia":[{"embeddable":true,"href":"https:\/\/www.pressenza.com\/es\/wp-json\/wp\/v2\/media\/2579017"}],"wp:attachment":[{"href":"https:\/\/www.pressenza.com\/es\/wp-json\/wp\/v2\/media?parent=2579014"}],"wp:term":[{"taxonomy":"category","embeddable":true,"href":"https:\/\/www.pressenza.com\/es\/wp-json\/wp\/v2\/categories?post=2579014"},{"taxonomy":"post_tag","embeddable":true,"href":"https:\/\/www.pressenza.com\/es\/wp-json\/wp\/v2\/tags?post=2579014"}],"curies":[{"name":"wp","href":"https:\/\/api.w.org\/{rel}","templated":true}]}}