{"id":2578741,"date":"2025-01-26T14:45:35","date_gmt":"2025-01-26T14:45:35","guid":{"rendered":"https:\/\/www.pressenza.com\/?p=2578741"},"modified":"2025-01-26T14:48:03","modified_gmt":"2025-01-26T14:48:03","slug":"yayoi-tsuchida-hacemos-un-llamado-a-su-gobierno-que-es-miembro-de-la-otan-para-que-se-adhiera-al-tratado-sobre-la-prohibicion-de-las-armas-nucleares","status":"publish","type":"post","link":"https:\/\/www.pressenza.com\/es\/2025\/01\/yayoi-tsuchida-hacemos-un-llamado-a-su-gobierno-que-es-miembro-de-la-otan-para-que-se-adhiera-al-tratado-sobre-la-prohibicion-de-las-armas-nucleares\/","title":{"rendered":"Yayoi Tsuchida: \u00abHacemos un llamado a su gobierno, que es miembro de la OTAN, para que se adhiera al Tratado sobre la Prohibici\u00f3n de las Armas Nucleares\u00bb"},"content":{"rendered":"<p style=\"padding-left: 40px;\"><em>Durante el viaje que el <a href=\"https:\/\/www.nobelprize.org\/prizes\/peace\/2024\/nihon-hidankyo\/facts\/\">Premio Nobel de la Paz 2024<\/a>, junto a una delegaci\u00f3n de activistas contra el desarme nuclear, ha llevado a cabo por Espa\u00f1a hemos tenido la ocasi\u00f3n de escuchar voces diversas unidas por la misma causa: elegir ante la posibilidad del fin de la humanidad, como consecuencia de la utilizaci\u00f3n de las armas nucleares o un simple accidente, la vida.<\/em><\/p>\n<p style=\"padding-left: 40px;\"><em>Rescatamos el discurso de\u00a0Yayoi Tsuchida, secretar\u00eda general adjunta del\u00a0<a href=\"http:\/\/www.antiatom.org\/english\/\">Consejo Japon\u00e9s contra las Bombas A y H (Gensuikyo)<\/a>, en el <a href=\"https:\/\/www.congreso.es\/es\/\">Congreso de los Diputados<\/a>. Yayoi Tsuchida termin\u00f3 apelando a congresistas y p\u00fablico para que se exija que el Gobierno espa\u00f1ol firme el TPAN y qued\u00f3 claro que no es impedimento para la firma y ratificaci\u00f3n que Espa\u00f1a sea miembro de la OTAN. Carlos Uma\u00f1a -ponente tambi\u00e9n- record\u00f3 que uno de los art\u00edculos del acuerdo de entrada de Espa\u00f1a en la OTAN dice que nuestro pa\u00eds mantendr\u00e1 la prohibici\u00f3n de instalar, almacenar o introducir armas nucleares en nuestro territorio.<\/em><\/p>\n<p style=\"padding-left: 40px;\"><em>Gensuikyo es la entidad que nace en 1955 y que sirvi\u00f3 de referencia para que los hibakusha se organizaran entre s\u00ed un a\u00f1o despu\u00e9s.\u00a0Este viaje ha sido organizado por la <a href=\"http:\/\/www.desarmenuclear.org\">Alianza por el Desarme Nuclear<\/a>, de la cual forma parte <a href=\"http:\/\/www.pressenza.com\">Pressenza<\/a> , y Gensuikyo.<\/em><\/p>\n<p><strong>Imagen: \u00c1lvaro Or\u00fas \/ Int\u00e9rprete: Michiko Owada<\/strong><\/p>\n<h4><strong>Discurso<\/strong><\/h4>\n<p>Queridos amigos de Espa\u00f1a,<\/p>\n<p>Mi nombre es Yayoi Tsuchida. Soy responsable de las actividades internacionales como Secretar\u00eda General Adjunta del Consejo Japon\u00e9s contra las Bombas At\u00f3micas y de Hidr\u00f3geno (Gensuikyo). Nuestra delegaci\u00f3n est\u00e1 formada por el Sr. Shigemitsu Tanaka, superviviente de la bomba at\u00f3mica de Nagasaki y copresidente de la Confederaci\u00f3n Japonesa de Organizaciones de V\u00edctimas de las Bombas At\u00f3micas y de Hidr\u00f3geno (Nihon Hidankyo), quien recibi\u00f3 el Premio Nobel de la Paz el pasado diciembre, as\u00ed como activistas de un sindicato y de los Gensuikyos locales. Gracias por recibirnos<\/p>\n<p>El objetivo de nuestra visita es concienciar a los ciudadanos, pol\u00edticos, parlamentarios y l\u00edderes de los gobiernos locales espa\u00f1oles de la barbarie que implicar\u00eda el uso de las armas nucleares y hacer un llamamiento al gobierno espa\u00f1ol para que se adhiera al Tratado sobre la Prohibici\u00f3n de las Armas Nucleares. (TPAN).<\/p>\n<p>Amigos, por favor escuchen la experiencia del Sr. Shigemitsu sobre el bombardeo at\u00f3mico. Ese ataque trajo una devastaci\u00f3n catastr\u00f3fica a Nagasaki. Y no solo eso, sigue atormentando a los supervivientes tanto f\u00edsica como mentalmente despu\u00e9s de 80 a\u00f1os. Es evidente lo demon\u00edacas que son las armas nucleares. Especialmente ahora, el peligro de su uso nunca ha sido mayor, y estamos al borde de una cat\u00e1strofe nuclear.<\/p>\n<p>Rusia ha reiterado en m\u00faltiples ocasiones su amenaza de recurrir al uso de armas nucleares en el contexto de su invasi\u00f3n a Ucrania. A la par, la violencia en Gaza sigue cobrando vidas. En diversas regiones del mundo, como Oriente Medio, Europa y Asia Oriental, los conflictos protagonizados por potencias nucleares han intensificado la tensi\u00f3n y el riesgo de una guerra nuclear. Estas naciones han continuado desarrollando, modernizando y expandiendo sus arsenales nucleares.<\/p>\n<p>Ante estos escenarios de guerra y crisis nucleares, hemos hecho un llamamiento a las potencias nucleares y a otras grandes potencias para que respeten la Carta de las Naciones Unidas que promueve la abolici\u00f3n de las armas nucleares y la resoluci\u00f3n pac\u00edfica de los conflictos.<\/p>\n<p>En este contexto, Nihon Hidankyo recibi\u00f3 el Premio Nobel de la Paz en reconocimiento a sus incansables esfuerzos por exponer los devastadores efectos y las secuelas de los bombardeos at\u00f3micos. Han apelado a que las armas nucleares y la humanidad no pueden coexistir. Al mismo tiempo, este galard\u00f3n constituye una poderosa advertencia para un mundo que se encuentra al borde de una cat\u00e1strofe nuclear.<\/p>\n<p>Tras los bombardeos at\u00f3micos de Hiroshima y Nagasaki, Jap\u00f3n sufri\u00f3 la prueba de la bomba de hidr\u00f3geno Bravo por parte de Estados Unidos en 1954. Esta bomba era 1.000 veces m\u00e1s poderosa que la bomba de Hiroshima. La lluvia radiactiva contamin\u00f3 amplias \u00e1reas del mundo, desde el Pac\u00edfico hasta el Oc\u00e9ano \u00cdndico. Unos 1.000 barcos atuneros japoneses se vieron afectados. Se verti\u00f3 una enorme cantidad de at\u00fan contaminado y los miembros de la tripulaci\u00f3n murieron a causa de enfermedades causadas por la radiaci\u00f3n. En respuesta a este da\u00f1o, el pueblo japon\u00e9s se puso en pie y, en un corto per\u00edodo de tiempo, recogi\u00f3 m\u00e1s de 30 millones de firmas para prohibir las bombas at\u00f3micas y de hidr\u00f3geno. Tal oleada popular llev\u00f3 a la celebraci\u00f3n de la primera Conferencia Mundial contra las Bombas At\u00f3micas y de Hidr\u00f3geno en Hiroshima y Nagasaki en 1955, y a la fundaci\u00f3n del Gensuikyo en el mismo a\u00f1o, as\u00ed como del Nihon Hidankyo en 1956. Este fue el punto de partida de la lucha por la eliminaci\u00f3n de las armas nucleares en Jap\u00f3n.<\/p>\n<p>Desde entonces, hemos estado llevando a cabo una campa\u00f1a en Jap\u00f3n y en todo el mundo para informar a las personas sobre los da\u00f1os reales de los bombardeos at\u00f3micos de Hiroshima y Nagasaki, para prevenir la guerra nuclear, para abolir las armas nucleares y para apoyar a los Hibakusha. Actualmente, estamos haciendo campa\u00f1a para que el gobierno japon\u00e9s firme y ratifique el Tratado sobre la Prohibici\u00f3n de las Armas Nucleares (TPAN). Jap\u00f3n, como naci\u00f3n bombardeada por la bomba at\u00f3mica, debe liderar la abolici\u00f3n de las armas nucleares. Sin embargo, bajo el paraguas nuclear de Estados Unidos, Jap\u00f3n sigue adhiri\u00e9ndose a la disuasi\u00f3n nuclear, promoviendo una masiva acumulaci\u00f3n militar y adoptando una pol\u00edtica de confrontaci\u00f3n y peligro de guerra nuclear y militar en el este de Asia. El primer ministro Ishiba, a pesar de que los supervivientes japoneses de la bomba at\u00f3mica recibieron el Premio Nobel, afirma que \u00abUcrania es el este de Asia del ma\u00f1ana\u00bb y que \u00abcrearemos una versi\u00f3n asi\u00e1tica de la OTAN y promoveremos el intercambio nuclear.\u00bb<\/p>\n<p>Sin embargo, el 61% de la poblaci\u00f3n apoya la adhesi\u00f3n del gobierno japon\u00e9s al Tratado sobre la Prohibici\u00f3n de Las Armas Nucleares. A trav\u00e9s de nuestra campa\u00f1a, hemos presentado un total de 1.565.300 firmas al gobierno japon\u00e9s exigiendo que se adhiera al tratado. Hemos instado a los gobiernos locales a que adopten resoluciones en este sentido, y actualmente alrededor del 40% de los gobiernos locales de todo el pa\u00eds han adoptado resoluciones a tal efecto.<\/p>\n<p>Creemos que la promoci\u00f3n del Tratado sobre la Prohibici\u00f3n de las Armas Nucleares (TPAN)\u00a0es un faro de esperanza para avanzar en la abolici\u00f3n de las armas nucleares. En particular, creemos que es de vital importancia lograr que los Estados poseedores de armas nucleares y los pa\u00edses que dependen de ellas se adhieran al Tratado. Nuestra visita y nuestras actividades aqu\u00ed son una acci\u00f3n conjunta entre los movimientos por la paz entre Jap\u00f3n y Espa\u00f1a.<\/p>\n<p>El a\u00f1o pasado nos reunimos con los amigos de la Alianza por el Desarme Nuclear, quienes son nuestros anfitriones en esta visita. En nombre de la Alianza, Maribel particip\u00f3 en la Conferencia Mundial contra las Bombas At\u00f3micas y de Hidr\u00f3geno el pasado agosto. Expresamos nuestro profundo respeto por sus esfuerzos para concienciar sobre la inhumanidad de las armas nucleares y hacemos un llamado a su gobierno, que es miembro de la OTAN, para que se adhiera al Tratado sobre la Prohibici\u00f3n de las Armas Nucleares (TPAN). Las armas nucleares no pueden proteger la paz ni la seguridad de los pueblos del mundo. Continuamos la lucha com\u00fan en Jap\u00f3n y Espa\u00f1a. Trabajemos juntos.<\/p>\n","protected":false},"excerpt":{"rendered":"<p>Durante el viaje que el Premio Nobel de la Paz 2024, junto a una delegaci\u00f3n de activistas contra el desarme nuclear, ha llevado a cabo por Espa\u00f1a hemos tenido la ocasi\u00f3n de escuchar voces diversas unidas por la misma causa:&hellip;<\/p>\n","protected":false},"author":1681,"featured_media":2579130,"comment_status":"closed","ping_status":"closed","sticky":false,"template":"","format":"standard","meta":{"footnotes":""},"categories":[76,1243],"tags":[109342,1065,131789,127795,56376,45676],"class_list":["post-2578741","post","type-post","status-publish","format-standard","has-post-thumbnail","hentry","category-relaciones-exteriores","category-paz-desarme","tag-alianza-por-el-desarme-nuclear","tag-espana","tag-genuikyo","tag-premio-nobel-paz-2024","tag-tpan-es","tag-tratado-para-la-prohibicion-de-las-armas-nucleares"],"yoast_head":"<!-- This site is optimized with the Yoast SEO plugin v27.1.1 - https:\/\/yoast.com\/product\/yoast-seo-wordpress\/ -->\n<title>Yayoi Tsuchida: &quot;Hacemos un llamado a su gobierno, que es miembro de la OTAN, para que se adhiera al Tratado sobre la Prohibici\u00f3n de las Armas Nucleares&quot;<\/title>\n<meta name=\"description\" content=\"Durante el viaje que el Premio Nobel de la Paz 2024, junto a una delegaci\u00f3n de activistas contra el desarme nuclear, ha llevado a cabo por Espa\u00f1a hemos\" \/>\n<meta name=\"robots\" content=\"index, follow, max-snippet:-1, max-image-preview:large, max-video-preview:-1\" \/>\n<link rel=\"canonical\" href=\"https:\/\/www.pressenza.com\/es\/2025\/01\/yayoi-tsuchida-hacemos-un-llamado-a-su-gobierno-que-es-miembro-de-la-otan-para-que-se-adhiera-al-tratado-sobre-la-prohibicion-de-las-armas-nucleares\/\" \/>\n<meta property=\"og:locale\" content=\"es_ES\" \/>\n<meta property=\"og:type\" content=\"article\" \/>\n<meta property=\"og:title\" content=\"Yayoi Tsuchida: &quot;Hacemos un llamado a su gobierno, que es miembro de la OTAN, para que se adhiera al Tratado sobre la Prohibici\u00f3n de las Armas Nucleares&quot;\" \/>\n<meta property=\"og:description\" content=\"Durante el viaje que el Premio Nobel de la Paz 2024, junto a una delegaci\u00f3n de activistas contra el desarme nuclear, ha llevado a cabo por Espa\u00f1a hemos\" \/>\n<meta property=\"og:url\" content=\"https:\/\/www.pressenza.com\/es\/2025\/01\/yayoi-tsuchida-hacemos-un-llamado-a-su-gobierno-que-es-miembro-de-la-otan-para-que-se-adhiera-al-tratado-sobre-la-prohibicion-de-las-armas-nucleares\/\" \/>\n<meta property=\"og:site_name\" content=\"Pressenza\" \/>\n<meta property=\"article:publisher\" content=\"https:\/\/www.facebook.com\/PressenzaItalia\" \/>\n<meta property=\"article:published_time\" content=\"2025-01-26T14:45:35+00:00\" \/>\n<meta property=\"article:modified_time\" content=\"2025-01-26T14:48:03+00:00\" \/>\n<meta property=\"og:image\" content=\"https:\/\/www.pressenza.com\/wp-content\/uploads\/2025\/01\/WhatsApp-Image-2025-01-26-at-15.17.07-e1737901449452.jpeg\" \/>\n\t<meta property=\"og:image:width\" content=\"744\" \/>\n\t<meta property=\"og:image:height\" content=\"684\" \/>\n\t<meta property=\"og:image:type\" content=\"image\/jpeg\" \/>\n<meta name=\"author\" content=\"Redacci\u00f3n Espa\u00f1a\" \/>\n<meta name=\"twitter:card\" content=\"summary_large_image\" \/>\n<meta name=\"twitter:creator\" content=\"@PressenzaIPA\" \/>\n<meta name=\"twitter:site\" content=\"@PressenzaIPA\" \/>\n<meta name=\"twitter:label1\" content=\"Escrito por\" \/>\n\t<meta name=\"twitter:data1\" content=\"Redacci\u00f3n Espa\u00f1a\" \/>\n\t<meta name=\"twitter:label2\" content=\"Tiempo de lectura\" \/>\n\t<meta name=\"twitter:data2\" content=\"6 minutos\" \/>\n<script type=\"application\/ld+json\" class=\"yoast-schema-graph\">{\"@context\":\"https:\/\/schema.org\",\"@graph\":[{\"@type\":\"Article\",\"@id\":\"https:\/\/www.pressenza.com\/es\/2025\/01\/yayoi-tsuchida-hacemos-un-llamado-a-su-gobierno-que-es-miembro-de-la-otan-para-que-se-adhiera-al-tratado-sobre-la-prohibicion-de-las-armas-nucleares\/#article\",\"isPartOf\":{\"@id\":\"https:\/\/www.pressenza.com\/es\/2025\/01\/yayoi-tsuchida-hacemos-un-llamado-a-su-gobierno-que-es-miembro-de-la-otan-para-que-se-adhiera-al-tratado-sobre-la-prohibicion-de-las-armas-nucleares\/\"},\"author\":{\"name\":\"Redacci\u00f3n Espa\u00f1a\",\"@id\":\"https:\/\/www.pressenza.com\/es\/#\/schema\/person\/fffbbe2f14495897417f313a954dae23\"},\"headline\":\"Yayoi Tsuchida: \u00abHacemos un llamado a su gobierno, que es miembro de la OTAN, para que se adhiera al Tratado sobre la Prohibici\u00f3n de las Armas Nucleares\u00bb\",\"datePublished\":\"2025-01-26T14:45:35+00:00\",\"dateModified\":\"2025-01-26T14:48:03+00:00\",\"mainEntityOfPage\":{\"@id\":\"https:\/\/www.pressenza.com\/es\/2025\/01\/yayoi-tsuchida-hacemos-un-llamado-a-su-gobierno-que-es-miembro-de-la-otan-para-que-se-adhiera-al-tratado-sobre-la-prohibicion-de-las-armas-nucleares\/\"},\"wordCount\":1346,\"publisher\":{\"@id\":\"https:\/\/www.pressenza.com\/es\/#organization\"},\"image\":{\"@id\":\"https:\/\/www.pressenza.com\/es\/2025\/01\/yayoi-tsuchida-hacemos-un-llamado-a-su-gobierno-que-es-miembro-de-la-otan-para-que-se-adhiera-al-tratado-sobre-la-prohibicion-de-las-armas-nucleares\/#primaryimage\"},\"thumbnailUrl\":\"https:\/\/www.pressenza.com\/wp-content\/uploads\/2025\/01\/WhatsApp-Image-2025-01-26-at-15.17.07-e1737901449452.jpeg\",\"keywords\":[\"Alianza por el Desarme Nuclear\",\"Espa\u00f1a\",\"Genuikyo\",\"Premio Nobel Paz 2024\",\"TPAN\",\"Tratado para la Prohibici\u00f3n de las Armas Nucleares\"],\"articleSection\":[\"Asuntos internacionales\",\"Paz y Desarme\"],\"inLanguage\":\"es\"},{\"@type\":\"WebPage\",\"@id\":\"https:\/\/www.pressenza.com\/es\/2025\/01\/yayoi-tsuchida-hacemos-un-llamado-a-su-gobierno-que-es-miembro-de-la-otan-para-que-se-adhiera-al-tratado-sobre-la-prohibicion-de-las-armas-nucleares\/\",\"url\":\"https:\/\/www.pressenza.com\/es\/2025\/01\/yayoi-tsuchida-hacemos-un-llamado-a-su-gobierno-que-es-miembro-de-la-otan-para-que-se-adhiera-al-tratado-sobre-la-prohibicion-de-las-armas-nucleares\/\",\"name\":\"Yayoi Tsuchida: \\\"Hacemos un llamado a su gobierno, que es miembro de la OTAN, para que se adhiera al Tratado sobre la Prohibici\u00f3n de las Armas Nucleares\\\"\",\"isPartOf\":{\"@id\":\"https:\/\/www.pressenza.com\/es\/#website\"},\"primaryImageOfPage\":{\"@id\":\"https:\/\/www.pressenza.com\/es\/2025\/01\/yayoi-tsuchida-hacemos-un-llamado-a-su-gobierno-que-es-miembro-de-la-otan-para-que-se-adhiera-al-tratado-sobre-la-prohibicion-de-las-armas-nucleares\/#primaryimage\"},\"image\":{\"@id\":\"https:\/\/www.pressenza.com\/es\/2025\/01\/yayoi-tsuchida-hacemos-un-llamado-a-su-gobierno-que-es-miembro-de-la-otan-para-que-se-adhiera-al-tratado-sobre-la-prohibicion-de-las-armas-nucleares\/#primaryimage\"},\"thumbnailUrl\":\"https:\/\/www.pressenza.com\/wp-content\/uploads\/2025\/01\/WhatsApp-Image-2025-01-26-at-15.17.07-e1737901449452.jpeg\",\"datePublished\":\"2025-01-26T14:45:35+00:00\",\"dateModified\":\"2025-01-26T14:48:03+00:00\",\"description\":\"Durante el viaje que el Premio Nobel de la Paz 2024, junto a una delegaci\u00f3n de activistas contra el desarme nuclear, ha llevado a cabo por Espa\u00f1a hemos\",\"breadcrumb\":{\"@id\":\"https:\/\/www.pressenza.com\/es\/2025\/01\/yayoi-tsuchida-hacemos-un-llamado-a-su-gobierno-que-es-miembro-de-la-otan-para-que-se-adhiera-al-tratado-sobre-la-prohibicion-de-las-armas-nucleares\/#breadcrumb\"},\"inLanguage\":\"es\",\"potentialAction\":[{\"@type\":\"ReadAction\",\"target\":[\"https:\/\/www.pressenza.com\/es\/2025\/01\/yayoi-tsuchida-hacemos-un-llamado-a-su-gobierno-que-es-miembro-de-la-otan-para-que-se-adhiera-al-tratado-sobre-la-prohibicion-de-las-armas-nucleares\/\"]}]},{\"@type\":\"ImageObject\",\"inLanguage\":\"es\",\"@id\":\"https:\/\/www.pressenza.com\/es\/2025\/01\/yayoi-tsuchida-hacemos-un-llamado-a-su-gobierno-que-es-miembro-de-la-otan-para-que-se-adhiera-al-tratado-sobre-la-prohibicion-de-las-armas-nucleares\/#primaryimage\",\"url\":\"https:\/\/www.pressenza.com\/wp-content\/uploads\/2025\/01\/WhatsApp-Image-2025-01-26-at-15.17.07-e1737901449452.jpeg\",\"contentUrl\":\"https:\/\/www.pressenza.com\/wp-content\/uploads\/2025\/01\/WhatsApp-Image-2025-01-26-at-15.17.07-e1737901449452.jpeg\",\"width\":744,\"height\":684},{\"@type\":\"BreadcrumbList\",\"@id\":\"https:\/\/www.pressenza.com\/es\/2025\/01\/yayoi-tsuchida-hacemos-un-llamado-a-su-gobierno-que-es-miembro-de-la-otan-para-que-se-adhiera-al-tratado-sobre-la-prohibicion-de-las-armas-nucleares\/#breadcrumb\",\"itemListElement\":[{\"@type\":\"ListItem\",\"position\":1,\"name\":\"Accueil\",\"item\":\"https:\/\/www.pressenza.com\/es\/\"},{\"@type\":\"ListItem\",\"position\":2,\"name\":\"Yayoi Tsuchida: \u00abHacemos un llamado a su gobierno, que es miembro de la OTAN, para que se adhiera al Tratado sobre la Prohibici\u00f3n de las Armas Nucleares\u00bb\"}]},{\"@type\":\"WebSite\",\"@id\":\"https:\/\/www.pressenza.com\/es\/#website\",\"url\":\"https:\/\/www.pressenza.com\/es\/\",\"name\":\"Pressenza\",\"description\":\"International Press Agency\",\"publisher\":{\"@id\":\"https:\/\/www.pressenza.com\/es\/#organization\"},\"potentialAction\":[{\"@type\":\"SearchAction\",\"target\":{\"@type\":\"EntryPoint\",\"urlTemplate\":\"https:\/\/www.pressenza.com\/es\/?s={search_term_string}\"},\"query-input\":{\"@type\":\"PropertyValueSpecification\",\"valueRequired\":true,\"valueName\":\"search_term_string\"}}],\"inLanguage\":\"es\"},{\"@type\":\"Organization\",\"@id\":\"https:\/\/www.pressenza.com\/es\/#organization\",\"name\":\"Pressenza\",\"url\":\"https:\/\/www.pressenza.com\/es\/\",\"logo\":{\"@type\":\"ImageObject\",\"inLanguage\":\"es\",\"@id\":\"https:\/\/www.pressenza.com\/es\/#\/schema\/logo\/image\/\",\"url\":\"https:\/\/www.pressenza.com\/wp-content\/uploads\/2022\/10\/pressenza_logo_200x200.jpg\",\"contentUrl\":\"https:\/\/www.pressenza.com\/wp-content\/uploads\/2022\/10\/pressenza_logo_200x200.jpg\",\"width\":200,\"height\":200,\"caption\":\"Pressenza\"},\"image\":{\"@id\":\"https:\/\/www.pressenza.com\/es\/#\/schema\/logo\/image\/\"},\"sameAs\":[\"https:\/\/www.facebook.com\/PressenzaItalia\",\"https:\/\/x.com\/PressenzaIPA\"]},{\"@type\":\"Person\",\"@id\":\"https:\/\/www.pressenza.com\/es\/#\/schema\/person\/fffbbe2f14495897417f313a954dae23\",\"name\":\"Redacci\u00f3n Espa\u00f1a\",\"url\":\"https:\/\/www.pressenza.com\/es\/author\/redaccion-espana\/\"}]}<\/script>\n<!-- \/ Yoast SEO plugin. -->","yoast_head_json":{"title":"Yayoi Tsuchida: \"Hacemos un llamado a su gobierno, que es miembro de la OTAN, para que se adhiera al Tratado sobre la Prohibici\u00f3n de las Armas Nucleares\"","description":"Durante el viaje que el Premio Nobel de la Paz 2024, junto a una delegaci\u00f3n de activistas contra el desarme nuclear, ha llevado a cabo por Espa\u00f1a hemos","robots":{"index":"index","follow":"follow","max-snippet":"max-snippet:-1","max-image-preview":"max-image-preview:large","max-video-preview":"max-video-preview:-1"},"canonical":"https:\/\/www.pressenza.com\/es\/2025\/01\/yayoi-tsuchida-hacemos-un-llamado-a-su-gobierno-que-es-miembro-de-la-otan-para-que-se-adhiera-al-tratado-sobre-la-prohibicion-de-las-armas-nucleares\/","og_locale":"es_ES","og_type":"article","og_title":"Yayoi Tsuchida: \"Hacemos un llamado a su gobierno, que es miembro de la OTAN, para que se adhiera al Tratado sobre la Prohibici\u00f3n de las Armas Nucleares\"","og_description":"Durante el viaje que el Premio Nobel de la Paz 2024, junto a una delegaci\u00f3n de activistas contra el desarme nuclear, ha llevado a cabo por Espa\u00f1a hemos","og_url":"https:\/\/www.pressenza.com\/es\/2025\/01\/yayoi-tsuchida-hacemos-un-llamado-a-su-gobierno-que-es-miembro-de-la-otan-para-que-se-adhiera-al-tratado-sobre-la-prohibicion-de-las-armas-nucleares\/","og_site_name":"Pressenza","article_publisher":"https:\/\/www.facebook.com\/PressenzaItalia","article_published_time":"2025-01-26T14:45:35+00:00","article_modified_time":"2025-01-26T14:48:03+00:00","og_image":[{"width":744,"height":684,"url":"https:\/\/www.pressenza.com\/wp-content\/uploads\/2025\/01\/WhatsApp-Image-2025-01-26-at-15.17.07-e1737901449452.jpeg","type":"image\/jpeg"}],"author":"Redacci\u00f3n Espa\u00f1a","twitter_card":"summary_large_image","twitter_creator":"@PressenzaIPA","twitter_site":"@PressenzaIPA","twitter_misc":{"Escrito por":"Redacci\u00f3n Espa\u00f1a","Tiempo de lectura":"6 minutos"},"schema":{"@context":"https:\/\/schema.org","@graph":[{"@type":"Article","@id":"https:\/\/www.pressenza.com\/es\/2025\/01\/yayoi-tsuchida-hacemos-un-llamado-a-su-gobierno-que-es-miembro-de-la-otan-para-que-se-adhiera-al-tratado-sobre-la-prohibicion-de-las-armas-nucleares\/#article","isPartOf":{"@id":"https:\/\/www.pressenza.com\/es\/2025\/01\/yayoi-tsuchida-hacemos-un-llamado-a-su-gobierno-que-es-miembro-de-la-otan-para-que-se-adhiera-al-tratado-sobre-la-prohibicion-de-las-armas-nucleares\/"},"author":{"name":"Redacci\u00f3n Espa\u00f1a","@id":"https:\/\/www.pressenza.com\/es\/#\/schema\/person\/fffbbe2f14495897417f313a954dae23"},"headline":"Yayoi Tsuchida: \u00abHacemos un llamado a su gobierno, que es miembro de la OTAN, para que se adhiera al Tratado sobre la Prohibici\u00f3n de las Armas Nucleares\u00bb","datePublished":"2025-01-26T14:45:35+00:00","dateModified":"2025-01-26T14:48:03+00:00","mainEntityOfPage":{"@id":"https:\/\/www.pressenza.com\/es\/2025\/01\/yayoi-tsuchida-hacemos-un-llamado-a-su-gobierno-que-es-miembro-de-la-otan-para-que-se-adhiera-al-tratado-sobre-la-prohibicion-de-las-armas-nucleares\/"},"wordCount":1346,"publisher":{"@id":"https:\/\/www.pressenza.com\/es\/#organization"},"image":{"@id":"https:\/\/www.pressenza.com\/es\/2025\/01\/yayoi-tsuchida-hacemos-un-llamado-a-su-gobierno-que-es-miembro-de-la-otan-para-que-se-adhiera-al-tratado-sobre-la-prohibicion-de-las-armas-nucleares\/#primaryimage"},"thumbnailUrl":"https:\/\/www.pressenza.com\/wp-content\/uploads\/2025\/01\/WhatsApp-Image-2025-01-26-at-15.17.07-e1737901449452.jpeg","keywords":["Alianza por el Desarme Nuclear","Espa\u00f1a","Genuikyo","Premio Nobel Paz 2024","TPAN","Tratado para la Prohibici\u00f3n de las Armas Nucleares"],"articleSection":["Asuntos internacionales","Paz y Desarme"],"inLanguage":"es"},{"@type":"WebPage","@id":"https:\/\/www.pressenza.com\/es\/2025\/01\/yayoi-tsuchida-hacemos-un-llamado-a-su-gobierno-que-es-miembro-de-la-otan-para-que-se-adhiera-al-tratado-sobre-la-prohibicion-de-las-armas-nucleares\/","url":"https:\/\/www.pressenza.com\/es\/2025\/01\/yayoi-tsuchida-hacemos-un-llamado-a-su-gobierno-que-es-miembro-de-la-otan-para-que-se-adhiera-al-tratado-sobre-la-prohibicion-de-las-armas-nucleares\/","name":"Yayoi Tsuchida: \"Hacemos un llamado a su gobierno, que es miembro de la OTAN, para que se adhiera al Tratado sobre la Prohibici\u00f3n de las Armas Nucleares\"","isPartOf":{"@id":"https:\/\/www.pressenza.com\/es\/#website"},"primaryImageOfPage":{"@id":"https:\/\/www.pressenza.com\/es\/2025\/01\/yayoi-tsuchida-hacemos-un-llamado-a-su-gobierno-que-es-miembro-de-la-otan-para-que-se-adhiera-al-tratado-sobre-la-prohibicion-de-las-armas-nucleares\/#primaryimage"},"image":{"@id":"https:\/\/www.pressenza.com\/es\/2025\/01\/yayoi-tsuchida-hacemos-un-llamado-a-su-gobierno-que-es-miembro-de-la-otan-para-que-se-adhiera-al-tratado-sobre-la-prohibicion-de-las-armas-nucleares\/#primaryimage"},"thumbnailUrl":"https:\/\/www.pressenza.com\/wp-content\/uploads\/2025\/01\/WhatsApp-Image-2025-01-26-at-15.17.07-e1737901449452.jpeg","datePublished":"2025-01-26T14:45:35+00:00","dateModified":"2025-01-26T14:48:03+00:00","description":"Durante el viaje que el Premio Nobel de la Paz 2024, junto a una delegaci\u00f3n de activistas contra el desarme nuclear, ha llevado a cabo por Espa\u00f1a hemos","breadcrumb":{"@id":"https:\/\/www.pressenza.com\/es\/2025\/01\/yayoi-tsuchida-hacemos-un-llamado-a-su-gobierno-que-es-miembro-de-la-otan-para-que-se-adhiera-al-tratado-sobre-la-prohibicion-de-las-armas-nucleares\/#breadcrumb"},"inLanguage":"es","potentialAction":[{"@type":"ReadAction","target":["https:\/\/www.pressenza.com\/es\/2025\/01\/yayoi-tsuchida-hacemos-un-llamado-a-su-gobierno-que-es-miembro-de-la-otan-para-que-se-adhiera-al-tratado-sobre-la-prohibicion-de-las-armas-nucleares\/"]}]},{"@type":"ImageObject","inLanguage":"es","@id":"https:\/\/www.pressenza.com\/es\/2025\/01\/yayoi-tsuchida-hacemos-un-llamado-a-su-gobierno-que-es-miembro-de-la-otan-para-que-se-adhiera-al-tratado-sobre-la-prohibicion-de-las-armas-nucleares\/#primaryimage","url":"https:\/\/www.pressenza.com\/wp-content\/uploads\/2025\/01\/WhatsApp-Image-2025-01-26-at-15.17.07-e1737901449452.jpeg","contentUrl":"https:\/\/www.pressenza.com\/wp-content\/uploads\/2025\/01\/WhatsApp-Image-2025-01-26-at-15.17.07-e1737901449452.jpeg","width":744,"height":684},{"@type":"BreadcrumbList","@id":"https:\/\/www.pressenza.com\/es\/2025\/01\/yayoi-tsuchida-hacemos-un-llamado-a-su-gobierno-que-es-miembro-de-la-otan-para-que-se-adhiera-al-tratado-sobre-la-prohibicion-de-las-armas-nucleares\/#breadcrumb","itemListElement":[{"@type":"ListItem","position":1,"name":"Accueil","item":"https:\/\/www.pressenza.com\/es\/"},{"@type":"ListItem","position":2,"name":"Yayoi Tsuchida: \u00abHacemos un llamado a su gobierno, que es miembro de la OTAN, para que se adhiera al Tratado sobre la Prohibici\u00f3n de las Armas Nucleares\u00bb"}]},{"@type":"WebSite","@id":"https:\/\/www.pressenza.com\/es\/#website","url":"https:\/\/www.pressenza.com\/es\/","name":"Pressenza","description":"International Press Agency","publisher":{"@id":"https:\/\/www.pressenza.com\/es\/#organization"},"potentialAction":[{"@type":"SearchAction","target":{"@type":"EntryPoint","urlTemplate":"https:\/\/www.pressenza.com\/es\/?s={search_term_string}"},"query-input":{"@type":"PropertyValueSpecification","valueRequired":true,"valueName":"search_term_string"}}],"inLanguage":"es"},{"@type":"Organization","@id":"https:\/\/www.pressenza.com\/es\/#organization","name":"Pressenza","url":"https:\/\/www.pressenza.com\/es\/","logo":{"@type":"ImageObject","inLanguage":"es","@id":"https:\/\/www.pressenza.com\/es\/#\/schema\/logo\/image\/","url":"https:\/\/www.pressenza.com\/wp-content\/uploads\/2022\/10\/pressenza_logo_200x200.jpg","contentUrl":"https:\/\/www.pressenza.com\/wp-content\/uploads\/2022\/10\/pressenza_logo_200x200.jpg","width":200,"height":200,"caption":"Pressenza"},"image":{"@id":"https:\/\/www.pressenza.com\/es\/#\/schema\/logo\/image\/"},"sameAs":["https:\/\/www.facebook.com\/PressenzaItalia","https:\/\/x.com\/PressenzaIPA"]},{"@type":"Person","@id":"https:\/\/www.pressenza.com\/es\/#\/schema\/person\/fffbbe2f14495897417f313a954dae23","name":"Redacci\u00f3n Espa\u00f1a","url":"https:\/\/www.pressenza.com\/es\/author\/redaccion-espana\/"}]}},"place":"","original_article_url":"","_links":{"self":[{"href":"https:\/\/www.pressenza.com\/es\/wp-json\/wp\/v2\/posts\/2578741","targetHints":{"allow":["GET"]}}],"collection":[{"href":"https:\/\/www.pressenza.com\/es\/wp-json\/wp\/v2\/posts"}],"about":[{"href":"https:\/\/www.pressenza.com\/es\/wp-json\/wp\/v2\/types\/post"}],"author":[{"embeddable":true,"href":"https:\/\/www.pressenza.com\/es\/wp-json\/wp\/v2\/users\/1681"}],"replies":[{"embeddable":true,"href":"https:\/\/www.pressenza.com\/es\/wp-json\/wp\/v2\/comments?post=2578741"}],"version-history":[{"count":0,"href":"https:\/\/www.pressenza.com\/es\/wp-json\/wp\/v2\/posts\/2578741\/revisions"}],"wp:featuredmedia":[{"embeddable":true,"href":"https:\/\/www.pressenza.com\/es\/wp-json\/wp\/v2\/media\/2579130"}],"wp:attachment":[{"href":"https:\/\/www.pressenza.com\/es\/wp-json\/wp\/v2\/media?parent=2578741"}],"wp:term":[{"taxonomy":"category","embeddable":true,"href":"https:\/\/www.pressenza.com\/es\/wp-json\/wp\/v2\/categories?post=2578741"},{"taxonomy":"post_tag","embeddable":true,"href":"https:\/\/www.pressenza.com\/es\/wp-json\/wp\/v2\/tags?post=2578741"}],"curies":[{"name":"wp","href":"https:\/\/api.w.org\/{rel}","templated":true}]}}