{"id":2578450,"date":"2025-01-23T18:42:32","date_gmt":"2025-01-23T18:42:32","guid":{"rendered":"https:\/\/www.pressenza.com\/?p=2578450"},"modified":"2025-01-26T15:06:41","modified_gmt":"2025-01-26T15:06:41","slug":"pablo-bustinduy-ministro-de-asuntos-sociales-a-favor-del-desarme-nuclear-en-un-acto-con-el-premio-nobel-de-la-paz-2024","status":"publish","type":"post","link":"https:\/\/www.pressenza.com\/es\/2025\/01\/pablo-bustinduy-ministro-de-asuntos-sociales-a-favor-del-desarme-nuclear-en-un-acto-con-el-premio-nobel-de-la-paz-2024\/","title":{"rendered":"Pablo Bustinduy, ministro de Asuntos Sociales, a favor del desarme nuclear en un acto con el Premio Nobel de la Paz 2024"},"content":{"rendered":"<p style=\"padding-left: 40px;\"><em><strong>Pablo Bustinduy<\/strong>, ministro de Derechos Sociales, Consumo y Agenda 2030, ha participado en un acto organizado por el Ateneo de Madrid con motivo de la visita del <strong>Sr. Tanaka<\/strong>, representante de la organizaci\u00f3n <a href=\"https:\/\/www.ne.jp\/asahi\/hidankyo\/nihon\/english\/\"><strong>Nihon Hidankyo<\/strong><\/a> que acaba de recibir el <a href=\"https:\/\/www.nobelprize.org\/prizes\/peace\/2024\/nihon-hidankyo\/facts\/\"><strong>Premio Nobel de la Paz 2024<\/strong><\/a> a Espa\u00f1a. En\u00a0dicha intervenci\u00f3n el ministro ha manifestado su compromiso con el desarme nuclear y entiende que antes o despu\u00e9s Espa\u00f1a firmar\u00e1 el <strong><a href=\"https:\/\/desarmenuclear.org\/el-tpan\/\">Tratado para la Prohibici\u00f3n de las Armas Nucleares (TPAN)<\/a><\/strong>. Ha destacado que a m\u00e1s rearme, menos derechos sociales y viceversa. <\/em><\/p>\n<p style=\"padding-left: 40px;\"><em>Este viaje ha sido organizado por la <strong><a href=\"http:\/\/www.desarmenuclear.org\">Alianza por el Desarme Nuclear<\/a><\/strong>, de la que <a href=\"http:\/\/www.pressenza.com\"><strong>Pressenza<\/strong><\/a> forma parte.<\/em><\/p>\n<p>&nbsp;<\/p>\n<p><strong>V\u00eddeo Alvaro Or\u00fas \/ Redacci\u00f3n: Juana P\u00e9rez Montero \/ Transcripci\u00f3n: Alicia Blanco<\/strong><\/p>\n<p><iframe loading=\"lazy\" title=\"Pablo Bustinduy a favor del desarme nuclear en un acto con el Premio Nobel de la Paz 2024\" width=\"500\" height=\"281\" src=\"https:\/\/www.youtube.com\/embed\/wcRTr6ABvHU?feature=oembed\" frameborder=\"0\" allow=\"accelerometer; autoplay; clipboard-write; encrypted-media; gyroscope; picture-in-picture; web-share\" referrerpolicy=\"strict-origin-when-cross-origin\" allowfullscreen><\/iframe><\/p>\n<p><strong>Transcripci\u00f3n<\/strong><\/p>\n<p>Se\u00f1or Tanaka much\u00edsimas gracias por su visita. Nos sentimos honrados por ella, por su compromiso, por la nitidez y la sobriedad de su testimonio que resulta tan aleccionador, tan \u00fatil y conmina a una reflexi\u00f3n, \u00bfverdad?<\/p>\n<p>Yo he querido poder estar aqu\u00ed hoy, poder participar. Gracias por la invitaci\u00f3n, querido Carlos. Hace a\u00f1os que nos conocemos. Es una causa en la que personalmente siempre me he sentido interpelado. Hace ya casi una d\u00e9cada, empezamos a trabajar para conseguir que el compromiso, el apoyo por parte de Espa\u00f1a al tratado de prohibici\u00f3n de armas nucleares se convirtiera en una realidad. Paso a paso conseguimos empezar a figurar en programas electorales, en negociaciones entre grupos parlamentarios, en negociaciones e investiduras, en posiciones del Congreso de los diputados\u2026 No conseguimos que esta materia se aprobara todav\u00eda, pero es una causa que suceder\u00e1, se plasmar\u00e1 ese compromiso antes o despu\u00e9s, no tengo la m\u00e1s m\u00ednima duda.<\/p>\n<p>Tuve tambi\u00e9n el inmenso privilegio de poder asistir en Nueva York, en las Naciones Unidas a los \u00faltimos trabajos para conseguir la entrada en vigor de este Tratado. Una y otra vez a lo largo de todos estos a\u00f1os \u2013hoy en d\u00eda tambi\u00e9n sucede\u2013, siempre parece que hay una especie de sentido com\u00fan contrario, que se expresa bajo forma de cr\u00edtica de la falta de \u201crealismo\u201d. \u201cNo es realista este planteamiento\u201d, \u201cpuede ser sensato, puede ser bien intencionado, pero adolesce de una falta de realismo\u201d. Y esa l\u00f3gica, ese tipo de voces solo ha ido a peor.<\/p>\n<p>Pareciera que lo que s\u00ed es \u201crealista\u201d, es resignarse al inexorable avance de una l\u00f3gica que porque describe un mundo cada vez m\u00e1s desigual, m\u00e1s violento y m\u00e1s injusto, lo que receta para estar en este mundo y para actuar en \u00e9l, es precisamente asumir, abrazar las f\u00f3rmulas de la injusticia, de la desigualdad y de la violencia.<\/p>\n<p>Recuerdo parte de estas discusiones en las que parec\u00eda que abordar esta realidad espeluznante, este diagn\u00f3stico inapelable sobre el peligro potencial para la humanidad que supone la existencia de las armas nucleares, pues digamos que se encontraba con esa especie de actitud que est\u00e1 ideol\u00f3gica, jur\u00eddica y pol\u00edticamente definida, tambi\u00e9n.<\/p>\n<p>Me viene siempre a la cabeza esa expresi\u00f3n sobre el ramillete de flores puesto en la tumba del derecho internacional.<\/p>\n<p>Bueno, lo que hizo la campa\u00f1a con el trabajo coordinado de decenas de miles de personas es conseguir crear derecho internacional, frente a esa resignaci\u00f3n, recordar el compromiso. Y creo que esto es algo particularmente importante en un mundo donde precisamente, con todas sus limitaciones, con todas sus contradicciones, el legado de las tragedias de la posguerra \u2013que no eran otras que ese sistema multilateral con todas sus limitaciones y contradicciones, repito\u2013 es un m\u00ednimo marco para abordar desde el derecho internacional la gesti\u00f3n de los conflictos, pues no solo est\u00e1 siendo puesto en cuesti\u00f3n abiertamente, sino directamente vaciado y violentado. Y pareciera que esa es la direcci\u00f3n que sigue el mundo y a la que hay que adaptarse.<\/p>\n<p>Yo creo que el testimonio del se\u00f1or Tanaka y la labor imparable de organizaciones como la Campa\u00f1a [ICAN] marcan lo contrario para asumir que, precisamente por la magnitud acrecentada de los retos y los desaf\u00edos que enfrentamos, precisamente porque esa asimetr\u00eda entre las necesidades que enfrenta la humanidad y sus capacidades de actuaci\u00f3n en conjunto \u2013sea con la crisis clim\u00e1tica, sea con la multiplicaci\u00f3n de conflictos, sea con la calidad de las armas nucleares\u2013, requiere m\u00e1s que nunca, m\u00e1s que nunca, que se articule, que se vehicule, que se levante la bandera de la resoluci\u00f3n pac\u00edfica de los conflictos, de la reconstrucci\u00f3n de un orden internacional justo y digno de ese nombre. Y sencillamente, sencillamente, de aquello que el otro d\u00eda, recordando precisamente el legado del gran Federico Mayor Zaragoza en un art\u00edculo en el que citaba a otro grande, Ernesto S\u00e1bato, hablaba del sentido de un compromiso que nos coloca por encima de la fatalidad de la historia.<\/p>\n<p>En estos d\u00edas se ha hablado mucho tambi\u00e9n, y creo que es una de las din\u00e1micas de la l\u00f3gica pol\u00edtica del tiempo en el que vivimos, que ese modelo m\u00e1s o menos recibido de la Ilustraci\u00f3n, seg\u00fan el cual, la racionalidad, la conversaci\u00f3n p\u00fablica, el peso de los argumentos de las razones, inevitablemente conducir\u00eda a un despertar, a una toma de conciencia, al asentamiento en un consenso sobre aquellas cuestiones que son de sentido com\u00fan y [tambi\u00e9n se ha hablado] que como humanidad han dejado de funcionar, si es que en alg\u00fan momento han funcionado. Pero es igual. Precisamente porque esos retos y esas amenazas se multiplican, es el momento de pelear con m\u00e1s fuerza que nunca, de no dar un solo paso atr\u00e1s en la defensa de los valores, de los principios, de las realidades esenciales, b\u00e1sicas de la humanidad para lograr una vida en paz, una vida con justicia, una vida que merezca la pena ser divida. Porque adem\u00e1s van de la mano la erosi\u00f3n de esos paradigmas heredados de la posguerra para hacer imposible que volviera a suceder nunca jam\u00e1s aquello que vivi\u00f3 la generaci\u00f3n del se\u00f1or Tanaka, siempre va de la mano de otras cosas, de las otras grandes conquistas sociales que se produjeron como parte del proceso de reconstrucci\u00f3n de la posguerra \u2013espec\u00edficamente en Europa el estado de bienestar y el constitucionalismo social\u2013 tambi\u00e9n va la erosi\u00f3n en ese sentido.<\/p>\n<p>El otro d\u00eda le\u00eda un art\u00edculo, no s\u00e9 hasta qu\u00e9 punto era un reflejo fiel de lo que hab\u00eda dicho el Secretario general de la OTAN, pero el resumen que hac\u00edan en el art\u00edculo era que Europa debe repensar su gasto social para poder afrontar el aumento del gasto militar que exigen los tiempos. No siempre van de la mano una cosa y la otra. Todos los avances, todos los consensos, todos los progresos que se lograron hacer durante d\u00e9cadas de luchas precisamente para evitar que se volviera a producir algo como lo que vivi\u00f3 la humanidad en aquella d\u00e9cada, va de la mano, est\u00e1 siendo amenazado hoy en d\u00eda. Por eso la defensa de esos principios b\u00e1sicos de la paz, de la libertad, de la igualdad, de la justicia social, hoy en d\u00eda son m\u00e1s necesarios que nunca, ese sentido del compromiso que nos ubica por encima de la fatalidad de la historia. No existe tal fatalidad de la historia. El decenlace no est\u00e1 escrito y depender\u00e1 de lo que hagamos cada uno y cada una de nosotros.<\/p>\n<p>Se\u00f1or Tanaka, much\u00edsimas gracias por su visita, bienvenido a Espa\u00f1a y desde luego su testimonio es un llamamiento a continuar la lucha y no ceder nunca un mil\u00edmetro en la defensa de aquello que es justo y por tanto de aquello que debe ser asumido. Much\u00edsimas gracias.<\/p>\n","protected":false},"excerpt":{"rendered":"<p>Pablo Bustinduy, ministro de Derechos Sociales, Consumo y Agenda 2030, ha participado en un acto organizado por el Ateneo de Madrid con motivo de la visita del Sr. Tanaka, representante de la organizaci\u00f3n Nihon Hidankyo que acaba de recibir el&hellip;<\/p>\n","protected":false},"author":1681,"featured_media":2578454,"comment_status":"closed","ping_status":"closed","sticky":false,"template":"","format":"standard","meta":{"footnotes":""},"categories":[76,11389,1243,25678],"tags":[1065,71110,113377,56376,45676],"class_list":["post-2578450","post","type-post","status-publish","format-standard","has-post-thumbnail","hentry","category-relaciones-exteriores","category-contenido-original","category-paz-desarme","category-video-es","tag-espana","tag-hibakusha-es","tag-sumar","tag-tpan-es","tag-tratado-para-la-prohibicion-de-las-armas-nucleares"],"yoast_head":"<!-- This site is optimized with the Yoast SEO plugin v27.1.1 - https:\/\/yoast.com\/product\/yoast-seo-wordpress\/ -->\n<title>Pablo Bustinduy, ministro de Asuntos Sociales, a favor del desarme nuclear en un acto con el Premio Nobel de la Paz 2024<\/title>\n<meta name=\"description\" content=\"Pablo Bustinduy, ministro de Derechos Sociales, Consumo y Agenda 2030, ha participado en un acto organizado por el Ateneo de Madrid con motivo de la\" \/>\n<meta name=\"robots\" content=\"index, follow, max-snippet:-1, max-image-preview:large, max-video-preview:-1\" \/>\n<link rel=\"canonical\" href=\"https:\/\/www.pressenza.com\/es\/2025\/01\/pablo-bustinduy-ministro-de-asuntos-sociales-a-favor-del-desarme-nuclear-en-un-acto-con-el-premio-nobel-de-la-paz-2024\/\" \/>\n<meta property=\"og:locale\" content=\"es_ES\" \/>\n<meta property=\"og:type\" content=\"article\" \/>\n<meta property=\"og:title\" content=\"Pablo Bustinduy, ministro de Asuntos Sociales, a favor del desarme nuclear en un acto con el Premio Nobel de la Paz 2024\" \/>\n<meta property=\"og:description\" content=\"Pablo Bustinduy, ministro de Derechos Sociales, Consumo y Agenda 2030, ha participado en un acto organizado por el Ateneo de Madrid con motivo de la\" \/>\n<meta property=\"og:url\" content=\"https:\/\/www.pressenza.com\/es\/2025\/01\/pablo-bustinduy-ministro-de-asuntos-sociales-a-favor-del-desarme-nuclear-en-un-acto-con-el-premio-nobel-de-la-paz-2024\/\" \/>\n<meta property=\"og:site_name\" content=\"Pressenza\" \/>\n<meta property=\"article:publisher\" content=\"https:\/\/www.facebook.com\/PressenzaItalia\" \/>\n<meta property=\"article:published_time\" content=\"2025-01-23T18:42:32+00:00\" \/>\n<meta property=\"article:modified_time\" content=\"2025-01-26T15:06:41+00:00\" \/>\n<meta property=\"og:image\" content=\"https:\/\/www.pressenza.com\/wp-content\/uploads\/2025\/01\/WhatsApp-Image-2025-01-23-at-19.28.19.jpeg\" \/>\n\t<meta property=\"og:image:width\" content=\"1600\" \/>\n\t<meta property=\"og:image:height\" content=\"1200\" \/>\n\t<meta property=\"og:image:type\" content=\"image\/jpeg\" \/>\n<meta name=\"author\" content=\"Redacci\u00f3n Espa\u00f1a\" \/>\n<meta name=\"twitter:card\" content=\"summary_large_image\" \/>\n<meta name=\"twitter:creator\" content=\"@PressenzaIPA\" \/>\n<meta name=\"twitter:site\" content=\"@PressenzaIPA\" \/>\n<meta name=\"twitter:label1\" content=\"Escrito por\" \/>\n\t<meta name=\"twitter:data1\" content=\"Redacci\u00f3n Espa\u00f1a\" \/>\n\t<meta name=\"twitter:label2\" content=\"Tiempo de lectura\" \/>\n\t<meta name=\"twitter:data2\" content=\"6 minutos\" \/>\n<script type=\"application\/ld+json\" class=\"yoast-schema-graph\">{\"@context\":\"https:\/\/schema.org\",\"@graph\":[{\"@type\":\"Article\",\"@id\":\"https:\/\/www.pressenza.com\/es\/2025\/01\/pablo-bustinduy-ministro-de-asuntos-sociales-a-favor-del-desarme-nuclear-en-un-acto-con-el-premio-nobel-de-la-paz-2024\/#article\",\"isPartOf\":{\"@id\":\"https:\/\/www.pressenza.com\/es\/2025\/01\/pablo-bustinduy-ministro-de-asuntos-sociales-a-favor-del-desarme-nuclear-en-un-acto-con-el-premio-nobel-de-la-paz-2024\/\"},\"author\":{\"name\":\"Redacci\u00f3n Espa\u00f1a\",\"@id\":\"https:\/\/www.pressenza.com\/es\/#\/schema\/person\/fffbbe2f14495897417f313a954dae23\"},\"headline\":\"Pablo Bustinduy, ministro de Asuntos Sociales, a favor del desarme nuclear en un acto con el Premio Nobel de la Paz 2024\",\"datePublished\":\"2025-01-23T18:42:32+00:00\",\"dateModified\":\"2025-01-26T15:06:41+00:00\",\"mainEntityOfPage\":{\"@id\":\"https:\/\/www.pressenza.com\/es\/2025\/01\/pablo-bustinduy-ministro-de-asuntos-sociales-a-favor-del-desarme-nuclear-en-un-acto-con-el-premio-nobel-de-la-paz-2024\/\"},\"wordCount\":1373,\"publisher\":{\"@id\":\"https:\/\/www.pressenza.com\/es\/#organization\"},\"image\":{\"@id\":\"https:\/\/www.pressenza.com\/es\/2025\/01\/pablo-bustinduy-ministro-de-asuntos-sociales-a-favor-del-desarme-nuclear-en-un-acto-con-el-premio-nobel-de-la-paz-2024\/#primaryimage\"},\"thumbnailUrl\":\"https:\/\/www.pressenza.com\/wp-content\/uploads\/2025\/01\/WhatsApp-Image-2025-01-23-at-19.28.19.jpeg\",\"keywords\":[\"Espa\u00f1a\",\"hibakusha\",\"Sumar\",\"TPAN\",\"Tratado para la Prohibici\u00f3n de las Armas Nucleares\"],\"articleSection\":[\"Asuntos internacionales\",\"Contenido Original\",\"Paz y Desarme\",\"Video\"],\"inLanguage\":\"es\"},{\"@type\":\"WebPage\",\"@id\":\"https:\/\/www.pressenza.com\/es\/2025\/01\/pablo-bustinduy-ministro-de-asuntos-sociales-a-favor-del-desarme-nuclear-en-un-acto-con-el-premio-nobel-de-la-paz-2024\/\",\"url\":\"https:\/\/www.pressenza.com\/es\/2025\/01\/pablo-bustinduy-ministro-de-asuntos-sociales-a-favor-del-desarme-nuclear-en-un-acto-con-el-premio-nobel-de-la-paz-2024\/\",\"name\":\"Pablo Bustinduy, ministro de Asuntos Sociales, a favor del desarme nuclear en un acto con el Premio Nobel de la Paz 2024\",\"isPartOf\":{\"@id\":\"https:\/\/www.pressenza.com\/es\/#website\"},\"primaryImageOfPage\":{\"@id\":\"https:\/\/www.pressenza.com\/es\/2025\/01\/pablo-bustinduy-ministro-de-asuntos-sociales-a-favor-del-desarme-nuclear-en-un-acto-con-el-premio-nobel-de-la-paz-2024\/#primaryimage\"},\"image\":{\"@id\":\"https:\/\/www.pressenza.com\/es\/2025\/01\/pablo-bustinduy-ministro-de-asuntos-sociales-a-favor-del-desarme-nuclear-en-un-acto-con-el-premio-nobel-de-la-paz-2024\/#primaryimage\"},\"thumbnailUrl\":\"https:\/\/www.pressenza.com\/wp-content\/uploads\/2025\/01\/WhatsApp-Image-2025-01-23-at-19.28.19.jpeg\",\"datePublished\":\"2025-01-23T18:42:32+00:00\",\"dateModified\":\"2025-01-26T15:06:41+00:00\",\"description\":\"Pablo Bustinduy, ministro de Derechos Sociales, Consumo y Agenda 2030, ha participado en un acto organizado por el Ateneo de Madrid con motivo de la\",\"breadcrumb\":{\"@id\":\"https:\/\/www.pressenza.com\/es\/2025\/01\/pablo-bustinduy-ministro-de-asuntos-sociales-a-favor-del-desarme-nuclear-en-un-acto-con-el-premio-nobel-de-la-paz-2024\/#breadcrumb\"},\"inLanguage\":\"es\",\"potentialAction\":[{\"@type\":\"ReadAction\",\"target\":[\"https:\/\/www.pressenza.com\/es\/2025\/01\/pablo-bustinduy-ministro-de-asuntos-sociales-a-favor-del-desarme-nuclear-en-un-acto-con-el-premio-nobel-de-la-paz-2024\/\"]}]},{\"@type\":\"ImageObject\",\"inLanguage\":\"es\",\"@id\":\"https:\/\/www.pressenza.com\/es\/2025\/01\/pablo-bustinduy-ministro-de-asuntos-sociales-a-favor-del-desarme-nuclear-en-un-acto-con-el-premio-nobel-de-la-paz-2024\/#primaryimage\",\"url\":\"https:\/\/www.pressenza.com\/wp-content\/uploads\/2025\/01\/WhatsApp-Image-2025-01-23-at-19.28.19.jpeg\",\"contentUrl\":\"https:\/\/www.pressenza.com\/wp-content\/uploads\/2025\/01\/WhatsApp-Image-2025-01-23-at-19.28.19.jpeg\",\"width\":1600,\"height\":1200},{\"@type\":\"BreadcrumbList\",\"@id\":\"https:\/\/www.pressenza.com\/es\/2025\/01\/pablo-bustinduy-ministro-de-asuntos-sociales-a-favor-del-desarme-nuclear-en-un-acto-con-el-premio-nobel-de-la-paz-2024\/#breadcrumb\",\"itemListElement\":[{\"@type\":\"ListItem\",\"position\":1,\"name\":\"Accueil\",\"item\":\"https:\/\/www.pressenza.com\/es\/\"},{\"@type\":\"ListItem\",\"position\":2,\"name\":\"Pablo Bustinduy, ministro de Asuntos Sociales, a favor del desarme nuclear en un acto con el Premio Nobel de la Paz 2024\"}]},{\"@type\":\"WebSite\",\"@id\":\"https:\/\/www.pressenza.com\/es\/#website\",\"url\":\"https:\/\/www.pressenza.com\/es\/\",\"name\":\"Pressenza\",\"description\":\"International Press Agency\",\"publisher\":{\"@id\":\"https:\/\/www.pressenza.com\/es\/#organization\"},\"potentialAction\":[{\"@type\":\"SearchAction\",\"target\":{\"@type\":\"EntryPoint\",\"urlTemplate\":\"https:\/\/www.pressenza.com\/es\/?s={search_term_string}\"},\"query-input\":{\"@type\":\"PropertyValueSpecification\",\"valueRequired\":true,\"valueName\":\"search_term_string\"}}],\"inLanguage\":\"es\"},{\"@type\":\"Organization\",\"@id\":\"https:\/\/www.pressenza.com\/es\/#organization\",\"name\":\"Pressenza\",\"url\":\"https:\/\/www.pressenza.com\/es\/\",\"logo\":{\"@type\":\"ImageObject\",\"inLanguage\":\"es\",\"@id\":\"https:\/\/www.pressenza.com\/es\/#\/schema\/logo\/image\/\",\"url\":\"https:\/\/www.pressenza.com\/wp-content\/uploads\/2022\/10\/pressenza_logo_200x200.jpg\",\"contentUrl\":\"https:\/\/www.pressenza.com\/wp-content\/uploads\/2022\/10\/pressenza_logo_200x200.jpg\",\"width\":200,\"height\":200,\"caption\":\"Pressenza\"},\"image\":{\"@id\":\"https:\/\/www.pressenza.com\/es\/#\/schema\/logo\/image\/\"},\"sameAs\":[\"https:\/\/www.facebook.com\/PressenzaItalia\",\"https:\/\/x.com\/PressenzaIPA\"]},{\"@type\":\"Person\",\"@id\":\"https:\/\/www.pressenza.com\/es\/#\/schema\/person\/fffbbe2f14495897417f313a954dae23\",\"name\":\"Redacci\u00f3n Espa\u00f1a\",\"url\":\"https:\/\/www.pressenza.com\/es\/author\/redaccion-espana\/\"}]}<\/script>\n<!-- \/ Yoast SEO plugin. -->","yoast_head_json":{"title":"Pablo Bustinduy, ministro de Asuntos Sociales, a favor del desarme nuclear en un acto con el Premio Nobel de la Paz 2024","description":"Pablo Bustinduy, ministro de Derechos Sociales, Consumo y Agenda 2030, ha participado en un acto organizado por el Ateneo de Madrid con motivo de la","robots":{"index":"index","follow":"follow","max-snippet":"max-snippet:-1","max-image-preview":"max-image-preview:large","max-video-preview":"max-video-preview:-1"},"canonical":"https:\/\/www.pressenza.com\/es\/2025\/01\/pablo-bustinduy-ministro-de-asuntos-sociales-a-favor-del-desarme-nuclear-en-un-acto-con-el-premio-nobel-de-la-paz-2024\/","og_locale":"es_ES","og_type":"article","og_title":"Pablo Bustinduy, ministro de Asuntos Sociales, a favor del desarme nuclear en un acto con el Premio Nobel de la Paz 2024","og_description":"Pablo Bustinduy, ministro de Derechos Sociales, Consumo y Agenda 2030, ha participado en un acto organizado por el Ateneo de Madrid con motivo de la","og_url":"https:\/\/www.pressenza.com\/es\/2025\/01\/pablo-bustinduy-ministro-de-asuntos-sociales-a-favor-del-desarme-nuclear-en-un-acto-con-el-premio-nobel-de-la-paz-2024\/","og_site_name":"Pressenza","article_publisher":"https:\/\/www.facebook.com\/PressenzaItalia","article_published_time":"2025-01-23T18:42:32+00:00","article_modified_time":"2025-01-26T15:06:41+00:00","og_image":[{"width":1600,"height":1200,"url":"https:\/\/www.pressenza.com\/wp-content\/uploads\/2025\/01\/WhatsApp-Image-2025-01-23-at-19.28.19.jpeg","type":"image\/jpeg"}],"author":"Redacci\u00f3n Espa\u00f1a","twitter_card":"summary_large_image","twitter_creator":"@PressenzaIPA","twitter_site":"@PressenzaIPA","twitter_misc":{"Escrito por":"Redacci\u00f3n Espa\u00f1a","Tiempo de lectura":"6 minutos"},"schema":{"@context":"https:\/\/schema.org","@graph":[{"@type":"Article","@id":"https:\/\/www.pressenza.com\/es\/2025\/01\/pablo-bustinduy-ministro-de-asuntos-sociales-a-favor-del-desarme-nuclear-en-un-acto-con-el-premio-nobel-de-la-paz-2024\/#article","isPartOf":{"@id":"https:\/\/www.pressenza.com\/es\/2025\/01\/pablo-bustinduy-ministro-de-asuntos-sociales-a-favor-del-desarme-nuclear-en-un-acto-con-el-premio-nobel-de-la-paz-2024\/"},"author":{"name":"Redacci\u00f3n Espa\u00f1a","@id":"https:\/\/www.pressenza.com\/es\/#\/schema\/person\/fffbbe2f14495897417f313a954dae23"},"headline":"Pablo Bustinduy, ministro de Asuntos Sociales, a favor del desarme nuclear en un acto con el Premio Nobel de la Paz 2024","datePublished":"2025-01-23T18:42:32+00:00","dateModified":"2025-01-26T15:06:41+00:00","mainEntityOfPage":{"@id":"https:\/\/www.pressenza.com\/es\/2025\/01\/pablo-bustinduy-ministro-de-asuntos-sociales-a-favor-del-desarme-nuclear-en-un-acto-con-el-premio-nobel-de-la-paz-2024\/"},"wordCount":1373,"publisher":{"@id":"https:\/\/www.pressenza.com\/es\/#organization"},"image":{"@id":"https:\/\/www.pressenza.com\/es\/2025\/01\/pablo-bustinduy-ministro-de-asuntos-sociales-a-favor-del-desarme-nuclear-en-un-acto-con-el-premio-nobel-de-la-paz-2024\/#primaryimage"},"thumbnailUrl":"https:\/\/www.pressenza.com\/wp-content\/uploads\/2025\/01\/WhatsApp-Image-2025-01-23-at-19.28.19.jpeg","keywords":["Espa\u00f1a","hibakusha","Sumar","TPAN","Tratado para la Prohibici\u00f3n de las Armas Nucleares"],"articleSection":["Asuntos internacionales","Contenido Original","Paz y Desarme","Video"],"inLanguage":"es"},{"@type":"WebPage","@id":"https:\/\/www.pressenza.com\/es\/2025\/01\/pablo-bustinduy-ministro-de-asuntos-sociales-a-favor-del-desarme-nuclear-en-un-acto-con-el-premio-nobel-de-la-paz-2024\/","url":"https:\/\/www.pressenza.com\/es\/2025\/01\/pablo-bustinduy-ministro-de-asuntos-sociales-a-favor-del-desarme-nuclear-en-un-acto-con-el-premio-nobel-de-la-paz-2024\/","name":"Pablo Bustinduy, ministro de Asuntos Sociales, a favor del desarme nuclear en un acto con el Premio Nobel de la Paz 2024","isPartOf":{"@id":"https:\/\/www.pressenza.com\/es\/#website"},"primaryImageOfPage":{"@id":"https:\/\/www.pressenza.com\/es\/2025\/01\/pablo-bustinduy-ministro-de-asuntos-sociales-a-favor-del-desarme-nuclear-en-un-acto-con-el-premio-nobel-de-la-paz-2024\/#primaryimage"},"image":{"@id":"https:\/\/www.pressenza.com\/es\/2025\/01\/pablo-bustinduy-ministro-de-asuntos-sociales-a-favor-del-desarme-nuclear-en-un-acto-con-el-premio-nobel-de-la-paz-2024\/#primaryimage"},"thumbnailUrl":"https:\/\/www.pressenza.com\/wp-content\/uploads\/2025\/01\/WhatsApp-Image-2025-01-23-at-19.28.19.jpeg","datePublished":"2025-01-23T18:42:32+00:00","dateModified":"2025-01-26T15:06:41+00:00","description":"Pablo Bustinduy, ministro de Derechos Sociales, Consumo y Agenda 2030, ha participado en un acto organizado por el Ateneo de Madrid con motivo de la","breadcrumb":{"@id":"https:\/\/www.pressenza.com\/es\/2025\/01\/pablo-bustinduy-ministro-de-asuntos-sociales-a-favor-del-desarme-nuclear-en-un-acto-con-el-premio-nobel-de-la-paz-2024\/#breadcrumb"},"inLanguage":"es","potentialAction":[{"@type":"ReadAction","target":["https:\/\/www.pressenza.com\/es\/2025\/01\/pablo-bustinduy-ministro-de-asuntos-sociales-a-favor-del-desarme-nuclear-en-un-acto-con-el-premio-nobel-de-la-paz-2024\/"]}]},{"@type":"ImageObject","inLanguage":"es","@id":"https:\/\/www.pressenza.com\/es\/2025\/01\/pablo-bustinduy-ministro-de-asuntos-sociales-a-favor-del-desarme-nuclear-en-un-acto-con-el-premio-nobel-de-la-paz-2024\/#primaryimage","url":"https:\/\/www.pressenza.com\/wp-content\/uploads\/2025\/01\/WhatsApp-Image-2025-01-23-at-19.28.19.jpeg","contentUrl":"https:\/\/www.pressenza.com\/wp-content\/uploads\/2025\/01\/WhatsApp-Image-2025-01-23-at-19.28.19.jpeg","width":1600,"height":1200},{"@type":"BreadcrumbList","@id":"https:\/\/www.pressenza.com\/es\/2025\/01\/pablo-bustinduy-ministro-de-asuntos-sociales-a-favor-del-desarme-nuclear-en-un-acto-con-el-premio-nobel-de-la-paz-2024\/#breadcrumb","itemListElement":[{"@type":"ListItem","position":1,"name":"Accueil","item":"https:\/\/www.pressenza.com\/es\/"},{"@type":"ListItem","position":2,"name":"Pablo Bustinduy, ministro de Asuntos Sociales, a favor del desarme nuclear en un acto con el Premio Nobel de la Paz 2024"}]},{"@type":"WebSite","@id":"https:\/\/www.pressenza.com\/es\/#website","url":"https:\/\/www.pressenza.com\/es\/","name":"Pressenza","description":"International Press Agency","publisher":{"@id":"https:\/\/www.pressenza.com\/es\/#organization"},"potentialAction":[{"@type":"SearchAction","target":{"@type":"EntryPoint","urlTemplate":"https:\/\/www.pressenza.com\/es\/?s={search_term_string}"},"query-input":{"@type":"PropertyValueSpecification","valueRequired":true,"valueName":"search_term_string"}}],"inLanguage":"es"},{"@type":"Organization","@id":"https:\/\/www.pressenza.com\/es\/#organization","name":"Pressenza","url":"https:\/\/www.pressenza.com\/es\/","logo":{"@type":"ImageObject","inLanguage":"es","@id":"https:\/\/www.pressenza.com\/es\/#\/schema\/logo\/image\/","url":"https:\/\/www.pressenza.com\/wp-content\/uploads\/2022\/10\/pressenza_logo_200x200.jpg","contentUrl":"https:\/\/www.pressenza.com\/wp-content\/uploads\/2022\/10\/pressenza_logo_200x200.jpg","width":200,"height":200,"caption":"Pressenza"},"image":{"@id":"https:\/\/www.pressenza.com\/es\/#\/schema\/logo\/image\/"},"sameAs":["https:\/\/www.facebook.com\/PressenzaItalia","https:\/\/x.com\/PressenzaIPA"]},{"@type":"Person","@id":"https:\/\/www.pressenza.com\/es\/#\/schema\/person\/fffbbe2f14495897417f313a954dae23","name":"Redacci\u00f3n Espa\u00f1a","url":"https:\/\/www.pressenza.com\/es\/author\/redaccion-espana\/"}]}},"place":"Madrid, Espa\u00f1a","original_article_url":"","_links":{"self":[{"href":"https:\/\/www.pressenza.com\/es\/wp-json\/wp\/v2\/posts\/2578450","targetHints":{"allow":["GET"]}}],"collection":[{"href":"https:\/\/www.pressenza.com\/es\/wp-json\/wp\/v2\/posts"}],"about":[{"href":"https:\/\/www.pressenza.com\/es\/wp-json\/wp\/v2\/types\/post"}],"author":[{"embeddable":true,"href":"https:\/\/www.pressenza.com\/es\/wp-json\/wp\/v2\/users\/1681"}],"replies":[{"embeddable":true,"href":"https:\/\/www.pressenza.com\/es\/wp-json\/wp\/v2\/comments?post=2578450"}],"version-history":[{"count":0,"href":"https:\/\/www.pressenza.com\/es\/wp-json\/wp\/v2\/posts\/2578450\/revisions"}],"wp:featuredmedia":[{"embeddable":true,"href":"https:\/\/www.pressenza.com\/es\/wp-json\/wp\/v2\/media\/2578454"}],"wp:attachment":[{"href":"https:\/\/www.pressenza.com\/es\/wp-json\/wp\/v2\/media?parent=2578450"}],"wp:term":[{"taxonomy":"category","embeddable":true,"href":"https:\/\/www.pressenza.com\/es\/wp-json\/wp\/v2\/categories?post=2578450"},{"taxonomy":"post_tag","embeddable":true,"href":"https:\/\/www.pressenza.com\/es\/wp-json\/wp\/v2\/tags?post=2578450"}],"curies":[{"name":"wp","href":"https:\/\/api.w.org\/{rel}","templated":true}]}}