{"id":2578369,"date":"2025-01-23T14:52:40","date_gmt":"2025-01-23T14:52:40","guid":{"rendered":"https:\/\/www.pressenza.com\/?p=2578369"},"modified":"2025-01-23T14:52:40","modified_gmt":"2025-01-23T14:52:40","slug":"la-otan-acusada-de-terrorismo-en-africa","status":"publish","type":"post","link":"https:\/\/www.pressenza.com\/es\/2025\/01\/la-otan-acusada-de-terrorismo-en-africa\/","title":{"rendered":"\u00bfLa OTAN acusada de terrorismo en \u00c1frica?"},"content":{"rendered":"<p>Una interesante iniciativa vio la luz el s\u00e1bado 18 de enero de 2025. Una petici\u00f3n para investigar supuestas operaciones militares no oficiales de pa\u00edses de la OTAN en \u00c1frica, que podr\u00edan socavar las buenas relaciones entre los pueblos occidentales y africanos.<\/p>\n<p>El instituto \u00abAfrique des libert\u00e9s\u00bb, asociaci\u00f3n panafricanista con adherentes en numerosos pa\u00edses, ha lanzado una petici\u00f3n internacional para que se abra una investigaci\u00f3n parlamentaria y judicial sobre las acusaciones de apoyo al terrorismo en \u00c1frica lanzadas contra el gobierno franc\u00e9s por Mal\u00ed, Burkina Faso y N\u00edger. <a href=\"https:\/\/shorturl.at\/urcSZ\">https:\/\/shorturl.at\/urcSZ<\/a><\/p>\n<p>La petici\u00f3n estar\u00eda abierta a tres niveles, la Asamblea Nacional francesa, el Parlamento Europeo y la comunidad internacional.<\/p>\n<p>Los tres pa\u00edses, que forman la <a href=\"https:\/\/en.wikipedia.org\/wiki\/Alliance_of_Sahel_States\">Confederaci\u00f3n del Sahel<\/a>, han denunciado p\u00fablicamente en repetidas ocasiones a los gobiernos de los pa\u00edses de la OTAN de apoyar el terrorismo en \u00c1frica para preservar mejor los intereses econ\u00f3micos occidentales en \u00c1frica mediante la pr\u00e1ctica de la desestabilizaci\u00f3n.<\/p>\n<p>He aqu\u00ed algunos ejemplos.<\/p>\n<p>Agosto de 2022, Mali recurre a la ONU y acusa a Francia de proporcionar informaci\u00f3n y armas a los terroristas. <a href=\"https:\/\/shorturl.at\/ko0Fe\">https:\/\/shorturl.at\/ko0Fe<\/a><\/p>\n<p>Julio de 2024, La embajada ucraniana en Dakar habr\u00eda apoyado un atentado terrorista en el norte de Mali. <a href=\"https:\/\/www.youtube.com\/watch?v=GgtvKK5KrKk\">https:\/\/www.youtube.com\/watch?v=GgtvKK5KrKk<\/a><\/p>\n<p>Diciembre de 2024, el presidente de N\u00edger, Abdourahmane Tiani, acusa con datos precisos y detallados al gobierno franc\u00e9s de apoyar el terrorismo.<\/p>\n<p><iframe loading=\"lazy\" title=\"Niger : Le G\u00e9n\u00e9ral Abdourahamane Tiani parle !\" width=\"500\" height=\"281\" src=\"https:\/\/www.youtube.com\/embed\/MWJ0Zg8ja_c?feature=oembed\" frameborder=\"0\" allow=\"accelerometer; autoplay; clipboard-write; encrypted-media; gyroscope; picture-in-picture; web-share\" referrerpolicy=\"strict-origin-when-cross-origin\" allowfullscreen><\/iframe><\/p>\n<p>En una reuni\u00f3n de la ONU, el ex ministro franc\u00e9s de Asuntos Exteriores, L. Fabius, al pedir a su colega Lavrov que apoyara una resoluci\u00f3n de intervenci\u00f3n en Mali, supuestamente admiti\u00f3 el uso del terrorismo para desestabilizar Libia. <a href=\"https:\/\/shorturl.at\/jbehs\">https:\/\/shorturl.at\/jbehs<\/a><\/p>\n<p>Como posible motivo de las supuestas incursiones, destacan ciertos proyectos de emancipaci\u00f3n de los pueblos africanos, deseosos de gestionar sus riquezas naturales para su propio bienestar. Tales proyectos tender\u00edan a ampliar la soberan\u00eda de los pueblos de \u00c1frica y a disminuir la presencia neocolonial en el continente.<\/p>\n<p>He aqu\u00ed algunos casos.<\/p>\n<p>N\u00edger recupera su uranio. <a href=\"https:\/\/shorturl.at\/SpENJ\">https:\/\/shorturl.at\/SpENJ<\/a><\/p>\n<p>Mal\u00ed recupera su oro. <a href=\"https:\/\/shorturl.at\/N0zbr\">https:\/\/shorturl.at\/N0zbr<\/a><\/p>\n<p>En Mal\u00ed se abre la mina de litio de Goulamina. <a href=\"https:\/\/fr.wikipedia.org\/wiki\/Mine_de_lithium_de_Goulamina\">https:\/\/fr.wikipedia.org\/wiki\/Mine_de_lithium_de_Goulamina<\/a><\/p>\n<p>En Burkina Faso menos importaciones y m\u00e1s autosuficiencia. <a href=\"https:\/\/tinyurl.com\/37aj23uy\">https:\/\/tinyurl.com\/37aj23uy<\/a><\/p>\n<p>Un actor importante en el proceso de emancipaci\u00f3n ser\u00edan los movimientos revolucionarios panafricanistas que aspiran a:<\/p>\n<p>1 &#8211; retirada de las bases militares de la OTAN no deseadas, del personal militar y paramilitar y de las agencias de seguridad extranjeras del suelo africano<\/p>\n<p>2 &#8211; salida de los pa\u00edses africanos de la moneda neocolonial del franco CFA para liberarse del endeudamiento sist\u00e9mico y poder vender libremente sus plusval\u00edas en el mercado mundial<\/p>\n<p>3 &#8211; fin de las injerencias extranjeras en la elecci\u00f3n de los representantes de los pueblos africanos<\/p>\n<p>4 &#8211; basar la construcci\u00f3n institucional africana en las tradiciones humanistas ancestrales de \u00c1frica de bondad, verdad, justicia y solidaridad.<\/p>\n<p>De confirmarse, las acusaciones contenidas en la petici\u00f3n constituir\u00edan grav\u00edsimos actos de violencia por parte de la OTAN, que deber\u00e1n corregirse lo m\u00e1s pronto posible si se quieren establecer relaciones internacionales justas y duraderas.<\/p>\n<p>Mientras tanto, esperemos que las personas y los pueblos hagan suya la regla de oro: \u00abTrata a los dem\u00e1s como quieres que te traten a ti\u00bb.<\/p>\n<p>\u00c1frica tiende hoy a liberarse, a configurarse como regi\u00f3n y a elegir libremente su destino. Occidente no quiere perder la riqueza africana barata de la que ha disfrutado durante 600 a\u00f1os. <a href=\"https:\/\/www.pressenza.com\/it\/2024\/06\/africa-nel-mirino-della-nato\/\">https:\/\/www.pressenza.com\/it\/2024\/06\/africa-nel-mirino-della-nato\/<\/a><\/p>\n","protected":false},"excerpt":{"rendered":"<p>Una interesante iniciativa vio la luz el s\u00e1bado 18 de enero de 2025. Una petici\u00f3n para investigar supuestas operaciones militares no oficiales de pa\u00edses de la OTAN en \u00c1frica, que podr\u00edan socavar las buenas relaciones entre los pueblos occidentales y&hellip;<\/p>\n","protected":false},"author":61,"featured_media":2578371,"comment_status":"closed","ping_status":"closed","sticky":false,"template":"","format":"standard","meta":{"footnotes":""},"categories":[76],"tags":[124530,3095,16388,1432,60584],"class_list":["post-2578369","post","type-post","status-publish","format-standard","has-post-thumbnail","hentry","category-relaciones-exteriores","tag-aes-es","tag-colonialismo-es","tag-emancipacion","tag-francia","tag-sahel-es"],"yoast_head":"<!-- This site is optimized with the Yoast SEO plugin v27.1.1 - https:\/\/yoast.com\/product\/yoast-seo-wordpress\/ -->\n<title>\u00bfLa OTAN acusada de terrorismo en \u00c1frica?<\/title>\n<meta name=\"description\" content=\"Una interesante iniciativa vio la luz el s\u00e1bado 18 de enero de 2025. Una petici\u00f3n para investigar supuestas operaciones militares no oficiales de pa\u00edses\" \/>\n<meta name=\"robots\" content=\"index, follow, max-snippet:-1, max-image-preview:large, max-video-preview:-1\" \/>\n<link rel=\"canonical\" href=\"https:\/\/www.pressenza.com\/es\/2025\/01\/la-otan-acusada-de-terrorismo-en-africa\/\" \/>\n<meta property=\"og:locale\" content=\"es_ES\" \/>\n<meta property=\"og:type\" content=\"article\" \/>\n<meta property=\"og:title\" content=\"\u00bfLa OTAN acusada de terrorismo en \u00c1frica?\" \/>\n<meta property=\"og:description\" content=\"Una interesante iniciativa vio la luz el s\u00e1bado 18 de enero de 2025. Una petici\u00f3n para investigar supuestas operaciones militares no oficiales de pa\u00edses\" \/>\n<meta property=\"og:url\" content=\"https:\/\/www.pressenza.com\/es\/2025\/01\/la-otan-acusada-de-terrorismo-en-africa\/\" \/>\n<meta property=\"og:site_name\" content=\"Pressenza\" \/>\n<meta property=\"article:publisher\" content=\"https:\/\/www.facebook.com\/PressenzaItalia\" \/>\n<meta property=\"article:author\" content=\"https:\/\/www.facebook.com\/toni.antonucci\" \/>\n<meta property=\"article:published_time\" content=\"2025-01-23T14:52:40+00:00\" \/>\n<meta property=\"og:image\" content=\"https:\/\/www.pressenza.com\/wp-content\/uploads\/2025\/01\/AES-04.jpg\" \/>\n\t<meta property=\"og:image:width\" content=\"1134\" \/>\n\t<meta property=\"og:image:height\" content=\"720\" \/>\n\t<meta property=\"og:image:type\" content=\"image\/jpeg\" \/>\n<meta name=\"author\" content=\"Toni Antonucci\" \/>\n<meta name=\"twitter:card\" content=\"summary_large_image\" \/>\n<meta name=\"twitter:creator\" content=\"@Toni_Antonucci\" \/>\n<meta name=\"twitter:site\" content=\"@PressenzaIPA\" \/>\n<meta name=\"twitter:label1\" content=\"Escrito por\" \/>\n\t<meta name=\"twitter:data1\" content=\"Toni Antonucci\" \/>\n\t<meta name=\"twitter:label2\" content=\"Tiempo de lectura\" \/>\n\t<meta name=\"twitter:data2\" content=\"3 minutos\" \/>\n<script type=\"application\/ld+json\" class=\"yoast-schema-graph\">{\"@context\":\"https:\/\/schema.org\",\"@graph\":[{\"@type\":\"Article\",\"@id\":\"https:\/\/www.pressenza.com\/es\/2025\/01\/la-otan-acusada-de-terrorismo-en-africa\/#article\",\"isPartOf\":{\"@id\":\"https:\/\/www.pressenza.com\/es\/2025\/01\/la-otan-acusada-de-terrorismo-en-africa\/\"},\"author\":{\"name\":\"Toni Antonucci\",\"@id\":\"https:\/\/www.pressenza.com\/es\/#\/schema\/person\/1bcf7e6171442c00a579a85545fe58e9\"},\"headline\":\"\u00bfLa OTAN acusada de terrorismo en \u00c1frica?\",\"datePublished\":\"2025-01-23T14:52:40+00:00\",\"mainEntityOfPage\":{\"@id\":\"https:\/\/www.pressenza.com\/es\/2025\/01\/la-otan-acusada-de-terrorismo-en-africa\/\"},\"wordCount\":637,\"publisher\":{\"@id\":\"https:\/\/www.pressenza.com\/es\/#organization\"},\"image\":{\"@id\":\"https:\/\/www.pressenza.com\/es\/2025\/01\/la-otan-acusada-de-terrorismo-en-africa\/#primaryimage\"},\"thumbnailUrl\":\"https:\/\/www.pressenza.com\/wp-content\/uploads\/2025\/01\/AES-04.jpg\",\"keywords\":[\"AES\",\"colonialismo\",\"Emancipaci\u00f3n\",\"Francia\",\"sahel\"],\"articleSection\":[\"Asuntos internacionales\"],\"inLanguage\":\"es\"},{\"@type\":\"WebPage\",\"@id\":\"https:\/\/www.pressenza.com\/es\/2025\/01\/la-otan-acusada-de-terrorismo-en-africa\/\",\"url\":\"https:\/\/www.pressenza.com\/es\/2025\/01\/la-otan-acusada-de-terrorismo-en-africa\/\",\"name\":\"\u00bfLa OTAN acusada de terrorismo en \u00c1frica?\",\"isPartOf\":{\"@id\":\"https:\/\/www.pressenza.com\/es\/#website\"},\"primaryImageOfPage\":{\"@id\":\"https:\/\/www.pressenza.com\/es\/2025\/01\/la-otan-acusada-de-terrorismo-en-africa\/#primaryimage\"},\"image\":{\"@id\":\"https:\/\/www.pressenza.com\/es\/2025\/01\/la-otan-acusada-de-terrorismo-en-africa\/#primaryimage\"},\"thumbnailUrl\":\"https:\/\/www.pressenza.com\/wp-content\/uploads\/2025\/01\/AES-04.jpg\",\"datePublished\":\"2025-01-23T14:52:40+00:00\",\"description\":\"Una interesante iniciativa vio la luz el s\u00e1bado 18 de enero de 2025. Una petici\u00f3n para investigar supuestas operaciones militares no oficiales de pa\u00edses\",\"breadcrumb\":{\"@id\":\"https:\/\/www.pressenza.com\/es\/2025\/01\/la-otan-acusada-de-terrorismo-en-africa\/#breadcrumb\"},\"inLanguage\":\"es\",\"potentialAction\":[{\"@type\":\"ReadAction\",\"target\":[\"https:\/\/www.pressenza.com\/es\/2025\/01\/la-otan-acusada-de-terrorismo-en-africa\/\"]}]},{\"@type\":\"ImageObject\",\"inLanguage\":\"es\",\"@id\":\"https:\/\/www.pressenza.com\/es\/2025\/01\/la-otan-acusada-de-terrorismo-en-africa\/#primaryimage\",\"url\":\"https:\/\/www.pressenza.com\/wp-content\/uploads\/2025\/01\/AES-04.jpg\",\"contentUrl\":\"https:\/\/www.pressenza.com\/wp-content\/uploads\/2025\/01\/AES-04.jpg\",\"width\":1134,\"height\":720},{\"@type\":\"BreadcrumbList\",\"@id\":\"https:\/\/www.pressenza.com\/es\/2025\/01\/la-otan-acusada-de-terrorismo-en-africa\/#breadcrumb\",\"itemListElement\":[{\"@type\":\"ListItem\",\"position\":1,\"name\":\"Accueil\",\"item\":\"https:\/\/www.pressenza.com\/es\/\"},{\"@type\":\"ListItem\",\"position\":2,\"name\":\"\u00bfLa OTAN acusada de terrorismo en \u00c1frica?\"}]},{\"@type\":\"WebSite\",\"@id\":\"https:\/\/www.pressenza.com\/es\/#website\",\"url\":\"https:\/\/www.pressenza.com\/es\/\",\"name\":\"Pressenza\",\"description\":\"International Press Agency\",\"publisher\":{\"@id\":\"https:\/\/www.pressenza.com\/es\/#organization\"},\"potentialAction\":[{\"@type\":\"SearchAction\",\"target\":{\"@type\":\"EntryPoint\",\"urlTemplate\":\"https:\/\/www.pressenza.com\/es\/?s={search_term_string}\"},\"query-input\":{\"@type\":\"PropertyValueSpecification\",\"valueRequired\":true,\"valueName\":\"search_term_string\"}}],\"inLanguage\":\"es\"},{\"@type\":\"Organization\",\"@id\":\"https:\/\/www.pressenza.com\/es\/#organization\",\"name\":\"Pressenza\",\"url\":\"https:\/\/www.pressenza.com\/es\/\",\"logo\":{\"@type\":\"ImageObject\",\"inLanguage\":\"es\",\"@id\":\"https:\/\/www.pressenza.com\/es\/#\/schema\/logo\/image\/\",\"url\":\"https:\/\/www.pressenza.com\/wp-content\/uploads\/2022\/10\/pressenza_logo_200x200.jpg\",\"contentUrl\":\"https:\/\/www.pressenza.com\/wp-content\/uploads\/2022\/10\/pressenza_logo_200x200.jpg\",\"width\":200,\"height\":200,\"caption\":\"Pressenza\"},\"image\":{\"@id\":\"https:\/\/www.pressenza.com\/es\/#\/schema\/logo\/image\/\"},\"sameAs\":[\"https:\/\/www.facebook.com\/PressenzaItalia\",\"https:\/\/x.com\/PressenzaIPA\"]},{\"@type\":\"Person\",\"@id\":\"https:\/\/www.pressenza.com\/es\/#\/schema\/person\/1bcf7e6171442c00a579a85545fe58e9\",\"name\":\"Toni Antonucci\",\"description\":\"Co-editor of Pressenza, translator, humanist.\",\"sameAs\":[\"https:\/\/www.facebook.com\/toni.antonucci\",\"https:\/\/x.com\/Toni_Antonucci\"],\"url\":\"https:\/\/www.pressenza.com\/es\/author\/toni-antonucci\/\"}]}<\/script>\n<!-- \/ Yoast SEO plugin. -->","yoast_head_json":{"title":"\u00bfLa OTAN acusada de terrorismo en \u00c1frica?","description":"Una interesante iniciativa vio la luz el s\u00e1bado 18 de enero de 2025. Una petici\u00f3n para investigar supuestas operaciones militares no oficiales de pa\u00edses","robots":{"index":"index","follow":"follow","max-snippet":"max-snippet:-1","max-image-preview":"max-image-preview:large","max-video-preview":"max-video-preview:-1"},"canonical":"https:\/\/www.pressenza.com\/es\/2025\/01\/la-otan-acusada-de-terrorismo-en-africa\/","og_locale":"es_ES","og_type":"article","og_title":"\u00bfLa OTAN acusada de terrorismo en \u00c1frica?","og_description":"Una interesante iniciativa vio la luz el s\u00e1bado 18 de enero de 2025. Una petici\u00f3n para investigar supuestas operaciones militares no oficiales de pa\u00edses","og_url":"https:\/\/www.pressenza.com\/es\/2025\/01\/la-otan-acusada-de-terrorismo-en-africa\/","og_site_name":"Pressenza","article_publisher":"https:\/\/www.facebook.com\/PressenzaItalia","article_author":"https:\/\/www.facebook.com\/toni.antonucci","article_published_time":"2025-01-23T14:52:40+00:00","og_image":[{"width":1134,"height":720,"url":"https:\/\/www.pressenza.com\/wp-content\/uploads\/2025\/01\/AES-04.jpg","type":"image\/jpeg"}],"author":"Toni Antonucci","twitter_card":"summary_large_image","twitter_creator":"@Toni_Antonucci","twitter_site":"@PressenzaIPA","twitter_misc":{"Escrito por":"Toni Antonucci","Tiempo de lectura":"3 minutos"},"schema":{"@context":"https:\/\/schema.org","@graph":[{"@type":"Article","@id":"https:\/\/www.pressenza.com\/es\/2025\/01\/la-otan-acusada-de-terrorismo-en-africa\/#article","isPartOf":{"@id":"https:\/\/www.pressenza.com\/es\/2025\/01\/la-otan-acusada-de-terrorismo-en-africa\/"},"author":{"name":"Toni Antonucci","@id":"https:\/\/www.pressenza.com\/es\/#\/schema\/person\/1bcf7e6171442c00a579a85545fe58e9"},"headline":"\u00bfLa OTAN acusada de terrorismo en \u00c1frica?","datePublished":"2025-01-23T14:52:40+00:00","mainEntityOfPage":{"@id":"https:\/\/www.pressenza.com\/es\/2025\/01\/la-otan-acusada-de-terrorismo-en-africa\/"},"wordCount":637,"publisher":{"@id":"https:\/\/www.pressenza.com\/es\/#organization"},"image":{"@id":"https:\/\/www.pressenza.com\/es\/2025\/01\/la-otan-acusada-de-terrorismo-en-africa\/#primaryimage"},"thumbnailUrl":"https:\/\/www.pressenza.com\/wp-content\/uploads\/2025\/01\/AES-04.jpg","keywords":["AES","colonialismo","Emancipaci\u00f3n","Francia","sahel"],"articleSection":["Asuntos internacionales"],"inLanguage":"es"},{"@type":"WebPage","@id":"https:\/\/www.pressenza.com\/es\/2025\/01\/la-otan-acusada-de-terrorismo-en-africa\/","url":"https:\/\/www.pressenza.com\/es\/2025\/01\/la-otan-acusada-de-terrorismo-en-africa\/","name":"\u00bfLa OTAN acusada de terrorismo en \u00c1frica?","isPartOf":{"@id":"https:\/\/www.pressenza.com\/es\/#website"},"primaryImageOfPage":{"@id":"https:\/\/www.pressenza.com\/es\/2025\/01\/la-otan-acusada-de-terrorismo-en-africa\/#primaryimage"},"image":{"@id":"https:\/\/www.pressenza.com\/es\/2025\/01\/la-otan-acusada-de-terrorismo-en-africa\/#primaryimage"},"thumbnailUrl":"https:\/\/www.pressenza.com\/wp-content\/uploads\/2025\/01\/AES-04.jpg","datePublished":"2025-01-23T14:52:40+00:00","description":"Una interesante iniciativa vio la luz el s\u00e1bado 18 de enero de 2025. Una petici\u00f3n para investigar supuestas operaciones militares no oficiales de pa\u00edses","breadcrumb":{"@id":"https:\/\/www.pressenza.com\/es\/2025\/01\/la-otan-acusada-de-terrorismo-en-africa\/#breadcrumb"},"inLanguage":"es","potentialAction":[{"@type":"ReadAction","target":["https:\/\/www.pressenza.com\/es\/2025\/01\/la-otan-acusada-de-terrorismo-en-africa\/"]}]},{"@type":"ImageObject","inLanguage":"es","@id":"https:\/\/www.pressenza.com\/es\/2025\/01\/la-otan-acusada-de-terrorismo-en-africa\/#primaryimage","url":"https:\/\/www.pressenza.com\/wp-content\/uploads\/2025\/01\/AES-04.jpg","contentUrl":"https:\/\/www.pressenza.com\/wp-content\/uploads\/2025\/01\/AES-04.jpg","width":1134,"height":720},{"@type":"BreadcrumbList","@id":"https:\/\/www.pressenza.com\/es\/2025\/01\/la-otan-acusada-de-terrorismo-en-africa\/#breadcrumb","itemListElement":[{"@type":"ListItem","position":1,"name":"Accueil","item":"https:\/\/www.pressenza.com\/es\/"},{"@type":"ListItem","position":2,"name":"\u00bfLa OTAN acusada de terrorismo en \u00c1frica?"}]},{"@type":"WebSite","@id":"https:\/\/www.pressenza.com\/es\/#website","url":"https:\/\/www.pressenza.com\/es\/","name":"Pressenza","description":"International Press Agency","publisher":{"@id":"https:\/\/www.pressenza.com\/es\/#organization"},"potentialAction":[{"@type":"SearchAction","target":{"@type":"EntryPoint","urlTemplate":"https:\/\/www.pressenza.com\/es\/?s={search_term_string}"},"query-input":{"@type":"PropertyValueSpecification","valueRequired":true,"valueName":"search_term_string"}}],"inLanguage":"es"},{"@type":"Organization","@id":"https:\/\/www.pressenza.com\/es\/#organization","name":"Pressenza","url":"https:\/\/www.pressenza.com\/es\/","logo":{"@type":"ImageObject","inLanguage":"es","@id":"https:\/\/www.pressenza.com\/es\/#\/schema\/logo\/image\/","url":"https:\/\/www.pressenza.com\/wp-content\/uploads\/2022\/10\/pressenza_logo_200x200.jpg","contentUrl":"https:\/\/www.pressenza.com\/wp-content\/uploads\/2022\/10\/pressenza_logo_200x200.jpg","width":200,"height":200,"caption":"Pressenza"},"image":{"@id":"https:\/\/www.pressenza.com\/es\/#\/schema\/logo\/image\/"},"sameAs":["https:\/\/www.facebook.com\/PressenzaItalia","https:\/\/x.com\/PressenzaIPA"]},{"@type":"Person","@id":"https:\/\/www.pressenza.com\/es\/#\/schema\/person\/1bcf7e6171442c00a579a85545fe58e9","name":"Toni Antonucci","description":"Co-editor of Pressenza, translator, humanist.","sameAs":["https:\/\/www.facebook.com\/toni.antonucci","https:\/\/x.com\/Toni_Antonucci"],"url":"https:\/\/www.pressenza.com\/es\/author\/toni-antonucci\/"}]}},"place":"","original_article_url":"","_links":{"self":[{"href":"https:\/\/www.pressenza.com\/es\/wp-json\/wp\/v2\/posts\/2578369","targetHints":{"allow":["GET"]}}],"collection":[{"href":"https:\/\/www.pressenza.com\/es\/wp-json\/wp\/v2\/posts"}],"about":[{"href":"https:\/\/www.pressenza.com\/es\/wp-json\/wp\/v2\/types\/post"}],"author":[{"embeddable":true,"href":"https:\/\/www.pressenza.com\/es\/wp-json\/wp\/v2\/users\/61"}],"replies":[{"embeddable":true,"href":"https:\/\/www.pressenza.com\/es\/wp-json\/wp\/v2\/comments?post=2578369"}],"version-history":[{"count":0,"href":"https:\/\/www.pressenza.com\/es\/wp-json\/wp\/v2\/posts\/2578369\/revisions"}],"wp:featuredmedia":[{"embeddable":true,"href":"https:\/\/www.pressenza.com\/es\/wp-json\/wp\/v2\/media\/2578371"}],"wp:attachment":[{"href":"https:\/\/www.pressenza.com\/es\/wp-json\/wp\/v2\/media?parent=2578369"}],"wp:term":[{"taxonomy":"category","embeddable":true,"href":"https:\/\/www.pressenza.com\/es\/wp-json\/wp\/v2\/categories?post=2578369"},{"taxonomy":"post_tag","embeddable":true,"href":"https:\/\/www.pressenza.com\/es\/wp-json\/wp\/v2\/tags?post=2578369"}],"curies":[{"name":"wp","href":"https:\/\/api.w.org\/{rel}","templated":true}]}}