{"id":2576863,"date":"2025-01-18T17:36:59","date_gmt":"2025-01-18T17:36:59","guid":{"rendered":"https:\/\/www.pressenza.com\/?p=2576863"},"modified":"2025-01-18T22:47:03","modified_gmt":"2025-01-18T22:47:03","slug":"ecuador-chigualo-por-los-4-de-las-malvina","status":"publish","type":"post","link":"https:\/\/www.pressenza.com\/es\/2025\/01\/ecuador-chigualo-por-los-4-de-las-malvina\/","title":{"rendered":"Ecuador: chigualo por los 4 de Las Malvinas"},"content":{"rendered":"<p>Chigualo es la fiesta m\u00e1s antigua y significativa de los montuvios y afros de Ecuador. Los chigualos y los arullos son dos cantos de tradici\u00f3n oral de la cultura afroecuatoriana, espec\u00edficamente de la regi\u00f3n de Esmeraldas, ubicada en la frontera noroeste del pa\u00eds. En este ritual, que incluye canto, baile, m\u00fasica, se pueden cantar \u2018arrullos\u2019 para los ni\u00f1os, para que su alma se vaya jugando.<\/p>\n<p>El pasado 8 de enero, a un mes del asesinato de los ni\u00f1os Josu\u00e9, Ismael, Steven y Nehem\u00edas a manos de militares ecuatorianos, el pueblo negro de Guayaquil se levant\u00f3 para exigir justicia y honrar su memoria, con una gran marcha que culmin\u00f3 en un acto simb\u00f3lico, con la celebraci\u00f3n de un \u2018chigualo\u2019. \u201cVamos a arrullar a nuestros ni\u00f1os\u201d rezaba el afiche de la convocatoria. Al grito de \u201c\u00a1El racismo mata, la comunidad negra se levanta!\u201d, la marcha comenz\u00f3 en la Casa Comunal del barrio Las Malvinas y pas\u00f3 por las casas de los ni\u00f1os, hasta el Mall del Sur, donde fueron detenidos el 8 de diciembre pasado.<\/p>\n<p>Un homenaje a los 4 ni\u00f1os asesinados y a todas las infancias negras que siguen siendo v\u00edctimas de un sistema que las criminaliza y de un Estado racista:<\/p>\n<p>\u201cTil\u00edn til\u00edn que los han matado. Til\u00edn til\u00edn \u00bfQui\u00e9n el autor? Til\u00edn til\u00edn, ya nos dimos cuenta. Til\u00edn til\u00edn, el Estado no hace nada\u201d.<\/p>\n<p>En medio de los c\u00e1nticos de los arrullos, se escucha la voz del poeta popular:<\/p>\n<p><em>\u201cHay un silencio profundo que en diciembre comenz\u00f3,<br \/>\nla inocencia de este mundo, con los cuatro se march\u00f3.<br \/>\nNi\u00f1os negros han nacido, con pureza cristalina<br \/>\nen Guayaquil, Las Malvinas, por el barrio conocido.<br \/>\nY est\u00e1n desaparecidos por el Estado rotundo, por militares inmundos.<br \/>\nPor la muerte y su cantar hay un silencio profundo.<br \/>\nMataron las ilusiones en los ojos de la gente,<br \/>\nque vieron conscientemente la milicia y sus acciones.<br \/>\nCuatro desapariciones, la b\u00fasqueda ya empez\u00f3,<br \/>\nla gente se organiz\u00f3 sin pensar en la maldad,<br \/>\nel camino, la crueldad, que en diciembre comenz\u00f3.<br \/>\nTodo el mundo fue testigo de las malvadas acciones de militares matones,<br \/>\nque dejaron sin abrigo a los padres, los amigos,<br \/>\nque buscan en lo profundo, ante este da\u00f1o rotundo<br \/>\nde la muerte de Steven, Nehem\u00edas, Josu\u00e9, Ismael,<br \/>\nla inocencia de este mundo.<br \/>\nCuatro hogares destrozados, cada uno con su sue\u00f1o,<br \/>\nquite\u00f1os, guayaquile\u00f1os piden respuesta al Estado.<br \/>\nEcuador ha protestado, lo m\u00e1s triste se escuch\u00f3.<br \/>\nNochebuena se ha esfum\u00f3 si no aparecen los ni\u00f1os.<br \/>\nMiles de sue\u00f1os de armi\u00f1o con los cuatro se march\u00f3\u201d.<\/em><\/p>\n<div id=\"attachment_2577314\" class=\"wp-caption aligncenter\"><img loading=\"lazy\" decoding=\"async\" aria-describedby=\"caption-attachment-2577314\" class=\"wp-image-2577314 size-large\" src=\"https:\/\/www.pressenza.com\/wp-content\/uploads\/2025\/01\/En-memoria-de-Steven-Ismael-Josue-y-Saul-820x572.jpg\" alt=\"En memoria de Steven, Ismael, Josue\u0301 y Sau\u0301l (Foto: Xavier Granja)\" width=\"820\" height=\"572\" srcset=\"https:\/\/www.pressenza.com\/wp-content\/uploads\/2025\/01\/En-memoria-de-Steven-Ismael-Josue-y-Saul-820x572.jpg 820w, https:\/\/www.pressenza.com\/wp-content\/uploads\/2025\/01\/En-memoria-de-Steven-Ismael-Josue-y-Saul-300x209.jpg 300w, https:\/\/www.pressenza.com\/wp-content\/uploads\/2025\/01\/En-memoria-de-Steven-Ismael-Josue-y-Saul.jpg 1894w\" sizes=\"auto, (max-width: 820px) 100vw, 820px\" \/><p id=\"caption-attachment-2577314\" class=\"wp-caption-text\">En memoria de Steven, Ismael, Josue\u0301 y Sau\u0301l (Foto: Xavier Granja)<\/p><\/div>\n<p>Una joven dirigente afro clama ante la multitud: \u201cprimero, que nos dejen de matar, por favor, saquen a los milicos de las calles, saquen esas pol\u00edticas de represi\u00f3n\u201d<\/p>\n<p>&nbsp;<\/p>\n<p><em>*<\/em><em>Fotograf\u00edas: una colaboraci\u00f3n de <a href=\"https:\/\/www.instagram.com\/xavogranja\/\">Xavier Granja<\/a> (director de la carrera de Dise\u00f1o Fotogr\u00e1fico en <a href=\"https:\/\/lametro.edu.ec\/estudia-fotografia-en-la-metro-2024\/\">La Metro<\/a>)<\/em><\/p>\n","protected":false},"excerpt":{"rendered":"<p>Chigualo es la fiesta m\u00e1s antigua y significativa de los montuvios y afros de Ecuador. Los chigualos y los arullos son dos cantos de tradici\u00f3n oral de la cultura afroecuatoriana, espec\u00edficamente de la regi\u00f3n de Esmeraldas, ubicada en la frontera&hellip;<\/p>\n","protected":false},"author":2234,"featured_media":2577311,"comment_status":"closed","ping_status":"closed","sticky":false,"template":"","format":"standard","meta":{"footnotes":""},"categories":[11389,79,46976,106739,67],"tags":[24611,130771],"class_list":["post-2576863","post","type-post","status-publish","format-standard","has-post-thumbnail","hentry","category-contenido-original","category-derechos-humanos","category-jovenes","category-noticia","category-sudamerica","tag-crimen-de-estado","tag-los-4-de-guayaquil"],"yoast_head":"<!-- This site is optimized with the Yoast SEO plugin v27.1.1 - https:\/\/yoast.com\/product\/yoast-seo-wordpress\/ -->\n<title>Ecuador: chigualo por los 4 de Las Malvinas<\/title>\n<meta name=\"description\" content=\"Chigualo es la fiesta m\u00e1s antigua y significativa de los montuvios y afros de Ecuador. Los chigualos y los arullos son dos cantos de tradici\u00f3n oral de la\" \/>\n<meta name=\"robots\" content=\"index, follow, max-snippet:-1, max-image-preview:large, max-video-preview:-1\" \/>\n<link rel=\"canonical\" href=\"https:\/\/www.pressenza.com\/es\/2025\/01\/ecuador-chigualo-por-los-4-de-las-malvina\/\" \/>\n<meta property=\"og:locale\" content=\"es_ES\" \/>\n<meta property=\"og:type\" content=\"article\" \/>\n<meta property=\"og:title\" content=\"Ecuador: chigualo por los 4 de Las Malvinas\" \/>\n<meta property=\"og:description\" content=\"Chigualo es la fiesta m\u00e1s antigua y significativa de los montuvios y afros de Ecuador. Los chigualos y los arullos son dos cantos de tradici\u00f3n oral de la\" \/>\n<meta property=\"og:url\" content=\"https:\/\/www.pressenza.com\/es\/2025\/01\/ecuador-chigualo-por-los-4-de-las-malvina\/\" \/>\n<meta property=\"og:site_name\" content=\"Pressenza\" \/>\n<meta property=\"article:publisher\" content=\"https:\/\/www.facebook.com\/PressenzaItalia\" \/>\n<meta property=\"article:published_time\" content=\"2025-01-18T17:36:59+00:00\" \/>\n<meta property=\"article:modified_time\" content=\"2025-01-18T22:47:03+00:00\" \/>\n<meta property=\"og:image\" content=\"https:\/\/www.pressenza.com\/wp-content\/uploads\/2025\/01\/IMG_6803.jpg\" \/>\n\t<meta property=\"og:image:width\" content=\"1170\" \/>\n\t<meta property=\"og:image:height\" content=\"1310\" \/>\n\t<meta property=\"og:image:type\" content=\"image\/jpeg\" \/>\n<meta name=\"author\" content=\"Carlos Crespo Burgos\" \/>\n<meta name=\"twitter:card\" content=\"summary_large_image\" \/>\n<meta name=\"twitter:creator\" content=\"@PressenzaIPA\" \/>\n<meta name=\"twitter:site\" content=\"@PressenzaIPA\" \/>\n<meta name=\"twitter:label1\" content=\"Escrito por\" \/>\n\t<meta name=\"twitter:data1\" content=\"Carlos Crespo Burgos\" \/>\n\t<meta name=\"twitter:label2\" content=\"Tiempo de lectura\" \/>\n\t<meta name=\"twitter:data2\" content=\"3 minutos\" \/>\n<script type=\"application\/ld+json\" class=\"yoast-schema-graph\">{\"@context\":\"https:\/\/schema.org\",\"@graph\":[{\"@type\":\"Article\",\"@id\":\"https:\/\/www.pressenza.com\/es\/2025\/01\/ecuador-chigualo-por-los-4-de-las-malvina\/#article\",\"isPartOf\":{\"@id\":\"https:\/\/www.pressenza.com\/es\/2025\/01\/ecuador-chigualo-por-los-4-de-las-malvina\/\"},\"author\":{\"name\":\"Carlos Crespo Burgos\",\"@id\":\"https:\/\/www.pressenza.com\/es\/#\/schema\/person\/efcd5be879771258c0d4e36511081531\"},\"headline\":\"Ecuador: chigualo por los 4 de Las Malvinas\",\"datePublished\":\"2025-01-18T17:36:59+00:00\",\"dateModified\":\"2025-01-18T22:47:03+00:00\",\"mainEntityOfPage\":{\"@id\":\"https:\/\/www.pressenza.com\/es\/2025\/01\/ecuador-chigualo-por-los-4-de-las-malvina\/\"},\"wordCount\":528,\"publisher\":{\"@id\":\"https:\/\/www.pressenza.com\/es\/#organization\"},\"image\":{\"@id\":\"https:\/\/www.pressenza.com\/es\/2025\/01\/ecuador-chigualo-por-los-4-de-las-malvina\/#primaryimage\"},\"thumbnailUrl\":\"https:\/\/www.pressenza.com\/wp-content\/uploads\/2025\/01\/IMG_6803.jpg\",\"keywords\":[\"crimen de Estado\",\"Los 4 de Guayaquil\"],\"articleSection\":[\"Contenido Original\",\"Derechos Humanos\",\"J\u00f3venes\",\"Noticia\",\"Sudam\u00e9rica\"],\"inLanguage\":\"es\"},{\"@type\":\"WebPage\",\"@id\":\"https:\/\/www.pressenza.com\/es\/2025\/01\/ecuador-chigualo-por-los-4-de-las-malvina\/\",\"url\":\"https:\/\/www.pressenza.com\/es\/2025\/01\/ecuador-chigualo-por-los-4-de-las-malvina\/\",\"name\":\"Ecuador: chigualo por los 4 de Las Malvinas\",\"isPartOf\":{\"@id\":\"https:\/\/www.pressenza.com\/es\/#website\"},\"primaryImageOfPage\":{\"@id\":\"https:\/\/www.pressenza.com\/es\/2025\/01\/ecuador-chigualo-por-los-4-de-las-malvina\/#primaryimage\"},\"image\":{\"@id\":\"https:\/\/www.pressenza.com\/es\/2025\/01\/ecuador-chigualo-por-los-4-de-las-malvina\/#primaryimage\"},\"thumbnailUrl\":\"https:\/\/www.pressenza.com\/wp-content\/uploads\/2025\/01\/IMG_6803.jpg\",\"datePublished\":\"2025-01-18T17:36:59+00:00\",\"dateModified\":\"2025-01-18T22:47:03+00:00\",\"description\":\"Chigualo es la fiesta m\u00e1s antigua y significativa de los montuvios y afros de Ecuador. Los chigualos y los arullos son dos cantos de tradici\u00f3n oral de la\",\"breadcrumb\":{\"@id\":\"https:\/\/www.pressenza.com\/es\/2025\/01\/ecuador-chigualo-por-los-4-de-las-malvina\/#breadcrumb\"},\"inLanguage\":\"es\",\"potentialAction\":[{\"@type\":\"ReadAction\",\"target\":[\"https:\/\/www.pressenza.com\/es\/2025\/01\/ecuador-chigualo-por-los-4-de-las-malvina\/\"]}]},{\"@type\":\"ImageObject\",\"inLanguage\":\"es\",\"@id\":\"https:\/\/www.pressenza.com\/es\/2025\/01\/ecuador-chigualo-por-los-4-de-las-malvina\/#primaryimage\",\"url\":\"https:\/\/www.pressenza.com\/wp-content\/uploads\/2025\/01\/IMG_6803.jpg\",\"contentUrl\":\"https:\/\/www.pressenza.com\/wp-content\/uploads\/2025\/01\/IMG_6803.jpg\",\"width\":1170,\"height\":1310,\"caption\":\"Levantamiento de un altar, en el Paraninfo Che Guevara de la Universidad Central del Ecuador, en honor a los 4 ninos asesinados en Guayaquil (Steven, Ismael, Josu\u00e9 y Sa\u00fal), tras ser detenidos por militares en diciembre de 2024.\"},{\"@type\":\"BreadcrumbList\",\"@id\":\"https:\/\/www.pressenza.com\/es\/2025\/01\/ecuador-chigualo-por-los-4-de-las-malvina\/#breadcrumb\",\"itemListElement\":[{\"@type\":\"ListItem\",\"position\":1,\"name\":\"Accueil\",\"item\":\"https:\/\/www.pressenza.com\/es\/\"},{\"@type\":\"ListItem\",\"position\":2,\"name\":\"Ecuador: chigualo por los 4 de Las Malvinas\"}]},{\"@type\":\"WebSite\",\"@id\":\"https:\/\/www.pressenza.com\/es\/#website\",\"url\":\"https:\/\/www.pressenza.com\/es\/\",\"name\":\"Pressenza\",\"description\":\"International Press Agency\",\"publisher\":{\"@id\":\"https:\/\/www.pressenza.com\/es\/#organization\"},\"potentialAction\":[{\"@type\":\"SearchAction\",\"target\":{\"@type\":\"EntryPoint\",\"urlTemplate\":\"https:\/\/www.pressenza.com\/es\/?s={search_term_string}\"},\"query-input\":{\"@type\":\"PropertyValueSpecification\",\"valueRequired\":true,\"valueName\":\"search_term_string\"}}],\"inLanguage\":\"es\"},{\"@type\":\"Organization\",\"@id\":\"https:\/\/www.pressenza.com\/es\/#organization\",\"name\":\"Pressenza\",\"url\":\"https:\/\/www.pressenza.com\/es\/\",\"logo\":{\"@type\":\"ImageObject\",\"inLanguage\":\"es\",\"@id\":\"https:\/\/www.pressenza.com\/es\/#\/schema\/logo\/image\/\",\"url\":\"https:\/\/www.pressenza.com\/wp-content\/uploads\/2022\/10\/pressenza_logo_200x200.jpg\",\"contentUrl\":\"https:\/\/www.pressenza.com\/wp-content\/uploads\/2022\/10\/pressenza_logo_200x200.jpg\",\"width\":200,\"height\":200,\"caption\":\"Pressenza\"},\"image\":{\"@id\":\"https:\/\/www.pressenza.com\/es\/#\/schema\/logo\/image\/\"},\"sameAs\":[\"https:\/\/www.facebook.com\/PressenzaItalia\",\"https:\/\/x.com\/PressenzaIPA\"]},{\"@type\":\"Person\",\"@id\":\"https:\/\/www.pressenza.com\/es\/#\/schema\/person\/efcd5be879771258c0d4e36511081531\",\"name\":\"Carlos Crespo Burgos\",\"description\":\"Ecuatoriano. Doctor en Educaci\u00f3n. Animador de la Red Internacional de Educadores Humanistas. Investigador del Centro Mundial de Estudios Humanistas.\",\"url\":\"https:\/\/www.pressenza.com\/es\/author\/carlos-crespo-burgos\/\"}]}<\/script>\n<!-- \/ Yoast SEO plugin. -->","yoast_head_json":{"title":"Ecuador: chigualo por los 4 de Las Malvinas","description":"Chigualo es la fiesta m\u00e1s antigua y significativa de los montuvios y afros de Ecuador. Los chigualos y los arullos son dos cantos de tradici\u00f3n oral de la","robots":{"index":"index","follow":"follow","max-snippet":"max-snippet:-1","max-image-preview":"max-image-preview:large","max-video-preview":"max-video-preview:-1"},"canonical":"https:\/\/www.pressenza.com\/es\/2025\/01\/ecuador-chigualo-por-los-4-de-las-malvina\/","og_locale":"es_ES","og_type":"article","og_title":"Ecuador: chigualo por los 4 de Las Malvinas","og_description":"Chigualo es la fiesta m\u00e1s antigua y significativa de los montuvios y afros de Ecuador. Los chigualos y los arullos son dos cantos de tradici\u00f3n oral de la","og_url":"https:\/\/www.pressenza.com\/es\/2025\/01\/ecuador-chigualo-por-los-4-de-las-malvina\/","og_site_name":"Pressenza","article_publisher":"https:\/\/www.facebook.com\/PressenzaItalia","article_published_time":"2025-01-18T17:36:59+00:00","article_modified_time":"2025-01-18T22:47:03+00:00","og_image":[{"width":1170,"height":1310,"url":"https:\/\/www.pressenza.com\/wp-content\/uploads\/2025\/01\/IMG_6803.jpg","type":"image\/jpeg"}],"author":"Carlos Crespo Burgos","twitter_card":"summary_large_image","twitter_creator":"@PressenzaIPA","twitter_site":"@PressenzaIPA","twitter_misc":{"Escrito por":"Carlos Crespo Burgos","Tiempo de lectura":"3 minutos"},"schema":{"@context":"https:\/\/schema.org","@graph":[{"@type":"Article","@id":"https:\/\/www.pressenza.com\/es\/2025\/01\/ecuador-chigualo-por-los-4-de-las-malvina\/#article","isPartOf":{"@id":"https:\/\/www.pressenza.com\/es\/2025\/01\/ecuador-chigualo-por-los-4-de-las-malvina\/"},"author":{"name":"Carlos Crespo Burgos","@id":"https:\/\/www.pressenza.com\/es\/#\/schema\/person\/efcd5be879771258c0d4e36511081531"},"headline":"Ecuador: chigualo por los 4 de Las Malvinas","datePublished":"2025-01-18T17:36:59+00:00","dateModified":"2025-01-18T22:47:03+00:00","mainEntityOfPage":{"@id":"https:\/\/www.pressenza.com\/es\/2025\/01\/ecuador-chigualo-por-los-4-de-las-malvina\/"},"wordCount":528,"publisher":{"@id":"https:\/\/www.pressenza.com\/es\/#organization"},"image":{"@id":"https:\/\/www.pressenza.com\/es\/2025\/01\/ecuador-chigualo-por-los-4-de-las-malvina\/#primaryimage"},"thumbnailUrl":"https:\/\/www.pressenza.com\/wp-content\/uploads\/2025\/01\/IMG_6803.jpg","keywords":["crimen de Estado","Los 4 de Guayaquil"],"articleSection":["Contenido Original","Derechos Humanos","J\u00f3venes","Noticia","Sudam\u00e9rica"],"inLanguage":"es"},{"@type":"WebPage","@id":"https:\/\/www.pressenza.com\/es\/2025\/01\/ecuador-chigualo-por-los-4-de-las-malvina\/","url":"https:\/\/www.pressenza.com\/es\/2025\/01\/ecuador-chigualo-por-los-4-de-las-malvina\/","name":"Ecuador: chigualo por los 4 de Las Malvinas","isPartOf":{"@id":"https:\/\/www.pressenza.com\/es\/#website"},"primaryImageOfPage":{"@id":"https:\/\/www.pressenza.com\/es\/2025\/01\/ecuador-chigualo-por-los-4-de-las-malvina\/#primaryimage"},"image":{"@id":"https:\/\/www.pressenza.com\/es\/2025\/01\/ecuador-chigualo-por-los-4-de-las-malvina\/#primaryimage"},"thumbnailUrl":"https:\/\/www.pressenza.com\/wp-content\/uploads\/2025\/01\/IMG_6803.jpg","datePublished":"2025-01-18T17:36:59+00:00","dateModified":"2025-01-18T22:47:03+00:00","description":"Chigualo es la fiesta m\u00e1s antigua y significativa de los montuvios y afros de Ecuador. Los chigualos y los arullos son dos cantos de tradici\u00f3n oral de la","breadcrumb":{"@id":"https:\/\/www.pressenza.com\/es\/2025\/01\/ecuador-chigualo-por-los-4-de-las-malvina\/#breadcrumb"},"inLanguage":"es","potentialAction":[{"@type":"ReadAction","target":["https:\/\/www.pressenza.com\/es\/2025\/01\/ecuador-chigualo-por-los-4-de-las-malvina\/"]}]},{"@type":"ImageObject","inLanguage":"es","@id":"https:\/\/www.pressenza.com\/es\/2025\/01\/ecuador-chigualo-por-los-4-de-las-malvina\/#primaryimage","url":"https:\/\/www.pressenza.com\/wp-content\/uploads\/2025\/01\/IMG_6803.jpg","contentUrl":"https:\/\/www.pressenza.com\/wp-content\/uploads\/2025\/01\/IMG_6803.jpg","width":1170,"height":1310,"caption":"Levantamiento de un altar, en el Paraninfo Che Guevara de la Universidad Central del Ecuador, en honor a los 4 ninos asesinados en Guayaquil (Steven, Ismael, Josu\u00e9 y Sa\u00fal), tras ser detenidos por militares en diciembre de 2024."},{"@type":"BreadcrumbList","@id":"https:\/\/www.pressenza.com\/es\/2025\/01\/ecuador-chigualo-por-los-4-de-las-malvina\/#breadcrumb","itemListElement":[{"@type":"ListItem","position":1,"name":"Accueil","item":"https:\/\/www.pressenza.com\/es\/"},{"@type":"ListItem","position":2,"name":"Ecuador: chigualo por los 4 de Las Malvinas"}]},{"@type":"WebSite","@id":"https:\/\/www.pressenza.com\/es\/#website","url":"https:\/\/www.pressenza.com\/es\/","name":"Pressenza","description":"International Press Agency","publisher":{"@id":"https:\/\/www.pressenza.com\/es\/#organization"},"potentialAction":[{"@type":"SearchAction","target":{"@type":"EntryPoint","urlTemplate":"https:\/\/www.pressenza.com\/es\/?s={search_term_string}"},"query-input":{"@type":"PropertyValueSpecification","valueRequired":true,"valueName":"search_term_string"}}],"inLanguage":"es"},{"@type":"Organization","@id":"https:\/\/www.pressenza.com\/es\/#organization","name":"Pressenza","url":"https:\/\/www.pressenza.com\/es\/","logo":{"@type":"ImageObject","inLanguage":"es","@id":"https:\/\/www.pressenza.com\/es\/#\/schema\/logo\/image\/","url":"https:\/\/www.pressenza.com\/wp-content\/uploads\/2022\/10\/pressenza_logo_200x200.jpg","contentUrl":"https:\/\/www.pressenza.com\/wp-content\/uploads\/2022\/10\/pressenza_logo_200x200.jpg","width":200,"height":200,"caption":"Pressenza"},"image":{"@id":"https:\/\/www.pressenza.com\/es\/#\/schema\/logo\/image\/"},"sameAs":["https:\/\/www.facebook.com\/PressenzaItalia","https:\/\/x.com\/PressenzaIPA"]},{"@type":"Person","@id":"https:\/\/www.pressenza.com\/es\/#\/schema\/person\/efcd5be879771258c0d4e36511081531","name":"Carlos Crespo Burgos","description":"Ecuatoriano. Doctor en Educaci\u00f3n. Animador de la Red Internacional de Educadores Humanistas. Investigador del Centro Mundial de Estudios Humanistas.","url":"https:\/\/www.pressenza.com\/es\/author\/carlos-crespo-burgos\/"}]}},"place":"Quito","original_article_url":"","_links":{"self":[{"href":"https:\/\/www.pressenza.com\/es\/wp-json\/wp\/v2\/posts\/2576863","targetHints":{"allow":["GET"]}}],"collection":[{"href":"https:\/\/www.pressenza.com\/es\/wp-json\/wp\/v2\/posts"}],"about":[{"href":"https:\/\/www.pressenza.com\/es\/wp-json\/wp\/v2\/types\/post"}],"author":[{"embeddable":true,"href":"https:\/\/www.pressenza.com\/es\/wp-json\/wp\/v2\/users\/2234"}],"replies":[{"embeddable":true,"href":"https:\/\/www.pressenza.com\/es\/wp-json\/wp\/v2\/comments?post=2576863"}],"version-history":[{"count":0,"href":"https:\/\/www.pressenza.com\/es\/wp-json\/wp\/v2\/posts\/2576863\/revisions"}],"wp:featuredmedia":[{"embeddable":true,"href":"https:\/\/www.pressenza.com\/es\/wp-json\/wp\/v2\/media\/2577311"}],"wp:attachment":[{"href":"https:\/\/www.pressenza.com\/es\/wp-json\/wp\/v2\/media?parent=2576863"}],"wp:term":[{"taxonomy":"category","embeddable":true,"href":"https:\/\/www.pressenza.com\/es\/wp-json\/wp\/v2\/categories?post=2576863"},{"taxonomy":"post_tag","embeddable":true,"href":"https:\/\/www.pressenza.com\/es\/wp-json\/wp\/v2\/tags?post=2576863"}],"curies":[{"name":"wp","href":"https:\/\/api.w.org\/{rel}","templated":true}]}}