{"id":2576704,"date":"2025-01-17T01:55:32","date_gmt":"2025-01-17T01:55:32","guid":{"rendered":"https:\/\/www.pressenza.com\/?p=2576704"},"modified":"2025-01-17T01:55:32","modified_gmt":"2025-01-17T01:55:32","slug":"un-estudio-pionero-reclama-dejar-de-lado-el-crecimiento-economico-y-centrarse-en-el-bienestar-dentro-de-los-limites-planetarios","status":"publish","type":"post","link":"https:\/\/www.pressenza.com\/es\/2025\/01\/un-estudio-pionero-reclama-dejar-de-lado-el-crecimiento-economico-y-centrarse-en-el-bienestar-dentro-de-los-limites-planetarios\/","title":{"rendered":"Un estudio pionero reclama dejar de lado el crecimiento econ\u00f3mico y centrarse en el bienestar dentro de los l\u00edmites planetarios"},"content":{"rendered":"<p style=\"padding-left: 40px;\">\u00ab\u2026sostienen que el crecimiento econ\u00f3mico continuado en los pa\u00edses de renta alta no solo es insostenible desde el punto de vista ambiental, sino que tampoco es socialmente beneficioso ni econ\u00f3micamente viable.\u00bb<\/p>\n<p>Por UAB, Universitat Aut\u00f2noma de Barcelona<\/p>\n<p style=\"font-weight: 400;\">Un nuevo y exhaustivo estudio llevado a cabo por destacados expertos en el campo de la ciencia de la sostenibilidad, publicado hoy en\u00a0<em>The<\/em>\u00a0<em>Lancet Planetary Health<\/em>, cuestiona la creencia largamente sostenida de que el crecimiento econ\u00f3mico es necesario para el progreso de la sociedad. El estudio, liderado por el Instituto de Ciencia y Tecnolog\u00eda Ambientales de la Universitat Aut\u00f2noma de Barcelona (ICTA-UAB) y titulado \u00abPost-growth: the science of wellbeing within planetary boundaries\u00bb, explora el campo emergente de la investigaci\u00f3n postcrecimiento y presenta argumentos convincentes para dar prioridad al bienestar humano y la sostenibilidad ecol\u00f3gica por encima de la expansi\u00f3n econ\u00f3mica sin fin.<\/p>\n<p style=\"font-weight: 400;\">En la investigaci\u00f3n tambi\u00e9n han participado cient\u00edficos de la Universidad de Barcelona, la Universidad de Leeds (Reino Unido), la Universidad de Oxford (Reino Unido), la Universidad de York (Canad\u00e1), el Boston College (EE. UU.), la Universidad de Lausana (Suiza) y la Universidad Centroeuropea (Austria).<\/p>\n<blockquote>\n<p style=\"font-weight: 400;\">Esta nueva revisi\u00f3n, la primera de este tipo, sintetiza los \u00faltimos descubrimientos en diversas disciplinas, como la econom\u00eda ecol\u00f3gica, la econom\u00eda del bienestar y el decrecimiento. Los autores sostienen que el crecimiento econ\u00f3mico continuado en los pa\u00edses de renta alta no solo es insostenible desde el punto de vista ambiental, sino que tampoco es socialmente beneficioso ni econ\u00f3micamente viable. Destacan la estrecha relaci\u00f3n existente entre el crecimiento del PIB y los da\u00f1os ambientales, la disminuci\u00f3n de los beneficios de una renta alta sobre el bienestar y los riesgos asociados a las desaceleraciones econ\u00f3micas como motivaciones clave de la agenda postcrecimiento.<\/p>\n<\/blockquote>\n<p style=\"font-weight: 400;\"><strong>Las principales conclusiones del estudio son:<\/strong><\/p>\n<ul style=\"font-weight: 400;\">\n<li><strong>Los l\u00edmites al crecimiento:<\/strong>\u00a0el estudio revisa el informe \u00abLimits to Growth\u00bb, de 1972, y se\u00f1ala que el mundo est\u00e1 actualmente siguiendo el escenario de los \u00abrecursos dobles\u00bb, en el que el colapso es impulsado por la contaminaci\u00f3n en lugar de la escasez de recursos. Esto se alinea con las preocupaciones actuales sobre el cambio clim\u00e1tico y la p\u00e9rdida de biodiversidad.<\/li>\n<li><strong>El desacoplamiento es insuficiente:<\/strong>\u00a0aunque el desacoplamiento relativo entre el PIB y el uso de los recursos es habitual, el estudio no encuentra evidencias de un desacoplamiento absoluto y suficiente sostenido. Los modelos sugieren que esto es poco probable, incluso con hip\u00f3tesis optimistas sobre la tecnolog\u00eda.<\/li>\n<li><strong>L\u00edmites sociales al crecimiento:<\/strong> el estudio revela que, por encima de un determinado nivel de ingresos, el crecimiento econ\u00f3mico no mejora el bienestar humano, y los costes del crecimiento (como la contaminaci\u00f3n y los conflictos sociales) pueden superar los beneficios. A medida que aumenta el PIB, disminuyen los beneficios sociales \u2013como la sanidad y la educaci\u00f3n\u2013 y la reducci\u00f3n de la pobreza.<\/li>\n<li><strong>Pol\u00edticas postcrecimiento:<\/strong>\u00a0se destacan modelos macroecon\u00f3micos ecol\u00f3gicos que ponen a prueba pol\u00edticas de gesti\u00f3n sin crecimiento. Analiza una serie de pol\u00edticas para reducir la dependencia del crecimiento y promover el bienestar, tales como los servicios b\u00e1sicos universales, la reducci\u00f3n de la jornada laboral, la garant\u00eda del empleo y los impuestos sobre el carbono y la riqueza.<\/li>\n<li><strong>Bienestar dentro de los l\u00edmites:<\/strong>\u00a0la revisi\u00f3n subraya que pueden alcanzarse altos niveles de bienestar con un menor uso de recursos. Sostiene que centrarse en los servicios p\u00fablicos, la igualdad de ingresos y la calidad democr\u00e1tica puede satisfacer las necesidades humanas con un uso mucho menor de energ\u00eda.<\/li>\n<li><strong>Din\u00e1micas Norte-Sur:<\/strong>\u00a0el estudio reconoce el intercambio desigual entre el Norte y el Sur globales y que los pa\u00edses m\u00e1s ricos se apropian de los recursos y la mano de obra de las naciones m\u00e1s pobres. Sugiere que el postcrecimiento en los pa\u00edses de renta alta podr\u00eda beneficiar a los pa\u00edses de renta baja al reducir esta explotaci\u00f3n. Sin embargo, tambi\u00e9n advierte de que el postcrecimiento podr\u00eda afectar negativamente a los pa\u00edses de renta baja que dependen de exportaciones de los pa\u00edses de renta alta, a menos que los pa\u00edses m\u00e1s pobres apliquen intervenciones pol\u00edticas para conseguir la soberan\u00eda monetaria, una pol\u00edtica industrial y la desvinculaci\u00f3n efectiva de las econom\u00edas de renta alta.<\/li>\n<\/ul>\n<p style=\"font-weight: 400;\">Los autores destacan que el postcrecimiento es un campo plural y abierto que abarca diferentes perspectivas, como la econom\u00eda del d\u00f3nut, la econom\u00eda del bienestar, la econom\u00eda de estado estacionario y el decrecimiento. Estas perspectivas convergen en la necesidad de una mejora cualitativa sin depender del crecimiento cuantitativo y en la disminuci\u00f3n selectiva de la producci\u00f3n de bienes y servicios perjudiciales, aumentando al mismo tiempo los beneficiosos.<\/p>\n<p style=\"font-weight: 400;\">La revisi\u00f3n reconoce que existen a\u00fan lagunas en el conocimiento, como la pol\u00edtica de transici\u00f3n y la relaci\u00f3n entre el Norte y el Sur globales. Tambi\u00e9n pide que se sigan investigando las implicaciones geopol\u00edticas de los escenarios de postcrecimiento y los factores que permiten desvincular los resultados sociales del PIB.<\/p>\n<blockquote>\n<p style=\"font-weight: 400;\">Este estudio exhaustivo se\u00f1ala un cambio importante en la forma de concebir el progreso y esboza una hoja de ruta para crear sociedades que prioricen la salud humana y planetaria por encima del crecimiento econ\u00f3mico. Supone un paso importante en el campo del postcrecimiento y ofrece ideas tanto para los responsables pol\u00edticos como para los investigadores y el p\u00fablico en general.<\/p>\n<\/blockquote>\n<hr \/>\n<p style=\"font-weight: 400;\"><strong>Referencia:<\/strong>\u00a0Kallis, G., Hickel. J., O\u2019Neill, D. W., Jackson, T., Victor, P.A., Raworth, K., Schor, J.B., Steinberger J. K. (2025) <strong>Post-growth: the science of wellbeing within planetary boundaries.\u00a0<\/strong><em>The<\/em>\u00a0<em>Lancet Planetary Health<\/em><\/p>\n<p style=\"font-weight: 400;\"><strong>Contacto investigador:<\/strong>\u00a0Giorgos Kallis, investigador del ICTA-UAB\u00a0 &#8211; <a href=\"mailto:georgios.kallis@uab.cat\">georgios.kallis@uab.cat<\/a><br \/>\n<strong><br \/>\n\u00c1rea de Comunicaci\u00f3n\u00a0 ICTA-UAB<br \/>\n<\/strong>Isabel Lopera<br \/>\nTelf. 93.586.86.52\u00a0\u00a0 \/ \u00a0 + 34 647 65 14 83<br \/>\n<a href=\"mailto:Isabel.Lopera@uab.cat\">Isabel.Lopera@uab.cat<\/a><\/p>\n","protected":false},"excerpt":{"rendered":"<p>\u00ab\u2026sostienen que el crecimiento econ\u00f3mico continuado en los pa\u00edses de renta alta no solo es insostenible desde el punto de vista ambiental, sino que tampoco es socialmente beneficioso ni econ\u00f3micamente viable.\u00bb Por UAB, Universitat Aut\u00f2noma de Barcelona Un nuevo y&hellip;<\/p>\n","protected":false},"author":1122,"featured_media":2576707,"comment_status":"closed","ping_status":"closed","sticky":false,"template":"","format":"standard","meta":{"footnotes":""},"categories":[76,81,66],"tags":[18627,48779,15133],"class_list":["post-2576704","post","type-post","status-publish","format-standard","has-post-thumbnail","hentry","category-relaciones-exteriores","category-economia-es","category-europa-es","tag-bienestar","tag-crecimiento-economico","tag-sustentabilidad"],"yoast_head":"<!-- This site is optimized with the Yoast SEO plugin v27.1.1 - https:\/\/yoast.com\/product\/yoast-seo-wordpress\/ -->\n<title>Un estudio pionero reclama dejar de lado el crecimiento econ\u00f3mico y centrarse en el bienestar dentro de los l\u00edmites planetarios<\/title>\n<meta name=\"description\" content=\"&quot;\u2026sostienen que el crecimiento econ\u00f3mico continuado en los pa\u00edses de renta alta no solo es insostenible desde el punto de vista ambiental, sino que\" \/>\n<meta name=\"robots\" content=\"index, follow, max-snippet:-1, max-image-preview:large, max-video-preview:-1\" \/>\n<link rel=\"canonical\" href=\"https:\/\/www.pressenza.com\/es\/2025\/01\/un-estudio-pionero-reclama-dejar-de-lado-el-crecimiento-economico-y-centrarse-en-el-bienestar-dentro-de-los-limites-planetarios\/\" \/>\n<meta property=\"og:locale\" content=\"es_ES\" \/>\n<meta property=\"og:type\" content=\"article\" \/>\n<meta property=\"og:title\" content=\"Un estudio pionero reclama dejar de lado el crecimiento econ\u00f3mico y centrarse en el bienestar dentro de los l\u00edmites planetarios\" \/>\n<meta property=\"og:description\" content=\"&quot;\u2026sostienen que el crecimiento econ\u00f3mico continuado en los pa\u00edses de renta alta no solo es insostenible desde el punto de vista ambiental, sino que\" \/>\n<meta property=\"og:url\" content=\"https:\/\/www.pressenza.com\/es\/2025\/01\/un-estudio-pionero-reclama-dejar-de-lado-el-crecimiento-economico-y-centrarse-en-el-bienestar-dentro-de-los-limites-planetarios\/\" \/>\n<meta property=\"og:site_name\" content=\"Pressenza\" \/>\n<meta property=\"article:publisher\" content=\"https:\/\/www.facebook.com\/PressenzaItalia\" \/>\n<meta property=\"article:author\" content=\"https:\/\/www.facebook.com\/Pressenza-Espaa-647854795301395\/timeline\/\" \/>\n<meta property=\"article:published_time\" content=\"2025-01-17T01:55:32+00:00\" \/>\n<meta property=\"og:image\" content=\"https:\/\/www.pressenza.com\/wp-content\/uploads\/2025\/01\/crecimiento-freepik-1.jpg\" \/>\n\t<meta property=\"og:image:width\" content=\"1024\" \/>\n\t<meta property=\"og:image:height\" content=\"552\" \/>\n\t<meta property=\"og:image:type\" content=\"image\/jpeg\" \/>\n<meta name=\"author\" content=\"Redacci\u00f3n Barcelona\" \/>\n<meta name=\"twitter:card\" content=\"summary_large_image\" \/>\n<meta name=\"twitter:creator\" content=\"@pressenza\" \/>\n<meta name=\"twitter:site\" content=\"@PressenzaIPA\" \/>\n<meta name=\"twitter:label1\" content=\"Escrito por\" \/>\n\t<meta name=\"twitter:data1\" content=\"Redacci\u00f3n Barcelona\" \/>\n\t<meta name=\"twitter:label2\" content=\"Tiempo de lectura\" \/>\n\t<meta name=\"twitter:data2\" content=\"5 minutos\" \/>\n<script type=\"application\/ld+json\" class=\"yoast-schema-graph\">{\"@context\":\"https:\/\/schema.org\",\"@graph\":[{\"@type\":\"Article\",\"@id\":\"https:\/\/www.pressenza.com\/es\/2025\/01\/un-estudio-pionero-reclama-dejar-de-lado-el-crecimiento-economico-y-centrarse-en-el-bienestar-dentro-de-los-limites-planetarios\/#article\",\"isPartOf\":{\"@id\":\"https:\/\/www.pressenza.com\/es\/2025\/01\/un-estudio-pionero-reclama-dejar-de-lado-el-crecimiento-economico-y-centrarse-en-el-bienestar-dentro-de-los-limites-planetarios\/\"},\"author\":{\"name\":\"Redacci\u00f3n Barcelona\",\"@id\":\"https:\/\/www.pressenza.com\/es\/#\/schema\/person\/8abc53b92f3264e0dad4300d54ac73ff\"},\"headline\":\"Un estudio pionero reclama dejar de lado el crecimiento econ\u00f3mico y centrarse en el bienestar dentro de los l\u00edmites planetarios\",\"datePublished\":\"2025-01-17T01:55:32+00:00\",\"mainEntityOfPage\":{\"@id\":\"https:\/\/www.pressenza.com\/es\/2025\/01\/un-estudio-pionero-reclama-dejar-de-lado-el-crecimiento-economico-y-centrarse-en-el-bienestar-dentro-de-los-limites-planetarios\/\"},\"wordCount\":1020,\"publisher\":{\"@id\":\"https:\/\/www.pressenza.com\/es\/#organization\"},\"image\":{\"@id\":\"https:\/\/www.pressenza.com\/es\/2025\/01\/un-estudio-pionero-reclama-dejar-de-lado-el-crecimiento-economico-y-centrarse-en-el-bienestar-dentro-de-los-limites-planetarios\/#primaryimage\"},\"thumbnailUrl\":\"https:\/\/www.pressenza.com\/wp-content\/uploads\/2025\/01\/crecimiento-freepik-1.jpg\",\"keywords\":[\"bienestar\",\"Crecimiento econ\u00f3mico\",\"sustentabilidad\"],\"articleSection\":[\"Asuntos internacionales\",\"Econom\u00eda\",\"Europa\"],\"inLanguage\":\"es\"},{\"@type\":\"WebPage\",\"@id\":\"https:\/\/www.pressenza.com\/es\/2025\/01\/un-estudio-pionero-reclama-dejar-de-lado-el-crecimiento-economico-y-centrarse-en-el-bienestar-dentro-de-los-limites-planetarios\/\",\"url\":\"https:\/\/www.pressenza.com\/es\/2025\/01\/un-estudio-pionero-reclama-dejar-de-lado-el-crecimiento-economico-y-centrarse-en-el-bienestar-dentro-de-los-limites-planetarios\/\",\"name\":\"Un estudio pionero reclama dejar de lado el crecimiento econ\u00f3mico y centrarse en el bienestar dentro de los l\u00edmites planetarios\",\"isPartOf\":{\"@id\":\"https:\/\/www.pressenza.com\/es\/#website\"},\"primaryImageOfPage\":{\"@id\":\"https:\/\/www.pressenza.com\/es\/2025\/01\/un-estudio-pionero-reclama-dejar-de-lado-el-crecimiento-economico-y-centrarse-en-el-bienestar-dentro-de-los-limites-planetarios\/#primaryimage\"},\"image\":{\"@id\":\"https:\/\/www.pressenza.com\/es\/2025\/01\/un-estudio-pionero-reclama-dejar-de-lado-el-crecimiento-economico-y-centrarse-en-el-bienestar-dentro-de-los-limites-planetarios\/#primaryimage\"},\"thumbnailUrl\":\"https:\/\/www.pressenza.com\/wp-content\/uploads\/2025\/01\/crecimiento-freepik-1.jpg\",\"datePublished\":\"2025-01-17T01:55:32+00:00\",\"description\":\"\\\"\u2026sostienen que el crecimiento econ\u00f3mico continuado en los pa\u00edses de renta alta no solo es insostenible desde el punto de vista ambiental, sino que\",\"breadcrumb\":{\"@id\":\"https:\/\/www.pressenza.com\/es\/2025\/01\/un-estudio-pionero-reclama-dejar-de-lado-el-crecimiento-economico-y-centrarse-en-el-bienestar-dentro-de-los-limites-planetarios\/#breadcrumb\"},\"inLanguage\":\"es\",\"potentialAction\":[{\"@type\":\"ReadAction\",\"target\":[\"https:\/\/www.pressenza.com\/es\/2025\/01\/un-estudio-pionero-reclama-dejar-de-lado-el-crecimiento-economico-y-centrarse-en-el-bienestar-dentro-de-los-limites-planetarios\/\"]}]},{\"@type\":\"ImageObject\",\"inLanguage\":\"es\",\"@id\":\"https:\/\/www.pressenza.com\/es\/2025\/01\/un-estudio-pionero-reclama-dejar-de-lado-el-crecimiento-economico-y-centrarse-en-el-bienestar-dentro-de-los-limites-planetarios\/#primaryimage\",\"url\":\"https:\/\/www.pressenza.com\/wp-content\/uploads\/2025\/01\/crecimiento-freepik-1.jpg\",\"contentUrl\":\"https:\/\/www.pressenza.com\/wp-content\/uploads\/2025\/01\/crecimiento-freepik-1.jpg\",\"width\":1024,\"height\":552},{\"@type\":\"BreadcrumbList\",\"@id\":\"https:\/\/www.pressenza.com\/es\/2025\/01\/un-estudio-pionero-reclama-dejar-de-lado-el-crecimiento-economico-y-centrarse-en-el-bienestar-dentro-de-los-limites-planetarios\/#breadcrumb\",\"itemListElement\":[{\"@type\":\"ListItem\",\"position\":1,\"name\":\"Accueil\",\"item\":\"https:\/\/www.pressenza.com\/es\/\"},{\"@type\":\"ListItem\",\"position\":2,\"name\":\"Un estudio pionero reclama dejar de lado el crecimiento econ\u00f3mico y centrarse en el bienestar dentro de los l\u00edmites planetarios\"}]},{\"@type\":\"WebSite\",\"@id\":\"https:\/\/www.pressenza.com\/es\/#website\",\"url\":\"https:\/\/www.pressenza.com\/es\/\",\"name\":\"Pressenza\",\"description\":\"International Press Agency\",\"publisher\":{\"@id\":\"https:\/\/www.pressenza.com\/es\/#organization\"},\"potentialAction\":[{\"@type\":\"SearchAction\",\"target\":{\"@type\":\"EntryPoint\",\"urlTemplate\":\"https:\/\/www.pressenza.com\/es\/?s={search_term_string}\"},\"query-input\":{\"@type\":\"PropertyValueSpecification\",\"valueRequired\":true,\"valueName\":\"search_term_string\"}}],\"inLanguage\":\"es\"},{\"@type\":\"Organization\",\"@id\":\"https:\/\/www.pressenza.com\/es\/#organization\",\"name\":\"Pressenza\",\"url\":\"https:\/\/www.pressenza.com\/es\/\",\"logo\":{\"@type\":\"ImageObject\",\"inLanguage\":\"es\",\"@id\":\"https:\/\/www.pressenza.com\/es\/#\/schema\/logo\/image\/\",\"url\":\"https:\/\/www.pressenza.com\/wp-content\/uploads\/2022\/10\/pressenza_logo_200x200.jpg\",\"contentUrl\":\"https:\/\/www.pressenza.com\/wp-content\/uploads\/2022\/10\/pressenza_logo_200x200.jpg\",\"width\":200,\"height\":200,\"caption\":\"Pressenza\"},\"image\":{\"@id\":\"https:\/\/www.pressenza.com\/es\/#\/schema\/logo\/image\/\"},\"sameAs\":[\"https:\/\/www.facebook.com\/PressenzaItalia\",\"https:\/\/x.com\/PressenzaIPA\"]},{\"@type\":\"Person\",\"@id\":\"https:\/\/www.pressenza.com\/es\/#\/schema\/person\/8abc53b92f3264e0dad4300d54ac73ff\",\"name\":\"Redacci\u00f3n Barcelona\",\"description\":\"News published by the Pressenza bureau in Barcelona, Spain\",\"sameAs\":[\"https:\/\/www.facebook.com\/Pressenza-Espaa-647854795301395\/timeline\/\",\"https:\/\/x.com\/pressenza\"],\"url\":\"https:\/\/www.pressenza.com\/es\/author\/redaccion-barcelona\/\"}]}<\/script>\n<!-- \/ Yoast SEO plugin. -->","yoast_head_json":{"title":"Un estudio pionero reclama dejar de lado el crecimiento econ\u00f3mico y centrarse en el bienestar dentro de los l\u00edmites planetarios","description":"\"\u2026sostienen que el crecimiento econ\u00f3mico continuado en los pa\u00edses de renta alta no solo es insostenible desde el punto de vista ambiental, sino que","robots":{"index":"index","follow":"follow","max-snippet":"max-snippet:-1","max-image-preview":"max-image-preview:large","max-video-preview":"max-video-preview:-1"},"canonical":"https:\/\/www.pressenza.com\/es\/2025\/01\/un-estudio-pionero-reclama-dejar-de-lado-el-crecimiento-economico-y-centrarse-en-el-bienestar-dentro-de-los-limites-planetarios\/","og_locale":"es_ES","og_type":"article","og_title":"Un estudio pionero reclama dejar de lado el crecimiento econ\u00f3mico y centrarse en el bienestar dentro de los l\u00edmites planetarios","og_description":"\"\u2026sostienen que el crecimiento econ\u00f3mico continuado en los pa\u00edses de renta alta no solo es insostenible desde el punto de vista ambiental, sino que","og_url":"https:\/\/www.pressenza.com\/es\/2025\/01\/un-estudio-pionero-reclama-dejar-de-lado-el-crecimiento-economico-y-centrarse-en-el-bienestar-dentro-de-los-limites-planetarios\/","og_site_name":"Pressenza","article_publisher":"https:\/\/www.facebook.com\/PressenzaItalia","article_author":"https:\/\/www.facebook.com\/Pressenza-Espaa-647854795301395\/timeline\/","article_published_time":"2025-01-17T01:55:32+00:00","og_image":[{"width":1024,"height":552,"url":"https:\/\/www.pressenza.com\/wp-content\/uploads\/2025\/01\/crecimiento-freepik-1.jpg","type":"image\/jpeg"}],"author":"Redacci\u00f3n Barcelona","twitter_card":"summary_large_image","twitter_creator":"@pressenza","twitter_site":"@PressenzaIPA","twitter_misc":{"Escrito por":"Redacci\u00f3n Barcelona","Tiempo de lectura":"5 minutos"},"schema":{"@context":"https:\/\/schema.org","@graph":[{"@type":"Article","@id":"https:\/\/www.pressenza.com\/es\/2025\/01\/un-estudio-pionero-reclama-dejar-de-lado-el-crecimiento-economico-y-centrarse-en-el-bienestar-dentro-de-los-limites-planetarios\/#article","isPartOf":{"@id":"https:\/\/www.pressenza.com\/es\/2025\/01\/un-estudio-pionero-reclama-dejar-de-lado-el-crecimiento-economico-y-centrarse-en-el-bienestar-dentro-de-los-limites-planetarios\/"},"author":{"name":"Redacci\u00f3n Barcelona","@id":"https:\/\/www.pressenza.com\/es\/#\/schema\/person\/8abc53b92f3264e0dad4300d54ac73ff"},"headline":"Un estudio pionero reclama dejar de lado el crecimiento econ\u00f3mico y centrarse en el bienestar dentro de los l\u00edmites planetarios","datePublished":"2025-01-17T01:55:32+00:00","mainEntityOfPage":{"@id":"https:\/\/www.pressenza.com\/es\/2025\/01\/un-estudio-pionero-reclama-dejar-de-lado-el-crecimiento-economico-y-centrarse-en-el-bienestar-dentro-de-los-limites-planetarios\/"},"wordCount":1020,"publisher":{"@id":"https:\/\/www.pressenza.com\/es\/#organization"},"image":{"@id":"https:\/\/www.pressenza.com\/es\/2025\/01\/un-estudio-pionero-reclama-dejar-de-lado-el-crecimiento-economico-y-centrarse-en-el-bienestar-dentro-de-los-limites-planetarios\/#primaryimage"},"thumbnailUrl":"https:\/\/www.pressenza.com\/wp-content\/uploads\/2025\/01\/crecimiento-freepik-1.jpg","keywords":["bienestar","Crecimiento econ\u00f3mico","sustentabilidad"],"articleSection":["Asuntos internacionales","Econom\u00eda","Europa"],"inLanguage":"es"},{"@type":"WebPage","@id":"https:\/\/www.pressenza.com\/es\/2025\/01\/un-estudio-pionero-reclama-dejar-de-lado-el-crecimiento-economico-y-centrarse-en-el-bienestar-dentro-de-los-limites-planetarios\/","url":"https:\/\/www.pressenza.com\/es\/2025\/01\/un-estudio-pionero-reclama-dejar-de-lado-el-crecimiento-economico-y-centrarse-en-el-bienestar-dentro-de-los-limites-planetarios\/","name":"Un estudio pionero reclama dejar de lado el crecimiento econ\u00f3mico y centrarse en el bienestar dentro de los l\u00edmites planetarios","isPartOf":{"@id":"https:\/\/www.pressenza.com\/es\/#website"},"primaryImageOfPage":{"@id":"https:\/\/www.pressenza.com\/es\/2025\/01\/un-estudio-pionero-reclama-dejar-de-lado-el-crecimiento-economico-y-centrarse-en-el-bienestar-dentro-de-los-limites-planetarios\/#primaryimage"},"image":{"@id":"https:\/\/www.pressenza.com\/es\/2025\/01\/un-estudio-pionero-reclama-dejar-de-lado-el-crecimiento-economico-y-centrarse-en-el-bienestar-dentro-de-los-limites-planetarios\/#primaryimage"},"thumbnailUrl":"https:\/\/www.pressenza.com\/wp-content\/uploads\/2025\/01\/crecimiento-freepik-1.jpg","datePublished":"2025-01-17T01:55:32+00:00","description":"\"\u2026sostienen que el crecimiento econ\u00f3mico continuado en los pa\u00edses de renta alta no solo es insostenible desde el punto de vista ambiental, sino que","breadcrumb":{"@id":"https:\/\/www.pressenza.com\/es\/2025\/01\/un-estudio-pionero-reclama-dejar-de-lado-el-crecimiento-economico-y-centrarse-en-el-bienestar-dentro-de-los-limites-planetarios\/#breadcrumb"},"inLanguage":"es","potentialAction":[{"@type":"ReadAction","target":["https:\/\/www.pressenza.com\/es\/2025\/01\/un-estudio-pionero-reclama-dejar-de-lado-el-crecimiento-economico-y-centrarse-en-el-bienestar-dentro-de-los-limites-planetarios\/"]}]},{"@type":"ImageObject","inLanguage":"es","@id":"https:\/\/www.pressenza.com\/es\/2025\/01\/un-estudio-pionero-reclama-dejar-de-lado-el-crecimiento-economico-y-centrarse-en-el-bienestar-dentro-de-los-limites-planetarios\/#primaryimage","url":"https:\/\/www.pressenza.com\/wp-content\/uploads\/2025\/01\/crecimiento-freepik-1.jpg","contentUrl":"https:\/\/www.pressenza.com\/wp-content\/uploads\/2025\/01\/crecimiento-freepik-1.jpg","width":1024,"height":552},{"@type":"BreadcrumbList","@id":"https:\/\/www.pressenza.com\/es\/2025\/01\/un-estudio-pionero-reclama-dejar-de-lado-el-crecimiento-economico-y-centrarse-en-el-bienestar-dentro-de-los-limites-planetarios\/#breadcrumb","itemListElement":[{"@type":"ListItem","position":1,"name":"Accueil","item":"https:\/\/www.pressenza.com\/es\/"},{"@type":"ListItem","position":2,"name":"Un estudio pionero reclama dejar de lado el crecimiento econ\u00f3mico y centrarse en el bienestar dentro de los l\u00edmites planetarios"}]},{"@type":"WebSite","@id":"https:\/\/www.pressenza.com\/es\/#website","url":"https:\/\/www.pressenza.com\/es\/","name":"Pressenza","description":"International Press Agency","publisher":{"@id":"https:\/\/www.pressenza.com\/es\/#organization"},"potentialAction":[{"@type":"SearchAction","target":{"@type":"EntryPoint","urlTemplate":"https:\/\/www.pressenza.com\/es\/?s={search_term_string}"},"query-input":{"@type":"PropertyValueSpecification","valueRequired":true,"valueName":"search_term_string"}}],"inLanguage":"es"},{"@type":"Organization","@id":"https:\/\/www.pressenza.com\/es\/#organization","name":"Pressenza","url":"https:\/\/www.pressenza.com\/es\/","logo":{"@type":"ImageObject","inLanguage":"es","@id":"https:\/\/www.pressenza.com\/es\/#\/schema\/logo\/image\/","url":"https:\/\/www.pressenza.com\/wp-content\/uploads\/2022\/10\/pressenza_logo_200x200.jpg","contentUrl":"https:\/\/www.pressenza.com\/wp-content\/uploads\/2022\/10\/pressenza_logo_200x200.jpg","width":200,"height":200,"caption":"Pressenza"},"image":{"@id":"https:\/\/www.pressenza.com\/es\/#\/schema\/logo\/image\/"},"sameAs":["https:\/\/www.facebook.com\/PressenzaItalia","https:\/\/x.com\/PressenzaIPA"]},{"@type":"Person","@id":"https:\/\/www.pressenza.com\/es\/#\/schema\/person\/8abc53b92f3264e0dad4300d54ac73ff","name":"Redacci\u00f3n Barcelona","description":"News published by the Pressenza bureau in Barcelona, Spain","sameAs":["https:\/\/www.facebook.com\/Pressenza-Espaa-647854795301395\/timeline\/","https:\/\/x.com\/pressenza"],"url":"https:\/\/www.pressenza.com\/es\/author\/redaccion-barcelona\/"}]}},"place":"Espa\u00f1a","original_article_url":"","_links":{"self":[{"href":"https:\/\/www.pressenza.com\/es\/wp-json\/wp\/v2\/posts\/2576704","targetHints":{"allow":["GET"]}}],"collection":[{"href":"https:\/\/www.pressenza.com\/es\/wp-json\/wp\/v2\/posts"}],"about":[{"href":"https:\/\/www.pressenza.com\/es\/wp-json\/wp\/v2\/types\/post"}],"author":[{"embeddable":true,"href":"https:\/\/www.pressenza.com\/es\/wp-json\/wp\/v2\/users\/1122"}],"replies":[{"embeddable":true,"href":"https:\/\/www.pressenza.com\/es\/wp-json\/wp\/v2\/comments?post=2576704"}],"version-history":[{"count":0,"href":"https:\/\/www.pressenza.com\/es\/wp-json\/wp\/v2\/posts\/2576704\/revisions"}],"wp:featuredmedia":[{"embeddable":true,"href":"https:\/\/www.pressenza.com\/es\/wp-json\/wp\/v2\/media\/2576707"}],"wp:attachment":[{"href":"https:\/\/www.pressenza.com\/es\/wp-json\/wp\/v2\/media?parent=2576704"}],"wp:term":[{"taxonomy":"category","embeddable":true,"href":"https:\/\/www.pressenza.com\/es\/wp-json\/wp\/v2\/categories?post=2576704"},{"taxonomy":"post_tag","embeddable":true,"href":"https:\/\/www.pressenza.com\/es\/wp-json\/wp\/v2\/tags?post=2576704"}],"curies":[{"name":"wp","href":"https:\/\/api.w.org\/{rel}","templated":true}]}}