{"id":2575039,"date":"2025-01-08T17:54:31","date_gmt":"2025-01-08T17:54:31","guid":{"rendered":"https:\/\/www.pressenza.com\/?p=2575039"},"modified":"2025-01-08T17:54:31","modified_gmt":"2025-01-08T17:54:31","slug":"mette-frederiksen-primera-ministra-danesa-futuro-de-groenlandia-debe-ser-decidido-por-su-pueblo","status":"publish","type":"post","link":"https:\/\/www.pressenza.com\/es\/2025\/01\/mette-frederiksen-primera-ministra-danesa-futuro-de-groenlandia-debe-ser-decidido-por-su-pueblo\/","title":{"rendered":"Mette Frederiksen, Primera Ministra danesa: \u00abFuturo de Groenlandia debe ser decidido por su pueblo\u00bb"},"content":{"rendered":"<p>Ante la reciente visita del hijo mayor del Presidente electo de los Estados Unidos, Donald Trump, a Groenlandia, la Primera Ministra danesa Mette Frederiksen pidi\u00f3 respeto por la soberan\u00eda de Groenlandia en comentarios relacionados con las aspiraciones de independencia. \u00abSiento en muchos groenlandeses un fuerte deseo de avanzar hacia la independencia\u00bb, dijo. \u00abEsto es leg\u00edtimo y es por eso que considero que el futuro de Groenlandia debe ser decidido en Nuuk, la capital de Groenlandia\u00bb.<\/p>\n<p>Trump Jr., visit\u00f3 Nuuk el martes y describi\u00f3 su viaje como una visita tur\u00edstica privada, \u00abS\u00f3lo estamos aqu\u00ed como turistas, para ver todo\u00bb, dijo a los reporteros seg\u00fan menciona la agencia Xinhua, y declin\u00f3 comentar el m\u00e1s amplio inter\u00e9s estadounidense en Groenlandia.<\/p>\n<p>Sin embargo su padre, Donald Trump, celebr\u00f3 la visita en un tono algo diferente al mencionar en su red social Truth Social: \u00abDon Jr. y mis representantes llegaron a Groenlandia. La recepci\u00f3n fue excelente. \u00a1Ellos y el mundo libre necesitan seguridad y PAZ! Este es un trato que debe realizarse. \u00a1MAGA (Hagamos a Estados Unidos grande otra vez)! \u00a1HAGAMOS A GROENLANDIA GRANDE OTRA VEZ!\u00bb.<\/p>\n<p>Por lo que las reacciones desde el gobierno de Dinamarca publicadas en un mensaje en Facebook, se\u00f1alan: \u00abPerm\u00edtanme repetir esto: Groenlandia pertenece a los groenlandeses\u00bb. Nuestro futuro y nuestra lucha por la independencia son asuntos nuestros. Los daneses, los estadounidenses y otros pueden tener su opini\u00f3n, pero no debemos quedar atrapados en la histeria ni culpar a otros. Nosotros somos quienes daremos forma a nuestro futuro\u00bb.<\/p>\n<p>El primer ministro groenland\u00e9s, Mute Egede, advirti\u00f3 la pasada semana que la isla no est\u00e1 en venta y nunca lo estar\u00e1.<\/p>\n<p>Ese territorio goza de una amplia autonom\u00eda frente a Dinamarca, pese a que desde Copenhague se controlan claves como la pol\u00edtica exterior o de Defensa.<\/p>\n<p>Groenlandia constituye un territorio aut\u00f3nomo del Reino de Dinamarca, obtuvo la autonom\u00eda en 1979 y el autogobierno ampliado en 2009.<\/p>\n<p>&nbsp;<\/p>\n","protected":false},"excerpt":{"rendered":"<p>Ante la reciente visita del hijo mayor del Presidente electo de los Estados Unidos, Donald Trump, a Groenlandia, la Primera Ministra danesa Mette Frederiksen pidi\u00f3 respeto por la soberan\u00eda de Groenlandia en comentarios relacionados con las aspiraciones de independencia. \u00abSiento&hellip;<\/p>\n","protected":false},"author":19,"featured_media":2575048,"comment_status":"closed","ping_status":"closed","sticky":false,"template":"","format":"standard","meta":{"footnotes":""},"categories":[76,11389,66,106739],"tags":[18128,26187,28280],"class_list":["post-2575039","post","type-post","status-publish","format-standard","has-post-thumbnail","hentry","category-relaciones-exteriores","category-contenido-original","category-europa-es","category-noticia","tag-dinamarca","tag-donald-trump-es","tag-groenlandia"],"yoast_head":"<!-- This site is optimized with the Yoast SEO plugin v27.1.1 - https:\/\/yoast.com\/product\/yoast-seo-wordpress\/ -->\n<title>Mette Frederiksen, Primera Ministra danesa: &quot;Futuro de Groenlandia debe ser decidido por su pueblo&quot;<\/title>\n<meta name=\"description\" content=\"Ante la reciente visita del hijo mayor del Presidente electo de los Estados Unidos, Donald Trump, a Groenlandia, la Primera Ministra danesa Mette\" \/>\n<meta name=\"robots\" content=\"index, follow, max-snippet:-1, max-image-preview:large, max-video-preview:-1\" \/>\n<link rel=\"canonical\" href=\"https:\/\/www.pressenza.com\/es\/2025\/01\/mette-frederiksen-primera-ministra-danesa-futuro-de-groenlandia-debe-ser-decidido-por-su-pueblo\/\" \/>\n<meta property=\"og:locale\" content=\"es_ES\" \/>\n<meta property=\"og:type\" content=\"article\" \/>\n<meta property=\"og:title\" content=\"Mette Frederiksen, Primera Ministra danesa: &quot;Futuro de Groenlandia debe ser decidido por su pueblo&quot;\" \/>\n<meta property=\"og:description\" content=\"Ante la reciente visita del hijo mayor del Presidente electo de los Estados Unidos, Donald Trump, a Groenlandia, la Primera Ministra danesa Mette\" \/>\n<meta property=\"og:url\" content=\"https:\/\/www.pressenza.com\/es\/2025\/01\/mette-frederiksen-primera-ministra-danesa-futuro-de-groenlandia-debe-ser-decidido-por-su-pueblo\/\" \/>\n<meta property=\"og:site_name\" content=\"Pressenza\" \/>\n<meta property=\"article:publisher\" content=\"https:\/\/www.facebook.com\/PressenzaItalia\" \/>\n<meta property=\"article:author\" content=\"https:\/\/www.facebook.com\/pressenza\" \/>\n<meta property=\"article:published_time\" content=\"2025-01-08T17:54:31+00:00\" \/>\n<meta property=\"og:image\" content=\"https:\/\/www.pressenza.com\/wp-content\/uploads\/2025\/01\/PM-Dinamarca-1.jpg\" \/>\n\t<meta property=\"og:image:width\" content=\"1020\" \/>\n\t<meta property=\"og:image:height\" content=\"618\" \/>\n\t<meta property=\"og:image:type\" content=\"image\/jpeg\" \/>\n<meta name=\"author\" content=\"Pressenza IPA\" \/>\n<meta name=\"twitter:card\" content=\"summary_large_image\" \/>\n<meta name=\"twitter:creator\" content=\"@PressenzaIPA\" \/>\n<meta name=\"twitter:site\" content=\"@PressenzaIPA\" \/>\n<meta name=\"twitter:label1\" content=\"Escrito por\" \/>\n\t<meta name=\"twitter:data1\" content=\"Pressenza IPA\" \/>\n\t<meta name=\"twitter:label2\" content=\"Tiempo de lectura\" \/>\n\t<meta name=\"twitter:data2\" content=\"2 minutos\" \/>\n<script type=\"application\/ld+json\" class=\"yoast-schema-graph\">{\"@context\":\"https:\/\/schema.org\",\"@graph\":[{\"@type\":\"Article\",\"@id\":\"https:\/\/www.pressenza.com\/es\/2025\/01\/mette-frederiksen-primera-ministra-danesa-futuro-de-groenlandia-debe-ser-decidido-por-su-pueblo\/#article\",\"isPartOf\":{\"@id\":\"https:\/\/www.pressenza.com\/es\/2025\/01\/mette-frederiksen-primera-ministra-danesa-futuro-de-groenlandia-debe-ser-decidido-por-su-pueblo\/\"},\"author\":{\"name\":\"Pressenza IPA\",\"@id\":\"https:\/\/www.pressenza.com\/es\/#\/schema\/person\/010e5d02bcf40965427a1289a4cc8d75\"},\"headline\":\"Mette Frederiksen, Primera Ministra danesa: \u00abFuturo de Groenlandia debe ser decidido por su pueblo\u00bb\",\"datePublished\":\"2025-01-08T17:54:31+00:00\",\"mainEntityOfPage\":{\"@id\":\"https:\/\/www.pressenza.com\/es\/2025\/01\/mette-frederiksen-primera-ministra-danesa-futuro-de-groenlandia-debe-ser-decidido-por-su-pueblo\/\"},\"wordCount\":342,\"publisher\":{\"@id\":\"https:\/\/www.pressenza.com\/es\/#organization\"},\"image\":{\"@id\":\"https:\/\/www.pressenza.com\/es\/2025\/01\/mette-frederiksen-primera-ministra-danesa-futuro-de-groenlandia-debe-ser-decidido-por-su-pueblo\/#primaryimage\"},\"thumbnailUrl\":\"https:\/\/www.pressenza.com\/wp-content\/uploads\/2025\/01\/PM-Dinamarca-1.jpg\",\"keywords\":[\"Dinamarca\",\"Donald Trump\",\"Groenlandia\"],\"articleSection\":[\"Asuntos internacionales\",\"Contenido Original\",\"Europa\",\"Noticia\"],\"inLanguage\":\"es\"},{\"@type\":\"WebPage\",\"@id\":\"https:\/\/www.pressenza.com\/es\/2025\/01\/mette-frederiksen-primera-ministra-danesa-futuro-de-groenlandia-debe-ser-decidido-por-su-pueblo\/\",\"url\":\"https:\/\/www.pressenza.com\/es\/2025\/01\/mette-frederiksen-primera-ministra-danesa-futuro-de-groenlandia-debe-ser-decidido-por-su-pueblo\/\",\"name\":\"Mette Frederiksen, Primera Ministra danesa: \\\"Futuro de Groenlandia debe ser decidido por su pueblo\\\"\",\"isPartOf\":{\"@id\":\"https:\/\/www.pressenza.com\/es\/#website\"},\"primaryImageOfPage\":{\"@id\":\"https:\/\/www.pressenza.com\/es\/2025\/01\/mette-frederiksen-primera-ministra-danesa-futuro-de-groenlandia-debe-ser-decidido-por-su-pueblo\/#primaryimage\"},\"image\":{\"@id\":\"https:\/\/www.pressenza.com\/es\/2025\/01\/mette-frederiksen-primera-ministra-danesa-futuro-de-groenlandia-debe-ser-decidido-por-su-pueblo\/#primaryimage\"},\"thumbnailUrl\":\"https:\/\/www.pressenza.com\/wp-content\/uploads\/2025\/01\/PM-Dinamarca-1.jpg\",\"datePublished\":\"2025-01-08T17:54:31+00:00\",\"description\":\"Ante la reciente visita del hijo mayor del Presidente electo de los Estados Unidos, Donald Trump, a Groenlandia, la Primera Ministra danesa Mette\",\"breadcrumb\":{\"@id\":\"https:\/\/www.pressenza.com\/es\/2025\/01\/mette-frederiksen-primera-ministra-danesa-futuro-de-groenlandia-debe-ser-decidido-por-su-pueblo\/#breadcrumb\"},\"inLanguage\":\"es\",\"potentialAction\":[{\"@type\":\"ReadAction\",\"target\":[\"https:\/\/www.pressenza.com\/es\/2025\/01\/mette-frederiksen-primera-ministra-danesa-futuro-de-groenlandia-debe-ser-decidido-por-su-pueblo\/\"]}]},{\"@type\":\"ImageObject\",\"inLanguage\":\"es\",\"@id\":\"https:\/\/www.pressenza.com\/es\/2025\/01\/mette-frederiksen-primera-ministra-danesa-futuro-de-groenlandia-debe-ser-decidido-por-su-pueblo\/#primaryimage\",\"url\":\"https:\/\/www.pressenza.com\/wp-content\/uploads\/2025\/01\/PM-Dinamarca-1.jpg\",\"contentUrl\":\"https:\/\/www.pressenza.com\/wp-content\/uploads\/2025\/01\/PM-Dinamarca-1.jpg\",\"width\":1020,\"height\":618},{\"@type\":\"BreadcrumbList\",\"@id\":\"https:\/\/www.pressenza.com\/es\/2025\/01\/mette-frederiksen-primera-ministra-danesa-futuro-de-groenlandia-debe-ser-decidido-por-su-pueblo\/#breadcrumb\",\"itemListElement\":[{\"@type\":\"ListItem\",\"position\":1,\"name\":\"Accueil\",\"item\":\"https:\/\/www.pressenza.com\/es\/\"},{\"@type\":\"ListItem\",\"position\":2,\"name\":\"Mette Frederiksen, Primera Ministra danesa: \u00abFuturo de Groenlandia debe ser decidido por su pueblo\u00bb\"}]},{\"@type\":\"WebSite\",\"@id\":\"https:\/\/www.pressenza.com\/es\/#website\",\"url\":\"https:\/\/www.pressenza.com\/es\/\",\"name\":\"Pressenza\",\"description\":\"International Press Agency\",\"publisher\":{\"@id\":\"https:\/\/www.pressenza.com\/es\/#organization\"},\"potentialAction\":[{\"@type\":\"SearchAction\",\"target\":{\"@type\":\"EntryPoint\",\"urlTemplate\":\"https:\/\/www.pressenza.com\/es\/?s={search_term_string}\"},\"query-input\":{\"@type\":\"PropertyValueSpecification\",\"valueRequired\":true,\"valueName\":\"search_term_string\"}}],\"inLanguage\":\"es\"},{\"@type\":\"Organization\",\"@id\":\"https:\/\/www.pressenza.com\/es\/#organization\",\"name\":\"Pressenza\",\"url\":\"https:\/\/www.pressenza.com\/es\/\",\"logo\":{\"@type\":\"ImageObject\",\"inLanguage\":\"es\",\"@id\":\"https:\/\/www.pressenza.com\/es\/#\/schema\/logo\/image\/\",\"url\":\"https:\/\/www.pressenza.com\/wp-content\/uploads\/2022\/10\/pressenza_logo_200x200.jpg\",\"contentUrl\":\"https:\/\/www.pressenza.com\/wp-content\/uploads\/2022\/10\/pressenza_logo_200x200.jpg\",\"width\":200,\"height\":200,\"caption\":\"Pressenza\"},\"image\":{\"@id\":\"https:\/\/www.pressenza.com\/es\/#\/schema\/logo\/image\/\"},\"sameAs\":[\"https:\/\/www.facebook.com\/PressenzaItalia\",\"https:\/\/x.com\/PressenzaIPA\"]},{\"@type\":\"Person\",\"@id\":\"https:\/\/www.pressenza.com\/es\/#\/schema\/person\/010e5d02bcf40965427a1289a4cc8d75\",\"name\":\"Pressenza IPA\",\"description\":\"News from Pressenza IPA correspondents\",\"sameAs\":[\"https:\/\/www.facebook.com\/pressenza\",\"https:\/\/x.com\/PressenzaIPA\"],\"url\":\"https:\/\/www.pressenza.com\/es\/author\/pressenza-ipa\/\"}]}<\/script>\n<!-- \/ Yoast SEO plugin. -->","yoast_head_json":{"title":"Mette Frederiksen, Primera Ministra danesa: \"Futuro de Groenlandia debe ser decidido por su pueblo\"","description":"Ante la reciente visita del hijo mayor del Presidente electo de los Estados Unidos, Donald Trump, a Groenlandia, la Primera Ministra danesa Mette","robots":{"index":"index","follow":"follow","max-snippet":"max-snippet:-1","max-image-preview":"max-image-preview:large","max-video-preview":"max-video-preview:-1"},"canonical":"https:\/\/www.pressenza.com\/es\/2025\/01\/mette-frederiksen-primera-ministra-danesa-futuro-de-groenlandia-debe-ser-decidido-por-su-pueblo\/","og_locale":"es_ES","og_type":"article","og_title":"Mette Frederiksen, Primera Ministra danesa: \"Futuro de Groenlandia debe ser decidido por su pueblo\"","og_description":"Ante la reciente visita del hijo mayor del Presidente electo de los Estados Unidos, Donald Trump, a Groenlandia, la Primera Ministra danesa Mette","og_url":"https:\/\/www.pressenza.com\/es\/2025\/01\/mette-frederiksen-primera-ministra-danesa-futuro-de-groenlandia-debe-ser-decidido-por-su-pueblo\/","og_site_name":"Pressenza","article_publisher":"https:\/\/www.facebook.com\/PressenzaItalia","article_author":"https:\/\/www.facebook.com\/pressenza","article_published_time":"2025-01-08T17:54:31+00:00","og_image":[{"width":1020,"height":618,"url":"https:\/\/www.pressenza.com\/wp-content\/uploads\/2025\/01\/PM-Dinamarca-1.jpg","type":"image\/jpeg"}],"author":"Pressenza IPA","twitter_card":"summary_large_image","twitter_creator":"@PressenzaIPA","twitter_site":"@PressenzaIPA","twitter_misc":{"Escrito por":"Pressenza IPA","Tiempo de lectura":"2 minutos"},"schema":{"@context":"https:\/\/schema.org","@graph":[{"@type":"Article","@id":"https:\/\/www.pressenza.com\/es\/2025\/01\/mette-frederiksen-primera-ministra-danesa-futuro-de-groenlandia-debe-ser-decidido-por-su-pueblo\/#article","isPartOf":{"@id":"https:\/\/www.pressenza.com\/es\/2025\/01\/mette-frederiksen-primera-ministra-danesa-futuro-de-groenlandia-debe-ser-decidido-por-su-pueblo\/"},"author":{"name":"Pressenza IPA","@id":"https:\/\/www.pressenza.com\/es\/#\/schema\/person\/010e5d02bcf40965427a1289a4cc8d75"},"headline":"Mette Frederiksen, Primera Ministra danesa: \u00abFuturo de Groenlandia debe ser decidido por su pueblo\u00bb","datePublished":"2025-01-08T17:54:31+00:00","mainEntityOfPage":{"@id":"https:\/\/www.pressenza.com\/es\/2025\/01\/mette-frederiksen-primera-ministra-danesa-futuro-de-groenlandia-debe-ser-decidido-por-su-pueblo\/"},"wordCount":342,"publisher":{"@id":"https:\/\/www.pressenza.com\/es\/#organization"},"image":{"@id":"https:\/\/www.pressenza.com\/es\/2025\/01\/mette-frederiksen-primera-ministra-danesa-futuro-de-groenlandia-debe-ser-decidido-por-su-pueblo\/#primaryimage"},"thumbnailUrl":"https:\/\/www.pressenza.com\/wp-content\/uploads\/2025\/01\/PM-Dinamarca-1.jpg","keywords":["Dinamarca","Donald Trump","Groenlandia"],"articleSection":["Asuntos internacionales","Contenido Original","Europa","Noticia"],"inLanguage":"es"},{"@type":"WebPage","@id":"https:\/\/www.pressenza.com\/es\/2025\/01\/mette-frederiksen-primera-ministra-danesa-futuro-de-groenlandia-debe-ser-decidido-por-su-pueblo\/","url":"https:\/\/www.pressenza.com\/es\/2025\/01\/mette-frederiksen-primera-ministra-danesa-futuro-de-groenlandia-debe-ser-decidido-por-su-pueblo\/","name":"Mette Frederiksen, Primera Ministra danesa: \"Futuro de Groenlandia debe ser decidido por su pueblo\"","isPartOf":{"@id":"https:\/\/www.pressenza.com\/es\/#website"},"primaryImageOfPage":{"@id":"https:\/\/www.pressenza.com\/es\/2025\/01\/mette-frederiksen-primera-ministra-danesa-futuro-de-groenlandia-debe-ser-decidido-por-su-pueblo\/#primaryimage"},"image":{"@id":"https:\/\/www.pressenza.com\/es\/2025\/01\/mette-frederiksen-primera-ministra-danesa-futuro-de-groenlandia-debe-ser-decidido-por-su-pueblo\/#primaryimage"},"thumbnailUrl":"https:\/\/www.pressenza.com\/wp-content\/uploads\/2025\/01\/PM-Dinamarca-1.jpg","datePublished":"2025-01-08T17:54:31+00:00","description":"Ante la reciente visita del hijo mayor del Presidente electo de los Estados Unidos, Donald Trump, a Groenlandia, la Primera Ministra danesa Mette","breadcrumb":{"@id":"https:\/\/www.pressenza.com\/es\/2025\/01\/mette-frederiksen-primera-ministra-danesa-futuro-de-groenlandia-debe-ser-decidido-por-su-pueblo\/#breadcrumb"},"inLanguage":"es","potentialAction":[{"@type":"ReadAction","target":["https:\/\/www.pressenza.com\/es\/2025\/01\/mette-frederiksen-primera-ministra-danesa-futuro-de-groenlandia-debe-ser-decidido-por-su-pueblo\/"]}]},{"@type":"ImageObject","inLanguage":"es","@id":"https:\/\/www.pressenza.com\/es\/2025\/01\/mette-frederiksen-primera-ministra-danesa-futuro-de-groenlandia-debe-ser-decidido-por-su-pueblo\/#primaryimage","url":"https:\/\/www.pressenza.com\/wp-content\/uploads\/2025\/01\/PM-Dinamarca-1.jpg","contentUrl":"https:\/\/www.pressenza.com\/wp-content\/uploads\/2025\/01\/PM-Dinamarca-1.jpg","width":1020,"height":618},{"@type":"BreadcrumbList","@id":"https:\/\/www.pressenza.com\/es\/2025\/01\/mette-frederiksen-primera-ministra-danesa-futuro-de-groenlandia-debe-ser-decidido-por-su-pueblo\/#breadcrumb","itemListElement":[{"@type":"ListItem","position":1,"name":"Accueil","item":"https:\/\/www.pressenza.com\/es\/"},{"@type":"ListItem","position":2,"name":"Mette Frederiksen, Primera Ministra danesa: \u00abFuturo de Groenlandia debe ser decidido por su pueblo\u00bb"}]},{"@type":"WebSite","@id":"https:\/\/www.pressenza.com\/es\/#website","url":"https:\/\/www.pressenza.com\/es\/","name":"Pressenza","description":"International Press Agency","publisher":{"@id":"https:\/\/www.pressenza.com\/es\/#organization"},"potentialAction":[{"@type":"SearchAction","target":{"@type":"EntryPoint","urlTemplate":"https:\/\/www.pressenza.com\/es\/?s={search_term_string}"},"query-input":{"@type":"PropertyValueSpecification","valueRequired":true,"valueName":"search_term_string"}}],"inLanguage":"es"},{"@type":"Organization","@id":"https:\/\/www.pressenza.com\/es\/#organization","name":"Pressenza","url":"https:\/\/www.pressenza.com\/es\/","logo":{"@type":"ImageObject","inLanguage":"es","@id":"https:\/\/www.pressenza.com\/es\/#\/schema\/logo\/image\/","url":"https:\/\/www.pressenza.com\/wp-content\/uploads\/2022\/10\/pressenza_logo_200x200.jpg","contentUrl":"https:\/\/www.pressenza.com\/wp-content\/uploads\/2022\/10\/pressenza_logo_200x200.jpg","width":200,"height":200,"caption":"Pressenza"},"image":{"@id":"https:\/\/www.pressenza.com\/es\/#\/schema\/logo\/image\/"},"sameAs":["https:\/\/www.facebook.com\/PressenzaItalia","https:\/\/x.com\/PressenzaIPA"]},{"@type":"Person","@id":"https:\/\/www.pressenza.com\/es\/#\/schema\/person\/010e5d02bcf40965427a1289a4cc8d75","name":"Pressenza IPA","description":"News from Pressenza IPA correspondents","sameAs":["https:\/\/www.facebook.com\/pressenza","https:\/\/x.com\/PressenzaIPA"],"url":"https:\/\/www.pressenza.com\/es\/author\/pressenza-ipa\/"}]}},"place":"Dinamarca","original_article_url":"","_links":{"self":[{"href":"https:\/\/www.pressenza.com\/es\/wp-json\/wp\/v2\/posts\/2575039","targetHints":{"allow":["GET"]}}],"collection":[{"href":"https:\/\/www.pressenza.com\/es\/wp-json\/wp\/v2\/posts"}],"about":[{"href":"https:\/\/www.pressenza.com\/es\/wp-json\/wp\/v2\/types\/post"}],"author":[{"embeddable":true,"href":"https:\/\/www.pressenza.com\/es\/wp-json\/wp\/v2\/users\/19"}],"replies":[{"embeddable":true,"href":"https:\/\/www.pressenza.com\/es\/wp-json\/wp\/v2\/comments?post=2575039"}],"version-history":[{"count":0,"href":"https:\/\/www.pressenza.com\/es\/wp-json\/wp\/v2\/posts\/2575039\/revisions"}],"wp:featuredmedia":[{"embeddable":true,"href":"https:\/\/www.pressenza.com\/es\/wp-json\/wp\/v2\/media\/2575048"}],"wp:attachment":[{"href":"https:\/\/www.pressenza.com\/es\/wp-json\/wp\/v2\/media?parent=2575039"}],"wp:term":[{"taxonomy":"category","embeddable":true,"href":"https:\/\/www.pressenza.com\/es\/wp-json\/wp\/v2\/categories?post=2575039"},{"taxonomy":"post_tag","embeddable":true,"href":"https:\/\/www.pressenza.com\/es\/wp-json\/wp\/v2\/tags?post=2575039"}],"curies":[{"name":"wp","href":"https:\/\/api.w.org\/{rel}","templated":true}]}}