{"id":2575,"date":"2009-12-13T00:00:00","date_gmt":"2009-12-13T00:00:00","guid":{"rendered":""},"modified":"2009-12-13T07:53:40","modified_gmt":"2009-12-13T07:53:40","slug":"entrevista-a-miguel-hirschx-xen-africa-senti-que-la-peor-forma-de-violencia-es-la-injusticia-economicax","status":"publish","type":"post","link":"https:\/\/www.pressenza.com\/es\/2009\/12\/entrevista-a-miguel-hirschx-xen-africa-senti-que-la-peor-forma-de-violencia-es-la-injusticia-economicax\/","title":{"rendered":"Entrevista a Miguel Hirsch: \u00aben Africa sent\u00ec que la peor forma de violencia es la injusticia econ\u00f2mica\u00bb"},"content":{"rendered":"<p>**P:** *\u00bfCu\u00e1l ha sido tu experiencia de difundir la Paz y la No Violencia, en Ocean\u00eda, en Asia, en Europa y en Africa?*<\/p>\n<p>**MH:** Externamente la gente de cada lugar es muy diferente, en sus rasgos, costumbres, formas de vida, ropas, color de piel, etc.. Sin embargo, nos ha impresionado el hecho de que las aspiraciones y deseos m\u00e0s profundos son pr\u00e0cticamente los mismos en todas partes: cada mujer y hombre deja sentir su aspiraci\u00f2n por ser valorado, por ser reconocido como ser humano, por poder vivir en Paz y en condiciones decentes de vida, por poder criar a sus hijos sin temer posibles muertes est\u00f9pidas e innecesarias causadas por las guerras o las distintas formas de violencia.<\/p>\n<p>**P:** *\u00bfSientes alguna diferencia ahora que recorren Am\u00e9rica?*.<\/p>\n<p>**MH:**     Efectivamente, ya en Africa sent\u00ec que la peor violencia est\u00e0 dada por la injusticia econ\u00f2mica. Y en LatinoAm\u00e9rica esto se repite fuertemente. Es decir, la gente siente que la peor violencia es la imposibilidad de vivir con las condiciones m\u00ednimas correspondientes a una vida decente. Y lo peor es que toda esta situaci\u00f3n de injusticia en la distribuci\u00f3n, que hace sufrir a grandes mayorias, se acepta como si fuera lo \u00abnormal\u00bb, cuando es un absurdo derivado de los malos usos de los recursos.<\/p>\n<p>Si un padre de familia gastara el cincuenta por ciento de su salario en comprar armas se le considerar\u00eda un loco peligroso, sin embargo si un Gobierno hace exactamente lo mismo se acepta como \u00abnormal\u00bb. Debemos aprendera ver estas acciones de los Gobiernos como la locura que en realidad es, para poder exigir a los gobernantes que cuiden a sus habitantes con mejor educaci\u00f2n, mejor salud, mejores viviendas y formas de vida, con trabajos dignos.<\/p>\n<p>**P:** *-Como \u00fanico chileno que ha hecho todo el recorrido, qu\u00e9 rescatas respecto de tu pa\u00eds sobre la paz y la no violencia?*<\/p>\n<p>**MH:** Me parece que en Chile hay grandes avances y a la vez grandes tareas pendientes en estos campos. Creo que Chile ofrece las condiciones de poder hacer modificaciones a sus pol\u00ecticas y poder desde ah\u00ec ser un modelo para el mundo. Pero antes deber\u00ecamos cuidar de nuestra gente, erradicar completamente la extrema pobreza y ojal\u00e0 toda forma de pobreza. Y eso es f\u00e0cil de hacer ya que Chile es un pa\u00ecs rico en recursos. Ocupemos el cincuenta por ciento del presupuesto militar (o basta que decidamos no seguir invirtiendo en nuevas armas y reconvirtamos a nuestras fuerzas armadas en fuerzas de apoyo a la poblaci\u00f2n), en erradicar la pobreza y en educar bien a nuestros ni\u00f1os y j\u00f2venes, y muchas cosas so\u00f1adas para nuestra gente ser\u00e0n realidades.<\/p>\n<p>**P:** *\u00bfCu\u00e1ndo llegan a Chile?*<\/p>\n<p>**MH:** Los dos chilenos que estamos actualmente participando del recorrido de la Marcha Mundial, llegaremos a Santiago el 28 de Diciembre en la noche o el 29 en la ma\u00f1ana. Esperamos poder participar muy activamente en los eventos que los equipos promotores locales han preparado con esmero desde hace un a\u00f1o ya, el Carnaval de Cuatro Marchas que convergen en la Plaza de la Constituci\u00f2n, la Marcha que sigue luego a la Plaza de Armas y los dem\u00e0s eventos en los cuales espero se sumen miles de chilenos. La Marcha Mundial ser\u00e0 un gran suceso en Chile a finales de a\u00f1o.<\/p>\n<p>**P:** *\u00bfC\u00f3mo se puede  participar del fin de la Marcha \u00bfd\u00f3nde suceder\u00e1 el acto final?*<\/p>\n<p>**MH:** Entiendo que el Mi\u00e8rcoles 30 de Diciembre a partir de las 9 de la ma\u00f1ana se iniciar\u00e0n estas Cuatro Marchas que acabo de mencionar, desde el Cerro Santa Luc\u00eca, la Estaci\u00f2n Rep\u00f9blica, la Estaci\u00f2n Mapocho y Plaza Almagro, para llegar tipo 11 de la ma\u00f1ana a la Plaza de la Constituci\u00f2n.   Creo que la gente interesada se puede informar a trav\u00e8s de la p\u00e0gina web www.marchamundial.cl  para conocer mayores detalles sobre los eventos de ese d\u00eca en Santiago.<\/p>\n<p>**P:** *\u00bfQu\u00e9 mensaje quisieras lanzar hacia el futuro?*<\/p>\n<p>**MH:** El Mundo que queremos y so\u00f1amos **ES POSIBLE !!**  Nuestra aspiraci\u00f2n a una Naci\u00f2n Humana Universal, nuestro sue\u00f1o de un mundo Humano donde cada ser humano sea valorado y por tanto pueda vivir en Paz y desarrollo junto a toda la Humanidad, son posibles. S\u00f2lo necesitamos un cambio en nuestra conciencia, un profundo desprecio por la violencia como forma de solucionar los conflictos y con ello una apertura a nuevas formas de resolverlos. Actuemos con decisi\u00f2n y claridad a trav\u00e8s de acciones solidarias que nos permitan avanzar profundamente, como individuos y como sociedad. **ES POSIBLE**, est\u00e0 en nuestras manos hacerlo, empecemos **YA !!**<\/p>\n","protected":false},"excerpt":{"rendered":"<p>Y en LatinoAm\u00e9rica esto se repite fuertemente. Es decir, la gente siente la tremenda violencia de la imposibilidad de vivir en las condiciones m\u00ednimas que corresponden a una vida decente. Y lo peor es que esta situaci\u00f3n de injusticia en la distribuci\u00f3n de los recursos, que hace sufrir a grandes mayorias, se acepta como si fuera lo \u00abnormal\u00bb.<\/p>\n","protected":false},"author":19,"featured_media":0,"comment_status":"closed","ping_status":"open","sticky":false,"template":"","format":"standard","meta":{"footnotes":""},"categories":[69,75,155,39],"tags":[],"class_list":["post-2575","post","type-post","status-publish","format-standard","hentry","category-america-central","category-cultura-es","category-entrevistas","category-internacional"],"yoast_head":"<!-- This site is optimized with the Yoast SEO plugin v27.1.1 - https:\/\/yoast.com\/product\/yoast-seo-wordpress\/ -->\n<title>Entrevista a Miguel Hirsch: &quot;en Africa sent\u00ec que la peor forma de violencia es la injusticia econ\u00f2mica&quot;<\/title>\n<meta name=\"description\" content=\"Y en LatinoAm\u00e9rica esto se repite fuertemente. Es decir, la gente siente la tremenda violencia de la imposibilidad de vivir en las condiciones m\u00ednimas que corresponden a una vida decente. Y lo peor es que esta situaci\u00f3n de injusticia en la distribuci\u00f3n de los recursos, que hace sufrir a grandes mayorias, se acepta como si fuera lo &quot;normal&quot;.\" \/>\n<meta name=\"robots\" content=\"index, follow, max-snippet:-1, max-image-preview:large, max-video-preview:-1\" \/>\n<link rel=\"canonical\" href=\"https:\/\/www.pressenza.com\/es\/2009\/12\/entrevista-a-miguel-hirschx-xen-africa-senti-que-la-peor-forma-de-violencia-es-la-injusticia-economicax\/\" \/>\n<meta property=\"og:locale\" content=\"es_ES\" \/>\n<meta property=\"og:type\" content=\"article\" \/>\n<meta property=\"og:title\" content=\"Entrevista a Miguel Hirsch: &quot;en Africa sent\u00ec que la peor forma de violencia es la injusticia econ\u00f2mica&quot;\" \/>\n<meta property=\"og:description\" content=\"Y en LatinoAm\u00e9rica esto se repite fuertemente. Es decir, la gente siente la tremenda violencia de la imposibilidad de vivir en las condiciones m\u00ednimas que corresponden a una vida decente. Y lo peor es que esta situaci\u00f3n de injusticia en la distribuci\u00f3n de los recursos, que hace sufrir a grandes mayorias, se acepta como si fuera lo &quot;normal&quot;.\" \/>\n<meta property=\"og:url\" content=\"https:\/\/www.pressenza.com\/es\/2009\/12\/entrevista-a-miguel-hirschx-xen-africa-senti-que-la-peor-forma-de-violencia-es-la-injusticia-economicax\/\" \/>\n<meta property=\"og:site_name\" content=\"Pressenza\" \/>\n<meta property=\"article:publisher\" content=\"https:\/\/www.facebook.com\/PressenzaItalia\" \/>\n<meta property=\"article:author\" content=\"https:\/\/www.facebook.com\/pressenza\" \/>\n<meta property=\"article:published_time\" content=\"2009-12-13T00:00:00+00:00\" \/>\n<meta property=\"article:modified_time\" content=\"2009-12-13T07:53:40+00:00\" \/>\n<meta name=\"author\" content=\"Pressenza IPA\" \/>\n<meta name=\"twitter:card\" content=\"summary_large_image\" \/>\n<meta name=\"twitter:creator\" content=\"@PressenzaIPA\" \/>\n<meta name=\"twitter:site\" content=\"@PressenzaIPA\" \/>\n<meta name=\"twitter:label1\" content=\"Escrito por\" \/>\n\t<meta name=\"twitter:data1\" content=\"Pressenza IPA\" \/>\n\t<meta name=\"twitter:label2\" content=\"Tiempo de lectura\" \/>\n\t<meta name=\"twitter:data2\" content=\"4 minutos\" \/>\n<script type=\"application\/ld+json\" class=\"yoast-schema-graph\">{\"@context\":\"https:\/\/schema.org\",\"@graph\":[{\"@type\":\"Article\",\"@id\":\"https:\/\/www.pressenza.com\/es\/2009\/12\/entrevista-a-miguel-hirschx-xen-africa-senti-que-la-peor-forma-de-violencia-es-la-injusticia-economicax\/#article\",\"isPartOf\":{\"@id\":\"https:\/\/www.pressenza.com\/es\/2009\/12\/entrevista-a-miguel-hirschx-xen-africa-senti-que-la-peor-forma-de-violencia-es-la-injusticia-economicax\/\"},\"author\":{\"name\":\"Pressenza IPA\",\"@id\":\"https:\/\/www.pressenza.com\/es\/#\/schema\/person\/010e5d02bcf40965427a1289a4cc8d75\"},\"headline\":\"Entrevista a Miguel Hirsch: \u00aben Africa sent\u00ec que la peor forma de violencia es la injusticia econ\u00f2mica\u00bb\",\"datePublished\":\"2009-12-13T00:00:00+00:00\",\"dateModified\":\"2009-12-13T07:53:40+00:00\",\"mainEntityOfPage\":{\"@id\":\"https:\/\/www.pressenza.com\/es\/2009\/12\/entrevista-a-miguel-hirschx-xen-africa-senti-que-la-peor-forma-de-violencia-es-la-injusticia-economicax\/\"},\"wordCount\":812,\"publisher\":{\"@id\":\"https:\/\/www.pressenza.com\/es\/#organization\"},\"articleSection\":[\"Am\u00e9rica Central\",\"Cultura y Medios\",\"Entrevistas\",\"Internacional\"],\"inLanguage\":\"es\"},{\"@type\":\"WebPage\",\"@id\":\"https:\/\/www.pressenza.com\/es\/2009\/12\/entrevista-a-miguel-hirschx-xen-africa-senti-que-la-peor-forma-de-violencia-es-la-injusticia-economicax\/\",\"url\":\"https:\/\/www.pressenza.com\/es\/2009\/12\/entrevista-a-miguel-hirschx-xen-africa-senti-que-la-peor-forma-de-violencia-es-la-injusticia-economicax\/\",\"name\":\"Entrevista a Miguel Hirsch: \\\"en Africa sent\u00ec que la peor forma de violencia es la injusticia econ\u00f2mica\\\"\",\"isPartOf\":{\"@id\":\"https:\/\/www.pressenza.com\/es\/#website\"},\"datePublished\":\"2009-12-13T00:00:00+00:00\",\"dateModified\":\"2009-12-13T07:53:40+00:00\",\"description\":\"Y en LatinoAm\u00e9rica esto se repite fuertemente. Es decir, la gente siente la tremenda violencia de la imposibilidad de vivir en las condiciones m\u00ednimas que corresponden a una vida decente. Y lo peor es que esta situaci\u00f3n de injusticia en la distribuci\u00f3n de los recursos, que hace sufrir a grandes mayorias, se acepta como si fuera lo \\\"normal\\\".\",\"breadcrumb\":{\"@id\":\"https:\/\/www.pressenza.com\/es\/2009\/12\/entrevista-a-miguel-hirschx-xen-africa-senti-que-la-peor-forma-de-violencia-es-la-injusticia-economicax\/#breadcrumb\"},\"inLanguage\":\"es\",\"potentialAction\":[{\"@type\":\"ReadAction\",\"target\":[\"https:\/\/www.pressenza.com\/es\/2009\/12\/entrevista-a-miguel-hirschx-xen-africa-senti-que-la-peor-forma-de-violencia-es-la-injusticia-economicax\/\"]}]},{\"@type\":\"BreadcrumbList\",\"@id\":\"https:\/\/www.pressenza.com\/es\/2009\/12\/entrevista-a-miguel-hirschx-xen-africa-senti-que-la-peor-forma-de-violencia-es-la-injusticia-economicax\/#breadcrumb\",\"itemListElement\":[{\"@type\":\"ListItem\",\"position\":1,\"name\":\"Accueil\",\"item\":\"https:\/\/www.pressenza.com\/es\/\"},{\"@type\":\"ListItem\",\"position\":2,\"name\":\"Entrevista a Miguel Hirsch: \u00aben Africa sent\u00ec que la peor forma de violencia es la injusticia econ\u00f2mica\u00bb\"}]},{\"@type\":\"WebSite\",\"@id\":\"https:\/\/www.pressenza.com\/es\/#website\",\"url\":\"https:\/\/www.pressenza.com\/es\/\",\"name\":\"Pressenza\",\"description\":\"International Press Agency\",\"publisher\":{\"@id\":\"https:\/\/www.pressenza.com\/es\/#organization\"},\"potentialAction\":[{\"@type\":\"SearchAction\",\"target\":{\"@type\":\"EntryPoint\",\"urlTemplate\":\"https:\/\/www.pressenza.com\/es\/?s={search_term_string}\"},\"query-input\":{\"@type\":\"PropertyValueSpecification\",\"valueRequired\":true,\"valueName\":\"search_term_string\"}}],\"inLanguage\":\"es\"},{\"@type\":\"Organization\",\"@id\":\"https:\/\/www.pressenza.com\/es\/#organization\",\"name\":\"Pressenza\",\"url\":\"https:\/\/www.pressenza.com\/es\/\",\"logo\":{\"@type\":\"ImageObject\",\"inLanguage\":\"es\",\"@id\":\"https:\/\/www.pressenza.com\/es\/#\/schema\/logo\/image\/\",\"url\":\"https:\/\/www.pressenza.com\/wp-content\/uploads\/2022\/10\/pressenza_logo_200x200.jpg\",\"contentUrl\":\"https:\/\/www.pressenza.com\/wp-content\/uploads\/2022\/10\/pressenza_logo_200x200.jpg\",\"width\":200,\"height\":200,\"caption\":\"Pressenza\"},\"image\":{\"@id\":\"https:\/\/www.pressenza.com\/es\/#\/schema\/logo\/image\/\"},\"sameAs\":[\"https:\/\/www.facebook.com\/PressenzaItalia\",\"https:\/\/x.com\/PressenzaIPA\"]},{\"@type\":\"Person\",\"@id\":\"https:\/\/www.pressenza.com\/es\/#\/schema\/person\/010e5d02bcf40965427a1289a4cc8d75\",\"name\":\"Pressenza IPA\",\"description\":\"News from Pressenza IPA correspondents\",\"sameAs\":[\"https:\/\/www.facebook.com\/pressenza\",\"https:\/\/x.com\/PressenzaIPA\"],\"url\":\"https:\/\/www.pressenza.com\/es\/author\/pressenza-ipa\/\"}]}<\/script>\n<!-- \/ Yoast SEO plugin. -->","yoast_head_json":{"title":"Entrevista a Miguel Hirsch: \"en Africa sent\u00ec que la peor forma de violencia es la injusticia econ\u00f2mica\"","description":"Y en LatinoAm\u00e9rica esto se repite fuertemente. Es decir, la gente siente la tremenda violencia de la imposibilidad de vivir en las condiciones m\u00ednimas que corresponden a una vida decente. Y lo peor es que esta situaci\u00f3n de injusticia en la distribuci\u00f3n de los recursos, que hace sufrir a grandes mayorias, se acepta como si fuera lo \"normal\".","robots":{"index":"index","follow":"follow","max-snippet":"max-snippet:-1","max-image-preview":"max-image-preview:large","max-video-preview":"max-video-preview:-1"},"canonical":"https:\/\/www.pressenza.com\/es\/2009\/12\/entrevista-a-miguel-hirschx-xen-africa-senti-que-la-peor-forma-de-violencia-es-la-injusticia-economicax\/","og_locale":"es_ES","og_type":"article","og_title":"Entrevista a Miguel Hirsch: \"en Africa sent\u00ec que la peor forma de violencia es la injusticia econ\u00f2mica\"","og_description":"Y en LatinoAm\u00e9rica esto se repite fuertemente. Es decir, la gente siente la tremenda violencia de la imposibilidad de vivir en las condiciones m\u00ednimas que corresponden a una vida decente. Y lo peor es que esta situaci\u00f3n de injusticia en la distribuci\u00f3n de los recursos, que hace sufrir a grandes mayorias, se acepta como si fuera lo \"normal\".","og_url":"https:\/\/www.pressenza.com\/es\/2009\/12\/entrevista-a-miguel-hirschx-xen-africa-senti-que-la-peor-forma-de-violencia-es-la-injusticia-economicax\/","og_site_name":"Pressenza","article_publisher":"https:\/\/www.facebook.com\/PressenzaItalia","article_author":"https:\/\/www.facebook.com\/pressenza","article_published_time":"2009-12-13T00:00:00+00:00","article_modified_time":"2009-12-13T07:53:40+00:00","author":"Pressenza IPA","twitter_card":"summary_large_image","twitter_creator":"@PressenzaIPA","twitter_site":"@PressenzaIPA","twitter_misc":{"Escrito por":"Pressenza IPA","Tiempo de lectura":"4 minutos"},"schema":{"@context":"https:\/\/schema.org","@graph":[{"@type":"Article","@id":"https:\/\/www.pressenza.com\/es\/2009\/12\/entrevista-a-miguel-hirschx-xen-africa-senti-que-la-peor-forma-de-violencia-es-la-injusticia-economicax\/#article","isPartOf":{"@id":"https:\/\/www.pressenza.com\/es\/2009\/12\/entrevista-a-miguel-hirschx-xen-africa-senti-que-la-peor-forma-de-violencia-es-la-injusticia-economicax\/"},"author":{"name":"Pressenza IPA","@id":"https:\/\/www.pressenza.com\/es\/#\/schema\/person\/010e5d02bcf40965427a1289a4cc8d75"},"headline":"Entrevista a Miguel Hirsch: \u00aben Africa sent\u00ec que la peor forma de violencia es la injusticia econ\u00f2mica\u00bb","datePublished":"2009-12-13T00:00:00+00:00","dateModified":"2009-12-13T07:53:40+00:00","mainEntityOfPage":{"@id":"https:\/\/www.pressenza.com\/es\/2009\/12\/entrevista-a-miguel-hirschx-xen-africa-senti-que-la-peor-forma-de-violencia-es-la-injusticia-economicax\/"},"wordCount":812,"publisher":{"@id":"https:\/\/www.pressenza.com\/es\/#organization"},"articleSection":["Am\u00e9rica Central","Cultura y Medios","Entrevistas","Internacional"],"inLanguage":"es"},{"@type":"WebPage","@id":"https:\/\/www.pressenza.com\/es\/2009\/12\/entrevista-a-miguel-hirschx-xen-africa-senti-que-la-peor-forma-de-violencia-es-la-injusticia-economicax\/","url":"https:\/\/www.pressenza.com\/es\/2009\/12\/entrevista-a-miguel-hirschx-xen-africa-senti-que-la-peor-forma-de-violencia-es-la-injusticia-economicax\/","name":"Entrevista a Miguel Hirsch: \"en Africa sent\u00ec que la peor forma de violencia es la injusticia econ\u00f2mica\"","isPartOf":{"@id":"https:\/\/www.pressenza.com\/es\/#website"},"datePublished":"2009-12-13T00:00:00+00:00","dateModified":"2009-12-13T07:53:40+00:00","description":"Y en LatinoAm\u00e9rica esto se repite fuertemente. Es decir, la gente siente la tremenda violencia de la imposibilidad de vivir en las condiciones m\u00ednimas que corresponden a una vida decente. Y lo peor es que esta situaci\u00f3n de injusticia en la distribuci\u00f3n de los recursos, que hace sufrir a grandes mayorias, se acepta como si fuera lo \"normal\".","breadcrumb":{"@id":"https:\/\/www.pressenza.com\/es\/2009\/12\/entrevista-a-miguel-hirschx-xen-africa-senti-que-la-peor-forma-de-violencia-es-la-injusticia-economicax\/#breadcrumb"},"inLanguage":"es","potentialAction":[{"@type":"ReadAction","target":["https:\/\/www.pressenza.com\/es\/2009\/12\/entrevista-a-miguel-hirschx-xen-africa-senti-que-la-peor-forma-de-violencia-es-la-injusticia-economicax\/"]}]},{"@type":"BreadcrumbList","@id":"https:\/\/www.pressenza.com\/es\/2009\/12\/entrevista-a-miguel-hirschx-xen-africa-senti-que-la-peor-forma-de-violencia-es-la-injusticia-economicax\/#breadcrumb","itemListElement":[{"@type":"ListItem","position":1,"name":"Accueil","item":"https:\/\/www.pressenza.com\/es\/"},{"@type":"ListItem","position":2,"name":"Entrevista a Miguel Hirsch: \u00aben Africa sent\u00ec que la peor forma de violencia es la injusticia econ\u00f2mica\u00bb"}]},{"@type":"WebSite","@id":"https:\/\/www.pressenza.com\/es\/#website","url":"https:\/\/www.pressenza.com\/es\/","name":"Pressenza","description":"International Press Agency","publisher":{"@id":"https:\/\/www.pressenza.com\/es\/#organization"},"potentialAction":[{"@type":"SearchAction","target":{"@type":"EntryPoint","urlTemplate":"https:\/\/www.pressenza.com\/es\/?s={search_term_string}"},"query-input":{"@type":"PropertyValueSpecification","valueRequired":true,"valueName":"search_term_string"}}],"inLanguage":"es"},{"@type":"Organization","@id":"https:\/\/www.pressenza.com\/es\/#organization","name":"Pressenza","url":"https:\/\/www.pressenza.com\/es\/","logo":{"@type":"ImageObject","inLanguage":"es","@id":"https:\/\/www.pressenza.com\/es\/#\/schema\/logo\/image\/","url":"https:\/\/www.pressenza.com\/wp-content\/uploads\/2022\/10\/pressenza_logo_200x200.jpg","contentUrl":"https:\/\/www.pressenza.com\/wp-content\/uploads\/2022\/10\/pressenza_logo_200x200.jpg","width":200,"height":200,"caption":"Pressenza"},"image":{"@id":"https:\/\/www.pressenza.com\/es\/#\/schema\/logo\/image\/"},"sameAs":["https:\/\/www.facebook.com\/PressenzaItalia","https:\/\/x.com\/PressenzaIPA"]},{"@type":"Person","@id":"https:\/\/www.pressenza.com\/es\/#\/schema\/person\/010e5d02bcf40965427a1289a4cc8d75","name":"Pressenza IPA","description":"News from Pressenza IPA correspondents","sameAs":["https:\/\/www.facebook.com\/pressenza","https:\/\/x.com\/PressenzaIPA"],"url":"https:\/\/www.pressenza.com\/es\/author\/pressenza-ipa\/"}]}},"place":"Ciudad de Panam\u00e1","original_article_url":"","_links":{"self":[{"href":"https:\/\/www.pressenza.com\/es\/wp-json\/wp\/v2\/posts\/2575","targetHints":{"allow":["GET"]}}],"collection":[{"href":"https:\/\/www.pressenza.com\/es\/wp-json\/wp\/v2\/posts"}],"about":[{"href":"https:\/\/www.pressenza.com\/es\/wp-json\/wp\/v2\/types\/post"}],"author":[{"embeddable":true,"href":"https:\/\/www.pressenza.com\/es\/wp-json\/wp\/v2\/users\/19"}],"replies":[{"embeddable":true,"href":"https:\/\/www.pressenza.com\/es\/wp-json\/wp\/v2\/comments?post=2575"}],"version-history":[{"count":0,"href":"https:\/\/www.pressenza.com\/es\/wp-json\/wp\/v2\/posts\/2575\/revisions"}],"wp:attachment":[{"href":"https:\/\/www.pressenza.com\/es\/wp-json\/wp\/v2\/media?parent=2575"}],"wp:term":[{"taxonomy":"category","embeddable":true,"href":"https:\/\/www.pressenza.com\/es\/wp-json\/wp\/v2\/categories?post=2575"},{"taxonomy":"post_tag","embeddable":true,"href":"https:\/\/www.pressenza.com\/es\/wp-json\/wp\/v2\/tags?post=2575"}],"curies":[{"name":"wp","href":"https:\/\/api.w.org\/{rel}","templated":true}]}}