{"id":2572871,"date":"2024-12-28T15:33:48","date_gmt":"2024-12-28T15:33:48","guid":{"rendered":"https:\/\/www.pressenza.com\/?p=2572871"},"modified":"2024-12-28T15:33:48","modified_gmt":"2024-12-28T15:33:48","slug":"primer-ano-de-libertad-en-argentina","status":"publish","type":"post","link":"https:\/\/www.pressenza.com\/es\/2024\/12\/primer-ano-de-libertad-en-argentina\/","title":{"rendered":"Primer a\u00f1o de libertad en Argentina"},"content":{"rendered":"<p>Lo m\u00e1s satisfactorio de este primer a\u00f1o de vida bajo el r\u00e9gimen de la libertad es poder elegir entre el hambre o la enfermedad, entre vacaciones o educaci\u00f3n, decidir en cu\u00e1ntas cuotas pagar la leche y los fideos.<\/p>\n<p>Muchos me dir\u00e1n que esa libertad ya la padec\u00edan millones de personas en la Argentina y es cierto, los niveles de pobreza heredados por el presidente Javier Milei eran escandalosos, pero no podemos desmerecer sus atributos para multiplicarla. Y no es que pas\u00f3 de 8 a 12, sino de 37 a 65.<\/p>\n<p>De todos modos, ser\u00eda injusto medir sus logros con las calculadoras previas al r\u00e9gimen, ya que eran ciencias tendenciosas, con influencia socializante. En cambio, por poner ejemplos, ahora el Indec (<em>Instituto Nacional de Estad\u00edstica y Censos<\/em><em> de <\/em>la Rep\u00fablica Argentina) cuenta con total libertad para hacer los c\u00e1lculos de la inflaci\u00f3n que mejor le convengan o el Observatorio de la Deuda Social Argentina de la Universidad Cat\u00f3lica Argentina tiene la libertad de modificar sus resultados en el plazo de unas horas tras firmar un acuerdo de financiamiento con el gobierno.<\/p>\n<p>Los argentinos aprendimos a elegir segundas y terceras marcas para nuestra alimentaci\u00f3n, nos fuimos pasando los contactos de geniales zapateros y brillantes modistas que lograban darle una segunda y tercera oportunidad a nuestra indumentaria. Conocimos los recorridos de nuevas l\u00edneas de colectivos, al no poder pagar m\u00e1s el subterr\u00e1neo y hasta hemos hecho ejercicio caminando por las v\u00edas entre estaciones de tren y saltando molinetes con una nueva agilidad que desconoc\u00edamos.<\/p>\n<p>El vocero del gobierno, el fant\u00e1stico Manuel Adorni, como despedida del a\u00f1o fiscal 2024 volvi\u00f3 a expresarse frente a los periodistas que dejan entrar tras imponer un libertino estricto control de ingreso a Casa Rosada para que sean excluidos los periodistas que se dejen llevar por el libertinaje intelectual de hacer preguntas inc\u00f3modas. Y en su alocuci\u00f3n lament\u00f3 de nuevo la existencia del Salario M\u00ednimo Vital y M\u00f3vil, porque cercena la libertad de aquellos T\u00edo Toms que prefirieran trabajar por menos de ese monto o incluso gratis o, no s\u00e9 por qu\u00e9 no lo dijo Adorni, pag\u00e1ndole al empleador por disponer de ese privilegio.<\/p>\n<p>Lo cierto es que el lamento se produc\u00eda luego de que el presidente Milei definiera dicho Salario a trav\u00e9s de un decreto. Los sindicatos solicitaban un M\u00ednimo que alcanzara el mill\u00f3n de pesos, de manera que al menos se pudiera cubrir la canasta b\u00e1sica y los empleadores reclamaban un aumento ejemplificador que llevara el salario a 278 mil pesos. El gobierno decidi\u00f3 quedar bien con todas las partes promedi\u00e1ndolo entre ambas propuestas, fij\u00e1ndolo en 279.718 pesos.<\/p>\n<p>Hace unos pocos d\u00edas el presidente, que se autopercibe como una de las tres personas m\u00e1s influyentes del planeta, se vanagloriaba que el sueldo promedio de la Argentina hab\u00eda aumentado y lleg\u00f3 a los 1100 d\u00f3lares mensuales. \u00a1Bravo! En su enumeraci\u00f3n de logros olvid\u00f3 destacar que el sueldo m\u00ednimo legal argentino ahora es el segundo m\u00e1s bajo de nuestro continente y se desplom\u00f3 a valores que hac\u00eda d\u00e9cadas que no conoc\u00edamos. Nos instruye hasta en eso el especialista en crecimiento econ\u00f3mico con o sin dinero.<\/p>\n<p>Igual, estas cifras tienen patas cortas, porque las reservas del Banco Central empezaron a desinflarse a velocidad de gobierno populista y el pedido de quiebra de exportadoras cerealeras y la salida de empresas como Toyota del carry trade, conocida en nuestras Pampas como \u201cbicicleta financiera\u201d nos hacen presagiar una nueva devaluaci\u00f3n de nuestra moneda.<\/p>\n<p>Quiz\u00e1s el impacto en nuestra libertad matem\u00e1tica no sea tan brutal, pero conociendo que los suministradores de gas y electricidad tienen permitido volver a aumentarnos las tarifas, vaticinamos nuevas decisiones libres: \u00bfpagar o no pagar? \u00bfEncender el ventilador o no?<\/p>\n","protected":false},"excerpt":{"rendered":"<p>Lo m\u00e1s satisfactorio de este primer a\u00f1o de vida bajo el r\u00e9gimen de la libertad es poder elegir entre el hambre o la enfermedad, entre vacaciones o educaci\u00f3n, decidir en cu\u00e1ntas cuotas pagar la leche y los fideos. Muchos me&hellip;<\/p>\n","protected":false},"author":96,"featured_media":2572872,"comment_status":"closed","ping_status":"closed","sticky":false,"template":"","format":"standard","meta":{"footnotes":""},"categories":[11389,81,161,74,67],"tags":[26,95115,14796,130668],"class_list":["post-2572871","post","type-post","status-publish","format-standard","has-post-thumbnail","hentry","category-contenido-original","category-economia-es","category-opiniones","category-politica-es","category-sudamerica","tag-argentina","tag-javier-milei","tag-libertad","tag-manuel-adorni"],"yoast_head":"<!-- This site is optimized with the Yoast SEO plugin v27.1.1 - https:\/\/yoast.com\/product\/yoast-seo-wordpress\/ -->\n<title>Primer a\u00f1o de libertad en Argentina<\/title>\n<meta name=\"description\" content=\"Lo m\u00e1s satisfactorio de este primer a\u00f1o de vida bajo el r\u00e9gimen de la libertad es poder elegir entre el hambre o la enfermedad, entre vacaciones o\" \/>\n<meta name=\"robots\" content=\"index, follow, max-snippet:-1, max-image-preview:large, max-video-preview:-1\" \/>\n<link rel=\"canonical\" href=\"https:\/\/www.pressenza.com\/es\/2024\/12\/primer-ano-de-libertad-en-argentina\/\" \/>\n<meta property=\"og:locale\" content=\"es_ES\" \/>\n<meta property=\"og:type\" content=\"article\" \/>\n<meta property=\"og:title\" content=\"Primer a\u00f1o de libertad en Argentina\" \/>\n<meta property=\"og:description\" content=\"Lo m\u00e1s satisfactorio de este primer a\u00f1o de vida bajo el r\u00e9gimen de la libertad es poder elegir entre el hambre o la enfermedad, entre vacaciones o\" \/>\n<meta property=\"og:url\" content=\"https:\/\/www.pressenza.com\/es\/2024\/12\/primer-ano-de-libertad-en-argentina\/\" \/>\n<meta property=\"og:site_name\" content=\"Pressenza\" \/>\n<meta property=\"article:publisher\" content=\"https:\/\/www.facebook.com\/PressenzaItalia\" \/>\n<meta property=\"article:author\" content=\"https:\/\/www.facebook.com\/mariano.quiroga.779\" \/>\n<meta property=\"article:published_time\" content=\"2024-12-28T15:33:48+00:00\" \/>\n<meta property=\"og:image\" content=\"https:\/\/www.pressenza.com\/wp-content\/uploads\/2024\/12\/publicacionesMilei.jpg\" \/>\n\t<meta property=\"og:image:width\" content=\"994\" \/>\n\t<meta property=\"og:image:height\" content=\"984\" \/>\n\t<meta property=\"og:image:type\" content=\"image\/jpeg\" \/>\n<meta name=\"author\" content=\"Mariano Quiroga\" \/>\n<meta name=\"twitter:card\" content=\"summary_large_image\" \/>\n<meta name=\"twitter:creator\" content=\"@MaruchoQuiroga\" \/>\n<meta name=\"twitter:site\" content=\"@PressenzaIPA\" \/>\n<meta name=\"twitter:label1\" content=\"Escrito por\" \/>\n\t<meta name=\"twitter:data1\" content=\"Mariano Quiroga\" \/>\n\t<meta name=\"twitter:label2\" content=\"Tiempo de lectura\" \/>\n\t<meta name=\"twitter:data2\" content=\"3 minutos\" \/>\n<script type=\"application\/ld+json\" class=\"yoast-schema-graph\">{\"@context\":\"https:\/\/schema.org\",\"@graph\":[{\"@type\":\"Article\",\"@id\":\"https:\/\/www.pressenza.com\/es\/2024\/12\/primer-ano-de-libertad-en-argentina\/#article\",\"isPartOf\":{\"@id\":\"https:\/\/www.pressenza.com\/es\/2024\/12\/primer-ano-de-libertad-en-argentina\/\"},\"author\":{\"name\":\"Mariano Quiroga\",\"@id\":\"https:\/\/www.pressenza.com\/es\/#\/schema\/person\/a0856fe41d8234b92503e6b28dc2585e\"},\"headline\":\"Primer a\u00f1o de libertad en Argentina\",\"datePublished\":\"2024-12-28T15:33:48+00:00\",\"mainEntityOfPage\":{\"@id\":\"https:\/\/www.pressenza.com\/es\/2024\/12\/primer-ano-de-libertad-en-argentina\/\"},\"wordCount\":658,\"publisher\":{\"@id\":\"https:\/\/www.pressenza.com\/es\/#organization\"},\"image\":{\"@id\":\"https:\/\/www.pressenza.com\/es\/2024\/12\/primer-ano-de-libertad-en-argentina\/#primaryimage\"},\"thumbnailUrl\":\"https:\/\/www.pressenza.com\/wp-content\/uploads\/2024\/12\/publicacionesMilei.jpg\",\"keywords\":[\"Argentina\",\"Javier Milei\",\"Libertad\",\"Manuel Adorni\"],\"articleSection\":[\"Contenido Original\",\"Econom\u00eda\",\"Opiniones\",\"Pol\u00edtica\",\"Sudam\u00e9rica\"],\"inLanguage\":\"es\"},{\"@type\":\"WebPage\",\"@id\":\"https:\/\/www.pressenza.com\/es\/2024\/12\/primer-ano-de-libertad-en-argentina\/\",\"url\":\"https:\/\/www.pressenza.com\/es\/2024\/12\/primer-ano-de-libertad-en-argentina\/\",\"name\":\"Primer a\u00f1o de libertad en Argentina\",\"isPartOf\":{\"@id\":\"https:\/\/www.pressenza.com\/es\/#website\"},\"primaryImageOfPage\":{\"@id\":\"https:\/\/www.pressenza.com\/es\/2024\/12\/primer-ano-de-libertad-en-argentina\/#primaryimage\"},\"image\":{\"@id\":\"https:\/\/www.pressenza.com\/es\/2024\/12\/primer-ano-de-libertad-en-argentina\/#primaryimage\"},\"thumbnailUrl\":\"https:\/\/www.pressenza.com\/wp-content\/uploads\/2024\/12\/publicacionesMilei.jpg\",\"datePublished\":\"2024-12-28T15:33:48+00:00\",\"description\":\"Lo m\u00e1s satisfactorio de este primer a\u00f1o de vida bajo el r\u00e9gimen de la libertad es poder elegir entre el hambre o la enfermedad, entre vacaciones o\",\"breadcrumb\":{\"@id\":\"https:\/\/www.pressenza.com\/es\/2024\/12\/primer-ano-de-libertad-en-argentina\/#breadcrumb\"},\"inLanguage\":\"es\",\"potentialAction\":[{\"@type\":\"ReadAction\",\"target\":[\"https:\/\/www.pressenza.com\/es\/2024\/12\/primer-ano-de-libertad-en-argentina\/\"]}]},{\"@type\":\"ImageObject\",\"inLanguage\":\"es\",\"@id\":\"https:\/\/www.pressenza.com\/es\/2024\/12\/primer-ano-de-libertad-en-argentina\/#primaryimage\",\"url\":\"https:\/\/www.pressenza.com\/wp-content\/uploads\/2024\/12\/publicacionesMilei.jpg\",\"contentUrl\":\"https:\/\/www.pressenza.com\/wp-content\/uploads\/2024\/12\/publicacionesMilei.jpg\",\"width\":994,\"height\":984},{\"@type\":\"BreadcrumbList\",\"@id\":\"https:\/\/www.pressenza.com\/es\/2024\/12\/primer-ano-de-libertad-en-argentina\/#breadcrumb\",\"itemListElement\":[{\"@type\":\"ListItem\",\"position\":1,\"name\":\"Accueil\",\"item\":\"https:\/\/www.pressenza.com\/es\/\"},{\"@type\":\"ListItem\",\"position\":2,\"name\":\"Primer a\u00f1o de libertad en Argentina\"}]},{\"@type\":\"WebSite\",\"@id\":\"https:\/\/www.pressenza.com\/es\/#website\",\"url\":\"https:\/\/www.pressenza.com\/es\/\",\"name\":\"Pressenza\",\"description\":\"International Press Agency\",\"publisher\":{\"@id\":\"https:\/\/www.pressenza.com\/es\/#organization\"},\"potentialAction\":[{\"@type\":\"SearchAction\",\"target\":{\"@type\":\"EntryPoint\",\"urlTemplate\":\"https:\/\/www.pressenza.com\/es\/?s={search_term_string}\"},\"query-input\":{\"@type\":\"PropertyValueSpecification\",\"valueRequired\":true,\"valueName\":\"search_term_string\"}}],\"inLanguage\":\"es\"},{\"@type\":\"Organization\",\"@id\":\"https:\/\/www.pressenza.com\/es\/#organization\",\"name\":\"Pressenza\",\"url\":\"https:\/\/www.pressenza.com\/es\/\",\"logo\":{\"@type\":\"ImageObject\",\"inLanguage\":\"es\",\"@id\":\"https:\/\/www.pressenza.com\/es\/#\/schema\/logo\/image\/\",\"url\":\"https:\/\/www.pressenza.com\/wp-content\/uploads\/2022\/10\/pressenza_logo_200x200.jpg\",\"contentUrl\":\"https:\/\/www.pressenza.com\/wp-content\/uploads\/2022\/10\/pressenza_logo_200x200.jpg\",\"width\":200,\"height\":200,\"caption\":\"Pressenza\"},\"image\":{\"@id\":\"https:\/\/www.pressenza.com\/es\/#\/schema\/logo\/image\/\"},\"sameAs\":[\"https:\/\/www.facebook.com\/PressenzaItalia\",\"https:\/\/x.com\/PressenzaIPA\"]},{\"@type\":\"Person\",\"@id\":\"https:\/\/www.pressenza.com\/es\/#\/schema\/person\/a0856fe41d8234b92503e6b28dc2585e\",\"name\":\"Mariano Quiroga\",\"description\":\"Born in Buenos Aires, Argentina, in 1976, Mariano is a journalist, poet and international editor for Pressenza. His career includes publications in different countries and languages. Currently he is presenter on radio programmes in Ecuador and Argentina. A humanist communicator specialising in international politics, his vocation has led him to seek to build bridges that allow relationships to be made between data, events, people and contexts in order to create an inclusive look that synthesises the noblest searches for social justice and humanisation of the planet.\",\"sameAs\":[\"https:\/\/www.facebook.com\/mariano.quiroga.779\",\"https:\/\/x.com\/MaruchoQuiroga\"],\"url\":\"https:\/\/www.pressenza.com\/es\/author\/mariano-quiroga\/\"}]}<\/script>\n<!-- \/ Yoast SEO plugin. -->","yoast_head_json":{"title":"Primer a\u00f1o de libertad en Argentina","description":"Lo m\u00e1s satisfactorio de este primer a\u00f1o de vida bajo el r\u00e9gimen de la libertad es poder elegir entre el hambre o la enfermedad, entre vacaciones o","robots":{"index":"index","follow":"follow","max-snippet":"max-snippet:-1","max-image-preview":"max-image-preview:large","max-video-preview":"max-video-preview:-1"},"canonical":"https:\/\/www.pressenza.com\/es\/2024\/12\/primer-ano-de-libertad-en-argentina\/","og_locale":"es_ES","og_type":"article","og_title":"Primer a\u00f1o de libertad en Argentina","og_description":"Lo m\u00e1s satisfactorio de este primer a\u00f1o de vida bajo el r\u00e9gimen de la libertad es poder elegir entre el hambre o la enfermedad, entre vacaciones o","og_url":"https:\/\/www.pressenza.com\/es\/2024\/12\/primer-ano-de-libertad-en-argentina\/","og_site_name":"Pressenza","article_publisher":"https:\/\/www.facebook.com\/PressenzaItalia","article_author":"https:\/\/www.facebook.com\/mariano.quiroga.779","article_published_time":"2024-12-28T15:33:48+00:00","og_image":[{"width":994,"height":984,"url":"https:\/\/www.pressenza.com\/wp-content\/uploads\/2024\/12\/publicacionesMilei.jpg","type":"image\/jpeg"}],"author":"Mariano Quiroga","twitter_card":"summary_large_image","twitter_creator":"@MaruchoQuiroga","twitter_site":"@PressenzaIPA","twitter_misc":{"Escrito por":"Mariano Quiroga","Tiempo de lectura":"3 minutos"},"schema":{"@context":"https:\/\/schema.org","@graph":[{"@type":"Article","@id":"https:\/\/www.pressenza.com\/es\/2024\/12\/primer-ano-de-libertad-en-argentina\/#article","isPartOf":{"@id":"https:\/\/www.pressenza.com\/es\/2024\/12\/primer-ano-de-libertad-en-argentina\/"},"author":{"name":"Mariano Quiroga","@id":"https:\/\/www.pressenza.com\/es\/#\/schema\/person\/a0856fe41d8234b92503e6b28dc2585e"},"headline":"Primer a\u00f1o de libertad en Argentina","datePublished":"2024-12-28T15:33:48+00:00","mainEntityOfPage":{"@id":"https:\/\/www.pressenza.com\/es\/2024\/12\/primer-ano-de-libertad-en-argentina\/"},"wordCount":658,"publisher":{"@id":"https:\/\/www.pressenza.com\/es\/#organization"},"image":{"@id":"https:\/\/www.pressenza.com\/es\/2024\/12\/primer-ano-de-libertad-en-argentina\/#primaryimage"},"thumbnailUrl":"https:\/\/www.pressenza.com\/wp-content\/uploads\/2024\/12\/publicacionesMilei.jpg","keywords":["Argentina","Javier Milei","Libertad","Manuel Adorni"],"articleSection":["Contenido Original","Econom\u00eda","Opiniones","Pol\u00edtica","Sudam\u00e9rica"],"inLanguage":"es"},{"@type":"WebPage","@id":"https:\/\/www.pressenza.com\/es\/2024\/12\/primer-ano-de-libertad-en-argentina\/","url":"https:\/\/www.pressenza.com\/es\/2024\/12\/primer-ano-de-libertad-en-argentina\/","name":"Primer a\u00f1o de libertad en Argentina","isPartOf":{"@id":"https:\/\/www.pressenza.com\/es\/#website"},"primaryImageOfPage":{"@id":"https:\/\/www.pressenza.com\/es\/2024\/12\/primer-ano-de-libertad-en-argentina\/#primaryimage"},"image":{"@id":"https:\/\/www.pressenza.com\/es\/2024\/12\/primer-ano-de-libertad-en-argentina\/#primaryimage"},"thumbnailUrl":"https:\/\/www.pressenza.com\/wp-content\/uploads\/2024\/12\/publicacionesMilei.jpg","datePublished":"2024-12-28T15:33:48+00:00","description":"Lo m\u00e1s satisfactorio de este primer a\u00f1o de vida bajo el r\u00e9gimen de la libertad es poder elegir entre el hambre o la enfermedad, entre vacaciones o","breadcrumb":{"@id":"https:\/\/www.pressenza.com\/es\/2024\/12\/primer-ano-de-libertad-en-argentina\/#breadcrumb"},"inLanguage":"es","potentialAction":[{"@type":"ReadAction","target":["https:\/\/www.pressenza.com\/es\/2024\/12\/primer-ano-de-libertad-en-argentina\/"]}]},{"@type":"ImageObject","inLanguage":"es","@id":"https:\/\/www.pressenza.com\/es\/2024\/12\/primer-ano-de-libertad-en-argentina\/#primaryimage","url":"https:\/\/www.pressenza.com\/wp-content\/uploads\/2024\/12\/publicacionesMilei.jpg","contentUrl":"https:\/\/www.pressenza.com\/wp-content\/uploads\/2024\/12\/publicacionesMilei.jpg","width":994,"height":984},{"@type":"BreadcrumbList","@id":"https:\/\/www.pressenza.com\/es\/2024\/12\/primer-ano-de-libertad-en-argentina\/#breadcrumb","itemListElement":[{"@type":"ListItem","position":1,"name":"Accueil","item":"https:\/\/www.pressenza.com\/es\/"},{"@type":"ListItem","position":2,"name":"Primer a\u00f1o de libertad en Argentina"}]},{"@type":"WebSite","@id":"https:\/\/www.pressenza.com\/es\/#website","url":"https:\/\/www.pressenza.com\/es\/","name":"Pressenza","description":"International Press Agency","publisher":{"@id":"https:\/\/www.pressenza.com\/es\/#organization"},"potentialAction":[{"@type":"SearchAction","target":{"@type":"EntryPoint","urlTemplate":"https:\/\/www.pressenza.com\/es\/?s={search_term_string}"},"query-input":{"@type":"PropertyValueSpecification","valueRequired":true,"valueName":"search_term_string"}}],"inLanguage":"es"},{"@type":"Organization","@id":"https:\/\/www.pressenza.com\/es\/#organization","name":"Pressenza","url":"https:\/\/www.pressenza.com\/es\/","logo":{"@type":"ImageObject","inLanguage":"es","@id":"https:\/\/www.pressenza.com\/es\/#\/schema\/logo\/image\/","url":"https:\/\/www.pressenza.com\/wp-content\/uploads\/2022\/10\/pressenza_logo_200x200.jpg","contentUrl":"https:\/\/www.pressenza.com\/wp-content\/uploads\/2022\/10\/pressenza_logo_200x200.jpg","width":200,"height":200,"caption":"Pressenza"},"image":{"@id":"https:\/\/www.pressenza.com\/es\/#\/schema\/logo\/image\/"},"sameAs":["https:\/\/www.facebook.com\/PressenzaItalia","https:\/\/x.com\/PressenzaIPA"]},{"@type":"Person","@id":"https:\/\/www.pressenza.com\/es\/#\/schema\/person\/a0856fe41d8234b92503e6b28dc2585e","name":"Mariano Quiroga","description":"Born in Buenos Aires, Argentina, in 1976, Mariano is a journalist, poet and international editor for Pressenza. His career includes publications in different countries and languages. Currently he is presenter on radio programmes in Ecuador and Argentina. A humanist communicator specialising in international politics, his vocation has led him to seek to build bridges that allow relationships to be made between data, events, people and contexts in order to create an inclusive look that synthesises the noblest searches for social justice and humanisation of the planet.","sameAs":["https:\/\/www.facebook.com\/mariano.quiroga.779","https:\/\/x.com\/MaruchoQuiroga"],"url":"https:\/\/www.pressenza.com\/es\/author\/mariano-quiroga\/"}]}},"place":"Ciudad de Buenos Aires, Argentina","original_article_url":"","_links":{"self":[{"href":"https:\/\/www.pressenza.com\/es\/wp-json\/wp\/v2\/posts\/2572871","targetHints":{"allow":["GET"]}}],"collection":[{"href":"https:\/\/www.pressenza.com\/es\/wp-json\/wp\/v2\/posts"}],"about":[{"href":"https:\/\/www.pressenza.com\/es\/wp-json\/wp\/v2\/types\/post"}],"author":[{"embeddable":true,"href":"https:\/\/www.pressenza.com\/es\/wp-json\/wp\/v2\/users\/96"}],"replies":[{"embeddable":true,"href":"https:\/\/www.pressenza.com\/es\/wp-json\/wp\/v2\/comments?post=2572871"}],"version-history":[{"count":0,"href":"https:\/\/www.pressenza.com\/es\/wp-json\/wp\/v2\/posts\/2572871\/revisions"}],"wp:featuredmedia":[{"embeddable":true,"href":"https:\/\/www.pressenza.com\/es\/wp-json\/wp\/v2\/media\/2572872"}],"wp:attachment":[{"href":"https:\/\/www.pressenza.com\/es\/wp-json\/wp\/v2\/media?parent=2572871"}],"wp:term":[{"taxonomy":"category","embeddable":true,"href":"https:\/\/www.pressenza.com\/es\/wp-json\/wp\/v2\/categories?post=2572871"},{"taxonomy":"post_tag","embeddable":true,"href":"https:\/\/www.pressenza.com\/es\/wp-json\/wp\/v2\/tags?post=2572871"}],"curies":[{"name":"wp","href":"https:\/\/api.w.org\/{rel}","templated":true}]}}