{"id":2570964,"date":"2024-12-17T18:21:39","date_gmt":"2024-12-17T18:21:39","guid":{"rendered":"https:\/\/www.pressenza.com\/?p=2570964"},"modified":"2024-12-17T18:21:39","modified_gmt":"2024-12-17T18:21:39","slug":"camara-de-diputadas-y-diputados-de-chile-recibe-a-la-delegacion-de-la-tercera-marcha-mundial-por-la-paz-y-la-no-violencia","status":"publish","type":"post","link":"https:\/\/www.pressenza.com\/es\/2024\/12\/camara-de-diputadas-y-diputados-de-chile-recibe-a-la-delegacion-de-la-tercera-marcha-mundial-por-la-paz-y-la-no-violencia\/","title":{"rendered":"C\u00e1mara de Diputadas y Diputados de Chile recibe a la delegaci\u00f3n de la Tercera Marcha Mundial por la Paz y la No Violencia"},"content":{"rendered":"<p>La mesa directiva de la C\u00e1mara de Diputadas y Diputados de Chile, representada por el diputado y Presidente Eric Aedo, recibi\u00f3 a la delegaci\u00f3n de la Tercera Marcha Mundial por la Paz y la No Violencia, marcando el hito de inicio de esta movilizaci\u00f3n global para visibilizar las distintas formas en las que se ejerce la violencia contra el ser humano, demostrando la necesidad de un cambio real interno y en la forma en que los diversos pueblos conviven y se relacionan.<\/p>\n<p>Esta marcha parti\u00f3 el 02 de octubre en San Jos\u00e9 de Costa Rica, D\u00eda internacional por la Paz y la No Violencia, y aniversario del natalicio de Gandhi, reconocido promotor de los DDHH y la Paz. La movilizaci\u00f3n tiene como objetivos visibilizar las diversas acciones ejemplares no violentas, seguir creando conciencia y dar voz a las nuevas generaciones para instaurar la cultura de la No Violencia. Adem\u00e1s, se encuentran iniciativas como la objeci\u00f3n de conciencia como derecho fundamental, el desarme proporcional, la urgente reconstrucci\u00f3n de las Naciones Unidas, asegurar las condiciones para un planeta sostenible y la integraci\u00f3n de regiones y zonas con sistemas socioecon\u00f3micos que garanticen el bienestar y recursos para todos.<\/p>\n<p>Rafael de la Rubia, Coordinador mundial de \u201cMundo Sin Guerras\u201d y encargado de la Tercera Marcha Mundial por la Paz y la No Violencia, agradeci\u00f3 la recepci\u00f3n del Presidente de la C\u00e1mara Baja de Chile y coment\u00f3 que \u201clo preocupante es que esa din\u00e1mica de crispar los \u00e1nimos se est\u00e1 difundiendo a trav\u00e9s de los medios de comunicaci\u00f3n, y la gente lo que quiere es lo contrario. Quiere vivir en paz, quieren tener sus hijos y evitar la confrontaci\u00f3n. En ese sentido, pensamos que est\u00e1n desenfocando el inter\u00e9s real de la poblaci\u00f3n\u201d.<\/p>\n<p><img loading=\"lazy\" decoding=\"async\" class=\"alignnone wp-image-2570967 size-full\" src=\"https:\/\/www.pressenza.com\/wp-content\/uploads\/2024\/12\/2-2.jpeg\" alt=\"\" width=\"1600\" height=\"1066\" srcset=\"https:\/\/www.pressenza.com\/wp-content\/uploads\/2024\/12\/2-2.jpeg 1600w, https:\/\/www.pressenza.com\/wp-content\/uploads\/2024\/12\/2-2-300x200.jpeg 300w, https:\/\/www.pressenza.com\/wp-content\/uploads\/2024\/12\/2-2-820x546.jpeg 820w\" sizes=\"auto, (max-width: 1600px) 100vw, 1600px\" \/><\/p>\n<p>A su vez, Lita Bord\u00f3n, Coordinadora para Sudam\u00e9rica y Argentina de la Tercera Marcha Mundial por la Paz, expres\u00f3 que est\u00e1n \u201cvisibilizando las formas de violencia que se ejercen sobre el ser humano y que, en este momento, es tan importante dar una se\u00f1al. Las guerras est\u00e1n masacrando pueblos enteros, las armas nucleares son un peligro latente para la humanidad. Creemos que as\u00ed como se aprende la violencia, la no violencia tambi\u00e9n\u201d.<\/p>\n<p>Por su parte, Loreto Mu\u00f1oz, Coordinadora de la Tercera Marcha Mundial e integrante de Acci\u00f3n Humanista acot\u00f3 que \u201cesta ma\u00f1ana nos reunimos en la Municipalidad de La Cisterna y hablamos sobre la necesidad de hacer un c\u00f3nclave de alcaldes por la paz y la no violencia. Visibilizar el tema y cambiar nuestra forma de tratarnos, haci\u00e9ndolo de manera propositiva\u201d.<\/p>\n<p>La diputada Ana Mar\u00eda Gazmuri, vicepresidenta de AH, destac\u00f3 que \u201ciniciativas como esta, la Tercera Marcha Mundial por la Paz y la No Violencia, nos parecen absolutamente relevantes y es particularmente necesario, que llegue a un espacio como este, la C\u00e1mara de Diputadas y Diputados. En un clima de polarizaci\u00f3n, en un clima en que la violencia la vemos instalada en todos los niveles, no s\u00f3lo en las guerras, la amenaza nuclear, la masacre en Gaza, sino que tambi\u00e9n la vemos en este espacio, y la vemos incluso permeando en las vidas cotidianas, la vemos en la violencia que sufren nuestros ni\u00f1os y ni\u00f1as adolescentes. Entonces, pensamos que el llamado de la paz hoy d\u00eda es m\u00e1s urgente que nunca. Este es un impulso internacional, es un impulso de personas, de ciudadanos del mundo comprometidos con esta urgencia de construir la paz y de terminar con la violencia.\u201d<\/p>\n<p>En tanto, el diputado humanista Tom\u00e1s Hirsch, asegur\u00f3 que \u201ceste es un recorrido que promueve la paz en el planeta, que es algo tan necesario, pero tambi\u00e9n la actitud de la no violencia activa, que es una conducta personal y social, que por cierto resuena tambi\u00e9n en el Presidente de la C\u00e1mara de Diputadas y Diputados, Eric Aedo, que fue quien nos recibi\u00f3. Tal como dec\u00eda la diputada Gazmuri, necesitamos tambi\u00e9n en esta C\u00e1mara poder profundizar en una actitud de m\u00e1s fraternidad, de poner al centro las necesidades de los hombres y mujeres de nuestro pa\u00eds, una cultura de la no violencia y dejar atr\u00e1s la violencia, que no es solo los problemas de seguridad que nos muestran en televisi\u00f3n, sino que tambi\u00e9n tiene que ver con la calidad y condiciones de vida. Esta marcha engloba la b\u00fasqueda de un futuro mejor para la humanidad\u201d.<\/p>\n<p><img loading=\"lazy\" decoding=\"async\" class=\"alignnone wp-image-2570966 size-full\" src=\"https:\/\/www.pressenza.com\/wp-content\/uploads\/2024\/12\/3-1.jpeg\" alt=\"\" width=\"1600\" height=\"1066\" srcset=\"https:\/\/www.pressenza.com\/wp-content\/uploads\/2024\/12\/3-1.jpeg 1600w, https:\/\/www.pressenza.com\/wp-content\/uploads\/2024\/12\/3-1-300x200.jpeg 300w, https:\/\/www.pressenza.com\/wp-content\/uploads\/2024\/12\/3-1-820x546.jpeg 820w\" sizes=\"auto, (max-width: 1600px) 100vw, 1600px\" \/><\/p>\n","protected":false},"excerpt":{"rendered":"<p>La mesa directiva de la C\u00e1mara de Diputadas y Diputados de Chile, representada por el diputado y Presidente Eric Aedo, recibi\u00f3 a la delegaci\u00f3n de la Tercera Marcha Mundial por la Paz y la No Violencia, marcando el hito de&hellip;<\/p>\n","protected":false},"author":43,"featured_media":2570965,"comment_status":"closed","ping_status":"closed","sticky":false,"template":"","format":"standard","meta":{"footnotes":""},"categories":[11389,106739,1242,1243,67],"tags":[124648,130379,29,7752],"class_list":["post-2570964","post","type-post","status-publish","format-standard","has-post-thumbnail","hentry","category-contenido-original","category-noticia","category-noviolencia-tema","category-paz-desarme","category-sudamerica","tag-3mm-es","tag-camara-de-diputadas-y-diputados","tag-chile","tag-rafael-de-la-rubia-2"],"yoast_head":"<!-- This site is optimized with the Yoast SEO plugin v27.1.1 - https:\/\/yoast.com\/product\/yoast-seo-wordpress\/ -->\n<title>C\u00e1mara de Diputadas y Diputados de Chile recibe a la delegaci\u00f3n de la Tercera Marcha Mundial por la Paz y la No Violencia<\/title>\n<meta name=\"description\" content=\"La mesa directiva de la C\u00e1mara de Diputadas y Diputados de Chile, representada por el diputado y Presidente Eric Aedo, recibi\u00f3 a la delegaci\u00f3n de la\" \/>\n<meta name=\"robots\" content=\"index, follow, max-snippet:-1, max-image-preview:large, max-video-preview:-1\" \/>\n<link rel=\"canonical\" href=\"https:\/\/www.pressenza.com\/es\/2024\/12\/camara-de-diputadas-y-diputados-de-chile-recibe-a-la-delegacion-de-la-tercera-marcha-mundial-por-la-paz-y-la-no-violencia\/\" \/>\n<meta property=\"og:locale\" content=\"es_ES\" \/>\n<meta property=\"og:type\" content=\"article\" \/>\n<meta property=\"og:title\" content=\"C\u00e1mara de Diputadas y Diputados de Chile recibe a la delegaci\u00f3n de la Tercera Marcha Mundial por la Paz y la No Violencia\" \/>\n<meta property=\"og:description\" content=\"La mesa directiva de la C\u00e1mara de Diputadas y Diputados de Chile, representada por el diputado y Presidente Eric Aedo, recibi\u00f3 a la delegaci\u00f3n de la\" \/>\n<meta property=\"og:url\" content=\"https:\/\/www.pressenza.com\/es\/2024\/12\/camara-de-diputadas-y-diputados-de-chile-recibe-a-la-delegacion-de-la-tercera-marcha-mundial-por-la-paz-y-la-no-violencia\/\" \/>\n<meta property=\"og:site_name\" content=\"Pressenza\" \/>\n<meta property=\"article:publisher\" content=\"https:\/\/www.facebook.com\/PressenzaItalia\" \/>\n<meta property=\"article:author\" content=\"https:\/\/www.facebook.com\/pressenza\" \/>\n<meta property=\"article:published_time\" content=\"2024-12-17T18:21:39+00:00\" \/>\n<meta property=\"og:image\" content=\"https:\/\/www.pressenza.com\/wp-content\/uploads\/2024\/12\/1.jpeg\" \/>\n\t<meta property=\"og:image:width\" content=\"1600\" \/>\n\t<meta property=\"og:image:height\" content=\"1066\" \/>\n\t<meta property=\"og:image:type\" content=\"image\/jpeg\" \/>\n<meta name=\"author\" content=\"Redacci\u00f3n Chile\" \/>\n<meta name=\"twitter:card\" content=\"summary_large_image\" \/>\n<meta name=\"twitter:creator\" content=\"@pressenza\" \/>\n<meta name=\"twitter:site\" content=\"@PressenzaIPA\" \/>\n<meta name=\"twitter:label1\" content=\"Escrito por\" \/>\n\t<meta name=\"twitter:data1\" content=\"Redacci\u00f3n Chile\" \/>\n\t<meta name=\"twitter:label2\" content=\"Tiempo de lectura\" \/>\n\t<meta name=\"twitter:data2\" content=\"4 minutos\" \/>\n<script type=\"application\/ld+json\" class=\"yoast-schema-graph\">{\"@context\":\"https:\/\/schema.org\",\"@graph\":[{\"@type\":\"Article\",\"@id\":\"https:\/\/www.pressenza.com\/es\/2024\/12\/camara-de-diputadas-y-diputados-de-chile-recibe-a-la-delegacion-de-la-tercera-marcha-mundial-por-la-paz-y-la-no-violencia\/#article\",\"isPartOf\":{\"@id\":\"https:\/\/www.pressenza.com\/es\/2024\/12\/camara-de-diputadas-y-diputados-de-chile-recibe-a-la-delegacion-de-la-tercera-marcha-mundial-por-la-paz-y-la-no-violencia\/\"},\"author\":{\"name\":\"Redacci\u00f3n Chile\",\"@id\":\"https:\/\/www.pressenza.com\/es\/#\/schema\/person\/d7db40df35d6698ba69ba9ee260944ed\"},\"headline\":\"C\u00e1mara de Diputadas y Diputados de Chile recibe a la delegaci\u00f3n de la Tercera Marcha Mundial por la Paz y la No Violencia\",\"datePublished\":\"2024-12-17T18:21:39+00:00\",\"mainEntityOfPage\":{\"@id\":\"https:\/\/www.pressenza.com\/es\/2024\/12\/camara-de-diputadas-y-diputados-de-chile-recibe-a-la-delegacion-de-la-tercera-marcha-mundial-por-la-paz-y-la-no-violencia\/\"},\"wordCount\":787,\"publisher\":{\"@id\":\"https:\/\/www.pressenza.com\/es\/#organization\"},\"image\":{\"@id\":\"https:\/\/www.pressenza.com\/es\/2024\/12\/camara-de-diputadas-y-diputados-de-chile-recibe-a-la-delegacion-de-la-tercera-marcha-mundial-por-la-paz-y-la-no-violencia\/#primaryimage\"},\"thumbnailUrl\":\"https:\/\/www.pressenza.com\/wp-content\/uploads\/2024\/12\/1.jpeg\",\"keywords\":[\"3MM\",\"C\u00e1mara de Diputadas y Diputados\",\"Chile\",\"Rafael de la Rubia\"],\"articleSection\":[\"Contenido Original\",\"Noticia\",\"Noviolencia\",\"Paz y Desarme\",\"Sudam\u00e9rica\"],\"inLanguage\":\"es\"},{\"@type\":\"WebPage\",\"@id\":\"https:\/\/www.pressenza.com\/es\/2024\/12\/camara-de-diputadas-y-diputados-de-chile-recibe-a-la-delegacion-de-la-tercera-marcha-mundial-por-la-paz-y-la-no-violencia\/\",\"url\":\"https:\/\/www.pressenza.com\/es\/2024\/12\/camara-de-diputadas-y-diputados-de-chile-recibe-a-la-delegacion-de-la-tercera-marcha-mundial-por-la-paz-y-la-no-violencia\/\",\"name\":\"C\u00e1mara de Diputadas y Diputados de Chile recibe a la delegaci\u00f3n de la Tercera Marcha Mundial por la Paz y la No Violencia\",\"isPartOf\":{\"@id\":\"https:\/\/www.pressenza.com\/es\/#website\"},\"primaryImageOfPage\":{\"@id\":\"https:\/\/www.pressenza.com\/es\/2024\/12\/camara-de-diputadas-y-diputados-de-chile-recibe-a-la-delegacion-de-la-tercera-marcha-mundial-por-la-paz-y-la-no-violencia\/#primaryimage\"},\"image\":{\"@id\":\"https:\/\/www.pressenza.com\/es\/2024\/12\/camara-de-diputadas-y-diputados-de-chile-recibe-a-la-delegacion-de-la-tercera-marcha-mundial-por-la-paz-y-la-no-violencia\/#primaryimage\"},\"thumbnailUrl\":\"https:\/\/www.pressenza.com\/wp-content\/uploads\/2024\/12\/1.jpeg\",\"datePublished\":\"2024-12-17T18:21:39+00:00\",\"description\":\"La mesa directiva de la C\u00e1mara de Diputadas y Diputados de Chile, representada por el diputado y Presidente Eric Aedo, recibi\u00f3 a la delegaci\u00f3n de la\",\"breadcrumb\":{\"@id\":\"https:\/\/www.pressenza.com\/es\/2024\/12\/camara-de-diputadas-y-diputados-de-chile-recibe-a-la-delegacion-de-la-tercera-marcha-mundial-por-la-paz-y-la-no-violencia\/#breadcrumb\"},\"inLanguage\":\"es\",\"potentialAction\":[{\"@type\":\"ReadAction\",\"target\":[\"https:\/\/www.pressenza.com\/es\/2024\/12\/camara-de-diputadas-y-diputados-de-chile-recibe-a-la-delegacion-de-la-tercera-marcha-mundial-por-la-paz-y-la-no-violencia\/\"]}]},{\"@type\":\"ImageObject\",\"inLanguage\":\"es\",\"@id\":\"https:\/\/www.pressenza.com\/es\/2024\/12\/camara-de-diputadas-y-diputados-de-chile-recibe-a-la-delegacion-de-la-tercera-marcha-mundial-por-la-paz-y-la-no-violencia\/#primaryimage\",\"url\":\"https:\/\/www.pressenza.com\/wp-content\/uploads\/2024\/12\/1.jpeg\",\"contentUrl\":\"https:\/\/www.pressenza.com\/wp-content\/uploads\/2024\/12\/1.jpeg\",\"width\":1600,\"height\":1066},{\"@type\":\"BreadcrumbList\",\"@id\":\"https:\/\/www.pressenza.com\/es\/2024\/12\/camara-de-diputadas-y-diputados-de-chile-recibe-a-la-delegacion-de-la-tercera-marcha-mundial-por-la-paz-y-la-no-violencia\/#breadcrumb\",\"itemListElement\":[{\"@type\":\"ListItem\",\"position\":1,\"name\":\"Accueil\",\"item\":\"https:\/\/www.pressenza.com\/es\/\"},{\"@type\":\"ListItem\",\"position\":2,\"name\":\"C\u00e1mara de Diputadas y Diputados de Chile recibe a la delegaci\u00f3n de la Tercera Marcha Mundial por la Paz y la No Violencia\"}]},{\"@type\":\"WebSite\",\"@id\":\"https:\/\/www.pressenza.com\/es\/#website\",\"url\":\"https:\/\/www.pressenza.com\/es\/\",\"name\":\"Pressenza\",\"description\":\"International Press Agency\",\"publisher\":{\"@id\":\"https:\/\/www.pressenza.com\/es\/#organization\"},\"potentialAction\":[{\"@type\":\"SearchAction\",\"target\":{\"@type\":\"EntryPoint\",\"urlTemplate\":\"https:\/\/www.pressenza.com\/es\/?s={search_term_string}\"},\"query-input\":{\"@type\":\"PropertyValueSpecification\",\"valueRequired\":true,\"valueName\":\"search_term_string\"}}],\"inLanguage\":\"es\"},{\"@type\":\"Organization\",\"@id\":\"https:\/\/www.pressenza.com\/es\/#organization\",\"name\":\"Pressenza\",\"url\":\"https:\/\/www.pressenza.com\/es\/\",\"logo\":{\"@type\":\"ImageObject\",\"inLanguage\":\"es\",\"@id\":\"https:\/\/www.pressenza.com\/es\/#\/schema\/logo\/image\/\",\"url\":\"https:\/\/www.pressenza.com\/wp-content\/uploads\/2022\/10\/pressenza_logo_200x200.jpg\",\"contentUrl\":\"https:\/\/www.pressenza.com\/wp-content\/uploads\/2022\/10\/pressenza_logo_200x200.jpg\",\"width\":200,\"height\":200,\"caption\":\"Pressenza\"},\"image\":{\"@id\":\"https:\/\/www.pressenza.com\/es\/#\/schema\/logo\/image\/\"},\"sameAs\":[\"https:\/\/www.facebook.com\/PressenzaItalia\",\"https:\/\/x.com\/PressenzaIPA\"]},{\"@type\":\"Person\",\"@id\":\"https:\/\/www.pressenza.com\/es\/#\/schema\/person\/d7db40df35d6698ba69ba9ee260944ed\",\"name\":\"Redacci\u00f3n Chile\",\"description\":\"News from the Pressenza Bureau in Chile\",\"sameAs\":[\"https:\/\/www.facebook.com\/pressenza\",\"https:\/\/x.com\/pressenza\"],\"url\":\"https:\/\/www.pressenza.com\/es\/author\/redaccion-chile\/\"}]}<\/script>\n<!-- \/ Yoast SEO plugin. -->","yoast_head_json":{"title":"C\u00e1mara de Diputadas y Diputados de Chile recibe a la delegaci\u00f3n de la Tercera Marcha Mundial por la Paz y la No Violencia","description":"La mesa directiva de la C\u00e1mara de Diputadas y Diputados de Chile, representada por el diputado y Presidente Eric Aedo, recibi\u00f3 a la delegaci\u00f3n de la","robots":{"index":"index","follow":"follow","max-snippet":"max-snippet:-1","max-image-preview":"max-image-preview:large","max-video-preview":"max-video-preview:-1"},"canonical":"https:\/\/www.pressenza.com\/es\/2024\/12\/camara-de-diputadas-y-diputados-de-chile-recibe-a-la-delegacion-de-la-tercera-marcha-mundial-por-la-paz-y-la-no-violencia\/","og_locale":"es_ES","og_type":"article","og_title":"C\u00e1mara de Diputadas y Diputados de Chile recibe a la delegaci\u00f3n de la Tercera Marcha Mundial por la Paz y la No Violencia","og_description":"La mesa directiva de la C\u00e1mara de Diputadas y Diputados de Chile, representada por el diputado y Presidente Eric Aedo, recibi\u00f3 a la delegaci\u00f3n de la","og_url":"https:\/\/www.pressenza.com\/es\/2024\/12\/camara-de-diputadas-y-diputados-de-chile-recibe-a-la-delegacion-de-la-tercera-marcha-mundial-por-la-paz-y-la-no-violencia\/","og_site_name":"Pressenza","article_publisher":"https:\/\/www.facebook.com\/PressenzaItalia","article_author":"https:\/\/www.facebook.com\/pressenza","article_published_time":"2024-12-17T18:21:39+00:00","og_image":[{"width":1600,"height":1066,"url":"https:\/\/www.pressenza.com\/wp-content\/uploads\/2024\/12\/1.jpeg","type":"image\/jpeg"}],"author":"Redacci\u00f3n Chile","twitter_card":"summary_large_image","twitter_creator":"@pressenza","twitter_site":"@PressenzaIPA","twitter_misc":{"Escrito por":"Redacci\u00f3n Chile","Tiempo de lectura":"4 minutos"},"schema":{"@context":"https:\/\/schema.org","@graph":[{"@type":"Article","@id":"https:\/\/www.pressenza.com\/es\/2024\/12\/camara-de-diputadas-y-diputados-de-chile-recibe-a-la-delegacion-de-la-tercera-marcha-mundial-por-la-paz-y-la-no-violencia\/#article","isPartOf":{"@id":"https:\/\/www.pressenza.com\/es\/2024\/12\/camara-de-diputadas-y-diputados-de-chile-recibe-a-la-delegacion-de-la-tercera-marcha-mundial-por-la-paz-y-la-no-violencia\/"},"author":{"name":"Redacci\u00f3n Chile","@id":"https:\/\/www.pressenza.com\/es\/#\/schema\/person\/d7db40df35d6698ba69ba9ee260944ed"},"headline":"C\u00e1mara de Diputadas y Diputados de Chile recibe a la delegaci\u00f3n de la Tercera Marcha Mundial por la Paz y la No Violencia","datePublished":"2024-12-17T18:21:39+00:00","mainEntityOfPage":{"@id":"https:\/\/www.pressenza.com\/es\/2024\/12\/camara-de-diputadas-y-diputados-de-chile-recibe-a-la-delegacion-de-la-tercera-marcha-mundial-por-la-paz-y-la-no-violencia\/"},"wordCount":787,"publisher":{"@id":"https:\/\/www.pressenza.com\/es\/#organization"},"image":{"@id":"https:\/\/www.pressenza.com\/es\/2024\/12\/camara-de-diputadas-y-diputados-de-chile-recibe-a-la-delegacion-de-la-tercera-marcha-mundial-por-la-paz-y-la-no-violencia\/#primaryimage"},"thumbnailUrl":"https:\/\/www.pressenza.com\/wp-content\/uploads\/2024\/12\/1.jpeg","keywords":["3MM","C\u00e1mara de Diputadas y Diputados","Chile","Rafael de la Rubia"],"articleSection":["Contenido Original","Noticia","Noviolencia","Paz y Desarme","Sudam\u00e9rica"],"inLanguage":"es"},{"@type":"WebPage","@id":"https:\/\/www.pressenza.com\/es\/2024\/12\/camara-de-diputadas-y-diputados-de-chile-recibe-a-la-delegacion-de-la-tercera-marcha-mundial-por-la-paz-y-la-no-violencia\/","url":"https:\/\/www.pressenza.com\/es\/2024\/12\/camara-de-diputadas-y-diputados-de-chile-recibe-a-la-delegacion-de-la-tercera-marcha-mundial-por-la-paz-y-la-no-violencia\/","name":"C\u00e1mara de Diputadas y Diputados de Chile recibe a la delegaci\u00f3n de la Tercera Marcha Mundial por la Paz y la No Violencia","isPartOf":{"@id":"https:\/\/www.pressenza.com\/es\/#website"},"primaryImageOfPage":{"@id":"https:\/\/www.pressenza.com\/es\/2024\/12\/camara-de-diputadas-y-diputados-de-chile-recibe-a-la-delegacion-de-la-tercera-marcha-mundial-por-la-paz-y-la-no-violencia\/#primaryimage"},"image":{"@id":"https:\/\/www.pressenza.com\/es\/2024\/12\/camara-de-diputadas-y-diputados-de-chile-recibe-a-la-delegacion-de-la-tercera-marcha-mundial-por-la-paz-y-la-no-violencia\/#primaryimage"},"thumbnailUrl":"https:\/\/www.pressenza.com\/wp-content\/uploads\/2024\/12\/1.jpeg","datePublished":"2024-12-17T18:21:39+00:00","description":"La mesa directiva de la C\u00e1mara de Diputadas y Diputados de Chile, representada por el diputado y Presidente Eric Aedo, recibi\u00f3 a la delegaci\u00f3n de la","breadcrumb":{"@id":"https:\/\/www.pressenza.com\/es\/2024\/12\/camara-de-diputadas-y-diputados-de-chile-recibe-a-la-delegacion-de-la-tercera-marcha-mundial-por-la-paz-y-la-no-violencia\/#breadcrumb"},"inLanguage":"es","potentialAction":[{"@type":"ReadAction","target":["https:\/\/www.pressenza.com\/es\/2024\/12\/camara-de-diputadas-y-diputados-de-chile-recibe-a-la-delegacion-de-la-tercera-marcha-mundial-por-la-paz-y-la-no-violencia\/"]}]},{"@type":"ImageObject","inLanguage":"es","@id":"https:\/\/www.pressenza.com\/es\/2024\/12\/camara-de-diputadas-y-diputados-de-chile-recibe-a-la-delegacion-de-la-tercera-marcha-mundial-por-la-paz-y-la-no-violencia\/#primaryimage","url":"https:\/\/www.pressenza.com\/wp-content\/uploads\/2024\/12\/1.jpeg","contentUrl":"https:\/\/www.pressenza.com\/wp-content\/uploads\/2024\/12\/1.jpeg","width":1600,"height":1066},{"@type":"BreadcrumbList","@id":"https:\/\/www.pressenza.com\/es\/2024\/12\/camara-de-diputadas-y-diputados-de-chile-recibe-a-la-delegacion-de-la-tercera-marcha-mundial-por-la-paz-y-la-no-violencia\/#breadcrumb","itemListElement":[{"@type":"ListItem","position":1,"name":"Accueil","item":"https:\/\/www.pressenza.com\/es\/"},{"@type":"ListItem","position":2,"name":"C\u00e1mara de Diputadas y Diputados de Chile recibe a la delegaci\u00f3n de la Tercera Marcha Mundial por la Paz y la No Violencia"}]},{"@type":"WebSite","@id":"https:\/\/www.pressenza.com\/es\/#website","url":"https:\/\/www.pressenza.com\/es\/","name":"Pressenza","description":"International Press Agency","publisher":{"@id":"https:\/\/www.pressenza.com\/es\/#organization"},"potentialAction":[{"@type":"SearchAction","target":{"@type":"EntryPoint","urlTemplate":"https:\/\/www.pressenza.com\/es\/?s={search_term_string}"},"query-input":{"@type":"PropertyValueSpecification","valueRequired":true,"valueName":"search_term_string"}}],"inLanguage":"es"},{"@type":"Organization","@id":"https:\/\/www.pressenza.com\/es\/#organization","name":"Pressenza","url":"https:\/\/www.pressenza.com\/es\/","logo":{"@type":"ImageObject","inLanguage":"es","@id":"https:\/\/www.pressenza.com\/es\/#\/schema\/logo\/image\/","url":"https:\/\/www.pressenza.com\/wp-content\/uploads\/2022\/10\/pressenza_logo_200x200.jpg","contentUrl":"https:\/\/www.pressenza.com\/wp-content\/uploads\/2022\/10\/pressenza_logo_200x200.jpg","width":200,"height":200,"caption":"Pressenza"},"image":{"@id":"https:\/\/www.pressenza.com\/es\/#\/schema\/logo\/image\/"},"sameAs":["https:\/\/www.facebook.com\/PressenzaItalia","https:\/\/x.com\/PressenzaIPA"]},{"@type":"Person","@id":"https:\/\/www.pressenza.com\/es\/#\/schema\/person\/d7db40df35d6698ba69ba9ee260944ed","name":"Redacci\u00f3n Chile","description":"News from the Pressenza Bureau in Chile","sameAs":["https:\/\/www.facebook.com\/pressenza","https:\/\/x.com\/pressenza"],"url":"https:\/\/www.pressenza.com\/es\/author\/redaccion-chile\/"}]}},"place":"Valpara\u00edso, Chile","original_article_url":"","_links":{"self":[{"href":"https:\/\/www.pressenza.com\/es\/wp-json\/wp\/v2\/posts\/2570964","targetHints":{"allow":["GET"]}}],"collection":[{"href":"https:\/\/www.pressenza.com\/es\/wp-json\/wp\/v2\/posts"}],"about":[{"href":"https:\/\/www.pressenza.com\/es\/wp-json\/wp\/v2\/types\/post"}],"author":[{"embeddable":true,"href":"https:\/\/www.pressenza.com\/es\/wp-json\/wp\/v2\/users\/43"}],"replies":[{"embeddable":true,"href":"https:\/\/www.pressenza.com\/es\/wp-json\/wp\/v2\/comments?post=2570964"}],"version-history":[{"count":0,"href":"https:\/\/www.pressenza.com\/es\/wp-json\/wp\/v2\/posts\/2570964\/revisions"}],"wp:featuredmedia":[{"embeddable":true,"href":"https:\/\/www.pressenza.com\/es\/wp-json\/wp\/v2\/media\/2570965"}],"wp:attachment":[{"href":"https:\/\/www.pressenza.com\/es\/wp-json\/wp\/v2\/media?parent=2570964"}],"wp:term":[{"taxonomy":"category","embeddable":true,"href":"https:\/\/www.pressenza.com\/es\/wp-json\/wp\/v2\/categories?post=2570964"},{"taxonomy":"post_tag","embeddable":true,"href":"https:\/\/www.pressenza.com\/es\/wp-json\/wp\/v2\/tags?post=2570964"}],"curies":[{"name":"wp","href":"https:\/\/api.w.org\/{rel}","templated":true}]}}