{"id":2570623,"date":"2024-12-16T19:25:31","date_gmt":"2024-12-16T19:25:31","guid":{"rendered":"https:\/\/www.pressenza.com\/?p=2570623"},"modified":"2024-12-16T19:25:31","modified_gmt":"2024-12-16T19:25:31","slug":"madres-de-plaza-de-mayo-y-universidad-nacional-madres-de-plaza-de-mayo-recibieron-al-equipo-base-de-la-3-marcha-mundial-por-la-paz-y-la-no-violencia","status":"publish","type":"post","link":"https:\/\/www.pressenza.com\/es\/2024\/12\/madres-de-plaza-de-mayo-y-universidad-nacional-madres-de-plaza-de-mayo-recibieron-al-equipo-base-de-la-3-marcha-mundial-por-la-paz-y-la-no-violencia\/","title":{"rendered":"Madres de Plaza de Mayo y Universidad Nacional Madres de Plaza de Mayo recibieron al Equipo Base de la 3\u00b0 Marcha Mundial por la Paz y la No Violencia"},"content":{"rendered":"<p>Por Jorge Pard\u00e9s<\/p>\n<p>El equipo base de la Marcha Mundial por la Paz y la No Violencia visit\u00f3 la sede de la Universidad Madres de Plaza de Mayo (UNMA) y sede de la Asociaci\u00f3n Madres de Plaza de Mayo y fue recibido por su rectora Cristina Caama\u00f1o y la presidenta de la asociaci\u00f3n, Carmen Arias, el 12 de diciembre a su paso por la ciudad de Buenos Aires.<\/p>\n<p>Uno de los objetivos de esta reuni\u00f3n fue manifestar el apoyo a la universidad ante los ataques que enfrentan del gobierno nacional, en su avanzada contra la educaci\u00f3n p\u00fablica, las universidades y en particular hacia esta casa de estudios.<\/p>\n<p>El intercambio les permiti\u00f3 recabar la informaci\u00f3n que ser\u00e1 compartida con otras universidades internacionales que apoyan la Marcha por la Paz y la No Violencia y fomentar la incorporaci\u00f3n de programas enfocados en la educaci\u00f3n por la paz y la no violencia en las universidades del mundo.<\/p>\n<p><img loading=\"lazy\" decoding=\"async\" class=\"alignnone wp-image-2570627 size-full\" src=\"https:\/\/www.pressenza.com\/wp-content\/uploads\/2024\/12\/4.jpeg\" alt=\"\" width=\"1600\" height=\"1066\" srcset=\"https:\/\/www.pressenza.com\/wp-content\/uploads\/2024\/12\/4.jpeg 1600w, https:\/\/www.pressenza.com\/wp-content\/uploads\/2024\/12\/4-300x200.jpeg 300w, https:\/\/www.pressenza.com\/wp-content\/uploads\/2024\/12\/4-820x546.jpeg 820w\" sizes=\"auto, (max-width: 1600px) 100vw, 1600px\" \/><\/p>\n<p>Rafael de la Rubia, miembro del Movimiento Humanista y promotor de la primera Marcha Mundial, entreg\u00f3 a la Universidad un libro de esa primera marcha y otro de la publicaci\u00f3n del homenaje a Galileo Galilei, Giordano Bruno y otros precursores de la ciencia de hoy, que el humanista y cient\u00edfico Salvatore Puledda realiz\u00f3 el 7 de enero de 1989 en Florencia, la capital del humanismo hist\u00f3rico, con el manifiesto del compromiso de luchar decididamente para que el avance de la ciencia se ponga al servicio del ser humano.<\/p>\n<p>Cristina Caama\u00f1o, la rectora de la Universidad, ley\u00f3 el compromiso ante toda la comitiva.<\/p>\n<p>Aquella primera marcha pas\u00f3 por Buenos Aires el 30 de diciembre de 2009 y fue recibido por la entonces presidenta de la Naci\u00f3n, Cristina Fern\u00e1ndez de Kirchner.<\/p>\n<p>Otros vientos soplaban por aquellos tiempos<\/p>\n<p><img loading=\"lazy\" decoding=\"async\" class=\"alignnone wp-image-2570628 size-full\" src=\"https:\/\/www.pressenza.com\/wp-content\/uploads\/2024\/12\/2-1.jpeg\" alt=\"\" width=\"1600\" height=\"1066\" srcset=\"https:\/\/www.pressenza.com\/wp-content\/uploads\/2024\/12\/2-1.jpeg 1600w, https:\/\/www.pressenza.com\/wp-content\/uploads\/2024\/12\/2-1-300x200.jpeg 300w, https:\/\/www.pressenza.com\/wp-content\/uploads\/2024\/12\/2-1-820x546.jpeg 820w\" sizes=\"auto, (max-width: 1600px) 100vw, 1600px\" \/><\/p>\n<p>Otro objetivo de este encuentro fue honrar el legado de las Madres de Plaza de Mayo, destacando la importancia de la resistencia pac\u00edfica en la b\u00fasqueda de memoria, verdad y justicia que vienen sosteniendo desde hace m\u00e1s de 47 a\u00f1os y que dio lugar entre otras acciones a la fundaci\u00f3n de la Universidad Popular Madres de Plaza de Mayo hoy convertida en universidad nacional.<\/p>\n<p>Despu\u00e9s de una distendida charla, los marchantes recorrieron la sede, con la gu\u00eda de la presidenta de la asociaci\u00f3n Carmen Arias, que asumi\u00f3 luego de que Hebe de Bonafini \u201ccambiara de casa\u201d, como le gustaba decir a ella. Les mostr\u00f3 su peque\u00f1a oficina con sus recuerdos, tal como estaba el d\u00eda de su partida.<\/p>\n<p>\u201cEste encuentro reafirma nuestro compromiso con la educaci\u00f3n y los derechos humanos en Argentina\u201d, sintetiz\u00f3 Rafael de la Rubia.<\/p>\n<p><img loading=\"lazy\" decoding=\"async\" class=\"alignnone wp-image-2570629 size-full\" src=\"https:\/\/www.pressenza.com\/wp-content\/uploads\/2024\/12\/3.jpeg\" alt=\"\" width=\"1600\" height=\"1066\" srcset=\"https:\/\/www.pressenza.com\/wp-content\/uploads\/2024\/12\/3.jpeg 1600w, https:\/\/www.pressenza.com\/wp-content\/uploads\/2024\/12\/3-300x200.jpeg 300w, https:\/\/www.pressenza.com\/wp-content\/uploads\/2024\/12\/3-820x546.jpeg 820w\" sizes=\"auto, (max-width: 1600px) 100vw, 1600px\" \/><\/p>\n<p>&nbsp;<\/p>\n<p>&nbsp;<\/p>\n<p>&nbsp;<\/p>\n<p>&nbsp;<\/p>\n","protected":false},"excerpt":{"rendered":"<p>Por Jorge Pard\u00e9s El equipo base de la Marcha Mundial por la Paz y la No Violencia visit\u00f3 la sede de la Universidad Madres de Plaza de Mayo (UNMA) y sede de la Asociaci\u00f3n Madres de Plaza de Mayo y&hellip;<\/p>\n","protected":false},"author":87,"featured_media":2570626,"comment_status":"closed","ping_status":"closed","sticky":false,"template":"","format":"standard","meta":{"footnotes":""},"categories":[149,11389,79,106739,1242,1243,67],"tags":[124648,26,29458,7752],"class_list":["post-2570623","post","type-post","status-publish","format-standard","has-post-thumbnail","hentry","category-comunicados-de-prensa","category-contenido-original","category-derechos-humanos","category-noticia","category-noviolencia-tema","category-paz-desarme","category-sudamerica","tag-3mm-es","tag-argentina","tag-madres-plaza-de-mayo","tag-rafael-de-la-rubia-2"],"yoast_head":"<!-- This site is optimized with the Yoast SEO plugin v27.1.1 - https:\/\/yoast.com\/product\/yoast-seo-wordpress\/ -->\n<title>Madres de Plaza de Mayo y Universidad Nacional Madres de Plaza de Mayo recibieron al Equipo Base de la 3\u00b0 Marcha Mundial por la Paz y la No Violencia<\/title>\n<meta name=\"description\" content=\"Por Jorge Pard\u00e9s El equipo base de la Marcha Mundial por la Paz y la No Violencia visit\u00f3 la sede de la Universidad Madres de Plaza de Mayo (UNMA) y sede\" \/>\n<meta name=\"robots\" content=\"index, follow, max-snippet:-1, max-image-preview:large, max-video-preview:-1\" \/>\n<link rel=\"canonical\" href=\"https:\/\/www.pressenza.com\/es\/2024\/12\/madres-de-plaza-de-mayo-y-universidad-nacional-madres-de-plaza-de-mayo-recibieron-al-equipo-base-de-la-3-marcha-mundial-por-la-paz-y-la-no-violencia\/\" \/>\n<meta property=\"og:locale\" content=\"es_ES\" \/>\n<meta property=\"og:type\" content=\"article\" \/>\n<meta property=\"og:title\" content=\"Madres de Plaza de Mayo y Universidad Nacional Madres de Plaza de Mayo recibieron al Equipo Base de la 3\u00b0 Marcha Mundial por la Paz y la No Violencia\" \/>\n<meta property=\"og:description\" content=\"Por Jorge Pard\u00e9s El equipo base de la Marcha Mundial por la Paz y la No Violencia visit\u00f3 la sede de la Universidad Madres de Plaza de Mayo (UNMA) y sede\" \/>\n<meta property=\"og:url\" content=\"https:\/\/www.pressenza.com\/es\/2024\/12\/madres-de-plaza-de-mayo-y-universidad-nacional-madres-de-plaza-de-mayo-recibieron-al-equipo-base-de-la-3-marcha-mundial-por-la-paz-y-la-no-violencia\/\" \/>\n<meta property=\"og:site_name\" content=\"Pressenza\" \/>\n<meta property=\"article:publisher\" content=\"https:\/\/www.facebook.com\/PressenzaItalia\" \/>\n<meta property=\"article:published_time\" content=\"2024-12-16T19:25:31+00:00\" \/>\n<meta property=\"og:image\" content=\"https:\/\/www.pressenza.com\/wp-content\/uploads\/2024\/12\/5.jpeg\" \/>\n\t<meta property=\"og:image:width\" content=\"1600\" \/>\n\t<meta property=\"og:image:height\" content=\"1066\" \/>\n\t<meta property=\"og:image:type\" content=\"image\/jpeg\" \/>\n<meta name=\"author\" content=\"Redacci\u00f3n Argentina\" \/>\n<meta name=\"twitter:card\" content=\"summary_large_image\" \/>\n<meta name=\"twitter:creator\" content=\"@pressenza\" \/>\n<meta name=\"twitter:site\" content=\"@PressenzaIPA\" \/>\n<meta name=\"twitter:label1\" content=\"Escrito por\" \/>\n\t<meta name=\"twitter:data1\" content=\"Redacci\u00f3n Argentina\" \/>\n\t<meta name=\"twitter:label2\" content=\"Tiempo de lectura\" \/>\n\t<meta name=\"twitter:data2\" content=\"3 minutos\" \/>\n<script type=\"application\/ld+json\" class=\"yoast-schema-graph\">{\"@context\":\"https:\/\/schema.org\",\"@graph\":[{\"@type\":\"Article\",\"@id\":\"https:\/\/www.pressenza.com\/es\/2024\/12\/madres-de-plaza-de-mayo-y-universidad-nacional-madres-de-plaza-de-mayo-recibieron-al-equipo-base-de-la-3-marcha-mundial-por-la-paz-y-la-no-violencia\/#article\",\"isPartOf\":{\"@id\":\"https:\/\/www.pressenza.com\/es\/2024\/12\/madres-de-plaza-de-mayo-y-universidad-nacional-madres-de-plaza-de-mayo-recibieron-al-equipo-base-de-la-3-marcha-mundial-por-la-paz-y-la-no-violencia\/\"},\"author\":{\"name\":\"Redacci\u00f3n Argentina\",\"@id\":\"https:\/\/www.pressenza.com\/es\/#\/schema\/person\/0dda7d1b68267ad95b1e1d83abc98c89\"},\"headline\":\"Madres de Plaza de Mayo y Universidad Nacional Madres de Plaza de Mayo recibieron al Equipo Base de la 3\u00b0 Marcha Mundial por la Paz y la No Violencia\",\"datePublished\":\"2024-12-16T19:25:31+00:00\",\"mainEntityOfPage\":{\"@id\":\"https:\/\/www.pressenza.com\/es\/2024\/12\/madres-de-plaza-de-mayo-y-universidad-nacional-madres-de-plaza-de-mayo-recibieron-al-equipo-base-de-la-3-marcha-mundial-por-la-paz-y-la-no-violencia\/\"},\"wordCount\":479,\"publisher\":{\"@id\":\"https:\/\/www.pressenza.com\/es\/#organization\"},\"image\":{\"@id\":\"https:\/\/www.pressenza.com\/es\/2024\/12\/madres-de-plaza-de-mayo-y-universidad-nacional-madres-de-plaza-de-mayo-recibieron-al-equipo-base-de-la-3-marcha-mundial-por-la-paz-y-la-no-violencia\/#primaryimage\"},\"thumbnailUrl\":\"https:\/\/www.pressenza.com\/wp-content\/uploads\/2024\/12\/5.jpeg\",\"keywords\":[\"3MM\",\"Argentina\",\"Madres Plaza de Mayo\",\"Rafael de la Rubia\"],\"articleSection\":[\"Comunicados de Prensa\",\"Contenido Original\",\"Derechos Humanos\",\"Noticia\",\"Noviolencia\",\"Paz y Desarme\",\"Sudam\u00e9rica\"],\"inLanguage\":\"es\"},{\"@type\":\"WebPage\",\"@id\":\"https:\/\/www.pressenza.com\/es\/2024\/12\/madres-de-plaza-de-mayo-y-universidad-nacional-madres-de-plaza-de-mayo-recibieron-al-equipo-base-de-la-3-marcha-mundial-por-la-paz-y-la-no-violencia\/\",\"url\":\"https:\/\/www.pressenza.com\/es\/2024\/12\/madres-de-plaza-de-mayo-y-universidad-nacional-madres-de-plaza-de-mayo-recibieron-al-equipo-base-de-la-3-marcha-mundial-por-la-paz-y-la-no-violencia\/\",\"name\":\"Madres de Plaza de Mayo y Universidad Nacional Madres de Plaza de Mayo recibieron al Equipo Base de la 3\u00b0 Marcha Mundial por la Paz y la No Violencia\",\"isPartOf\":{\"@id\":\"https:\/\/www.pressenza.com\/es\/#website\"},\"primaryImageOfPage\":{\"@id\":\"https:\/\/www.pressenza.com\/es\/2024\/12\/madres-de-plaza-de-mayo-y-universidad-nacional-madres-de-plaza-de-mayo-recibieron-al-equipo-base-de-la-3-marcha-mundial-por-la-paz-y-la-no-violencia\/#primaryimage\"},\"image\":{\"@id\":\"https:\/\/www.pressenza.com\/es\/2024\/12\/madres-de-plaza-de-mayo-y-universidad-nacional-madres-de-plaza-de-mayo-recibieron-al-equipo-base-de-la-3-marcha-mundial-por-la-paz-y-la-no-violencia\/#primaryimage\"},\"thumbnailUrl\":\"https:\/\/www.pressenza.com\/wp-content\/uploads\/2024\/12\/5.jpeg\",\"datePublished\":\"2024-12-16T19:25:31+00:00\",\"description\":\"Por Jorge Pard\u00e9s El equipo base de la Marcha Mundial por la Paz y la No Violencia visit\u00f3 la sede de la Universidad Madres de Plaza de Mayo (UNMA) y sede\",\"breadcrumb\":{\"@id\":\"https:\/\/www.pressenza.com\/es\/2024\/12\/madres-de-plaza-de-mayo-y-universidad-nacional-madres-de-plaza-de-mayo-recibieron-al-equipo-base-de-la-3-marcha-mundial-por-la-paz-y-la-no-violencia\/#breadcrumb\"},\"inLanguage\":\"es\",\"potentialAction\":[{\"@type\":\"ReadAction\",\"target\":[\"https:\/\/www.pressenza.com\/es\/2024\/12\/madres-de-plaza-de-mayo-y-universidad-nacional-madres-de-plaza-de-mayo-recibieron-al-equipo-base-de-la-3-marcha-mundial-por-la-paz-y-la-no-violencia\/\"]}]},{\"@type\":\"ImageObject\",\"inLanguage\":\"es\",\"@id\":\"https:\/\/www.pressenza.com\/es\/2024\/12\/madres-de-plaza-de-mayo-y-universidad-nacional-madres-de-plaza-de-mayo-recibieron-al-equipo-base-de-la-3-marcha-mundial-por-la-paz-y-la-no-violencia\/#primaryimage\",\"url\":\"https:\/\/www.pressenza.com\/wp-content\/uploads\/2024\/12\/5.jpeg\",\"contentUrl\":\"https:\/\/www.pressenza.com\/wp-content\/uploads\/2024\/12\/5.jpeg\",\"width\":1600,\"height\":1066},{\"@type\":\"BreadcrumbList\",\"@id\":\"https:\/\/www.pressenza.com\/es\/2024\/12\/madres-de-plaza-de-mayo-y-universidad-nacional-madres-de-plaza-de-mayo-recibieron-al-equipo-base-de-la-3-marcha-mundial-por-la-paz-y-la-no-violencia\/#breadcrumb\",\"itemListElement\":[{\"@type\":\"ListItem\",\"position\":1,\"name\":\"Accueil\",\"item\":\"https:\/\/www.pressenza.com\/es\/\"},{\"@type\":\"ListItem\",\"position\":2,\"name\":\"Madres de Plaza de Mayo y Universidad Nacional Madres de Plaza de Mayo recibieron al Equipo Base de la 3\u00b0 Marcha Mundial por la Paz y la No Violencia\"}]},{\"@type\":\"WebSite\",\"@id\":\"https:\/\/www.pressenza.com\/es\/#website\",\"url\":\"https:\/\/www.pressenza.com\/es\/\",\"name\":\"Pressenza\",\"description\":\"International Press Agency\",\"publisher\":{\"@id\":\"https:\/\/www.pressenza.com\/es\/#organization\"},\"potentialAction\":[{\"@type\":\"SearchAction\",\"target\":{\"@type\":\"EntryPoint\",\"urlTemplate\":\"https:\/\/www.pressenza.com\/es\/?s={search_term_string}\"},\"query-input\":{\"@type\":\"PropertyValueSpecification\",\"valueRequired\":true,\"valueName\":\"search_term_string\"}}],\"inLanguage\":\"es\"},{\"@type\":\"Organization\",\"@id\":\"https:\/\/www.pressenza.com\/es\/#organization\",\"name\":\"Pressenza\",\"url\":\"https:\/\/www.pressenza.com\/es\/\",\"logo\":{\"@type\":\"ImageObject\",\"inLanguage\":\"es\",\"@id\":\"https:\/\/www.pressenza.com\/es\/#\/schema\/logo\/image\/\",\"url\":\"https:\/\/www.pressenza.com\/wp-content\/uploads\/2022\/10\/pressenza_logo_200x200.jpg\",\"contentUrl\":\"https:\/\/www.pressenza.com\/wp-content\/uploads\/2022\/10\/pressenza_logo_200x200.jpg\",\"width\":200,\"height\":200,\"caption\":\"Pressenza\"},\"image\":{\"@id\":\"https:\/\/www.pressenza.com\/es\/#\/schema\/logo\/image\/\"},\"sameAs\":[\"https:\/\/www.facebook.com\/PressenzaItalia\",\"https:\/\/x.com\/PressenzaIPA\"]},{\"@type\":\"Person\",\"@id\":\"https:\/\/www.pressenza.com\/es\/#\/schema\/person\/0dda7d1b68267ad95b1e1d83abc98c89\",\"name\":\"Redacci\u00f3n Argentina\",\"description\":\"News from the Pressenza Bureau in Argentina.\",\"sameAs\":[\"https:\/\/x.com\/pressenza\"],\"url\":\"https:\/\/www.pressenza.com\/es\/author\/redaccion-argentina\/\"}]}<\/script>\n<!-- \/ Yoast SEO plugin. -->","yoast_head_json":{"title":"Madres de Plaza de Mayo y Universidad Nacional Madres de Plaza de Mayo recibieron al Equipo Base de la 3\u00b0 Marcha Mundial por la Paz y la No Violencia","description":"Por Jorge Pard\u00e9s El equipo base de la Marcha Mundial por la Paz y la No Violencia visit\u00f3 la sede de la Universidad Madres de Plaza de Mayo (UNMA) y sede","robots":{"index":"index","follow":"follow","max-snippet":"max-snippet:-1","max-image-preview":"max-image-preview:large","max-video-preview":"max-video-preview:-1"},"canonical":"https:\/\/www.pressenza.com\/es\/2024\/12\/madres-de-plaza-de-mayo-y-universidad-nacional-madres-de-plaza-de-mayo-recibieron-al-equipo-base-de-la-3-marcha-mundial-por-la-paz-y-la-no-violencia\/","og_locale":"es_ES","og_type":"article","og_title":"Madres de Plaza de Mayo y Universidad Nacional Madres de Plaza de Mayo recibieron al Equipo Base de la 3\u00b0 Marcha Mundial por la Paz y la No Violencia","og_description":"Por Jorge Pard\u00e9s El equipo base de la Marcha Mundial por la Paz y la No Violencia visit\u00f3 la sede de la Universidad Madres de Plaza de Mayo (UNMA) y sede","og_url":"https:\/\/www.pressenza.com\/es\/2024\/12\/madres-de-plaza-de-mayo-y-universidad-nacional-madres-de-plaza-de-mayo-recibieron-al-equipo-base-de-la-3-marcha-mundial-por-la-paz-y-la-no-violencia\/","og_site_name":"Pressenza","article_publisher":"https:\/\/www.facebook.com\/PressenzaItalia","article_published_time":"2024-12-16T19:25:31+00:00","og_image":[{"width":1600,"height":1066,"url":"https:\/\/www.pressenza.com\/wp-content\/uploads\/2024\/12\/5.jpeg","type":"image\/jpeg"}],"author":"Redacci\u00f3n Argentina","twitter_card":"summary_large_image","twitter_creator":"@pressenza","twitter_site":"@PressenzaIPA","twitter_misc":{"Escrito por":"Redacci\u00f3n Argentina","Tiempo de lectura":"3 minutos"},"schema":{"@context":"https:\/\/schema.org","@graph":[{"@type":"Article","@id":"https:\/\/www.pressenza.com\/es\/2024\/12\/madres-de-plaza-de-mayo-y-universidad-nacional-madres-de-plaza-de-mayo-recibieron-al-equipo-base-de-la-3-marcha-mundial-por-la-paz-y-la-no-violencia\/#article","isPartOf":{"@id":"https:\/\/www.pressenza.com\/es\/2024\/12\/madres-de-plaza-de-mayo-y-universidad-nacional-madres-de-plaza-de-mayo-recibieron-al-equipo-base-de-la-3-marcha-mundial-por-la-paz-y-la-no-violencia\/"},"author":{"name":"Redacci\u00f3n Argentina","@id":"https:\/\/www.pressenza.com\/es\/#\/schema\/person\/0dda7d1b68267ad95b1e1d83abc98c89"},"headline":"Madres de Plaza de Mayo y Universidad Nacional Madres de Plaza de Mayo recibieron al Equipo Base de la 3\u00b0 Marcha Mundial por la Paz y la No Violencia","datePublished":"2024-12-16T19:25:31+00:00","mainEntityOfPage":{"@id":"https:\/\/www.pressenza.com\/es\/2024\/12\/madres-de-plaza-de-mayo-y-universidad-nacional-madres-de-plaza-de-mayo-recibieron-al-equipo-base-de-la-3-marcha-mundial-por-la-paz-y-la-no-violencia\/"},"wordCount":479,"publisher":{"@id":"https:\/\/www.pressenza.com\/es\/#organization"},"image":{"@id":"https:\/\/www.pressenza.com\/es\/2024\/12\/madres-de-plaza-de-mayo-y-universidad-nacional-madres-de-plaza-de-mayo-recibieron-al-equipo-base-de-la-3-marcha-mundial-por-la-paz-y-la-no-violencia\/#primaryimage"},"thumbnailUrl":"https:\/\/www.pressenza.com\/wp-content\/uploads\/2024\/12\/5.jpeg","keywords":["3MM","Argentina","Madres Plaza de Mayo","Rafael de la Rubia"],"articleSection":["Comunicados de Prensa","Contenido Original","Derechos Humanos","Noticia","Noviolencia","Paz y Desarme","Sudam\u00e9rica"],"inLanguage":"es"},{"@type":"WebPage","@id":"https:\/\/www.pressenza.com\/es\/2024\/12\/madres-de-plaza-de-mayo-y-universidad-nacional-madres-de-plaza-de-mayo-recibieron-al-equipo-base-de-la-3-marcha-mundial-por-la-paz-y-la-no-violencia\/","url":"https:\/\/www.pressenza.com\/es\/2024\/12\/madres-de-plaza-de-mayo-y-universidad-nacional-madres-de-plaza-de-mayo-recibieron-al-equipo-base-de-la-3-marcha-mundial-por-la-paz-y-la-no-violencia\/","name":"Madres de Plaza de Mayo y Universidad Nacional Madres de Plaza de Mayo recibieron al Equipo Base de la 3\u00b0 Marcha Mundial por la Paz y la No Violencia","isPartOf":{"@id":"https:\/\/www.pressenza.com\/es\/#website"},"primaryImageOfPage":{"@id":"https:\/\/www.pressenza.com\/es\/2024\/12\/madres-de-plaza-de-mayo-y-universidad-nacional-madres-de-plaza-de-mayo-recibieron-al-equipo-base-de-la-3-marcha-mundial-por-la-paz-y-la-no-violencia\/#primaryimage"},"image":{"@id":"https:\/\/www.pressenza.com\/es\/2024\/12\/madres-de-plaza-de-mayo-y-universidad-nacional-madres-de-plaza-de-mayo-recibieron-al-equipo-base-de-la-3-marcha-mundial-por-la-paz-y-la-no-violencia\/#primaryimage"},"thumbnailUrl":"https:\/\/www.pressenza.com\/wp-content\/uploads\/2024\/12\/5.jpeg","datePublished":"2024-12-16T19:25:31+00:00","description":"Por Jorge Pard\u00e9s El equipo base de la Marcha Mundial por la Paz y la No Violencia visit\u00f3 la sede de la Universidad Madres de Plaza de Mayo (UNMA) y sede","breadcrumb":{"@id":"https:\/\/www.pressenza.com\/es\/2024\/12\/madres-de-plaza-de-mayo-y-universidad-nacional-madres-de-plaza-de-mayo-recibieron-al-equipo-base-de-la-3-marcha-mundial-por-la-paz-y-la-no-violencia\/#breadcrumb"},"inLanguage":"es","potentialAction":[{"@type":"ReadAction","target":["https:\/\/www.pressenza.com\/es\/2024\/12\/madres-de-plaza-de-mayo-y-universidad-nacional-madres-de-plaza-de-mayo-recibieron-al-equipo-base-de-la-3-marcha-mundial-por-la-paz-y-la-no-violencia\/"]}]},{"@type":"ImageObject","inLanguage":"es","@id":"https:\/\/www.pressenza.com\/es\/2024\/12\/madres-de-plaza-de-mayo-y-universidad-nacional-madres-de-plaza-de-mayo-recibieron-al-equipo-base-de-la-3-marcha-mundial-por-la-paz-y-la-no-violencia\/#primaryimage","url":"https:\/\/www.pressenza.com\/wp-content\/uploads\/2024\/12\/5.jpeg","contentUrl":"https:\/\/www.pressenza.com\/wp-content\/uploads\/2024\/12\/5.jpeg","width":1600,"height":1066},{"@type":"BreadcrumbList","@id":"https:\/\/www.pressenza.com\/es\/2024\/12\/madres-de-plaza-de-mayo-y-universidad-nacional-madres-de-plaza-de-mayo-recibieron-al-equipo-base-de-la-3-marcha-mundial-por-la-paz-y-la-no-violencia\/#breadcrumb","itemListElement":[{"@type":"ListItem","position":1,"name":"Accueil","item":"https:\/\/www.pressenza.com\/es\/"},{"@type":"ListItem","position":2,"name":"Madres de Plaza de Mayo y Universidad Nacional Madres de Plaza de Mayo recibieron al Equipo Base de la 3\u00b0 Marcha Mundial por la Paz y la No Violencia"}]},{"@type":"WebSite","@id":"https:\/\/www.pressenza.com\/es\/#website","url":"https:\/\/www.pressenza.com\/es\/","name":"Pressenza","description":"International Press Agency","publisher":{"@id":"https:\/\/www.pressenza.com\/es\/#organization"},"potentialAction":[{"@type":"SearchAction","target":{"@type":"EntryPoint","urlTemplate":"https:\/\/www.pressenza.com\/es\/?s={search_term_string}"},"query-input":{"@type":"PropertyValueSpecification","valueRequired":true,"valueName":"search_term_string"}}],"inLanguage":"es"},{"@type":"Organization","@id":"https:\/\/www.pressenza.com\/es\/#organization","name":"Pressenza","url":"https:\/\/www.pressenza.com\/es\/","logo":{"@type":"ImageObject","inLanguage":"es","@id":"https:\/\/www.pressenza.com\/es\/#\/schema\/logo\/image\/","url":"https:\/\/www.pressenza.com\/wp-content\/uploads\/2022\/10\/pressenza_logo_200x200.jpg","contentUrl":"https:\/\/www.pressenza.com\/wp-content\/uploads\/2022\/10\/pressenza_logo_200x200.jpg","width":200,"height":200,"caption":"Pressenza"},"image":{"@id":"https:\/\/www.pressenza.com\/es\/#\/schema\/logo\/image\/"},"sameAs":["https:\/\/www.facebook.com\/PressenzaItalia","https:\/\/x.com\/PressenzaIPA"]},{"@type":"Person","@id":"https:\/\/www.pressenza.com\/es\/#\/schema\/person\/0dda7d1b68267ad95b1e1d83abc98c89","name":"Redacci\u00f3n Argentina","description":"News from the Pressenza Bureau in Argentina.","sameAs":["https:\/\/x.com\/pressenza"],"url":"https:\/\/www.pressenza.com\/es\/author\/redaccion-argentina\/"}]}},"place":"Buenos Aires, Argentina","original_article_url":"","_links":{"self":[{"href":"https:\/\/www.pressenza.com\/es\/wp-json\/wp\/v2\/posts\/2570623","targetHints":{"allow":["GET"]}}],"collection":[{"href":"https:\/\/www.pressenza.com\/es\/wp-json\/wp\/v2\/posts"}],"about":[{"href":"https:\/\/www.pressenza.com\/es\/wp-json\/wp\/v2\/types\/post"}],"author":[{"embeddable":true,"href":"https:\/\/www.pressenza.com\/es\/wp-json\/wp\/v2\/users\/87"}],"replies":[{"embeddable":true,"href":"https:\/\/www.pressenza.com\/es\/wp-json\/wp\/v2\/comments?post=2570623"}],"version-history":[{"count":0,"href":"https:\/\/www.pressenza.com\/es\/wp-json\/wp\/v2\/posts\/2570623\/revisions"}],"wp:featuredmedia":[{"embeddable":true,"href":"https:\/\/www.pressenza.com\/es\/wp-json\/wp\/v2\/media\/2570626"}],"wp:attachment":[{"href":"https:\/\/www.pressenza.com\/es\/wp-json\/wp\/v2\/media?parent=2570623"}],"wp:term":[{"taxonomy":"category","embeddable":true,"href":"https:\/\/www.pressenza.com\/es\/wp-json\/wp\/v2\/categories?post=2570623"},{"taxonomy":"post_tag","embeddable":true,"href":"https:\/\/www.pressenza.com\/es\/wp-json\/wp\/v2\/tags?post=2570623"}],"curies":[{"name":"wp","href":"https:\/\/api.w.org\/{rel}","templated":true}]}}