{"id":2570615,"date":"2024-12-16T19:16:36","date_gmt":"2024-12-16T19:16:36","guid":{"rendered":"https:\/\/www.pressenza.com\/?p=2570615"},"modified":"2024-12-16T23:26:33","modified_gmt":"2024-12-16T23:26:33","slug":"alcalde-olmos-junto-a-parlamentarios-autoridades-y-sociedad-civil-reciben-a-la-3ra-marcha-mundial-por-la-paz-y-la-no-violencia","status":"publish","type":"post","link":"https:\/\/www.pressenza.com\/es\/2024\/12\/alcalde-olmos-junto-a-parlamentarios-autoridades-y-sociedad-civil-reciben-a-la-3ra-marcha-mundial-por-la-paz-y-la-no-violencia\/","title":{"rendered":"Alcalde Olmos junto a parlamentarios, autoridades y sociedad civil reciben a la 3ra Marcha Mundial por la Paz y la No violencia"},"content":{"rendered":"<p>Esta ma\u00f1ana, en dependencias de la Casa de la Cultura V\u00edctor Jara del municipio comunitario de La Cisterma, su alcalde Joel Olmos lider\u00f3 una instancia de recepci\u00f3n a la comitiva de marchantes por la paz y la no violencia provenientes de pa\u00edses como Espa\u00f1a, Argentina y Colombia.<\/p>\n<p>Acompa\u00f1ado de la diputada Ana Mar\u00eda Gazmuri (Acci\u00f3n Humanista), su par y presidente de Acci\u00f3n Humanista, Tom\u00e1s Hirsch; la concejala M\u00f3nica Quezada (Partido Comunista), adem\u00e1s de representantes de organizaciones como el Colegio de Periodistas, la ONG Manos Diversas y la Comisi\u00f3n Chilena de Derechos Humanos; el alcalde Joel Olmos firm\u00f3 la adhesi\u00f3n a los principios y propuestas de la iniciativa, entre los que se cuenta:<\/p>\n<p>El desarme proporcional de los Estados<br \/>\nLa objeci\u00f3n de conciencia como derecho fundamental ante el militarismo<br \/>\nLa urgente reconstrucci\u00f3n de las Naciones Unidas<br \/>\nAsegurar las condiciones para un planeta plenamente sostenible<br \/>\nLa no discriminaci\u00f3n arbitraria de ning\u00fan tipo.<br \/>\nLa no violencia como cultura y la no violencia activa como metodolog\u00eda de acci\u00f3n.<\/p>\n<p>Desde la comitiva de marchantes, el espa\u00f1ol y vocero de la iniciativa global, Rafael de la Rubia, expres\u00f3: \u201cmis sinceros agradecimientos al alcalde de La Cisterna y todos quienes hoy nos recibieron tras recorrer los cinco continentes. Estamos dando vuelta al planeta para destacar que hace falta hacer algo para aprender a resolver los conflictos de manera pac\u00edfica, sobre todo en un mundo con creciente crispaci\u00f3n (\u2026) buscamos que cada cual haga su parte para la construcci\u00f3n humana global lo que permitir\u00e1 abrir futuro en base a valores de paz, diversidad y di\u00e1logo\u201d.<\/p>\n<p>Por su parte, el alcalde Olmos afirm\u00f3: \u201cSi cada entidad, organizaci\u00f3n, municipio, gobierno, se compromete contra el armamentismo, contra las invasiones, guerras y genocidios, ser\u00e1 posible ejercer presi\u00f3n global para frenar estos fen\u00f3menos inhumanos e irracionales. Combatir la violencia es tambi\u00e9n luchar contra la homofobia, la xenofobia, el racismo, el odio religioso y toda discriminaci\u00f3n arbitraria. En este sentido, desde el Municipio Comunitario, hemos trabajado creando instancias como las oficinas de la diversidad y disidencias sexuales, la de di\u00e1logo interreligioso, la de Migrantes y Refugiados, o la de discapacidad.\u201d<\/p>\n<p>Por otro lado, Olmos manifest\u00f3 inter\u00e9s en \u201cinstancias de coordinaci\u00f3n y trabajo en equipo desde el mundo municipal, como Mayors for Peace. Es de inter\u00e9s el poder sumarnos pero tambi\u00e9n replicar iniciativas similares, generando red entre municipios con una mirada que converge en estos valores.\u201d<\/p>\n<p>Frente a una situaci\u00f3n mundial m\u00e1s peligrosa y violenta, con riesgos de una guerra nuclear y el aumento del gasto excesivo en armamentos, es que se est\u00e1 llevando a cabo esta tercera Marcha Mundial por la Paz y la No Violencia, desde el pasado 02 de octubre para culminar el pr\u00f3ximo 05 de enero en Costa Rica.<\/p>\n<p>Fotos Hern\u00e1n Gacit\u00faa:<\/p>\n<div class=\"post-gallery\">\n\t\t\t<figure class=\"post-gallery-item\">\n\t\t\t\t<img decoding=\"async\" src=\"https:\/\/www.pressenza.com\/wp-content\/uploads\/2024\/12\/3MMgrupo-820x546.jpeg\" loading=\"lazy\">\n\t\t\t\t<figcaption>\n\t\t\t\t\t\n\t\t\t\t<\/figcaption>\n\t\t\t<\/figure>\n\t\t\t<figure class=\"post-gallery-item\">\n\t\t\t\t<img decoding=\"async\" src=\"https:\/\/www.pressenza.com\/wp-content\/uploads\/2024\/12\/3MManaytomy-820x546.jpeg\" loading=\"lazy\">\n\t\t\t\t<figcaption>\n\t\t\t\t\t\n\t\t\t\t<\/figcaption>\n\t\t\t<\/figure>\n\t\t\t<figure class=\"post-gallery-item\">\n\t\t\t\t<img decoding=\"async\" src=\"https:\/\/www.pressenza.com\/wp-content\/uploads\/2024\/12\/3MMloretoyJoel-820x547.jpeg\" loading=\"lazy\">\n\t\t\t\t<figcaption>\n\t\t\t\t\t\n\t\t\t\t<\/figcaption>\n\t\t\t<\/figure>\n\t\t\t<figure class=\"post-gallery-item\">\n\t\t\t\t<img decoding=\"async\" src=\"https:\/\/www.pressenza.com\/wp-content\/uploads\/2024\/12\/3MMJoel-820x546.jpeg\" loading=\"lazy\">\n\t\t\t\t<figcaption>\n\t\t\t\t\t\n\t\t\t\t<\/figcaption>\n\t\t\t<\/figure>\n\t\t\t<figure class=\"post-gallery-item\">\n\t\t\t\t<img decoding=\"async\" src=\"https:\/\/www.pressenza.com\/wp-content\/uploads\/2024\/12\/3MMfirmaRafa-820x546.jpeg\" loading=\"lazy\">\n\t\t\t\t<figcaption>\n\t\t\t\t\t\n\t\t\t\t<\/figcaption>\n\t\t\t<\/figure>\n\t\t\t<figure class=\"post-gallery-item\">\n\t\t\t\t<img decoding=\"async\" src=\"https:\/\/www.pressenza.com\/wp-content\/uploads\/2024\/12\/3MMTH-820x546.jpeg\" loading=\"lazy\">\n\t\t\t\t<figcaption>\n\t\t\t\t\t\n\t\t\t\t<\/figcaption>\n\t\t\t<\/figure>\n\t\t\t<figure class=\"post-gallery-item\">\n\t\t\t\t<img decoding=\"async\" src=\"https:\/\/www.pressenza.com\/wp-content\/uploads\/2024\/12\/3MMperson-820x546.jpeg\" loading=\"lazy\">\n\t\t\t\t<figcaption>\n\t\t\t\t\t\n\t\t\t\t<\/figcaption>\n\t\t\t<\/figure>\n\t\t\t<figure class=\"post-gallery-item\">\n\t\t\t\t<img decoding=\"async\" src=\"https:\/\/www.pressenza.com\/wp-content\/uploads\/2024\/12\/3MMpieza-820x546.jpeg\" loading=\"lazy\">\n\t\t\t\t<figcaption>\n\t\t\t\t\t\n\t\t\t\t<\/figcaption>\n\t\t\t<\/figure>\n\t\t\t<figure class=\"post-gallery-item\">\n\t\t\t\t<img decoding=\"async\" src=\"https:\/\/www.pressenza.com\/wp-content\/uploads\/2024\/12\/3MMRafayJoel-820x546.jpeg\" loading=\"lazy\">\n\t\t\t\t<figcaption>\n\t\t\t\t\t\n\t\t\t\t<\/figcaption>\n\t\t\t<\/figure><\/div>\n<p>&nbsp;<\/p>\n<p>&nbsp;<\/p>\n","protected":false},"excerpt":{"rendered":"<p>Esta ma\u00f1ana, en dependencias de la Casa de la Cultura V\u00edctor Jara del municipio comunitario de La Cisterma, su alcalde Joel Olmos lider\u00f3 una instancia de recepci\u00f3n a la comitiva de marchantes por la paz y la no violencia provenientes&hellip;<\/p>\n","protected":false},"author":43,"featured_media":2570649,"comment_status":"closed","ping_status":"closed","sticky":false,"template":"","format":"standard","meta":{"footnotes":""},"categories":[149,11389,1242,1243,67],"tags":[124648,130349,29,121458,7752,412],"class_list":["post-2570615","post","type-post","status-publish","format-standard","has-post-thumbnail","hentry","category-comunicados-de-prensa","category-contenido-original","category-noviolencia-tema","category-paz-desarme","category-sudamerica","tag-3mm-es","tag-ana-maria-gazmuri","tag-chile","tag-joel-olmos","tag-rafael-de-la-rubia-2","tag-tomas-hirsch"],"yoast_head":"<!-- This site is optimized with the Yoast SEO plugin v27.1.1 - https:\/\/yoast.com\/product\/yoast-seo-wordpress\/ -->\n<title>Alcalde Olmos junto a parlamentarios, autoridades y sociedad civil reciben a la 3ra Marcha Mundial por la Paz y la No violencia<\/title>\n<meta name=\"description\" content=\"Esta ma\u00f1ana, en dependencias de la Casa de la Cultura V\u00edctor Jara del municipio comunitario de La Cisterma, su alcalde Joel Olmos lider\u00f3 una instancia de\" \/>\n<meta name=\"robots\" content=\"index, follow, max-snippet:-1, max-image-preview:large, max-video-preview:-1\" \/>\n<link rel=\"canonical\" href=\"https:\/\/www.pressenza.com\/es\/2024\/12\/alcalde-olmos-junto-a-parlamentarios-autoridades-y-sociedad-civil-reciben-a-la-3ra-marcha-mundial-por-la-paz-y-la-no-violencia\/\" \/>\n<meta property=\"og:locale\" content=\"es_ES\" \/>\n<meta property=\"og:type\" content=\"article\" \/>\n<meta property=\"og:title\" content=\"Alcalde Olmos junto a parlamentarios, autoridades y sociedad civil reciben a la 3ra Marcha Mundial por la Paz y la No violencia\" \/>\n<meta property=\"og:description\" content=\"Esta ma\u00f1ana, en dependencias de la Casa de la Cultura V\u00edctor Jara del municipio comunitario de La Cisterma, su alcalde Joel Olmos lider\u00f3 una instancia de\" \/>\n<meta property=\"og:url\" content=\"https:\/\/www.pressenza.com\/es\/2024\/12\/alcalde-olmos-junto-a-parlamentarios-autoridades-y-sociedad-civil-reciben-a-la-3ra-marcha-mundial-por-la-paz-y-la-no-violencia\/\" \/>\n<meta property=\"og:site_name\" content=\"Pressenza\" \/>\n<meta property=\"article:publisher\" content=\"https:\/\/www.facebook.com\/PressenzaItalia\" \/>\n<meta property=\"article:author\" content=\"https:\/\/www.facebook.com\/pressenza\" \/>\n<meta property=\"article:published_time\" content=\"2024-12-16T19:16:36+00:00\" \/>\n<meta property=\"article:modified_time\" content=\"2024-12-16T23:26:33+00:00\" \/>\n<meta property=\"og:image\" content=\"https:\/\/www.pressenza.com\/wp-content\/uploads\/2024\/12\/3MMbienvenidos.jpeg\" \/>\n\t<meta property=\"og:image:width\" content=\"1600\" \/>\n\t<meta property=\"og:image:height\" content=\"1066\" \/>\n\t<meta property=\"og:image:type\" content=\"image\/jpeg\" \/>\n<meta name=\"author\" content=\"Redacci\u00f3n Chile\" \/>\n<meta name=\"twitter:card\" content=\"summary_large_image\" \/>\n<meta name=\"twitter:creator\" content=\"@pressenza\" \/>\n<meta name=\"twitter:site\" content=\"@PressenzaIPA\" \/>\n<meta name=\"twitter:label1\" content=\"Escrito por\" \/>\n\t<meta name=\"twitter:data1\" content=\"Redacci\u00f3n Chile\" \/>\n\t<meta name=\"twitter:label2\" content=\"Tiempo de lectura\" \/>\n\t<meta name=\"twitter:data2\" content=\"3 minutos\" \/>\n<script type=\"application\/ld+json\" class=\"yoast-schema-graph\">{\"@context\":\"https:\/\/schema.org\",\"@graph\":[{\"@type\":\"Article\",\"@id\":\"https:\/\/www.pressenza.com\/es\/2024\/12\/alcalde-olmos-junto-a-parlamentarios-autoridades-y-sociedad-civil-reciben-a-la-3ra-marcha-mundial-por-la-paz-y-la-no-violencia\/#article\",\"isPartOf\":{\"@id\":\"https:\/\/www.pressenza.com\/es\/2024\/12\/alcalde-olmos-junto-a-parlamentarios-autoridades-y-sociedad-civil-reciben-a-la-3ra-marcha-mundial-por-la-paz-y-la-no-violencia\/\"},\"author\":{\"name\":\"Redacci\u00f3n Chile\",\"@id\":\"https:\/\/www.pressenza.com\/es\/#\/schema\/person\/d7db40df35d6698ba69ba9ee260944ed\"},\"headline\":\"Alcalde Olmos junto a parlamentarios, autoridades y sociedad civil reciben a la 3ra Marcha Mundial por la Paz y la No violencia\",\"datePublished\":\"2024-12-16T19:16:36+00:00\",\"dateModified\":\"2024-12-16T23:26:33+00:00\",\"mainEntityOfPage\":{\"@id\":\"https:\/\/www.pressenza.com\/es\/2024\/12\/alcalde-olmos-junto-a-parlamentarios-autoridades-y-sociedad-civil-reciben-a-la-3ra-marcha-mundial-por-la-paz-y-la-no-violencia\/\"},\"wordCount\":514,\"publisher\":{\"@id\":\"https:\/\/www.pressenza.com\/es\/#organization\"},\"image\":{\"@id\":\"https:\/\/www.pressenza.com\/es\/2024\/12\/alcalde-olmos-junto-a-parlamentarios-autoridades-y-sociedad-civil-reciben-a-la-3ra-marcha-mundial-por-la-paz-y-la-no-violencia\/#primaryimage\"},\"thumbnailUrl\":\"https:\/\/www.pressenza.com\/wp-content\/uploads\/2024\/12\/3MMbienvenidos.jpeg\",\"keywords\":[\"3MM\",\"Ana Mar\u00eda Gazmuri\",\"Chile\",\"Joel Olmos\",\"Rafael de la Rubia\",\"Tom\u00e1s Hirsch\"],\"articleSection\":[\"Comunicados de Prensa\",\"Contenido Original\",\"Noviolencia\",\"Paz y Desarme\",\"Sudam\u00e9rica\"],\"inLanguage\":\"es\"},{\"@type\":\"WebPage\",\"@id\":\"https:\/\/www.pressenza.com\/es\/2024\/12\/alcalde-olmos-junto-a-parlamentarios-autoridades-y-sociedad-civil-reciben-a-la-3ra-marcha-mundial-por-la-paz-y-la-no-violencia\/\",\"url\":\"https:\/\/www.pressenza.com\/es\/2024\/12\/alcalde-olmos-junto-a-parlamentarios-autoridades-y-sociedad-civil-reciben-a-la-3ra-marcha-mundial-por-la-paz-y-la-no-violencia\/\",\"name\":\"Alcalde Olmos junto a parlamentarios, autoridades y sociedad civil reciben a la 3ra Marcha Mundial por la Paz y la No violencia\",\"isPartOf\":{\"@id\":\"https:\/\/www.pressenza.com\/es\/#website\"},\"primaryImageOfPage\":{\"@id\":\"https:\/\/www.pressenza.com\/es\/2024\/12\/alcalde-olmos-junto-a-parlamentarios-autoridades-y-sociedad-civil-reciben-a-la-3ra-marcha-mundial-por-la-paz-y-la-no-violencia\/#primaryimage\"},\"image\":{\"@id\":\"https:\/\/www.pressenza.com\/es\/2024\/12\/alcalde-olmos-junto-a-parlamentarios-autoridades-y-sociedad-civil-reciben-a-la-3ra-marcha-mundial-por-la-paz-y-la-no-violencia\/#primaryimage\"},\"thumbnailUrl\":\"https:\/\/www.pressenza.com\/wp-content\/uploads\/2024\/12\/3MMbienvenidos.jpeg\",\"datePublished\":\"2024-12-16T19:16:36+00:00\",\"dateModified\":\"2024-12-16T23:26:33+00:00\",\"description\":\"Esta ma\u00f1ana, en dependencias de la Casa de la Cultura V\u00edctor Jara del municipio comunitario de La Cisterma, su alcalde Joel Olmos lider\u00f3 una instancia de\",\"breadcrumb\":{\"@id\":\"https:\/\/www.pressenza.com\/es\/2024\/12\/alcalde-olmos-junto-a-parlamentarios-autoridades-y-sociedad-civil-reciben-a-la-3ra-marcha-mundial-por-la-paz-y-la-no-violencia\/#breadcrumb\"},\"inLanguage\":\"es\",\"potentialAction\":[{\"@type\":\"ReadAction\",\"target\":[\"https:\/\/www.pressenza.com\/es\/2024\/12\/alcalde-olmos-junto-a-parlamentarios-autoridades-y-sociedad-civil-reciben-a-la-3ra-marcha-mundial-por-la-paz-y-la-no-violencia\/\"]}]},{\"@type\":\"ImageObject\",\"inLanguage\":\"es\",\"@id\":\"https:\/\/www.pressenza.com\/es\/2024\/12\/alcalde-olmos-junto-a-parlamentarios-autoridades-y-sociedad-civil-reciben-a-la-3ra-marcha-mundial-por-la-paz-y-la-no-violencia\/#primaryimage\",\"url\":\"https:\/\/www.pressenza.com\/wp-content\/uploads\/2024\/12\/3MMbienvenidos.jpeg\",\"contentUrl\":\"https:\/\/www.pressenza.com\/wp-content\/uploads\/2024\/12\/3MMbienvenidos.jpeg\",\"width\":1600,\"height\":1066},{\"@type\":\"BreadcrumbList\",\"@id\":\"https:\/\/www.pressenza.com\/es\/2024\/12\/alcalde-olmos-junto-a-parlamentarios-autoridades-y-sociedad-civil-reciben-a-la-3ra-marcha-mundial-por-la-paz-y-la-no-violencia\/#breadcrumb\",\"itemListElement\":[{\"@type\":\"ListItem\",\"position\":1,\"name\":\"Accueil\",\"item\":\"https:\/\/www.pressenza.com\/es\/\"},{\"@type\":\"ListItem\",\"position\":2,\"name\":\"Alcalde Olmos junto a parlamentarios, autoridades y sociedad civil reciben a la 3ra Marcha Mundial por la Paz y la No violencia\"}]},{\"@type\":\"WebSite\",\"@id\":\"https:\/\/www.pressenza.com\/es\/#website\",\"url\":\"https:\/\/www.pressenza.com\/es\/\",\"name\":\"Pressenza\",\"description\":\"International Press Agency\",\"publisher\":{\"@id\":\"https:\/\/www.pressenza.com\/es\/#organization\"},\"potentialAction\":[{\"@type\":\"SearchAction\",\"target\":{\"@type\":\"EntryPoint\",\"urlTemplate\":\"https:\/\/www.pressenza.com\/es\/?s={search_term_string}\"},\"query-input\":{\"@type\":\"PropertyValueSpecification\",\"valueRequired\":true,\"valueName\":\"search_term_string\"}}],\"inLanguage\":\"es\"},{\"@type\":\"Organization\",\"@id\":\"https:\/\/www.pressenza.com\/es\/#organization\",\"name\":\"Pressenza\",\"url\":\"https:\/\/www.pressenza.com\/es\/\",\"logo\":{\"@type\":\"ImageObject\",\"inLanguage\":\"es\",\"@id\":\"https:\/\/www.pressenza.com\/es\/#\/schema\/logo\/image\/\",\"url\":\"https:\/\/www.pressenza.com\/wp-content\/uploads\/2022\/10\/pressenza_logo_200x200.jpg\",\"contentUrl\":\"https:\/\/www.pressenza.com\/wp-content\/uploads\/2022\/10\/pressenza_logo_200x200.jpg\",\"width\":200,\"height\":200,\"caption\":\"Pressenza\"},\"image\":{\"@id\":\"https:\/\/www.pressenza.com\/es\/#\/schema\/logo\/image\/\"},\"sameAs\":[\"https:\/\/www.facebook.com\/PressenzaItalia\",\"https:\/\/x.com\/PressenzaIPA\"]},{\"@type\":\"Person\",\"@id\":\"https:\/\/www.pressenza.com\/es\/#\/schema\/person\/d7db40df35d6698ba69ba9ee260944ed\",\"name\":\"Redacci\u00f3n Chile\",\"description\":\"News from the Pressenza Bureau in Chile\",\"sameAs\":[\"https:\/\/www.facebook.com\/pressenza\",\"https:\/\/x.com\/pressenza\"],\"url\":\"https:\/\/www.pressenza.com\/es\/author\/redaccion-chile\/\"}]}<\/script>\n<!-- \/ Yoast SEO plugin. -->","yoast_head_json":{"title":"Alcalde Olmos junto a parlamentarios, autoridades y sociedad civil reciben a la 3ra Marcha Mundial por la Paz y la No violencia","description":"Esta ma\u00f1ana, en dependencias de la Casa de la Cultura V\u00edctor Jara del municipio comunitario de La Cisterma, su alcalde Joel Olmos lider\u00f3 una instancia de","robots":{"index":"index","follow":"follow","max-snippet":"max-snippet:-1","max-image-preview":"max-image-preview:large","max-video-preview":"max-video-preview:-1"},"canonical":"https:\/\/www.pressenza.com\/es\/2024\/12\/alcalde-olmos-junto-a-parlamentarios-autoridades-y-sociedad-civil-reciben-a-la-3ra-marcha-mundial-por-la-paz-y-la-no-violencia\/","og_locale":"es_ES","og_type":"article","og_title":"Alcalde Olmos junto a parlamentarios, autoridades y sociedad civil reciben a la 3ra Marcha Mundial por la Paz y la No violencia","og_description":"Esta ma\u00f1ana, en dependencias de la Casa de la Cultura V\u00edctor Jara del municipio comunitario de La Cisterma, su alcalde Joel Olmos lider\u00f3 una instancia de","og_url":"https:\/\/www.pressenza.com\/es\/2024\/12\/alcalde-olmos-junto-a-parlamentarios-autoridades-y-sociedad-civil-reciben-a-la-3ra-marcha-mundial-por-la-paz-y-la-no-violencia\/","og_site_name":"Pressenza","article_publisher":"https:\/\/www.facebook.com\/PressenzaItalia","article_author":"https:\/\/www.facebook.com\/pressenza","article_published_time":"2024-12-16T19:16:36+00:00","article_modified_time":"2024-12-16T23:26:33+00:00","og_image":[{"width":1600,"height":1066,"url":"https:\/\/www.pressenza.com\/wp-content\/uploads\/2024\/12\/3MMbienvenidos.jpeg","type":"image\/jpeg"}],"author":"Redacci\u00f3n Chile","twitter_card":"summary_large_image","twitter_creator":"@pressenza","twitter_site":"@PressenzaIPA","twitter_misc":{"Escrito por":"Redacci\u00f3n Chile","Tiempo de lectura":"3 minutos"},"schema":{"@context":"https:\/\/schema.org","@graph":[{"@type":"Article","@id":"https:\/\/www.pressenza.com\/es\/2024\/12\/alcalde-olmos-junto-a-parlamentarios-autoridades-y-sociedad-civil-reciben-a-la-3ra-marcha-mundial-por-la-paz-y-la-no-violencia\/#article","isPartOf":{"@id":"https:\/\/www.pressenza.com\/es\/2024\/12\/alcalde-olmos-junto-a-parlamentarios-autoridades-y-sociedad-civil-reciben-a-la-3ra-marcha-mundial-por-la-paz-y-la-no-violencia\/"},"author":{"name":"Redacci\u00f3n Chile","@id":"https:\/\/www.pressenza.com\/es\/#\/schema\/person\/d7db40df35d6698ba69ba9ee260944ed"},"headline":"Alcalde Olmos junto a parlamentarios, autoridades y sociedad civil reciben a la 3ra Marcha Mundial por la Paz y la No violencia","datePublished":"2024-12-16T19:16:36+00:00","dateModified":"2024-12-16T23:26:33+00:00","mainEntityOfPage":{"@id":"https:\/\/www.pressenza.com\/es\/2024\/12\/alcalde-olmos-junto-a-parlamentarios-autoridades-y-sociedad-civil-reciben-a-la-3ra-marcha-mundial-por-la-paz-y-la-no-violencia\/"},"wordCount":514,"publisher":{"@id":"https:\/\/www.pressenza.com\/es\/#organization"},"image":{"@id":"https:\/\/www.pressenza.com\/es\/2024\/12\/alcalde-olmos-junto-a-parlamentarios-autoridades-y-sociedad-civil-reciben-a-la-3ra-marcha-mundial-por-la-paz-y-la-no-violencia\/#primaryimage"},"thumbnailUrl":"https:\/\/www.pressenza.com\/wp-content\/uploads\/2024\/12\/3MMbienvenidos.jpeg","keywords":["3MM","Ana Mar\u00eda Gazmuri","Chile","Joel Olmos","Rafael de la Rubia","Tom\u00e1s Hirsch"],"articleSection":["Comunicados de Prensa","Contenido Original","Noviolencia","Paz y Desarme","Sudam\u00e9rica"],"inLanguage":"es"},{"@type":"WebPage","@id":"https:\/\/www.pressenza.com\/es\/2024\/12\/alcalde-olmos-junto-a-parlamentarios-autoridades-y-sociedad-civil-reciben-a-la-3ra-marcha-mundial-por-la-paz-y-la-no-violencia\/","url":"https:\/\/www.pressenza.com\/es\/2024\/12\/alcalde-olmos-junto-a-parlamentarios-autoridades-y-sociedad-civil-reciben-a-la-3ra-marcha-mundial-por-la-paz-y-la-no-violencia\/","name":"Alcalde Olmos junto a parlamentarios, autoridades y sociedad civil reciben a la 3ra Marcha Mundial por la Paz y la No violencia","isPartOf":{"@id":"https:\/\/www.pressenza.com\/es\/#website"},"primaryImageOfPage":{"@id":"https:\/\/www.pressenza.com\/es\/2024\/12\/alcalde-olmos-junto-a-parlamentarios-autoridades-y-sociedad-civil-reciben-a-la-3ra-marcha-mundial-por-la-paz-y-la-no-violencia\/#primaryimage"},"image":{"@id":"https:\/\/www.pressenza.com\/es\/2024\/12\/alcalde-olmos-junto-a-parlamentarios-autoridades-y-sociedad-civil-reciben-a-la-3ra-marcha-mundial-por-la-paz-y-la-no-violencia\/#primaryimage"},"thumbnailUrl":"https:\/\/www.pressenza.com\/wp-content\/uploads\/2024\/12\/3MMbienvenidos.jpeg","datePublished":"2024-12-16T19:16:36+00:00","dateModified":"2024-12-16T23:26:33+00:00","description":"Esta ma\u00f1ana, en dependencias de la Casa de la Cultura V\u00edctor Jara del municipio comunitario de La Cisterma, su alcalde Joel Olmos lider\u00f3 una instancia de","breadcrumb":{"@id":"https:\/\/www.pressenza.com\/es\/2024\/12\/alcalde-olmos-junto-a-parlamentarios-autoridades-y-sociedad-civil-reciben-a-la-3ra-marcha-mundial-por-la-paz-y-la-no-violencia\/#breadcrumb"},"inLanguage":"es","potentialAction":[{"@type":"ReadAction","target":["https:\/\/www.pressenza.com\/es\/2024\/12\/alcalde-olmos-junto-a-parlamentarios-autoridades-y-sociedad-civil-reciben-a-la-3ra-marcha-mundial-por-la-paz-y-la-no-violencia\/"]}]},{"@type":"ImageObject","inLanguage":"es","@id":"https:\/\/www.pressenza.com\/es\/2024\/12\/alcalde-olmos-junto-a-parlamentarios-autoridades-y-sociedad-civil-reciben-a-la-3ra-marcha-mundial-por-la-paz-y-la-no-violencia\/#primaryimage","url":"https:\/\/www.pressenza.com\/wp-content\/uploads\/2024\/12\/3MMbienvenidos.jpeg","contentUrl":"https:\/\/www.pressenza.com\/wp-content\/uploads\/2024\/12\/3MMbienvenidos.jpeg","width":1600,"height":1066},{"@type":"BreadcrumbList","@id":"https:\/\/www.pressenza.com\/es\/2024\/12\/alcalde-olmos-junto-a-parlamentarios-autoridades-y-sociedad-civil-reciben-a-la-3ra-marcha-mundial-por-la-paz-y-la-no-violencia\/#breadcrumb","itemListElement":[{"@type":"ListItem","position":1,"name":"Accueil","item":"https:\/\/www.pressenza.com\/es\/"},{"@type":"ListItem","position":2,"name":"Alcalde Olmos junto a parlamentarios, autoridades y sociedad civil reciben a la 3ra Marcha Mundial por la Paz y la No violencia"}]},{"@type":"WebSite","@id":"https:\/\/www.pressenza.com\/es\/#website","url":"https:\/\/www.pressenza.com\/es\/","name":"Pressenza","description":"International Press Agency","publisher":{"@id":"https:\/\/www.pressenza.com\/es\/#organization"},"potentialAction":[{"@type":"SearchAction","target":{"@type":"EntryPoint","urlTemplate":"https:\/\/www.pressenza.com\/es\/?s={search_term_string}"},"query-input":{"@type":"PropertyValueSpecification","valueRequired":true,"valueName":"search_term_string"}}],"inLanguage":"es"},{"@type":"Organization","@id":"https:\/\/www.pressenza.com\/es\/#organization","name":"Pressenza","url":"https:\/\/www.pressenza.com\/es\/","logo":{"@type":"ImageObject","inLanguage":"es","@id":"https:\/\/www.pressenza.com\/es\/#\/schema\/logo\/image\/","url":"https:\/\/www.pressenza.com\/wp-content\/uploads\/2022\/10\/pressenza_logo_200x200.jpg","contentUrl":"https:\/\/www.pressenza.com\/wp-content\/uploads\/2022\/10\/pressenza_logo_200x200.jpg","width":200,"height":200,"caption":"Pressenza"},"image":{"@id":"https:\/\/www.pressenza.com\/es\/#\/schema\/logo\/image\/"},"sameAs":["https:\/\/www.facebook.com\/PressenzaItalia","https:\/\/x.com\/PressenzaIPA"]},{"@type":"Person","@id":"https:\/\/www.pressenza.com\/es\/#\/schema\/person\/d7db40df35d6698ba69ba9ee260944ed","name":"Redacci\u00f3n Chile","description":"News from the Pressenza Bureau in Chile","sameAs":["https:\/\/www.facebook.com\/pressenza","https:\/\/x.com\/pressenza"],"url":"https:\/\/www.pressenza.com\/es\/author\/redaccion-chile\/"}]}},"place":"Santiago de Chile","original_article_url":"","_links":{"self":[{"href":"https:\/\/www.pressenza.com\/es\/wp-json\/wp\/v2\/posts\/2570615","targetHints":{"allow":["GET"]}}],"collection":[{"href":"https:\/\/www.pressenza.com\/es\/wp-json\/wp\/v2\/posts"}],"about":[{"href":"https:\/\/www.pressenza.com\/es\/wp-json\/wp\/v2\/types\/post"}],"author":[{"embeddable":true,"href":"https:\/\/www.pressenza.com\/es\/wp-json\/wp\/v2\/users\/43"}],"replies":[{"embeddable":true,"href":"https:\/\/www.pressenza.com\/es\/wp-json\/wp\/v2\/comments?post=2570615"}],"version-history":[{"count":0,"href":"https:\/\/www.pressenza.com\/es\/wp-json\/wp\/v2\/posts\/2570615\/revisions"}],"wp:featuredmedia":[{"embeddable":true,"href":"https:\/\/www.pressenza.com\/es\/wp-json\/wp\/v2\/media\/2570649"}],"wp:attachment":[{"href":"https:\/\/www.pressenza.com\/es\/wp-json\/wp\/v2\/media?parent=2570615"}],"wp:term":[{"taxonomy":"category","embeddable":true,"href":"https:\/\/www.pressenza.com\/es\/wp-json\/wp\/v2\/categories?post=2570615"},{"taxonomy":"post_tag","embeddable":true,"href":"https:\/\/www.pressenza.com\/es\/wp-json\/wp\/v2\/tags?post=2570615"}],"curies":[{"name":"wp","href":"https:\/\/api.w.org\/{rel}","templated":true}]}}