{"id":2569196,"date":"2024-12-10T15:38:08","date_gmt":"2024-12-10T15:38:08","guid":{"rendered":"https:\/\/www.pressenza.com\/?p=2569196"},"modified":"2024-12-10T15:43:32","modified_gmt":"2024-12-10T15:43:32","slug":"los-derechos-humanos-encarnan-nuestras-necesidades-y-nuestras-esperanzas-afirmo-el-alto-comisionado-de-naciones-unidas-para-los-ddhh-volker-turk","status":"publish","type":"post","link":"https:\/\/www.pressenza.com\/es\/2024\/12\/los-derechos-humanos-encarnan-nuestras-necesidades-y-nuestras-esperanzas-afirmo-el-alto-comisionado-de-naciones-unidas-para-los-ddhh-volker-turk\/","title":{"rendered":"\u00abLos Derechos Humanos encarnan nuestras necesidades y nuestras esperanzas\u00bb, afirm\u00f3 el Alto Comisionado de la ONU para los DD.HH., Volker T\u00fcrk"},"content":{"rendered":"<p>Con motivo de la conmemoraci\u00f3n del D\u00eda Internacional de los Derechos Humanos, el Alto Comisionado de Naciones Unidas para los Derechos Humanos Volker T\u00fcrk ofreci\u00f3 una conferencia de prensa en la sede de la organizaci\u00f3n en Ginebra.<\/p>\n<p>Al hacer balance de este a\u00f1o, T\u00fcrk destac\u00f3 tres cuestiones clave que siguen teniendo enormes ramificaciones para los derechos humanos en todo el mundo.<\/p>\n<p>En primer lugar, se\u00f1al\u00f3 la proliferaci\u00f3n de los conflictos armados, la erosi\u00f3n del respeto por el derecho internacional en la conducci\u00f3n de las hostilidades y la aparente indiferencia de los poderosos ante el inmenso n\u00famero de v\u00edctimas y sufrimientos.<\/p>\n<p>En segundo lugar\u00a0 mencion\u00f3 la creciente deriva entre realidad y ficci\u00f3n. En un a\u00f1o con m\u00faltiples elecciones, el mundo ha sido testigo de una gran pol\u00edtica de distracci\u00f3n, incluyendo refinadas t\u00e9cnicas de manipulaci\u00f3n emocional, conocidas como \u201cgaslighting\u201d, y la peligrosa proliferaci\u00f3n de la desinformaci\u00f3n.<\/p>\n<p>En tercer lugar, mencion\u00f3 de qu\u00e9 manera la atenci\u00f3n medi\u00e1tica a la guerra y la desinformaci\u00f3n han operado al mismo tiempo como distracci\u00f3n de algunos de los mayores desaf\u00edos a nuestra seguridad a largo plazo: la triple crisis planetaria del cambio clim\u00e1tico, la contaminaci\u00f3n y la p\u00e9rdida de biodiversidad, as\u00ed como las enormes desigualdades en el mundo.<\/p>\n<p>Al inicio de su alocuci\u00f3n, el funcionario destac\u00f3 que vivimos en un tiempo en el que \u201clos derechos humanos no solamente son violados, sino crecientemente instrumentalizados\u201d.<\/p>\n<p>Una alerta que ya hab\u00eda denunciado hace treinta a\u00f1os el escritor humanista Silo en sus \u201cCartas a mis amigos\u201d, \u00a0cuando consignaba \u201cHoy se habla, con renovado vigor, de los derechos humanos. Sin embargo, ha cambiado el signo de los que hacen ondear estas banderas\u2026 las derechas han recogido aquellas banderas y se las ve activas en la defensa de los derechos humanos y de la paz, sobre todo en aquellos pa\u00edses que no dominan totalmente. Aprovechando algunos mecanismos internacionales, organizan fuerzas de intervenci\u00f3n capaces de llegar a cualquier punto del globo a fin de imponer la \u201cjusticia\u201d.<\/p>\n<p>Silo agregaba m\u00e1s adelante: \u201cAdecuadamente, se sazona todo con tiernas argumentaciones. Y en esto hay que ser cuidadosos, porque aun cuando se interviniera en terceros pa\u00edses por razones humanitarias evidentes para todos, se sentar\u00edan precedentes para justificar nuevas acciones sin razones tan humanitarias ni tan evidentes para todos. Es de observar que como consecuencia del proceso de mundializaci\u00f3n, Naciones Unidas est\u00e1 jugando un rol militar creciente que entra\u00f1a no pocos peligros. Una vez m\u00e1s se est\u00e1 comprometiendo la soberan\u00eda y autodeterminaci\u00f3n de los pueblos mediante la manipulaci\u00f3n de los conceptos de paz y de solidaridad internacional.\u201d<\/p>\n<p>Volviendo a la conferencia de prensa del Alto Comisionado de la ONU sobre los Derechos Humanos, este agreg\u00f3 que 2024 ha sido un a\u00f1o marcado por horrendos n\u00fameros de personas muertas o heridas severamente, dentro y fuera del campo de batalla.<\/p>\n<p>\u00abEl desprecio por el derecho internacional y la aparente indiferencia por las vidas y las infraestructuras civiles se han puesto claramente de manifiesto en el conflicto de Israel, los Territorios Palestinos Ocupados y L\u00edbano, as\u00ed como en Ucrania, Sud\u00e1n y Myanmar, por citar algunos ejemplos muy crudos\u00bb, afirm\u00f3.<\/p>\n<p>Comentando la actual situaci\u00f3n de Siria, afirm\u00f3 que los derechos humanos de todos los sirios deben estar en el centro de cualquier transici\u00f3n de poder.<\/p>\n<p>\u00abToda transici\u00f3n pol\u00edtica debe asegurar la rendici\u00f3n de cuentas de los autores de violaciones graves y garantizar que los responsables rindan cuentas. Es imperativo que todas las pruebas se recojan y conserven meticulosamente para su uso futuro. La reforma del aparato de seguridad ser\u00e1 clave. Esta transici\u00f3n tambi\u00e9n debe garantizar que se aborda la tragedia de las personas desaparecidas\u00bb, subray\u00f3 T\u00fcrk.<\/p>\n<p>El Alto Comisionado tambi\u00e9n destac\u00f3 que la propagaci\u00f3n viral de la desinformaci\u00f3n en las plataformas sociales y en algunos medios de comunicaci\u00f3n tradicionales, incluidas las campa\u00f1as de desinformaci\u00f3n patrocinadas y financiadas por el Estado, est\u00e1 sembrando divisiones y odio, y desacreditando a los defensores de los derechos humanos, al periodismo independiente y a las instituciones internacionales.<\/p>\n<p>Ante tantos retos, no podemos perder los profundos valores y principios que sustentan los derechos humanos, afirm\u00f3 el funcionario.<\/p>\n<p>\u00abLos derechos humanos no son ideas abstractas ni ideolog\u00edas. Tienen que ver con qui\u00e9nes somos y c\u00f3mo vivimos. Se basan en hechos, en la ley y en la compasi\u00f3n. Encarnan nuestras necesidades y nuestras esperanzas\u00bb, concluy\u00f3 su mensaje.<\/p>\n<p>El D\u00eda de los Derechos Humanos se celebra a nivel mundial cada 10 de diciembre para conmemorar uno de los compromisos mundiales m\u00e1s revolucionarios: la Declaraci\u00f3n Universal de los Derechos Humanos (DUDH). Este documento hist\u00f3rico consagra los derechos inalienables que toda persona tiene como ser humano, independientemente de su raza, color, religi\u00f3n, sexo, idioma, opini\u00f3n pol\u00edtica o de cualquier otra \u00edndole, origen nacional o social, posici\u00f3n econ\u00f3mica, nacimiento o cualquier otra condici\u00f3n.<\/p>\n<p>Derechos, que en palabras de Silo, \u00ab<i><span lang=\"ES\">hoy son considerados como simples aspiraciones y no pueden ser plenamente vigentes dados los poderes establecidos. La lucha por la plena vigencia de los derechos humanos lleva, necesariamente, al cuestionamiento de los poderes actuales, orientando la acci\u00f3n hacia la sustituci\u00f3n de \u00e9stos por los poderes de una nueva sociedad humana.<\/span><\/i><\/p>\n<p>Como lo se\u00f1alara el autor humanista ya en el libro \u00abHumanizar la Tierra\u00bb:<\/p>\n<p class=\"texto\"><span lang=\"ES\">\u201c<i>Los derechos humanos no tienen la vigencia universal que ser\u00eda deseable porque no dependen del poder universal del ser humano, sino del poder de una parte sobre el todo.<\/i> Si los m\u00e1s elementales reclamos sobre el gobierno del propio cuerpo son pisoteados en todas las latitudes, solo podemos hablar de aspiraciones que tendr\u00e1n que convertirse en derechos. <i>Los derechos humanos no pertenecen al pasado, est\u00e1n all\u00ed en el futuro succionando la intencionalidad, alimentando una lucha que se reaviva en cada nueva violaci\u00f3n al destino del hombre. Por esto, todo reclamo que se haga a favor de ellos tiene sentido porque muestra a los poderes actuales que no son omnipotentes y que no tienen controlado el futuro.\u201d<\/i><\/span><\/p>\n","protected":false},"excerpt":{"rendered":"<p>Con motivo de la conmemoraci\u00f3n del D\u00eda Internacional de los Derechos Humanos, el Alto Comisionado de Naciones Unidas para los Derechos Humanos Volker T\u00fcrk ofreci\u00f3 una conferencia de prensa en la sede de la organizaci\u00f3n en Ginebra. Al hacer balance&hellip;<\/p>\n","protected":false},"author":19,"featured_media":2569199,"comment_status":"closed","ping_status":"closed","sticky":false,"template":"","format":"standard","meta":{"footnotes":""},"categories":[79],"tags":[441,52611,649],"class_list":["post-2569196","post","type-post","status-publish","format-standard","has-post-thumbnail","hentry","category-derechos-humanos","tag-derechos-humanos","tag-dia-internacional-de-los-derechos-humanos","tag-naciones-unidas"],"yoast_head":"<!-- This site is optimized with the Yoast SEO plugin v27.1.1 - https:\/\/yoast.com\/product\/yoast-seo-wordpress\/ -->\n<title>&quot;Los Derechos Humanos encarnan nuestras necesidades y nuestras esperanzas&quot;, afirm\u00f3 el Alto Comisionado de la ONU para los DD.HH., Volker T\u00fcrk<\/title>\n<meta name=\"description\" content=\"Con motivo de la conmemoraci\u00f3n del D\u00eda Internacional de los Derechos Humanos, el Alto Comisionado de Naciones Unidas para los Derechos Humanos Volker T\u00fcrk\" \/>\n<meta name=\"robots\" content=\"index, follow, max-snippet:-1, max-image-preview:large, max-video-preview:-1\" \/>\n<link rel=\"canonical\" href=\"https:\/\/www.pressenza.com\/es\/2024\/12\/los-derechos-humanos-encarnan-nuestras-necesidades-y-nuestras-esperanzas-afirmo-el-alto-comisionado-de-naciones-unidas-para-los-ddhh-volker-turk\/\" \/>\n<meta property=\"og:locale\" content=\"es_ES\" \/>\n<meta property=\"og:type\" content=\"article\" \/>\n<meta property=\"og:title\" content=\"&quot;Los Derechos Humanos encarnan nuestras necesidades y nuestras esperanzas&quot;, afirm\u00f3 el Alto Comisionado de la ONU para los DD.HH., Volker T\u00fcrk\" \/>\n<meta property=\"og:description\" content=\"Con motivo de la conmemoraci\u00f3n del D\u00eda Internacional de los Derechos Humanos, el Alto Comisionado de Naciones Unidas para los Derechos Humanos Volker T\u00fcrk\" \/>\n<meta property=\"og:url\" content=\"https:\/\/www.pressenza.com\/es\/2024\/12\/los-derechos-humanos-encarnan-nuestras-necesidades-y-nuestras-esperanzas-afirmo-el-alto-comisionado-de-naciones-unidas-para-los-ddhh-volker-turk\/\" \/>\n<meta property=\"og:site_name\" content=\"Pressenza\" \/>\n<meta property=\"article:publisher\" content=\"https:\/\/www.facebook.com\/PressenzaItalia\" \/>\n<meta property=\"article:author\" content=\"https:\/\/www.facebook.com\/pressenza\" \/>\n<meta property=\"article:published_time\" content=\"2024-12-10T15:38:08+00:00\" \/>\n<meta property=\"article:modified_time\" content=\"2024-12-10T15:43:32+00:00\" \/>\n<meta property=\"og:image\" content=\"https:\/\/www.pressenza.com\/wp-content\/uploads\/2024\/12\/ddhh.jpg\" \/>\n\t<meta property=\"og:image:width\" content=\"618\" \/>\n\t<meta property=\"og:image:height\" content=\"427\" \/>\n\t<meta property=\"og:image:type\" content=\"image\/jpeg\" \/>\n<meta name=\"author\" content=\"Pressenza IPA\" \/>\n<meta name=\"twitter:card\" content=\"summary_large_image\" \/>\n<meta name=\"twitter:creator\" content=\"@PressenzaIPA\" \/>\n<meta name=\"twitter:site\" content=\"@PressenzaIPA\" \/>\n<meta name=\"twitter:label1\" content=\"Escrito por\" \/>\n\t<meta name=\"twitter:data1\" content=\"Pressenza IPA\" \/>\n\t<meta name=\"twitter:label2\" content=\"Tiempo de lectura\" \/>\n\t<meta name=\"twitter:data2\" content=\"5 minutos\" \/>\n<script type=\"application\/ld+json\" class=\"yoast-schema-graph\">{\"@context\":\"https:\/\/schema.org\",\"@graph\":[{\"@type\":\"Article\",\"@id\":\"https:\/\/www.pressenza.com\/es\/2024\/12\/los-derechos-humanos-encarnan-nuestras-necesidades-y-nuestras-esperanzas-afirmo-el-alto-comisionado-de-naciones-unidas-para-los-ddhh-volker-turk\/#article\",\"isPartOf\":{\"@id\":\"https:\/\/www.pressenza.com\/es\/2024\/12\/los-derechos-humanos-encarnan-nuestras-necesidades-y-nuestras-esperanzas-afirmo-el-alto-comisionado-de-naciones-unidas-para-los-ddhh-volker-turk\/\"},\"author\":{\"name\":\"Pressenza IPA\",\"@id\":\"https:\/\/www.pressenza.com\/es\/#\/schema\/person\/010e5d02bcf40965427a1289a4cc8d75\"},\"headline\":\"\u00abLos Derechos Humanos encarnan nuestras necesidades y nuestras esperanzas\u00bb, afirm\u00f3 el Alto Comisionado de la ONU para los DD.HH., Volker T\u00fcrk\",\"datePublished\":\"2024-12-10T15:38:08+00:00\",\"dateModified\":\"2024-12-10T15:43:32+00:00\",\"mainEntityOfPage\":{\"@id\":\"https:\/\/www.pressenza.com\/es\/2024\/12\/los-derechos-humanos-encarnan-nuestras-necesidades-y-nuestras-esperanzas-afirmo-el-alto-comisionado-de-naciones-unidas-para-los-ddhh-volker-turk\/\"},\"wordCount\":1069,\"publisher\":{\"@id\":\"https:\/\/www.pressenza.com\/es\/#organization\"},\"image\":{\"@id\":\"https:\/\/www.pressenza.com\/es\/2024\/12\/los-derechos-humanos-encarnan-nuestras-necesidades-y-nuestras-esperanzas-afirmo-el-alto-comisionado-de-naciones-unidas-para-los-ddhh-volker-turk\/#primaryimage\"},\"thumbnailUrl\":\"https:\/\/www.pressenza.com\/wp-content\/uploads\/2024\/12\/ddhh.jpg\",\"keywords\":[\"Derechos humanos\",\"D\u00eda Internacional de los Derechos Humanos\",\"Naciones Unidas\"],\"articleSection\":[\"Derechos Humanos\"],\"inLanguage\":\"es\"},{\"@type\":\"WebPage\",\"@id\":\"https:\/\/www.pressenza.com\/es\/2024\/12\/los-derechos-humanos-encarnan-nuestras-necesidades-y-nuestras-esperanzas-afirmo-el-alto-comisionado-de-naciones-unidas-para-los-ddhh-volker-turk\/\",\"url\":\"https:\/\/www.pressenza.com\/es\/2024\/12\/los-derechos-humanos-encarnan-nuestras-necesidades-y-nuestras-esperanzas-afirmo-el-alto-comisionado-de-naciones-unidas-para-los-ddhh-volker-turk\/\",\"name\":\"\\\"Los Derechos Humanos encarnan nuestras necesidades y nuestras esperanzas\\\", afirm\u00f3 el Alto Comisionado de la ONU para los DD.HH., Volker T\u00fcrk\",\"isPartOf\":{\"@id\":\"https:\/\/www.pressenza.com\/es\/#website\"},\"primaryImageOfPage\":{\"@id\":\"https:\/\/www.pressenza.com\/es\/2024\/12\/los-derechos-humanos-encarnan-nuestras-necesidades-y-nuestras-esperanzas-afirmo-el-alto-comisionado-de-naciones-unidas-para-los-ddhh-volker-turk\/#primaryimage\"},\"image\":{\"@id\":\"https:\/\/www.pressenza.com\/es\/2024\/12\/los-derechos-humanos-encarnan-nuestras-necesidades-y-nuestras-esperanzas-afirmo-el-alto-comisionado-de-naciones-unidas-para-los-ddhh-volker-turk\/#primaryimage\"},\"thumbnailUrl\":\"https:\/\/www.pressenza.com\/wp-content\/uploads\/2024\/12\/ddhh.jpg\",\"datePublished\":\"2024-12-10T15:38:08+00:00\",\"dateModified\":\"2024-12-10T15:43:32+00:00\",\"description\":\"Con motivo de la conmemoraci\u00f3n del D\u00eda Internacional de los Derechos Humanos, el Alto Comisionado de Naciones Unidas para los Derechos Humanos Volker T\u00fcrk\",\"breadcrumb\":{\"@id\":\"https:\/\/www.pressenza.com\/es\/2024\/12\/los-derechos-humanos-encarnan-nuestras-necesidades-y-nuestras-esperanzas-afirmo-el-alto-comisionado-de-naciones-unidas-para-los-ddhh-volker-turk\/#breadcrumb\"},\"inLanguage\":\"es\",\"potentialAction\":[{\"@type\":\"ReadAction\",\"target\":[\"https:\/\/www.pressenza.com\/es\/2024\/12\/los-derechos-humanos-encarnan-nuestras-necesidades-y-nuestras-esperanzas-afirmo-el-alto-comisionado-de-naciones-unidas-para-los-ddhh-volker-turk\/\"]}]},{\"@type\":\"ImageObject\",\"inLanguage\":\"es\",\"@id\":\"https:\/\/www.pressenza.com\/es\/2024\/12\/los-derechos-humanos-encarnan-nuestras-necesidades-y-nuestras-esperanzas-afirmo-el-alto-comisionado-de-naciones-unidas-para-los-ddhh-volker-turk\/#primaryimage\",\"url\":\"https:\/\/www.pressenza.com\/wp-content\/uploads\/2024\/12\/ddhh.jpg\",\"contentUrl\":\"https:\/\/www.pressenza.com\/wp-content\/uploads\/2024\/12\/ddhh.jpg\",\"width\":618,\"height\":427},{\"@type\":\"BreadcrumbList\",\"@id\":\"https:\/\/www.pressenza.com\/es\/2024\/12\/los-derechos-humanos-encarnan-nuestras-necesidades-y-nuestras-esperanzas-afirmo-el-alto-comisionado-de-naciones-unidas-para-los-ddhh-volker-turk\/#breadcrumb\",\"itemListElement\":[{\"@type\":\"ListItem\",\"position\":1,\"name\":\"Accueil\",\"item\":\"https:\/\/www.pressenza.com\/es\/\"},{\"@type\":\"ListItem\",\"position\":2,\"name\":\"\u00abLos Derechos Humanos encarnan nuestras necesidades y nuestras esperanzas\u00bb, afirm\u00f3 el Alto Comisionado de la ONU para los DD.HH., Volker T\u00fcrk\"}]},{\"@type\":\"WebSite\",\"@id\":\"https:\/\/www.pressenza.com\/es\/#website\",\"url\":\"https:\/\/www.pressenza.com\/es\/\",\"name\":\"Pressenza\",\"description\":\"International Press Agency\",\"publisher\":{\"@id\":\"https:\/\/www.pressenza.com\/es\/#organization\"},\"potentialAction\":[{\"@type\":\"SearchAction\",\"target\":{\"@type\":\"EntryPoint\",\"urlTemplate\":\"https:\/\/www.pressenza.com\/es\/?s={search_term_string}\"},\"query-input\":{\"@type\":\"PropertyValueSpecification\",\"valueRequired\":true,\"valueName\":\"search_term_string\"}}],\"inLanguage\":\"es\"},{\"@type\":\"Organization\",\"@id\":\"https:\/\/www.pressenza.com\/es\/#organization\",\"name\":\"Pressenza\",\"url\":\"https:\/\/www.pressenza.com\/es\/\",\"logo\":{\"@type\":\"ImageObject\",\"inLanguage\":\"es\",\"@id\":\"https:\/\/www.pressenza.com\/es\/#\/schema\/logo\/image\/\",\"url\":\"https:\/\/www.pressenza.com\/wp-content\/uploads\/2022\/10\/pressenza_logo_200x200.jpg\",\"contentUrl\":\"https:\/\/www.pressenza.com\/wp-content\/uploads\/2022\/10\/pressenza_logo_200x200.jpg\",\"width\":200,\"height\":200,\"caption\":\"Pressenza\"},\"image\":{\"@id\":\"https:\/\/www.pressenza.com\/es\/#\/schema\/logo\/image\/\"},\"sameAs\":[\"https:\/\/www.facebook.com\/PressenzaItalia\",\"https:\/\/x.com\/PressenzaIPA\"]},{\"@type\":\"Person\",\"@id\":\"https:\/\/www.pressenza.com\/es\/#\/schema\/person\/010e5d02bcf40965427a1289a4cc8d75\",\"name\":\"Pressenza IPA\",\"description\":\"News from Pressenza IPA correspondents\",\"sameAs\":[\"https:\/\/www.facebook.com\/pressenza\",\"https:\/\/x.com\/PressenzaIPA\"],\"url\":\"https:\/\/www.pressenza.com\/es\/author\/pressenza-ipa\/\"}]}<\/script>\n<!-- \/ Yoast SEO plugin. -->","yoast_head_json":{"title":"\"Los Derechos Humanos encarnan nuestras necesidades y nuestras esperanzas\", afirm\u00f3 el Alto Comisionado de la ONU para los DD.HH., Volker T\u00fcrk","description":"Con motivo de la conmemoraci\u00f3n del D\u00eda Internacional de los Derechos Humanos, el Alto Comisionado de Naciones Unidas para los Derechos Humanos Volker T\u00fcrk","robots":{"index":"index","follow":"follow","max-snippet":"max-snippet:-1","max-image-preview":"max-image-preview:large","max-video-preview":"max-video-preview:-1"},"canonical":"https:\/\/www.pressenza.com\/es\/2024\/12\/los-derechos-humanos-encarnan-nuestras-necesidades-y-nuestras-esperanzas-afirmo-el-alto-comisionado-de-naciones-unidas-para-los-ddhh-volker-turk\/","og_locale":"es_ES","og_type":"article","og_title":"\"Los Derechos Humanos encarnan nuestras necesidades y nuestras esperanzas\", afirm\u00f3 el Alto Comisionado de la ONU para los DD.HH., Volker T\u00fcrk","og_description":"Con motivo de la conmemoraci\u00f3n del D\u00eda Internacional de los Derechos Humanos, el Alto Comisionado de Naciones Unidas para los Derechos Humanos Volker T\u00fcrk","og_url":"https:\/\/www.pressenza.com\/es\/2024\/12\/los-derechos-humanos-encarnan-nuestras-necesidades-y-nuestras-esperanzas-afirmo-el-alto-comisionado-de-naciones-unidas-para-los-ddhh-volker-turk\/","og_site_name":"Pressenza","article_publisher":"https:\/\/www.facebook.com\/PressenzaItalia","article_author":"https:\/\/www.facebook.com\/pressenza","article_published_time":"2024-12-10T15:38:08+00:00","article_modified_time":"2024-12-10T15:43:32+00:00","og_image":[{"width":618,"height":427,"url":"https:\/\/www.pressenza.com\/wp-content\/uploads\/2024\/12\/ddhh.jpg","type":"image\/jpeg"}],"author":"Pressenza IPA","twitter_card":"summary_large_image","twitter_creator":"@PressenzaIPA","twitter_site":"@PressenzaIPA","twitter_misc":{"Escrito por":"Pressenza IPA","Tiempo de lectura":"5 minutos"},"schema":{"@context":"https:\/\/schema.org","@graph":[{"@type":"Article","@id":"https:\/\/www.pressenza.com\/es\/2024\/12\/los-derechos-humanos-encarnan-nuestras-necesidades-y-nuestras-esperanzas-afirmo-el-alto-comisionado-de-naciones-unidas-para-los-ddhh-volker-turk\/#article","isPartOf":{"@id":"https:\/\/www.pressenza.com\/es\/2024\/12\/los-derechos-humanos-encarnan-nuestras-necesidades-y-nuestras-esperanzas-afirmo-el-alto-comisionado-de-naciones-unidas-para-los-ddhh-volker-turk\/"},"author":{"name":"Pressenza IPA","@id":"https:\/\/www.pressenza.com\/es\/#\/schema\/person\/010e5d02bcf40965427a1289a4cc8d75"},"headline":"\u00abLos Derechos Humanos encarnan nuestras necesidades y nuestras esperanzas\u00bb, afirm\u00f3 el Alto Comisionado de la ONU para los DD.HH., Volker T\u00fcrk","datePublished":"2024-12-10T15:38:08+00:00","dateModified":"2024-12-10T15:43:32+00:00","mainEntityOfPage":{"@id":"https:\/\/www.pressenza.com\/es\/2024\/12\/los-derechos-humanos-encarnan-nuestras-necesidades-y-nuestras-esperanzas-afirmo-el-alto-comisionado-de-naciones-unidas-para-los-ddhh-volker-turk\/"},"wordCount":1069,"publisher":{"@id":"https:\/\/www.pressenza.com\/es\/#organization"},"image":{"@id":"https:\/\/www.pressenza.com\/es\/2024\/12\/los-derechos-humanos-encarnan-nuestras-necesidades-y-nuestras-esperanzas-afirmo-el-alto-comisionado-de-naciones-unidas-para-los-ddhh-volker-turk\/#primaryimage"},"thumbnailUrl":"https:\/\/www.pressenza.com\/wp-content\/uploads\/2024\/12\/ddhh.jpg","keywords":["Derechos humanos","D\u00eda Internacional de los Derechos Humanos","Naciones Unidas"],"articleSection":["Derechos Humanos"],"inLanguage":"es"},{"@type":"WebPage","@id":"https:\/\/www.pressenza.com\/es\/2024\/12\/los-derechos-humanos-encarnan-nuestras-necesidades-y-nuestras-esperanzas-afirmo-el-alto-comisionado-de-naciones-unidas-para-los-ddhh-volker-turk\/","url":"https:\/\/www.pressenza.com\/es\/2024\/12\/los-derechos-humanos-encarnan-nuestras-necesidades-y-nuestras-esperanzas-afirmo-el-alto-comisionado-de-naciones-unidas-para-los-ddhh-volker-turk\/","name":"\"Los Derechos Humanos encarnan nuestras necesidades y nuestras esperanzas\", afirm\u00f3 el Alto Comisionado de la ONU para los DD.HH., Volker T\u00fcrk","isPartOf":{"@id":"https:\/\/www.pressenza.com\/es\/#website"},"primaryImageOfPage":{"@id":"https:\/\/www.pressenza.com\/es\/2024\/12\/los-derechos-humanos-encarnan-nuestras-necesidades-y-nuestras-esperanzas-afirmo-el-alto-comisionado-de-naciones-unidas-para-los-ddhh-volker-turk\/#primaryimage"},"image":{"@id":"https:\/\/www.pressenza.com\/es\/2024\/12\/los-derechos-humanos-encarnan-nuestras-necesidades-y-nuestras-esperanzas-afirmo-el-alto-comisionado-de-naciones-unidas-para-los-ddhh-volker-turk\/#primaryimage"},"thumbnailUrl":"https:\/\/www.pressenza.com\/wp-content\/uploads\/2024\/12\/ddhh.jpg","datePublished":"2024-12-10T15:38:08+00:00","dateModified":"2024-12-10T15:43:32+00:00","description":"Con motivo de la conmemoraci\u00f3n del D\u00eda Internacional de los Derechos Humanos, el Alto Comisionado de Naciones Unidas para los Derechos Humanos Volker T\u00fcrk","breadcrumb":{"@id":"https:\/\/www.pressenza.com\/es\/2024\/12\/los-derechos-humanos-encarnan-nuestras-necesidades-y-nuestras-esperanzas-afirmo-el-alto-comisionado-de-naciones-unidas-para-los-ddhh-volker-turk\/#breadcrumb"},"inLanguage":"es","potentialAction":[{"@type":"ReadAction","target":["https:\/\/www.pressenza.com\/es\/2024\/12\/los-derechos-humanos-encarnan-nuestras-necesidades-y-nuestras-esperanzas-afirmo-el-alto-comisionado-de-naciones-unidas-para-los-ddhh-volker-turk\/"]}]},{"@type":"ImageObject","inLanguage":"es","@id":"https:\/\/www.pressenza.com\/es\/2024\/12\/los-derechos-humanos-encarnan-nuestras-necesidades-y-nuestras-esperanzas-afirmo-el-alto-comisionado-de-naciones-unidas-para-los-ddhh-volker-turk\/#primaryimage","url":"https:\/\/www.pressenza.com\/wp-content\/uploads\/2024\/12\/ddhh.jpg","contentUrl":"https:\/\/www.pressenza.com\/wp-content\/uploads\/2024\/12\/ddhh.jpg","width":618,"height":427},{"@type":"BreadcrumbList","@id":"https:\/\/www.pressenza.com\/es\/2024\/12\/los-derechos-humanos-encarnan-nuestras-necesidades-y-nuestras-esperanzas-afirmo-el-alto-comisionado-de-naciones-unidas-para-los-ddhh-volker-turk\/#breadcrumb","itemListElement":[{"@type":"ListItem","position":1,"name":"Accueil","item":"https:\/\/www.pressenza.com\/es\/"},{"@type":"ListItem","position":2,"name":"\u00abLos Derechos Humanos encarnan nuestras necesidades y nuestras esperanzas\u00bb, afirm\u00f3 el Alto Comisionado de la ONU para los DD.HH., Volker T\u00fcrk"}]},{"@type":"WebSite","@id":"https:\/\/www.pressenza.com\/es\/#website","url":"https:\/\/www.pressenza.com\/es\/","name":"Pressenza","description":"International Press Agency","publisher":{"@id":"https:\/\/www.pressenza.com\/es\/#organization"},"potentialAction":[{"@type":"SearchAction","target":{"@type":"EntryPoint","urlTemplate":"https:\/\/www.pressenza.com\/es\/?s={search_term_string}"},"query-input":{"@type":"PropertyValueSpecification","valueRequired":true,"valueName":"search_term_string"}}],"inLanguage":"es"},{"@type":"Organization","@id":"https:\/\/www.pressenza.com\/es\/#organization","name":"Pressenza","url":"https:\/\/www.pressenza.com\/es\/","logo":{"@type":"ImageObject","inLanguage":"es","@id":"https:\/\/www.pressenza.com\/es\/#\/schema\/logo\/image\/","url":"https:\/\/www.pressenza.com\/wp-content\/uploads\/2022\/10\/pressenza_logo_200x200.jpg","contentUrl":"https:\/\/www.pressenza.com\/wp-content\/uploads\/2022\/10\/pressenza_logo_200x200.jpg","width":200,"height":200,"caption":"Pressenza"},"image":{"@id":"https:\/\/www.pressenza.com\/es\/#\/schema\/logo\/image\/"},"sameAs":["https:\/\/www.facebook.com\/PressenzaItalia","https:\/\/x.com\/PressenzaIPA"]},{"@type":"Person","@id":"https:\/\/www.pressenza.com\/es\/#\/schema\/person\/010e5d02bcf40965427a1289a4cc8d75","name":"Pressenza IPA","description":"News from Pressenza IPA correspondents","sameAs":["https:\/\/www.facebook.com\/pressenza","https:\/\/x.com\/PressenzaIPA"],"url":"https:\/\/www.pressenza.com\/es\/author\/pressenza-ipa\/"}]}},"place":"Ginebra, Suiza","original_article_url":"","_links":{"self":[{"href":"https:\/\/www.pressenza.com\/es\/wp-json\/wp\/v2\/posts\/2569196","targetHints":{"allow":["GET"]}}],"collection":[{"href":"https:\/\/www.pressenza.com\/es\/wp-json\/wp\/v2\/posts"}],"about":[{"href":"https:\/\/www.pressenza.com\/es\/wp-json\/wp\/v2\/types\/post"}],"author":[{"embeddable":true,"href":"https:\/\/www.pressenza.com\/es\/wp-json\/wp\/v2\/users\/19"}],"replies":[{"embeddable":true,"href":"https:\/\/www.pressenza.com\/es\/wp-json\/wp\/v2\/comments?post=2569196"}],"version-history":[{"count":0,"href":"https:\/\/www.pressenza.com\/es\/wp-json\/wp\/v2\/posts\/2569196\/revisions"}],"wp:featuredmedia":[{"embeddable":true,"href":"https:\/\/www.pressenza.com\/es\/wp-json\/wp\/v2\/media\/2569199"}],"wp:attachment":[{"href":"https:\/\/www.pressenza.com\/es\/wp-json\/wp\/v2\/media?parent=2569196"}],"wp:term":[{"taxonomy":"category","embeddable":true,"href":"https:\/\/www.pressenza.com\/es\/wp-json\/wp\/v2\/categories?post=2569196"},{"taxonomy":"post_tag","embeddable":true,"href":"https:\/\/www.pressenza.com\/es\/wp-json\/wp\/v2\/tags?post=2569196"}],"curies":[{"name":"wp","href":"https:\/\/api.w.org\/{rel}","templated":true}]}}