{"id":2566404,"date":"2024-11-28T21:11:33","date_gmt":"2024-11-28T21:11:33","guid":{"rendered":"https:\/\/www.pressenza.com\/?p=2566404"},"modified":"2024-11-28T21:11:33","modified_gmt":"2024-11-28T21:11:33","slug":"el-transporte-en-la-ciudad-de-mexico","status":"publish","type":"post","link":"https:\/\/www.pressenza.com\/es\/2024\/11\/el-transporte-en-la-ciudad-de-mexico\/","title":{"rendered":"El transporte en la Ciudad de M\u00e9xico"},"content":{"rendered":"<p>El problema del transporte en la Ciudad de M\u00e9xico es espantoso. Supongo que en otras ciudades tambi\u00e9n lo es, pero creo que esta se gana el premio. Por eso mucha gente, casi todas las personas de clase media para arriba tienen auto, pues el transporte p\u00fablico est\u00e1 repleto. All\u00ed te aprietan y te roban sin que te puedas defender. Y si andas en auto y te lo tratan de robar, no intentes impedirlo, porque\u00a0 en ese caso lo m\u00e1s probable es que recibas una pu\u00f1alada mortal. Experiencia para los turistas: jam\u00e1s de los jamases oponerse a un robo, por favor.<\/p>\n<p>Y como casi todo el mundo se ve obligado a tener un auto, cada vez hay m\u00e1s autos. Cada matrimonio a menudo tiene dos. En la CDMX circulan alrededor de 6.4 millones\u00a0de veh\u00edculos de motor, que pueden ser autos, camiones, camionetas, motocicletas o cualquier cosa con ruedas y motor. Pero lo principal son los autos particulares.<\/p>\n<p>La gente que vive un poco lejos de su trabajo, a menudo se demora dos o m\u00e1s horas en llegar y otras tantas en volver a su casa. No por la distancia sino por la lentitud del tr\u00e1nsito en la ciudad. Y para qu\u00e9 decir los que vienen del Estado de M\u00e9xico, mejor ni hablar de ese tema porque es muy complicado, ya se lo pueden imaginar.<br \/>\n\u00bfIr a ver a un amigo el domingo? No, por dios, que se van a demorar m\u00e1s en el viaje que en la visita.<\/p>\n<p>En la CDMX viven, o sea duermen porque habitan aqu\u00ed, 8 millones de personas. Pero viene diariamente a trabajar, gente del Estado de M\u00e9xico que es vecino y a veces de otros Estados. Son 12 millones m\u00e1s, con lo cual se mueven diariamente, comen, usan el agua y transitan por las calles, un total de 20 millones de personas. \u00bfSe dan cuenta ustedes de lo que es esto? He dicho que es espantoso, pero ustedes le pueden poner el adjetivo que quieran.<\/p>\n<p>\u00bfQu\u00e9 hacer? \u00bfPoner m\u00e1s metrobuses, m\u00e1s Metro, m\u00e1s peseras o \u201cmicros\u201d, como se llaman en Chile? Una l\u00ednea de Metro cuesta car\u00edsima y ya no cabe. Porque aunque ustedes no lo sepan, debajo del suelo hay millones de cosas: much\u00edsimos tubos del agua que si se rompen se acaba el agua en alg\u00fan lugar y hay que cambiarlo porque ya no se puede parchar m\u00e1s. Hay cables de luz, cables de internet, cables de gas, cables que no sirven para nada pero ah\u00ed est\u00e1n y nadie sabe si \u00a0sirven o no. Y tambi\u00e9n est\u00e1n las otras l\u00edneas del Metro y los cimientos de los edificios que tienen que ser muy profundos por los temblores que son comunes en M\u00e9xico. Hace poco un edificio en construcci\u00f3n trat\u00f3 de hacer sus cimientos y le cay\u00f3 tierra y lodo al vag\u00f3n del Metro que pasaba poco m\u00e1s abajo.<\/p>\n<p>Y ahorita, para colmo, un equipo de arque\u00f3logos descubri\u00f3 que dos metros por debajo de la avenida Chapultepec, una de las principales de la ciudad, hay vestigios de un muelle, de un canal de la \u00e9poca\u00a0prehisp\u00e1nica y de un peque\u00f1o puerto del que arribaban y part\u00edan canoas rumbo al lago de Texcoco.<br \/>\nHay un dicho en M\u00e9xico: \u201cSi te pones a excavar, puedes encontrar petr\u00f3leo o una pir\u00e1mide\u201d.<\/p>\n<p>Entonces \u00bfno se puede hacer nada?<br \/>\nNo es as\u00ed, hay una soluci\u00f3n perfecta y se las voy a explicar. No hay que excavar ni poner ning\u00fan tubo, cable o una nueva l\u00ednea del Metro.<br \/>\nLa soluci\u00f3n se llama \u201ctrabajo en casa\u201d, tambi\u00e9n malamente llamado \u201chome work.\u201d<br \/>\nAs\u00ed el tr\u00e1nsito disminuye en un gran porcentaje y no pasa nada. El sistema se prob\u00f3 durante la pandemia y result\u00f3 sensacional.<\/p>\n<p>Mucha gente se vio obligada a trabajar en su casa y le gust\u00f3, naturalmente. Se gana tiempo, se ahorra dinero porque los estacionamientos en la calle resultan muy caros, no hay que recorrer largas distancias, se come en casa mucho mejor y m\u00e1s\u00a0 barato, la jornada de trabajo rinde mucho m\u00e1s.\u00a0M\u00e9xico es el pa\u00eds de Latinoam\u00e9rica en el que ese moderno sistema\u00a0 ha tenido mayor aceptaci\u00f3n<br \/>\nEst\u00e1 comprobado que durante la pandemia, gracias al trabajo en casa, disminuy\u00f3 en un alto porcentaje la circulaci\u00f3n de veh\u00edculos en la CDMX. Hasta los ni\u00f1os pudieron recibir clases en sus casas, pues la mayor\u00eda tiene computadora y la maneja mejor que un adulto. As\u00ed no hubo que ir a llevar y recoger a los ni\u00f1os y adolescentes al colegio, lo que es casi obligatorio en esta ciudad, debido a la inseguridad, sea \u00e9sta verdadera o\u00a0 imaginaria.<\/p>\n<p>\u00bfY cu\u00e1nto baj\u00f3 el tr\u00e1nsito durante la pandemia? Hay diferentes cifras, pues al parecer no se hizo un c\u00e1lculo gubernamental serio. Por lo tanto, unos dicen que baj\u00f3 un 20%, otros \u00a0un 80 % y otros un 50%.<br \/>\nLa cifra que sea es important\u00edsima. Ninguna otra medida de gobierno ha logrado ni lograr\u00e1 resolver el problema del tr\u00e1nsito en esta ciudad. Naturalmente, hay\u00a0 personas que no pueden trabajar en su casa: un dentista, un plomero, un jardinero, un cirujano. Pero son los menos.<\/p>\n<p>Desgraciadamente, despu\u00e9s de la pandemia se plante\u00f3 que hab\u00eda que \u201cvolver a la normalidad\u201d, o sea volver a la f\u00e1brica o a la oficina. Lo dijo el gobierno, en mi opini\u00f3n err\u00f3neamente y lo se\u00f1al\u00f3 la empresa privada, que quiere tener a sus trabajadores en un lugar en que puedan vigilarlos.<\/p>\n<p>La verdad es que la mayor\u00eda de los trabajos se pueden medir por los resultados y no por el tiempo. Un bur\u00f3crata que debe elaborar un oficio, lo puede hacer en 10 minutos o en una hora, y basta con que el oficio se env\u00ede correctamente en cualquier tiempo. Si un obrero de la construcci\u00f3n debe realizar una excavaci\u00f3n, lo puede hacer en una hora o en varias y el trabajo quedar\u00e1 a la vista.<br \/>\nY cada vez se usa m\u00e1s el Internet: hasta documentos firmados se\u00a0 pueden fotograf\u00edar y se env\u00edan por las redes.<\/p>\n<p>Y los ni\u00f1os miran la pantalla y hacen lo que dice la maestra. C\u00f3mo lo hacen, no lo s\u00e9, pero lo hacen. Mi nieta de 11 a\u00f1os no tuvo ning\u00fan problema, lo he visto.<\/p>\n<p>Entonces, lo que habr\u00eda que hacer en la Ciudad de M\u00e9xico, es promover el trabajo a domicilio y convencer al gobierno de que es lo mejor. Si el gobierno lo hace, la empresa privada terminar\u00e1 por entender que es conveniente y lo aplicar\u00e1.<\/p>\n","protected":false},"excerpt":{"rendered":"<p>El problema del transporte en la Ciudad de M\u00e9xico es espantoso. Supongo que en otras ciudades tambi\u00e9n lo es, pero creo que esta se gana el premio. Por eso mucha gente, casi todas las personas de clase media para arriba&hellip;<\/p>\n","protected":false},"author":2124,"featured_media":2566405,"comment_status":"closed","ping_status":"closed","sticky":false,"template":"","format":"standard","meta":{"footnotes":""},"categories":[81,68,161],"tags":[51389,129714,86630],"class_list":["post-2566404","post","type-post","status-publish","format-standard","has-post-thumbnail","hentry","category-economia-es","category-norteamerica","category-opiniones","tag-ciudad-de-mexico","tag-congestion-vehicular","tag-virtualidad"],"yoast_head":"<!-- This site is optimized with the Yoast SEO plugin v27.1.1 - https:\/\/yoast.com\/product\/yoast-seo-wordpress\/ -->\n<title>El transporte en la Ciudad de M\u00e9xico<\/title>\n<meta name=\"description\" content=\"El problema del transporte en la Ciudad de M\u00e9xico es espantoso. Supongo que en otras ciudades tambi\u00e9n lo es, pero creo que esta se gana el premio. Por eso\" \/>\n<meta name=\"robots\" content=\"index, follow, max-snippet:-1, max-image-preview:large, max-video-preview:-1\" \/>\n<link rel=\"canonical\" href=\"https:\/\/www.pressenza.com\/es\/2024\/11\/el-transporte-en-la-ciudad-de-mexico\/\" \/>\n<meta property=\"og:locale\" content=\"es_ES\" \/>\n<meta property=\"og:type\" content=\"article\" \/>\n<meta property=\"og:title\" content=\"El transporte en la Ciudad de M\u00e9xico\" \/>\n<meta property=\"og:description\" content=\"El problema del transporte en la Ciudad de M\u00e9xico es espantoso. Supongo que en otras ciudades tambi\u00e9n lo es, pero creo que esta se gana el premio. Por eso\" \/>\n<meta property=\"og:url\" content=\"https:\/\/www.pressenza.com\/es\/2024\/11\/el-transporte-en-la-ciudad-de-mexico\/\" \/>\n<meta property=\"og:site_name\" content=\"Pressenza\" \/>\n<meta property=\"article:publisher\" content=\"https:\/\/www.facebook.com\/PressenzaItalia\" \/>\n<meta property=\"article:published_time\" content=\"2024-11-28T21:11:33+00:00\" \/>\n<meta property=\"og:image\" content=\"https:\/\/www.pressenza.com\/wp-content\/uploads\/2024\/11\/CDM.jpeg\" \/>\n\t<meta property=\"og:image:width\" content=\"275\" \/>\n\t<meta property=\"og:image:height\" content=\"183\" \/>\n\t<meta property=\"og:image:type\" content=\"image\/jpeg\" \/>\n<meta name=\"author\" content=\"Margarita Labarca Goddard\" \/>\n<meta name=\"twitter:card\" content=\"summary_large_image\" \/>\n<meta name=\"twitter:creator\" content=\"@PressenzaIPA\" \/>\n<meta name=\"twitter:site\" content=\"@PressenzaIPA\" \/>\n<meta name=\"twitter:label1\" content=\"Escrito por\" \/>\n\t<meta name=\"twitter:data1\" content=\"Margarita Labarca Goddard\" \/>\n\t<meta name=\"twitter:label2\" content=\"Tiempo de lectura\" \/>\n\t<meta name=\"twitter:data2\" content=\"5 minutos\" \/>\n<script type=\"application\/ld+json\" class=\"yoast-schema-graph\">{\"@context\":\"https:\/\/schema.org\",\"@graph\":[{\"@type\":\"Article\",\"@id\":\"https:\/\/www.pressenza.com\/es\/2024\/11\/el-transporte-en-la-ciudad-de-mexico\/#article\",\"isPartOf\":{\"@id\":\"https:\/\/www.pressenza.com\/es\/2024\/11\/el-transporte-en-la-ciudad-de-mexico\/\"},\"author\":{\"name\":\"Margarita Labarca Goddard\",\"@id\":\"https:\/\/www.pressenza.com\/es\/#\/schema\/person\/671f453ff8d847cc1742639e75e22e13\"},\"headline\":\"El transporte en la Ciudad de M\u00e9xico\",\"datePublished\":\"2024-11-28T21:11:33+00:00\",\"mainEntityOfPage\":{\"@id\":\"https:\/\/www.pressenza.com\/es\/2024\/11\/el-transporte-en-la-ciudad-de-mexico\/\"},\"wordCount\":1139,\"publisher\":{\"@id\":\"https:\/\/www.pressenza.com\/es\/#organization\"},\"image\":{\"@id\":\"https:\/\/www.pressenza.com\/es\/2024\/11\/el-transporte-en-la-ciudad-de-mexico\/#primaryimage\"},\"thumbnailUrl\":\"https:\/\/www.pressenza.com\/wp-content\/uploads\/2024\/11\/CDM.jpeg\",\"keywords\":[\"Ciudad de M\u00e9xico\",\"congesti\u00f3n vehicular\",\"virtualidad\"],\"articleSection\":[\"Econom\u00eda\",\"Norteam\u00e9rica\",\"Opiniones\"],\"inLanguage\":\"es\"},{\"@type\":\"WebPage\",\"@id\":\"https:\/\/www.pressenza.com\/es\/2024\/11\/el-transporte-en-la-ciudad-de-mexico\/\",\"url\":\"https:\/\/www.pressenza.com\/es\/2024\/11\/el-transporte-en-la-ciudad-de-mexico\/\",\"name\":\"El transporte en la Ciudad de M\u00e9xico\",\"isPartOf\":{\"@id\":\"https:\/\/www.pressenza.com\/es\/#website\"},\"primaryImageOfPage\":{\"@id\":\"https:\/\/www.pressenza.com\/es\/2024\/11\/el-transporte-en-la-ciudad-de-mexico\/#primaryimage\"},\"image\":{\"@id\":\"https:\/\/www.pressenza.com\/es\/2024\/11\/el-transporte-en-la-ciudad-de-mexico\/#primaryimage\"},\"thumbnailUrl\":\"https:\/\/www.pressenza.com\/wp-content\/uploads\/2024\/11\/CDM.jpeg\",\"datePublished\":\"2024-11-28T21:11:33+00:00\",\"description\":\"El problema del transporte en la Ciudad de M\u00e9xico es espantoso. Supongo que en otras ciudades tambi\u00e9n lo es, pero creo que esta se gana el premio. Por eso\",\"breadcrumb\":{\"@id\":\"https:\/\/www.pressenza.com\/es\/2024\/11\/el-transporte-en-la-ciudad-de-mexico\/#breadcrumb\"},\"inLanguage\":\"es\",\"potentialAction\":[{\"@type\":\"ReadAction\",\"target\":[\"https:\/\/www.pressenza.com\/es\/2024\/11\/el-transporte-en-la-ciudad-de-mexico\/\"]}]},{\"@type\":\"ImageObject\",\"inLanguage\":\"es\",\"@id\":\"https:\/\/www.pressenza.com\/es\/2024\/11\/el-transporte-en-la-ciudad-de-mexico\/#primaryimage\",\"url\":\"https:\/\/www.pressenza.com\/wp-content\/uploads\/2024\/11\/CDM.jpeg\",\"contentUrl\":\"https:\/\/www.pressenza.com\/wp-content\/uploads\/2024\/11\/CDM.jpeg\",\"width\":275,\"height\":183},{\"@type\":\"BreadcrumbList\",\"@id\":\"https:\/\/www.pressenza.com\/es\/2024\/11\/el-transporte-en-la-ciudad-de-mexico\/#breadcrumb\",\"itemListElement\":[{\"@type\":\"ListItem\",\"position\":1,\"name\":\"Accueil\",\"item\":\"https:\/\/www.pressenza.com\/es\/\"},{\"@type\":\"ListItem\",\"position\":2,\"name\":\"El transporte en la Ciudad de M\u00e9xico\"}]},{\"@type\":\"WebSite\",\"@id\":\"https:\/\/www.pressenza.com\/es\/#website\",\"url\":\"https:\/\/www.pressenza.com\/es\/\",\"name\":\"Pressenza\",\"description\":\"International Press Agency\",\"publisher\":{\"@id\":\"https:\/\/www.pressenza.com\/es\/#organization\"},\"potentialAction\":[{\"@type\":\"SearchAction\",\"target\":{\"@type\":\"EntryPoint\",\"urlTemplate\":\"https:\/\/www.pressenza.com\/es\/?s={search_term_string}\"},\"query-input\":{\"@type\":\"PropertyValueSpecification\",\"valueRequired\":true,\"valueName\":\"search_term_string\"}}],\"inLanguage\":\"es\"},{\"@type\":\"Organization\",\"@id\":\"https:\/\/www.pressenza.com\/es\/#organization\",\"name\":\"Pressenza\",\"url\":\"https:\/\/www.pressenza.com\/es\/\",\"logo\":{\"@type\":\"ImageObject\",\"inLanguage\":\"es\",\"@id\":\"https:\/\/www.pressenza.com\/es\/#\/schema\/logo\/image\/\",\"url\":\"https:\/\/www.pressenza.com\/wp-content\/uploads\/2022\/10\/pressenza_logo_200x200.jpg\",\"contentUrl\":\"https:\/\/www.pressenza.com\/wp-content\/uploads\/2022\/10\/pressenza_logo_200x200.jpg\",\"width\":200,\"height\":200,\"caption\":\"Pressenza\"},\"image\":{\"@id\":\"https:\/\/www.pressenza.com\/es\/#\/schema\/logo\/image\/\"},\"sameAs\":[\"https:\/\/www.facebook.com\/PressenzaItalia\",\"https:\/\/x.com\/PressenzaIPA\"]},{\"@type\":\"Person\",\"@id\":\"https:\/\/www.pressenza.com\/es\/#\/schema\/person\/671f453ff8d847cc1742639e75e22e13\",\"name\":\"Margarita Labarca Goddard\",\"description\":\"A graduate of the University of Chile\u2019s Law School (1960), she held a prominent role in public administration during Salvador Allende\u2019s government. Her life has been shaped by a deep international perspective, from an upbringing in Argentina and post-war Paris to political exile in Cuba and Mexico following the 1973 coup. A resident of Mexico since 1979 due to judicial persecution by the Chilean dictatorship, she brings to her writing extensive expertise in the legal, political, and social issues of Latin America.\",\"url\":\"https:\/\/www.pressenza.com\/es\/author\/margarita-labarca-goddard\/\"}]}<\/script>\n<!-- \/ Yoast SEO plugin. -->","yoast_head_json":{"title":"El transporte en la Ciudad de M\u00e9xico","description":"El problema del transporte en la Ciudad de M\u00e9xico es espantoso. Supongo que en otras ciudades tambi\u00e9n lo es, pero creo que esta se gana el premio. Por eso","robots":{"index":"index","follow":"follow","max-snippet":"max-snippet:-1","max-image-preview":"max-image-preview:large","max-video-preview":"max-video-preview:-1"},"canonical":"https:\/\/www.pressenza.com\/es\/2024\/11\/el-transporte-en-la-ciudad-de-mexico\/","og_locale":"es_ES","og_type":"article","og_title":"El transporte en la Ciudad de M\u00e9xico","og_description":"El problema del transporte en la Ciudad de M\u00e9xico es espantoso. Supongo que en otras ciudades tambi\u00e9n lo es, pero creo que esta se gana el premio. Por eso","og_url":"https:\/\/www.pressenza.com\/es\/2024\/11\/el-transporte-en-la-ciudad-de-mexico\/","og_site_name":"Pressenza","article_publisher":"https:\/\/www.facebook.com\/PressenzaItalia","article_published_time":"2024-11-28T21:11:33+00:00","og_image":[{"width":275,"height":183,"url":"https:\/\/www.pressenza.com\/wp-content\/uploads\/2024\/11\/CDM.jpeg","type":"image\/jpeg"}],"author":"Margarita Labarca Goddard","twitter_card":"summary_large_image","twitter_creator":"@PressenzaIPA","twitter_site":"@PressenzaIPA","twitter_misc":{"Escrito por":"Margarita Labarca Goddard","Tiempo de lectura":"5 minutos"},"schema":{"@context":"https:\/\/schema.org","@graph":[{"@type":"Article","@id":"https:\/\/www.pressenza.com\/es\/2024\/11\/el-transporte-en-la-ciudad-de-mexico\/#article","isPartOf":{"@id":"https:\/\/www.pressenza.com\/es\/2024\/11\/el-transporte-en-la-ciudad-de-mexico\/"},"author":{"name":"Margarita Labarca Goddard","@id":"https:\/\/www.pressenza.com\/es\/#\/schema\/person\/671f453ff8d847cc1742639e75e22e13"},"headline":"El transporte en la Ciudad de M\u00e9xico","datePublished":"2024-11-28T21:11:33+00:00","mainEntityOfPage":{"@id":"https:\/\/www.pressenza.com\/es\/2024\/11\/el-transporte-en-la-ciudad-de-mexico\/"},"wordCount":1139,"publisher":{"@id":"https:\/\/www.pressenza.com\/es\/#organization"},"image":{"@id":"https:\/\/www.pressenza.com\/es\/2024\/11\/el-transporte-en-la-ciudad-de-mexico\/#primaryimage"},"thumbnailUrl":"https:\/\/www.pressenza.com\/wp-content\/uploads\/2024\/11\/CDM.jpeg","keywords":["Ciudad de M\u00e9xico","congesti\u00f3n vehicular","virtualidad"],"articleSection":["Econom\u00eda","Norteam\u00e9rica","Opiniones"],"inLanguage":"es"},{"@type":"WebPage","@id":"https:\/\/www.pressenza.com\/es\/2024\/11\/el-transporte-en-la-ciudad-de-mexico\/","url":"https:\/\/www.pressenza.com\/es\/2024\/11\/el-transporte-en-la-ciudad-de-mexico\/","name":"El transporte en la Ciudad de M\u00e9xico","isPartOf":{"@id":"https:\/\/www.pressenza.com\/es\/#website"},"primaryImageOfPage":{"@id":"https:\/\/www.pressenza.com\/es\/2024\/11\/el-transporte-en-la-ciudad-de-mexico\/#primaryimage"},"image":{"@id":"https:\/\/www.pressenza.com\/es\/2024\/11\/el-transporte-en-la-ciudad-de-mexico\/#primaryimage"},"thumbnailUrl":"https:\/\/www.pressenza.com\/wp-content\/uploads\/2024\/11\/CDM.jpeg","datePublished":"2024-11-28T21:11:33+00:00","description":"El problema del transporte en la Ciudad de M\u00e9xico es espantoso. Supongo que en otras ciudades tambi\u00e9n lo es, pero creo que esta se gana el premio. Por eso","breadcrumb":{"@id":"https:\/\/www.pressenza.com\/es\/2024\/11\/el-transporte-en-la-ciudad-de-mexico\/#breadcrumb"},"inLanguage":"es","potentialAction":[{"@type":"ReadAction","target":["https:\/\/www.pressenza.com\/es\/2024\/11\/el-transporte-en-la-ciudad-de-mexico\/"]}]},{"@type":"ImageObject","inLanguage":"es","@id":"https:\/\/www.pressenza.com\/es\/2024\/11\/el-transporte-en-la-ciudad-de-mexico\/#primaryimage","url":"https:\/\/www.pressenza.com\/wp-content\/uploads\/2024\/11\/CDM.jpeg","contentUrl":"https:\/\/www.pressenza.com\/wp-content\/uploads\/2024\/11\/CDM.jpeg","width":275,"height":183},{"@type":"BreadcrumbList","@id":"https:\/\/www.pressenza.com\/es\/2024\/11\/el-transporte-en-la-ciudad-de-mexico\/#breadcrumb","itemListElement":[{"@type":"ListItem","position":1,"name":"Accueil","item":"https:\/\/www.pressenza.com\/es\/"},{"@type":"ListItem","position":2,"name":"El transporte en la Ciudad de M\u00e9xico"}]},{"@type":"WebSite","@id":"https:\/\/www.pressenza.com\/es\/#website","url":"https:\/\/www.pressenza.com\/es\/","name":"Pressenza","description":"International Press Agency","publisher":{"@id":"https:\/\/www.pressenza.com\/es\/#organization"},"potentialAction":[{"@type":"SearchAction","target":{"@type":"EntryPoint","urlTemplate":"https:\/\/www.pressenza.com\/es\/?s={search_term_string}"},"query-input":{"@type":"PropertyValueSpecification","valueRequired":true,"valueName":"search_term_string"}}],"inLanguage":"es"},{"@type":"Organization","@id":"https:\/\/www.pressenza.com\/es\/#organization","name":"Pressenza","url":"https:\/\/www.pressenza.com\/es\/","logo":{"@type":"ImageObject","inLanguage":"es","@id":"https:\/\/www.pressenza.com\/es\/#\/schema\/logo\/image\/","url":"https:\/\/www.pressenza.com\/wp-content\/uploads\/2022\/10\/pressenza_logo_200x200.jpg","contentUrl":"https:\/\/www.pressenza.com\/wp-content\/uploads\/2022\/10\/pressenza_logo_200x200.jpg","width":200,"height":200,"caption":"Pressenza"},"image":{"@id":"https:\/\/www.pressenza.com\/es\/#\/schema\/logo\/image\/"},"sameAs":["https:\/\/www.facebook.com\/PressenzaItalia","https:\/\/x.com\/PressenzaIPA"]},{"@type":"Person","@id":"https:\/\/www.pressenza.com\/es\/#\/schema\/person\/671f453ff8d847cc1742639e75e22e13","name":"Margarita Labarca Goddard","description":"A graduate of the University of Chile\u2019s Law School (1960), she held a prominent role in public administration during Salvador Allende\u2019s government. Her life has been shaped by a deep international perspective, from an upbringing in Argentina and post-war Paris to political exile in Cuba and Mexico following the 1973 coup. A resident of Mexico since 1979 due to judicial persecution by the Chilean dictatorship, she brings to her writing extensive expertise in the legal, political, and social issues of Latin America.","url":"https:\/\/www.pressenza.com\/es\/author\/margarita-labarca-goddard\/"}]}},"place":"Ciudad de M\u00e9xico, M\u00e9xico","original_article_url":"","_links":{"self":[{"href":"https:\/\/www.pressenza.com\/es\/wp-json\/wp\/v2\/posts\/2566404","targetHints":{"allow":["GET"]}}],"collection":[{"href":"https:\/\/www.pressenza.com\/es\/wp-json\/wp\/v2\/posts"}],"about":[{"href":"https:\/\/www.pressenza.com\/es\/wp-json\/wp\/v2\/types\/post"}],"author":[{"embeddable":true,"href":"https:\/\/www.pressenza.com\/es\/wp-json\/wp\/v2\/users\/2124"}],"replies":[{"embeddable":true,"href":"https:\/\/www.pressenza.com\/es\/wp-json\/wp\/v2\/comments?post=2566404"}],"version-history":[{"count":0,"href":"https:\/\/www.pressenza.com\/es\/wp-json\/wp\/v2\/posts\/2566404\/revisions"}],"wp:featuredmedia":[{"embeddable":true,"href":"https:\/\/www.pressenza.com\/es\/wp-json\/wp\/v2\/media\/2566405"}],"wp:attachment":[{"href":"https:\/\/www.pressenza.com\/es\/wp-json\/wp\/v2\/media?parent=2566404"}],"wp:term":[{"taxonomy":"category","embeddable":true,"href":"https:\/\/www.pressenza.com\/es\/wp-json\/wp\/v2\/categories?post=2566404"},{"taxonomy":"post_tag","embeddable":true,"href":"https:\/\/www.pressenza.com\/es\/wp-json\/wp\/v2\/tags?post=2566404"}],"curies":[{"name":"wp","href":"https:\/\/api.w.org\/{rel}","templated":true}]}}