{"id":2565741,"date":"2024-11-26T17:33:37","date_gmt":"2024-11-26T17:33:37","guid":{"rendered":"https:\/\/www.pressenza.com\/?p=2565741"},"modified":"2024-11-26T17:34:51","modified_gmt":"2024-11-26T17:34:51","slug":"europa-en-la-encrucijada-del-sueno-de-la-paz-al-callejon-del-militarismo","status":"publish","type":"post","link":"https:\/\/www.pressenza.com\/es\/2024\/11\/europa-en-la-encrucijada-del-sueno-de-la-paz-al-callejon-del-militarismo\/","title":{"rendered":"Europa en la encrucijada: del sue\u00f1o de la paz al callej\u00f3n del militarismo"},"content":{"rendered":"<p><strong>PIA Global.<\/strong><\/p>\n<p>Por Eduardo Luque* \u2013<br \/>\nEuropa, tras siglos de guerras devastadoras, parece haber olvidado las lecciones de su historia.<\/p>\n<p>Desde la Segunda Guerra Mundial, el continente hab\u00eda logrado evitar conflictos internos a gran escala. Ese sue\u00f1o de paz del que tanto presum\u00edan las \u00e9lites europeas result\u00f3 ser una ilusi\u00f3n. El miedo al poder\u00edo de la extinta URSS fue lo que impuso la estabilidad continental. La ca\u00edda del gobierno sovi\u00e9tico en la d\u00e9cada de los 90 hizo que el militarismo Occidental volviera sobre sus fueros. La disgregaci\u00f3n de Yugoslavia fue el preludio de las tensiones actuales. Ahora, la guerra en Ucrania, la m\u00e1s grave desde 1945, ha sumido a Europa en un ciclo de decisiones err\u00e1ticas y una militarizaci\u00f3n creciente que amenaza con redefinir su futuro.<\/p>\n<p>La narrativa de la Uni\u00f3n Europea como basti\u00f3n de paz y cooperaci\u00f3n ha sido reemplazada por un modelo que prioriza la confrontaci\u00f3n. Mientras la presidenta de la Comisi\u00f3n Europea, Ursula von der Leyen, fantasea con ser la l\u00edder de una gran potencia, la realidad es otra: Europa hace tiempo que dej\u00f3 de ser el centro del mundo. Lejos de liderar el orden global, el continente parece atrapado en un laberinto de decisiones pol\u00edticas que lo alejan de su supuesto prop\u00f3sito fundacional. Hoy la clase pol\u00edtica europea vive en una realidad paralela, esperando \u00f3rdenes y directrices de Washington.<\/p>\n<h2><strong>La guerra en Ucrania: el espejo de la desconexi\u00f3n europea<\/strong><\/h2>\n<p>La guerra en Ucrania ha revelado el desajuste entre la ret\u00f3rica y la realidad pol\u00edtica. El conflicto, que en Occidente se vendi\u00f3 como una respuesta a la invasi\u00f3n rusa, se ha transformado en una prueba de fuego para la Uni\u00f3n Europea. En julio de 2024, el Parlamento Europeo aprob\u00f3 una resoluci\u00f3n que exige una \u00abguerra total\u00bb contra Rusia. Esta postura, vista en perspectiva, refleja m\u00e1s una obsesi\u00f3n por demostrar fuerza que una estrategia basada en resultados tangibles. Son los ladridos de un perrich\u00f3n que se cree mast\u00edn alsaciano. Desgraciadamente la resoluci\u00f3n no es una broma sino que tiene contenido. No solo plantea un apoyo militar incondicional a Ucrania, sino que exige que los Estados miembros de la UE y la OTAN destinen, como m\u00ednimo, el 0,25% de su PIB a fines militares europeos. Esta cifra equivale a 127.000 millones de euros anuales, el doble del presupuesto oficial del ej\u00e9rcito alem\u00e1n y que supera con creces el apoyo brindado hasta ahora a Ucrania. A pesar de estos compromisos financieros, la situaci\u00f3n en el terreno muestra que Ucrania, a\u00fan con el apoyo de fuerzas terrestres de la OTAN, no est\u00e1 en condiciones de ganar esta guerra. En su obcecaci\u00f3n la resoluci\u00f3n declara la adhesi\u00f3n de Ucrania a la OTAN como \u00abirreversible\u00bb, una postura que incrementa las tensiones con Rusia y dificulta cualquier intento de negociaci\u00f3n que permitiera a la UE salvar la cara en un futuro inmediato. Tambi\u00e9n incluye medidas como la creaci\u00f3n de un tribunal especial para cr\u00edmenes de guerra rusos y la confiscaci\u00f3n de los activos financieros congelados, propuestas que parecen m\u00e1s simb\u00f3licas que pr\u00e1cticas dada la falta de influencia real de la UE en el conflicto.<\/p>\n<h2><strong>El r\u00e9gimen de Zelensky y la crisis ucraniana<\/strong><\/h2>\n<p>La resoluci\u00f3n del Parlamento Europeo tambi\u00e9n refleja el temor de la UE a una derrota del r\u00e9gimen de Zelensky, lo que implicar\u00eda una p\u00e9rdida estrat\u00e9gica para Europa y un debilitamiento significativo de su posici\u00f3n internacional. Sin embargo, el ej\u00e9rcito ucraniano se desintegra, la despoblaci\u00f3n, el aumento de desertores y la falta de tropas entrenadas han reducido significativamente su capacidad operativa, dejando al pa\u00eds en una situaci\u00f3n de agotamiento total. La nueva normativa de reclutamiento que obliga a la incorporaci\u00f3n de enfermos con SIDA, tuberculosis, enfermedades mentales graves e incluso con amputaciones revela la postraci\u00f3n de las fuerzas armadas ucranianas cuya edad media supera los 43 a\u00f1os.<\/p>\n<p>A pesar de la movilizaci\u00f3n de recursos financieros y humanos por parte de Europa, Ucrania sigue sin el elemento esencial en cualquier guerra: soldados. Ni los miles de millones de euros destinados a apoyo militar ni las armas sofisticadas proporcionadas por la OTAN pueden suplir esta carencia. Mientras tanto, la fatiga y el hast\u00edo por la guerra se extienden tanto en Ucrania, han tenido que minar las fronteras para evitar la huida de los hombres en edad militar, como en Europa, donde la opini\u00f3n p\u00fablica comienza a inclinarse hacia soluciones negociadas.<\/p>\n<h2><strong>El desv\u00edo de recursos y la crisis econ\u00f3mica en Europa<\/strong><\/h2>\n<p>El impacto de la guerra no se limita al frente militar. En Europa, el desv\u00edo masivo de recursos econ\u00f3micos hacia el conflicto en Ucrania ha exacerbado una crisis econ\u00f3mica que ya golpeaba a las principales econom\u00edas del continente. La inflaci\u00f3n, el encarecimiento de la energ\u00eda y la reducci\u00f3n de presupuestos destinados a servicios p\u00fablicos esenciales est\u00e1 aumentando, y lo har\u00e1n m\u00e1s a corto plazo las tensiones sociales.<\/p>\n<p>Este sacrificio econ\u00f3mico, destinado a sostener una guerra cada vez m\u00e1s impopular, est\u00e1 alienando a amplios sectores de la poblaci\u00f3n. Mientras tanto, la percepci\u00f3n de que la UE prioriza los intereses de los grandes oligopolios, con el respaldo de una clase pol\u00edtica desconectada de las necesidades reales de sus ciudadanos, est\u00e1 alimentando un profundo descontento. Es inevitable que este escenario d\u00e9 lugar a movimientos sociales masivos en toda Europa, con protestas que cuestionen abiertamente la legitimidad de una Uni\u00f3n que parece haberse olvidado de su propia gente. Son las fuerzas de extrema derecha las que parecen capitalizar la situaci\u00f3n dada la inexistencia de una alternativa progresista. Deber\u00eda haber sido la izquierda la que ocupara ese espacio pol\u00edtico. La deriva de la izquierda hacia el populismo de una \u201cizquierda Woke\u201d ha acabado por desmantelar y desorientar a las fuerzas alternativas, aunque parad\u00f3jicamente est\u00e1 capitalizando, a falta de una izquierda coherente y alternativa, por los populismos de extrema derecha.<\/p>\n<h2><strong>La UE y su dependencia de Washington<\/strong><\/h2>\n<p>En este contexto, la dependencia de Europa respecto a Estados Unidos es un factor crucial. La UE carece de los recursos financieros, militares y pol\u00edticos para sostener una guerra prolongada contra Rusia sin el respaldo de Washington. Sin embargo, la situaci\u00f3n en Estados Unidos tambi\u00e9n est\u00e1 cambiando. Con Donald Trump en el poder, la estrategia estadounidense podr\u00eda dar un giro radical. Trump es perfectamente capaz, conocido como est\u00e1 por su enfoque pragm\u00e1tico y su desd\u00e9n por compromisos prolongados, de negociar directamente con Putin, dejando a Europa al margen y oblig\u00e1ndola a asumir los costos del conflicto.<\/p>\n<p>Incluso en la situaci\u00f3n actual, el apoyo de Washington no es ilimitado. Las prioridades estrat\u00e9gicas de Estados Unidos, incluidas sus tensiones con China, llevaron, incluso en la administraci\u00f3n saliente, a una reducci\u00f3n del respaldo a Ucrania. Esto dejar\u00eda a Europa en una posici\u00f3n vulnerable, atrapada entre su ret\u00f3rica belicista y su incapacidad para sostener el conflicto por s\u00ed sola.<\/p>\n<h2><strong>El papel de Kaja Kallas: un liderazgo polarizante<\/strong><\/h2>\n<p>En junio de 2024, el Consejo Europeo nombr\u00f3 a Kaja Kallas como Alta Representante para Asuntos Exteriores y Pol\u00edtica de Seguridad. Este nombramiento refuerza la l\u00ednea militarista de la UE, dado el historial de Kallas como una l\u00edder abiertamente antirrusa. Sus declaraciones, incluyendo la idea de dividir Rusia en peque\u00f1os estados, reflejan una postura extrema que dificulta cualquier intento de di\u00e1logo o desescalada. Kallas, hija del antiguo Secretario general del Partido Comunista Estonio, ahora ser\u00e1 la encargada de promover los objetivos delineados en la resoluci\u00f3n del Parlamento Europeo, Las posturas de la encargada de la pol\u00edtica exterior de la UE priorizan la confrontaci\u00f3n sobre la diplomacia. Su liderazgo intensificar\u00e1 las tensiones internas y externas de la propia UE, alejando y arrinconando a Europa en la soluci\u00f3n de los conflictos que se libran en suelo europeo. Pero no es s\u00f3lo este personaje el que habla, el que pretende ser nuevo canciller alem\u00e1n, Friederich Merz y l\u00edder de la CDU (conservadores alemanes), amenaz\u00f3 a Putin con un ultim\u00e1tum.<\/p>\n<h2><strong>El desgaste interno de la UE<\/strong><\/h2>\n<p>Internamente, la UE enfrenta una serie de desaf\u00edos que complican su respuesta al conflicto. L\u00edderes clave como Emmanuel Macron y Olaf Scholz afrontan crisis de popularidad que limitan su capacidad de liderazgo. Macron, con niveles de aceptaci\u00f3n por debajo del 25%, y Scholz, enfrentando elecciones cruciales que muy posiblemente pierda, carecen de la legitimidad necesaria para liderar un frente com\u00fan.<\/p>\n<p>Adem\u00e1s, la opini\u00f3n p\u00fablica europea comienza a mostrar signos de cansancio. En varios pa\u00edses, la ciudadan\u00eda se opone a m\u00e1s entregas de armas y exige soluciones diplom\u00e1ticas. El auge de partidos anti guerra refleja un cambio en la percepci\u00f3n de los europeos, quienes cuestionan cada vez m\u00e1s la eficacia y los costos de la pol\u00edtica belicista de la UE.<\/p>\n<h2><strong>El aislamiento internacional de Europa<\/strong><\/h2>\n<p>En el escenario global, la posici\u00f3n de Europa es cada vez m\u00e1s precaria. Los pa\u00edses BRICS+, que representan una parte significativa de la econom\u00eda y la poblaci\u00f3n mundial, critican la expansi\u00f3n de la OTAN y promueven soluciones negociadas al conflicto. La reciente cumbre en Kaz\u00e1n destac\u00f3 la desconexi\u00f3n entre la visi\u00f3n occidental y la realidad global: mientras Occidente intenta aislar a Rusia, el resto del mundo busca alternativas que incluyan a todas las partes. Nuevamente la reuni\u00f3n del G- 20 en Brasil ha reforzado esa idea.<\/p>\n<p>Esta din\u00e1mica deja a Europa en una posici\u00f3n de aislamiento creciente. Su pol\u00edtica exterior, dominada por la militarizaci\u00f3n y la dependencia de Estados Unidos, ha reducido su capacidad de influencia en un mundo que avanza hacia un orden multipolar.<\/p>\n<h2><strong>La paradoja europea: militarizaci\u00f3n y declive<\/strong><\/h2>\n<p>La militarizaci\u00f3n de la UE, lejos de fortalecerla, ha exacerbado sus problemas internos y externos. En lugar de liderar un esfuerzo diplom\u00e1tico, Europa ha optado por una estrategia de confrontaci\u00f3n que pone en riesgo no solo su estabilidad, sino tambi\u00e9n su existencia como proyecto pol\u00edtico. Las tensiones econ\u00f3micas derivadas del desv\u00edo de recursos hacia la guerra, sumadas al descontento social, amenazan con desencadenar una crisis pol\u00edtica sin precedentes en el continente. Se plantea otra paradoja que deja al descubierto las nuevas realidades econ\u00f3micas, mientras las guerras mundiales (especialmente la primera) fueron causadas por el choque entre las burgues\u00edas nacionales, hoy ha desaparecido esa realidad o al menos ha perdido impulso. Quien decide hoy en d\u00eda la geopol\u00edtica es una nueva clase burguesa transnacional (BlackRock, Vanguard, Soros\u2026.) que influye de forma poderosa en las decisiones que adoptan los ejecutivos. S\u00f3lo as\u00ed se explica la inacci\u00f3n de los pol\u00edticos europeos frente a las imposiciones econ\u00f3micas, incluida la voladura del Gulf Stream, que ha impuesto Washington; los pol\u00edticos europeos son vasallos de esta burgues\u00eda transcontinental y\u00a0por tanto incapaces de defender los intereses de sus propios pa\u00edses.<\/p>\n<h2><strong>Conclusi\u00f3n: el riesgo de desintegraci\u00f3n<\/strong><\/h2>\n<p>Si Europa no cambia de rumbo, el costo ser\u00e1 enorme. El proyecto europeo, alguna vez una esperanza para la estabilidad global, corre el riesgo de desintegrarse bajo el peso de sus propias contradicciones. Su insistencia en una pol\u00edtica militarista, combinada con su dependencia de Estados Unidos y la falta de liderazgo interno, pone en peligro no solo su relevancia internacional, sino tambi\u00e9n la cohesi\u00f3n de sus Estados miembros. En un mundo que demanda soluciones innovadoras y pac\u00edficas, la UE parece incapaz de responder. Su enfoque actual no solo es insostenible, sino que podr\u00eda marcar el final del proyecto. Las crecientes protestas sociales, alimentadas por la desconexi\u00f3n entre las \u00e9lites y los ciudadanos, podr\u00edan ser el catalizador de un cambio radical, aunque para entonces, quiz\u00e1s sea demasiado tarde para salvar lo que se dijo que era el sue\u00f1o europeo y que cada d\u00eda m\u00e1s se asemeja a una pesadilla.<\/p>\n<p>*<strong>Eduardo Luque, \u00a0<\/strong>Licenciado en Pedagog\u00eda y Psicopedagog\u00eda.<\/p>\n<p><em>Art\u00edculo publicado originalmente en El viejto topo.<\/em><\/p>\n","protected":false},"excerpt":{"rendered":"<p>PIA Global. Por Eduardo Luque* \u2013 Europa, tras siglos de guerras devastadoras, parece haber olvidado las lecciones de su historia. Desde la Segunda Guerra Mundial, el continente hab\u00eda logrado evitar conflictos internos a gran escala. Ese sue\u00f1o de paz del&hellip;<\/p>\n","protected":false},"author":2099,"featured_media":2565744,"comment_status":"closed","ping_status":"closed","sticky":false,"template":"","format":"standard","meta":{"footnotes":""},"categories":[76,66,161,1243,74],"tags":[3984,924,54423,9533,62154,99918],"class_list":["post-2565741","post","type-post","status-publish","format-standard","has-post-thumbnail","hentry","category-relaciones-exteriores","category-europa-es","category-opiniones","category-paz-desarme","category-politica-es","tag-brics-es","tag-otan","tag-putin-es","tag-ue-es","tag-washington-es","tag-zelensky"],"yoast_head":"<!-- This site is optimized with the Yoast SEO plugin v27.1.1 - https:\/\/yoast.com\/product\/yoast-seo-wordpress\/ -->\n<title>Europa en la encrucijada: del sue\u00f1o de la paz al callej\u00f3n del militarismo<\/title>\n<meta name=\"description\" content=\"PIA Global. Por Eduardo Luque* \u2013 Europa, tras siglos de guerras devastadoras, parece haber olvidado las lecciones de su historia. Desde la Segunda Guerra\" \/>\n<meta name=\"robots\" content=\"index, follow, max-snippet:-1, max-image-preview:large, max-video-preview:-1\" \/>\n<link rel=\"canonical\" href=\"https:\/\/www.pressenza.com\/es\/2024\/11\/europa-en-la-encrucijada-del-sueno-de-la-paz-al-callejon-del-militarismo\/\" \/>\n<meta property=\"og:locale\" content=\"es_ES\" \/>\n<meta property=\"og:type\" content=\"article\" \/>\n<meta property=\"og:title\" content=\"Europa en la encrucijada: del sue\u00f1o de la paz al callej\u00f3n del militarismo\" \/>\n<meta property=\"og:description\" content=\"PIA Global. Por Eduardo Luque* \u2013 Europa, tras siglos de guerras devastadoras, parece haber olvidado las lecciones de su historia. Desde la Segunda Guerra\" \/>\n<meta property=\"og:url\" content=\"https:\/\/www.pressenza.com\/es\/2024\/11\/europa-en-la-encrucijada-del-sueno-de-la-paz-al-callejon-del-militarismo\/\" \/>\n<meta property=\"og:site_name\" content=\"Pressenza\" \/>\n<meta property=\"article:publisher\" content=\"https:\/\/www.facebook.com\/PressenzaItalia\" \/>\n<meta property=\"article:published_time\" content=\"2024-11-26T17:33:37+00:00\" \/>\n<meta property=\"article:modified_time\" content=\"2024-11-26T17:34:51+00:00\" \/>\n<meta property=\"og:image\" content=\"https:\/\/www.pressenza.com\/wp-content\/uploads\/2024\/11\/2730dbd5-3b77-4467-ba3a-81fd77c163a1-nato6-1.webp\" \/>\n\t<meta property=\"og:image:width\" content=\"800\" \/>\n\t<meta property=\"og:image:height\" content=\"455\" \/>\n\t<meta property=\"og:image:type\" content=\"image\/webp\" \/>\n<meta name=\"author\" content=\"IHPS\" \/>\n<meta name=\"twitter:card\" content=\"summary_large_image\" \/>\n<meta name=\"twitter:creator\" content=\"@PressenzaIPA\" \/>\n<meta name=\"twitter:site\" content=\"@PressenzaIPA\" \/>\n<meta name=\"twitter:label1\" content=\"Escrito por\" \/>\n\t<meta name=\"twitter:data1\" content=\"IHPS\" \/>\n\t<meta name=\"twitter:label2\" content=\"Tiempo de lectura\" \/>\n\t<meta name=\"twitter:data2\" content=\"9 minutos\" \/>\n<script type=\"application\/ld+json\" class=\"yoast-schema-graph\">{\"@context\":\"https:\/\/schema.org\",\"@graph\":[{\"@type\":\"Article\",\"@id\":\"https:\/\/www.pressenza.com\/es\/2024\/11\/europa-en-la-encrucijada-del-sueno-de-la-paz-al-callejon-del-militarismo\/#article\",\"isPartOf\":{\"@id\":\"https:\/\/www.pressenza.com\/es\/2024\/11\/europa-en-la-encrucijada-del-sueno-de-la-paz-al-callejon-del-militarismo\/\"},\"author\":{\"name\":\"IHPS\",\"@id\":\"https:\/\/www.pressenza.com\/es\/#\/schema\/person\/d5ec6967bd81144e354045096ec84b6b\"},\"headline\":\"Europa en la encrucijada: del sue\u00f1o de la paz al callej\u00f3n del militarismo\",\"datePublished\":\"2024-11-26T17:33:37+00:00\",\"dateModified\":\"2024-11-26T17:34:51+00:00\",\"mainEntityOfPage\":{\"@id\":\"https:\/\/www.pressenza.com\/es\/2024\/11\/europa-en-la-encrucijada-del-sueno-de-la-paz-al-callejon-del-militarismo\/\"},\"wordCount\":2082,\"publisher\":{\"@id\":\"https:\/\/www.pressenza.com\/es\/#organization\"},\"image\":{\"@id\":\"https:\/\/www.pressenza.com\/es\/2024\/11\/europa-en-la-encrucijada-del-sueno-de-la-paz-al-callejon-del-militarismo\/#primaryimage\"},\"thumbnailUrl\":\"https:\/\/www.pressenza.com\/wp-content\/uploads\/2024\/11\/2730dbd5-3b77-4467-ba3a-81fd77c163a1-nato6-1.webp\",\"keywords\":[\"BRICS\",\"OTAN\",\"Putin\",\"UE\",\"Washington\",\"Zelensky\"],\"articleSection\":[\"Asuntos internacionales\",\"Europa\",\"Opiniones\",\"Paz y Desarme\",\"Pol\u00edtica\"],\"inLanguage\":\"es\"},{\"@type\":\"WebPage\",\"@id\":\"https:\/\/www.pressenza.com\/es\/2024\/11\/europa-en-la-encrucijada-del-sueno-de-la-paz-al-callejon-del-militarismo\/\",\"url\":\"https:\/\/www.pressenza.com\/es\/2024\/11\/europa-en-la-encrucijada-del-sueno-de-la-paz-al-callejon-del-militarismo\/\",\"name\":\"Europa en la encrucijada: del sue\u00f1o de la paz al callej\u00f3n del militarismo\",\"isPartOf\":{\"@id\":\"https:\/\/www.pressenza.com\/es\/#website\"},\"primaryImageOfPage\":{\"@id\":\"https:\/\/www.pressenza.com\/es\/2024\/11\/europa-en-la-encrucijada-del-sueno-de-la-paz-al-callejon-del-militarismo\/#primaryimage\"},\"image\":{\"@id\":\"https:\/\/www.pressenza.com\/es\/2024\/11\/europa-en-la-encrucijada-del-sueno-de-la-paz-al-callejon-del-militarismo\/#primaryimage\"},\"thumbnailUrl\":\"https:\/\/www.pressenza.com\/wp-content\/uploads\/2024\/11\/2730dbd5-3b77-4467-ba3a-81fd77c163a1-nato6-1.webp\",\"datePublished\":\"2024-11-26T17:33:37+00:00\",\"dateModified\":\"2024-11-26T17:34:51+00:00\",\"description\":\"PIA Global. Por Eduardo Luque* \u2013 Europa, tras siglos de guerras devastadoras, parece haber olvidado las lecciones de su historia. Desde la Segunda Guerra\",\"breadcrumb\":{\"@id\":\"https:\/\/www.pressenza.com\/es\/2024\/11\/europa-en-la-encrucijada-del-sueno-de-la-paz-al-callejon-del-militarismo\/#breadcrumb\"},\"inLanguage\":\"es\",\"potentialAction\":[{\"@type\":\"ReadAction\",\"target\":[\"https:\/\/www.pressenza.com\/es\/2024\/11\/europa-en-la-encrucijada-del-sueno-de-la-paz-al-callejon-del-militarismo\/\"]}]},{\"@type\":\"ImageObject\",\"inLanguage\":\"es\",\"@id\":\"https:\/\/www.pressenza.com\/es\/2024\/11\/europa-en-la-encrucijada-del-sueno-de-la-paz-al-callejon-del-militarismo\/#primaryimage\",\"url\":\"https:\/\/www.pressenza.com\/wp-content\/uploads\/2024\/11\/2730dbd5-3b77-4467-ba3a-81fd77c163a1-nato6-1.webp\",\"contentUrl\":\"https:\/\/www.pressenza.com\/wp-content\/uploads\/2024\/11\/2730dbd5-3b77-4467-ba3a-81fd77c163a1-nato6-1.webp\",\"width\":800,\"height\":455},{\"@type\":\"BreadcrumbList\",\"@id\":\"https:\/\/www.pressenza.com\/es\/2024\/11\/europa-en-la-encrucijada-del-sueno-de-la-paz-al-callejon-del-militarismo\/#breadcrumb\",\"itemListElement\":[{\"@type\":\"ListItem\",\"position\":1,\"name\":\"Accueil\",\"item\":\"https:\/\/www.pressenza.com\/es\/\"},{\"@type\":\"ListItem\",\"position\":2,\"name\":\"Europa en la encrucijada: del sue\u00f1o de la paz al callej\u00f3n del militarismo\"}]},{\"@type\":\"WebSite\",\"@id\":\"https:\/\/www.pressenza.com\/es\/#website\",\"url\":\"https:\/\/www.pressenza.com\/es\/\",\"name\":\"Pressenza\",\"description\":\"International Press Agency\",\"publisher\":{\"@id\":\"https:\/\/www.pressenza.com\/es\/#organization\"},\"potentialAction\":[{\"@type\":\"SearchAction\",\"target\":{\"@type\":\"EntryPoint\",\"urlTemplate\":\"https:\/\/www.pressenza.com\/es\/?s={search_term_string}\"},\"query-input\":{\"@type\":\"PropertyValueSpecification\",\"valueRequired\":true,\"valueName\":\"search_term_string\"}}],\"inLanguage\":\"es\"},{\"@type\":\"Organization\",\"@id\":\"https:\/\/www.pressenza.com\/es\/#organization\",\"name\":\"Pressenza\",\"url\":\"https:\/\/www.pressenza.com\/es\/\",\"logo\":{\"@type\":\"ImageObject\",\"inLanguage\":\"es\",\"@id\":\"https:\/\/www.pressenza.com\/es\/#\/schema\/logo\/image\/\",\"url\":\"https:\/\/www.pressenza.com\/wp-content\/uploads\/2022\/10\/pressenza_logo_200x200.jpg\",\"contentUrl\":\"https:\/\/www.pressenza.com\/wp-content\/uploads\/2022\/10\/pressenza_logo_200x200.jpg\",\"width\":200,\"height\":200,\"caption\":\"Pressenza\"},\"image\":{\"@id\":\"https:\/\/www.pressenza.com\/es\/#\/schema\/logo\/image\/\"},\"sameAs\":[\"https:\/\/www.facebook.com\/PressenzaItalia\",\"https:\/\/x.com\/PressenzaIPA\"]},{\"@type\":\"Person\",\"@id\":\"https:\/\/www.pressenza.com\/es\/#\/schema\/person\/d5ec6967bd81144e354045096ec84b6b\",\"name\":\"IHPS\",\"description\":\"Ver en Humanipedia: https:\/\/es.humanipedia.org TELEGRAM: https:\/\/t.me\/IHPSnuevosparadigmas\",\"url\":\"https:\/\/www.pressenza.com\/es\/author\/ihps\/\"}]}<\/script>\n<!-- \/ Yoast SEO plugin. -->","yoast_head_json":{"title":"Europa en la encrucijada: del sue\u00f1o de la paz al callej\u00f3n del militarismo","description":"PIA Global. Por Eduardo Luque* \u2013 Europa, tras siglos de guerras devastadoras, parece haber olvidado las lecciones de su historia. Desde la Segunda Guerra","robots":{"index":"index","follow":"follow","max-snippet":"max-snippet:-1","max-image-preview":"max-image-preview:large","max-video-preview":"max-video-preview:-1"},"canonical":"https:\/\/www.pressenza.com\/es\/2024\/11\/europa-en-la-encrucijada-del-sueno-de-la-paz-al-callejon-del-militarismo\/","og_locale":"es_ES","og_type":"article","og_title":"Europa en la encrucijada: del sue\u00f1o de la paz al callej\u00f3n del militarismo","og_description":"PIA Global. Por Eduardo Luque* \u2013 Europa, tras siglos de guerras devastadoras, parece haber olvidado las lecciones de su historia. Desde la Segunda Guerra","og_url":"https:\/\/www.pressenza.com\/es\/2024\/11\/europa-en-la-encrucijada-del-sueno-de-la-paz-al-callejon-del-militarismo\/","og_site_name":"Pressenza","article_publisher":"https:\/\/www.facebook.com\/PressenzaItalia","article_published_time":"2024-11-26T17:33:37+00:00","article_modified_time":"2024-11-26T17:34:51+00:00","og_image":[{"width":800,"height":455,"url":"https:\/\/www.pressenza.com\/wp-content\/uploads\/2024\/11\/2730dbd5-3b77-4467-ba3a-81fd77c163a1-nato6-1.webp","type":"image\/webp"}],"author":"IHPS","twitter_card":"summary_large_image","twitter_creator":"@PressenzaIPA","twitter_site":"@PressenzaIPA","twitter_misc":{"Escrito por":"IHPS","Tiempo de lectura":"9 minutos"},"schema":{"@context":"https:\/\/schema.org","@graph":[{"@type":"Article","@id":"https:\/\/www.pressenza.com\/es\/2024\/11\/europa-en-la-encrucijada-del-sueno-de-la-paz-al-callejon-del-militarismo\/#article","isPartOf":{"@id":"https:\/\/www.pressenza.com\/es\/2024\/11\/europa-en-la-encrucijada-del-sueno-de-la-paz-al-callejon-del-militarismo\/"},"author":{"name":"IHPS","@id":"https:\/\/www.pressenza.com\/es\/#\/schema\/person\/d5ec6967bd81144e354045096ec84b6b"},"headline":"Europa en la encrucijada: del sue\u00f1o de la paz al callej\u00f3n del militarismo","datePublished":"2024-11-26T17:33:37+00:00","dateModified":"2024-11-26T17:34:51+00:00","mainEntityOfPage":{"@id":"https:\/\/www.pressenza.com\/es\/2024\/11\/europa-en-la-encrucijada-del-sueno-de-la-paz-al-callejon-del-militarismo\/"},"wordCount":2082,"publisher":{"@id":"https:\/\/www.pressenza.com\/es\/#organization"},"image":{"@id":"https:\/\/www.pressenza.com\/es\/2024\/11\/europa-en-la-encrucijada-del-sueno-de-la-paz-al-callejon-del-militarismo\/#primaryimage"},"thumbnailUrl":"https:\/\/www.pressenza.com\/wp-content\/uploads\/2024\/11\/2730dbd5-3b77-4467-ba3a-81fd77c163a1-nato6-1.webp","keywords":["BRICS","OTAN","Putin","UE","Washington","Zelensky"],"articleSection":["Asuntos internacionales","Europa","Opiniones","Paz y Desarme","Pol\u00edtica"],"inLanguage":"es"},{"@type":"WebPage","@id":"https:\/\/www.pressenza.com\/es\/2024\/11\/europa-en-la-encrucijada-del-sueno-de-la-paz-al-callejon-del-militarismo\/","url":"https:\/\/www.pressenza.com\/es\/2024\/11\/europa-en-la-encrucijada-del-sueno-de-la-paz-al-callejon-del-militarismo\/","name":"Europa en la encrucijada: del sue\u00f1o de la paz al callej\u00f3n del militarismo","isPartOf":{"@id":"https:\/\/www.pressenza.com\/es\/#website"},"primaryImageOfPage":{"@id":"https:\/\/www.pressenza.com\/es\/2024\/11\/europa-en-la-encrucijada-del-sueno-de-la-paz-al-callejon-del-militarismo\/#primaryimage"},"image":{"@id":"https:\/\/www.pressenza.com\/es\/2024\/11\/europa-en-la-encrucijada-del-sueno-de-la-paz-al-callejon-del-militarismo\/#primaryimage"},"thumbnailUrl":"https:\/\/www.pressenza.com\/wp-content\/uploads\/2024\/11\/2730dbd5-3b77-4467-ba3a-81fd77c163a1-nato6-1.webp","datePublished":"2024-11-26T17:33:37+00:00","dateModified":"2024-11-26T17:34:51+00:00","description":"PIA Global. Por Eduardo Luque* \u2013 Europa, tras siglos de guerras devastadoras, parece haber olvidado las lecciones de su historia. Desde la Segunda Guerra","breadcrumb":{"@id":"https:\/\/www.pressenza.com\/es\/2024\/11\/europa-en-la-encrucijada-del-sueno-de-la-paz-al-callejon-del-militarismo\/#breadcrumb"},"inLanguage":"es","potentialAction":[{"@type":"ReadAction","target":["https:\/\/www.pressenza.com\/es\/2024\/11\/europa-en-la-encrucijada-del-sueno-de-la-paz-al-callejon-del-militarismo\/"]}]},{"@type":"ImageObject","inLanguage":"es","@id":"https:\/\/www.pressenza.com\/es\/2024\/11\/europa-en-la-encrucijada-del-sueno-de-la-paz-al-callejon-del-militarismo\/#primaryimage","url":"https:\/\/www.pressenza.com\/wp-content\/uploads\/2024\/11\/2730dbd5-3b77-4467-ba3a-81fd77c163a1-nato6-1.webp","contentUrl":"https:\/\/www.pressenza.com\/wp-content\/uploads\/2024\/11\/2730dbd5-3b77-4467-ba3a-81fd77c163a1-nato6-1.webp","width":800,"height":455},{"@type":"BreadcrumbList","@id":"https:\/\/www.pressenza.com\/es\/2024\/11\/europa-en-la-encrucijada-del-sueno-de-la-paz-al-callejon-del-militarismo\/#breadcrumb","itemListElement":[{"@type":"ListItem","position":1,"name":"Accueil","item":"https:\/\/www.pressenza.com\/es\/"},{"@type":"ListItem","position":2,"name":"Europa en la encrucijada: del sue\u00f1o de la paz al callej\u00f3n del militarismo"}]},{"@type":"WebSite","@id":"https:\/\/www.pressenza.com\/es\/#website","url":"https:\/\/www.pressenza.com\/es\/","name":"Pressenza","description":"International Press Agency","publisher":{"@id":"https:\/\/www.pressenza.com\/es\/#organization"},"potentialAction":[{"@type":"SearchAction","target":{"@type":"EntryPoint","urlTemplate":"https:\/\/www.pressenza.com\/es\/?s={search_term_string}"},"query-input":{"@type":"PropertyValueSpecification","valueRequired":true,"valueName":"search_term_string"}}],"inLanguage":"es"},{"@type":"Organization","@id":"https:\/\/www.pressenza.com\/es\/#organization","name":"Pressenza","url":"https:\/\/www.pressenza.com\/es\/","logo":{"@type":"ImageObject","inLanguage":"es","@id":"https:\/\/www.pressenza.com\/es\/#\/schema\/logo\/image\/","url":"https:\/\/www.pressenza.com\/wp-content\/uploads\/2022\/10\/pressenza_logo_200x200.jpg","contentUrl":"https:\/\/www.pressenza.com\/wp-content\/uploads\/2022\/10\/pressenza_logo_200x200.jpg","width":200,"height":200,"caption":"Pressenza"},"image":{"@id":"https:\/\/www.pressenza.com\/es\/#\/schema\/logo\/image\/"},"sameAs":["https:\/\/www.facebook.com\/PressenzaItalia","https:\/\/x.com\/PressenzaIPA"]},{"@type":"Person","@id":"https:\/\/www.pressenza.com\/es\/#\/schema\/person\/d5ec6967bd81144e354045096ec84b6b","name":"IHPS","description":"Ver en Humanipedia: https:\/\/es.humanipedia.org TELEGRAM: https:\/\/t.me\/IHPSnuevosparadigmas","url":"https:\/\/www.pressenza.com\/es\/author\/ihps\/"}]}},"place":"","original_article_url":"https:\/\/noticiaspia.com\/europa-en-la-encrucijada-del-sueno-de-la-paz-al-callejon-del-militarismo\/","_links":{"self":[{"href":"https:\/\/www.pressenza.com\/es\/wp-json\/wp\/v2\/posts\/2565741","targetHints":{"allow":["GET"]}}],"collection":[{"href":"https:\/\/www.pressenza.com\/es\/wp-json\/wp\/v2\/posts"}],"about":[{"href":"https:\/\/www.pressenza.com\/es\/wp-json\/wp\/v2\/types\/post"}],"author":[{"embeddable":true,"href":"https:\/\/www.pressenza.com\/es\/wp-json\/wp\/v2\/users\/2099"}],"replies":[{"embeddable":true,"href":"https:\/\/www.pressenza.com\/es\/wp-json\/wp\/v2\/comments?post=2565741"}],"version-history":[{"count":0,"href":"https:\/\/www.pressenza.com\/es\/wp-json\/wp\/v2\/posts\/2565741\/revisions"}],"wp:featuredmedia":[{"embeddable":true,"href":"https:\/\/www.pressenza.com\/es\/wp-json\/wp\/v2\/media\/2565744"}],"wp:attachment":[{"href":"https:\/\/www.pressenza.com\/es\/wp-json\/wp\/v2\/media?parent=2565741"}],"wp:term":[{"taxonomy":"category","embeddable":true,"href":"https:\/\/www.pressenza.com\/es\/wp-json\/wp\/v2\/categories?post=2565741"},{"taxonomy":"post_tag","embeddable":true,"href":"https:\/\/www.pressenza.com\/es\/wp-json\/wp\/v2\/tags?post=2565741"}],"curies":[{"name":"wp","href":"https:\/\/api.w.org\/{rel}","templated":true}]}}