{"id":25656,"date":"2012-11-26T02:06:48","date_gmt":"2012-11-26T02:06:48","guid":{"rendered":"http:\/\/www.pressenza.com\/?p=25656"},"modified":"2012-11-26T15:42:45","modified_gmt":"2012-11-26T15:42:45","slug":"hablando-de-la-teleton-porque-hay-tanta-discapacidad-en-la-region-del-maule","status":"publish","type":"post","link":"https:\/\/www.pressenza.com\/es\/2012\/11\/hablando-de-la-teleton-porque-hay-tanta-discapacidad-en-la-region-del-maule\/","title":{"rendered":"Hablando de la TELETON: \u00bfPorqu\u00e9 hay tanta discapacidad en la Regi\u00f3n del Maule?"},"content":{"rendered":"<p>La regi\u00f3n del Maule tiene una tasa de discapacidad de 8,5%, la m\u00e1s alta del pa\u00eds.<br \/>\nEstamos diciendo que 1 de cada 12 personas es discapacitada. Y esto est\u00e1 directamente<br \/>\nrelacionado con el uso de agroqu\u00edmicos.<\/p>\n<p>Son los campesinos, temporeros y temporeras, ni\u00f1os de sectores rurales con<br \/>\nmalformaciones cong\u00e9nitas por la exposici\u00f3n de sus padres al uso de plaguicidas.<\/p>\n<p>Pienso que nuestros parlamentarios han sido muy d\u00e9biles para prohibir la venta de<br \/>\npesticidas que son altamente t\u00f3xicos para la salud de los temporeros.<\/p>\n<p>Ya en el a\u00f1o 2007 la c\u00e1mara de diputados hab\u00eda aprobado un proyecto (bolet\u00edn 4877 -01)<br \/>\nque prohib\u00eda la venta de plaguicidas de elevada peligrosidad. Pero luego cuando lleg\u00f3 a la<br \/>\ncomisi\u00f3n de agricultura del Senado este proyecto fue rechazado; y tanto por senadores de<br \/>\nla alianza como de la concertaci\u00f3n.<\/p>\n<p>Una vez m\u00e1s vemos la uni\u00f3n de los grandes empresarios con el parlamento. Son los<br \/>\nlaboratorios transnacionales productores de agroqu\u00edmicos que hicieron un fuerte lobby<br \/>\ncon los parlamentarios.<\/p>\n<p>En el a\u00f1o 2010 ingres\u00f3 otro proyecto a la c\u00e1mara de senadores (bolet\u00edn 6969-01) con<br \/>\nel mismo objetivo pero que a mi modo ver, es un poco m\u00e1s d\u00e9bil ya que no proh\u00edbe<br \/>\nclaramente la venta de productos altamente t\u00f3xicos (como los llamados Ia e Ib), sino<br \/>\nque propone que los plaguicidas antes de su ingreso al registro del Servicio Agr\u00edcola<br \/>\nGanadero deben ser evaluados por el Ministerio de Salud. Este proyecto al d\u00eda de hoy<br \/>\nduerme en el parlamento.<\/p>\n<p>Muchos de estos plaguicidas autorizados en Chile han sido eliminados del registro de<br \/>\nvarios pa\u00edses, especialmente de la Uni\u00f3n Europea.<\/p>\n<p>Este es un conflicto medioambiental y de salud. El da\u00f1o ambiental debe ser tipificado<br \/>\ncomo delito que tiene ser castigado con penas de c\u00e1rcel y no solo con multas en dinero.<\/p>\n<p>Felicitamos por otro lado a los productores agr\u00edcolas que se suman al sistema de<br \/>\ncomercio justo y a la producci\u00f3n org\u00e1nica porque ellos han dejado de usar estos<br \/>\nagroqu\u00edmicos y lo han reemplazado por otros que son menos da\u00f1inos para la salud.<\/p>\n","protected":false},"excerpt":{"rendered":"<p>La regi\u00f3n del Maule tiene una tasa de discapacidad de 8,5%, la m\u00e1s alta del pa\u00eds. Estamos diciendo que 1 de cada 12 personas es discapacitada. Y esto est\u00e1 directamente relacionado con el uso de agroqu\u00edmicos. Son los campesinos, temporeros&hellip;<\/p>\n","protected":false},"author":421,"featured_media":25713,"comment_status":"closed","ping_status":"open","sticky":false,"template":"","format":"standard","meta":{"footnotes":""},"categories":[78,1239,67],"tags":[],"class_list":["post-25656","post","type-post","status-publish","format-standard","has-post-thumbnail","hentry","category-medio-ambiente-ecologia","category-salud","category-sudamerica"],"yoast_head":"<!-- This site is optimized with the Yoast SEO plugin v27.1.1 - https:\/\/yoast.com\/product\/yoast-seo-wordpress\/ -->\n<title>Hablando de la TELETON: \u00bfPorqu\u00e9 hay tanta discapacidad en la Regi\u00f3n del Maule?<\/title>\n<meta name=\"description\" content=\"La regi\u00f3n del Maule tiene una tasa de discapacidad de 8,5%, la m\u00e1s alta del pa\u00eds. Estamos diciendo que 1 de cada 12 personas es discapacitada. Y esto est\u00e1\" \/>\n<meta name=\"robots\" content=\"index, follow, max-snippet:-1, max-image-preview:large, max-video-preview:-1\" \/>\n<link rel=\"canonical\" href=\"https:\/\/www.pressenza.com\/es\/2012\/11\/hablando-de-la-teleton-porque-hay-tanta-discapacidad-en-la-region-del-maule\/\" \/>\n<meta property=\"og:locale\" content=\"es_ES\" \/>\n<meta property=\"og:type\" content=\"article\" \/>\n<meta property=\"og:title\" content=\"Hablando de la TELETON: \u00bfPorqu\u00e9 hay tanta discapacidad en la Regi\u00f3n del Maule?\" \/>\n<meta property=\"og:description\" content=\"La regi\u00f3n del Maule tiene una tasa de discapacidad de 8,5%, la m\u00e1s alta del pa\u00eds. Estamos diciendo que 1 de cada 12 personas es discapacitada. Y esto est\u00e1\" \/>\n<meta property=\"og:url\" content=\"https:\/\/www.pressenza.com\/es\/2012\/11\/hablando-de-la-teleton-porque-hay-tanta-discapacidad-en-la-region-del-maule\/\" \/>\n<meta property=\"og:site_name\" content=\"Pressenza\" \/>\n<meta property=\"article:publisher\" content=\"https:\/\/www.facebook.com\/PressenzaItalia\" \/>\n<meta property=\"article:published_time\" content=\"2012-11-26T02:06:48+00:00\" \/>\n<meta property=\"article:modified_time\" content=\"2012-11-26T15:42:45+00:00\" \/>\n<meta property=\"og:image\" content=\"https:\/\/www.pressenza.com\/wp-content\/uploads\/2012\/11\/Plaguicidas.jpg\" \/>\n\t<meta property=\"og:image:width\" content=\"739\" \/>\n\t<meta property=\"og:image:height\" content=\"491\" \/>\n\t<meta property=\"og:image:type\" content=\"image\/jpeg\" \/>\n<meta name=\"author\" content=\"Paola Parra\" \/>\n<meta name=\"twitter:card\" content=\"summary_large_image\" \/>\n<meta name=\"twitter:creator\" content=\"@PressenzaIPA\" \/>\n<meta name=\"twitter:site\" content=\"@PressenzaIPA\" \/>\n<meta name=\"twitter:label1\" content=\"Escrito por\" \/>\n\t<meta name=\"twitter:data1\" content=\"Paola Parra\" \/>\n\t<meta name=\"twitter:label2\" content=\"Tiempo de lectura\" \/>\n\t<meta name=\"twitter:data2\" content=\"2 minutos\" \/>\n<script type=\"application\/ld+json\" class=\"yoast-schema-graph\">{\"@context\":\"https:\/\/schema.org\",\"@graph\":[{\"@type\":\"Article\",\"@id\":\"https:\/\/www.pressenza.com\/es\/2012\/11\/hablando-de-la-teleton-porque-hay-tanta-discapacidad-en-la-region-del-maule\/#article\",\"isPartOf\":{\"@id\":\"https:\/\/www.pressenza.com\/es\/2012\/11\/hablando-de-la-teleton-porque-hay-tanta-discapacidad-en-la-region-del-maule\/\"},\"author\":{\"name\":\"Paola Parra\",\"@id\":\"https:\/\/www.pressenza.com\/es\/#\/schema\/person\/c0d3360e48705a9ec736c1fef45938df\"},\"headline\":\"Hablando de la TELETON: \u00bfPorqu\u00e9 hay tanta discapacidad en la Regi\u00f3n del Maule?\",\"datePublished\":\"2012-11-26T02:06:48+00:00\",\"dateModified\":\"2012-11-26T15:42:45+00:00\",\"mainEntityOfPage\":{\"@id\":\"https:\/\/www.pressenza.com\/es\/2012\/11\/hablando-de-la-teleton-porque-hay-tanta-discapacidad-en-la-region-del-maule\/\"},\"wordCount\":380,\"publisher\":{\"@id\":\"https:\/\/www.pressenza.com\/es\/#organization\"},\"image\":{\"@id\":\"https:\/\/www.pressenza.com\/es\/2012\/11\/hablando-de-la-teleton-porque-hay-tanta-discapacidad-en-la-region-del-maule\/#primaryimage\"},\"thumbnailUrl\":\"https:\/\/www.pressenza.com\/wp-content\/uploads\/2012\/11\/Plaguicidas.jpg\",\"articleSection\":[\"Ecolog\u00eda y Medio Ambiente\",\"Salud\",\"Sudam\u00e9rica\"],\"inLanguage\":\"es\"},{\"@type\":\"WebPage\",\"@id\":\"https:\/\/www.pressenza.com\/es\/2012\/11\/hablando-de-la-teleton-porque-hay-tanta-discapacidad-en-la-region-del-maule\/\",\"url\":\"https:\/\/www.pressenza.com\/es\/2012\/11\/hablando-de-la-teleton-porque-hay-tanta-discapacidad-en-la-region-del-maule\/\",\"name\":\"Hablando de la TELETON: \u00bfPorqu\u00e9 hay tanta discapacidad en la Regi\u00f3n del Maule?\",\"isPartOf\":{\"@id\":\"https:\/\/www.pressenza.com\/es\/#website\"},\"primaryImageOfPage\":{\"@id\":\"https:\/\/www.pressenza.com\/es\/2012\/11\/hablando-de-la-teleton-porque-hay-tanta-discapacidad-en-la-region-del-maule\/#primaryimage\"},\"image\":{\"@id\":\"https:\/\/www.pressenza.com\/es\/2012\/11\/hablando-de-la-teleton-porque-hay-tanta-discapacidad-en-la-region-del-maule\/#primaryimage\"},\"thumbnailUrl\":\"https:\/\/www.pressenza.com\/wp-content\/uploads\/2012\/11\/Plaguicidas.jpg\",\"datePublished\":\"2012-11-26T02:06:48+00:00\",\"dateModified\":\"2012-11-26T15:42:45+00:00\",\"description\":\"La regi\u00f3n del Maule tiene una tasa de discapacidad de 8,5%, la m\u00e1s alta del pa\u00eds. Estamos diciendo que 1 de cada 12 personas es discapacitada. Y esto est\u00e1\",\"breadcrumb\":{\"@id\":\"https:\/\/www.pressenza.com\/es\/2012\/11\/hablando-de-la-teleton-porque-hay-tanta-discapacidad-en-la-region-del-maule\/#breadcrumb\"},\"inLanguage\":\"es\",\"potentialAction\":[{\"@type\":\"ReadAction\",\"target\":[\"https:\/\/www.pressenza.com\/es\/2012\/11\/hablando-de-la-teleton-porque-hay-tanta-discapacidad-en-la-region-del-maule\/\"]}]},{\"@type\":\"ImageObject\",\"inLanguage\":\"es\",\"@id\":\"https:\/\/www.pressenza.com\/es\/2012\/11\/hablando-de-la-teleton-porque-hay-tanta-discapacidad-en-la-region-del-maule\/#primaryimage\",\"url\":\"https:\/\/www.pressenza.com\/wp-content\/uploads\/2012\/11\/Plaguicidas.jpg\",\"contentUrl\":\"https:\/\/www.pressenza.com\/wp-content\/uploads\/2012\/11\/Plaguicidas.jpg\",\"width\":\"739\",\"height\":\"491\"},{\"@type\":\"BreadcrumbList\",\"@id\":\"https:\/\/www.pressenza.com\/es\/2012\/11\/hablando-de-la-teleton-porque-hay-tanta-discapacidad-en-la-region-del-maule\/#breadcrumb\",\"itemListElement\":[{\"@type\":\"ListItem\",\"position\":1,\"name\":\"Accueil\",\"item\":\"https:\/\/www.pressenza.com\/es\/\"},{\"@type\":\"ListItem\",\"position\":2,\"name\":\"Hablando de la TELETON: \u00bfPorqu\u00e9 hay tanta discapacidad en la Regi\u00f3n del Maule?\"}]},{\"@type\":\"WebSite\",\"@id\":\"https:\/\/www.pressenza.com\/es\/#website\",\"url\":\"https:\/\/www.pressenza.com\/es\/\",\"name\":\"Pressenza\",\"description\":\"International Press Agency\",\"publisher\":{\"@id\":\"https:\/\/www.pressenza.com\/es\/#organization\"},\"potentialAction\":[{\"@type\":\"SearchAction\",\"target\":{\"@type\":\"EntryPoint\",\"urlTemplate\":\"https:\/\/www.pressenza.com\/es\/?s={search_term_string}\"},\"query-input\":{\"@type\":\"PropertyValueSpecification\",\"valueRequired\":true,\"valueName\":\"search_term_string\"}}],\"inLanguage\":\"es\"},{\"@type\":\"Organization\",\"@id\":\"https:\/\/www.pressenza.com\/es\/#organization\",\"name\":\"Pressenza\",\"url\":\"https:\/\/www.pressenza.com\/es\/\",\"logo\":{\"@type\":\"ImageObject\",\"inLanguage\":\"es\",\"@id\":\"https:\/\/www.pressenza.com\/es\/#\/schema\/logo\/image\/\",\"url\":\"https:\/\/www.pressenza.com\/wp-content\/uploads\/2022\/10\/pressenza_logo_200x200.jpg\",\"contentUrl\":\"https:\/\/www.pressenza.com\/wp-content\/uploads\/2022\/10\/pressenza_logo_200x200.jpg\",\"width\":200,\"height\":200,\"caption\":\"Pressenza\"},\"image\":{\"@id\":\"https:\/\/www.pressenza.com\/es\/#\/schema\/logo\/image\/\"},\"sameAs\":[\"https:\/\/www.facebook.com\/PressenzaItalia\",\"https:\/\/x.com\/PressenzaIPA\"]},{\"@type\":\"Person\",\"@id\":\"https:\/\/www.pressenza.com\/es\/#\/schema\/person\/c0d3360e48705a9ec736c1fef45938df\",\"name\":\"Paola Parra\",\"description\":\"Economista, miembro de la Directiva Nacional del Partido Humanista\",\"url\":\"https:\/\/www.pressenza.com\/es\/author\/paola-parra\/\"}]}<\/script>\n<!-- \/ Yoast SEO plugin. -->","yoast_head_json":{"title":"Hablando de la TELETON: \u00bfPorqu\u00e9 hay tanta discapacidad en la Regi\u00f3n del Maule?","description":"La regi\u00f3n del Maule tiene una tasa de discapacidad de 8,5%, la m\u00e1s alta del pa\u00eds. Estamos diciendo que 1 de cada 12 personas es discapacitada. Y esto est\u00e1","robots":{"index":"index","follow":"follow","max-snippet":"max-snippet:-1","max-image-preview":"max-image-preview:large","max-video-preview":"max-video-preview:-1"},"canonical":"https:\/\/www.pressenza.com\/es\/2012\/11\/hablando-de-la-teleton-porque-hay-tanta-discapacidad-en-la-region-del-maule\/","og_locale":"es_ES","og_type":"article","og_title":"Hablando de la TELETON: \u00bfPorqu\u00e9 hay tanta discapacidad en la Regi\u00f3n del Maule?","og_description":"La regi\u00f3n del Maule tiene una tasa de discapacidad de 8,5%, la m\u00e1s alta del pa\u00eds. Estamos diciendo que 1 de cada 12 personas es discapacitada. Y esto est\u00e1","og_url":"https:\/\/www.pressenza.com\/es\/2012\/11\/hablando-de-la-teleton-porque-hay-tanta-discapacidad-en-la-region-del-maule\/","og_site_name":"Pressenza","article_publisher":"https:\/\/www.facebook.com\/PressenzaItalia","article_published_time":"2012-11-26T02:06:48+00:00","article_modified_time":"2012-11-26T15:42:45+00:00","og_image":[{"width":739,"height":491,"url":"https:\/\/www.pressenza.com\/wp-content\/uploads\/2012\/11\/Plaguicidas.jpg","type":"image\/jpeg"}],"author":"Paola Parra","twitter_card":"summary_large_image","twitter_creator":"@PressenzaIPA","twitter_site":"@PressenzaIPA","twitter_misc":{"Escrito por":"Paola Parra","Tiempo de lectura":"2 minutos"},"schema":{"@context":"https:\/\/schema.org","@graph":[{"@type":"Article","@id":"https:\/\/www.pressenza.com\/es\/2012\/11\/hablando-de-la-teleton-porque-hay-tanta-discapacidad-en-la-region-del-maule\/#article","isPartOf":{"@id":"https:\/\/www.pressenza.com\/es\/2012\/11\/hablando-de-la-teleton-porque-hay-tanta-discapacidad-en-la-region-del-maule\/"},"author":{"name":"Paola Parra","@id":"https:\/\/www.pressenza.com\/es\/#\/schema\/person\/c0d3360e48705a9ec736c1fef45938df"},"headline":"Hablando de la TELETON: \u00bfPorqu\u00e9 hay tanta discapacidad en la Regi\u00f3n del Maule?","datePublished":"2012-11-26T02:06:48+00:00","dateModified":"2012-11-26T15:42:45+00:00","mainEntityOfPage":{"@id":"https:\/\/www.pressenza.com\/es\/2012\/11\/hablando-de-la-teleton-porque-hay-tanta-discapacidad-en-la-region-del-maule\/"},"wordCount":380,"publisher":{"@id":"https:\/\/www.pressenza.com\/es\/#organization"},"image":{"@id":"https:\/\/www.pressenza.com\/es\/2012\/11\/hablando-de-la-teleton-porque-hay-tanta-discapacidad-en-la-region-del-maule\/#primaryimage"},"thumbnailUrl":"https:\/\/www.pressenza.com\/wp-content\/uploads\/2012\/11\/Plaguicidas.jpg","articleSection":["Ecolog\u00eda y Medio Ambiente","Salud","Sudam\u00e9rica"],"inLanguage":"es"},{"@type":"WebPage","@id":"https:\/\/www.pressenza.com\/es\/2012\/11\/hablando-de-la-teleton-porque-hay-tanta-discapacidad-en-la-region-del-maule\/","url":"https:\/\/www.pressenza.com\/es\/2012\/11\/hablando-de-la-teleton-porque-hay-tanta-discapacidad-en-la-region-del-maule\/","name":"Hablando de la TELETON: \u00bfPorqu\u00e9 hay tanta discapacidad en la Regi\u00f3n del Maule?","isPartOf":{"@id":"https:\/\/www.pressenza.com\/es\/#website"},"primaryImageOfPage":{"@id":"https:\/\/www.pressenza.com\/es\/2012\/11\/hablando-de-la-teleton-porque-hay-tanta-discapacidad-en-la-region-del-maule\/#primaryimage"},"image":{"@id":"https:\/\/www.pressenza.com\/es\/2012\/11\/hablando-de-la-teleton-porque-hay-tanta-discapacidad-en-la-region-del-maule\/#primaryimage"},"thumbnailUrl":"https:\/\/www.pressenza.com\/wp-content\/uploads\/2012\/11\/Plaguicidas.jpg","datePublished":"2012-11-26T02:06:48+00:00","dateModified":"2012-11-26T15:42:45+00:00","description":"La regi\u00f3n del Maule tiene una tasa de discapacidad de 8,5%, la m\u00e1s alta del pa\u00eds. Estamos diciendo que 1 de cada 12 personas es discapacitada. Y esto est\u00e1","breadcrumb":{"@id":"https:\/\/www.pressenza.com\/es\/2012\/11\/hablando-de-la-teleton-porque-hay-tanta-discapacidad-en-la-region-del-maule\/#breadcrumb"},"inLanguage":"es","potentialAction":[{"@type":"ReadAction","target":["https:\/\/www.pressenza.com\/es\/2012\/11\/hablando-de-la-teleton-porque-hay-tanta-discapacidad-en-la-region-del-maule\/"]}]},{"@type":"ImageObject","inLanguage":"es","@id":"https:\/\/www.pressenza.com\/es\/2012\/11\/hablando-de-la-teleton-porque-hay-tanta-discapacidad-en-la-region-del-maule\/#primaryimage","url":"https:\/\/www.pressenza.com\/wp-content\/uploads\/2012\/11\/Plaguicidas.jpg","contentUrl":"https:\/\/www.pressenza.com\/wp-content\/uploads\/2012\/11\/Plaguicidas.jpg","width":"739","height":"491"},{"@type":"BreadcrumbList","@id":"https:\/\/www.pressenza.com\/es\/2012\/11\/hablando-de-la-teleton-porque-hay-tanta-discapacidad-en-la-region-del-maule\/#breadcrumb","itemListElement":[{"@type":"ListItem","position":1,"name":"Accueil","item":"https:\/\/www.pressenza.com\/es\/"},{"@type":"ListItem","position":2,"name":"Hablando de la TELETON: \u00bfPorqu\u00e9 hay tanta discapacidad en la Regi\u00f3n del Maule?"}]},{"@type":"WebSite","@id":"https:\/\/www.pressenza.com\/es\/#website","url":"https:\/\/www.pressenza.com\/es\/","name":"Pressenza","description":"International Press Agency","publisher":{"@id":"https:\/\/www.pressenza.com\/es\/#organization"},"potentialAction":[{"@type":"SearchAction","target":{"@type":"EntryPoint","urlTemplate":"https:\/\/www.pressenza.com\/es\/?s={search_term_string}"},"query-input":{"@type":"PropertyValueSpecification","valueRequired":true,"valueName":"search_term_string"}}],"inLanguage":"es"},{"@type":"Organization","@id":"https:\/\/www.pressenza.com\/es\/#organization","name":"Pressenza","url":"https:\/\/www.pressenza.com\/es\/","logo":{"@type":"ImageObject","inLanguage":"es","@id":"https:\/\/www.pressenza.com\/es\/#\/schema\/logo\/image\/","url":"https:\/\/www.pressenza.com\/wp-content\/uploads\/2022\/10\/pressenza_logo_200x200.jpg","contentUrl":"https:\/\/www.pressenza.com\/wp-content\/uploads\/2022\/10\/pressenza_logo_200x200.jpg","width":200,"height":200,"caption":"Pressenza"},"image":{"@id":"https:\/\/www.pressenza.com\/es\/#\/schema\/logo\/image\/"},"sameAs":["https:\/\/www.facebook.com\/PressenzaItalia","https:\/\/x.com\/PressenzaIPA"]},{"@type":"Person","@id":"https:\/\/www.pressenza.com\/es\/#\/schema\/person\/c0d3360e48705a9ec736c1fef45938df","name":"Paola Parra","description":"Economista, miembro de la Directiva Nacional del Partido Humanista","url":"https:\/\/www.pressenza.com\/es\/author\/paola-parra\/"}]}},"place":"Curic\u00f3","original_article_url":"","_links":{"self":[{"href":"https:\/\/www.pressenza.com\/es\/wp-json\/wp\/v2\/posts\/25656","targetHints":{"allow":["GET"]}}],"collection":[{"href":"https:\/\/www.pressenza.com\/es\/wp-json\/wp\/v2\/posts"}],"about":[{"href":"https:\/\/www.pressenza.com\/es\/wp-json\/wp\/v2\/types\/post"}],"author":[{"embeddable":true,"href":"https:\/\/www.pressenza.com\/es\/wp-json\/wp\/v2\/users\/421"}],"replies":[{"embeddable":true,"href":"https:\/\/www.pressenza.com\/es\/wp-json\/wp\/v2\/comments?post=25656"}],"version-history":[{"count":0,"href":"https:\/\/www.pressenza.com\/es\/wp-json\/wp\/v2\/posts\/25656\/revisions"}],"wp:featuredmedia":[{"embeddable":true,"href":"https:\/\/www.pressenza.com\/es\/wp-json\/wp\/v2\/media\/25713"}],"wp:attachment":[{"href":"https:\/\/www.pressenza.com\/es\/wp-json\/wp\/v2\/media?parent=25656"}],"wp:term":[{"taxonomy":"category","embeddable":true,"href":"https:\/\/www.pressenza.com\/es\/wp-json\/wp\/v2\/categories?post=25656"},{"taxonomy":"post_tag","embeddable":true,"href":"https:\/\/www.pressenza.com\/es\/wp-json\/wp\/v2\/tags?post=25656"}],"curies":[{"name":"wp","href":"https:\/\/api.w.org\/{rel}","templated":true}]}}