{"id":2563941,"date":"2024-11-19T16:17:08","date_gmt":"2024-11-19T16:17:08","guid":{"rendered":"https:\/\/www.pressenza.com\/?p=2563941"},"modified":"2024-11-19T16:17:08","modified_gmt":"2024-11-19T16:17:08","slug":"claudia-sheinbaum-propone-destinar-1-del-gasto-militar-a-programa-de-reforestacion-mas-grande-de-la-historia","status":"publish","type":"post","link":"https:\/\/www.pressenza.com\/es\/2024\/11\/claudia-sheinbaum-propone-destinar-1-del-gasto-militar-a-programa-de-reforestacion-mas-grande-de-la-historia\/","title":{"rendered":"Claudia Sheinbaum propone destinar 1% del gasto militar a programa de reforestaci\u00f3n m\u00e1s grande de la historia"},"content":{"rendered":"<blockquote><p>\u201cLa propuesta es dejar de sembrar guerras, sembremos paz y sembremos vida\u201d<\/p><\/blockquote>\n<p>En la Cumbre del G20 que tiene lugar en R\u00edo de Janeiro, Brasil, la Presidenta de M\u00e9xico Claudia Sheinbaum, propuso sembrar paz y vida, en lugar de guerras, destinando el 1% del gasto militar para poner en marcha el programa de reforestaci\u00f3n m\u00e1s grande de la historia.<\/p>\n<p>\u201cSignificar\u00eda liberar unos 24 mil millones de d\u00f3lares al a\u00f1o (12 veces lo que ya destina M\u00e9xico) para apoyar a 6 millones de sembradores de \u00e1rboles que reforestar\u00edan 15 millones de hect\u00e1reas, algo as\u00ed como cuatro veces la superficie de Dinamarca, toda la de Guatemala, Belice y el Salvador juntos, o 30% la de Suecia\u00bb.<\/p>\n<p>\u201cCon ello ayudar\u00edamos a mitigar el calentamiento global y restaurar\u00edamos el tejido social ayudando a las comunidades a salir de la pobreza. La propuesta es dejar de sembrar guerras, sembremos paz y sembremos vida\u201d, destac\u00f3 en su participaci\u00f3n en la Primera Sesi\u00f3n de Trabajo: \u201cLucha contra el Hambre y la Pobreza\u201d.<\/p>\n<p>Claudia Sheinbaum resalt\u00f3 que a nombre de un pueblo generoso, solidario y sabio, asiste al G20 a hacer un llamado a las grandes naciones a construir la paz, la fraternidad y la igualdad.<\/p>\n<p>\u201c\u00bfQu\u00e9 est\u00e1 pasando en nuestro mundo que en tan solo dos a\u00f1os el gasto en armas creci\u00f3 casi el triple que la econom\u00eda mundial? \u00bfC\u00f3mo es que la econom\u00eda de la destrucci\u00f3n alcanz\u00f3 un gasto de m\u00e1s de 2.4 billones de d\u00f3lares? \u00bfC\u00f3mo es que 700 millones de personas en el mundo a\u00fan viven por debajo de la l\u00ednea de pobreza?\u00bb<\/p>\n<p>\u201cResulta absurdo, sinsentido, que haya m\u00e1s gasto en armas que para atender la pobreza o el cambio clim\u00e1tico. Reducir\u00edamos la migraci\u00f3n, el hambre, si tan solo elevamos la palabra amor por encima del odio, la generosidad de la persona humilde y despose\u00edda, por encima de la avaricia y el deseo de dominaci\u00f3n. Me niego a pensar que somos capaces de crear la inteligencia artificial e incapaces de dar la mano al que se qued\u00f3 atr\u00e1s\u201d, dijo.<\/p>\n<p>Record\u00f3 a los presentes que desde el 2018, M\u00e9xico construye un nuevo rumbo gracias al pensamiento del Humanismo Mexicano, al modelo de la Econom\u00eda Moral y al principio m\u00e1ximo de Prosperidad Compartida que se enmarca en el \u201cpor el bien de todos, primero los pobres\u201d, con el cual se deja en el pasado el dogma neoliberal basado en que el mercado lo resuelve todo.<\/p>\n<p>\u201cSe construyen trenes, carreteras, puertos y aeropuertos, la pobreza se redujo en m\u00e1s de 9 millones de personas y disminuyen las desigualdades. Hay democracia, libertades, pluralidad y derecho a disentir, se fortalecen las instituciones de seguridad, de justicia y se construye paz\u201d, resalt\u00f3.<\/p>\n<p>Ante los miembros del G20, reiter\u00f3 que al convertirse, hace seis semanas, en la primera mujer Presidenta de M\u00e9xico, las mujeres mexicanas tambi\u00e9n llegaron con ella al m\u00e1ximo puesto de la naci\u00f3n.<\/p>\n<p>\u201cTuve el gran honor de convertirme en la primera mujer Presidenta de mi pa\u00eds y no llegu\u00e9 sola, llegamos las campesinas, las migrantes, las obreras, las profesionistas, nuestras abuelas, nuestras hijas y nuestras nietas, llegamos todas las mujeres mexicanas\u201d, destac\u00f3.<\/p>\n<p>Puntualiz\u00f3 que pertenece a una generaci\u00f3n que luch\u00f3 contra la represi\u00f3n, el autoritarismo, por la justicia social y la democracia, y que proviene de un grandioso pueblo que decidi\u00f3 fundar por la v\u00eda pac\u00edfica, una nueva historia.<\/p>\n","protected":false},"excerpt":{"rendered":"<p>\u201cLa propuesta es dejar de sembrar guerras, sembremos paz y sembremos vida\u201d En la Cumbre del G20 que tiene lugar en R\u00edo de Janeiro, Brasil, la Presidenta de M\u00e9xico Claudia Sheinbaum, propuso sembrar paz y vida, en lugar de guerras,&hellip;<\/p>\n","protected":false},"author":1300,"featured_media":2563942,"comment_status":"closed","ping_status":"closed","sticky":false,"template":"","format":"standard","meta":{"footnotes":""},"categories":[76,11389,78,39,106739],"tags":[122491,13751,129334,28999],"class_list":["post-2563941","post","type-post","status-publish","format-standard","has-post-thumbnail","hentry","category-relaciones-exteriores","category-contenido-original","category-medio-ambiente-ecologia","category-internacional","category-noticia","tag-claudia-sheinbaum-es","tag-g20-es","tag-reduccion-gastos-militares","tag-reforestacion"],"yoast_head":"<!-- This site is optimized with the Yoast SEO plugin v27.1.1 - https:\/\/yoast.com\/product\/yoast-seo-wordpress\/ -->\n<title>Claudia Sheinbaum propone destinar 1% del gasto militar a programa de reforestaci\u00f3n m\u00e1s grande de la historia<\/title>\n<meta name=\"description\" content=\"\u201cLa propuesta es dejar de sembrar guerras, sembremos paz y sembremos vida\u201d En la Cumbre del G20 que tiene lugar en R\u00edo de Janeiro, Brasil, la Presidenta\" \/>\n<meta name=\"robots\" content=\"index, follow, max-snippet:-1, max-image-preview:large, max-video-preview:-1\" \/>\n<link rel=\"canonical\" href=\"https:\/\/www.pressenza.com\/es\/2024\/11\/claudia-sheinbaum-propone-destinar-1-del-gasto-militar-a-programa-de-reforestacion-mas-grande-de-la-historia\/\" \/>\n<meta property=\"og:locale\" content=\"es_ES\" \/>\n<meta property=\"og:type\" content=\"article\" \/>\n<meta property=\"og:title\" content=\"Claudia Sheinbaum propone destinar 1% del gasto militar a programa de reforestaci\u00f3n m\u00e1s grande de la historia\" \/>\n<meta property=\"og:description\" content=\"\u201cLa propuesta es dejar de sembrar guerras, sembremos paz y sembremos vida\u201d En la Cumbre del G20 que tiene lugar en R\u00edo de Janeiro, Brasil, la Presidenta\" \/>\n<meta property=\"og:url\" content=\"https:\/\/www.pressenza.com\/es\/2024\/11\/claudia-sheinbaum-propone-destinar-1-del-gasto-militar-a-programa-de-reforestacion-mas-grande-de-la-historia\/\" \/>\n<meta property=\"og:site_name\" content=\"Pressenza\" \/>\n<meta property=\"article:publisher\" content=\"https:\/\/www.facebook.com\/PressenzaItalia\" \/>\n<meta property=\"article:published_time\" content=\"2024-11-19T16:17:08+00:00\" \/>\n<meta property=\"og:image\" content=\"https:\/\/www.pressenza.com\/wp-content\/uploads\/2024\/11\/post_0e5c0ec1-6d07-4d6d-8ee3-2704dc7333f6.jpeg\" \/>\n\t<meta property=\"og:image:width\" content=\"650\" \/>\n\t<meta property=\"og:image:height\" content=\"380\" \/>\n\t<meta property=\"og:image:type\" content=\"image\/jpeg\" \/>\n<meta name=\"author\" content=\"Redacci\u00f3n M\u00e9xico\" \/>\n<meta name=\"twitter:card\" content=\"summary_large_image\" \/>\n<meta name=\"twitter:creator\" content=\"@PressenzaIPA\" \/>\n<meta name=\"twitter:site\" content=\"@PressenzaIPA\" \/>\n<meta name=\"twitter:label1\" content=\"Escrito por\" \/>\n\t<meta name=\"twitter:data1\" content=\"Redacci\u00f3n M\u00e9xico\" \/>\n\t<meta name=\"twitter:label2\" content=\"Tiempo de lectura\" \/>\n\t<meta name=\"twitter:data2\" content=\"3 minutos\" \/>\n<script type=\"application\/ld+json\" class=\"yoast-schema-graph\">{\"@context\":\"https:\/\/schema.org\",\"@graph\":[{\"@type\":\"Article\",\"@id\":\"https:\/\/www.pressenza.com\/es\/2024\/11\/claudia-sheinbaum-propone-destinar-1-del-gasto-militar-a-programa-de-reforestacion-mas-grande-de-la-historia\/#article\",\"isPartOf\":{\"@id\":\"https:\/\/www.pressenza.com\/es\/2024\/11\/claudia-sheinbaum-propone-destinar-1-del-gasto-militar-a-programa-de-reforestacion-mas-grande-de-la-historia\/\"},\"author\":{\"name\":\"Redacci\u00f3n M\u00e9xico\",\"@id\":\"https:\/\/www.pressenza.com\/es\/#\/schema\/person\/ea3a5d108f4abbf76bec1ad953cf74f4\"},\"headline\":\"Claudia Sheinbaum propone destinar 1% del gasto militar a programa de reforestaci\u00f3n m\u00e1s grande de la historia\",\"datePublished\":\"2024-11-19T16:17:08+00:00\",\"mainEntityOfPage\":{\"@id\":\"https:\/\/www.pressenza.com\/es\/2024\/11\/claudia-sheinbaum-propone-destinar-1-del-gasto-militar-a-programa-de-reforestacion-mas-grande-de-la-historia\/\"},\"wordCount\":603,\"publisher\":{\"@id\":\"https:\/\/www.pressenza.com\/es\/#organization\"},\"image\":{\"@id\":\"https:\/\/www.pressenza.com\/es\/2024\/11\/claudia-sheinbaum-propone-destinar-1-del-gasto-militar-a-programa-de-reforestacion-mas-grande-de-la-historia\/#primaryimage\"},\"thumbnailUrl\":\"https:\/\/www.pressenza.com\/wp-content\/uploads\/2024\/11\/post_0e5c0ec1-6d07-4d6d-8ee3-2704dc7333f6.jpeg\",\"keywords\":[\"Claudia Sheinbaum\",\"G20\",\"reducci\u00f3n gastos militares\",\"reforestaci\u00f3n\"],\"articleSection\":[\"Asuntos internacionales\",\"Contenido Original\",\"Ecolog\u00eda y Medio Ambiente\",\"Internacional\",\"Noticia\"],\"inLanguage\":\"es\"},{\"@type\":\"WebPage\",\"@id\":\"https:\/\/www.pressenza.com\/es\/2024\/11\/claudia-sheinbaum-propone-destinar-1-del-gasto-militar-a-programa-de-reforestacion-mas-grande-de-la-historia\/\",\"url\":\"https:\/\/www.pressenza.com\/es\/2024\/11\/claudia-sheinbaum-propone-destinar-1-del-gasto-militar-a-programa-de-reforestacion-mas-grande-de-la-historia\/\",\"name\":\"Claudia Sheinbaum propone destinar 1% del gasto militar a programa de reforestaci\u00f3n m\u00e1s grande de la historia\",\"isPartOf\":{\"@id\":\"https:\/\/www.pressenza.com\/es\/#website\"},\"primaryImageOfPage\":{\"@id\":\"https:\/\/www.pressenza.com\/es\/2024\/11\/claudia-sheinbaum-propone-destinar-1-del-gasto-militar-a-programa-de-reforestacion-mas-grande-de-la-historia\/#primaryimage\"},\"image\":{\"@id\":\"https:\/\/www.pressenza.com\/es\/2024\/11\/claudia-sheinbaum-propone-destinar-1-del-gasto-militar-a-programa-de-reforestacion-mas-grande-de-la-historia\/#primaryimage\"},\"thumbnailUrl\":\"https:\/\/www.pressenza.com\/wp-content\/uploads\/2024\/11\/post_0e5c0ec1-6d07-4d6d-8ee3-2704dc7333f6.jpeg\",\"datePublished\":\"2024-11-19T16:17:08+00:00\",\"description\":\"\u201cLa propuesta es dejar de sembrar guerras, sembremos paz y sembremos vida\u201d En la Cumbre del G20 que tiene lugar en R\u00edo de Janeiro, Brasil, la Presidenta\",\"breadcrumb\":{\"@id\":\"https:\/\/www.pressenza.com\/es\/2024\/11\/claudia-sheinbaum-propone-destinar-1-del-gasto-militar-a-programa-de-reforestacion-mas-grande-de-la-historia\/#breadcrumb\"},\"inLanguage\":\"es\",\"potentialAction\":[{\"@type\":\"ReadAction\",\"target\":[\"https:\/\/www.pressenza.com\/es\/2024\/11\/claudia-sheinbaum-propone-destinar-1-del-gasto-militar-a-programa-de-reforestacion-mas-grande-de-la-historia\/\"]}]},{\"@type\":\"ImageObject\",\"inLanguage\":\"es\",\"@id\":\"https:\/\/www.pressenza.com\/es\/2024\/11\/claudia-sheinbaum-propone-destinar-1-del-gasto-militar-a-programa-de-reforestacion-mas-grande-de-la-historia\/#primaryimage\",\"url\":\"https:\/\/www.pressenza.com\/wp-content\/uploads\/2024\/11\/post_0e5c0ec1-6d07-4d6d-8ee3-2704dc7333f6.jpeg\",\"contentUrl\":\"https:\/\/www.pressenza.com\/wp-content\/uploads\/2024\/11\/post_0e5c0ec1-6d07-4d6d-8ee3-2704dc7333f6.jpeg\",\"width\":650,\"height\":380},{\"@type\":\"BreadcrumbList\",\"@id\":\"https:\/\/www.pressenza.com\/es\/2024\/11\/claudia-sheinbaum-propone-destinar-1-del-gasto-militar-a-programa-de-reforestacion-mas-grande-de-la-historia\/#breadcrumb\",\"itemListElement\":[{\"@type\":\"ListItem\",\"position\":1,\"name\":\"Accueil\",\"item\":\"https:\/\/www.pressenza.com\/es\/\"},{\"@type\":\"ListItem\",\"position\":2,\"name\":\"Claudia Sheinbaum propone destinar 1% del gasto militar a programa de reforestaci\u00f3n m\u00e1s grande de la historia\"}]},{\"@type\":\"WebSite\",\"@id\":\"https:\/\/www.pressenza.com\/es\/#website\",\"url\":\"https:\/\/www.pressenza.com\/es\/\",\"name\":\"Pressenza\",\"description\":\"International Press Agency\",\"publisher\":{\"@id\":\"https:\/\/www.pressenza.com\/es\/#organization\"},\"potentialAction\":[{\"@type\":\"SearchAction\",\"target\":{\"@type\":\"EntryPoint\",\"urlTemplate\":\"https:\/\/www.pressenza.com\/es\/?s={search_term_string}\"},\"query-input\":{\"@type\":\"PropertyValueSpecification\",\"valueRequired\":true,\"valueName\":\"search_term_string\"}}],\"inLanguage\":\"es\"},{\"@type\":\"Organization\",\"@id\":\"https:\/\/www.pressenza.com\/es\/#organization\",\"name\":\"Pressenza\",\"url\":\"https:\/\/www.pressenza.com\/es\/\",\"logo\":{\"@type\":\"ImageObject\",\"inLanguage\":\"es\",\"@id\":\"https:\/\/www.pressenza.com\/es\/#\/schema\/logo\/image\/\",\"url\":\"https:\/\/www.pressenza.com\/wp-content\/uploads\/2022\/10\/pressenza_logo_200x200.jpg\",\"contentUrl\":\"https:\/\/www.pressenza.com\/wp-content\/uploads\/2022\/10\/pressenza_logo_200x200.jpg\",\"width\":200,\"height\":200,\"caption\":\"Pressenza\"},\"image\":{\"@id\":\"https:\/\/www.pressenza.com\/es\/#\/schema\/logo\/image\/\"},\"sameAs\":[\"https:\/\/www.facebook.com\/PressenzaItalia\",\"https:\/\/x.com\/PressenzaIPA\"]},{\"@type\":\"Person\",\"@id\":\"https:\/\/www.pressenza.com\/es\/#\/schema\/person\/ea3a5d108f4abbf76bec1ad953cf74f4\",\"name\":\"Redacci\u00f3n M\u00e9xico\",\"description\":\"News published by the Pressenza Bureau in Mexico\",\"url\":\"https:\/\/www.pressenza.com\/es\/author\/redaccion-mexico\/\"}]}<\/script>\n<!-- \/ Yoast SEO plugin. -->","yoast_head_json":{"title":"Claudia Sheinbaum propone destinar 1% del gasto militar a programa de reforestaci\u00f3n m\u00e1s grande de la historia","description":"\u201cLa propuesta es dejar de sembrar guerras, sembremos paz y sembremos vida\u201d En la Cumbre del G20 que tiene lugar en R\u00edo de Janeiro, Brasil, la Presidenta","robots":{"index":"index","follow":"follow","max-snippet":"max-snippet:-1","max-image-preview":"max-image-preview:large","max-video-preview":"max-video-preview:-1"},"canonical":"https:\/\/www.pressenza.com\/es\/2024\/11\/claudia-sheinbaum-propone-destinar-1-del-gasto-militar-a-programa-de-reforestacion-mas-grande-de-la-historia\/","og_locale":"es_ES","og_type":"article","og_title":"Claudia Sheinbaum propone destinar 1% del gasto militar a programa de reforestaci\u00f3n m\u00e1s grande de la historia","og_description":"\u201cLa propuesta es dejar de sembrar guerras, sembremos paz y sembremos vida\u201d En la Cumbre del G20 que tiene lugar en R\u00edo de Janeiro, Brasil, la Presidenta","og_url":"https:\/\/www.pressenza.com\/es\/2024\/11\/claudia-sheinbaum-propone-destinar-1-del-gasto-militar-a-programa-de-reforestacion-mas-grande-de-la-historia\/","og_site_name":"Pressenza","article_publisher":"https:\/\/www.facebook.com\/PressenzaItalia","article_published_time":"2024-11-19T16:17:08+00:00","og_image":[{"width":650,"height":380,"url":"https:\/\/www.pressenza.com\/wp-content\/uploads\/2024\/11\/post_0e5c0ec1-6d07-4d6d-8ee3-2704dc7333f6.jpeg","type":"image\/jpeg"}],"author":"Redacci\u00f3n M\u00e9xico","twitter_card":"summary_large_image","twitter_creator":"@PressenzaIPA","twitter_site":"@PressenzaIPA","twitter_misc":{"Escrito por":"Redacci\u00f3n M\u00e9xico","Tiempo de lectura":"3 minutos"},"schema":{"@context":"https:\/\/schema.org","@graph":[{"@type":"Article","@id":"https:\/\/www.pressenza.com\/es\/2024\/11\/claudia-sheinbaum-propone-destinar-1-del-gasto-militar-a-programa-de-reforestacion-mas-grande-de-la-historia\/#article","isPartOf":{"@id":"https:\/\/www.pressenza.com\/es\/2024\/11\/claudia-sheinbaum-propone-destinar-1-del-gasto-militar-a-programa-de-reforestacion-mas-grande-de-la-historia\/"},"author":{"name":"Redacci\u00f3n M\u00e9xico","@id":"https:\/\/www.pressenza.com\/es\/#\/schema\/person\/ea3a5d108f4abbf76bec1ad953cf74f4"},"headline":"Claudia Sheinbaum propone destinar 1% del gasto militar a programa de reforestaci\u00f3n m\u00e1s grande de la historia","datePublished":"2024-11-19T16:17:08+00:00","mainEntityOfPage":{"@id":"https:\/\/www.pressenza.com\/es\/2024\/11\/claudia-sheinbaum-propone-destinar-1-del-gasto-militar-a-programa-de-reforestacion-mas-grande-de-la-historia\/"},"wordCount":603,"publisher":{"@id":"https:\/\/www.pressenza.com\/es\/#organization"},"image":{"@id":"https:\/\/www.pressenza.com\/es\/2024\/11\/claudia-sheinbaum-propone-destinar-1-del-gasto-militar-a-programa-de-reforestacion-mas-grande-de-la-historia\/#primaryimage"},"thumbnailUrl":"https:\/\/www.pressenza.com\/wp-content\/uploads\/2024\/11\/post_0e5c0ec1-6d07-4d6d-8ee3-2704dc7333f6.jpeg","keywords":["Claudia Sheinbaum","G20","reducci\u00f3n gastos militares","reforestaci\u00f3n"],"articleSection":["Asuntos internacionales","Contenido Original","Ecolog\u00eda y Medio Ambiente","Internacional","Noticia"],"inLanguage":"es"},{"@type":"WebPage","@id":"https:\/\/www.pressenza.com\/es\/2024\/11\/claudia-sheinbaum-propone-destinar-1-del-gasto-militar-a-programa-de-reforestacion-mas-grande-de-la-historia\/","url":"https:\/\/www.pressenza.com\/es\/2024\/11\/claudia-sheinbaum-propone-destinar-1-del-gasto-militar-a-programa-de-reforestacion-mas-grande-de-la-historia\/","name":"Claudia Sheinbaum propone destinar 1% del gasto militar a programa de reforestaci\u00f3n m\u00e1s grande de la historia","isPartOf":{"@id":"https:\/\/www.pressenza.com\/es\/#website"},"primaryImageOfPage":{"@id":"https:\/\/www.pressenza.com\/es\/2024\/11\/claudia-sheinbaum-propone-destinar-1-del-gasto-militar-a-programa-de-reforestacion-mas-grande-de-la-historia\/#primaryimage"},"image":{"@id":"https:\/\/www.pressenza.com\/es\/2024\/11\/claudia-sheinbaum-propone-destinar-1-del-gasto-militar-a-programa-de-reforestacion-mas-grande-de-la-historia\/#primaryimage"},"thumbnailUrl":"https:\/\/www.pressenza.com\/wp-content\/uploads\/2024\/11\/post_0e5c0ec1-6d07-4d6d-8ee3-2704dc7333f6.jpeg","datePublished":"2024-11-19T16:17:08+00:00","description":"\u201cLa propuesta es dejar de sembrar guerras, sembremos paz y sembremos vida\u201d En la Cumbre del G20 que tiene lugar en R\u00edo de Janeiro, Brasil, la Presidenta","breadcrumb":{"@id":"https:\/\/www.pressenza.com\/es\/2024\/11\/claudia-sheinbaum-propone-destinar-1-del-gasto-militar-a-programa-de-reforestacion-mas-grande-de-la-historia\/#breadcrumb"},"inLanguage":"es","potentialAction":[{"@type":"ReadAction","target":["https:\/\/www.pressenza.com\/es\/2024\/11\/claudia-sheinbaum-propone-destinar-1-del-gasto-militar-a-programa-de-reforestacion-mas-grande-de-la-historia\/"]}]},{"@type":"ImageObject","inLanguage":"es","@id":"https:\/\/www.pressenza.com\/es\/2024\/11\/claudia-sheinbaum-propone-destinar-1-del-gasto-militar-a-programa-de-reforestacion-mas-grande-de-la-historia\/#primaryimage","url":"https:\/\/www.pressenza.com\/wp-content\/uploads\/2024\/11\/post_0e5c0ec1-6d07-4d6d-8ee3-2704dc7333f6.jpeg","contentUrl":"https:\/\/www.pressenza.com\/wp-content\/uploads\/2024\/11\/post_0e5c0ec1-6d07-4d6d-8ee3-2704dc7333f6.jpeg","width":650,"height":380},{"@type":"BreadcrumbList","@id":"https:\/\/www.pressenza.com\/es\/2024\/11\/claudia-sheinbaum-propone-destinar-1-del-gasto-militar-a-programa-de-reforestacion-mas-grande-de-la-historia\/#breadcrumb","itemListElement":[{"@type":"ListItem","position":1,"name":"Accueil","item":"https:\/\/www.pressenza.com\/es\/"},{"@type":"ListItem","position":2,"name":"Claudia Sheinbaum propone destinar 1% del gasto militar a programa de reforestaci\u00f3n m\u00e1s grande de la historia"}]},{"@type":"WebSite","@id":"https:\/\/www.pressenza.com\/es\/#website","url":"https:\/\/www.pressenza.com\/es\/","name":"Pressenza","description":"International Press Agency","publisher":{"@id":"https:\/\/www.pressenza.com\/es\/#organization"},"potentialAction":[{"@type":"SearchAction","target":{"@type":"EntryPoint","urlTemplate":"https:\/\/www.pressenza.com\/es\/?s={search_term_string}"},"query-input":{"@type":"PropertyValueSpecification","valueRequired":true,"valueName":"search_term_string"}}],"inLanguage":"es"},{"@type":"Organization","@id":"https:\/\/www.pressenza.com\/es\/#organization","name":"Pressenza","url":"https:\/\/www.pressenza.com\/es\/","logo":{"@type":"ImageObject","inLanguage":"es","@id":"https:\/\/www.pressenza.com\/es\/#\/schema\/logo\/image\/","url":"https:\/\/www.pressenza.com\/wp-content\/uploads\/2022\/10\/pressenza_logo_200x200.jpg","contentUrl":"https:\/\/www.pressenza.com\/wp-content\/uploads\/2022\/10\/pressenza_logo_200x200.jpg","width":200,"height":200,"caption":"Pressenza"},"image":{"@id":"https:\/\/www.pressenza.com\/es\/#\/schema\/logo\/image\/"},"sameAs":["https:\/\/www.facebook.com\/PressenzaItalia","https:\/\/x.com\/PressenzaIPA"]},{"@type":"Person","@id":"https:\/\/www.pressenza.com\/es\/#\/schema\/person\/ea3a5d108f4abbf76bec1ad953cf74f4","name":"Redacci\u00f3n M\u00e9xico","description":"News published by the Pressenza Bureau in Mexico","url":"https:\/\/www.pressenza.com\/es\/author\/redaccion-mexico\/"}]}},"place":"R\u00edo de Janeiro, Brasil","original_article_url":"","_links":{"self":[{"href":"https:\/\/www.pressenza.com\/es\/wp-json\/wp\/v2\/posts\/2563941","targetHints":{"allow":["GET"]}}],"collection":[{"href":"https:\/\/www.pressenza.com\/es\/wp-json\/wp\/v2\/posts"}],"about":[{"href":"https:\/\/www.pressenza.com\/es\/wp-json\/wp\/v2\/types\/post"}],"author":[{"embeddable":true,"href":"https:\/\/www.pressenza.com\/es\/wp-json\/wp\/v2\/users\/1300"}],"replies":[{"embeddable":true,"href":"https:\/\/www.pressenza.com\/es\/wp-json\/wp\/v2\/comments?post=2563941"}],"version-history":[{"count":0,"href":"https:\/\/www.pressenza.com\/es\/wp-json\/wp\/v2\/posts\/2563941\/revisions"}],"wp:featuredmedia":[{"embeddable":true,"href":"https:\/\/www.pressenza.com\/es\/wp-json\/wp\/v2\/media\/2563942"}],"wp:attachment":[{"href":"https:\/\/www.pressenza.com\/es\/wp-json\/wp\/v2\/media?parent=2563941"}],"wp:term":[{"taxonomy":"category","embeddable":true,"href":"https:\/\/www.pressenza.com\/es\/wp-json\/wp\/v2\/categories?post=2563941"},{"taxonomy":"post_tag","embeddable":true,"href":"https:\/\/www.pressenza.com\/es\/wp-json\/wp\/v2\/tags?post=2563941"}],"curies":[{"name":"wp","href":"https:\/\/api.w.org\/{rel}","templated":true}]}}