{"id":2562487,"date":"2024-11-13T16:19:01","date_gmt":"2024-11-13T16:19:01","guid":{"rendered":"https:\/\/www.pressenza.com\/?p=2562487"},"modified":"2024-11-13T21:59:09","modified_gmt":"2024-11-13T21:59:09","slug":"senegal-en-el-umbral-del-cambio","status":"publish","type":"post","link":"https:\/\/www.pressenza.com\/es\/2024\/11\/senegal-en-el-umbral-del-cambio\/","title":{"rendered":"\u00bfSenegal en el umbral del cambio?"},"content":{"rendered":"<div class=\"entry-headline\">\n<p>PIA Global.<\/p>\n<p>Por V\u00edktor Goncharov*-<br \/>\nUn mes antes de las elecciones legislativas extraordinarias, el presidente Bassirou Diomaye Faye y el primer ministro Ousmane Sonko anunciaron el 14 de octubre un ambicioso plan de desarrollo para el pa\u00eds durante los pr\u00f3ximos 25 a\u00f1os.<\/p>\n<\/div>\n<div class=\"entry-content\">\n<p>El plan, seg\u00fan France 24, pretende hacer de Senegal, seg\u00fan Faye, un \u00abpa\u00eds soberano, justo y pr\u00f3spero\u00bb, un actor regional de primer orden y una especie de \u00abmodelo de desarrollo para los Estados africanos\u00bb.<\/p>\n<p>De hecho, la riqueza natural de Senegal est\u00e1 excesivamente controlada por el capital extranjero.<\/p>\n<p>Ante la urgente necesidad de reestructurar las estructuras econ\u00f3micas, el Primer Ministro Ousmane Sonko, por su parte, considera que \u201clos modelos de desarrollo que nos fueron propuestos y aplicados en el pasado no han podido guiar a nuestro pa\u00eds por el camino del desarrollo sostenible y han fracasado\u201d.<\/p>\n<p>\u201cAs\u00ed pretendemos poner fin a la era del endeudamiento imprudente que se ha utilizado para invertir en proyectos que nada tienen que ver con el desarrollo soberano nacional\u201d, resumi\u00f3 el Primer Ministro y sugiri\u00f3 en este sentido centrarse en Jap\u00f3n, donde falta de recursos minerales, como un ejemplo convincente de desarrollo exitoso para todas las naciones africanas.<\/p>\n<p><strong>\u201cSenegal 2050\u201d<\/strong><\/p>\n<p>Presentado bajo el t\u00edtulo \u201cSenegal 2050\u201d, el plan prev\u00e9 a lo largo de 25 a\u00f1os la eliminaci\u00f3n de la dependencia y la deuda externa y el logro de la soberan\u00eda econ\u00f3mica mediante un uso m\u00e1s eficiente de los recursos naturales, en particular el petr\u00f3leo y el gas, el desarrollo del capital humano y la mejora de la administraci\u00f3n p\u00fablica. . El objetivo es reducir la dependencia del pa\u00eds de las exportaciones de materias primas organizando su posterior procesamiento local, estimulando as\u00ed el desarrollo del sector privado nacional.<\/p>\n<p>Se prev\u00e9 que hasta 2050, el petr\u00f3leo y el gas y otros sectores crecer\u00e1n a una tasa anual promedio del 6% y triplicar\u00e1n el ingreso per c\u00e1pita. El plan exige un acceso del 100% a la electricidad durante el per\u00edodo de implementaci\u00f3n, frente al nivel actual del 68%.<\/p>\n<p>Con reservas de hidrocarburos en la meseta senegalesa estimadas en mil millones de barriles de petr\u00f3leo y 40 billones de pies c\u00fabicos de gas, las nuevas autoridades esperan que el sector del petr\u00f3leo y el gas sea el principal motor de la econom\u00eda senegalesa en los pr\u00f3ximos a\u00f1os.<\/p>\n<p>Seg\u00fan estimaciones preliminares de la compa\u00f1\u00eda petrolera senegalesa Petrosen, se espera que los ingresos del petr\u00f3leo y el gas superen los mil millones de d\u00f3lares al a\u00f1o durante las pr\u00f3ximas tres d\u00e9cadas. Y planean hacerlo renegociando contratos con compa\u00f1\u00edas extranjeras de petr\u00f3leo y gas.<\/p>\n<p>El presidente Bassirou Diomaye Faye, en su primer discurso al pueblo en abril de este a\u00f1o, declar\u00f3 que \u00abel uso de los recursos naturales del pa\u00eds, que seg\u00fan la constituci\u00f3n pertenecen al pueblo, estar\u00e1 bajo el control especial de mi gobierno\u00bb.<\/p>\n<p><strong>Car\u00e1cter depredador de las empresas extranjeras<\/strong><\/p>\n<p>Pero resulta que la riqueza natural de Senegal, propiedad del pueblo, en realidad est\u00e1 excesivamente controlada por el capital extranjero. Por ejemplo, la empresa australiana Woodside Energy posee el 82% del proyecto petrolero Sangomar que lanz\u00f3 en junio de este a\u00f1o y Petrosen, una empresa estatal senegalesa, el 18%. En otros campos, que la misma empresa prepara para la puesta en servicio, la proporci\u00f3n es a\u00fan mayor: el 90%.<\/p>\n<p>Lo mismo ocurre con las empresas estadounidenses. Despu\u00e9s de que la brit\u00e1nica BP se retirara de su proyecto marino en Yakaar-Teranga con reservas de gas de unos 25 billones de pies c\u00fabicos, la texana Kosmos Energy adquiri\u00f3 el 90% de las acciones de la compa\u00f1\u00eda, que comenzar\u00e1 a operar a finales de este a\u00f1o.<\/p>\n<p>Se espera que BP y Kosmos Energy pongan en marcha a finales de a\u00f1o una planta de gas natural con una capacidad de 2,5 millones de toneladas de GNL al a\u00f1o en el gigantesco campo Greater Torture Ahmeyim, situado en la meseta entre Senegal y Mauritania. Las acciones de este proyecto se distribuyen de la siguiente manera: BP-56, Kosmos Energy-27, Petrosen-10 y la petrolera mauritana SMNPM-7.<\/p>\n<p>As\u00ed, Senegal, que est\u00e1 a punto de convertirse en un importante productor de petr\u00f3leo y gas, se enfrenta a una distribuci\u00f3n injusta de los ingresos procedentes de la explotaci\u00f3n de sus recursos naturales, que es esencialmente predatoria.<\/p>\n<p>Para resolver este problema, el Primer Ministro Ousmane Sonko cre\u00f3 una comisi\u00f3n encargada de examinar los contratos celebrados con compa\u00f1\u00edas extranjeras de petr\u00f3leo y gas para, como indica en la edici\u00f3n americana de Maritime Executive, \u00abequilibrar la proporci\u00f3n de participaciones entre socios extranjeros y nacionales en tama\u00f1os que conviene a ambas partes\u201d.<\/p>\n<p>Para el futuro inmediato de este plan de 25 a\u00f1os, se espera que el crecimiento anual del PIB est\u00e9 entre el 6,5 y el 7% durante el per\u00edodo 2025-2029, y que la deuda p\u00fablica aumente del 83,7% en 2023 al 70% en 2029. Per c\u00e1pita Se espera que los ingresos aumenten aproximadamente un 50% durante este per\u00edodo de cinco a\u00f1os, desde el nivel actual de $1,660 a $2468 en 2029.<\/p>\n<p><strong>\u00bfGanar\u00e1 las elecciones el programa de reformas socioecon\u00f3micas?<\/strong><\/p>\n<p>Se espera que el proyecto de cinco a\u00f1os cueste 30 mil millones de d\u00f3lares, incluso mediante capital privado. En este sentido, el ex Ministro de Comercio Mamadou Diop Decroix, en una entrevista con la radio francesa RFI, para evitar perturbaciones en la financiaci\u00f3n de los gastos presupuestarios, aconsej\u00f3 al Gobierno \u00abluchar m\u00e1s eficazmente contra la corrupci\u00f3n y aumentar los ingresos fiscales\u00bb.<\/p>\n<p>Los principales impulsores del crecimiento econ\u00f3mico, como se describe en el plan, ser\u00e1n los ocho centros regionales conectados por corredores carreteros, ferroviarios y fluviales.<\/p>\n<p>Para reducir la tasa de desempleo entre la generaci\u00f3n joven del pa\u00eds, que vot\u00f3 abrumadoramente por el actual presidente en marzo de este a\u00f1o, durante los pr\u00f3ximos cinco a\u00f1os, la naturaleza ladrona tiene previsto formar mano de obra cualificada y especialistas que suman 700.000 personas.<\/p>\n<p>Al evaluar las actividades de las nuevas autoridades en Senegal, incluido el desarrollo de un plan de desarrollo econ\u00f3mico y social de 25 a\u00f1os, el canal de televisi\u00f3n franc\u00e9s France 24 calific\u00f3 todo esto como \u00abparte de la ruptura radical con el pasado, prometida por el presidente Bassirou Diomaye Faye despu\u00e9s su toma de posesi\u00f3n el pasado mes de abril.<\/p>\n<p>Y esto no es inesperado en un pa\u00eds que, durante d\u00e9cadas despu\u00e9s de la independencia, fue el basti\u00f3n de la influencia francesa en el continente. En este contexto, por ejemplo, la agencia estadounidense The Associated Press cita una declaraci\u00f3n del profesor Adjarat Salla de la Universidad de Dakar seg\u00fan la cual \u00ablos senegaleses quieren deshacerse de todos los vestigios del pasado colonial, incluida la lengua francesa, para para redescubrir su identidad cultural.<\/p>\n<p>Y este cambio de mentalidad de los senegaleses, se\u00f1ala la agencia, se produce en un contexto de reconsideraci\u00f3n por parte de muchos pa\u00edses de \u00c1frica occidental de sus relaciones con Francia. Algunos de ellos, como Burkina Faso y Mal\u00ed, han abandonado el franc\u00e9s como lengua oficial y han prohibido muchos medios de comunicaci\u00f3n franceses.<\/p>\n<p>En cuanto a Senegal, su presidente Bassirou Diomaye Faye no asisti\u00f3 a la Cumbre anual de la Francofon\u00eda que se celebr\u00f3 los d\u00edas 4 y 5 de octubre en Par\u00eds y en el castillo de Viller-Kotter, a 80 kil\u00f3metros de la capital, a donde regresaron los l\u00edderes de muchos pa\u00edses, el El primer ministro armenio, Nikol Pashinian, y envi\u00f3 en su lugar a su ministro de Asuntos Exteriores, Yassin Fall.<\/p>\n<p>Pero incluso estas manifestaciones simb\u00f3licas de la independencia y autonom\u00eda de las nuevas autoridades suscitan la oposici\u00f3n del antiguo r\u00e9gimen.<\/p>\n<p>Si la coalici\u00f3n de partidos de la oposici\u00f3n gana las pr\u00f3ximas elecciones, las promesas del actual presidente Bassirou Diomaye Faye de implementar reformas radicales para mejorar la situaci\u00f3n econ\u00f3mica de la gente com\u00fan quedar\u00e1n en el papel y, como se\u00f1ala Reuters, podr\u00edan desestabilizar gravemente la situaci\u00f3n y crear una nueva ola de malestar pol\u00edtico interno en el pa\u00eds, como se vio recientemente durante el gobierno del ex presidente Macky Salla.<\/p>\n<p><strong>*Viktor Goncharov,<\/strong> experto en \u00c1frica, doctor en econom\u00eda<\/p>\n<\/div>\n","protected":false},"excerpt":{"rendered":"<p>PIA Global. Por V\u00edktor Goncharov*- Un mes antes de las elecciones legislativas extraordinarias, el presidente Bassirou Diomaye Faye y el primer ministro Ousmane Sonko anunciaron el 14 de octubre un ambicioso plan de desarrollo para el pa\u00eds durante los pr\u00f3ximos&hellip;<\/p>\n","protected":false},"author":2099,"featured_media":2562488,"comment_status":"closed","ping_status":"closed","sticky":false,"template":"","format":"standard","meta":{"footnotes":""},"categories":[64,76,1241,81,74],"tags":[129095,129094,129096,11762,88350],"class_list":["post-2562487","post","type-post","status-publish","format-standard","has-post-thumbnail","hentry","category-africa-es","category-relaciones-exteriores","category-diversidad","category-economia-es","category-politica-es","tag-bassirou-diomaye-faye-es","tag-elecciones-legislativas-extraordinarias","tag-ousmane-es","tag-senegal-es","tag-sonko"],"yoast_head":"<!-- This site is optimized with the Yoast SEO plugin v27.1.1 - https:\/\/yoast.com\/product\/yoast-seo-wordpress\/ -->\n<title>\u00bfSenegal en el umbral del cambio?<\/title>\n<meta name=\"description\" content=\"PIA Global. Por V\u00edktor Goncharov*- Un mes antes de las elecciones legislativas extraordinarias, el presidente Bassirou Diomaye Faye y el primer ministro\" \/>\n<meta name=\"robots\" content=\"index, follow, max-snippet:-1, max-image-preview:large, max-video-preview:-1\" \/>\n<link rel=\"canonical\" href=\"https:\/\/www.pressenza.com\/es\/2024\/11\/senegal-en-el-umbral-del-cambio\/\" \/>\n<meta property=\"og:locale\" content=\"es_ES\" \/>\n<meta property=\"og:type\" content=\"article\" \/>\n<meta property=\"og:title\" content=\"\u00bfSenegal en el umbral del cambio?\" \/>\n<meta property=\"og:description\" content=\"PIA Global. Por V\u00edktor Goncharov*- Un mes antes de las elecciones legislativas extraordinarias, el presidente Bassirou Diomaye Faye y el primer ministro\" \/>\n<meta property=\"og:url\" content=\"https:\/\/www.pressenza.com\/es\/2024\/11\/senegal-en-el-umbral-del-cambio\/\" \/>\n<meta property=\"og:site_name\" content=\"Pressenza\" \/>\n<meta property=\"article:publisher\" content=\"https:\/\/www.facebook.com\/PressenzaItalia\" \/>\n<meta property=\"article:published_time\" content=\"2024-11-13T16:19:01+00:00\" \/>\n<meta property=\"article:modified_time\" content=\"2024-11-13T21:59:09+00:00\" \/>\n<meta property=\"og:image\" content=\"https:\/\/www.pressenza.com\/wp-content\/uploads\/2024\/11\/1200x655_senegal-1024x559-1.jpg\" \/>\n\t<meta property=\"og:image:width\" content=\"1024\" \/>\n\t<meta property=\"og:image:height\" content=\"559\" \/>\n\t<meta property=\"og:image:type\" content=\"image\/jpeg\" \/>\n<meta name=\"author\" content=\"IHPS\" \/>\n<meta name=\"twitter:card\" content=\"summary_large_image\" \/>\n<meta name=\"twitter:creator\" content=\"@PressenzaIPA\" \/>\n<meta name=\"twitter:site\" content=\"@PressenzaIPA\" \/>\n<meta name=\"twitter:label1\" content=\"Escrito por\" \/>\n\t<meta name=\"twitter:data1\" content=\"IHPS\" \/>\n\t<meta name=\"twitter:label2\" content=\"Tiempo de lectura\" \/>\n\t<meta name=\"twitter:data2\" content=\"7 minutos\" \/>\n<script type=\"application\/ld+json\" class=\"yoast-schema-graph\">{\"@context\":\"https:\/\/schema.org\",\"@graph\":[{\"@type\":\"Article\",\"@id\":\"https:\/\/www.pressenza.com\/es\/2024\/11\/senegal-en-el-umbral-del-cambio\/#article\",\"isPartOf\":{\"@id\":\"https:\/\/www.pressenza.com\/es\/2024\/11\/senegal-en-el-umbral-del-cambio\/\"},\"author\":{\"name\":\"IHPS\",\"@id\":\"https:\/\/www.pressenza.com\/es\/#\/schema\/person\/d5ec6967bd81144e354045096ec84b6b\"},\"headline\":\"\u00bfSenegal en el umbral del cambio?\",\"datePublished\":\"2024-11-13T16:19:01+00:00\",\"dateModified\":\"2024-11-13T21:59:09+00:00\",\"mainEntityOfPage\":{\"@id\":\"https:\/\/www.pressenza.com\/es\/2024\/11\/senegal-en-el-umbral-del-cambio\/\"},\"wordCount\":1407,\"publisher\":{\"@id\":\"https:\/\/www.pressenza.com\/es\/#organization\"},\"image\":{\"@id\":\"https:\/\/www.pressenza.com\/es\/2024\/11\/senegal-en-el-umbral-del-cambio\/#primaryimage\"},\"thumbnailUrl\":\"https:\/\/www.pressenza.com\/wp-content\/uploads\/2024\/11\/1200x655_senegal-1024x559-1.jpg\",\"keywords\":[\"Bassirou Diomaye Faye\",\"elecciones legislativas extraordinarias\",\"ousmane\",\"Senegal\",\"Sonko\"],\"articleSection\":[\"Africa\",\"Asuntos internacionales\",\"Diversidad\",\"Econom\u00eda\",\"Pol\u00edtica\"],\"inLanguage\":\"es\"},{\"@type\":\"WebPage\",\"@id\":\"https:\/\/www.pressenza.com\/es\/2024\/11\/senegal-en-el-umbral-del-cambio\/\",\"url\":\"https:\/\/www.pressenza.com\/es\/2024\/11\/senegal-en-el-umbral-del-cambio\/\",\"name\":\"\u00bfSenegal en el umbral del cambio?\",\"isPartOf\":{\"@id\":\"https:\/\/www.pressenza.com\/es\/#website\"},\"primaryImageOfPage\":{\"@id\":\"https:\/\/www.pressenza.com\/es\/2024\/11\/senegal-en-el-umbral-del-cambio\/#primaryimage\"},\"image\":{\"@id\":\"https:\/\/www.pressenza.com\/es\/2024\/11\/senegal-en-el-umbral-del-cambio\/#primaryimage\"},\"thumbnailUrl\":\"https:\/\/www.pressenza.com\/wp-content\/uploads\/2024\/11\/1200x655_senegal-1024x559-1.jpg\",\"datePublished\":\"2024-11-13T16:19:01+00:00\",\"dateModified\":\"2024-11-13T21:59:09+00:00\",\"description\":\"PIA Global. Por V\u00edktor Goncharov*- Un mes antes de las elecciones legislativas extraordinarias, el presidente Bassirou Diomaye Faye y el primer ministro\",\"breadcrumb\":{\"@id\":\"https:\/\/www.pressenza.com\/es\/2024\/11\/senegal-en-el-umbral-del-cambio\/#breadcrumb\"},\"inLanguage\":\"es\",\"potentialAction\":[{\"@type\":\"ReadAction\",\"target\":[\"https:\/\/www.pressenza.com\/es\/2024\/11\/senegal-en-el-umbral-del-cambio\/\"]}]},{\"@type\":\"ImageObject\",\"inLanguage\":\"es\",\"@id\":\"https:\/\/www.pressenza.com\/es\/2024\/11\/senegal-en-el-umbral-del-cambio\/#primaryimage\",\"url\":\"https:\/\/www.pressenza.com\/wp-content\/uploads\/2024\/11\/1200x655_senegal-1024x559-1.jpg\",\"contentUrl\":\"https:\/\/www.pressenza.com\/wp-content\/uploads\/2024\/11\/1200x655_senegal-1024x559-1.jpg\",\"width\":1024,\"height\":559},{\"@type\":\"BreadcrumbList\",\"@id\":\"https:\/\/www.pressenza.com\/es\/2024\/11\/senegal-en-el-umbral-del-cambio\/#breadcrumb\",\"itemListElement\":[{\"@type\":\"ListItem\",\"position\":1,\"name\":\"Accueil\",\"item\":\"https:\/\/www.pressenza.com\/es\/\"},{\"@type\":\"ListItem\",\"position\":2,\"name\":\"\u00bfSenegal en el umbral del cambio?\"}]},{\"@type\":\"WebSite\",\"@id\":\"https:\/\/www.pressenza.com\/es\/#website\",\"url\":\"https:\/\/www.pressenza.com\/es\/\",\"name\":\"Pressenza\",\"description\":\"International Press Agency\",\"publisher\":{\"@id\":\"https:\/\/www.pressenza.com\/es\/#organization\"},\"potentialAction\":[{\"@type\":\"SearchAction\",\"target\":{\"@type\":\"EntryPoint\",\"urlTemplate\":\"https:\/\/www.pressenza.com\/es\/?s={search_term_string}\"},\"query-input\":{\"@type\":\"PropertyValueSpecification\",\"valueRequired\":true,\"valueName\":\"search_term_string\"}}],\"inLanguage\":\"es\"},{\"@type\":\"Organization\",\"@id\":\"https:\/\/www.pressenza.com\/es\/#organization\",\"name\":\"Pressenza\",\"url\":\"https:\/\/www.pressenza.com\/es\/\",\"logo\":{\"@type\":\"ImageObject\",\"inLanguage\":\"es\",\"@id\":\"https:\/\/www.pressenza.com\/es\/#\/schema\/logo\/image\/\",\"url\":\"https:\/\/www.pressenza.com\/wp-content\/uploads\/2022\/10\/pressenza_logo_200x200.jpg\",\"contentUrl\":\"https:\/\/www.pressenza.com\/wp-content\/uploads\/2022\/10\/pressenza_logo_200x200.jpg\",\"width\":200,\"height\":200,\"caption\":\"Pressenza\"},\"image\":{\"@id\":\"https:\/\/www.pressenza.com\/es\/#\/schema\/logo\/image\/\"},\"sameAs\":[\"https:\/\/www.facebook.com\/PressenzaItalia\",\"https:\/\/x.com\/PressenzaIPA\"]},{\"@type\":\"Person\",\"@id\":\"https:\/\/www.pressenza.com\/es\/#\/schema\/person\/d5ec6967bd81144e354045096ec84b6b\",\"name\":\"IHPS\",\"description\":\"Ver en Humanipedia: https:\/\/es.humanipedia.org TELEGRAM: https:\/\/t.me\/IHPSnuevosparadigmas\",\"url\":\"https:\/\/www.pressenza.com\/es\/author\/ihps\/\"}]}<\/script>\n<!-- \/ Yoast SEO plugin. -->","yoast_head_json":{"title":"\u00bfSenegal en el umbral del cambio?","description":"PIA Global. Por V\u00edktor Goncharov*- Un mes antes de las elecciones legislativas extraordinarias, el presidente Bassirou Diomaye Faye y el primer ministro","robots":{"index":"index","follow":"follow","max-snippet":"max-snippet:-1","max-image-preview":"max-image-preview:large","max-video-preview":"max-video-preview:-1"},"canonical":"https:\/\/www.pressenza.com\/es\/2024\/11\/senegal-en-el-umbral-del-cambio\/","og_locale":"es_ES","og_type":"article","og_title":"\u00bfSenegal en el umbral del cambio?","og_description":"PIA Global. Por V\u00edktor Goncharov*- Un mes antes de las elecciones legislativas extraordinarias, el presidente Bassirou Diomaye Faye y el primer ministro","og_url":"https:\/\/www.pressenza.com\/es\/2024\/11\/senegal-en-el-umbral-del-cambio\/","og_site_name":"Pressenza","article_publisher":"https:\/\/www.facebook.com\/PressenzaItalia","article_published_time":"2024-11-13T16:19:01+00:00","article_modified_time":"2024-11-13T21:59:09+00:00","og_image":[{"width":1024,"height":559,"url":"https:\/\/www.pressenza.com\/wp-content\/uploads\/2024\/11\/1200x655_senegal-1024x559-1.jpg","type":"image\/jpeg"}],"author":"IHPS","twitter_card":"summary_large_image","twitter_creator":"@PressenzaIPA","twitter_site":"@PressenzaIPA","twitter_misc":{"Escrito por":"IHPS","Tiempo de lectura":"7 minutos"},"schema":{"@context":"https:\/\/schema.org","@graph":[{"@type":"Article","@id":"https:\/\/www.pressenza.com\/es\/2024\/11\/senegal-en-el-umbral-del-cambio\/#article","isPartOf":{"@id":"https:\/\/www.pressenza.com\/es\/2024\/11\/senegal-en-el-umbral-del-cambio\/"},"author":{"name":"IHPS","@id":"https:\/\/www.pressenza.com\/es\/#\/schema\/person\/d5ec6967bd81144e354045096ec84b6b"},"headline":"\u00bfSenegal en el umbral del cambio?","datePublished":"2024-11-13T16:19:01+00:00","dateModified":"2024-11-13T21:59:09+00:00","mainEntityOfPage":{"@id":"https:\/\/www.pressenza.com\/es\/2024\/11\/senegal-en-el-umbral-del-cambio\/"},"wordCount":1407,"publisher":{"@id":"https:\/\/www.pressenza.com\/es\/#organization"},"image":{"@id":"https:\/\/www.pressenza.com\/es\/2024\/11\/senegal-en-el-umbral-del-cambio\/#primaryimage"},"thumbnailUrl":"https:\/\/www.pressenza.com\/wp-content\/uploads\/2024\/11\/1200x655_senegal-1024x559-1.jpg","keywords":["Bassirou Diomaye Faye","elecciones legislativas extraordinarias","ousmane","Senegal","Sonko"],"articleSection":["Africa","Asuntos internacionales","Diversidad","Econom\u00eda","Pol\u00edtica"],"inLanguage":"es"},{"@type":"WebPage","@id":"https:\/\/www.pressenza.com\/es\/2024\/11\/senegal-en-el-umbral-del-cambio\/","url":"https:\/\/www.pressenza.com\/es\/2024\/11\/senegal-en-el-umbral-del-cambio\/","name":"\u00bfSenegal en el umbral del cambio?","isPartOf":{"@id":"https:\/\/www.pressenza.com\/es\/#website"},"primaryImageOfPage":{"@id":"https:\/\/www.pressenza.com\/es\/2024\/11\/senegal-en-el-umbral-del-cambio\/#primaryimage"},"image":{"@id":"https:\/\/www.pressenza.com\/es\/2024\/11\/senegal-en-el-umbral-del-cambio\/#primaryimage"},"thumbnailUrl":"https:\/\/www.pressenza.com\/wp-content\/uploads\/2024\/11\/1200x655_senegal-1024x559-1.jpg","datePublished":"2024-11-13T16:19:01+00:00","dateModified":"2024-11-13T21:59:09+00:00","description":"PIA Global. Por V\u00edktor Goncharov*- Un mes antes de las elecciones legislativas extraordinarias, el presidente Bassirou Diomaye Faye y el primer ministro","breadcrumb":{"@id":"https:\/\/www.pressenza.com\/es\/2024\/11\/senegal-en-el-umbral-del-cambio\/#breadcrumb"},"inLanguage":"es","potentialAction":[{"@type":"ReadAction","target":["https:\/\/www.pressenza.com\/es\/2024\/11\/senegal-en-el-umbral-del-cambio\/"]}]},{"@type":"ImageObject","inLanguage":"es","@id":"https:\/\/www.pressenza.com\/es\/2024\/11\/senegal-en-el-umbral-del-cambio\/#primaryimage","url":"https:\/\/www.pressenza.com\/wp-content\/uploads\/2024\/11\/1200x655_senegal-1024x559-1.jpg","contentUrl":"https:\/\/www.pressenza.com\/wp-content\/uploads\/2024\/11\/1200x655_senegal-1024x559-1.jpg","width":1024,"height":559},{"@type":"BreadcrumbList","@id":"https:\/\/www.pressenza.com\/es\/2024\/11\/senegal-en-el-umbral-del-cambio\/#breadcrumb","itemListElement":[{"@type":"ListItem","position":1,"name":"Accueil","item":"https:\/\/www.pressenza.com\/es\/"},{"@type":"ListItem","position":2,"name":"\u00bfSenegal en el umbral del cambio?"}]},{"@type":"WebSite","@id":"https:\/\/www.pressenza.com\/es\/#website","url":"https:\/\/www.pressenza.com\/es\/","name":"Pressenza","description":"International Press Agency","publisher":{"@id":"https:\/\/www.pressenza.com\/es\/#organization"},"potentialAction":[{"@type":"SearchAction","target":{"@type":"EntryPoint","urlTemplate":"https:\/\/www.pressenza.com\/es\/?s={search_term_string}"},"query-input":{"@type":"PropertyValueSpecification","valueRequired":true,"valueName":"search_term_string"}}],"inLanguage":"es"},{"@type":"Organization","@id":"https:\/\/www.pressenza.com\/es\/#organization","name":"Pressenza","url":"https:\/\/www.pressenza.com\/es\/","logo":{"@type":"ImageObject","inLanguage":"es","@id":"https:\/\/www.pressenza.com\/es\/#\/schema\/logo\/image\/","url":"https:\/\/www.pressenza.com\/wp-content\/uploads\/2022\/10\/pressenza_logo_200x200.jpg","contentUrl":"https:\/\/www.pressenza.com\/wp-content\/uploads\/2022\/10\/pressenza_logo_200x200.jpg","width":200,"height":200,"caption":"Pressenza"},"image":{"@id":"https:\/\/www.pressenza.com\/es\/#\/schema\/logo\/image\/"},"sameAs":["https:\/\/www.facebook.com\/PressenzaItalia","https:\/\/x.com\/PressenzaIPA"]},{"@type":"Person","@id":"https:\/\/www.pressenza.com\/es\/#\/schema\/person\/d5ec6967bd81144e354045096ec84b6b","name":"IHPS","description":"Ver en Humanipedia: https:\/\/es.humanipedia.org TELEGRAM: https:\/\/t.me\/IHPSnuevosparadigmas","url":"https:\/\/www.pressenza.com\/es\/author\/ihps\/"}]}},"place":"Dakar, Senegal","original_article_url":"https:\/\/noticiaspia.com\/senegal-en-el-umbral-del-cambio\/","_links":{"self":[{"href":"https:\/\/www.pressenza.com\/es\/wp-json\/wp\/v2\/posts\/2562487","targetHints":{"allow":["GET"]}}],"collection":[{"href":"https:\/\/www.pressenza.com\/es\/wp-json\/wp\/v2\/posts"}],"about":[{"href":"https:\/\/www.pressenza.com\/es\/wp-json\/wp\/v2\/types\/post"}],"author":[{"embeddable":true,"href":"https:\/\/www.pressenza.com\/es\/wp-json\/wp\/v2\/users\/2099"}],"replies":[{"embeddable":true,"href":"https:\/\/www.pressenza.com\/es\/wp-json\/wp\/v2\/comments?post=2562487"}],"version-history":[{"count":0,"href":"https:\/\/www.pressenza.com\/es\/wp-json\/wp\/v2\/posts\/2562487\/revisions"}],"wp:featuredmedia":[{"embeddable":true,"href":"https:\/\/www.pressenza.com\/es\/wp-json\/wp\/v2\/media\/2562488"}],"wp:attachment":[{"href":"https:\/\/www.pressenza.com\/es\/wp-json\/wp\/v2\/media?parent=2562487"}],"wp:term":[{"taxonomy":"category","embeddable":true,"href":"https:\/\/www.pressenza.com\/es\/wp-json\/wp\/v2\/categories?post=2562487"},{"taxonomy":"post_tag","embeddable":true,"href":"https:\/\/www.pressenza.com\/es\/wp-json\/wp\/v2\/tags?post=2562487"}],"curies":[{"name":"wp","href":"https:\/\/api.w.org\/{rel}","templated":true}]}}