{"id":2560968,"date":"2024-11-07T12:48:03","date_gmt":"2024-11-07T12:48:03","guid":{"rendered":"https:\/\/www.pressenza.com\/?p=2560968"},"modified":"2024-11-07T12:48:03","modified_gmt":"2024-11-07T12:48:03","slug":"sin-consentimiento-es-abuso-o-violacion","status":"publish","type":"post","link":"https:\/\/www.pressenza.com\/es\/2024\/11\/sin-consentimiento-es-abuso-o-violacion\/","title":{"rendered":"Sin consentimiento es abuso o violaci\u00f3n"},"content":{"rendered":"<p><strong>Falencias en la eficacia de las leyes<\/strong><br \/>\nEl a\u00f1o 2018, Patricia Cabello era mencionada por algunos medios comunicacionales, como la \u201cprotagonista\u201d (fue acosada sexual y laboralmente por su jefe) del primer caso sancionado en Chile por la Ley de Acoso Sexual (Ley 20.005). Esta Ley fue promulgada despu\u00e9s de 11 a\u00f1os de tramitaci\u00f3n en el Congreso; pese a que cifras del SERNAM indicaban que el 20% de las mujeres trabajadoras en Chile hab\u00edan sufrido acoso sexual.<br \/>\nParad\u00f3jicamente, fue anunciada el 8 de marzo del 2005 durante la celebraci\u00f3n del D\u00eda Internacional de la Mujer. En su primer a\u00f1o de vigencia se recibieron 264 casos denunciados en la Direcci\u00f3n del Trabajo.<br \/>\nNi la ley mencionada anteriormente ni otras relevantes como la Ley 20.821 (2015) que establece medidas para prevenir y sancionar el acoso sexual en el trabajo o la Ley 21.069 (2017) que regula el acoso sexual en la educaci\u00f3n superior, sumadas a todas las normativas relevantes y pertinentes a estas leyes, as\u00ed como tampoco las distintas leyes sobre violencia de g\u00e9nero, pudieron evitar la existencia al alza de esta violencia sist\u00e9mica permanente.<br \/>\nPara mayor desgracia, cuando estas violencias se dan conocer a trav\u00e9s de la prensa y medios de comunicaci\u00f3n, sobre todo en formato matinal, las editoriales lo abordan buscando el morbo para alcanzar mayor rating, indolentes frente a la experiencia traum\u00e1tica de un ser humano, saturando a una sociedad, que a los pocos d\u00edas, semanas o meses olvida el dolor y la verg\u00fcenza colectivos. Casos similares se repiten como un triste d\u00e9j\u00e0 vu en todos los \u00e1mbitos de relaciones humanas en nuestra sociedad.<\/p>\n<p><strong>El caso Monsalve (renunciado subsecretario del Ministerio del interior)<\/strong><br \/>\nEl 29 de octubre, una semana y media antes de conocerse la noticia de la denuncia por abuso sexual y violaci\u00f3n en contra de Manuel Monsalve, subsecretario del Interior del Gobierno del presidente Gabriel Boric, el Comit\u00e9 de la ONU para la Eliminaci\u00f3n de la Discriminaci\u00f3n contra las Mujeres habr\u00eda solicitado al gobierno intensificar los esfuerzos para sensibilizar a la opini\u00f3n p\u00fablica sobre el car\u00e1cter delictivo de todas las formas de violencia de g\u00e9nero, ante su recrudecimiento experimentado en nuestro pa\u00eds. Adem\u00e1s, se critic\u00f3 el bajo porcentaje de investigaci\u00f3n, juicios y condenas en relaci\u00f3n a denuncias existentes.<br \/>\nSolicitud muy atingente, dado que, en un mismo mes, se devel\u00f3 no s\u00f3lo el caso del subsecretario, sino tambi\u00e9n el caso de la diputada Marcela Riquelme, involucrada en un caso de denuncia por presunto abuso sexual hacia una colaboradora y militante del partido Frente Amplio; tambi\u00e9n el caso del exfutbolista Jorge \u201cMago\u201d Valdivia que qued\u00f3 inicialmente en prisi\u00f3n preventiva y luego en apelaci\u00f3n de la cautelar consigui\u00f3 arresto domiciliario nocturno, arraigo nacional y prohibici\u00f3n de acercarse a la v\u00edctima; adem\u00e1s de los casos de los reci\u00e9n electos alcaldes de la comuna de Victoria, Javier Jaramillo, quien podr\u00eda ir a la c\u00e1rcel, formalizado por violaci\u00f3n y abuso sexual agravado en contra de dos funcionarias municipales, entre 2016 y 2019; adem\u00e1s del caso de Miguel Rivera , alcalde reelecto de la comuna de Hualp\u00e9n, denunciado por abuso sexual por una funcionaria municipal en mayo pasado, respecto a hechos ocurrido entre 2021 y 2022, cuando a\u00fan no asum\u00eda la alcald\u00eda.<br \/>\nEl caso Monsalve tiene un precedente en las esferas gubernamentales. El 26 de mayo del 2023, tras conocerse una denuncia de acoso sexual en su contra, fue desvinculado quien era sindicado como el personero \u201cbisagra\u201d del Gobierno con la oposici\u00f3n, en el debate de la reforma de pensiones, nos referimos a el Subsecretario de Previsi\u00f3n Social de la \u00e9poca, Christian Larra\u00edn.<\/p>\n<p><strong>La cultura social del abuso y la violaci\u00f3n<\/strong><br \/>\nFrases como \u201clas mujeres dicen no cuando quieren decir si\u201d, \u201cpara qu\u00e9 se comporta as\u00ed, si con los hombres ya se sabe\u201d, \u201csi te trata mal es porque le gustas\u201d, \u201cfue un crimen pasional\u201d, \u201cella no es para pololear\u201d y la m\u00e1s aterradora y machista \u201cse lo busc\u00f3 por andar vestida as\u00ed\u201d, todas ellas reflejo de entornos sociales que permiten que la violencia sexual siga existiendo bas\u00e1ndose en las desigualdades de g\u00e9nero y nocivas actitudes sobre el g\u00e9nero y la sexualidad. La cultura del abuso sexual y violaci\u00f3n se refiere a un entorno social y cultural que tolera, permite e incluso fomenta el abuso sexual y la violaci\u00f3n y donde se normalizan y aceptan comportamientos abusivos de un ser humano sobre otro.<br \/>\nAs\u00ed se perpet\u00faan estereotipos de g\u00e9nero y prejuicios que justifican el abuso y la violencia, y, por consiguiente, la desigualdad y discriminaci\u00f3n de g\u00e9nero. Los abusos son ignorados, ocultados o minimizados y sus ejecutores no enfrentan consecuencias por sus actos. Peor a\u00fan, las v\u00edctimas se transforman incre\u00edblemente durante los procesos en culpables, siendo estigmatizadas en un relato social machista que tergiversa esta violencia, en una historia \u201cde pobres hombres, v\u00edctimas de una terrible generalizaci\u00f3n\u201d, haciendo que est\u00e1s vivencias traum\u00e1ticas se vuelvan, una y otra vez, invisibles, abandon\u00e1ndose malintencionadamente el foco de atenci\u00f3n en la ra\u00edz del problema.<\/p>\n<p><strong>Perfil y comportamiento de victimarios<\/strong><br \/>\nAl examinar comportamientos aceptados, nos encontramos con diferentes manifestaciones que permiten que siga existiendo la cultura de la violaci\u00f3n. Comportamientos como el acoso callejero, la violencia y abuso en contextos sociales, como en relaciones \u00edntimas y parentales, la difusi\u00f3n de contenido sexual sin consentimiento de una de las partes, el ciber acoso, la violaci\u00f3n grupal, el acoso laboral y escolar, etc., todas ellas van dejando como \u201cherencia\u201d en diferentes generaciones, profundos da\u00f1os y traumas en miles de v\u00edctimas, afectando su salud f\u00edsica y psicol\u00f3gica, impidiendo que tengan un buen vivir y desarrollarse plenamente.<br \/>\nDarle la real dimensi\u00f3n que tienen estos hechos y erradicarlos de la historia humana, pasa por entender que vivimos en un mundo social culturalmente violento, y que quien comete estos actos delictuales, no es un monstruo que aparece de las cavernas en medio de la noche, sino personas que est\u00e1n conviviendo cotidianamente con sus posibles v\u00edctimas en distintos \u00e1mbitos de la vida diaria; victimarios educados en una sociedad que normaliza la cultura del abuso sexual y violaci\u00f3n. Este sujeto o sujeta es parte de una sociedad, nuestra sociedad, d\u00f3nde se aceptan como normal estos comportamientos violentos, a los que diariamente mujeres y disidencias se ven expuestas. Tales conductas definitivamente no son \u201csituaciones aisladas\u201d, o actos de personas con alg\u00fan tipo de \u201cenfermedad mental\u201d o \u201ctrastorno de personalidad\u201d, sino de un problema sist\u00e9mico arraigado en un conjunto de creencias sociales, abuso de poder y control patriarcal, que se expresan a trav\u00e9s de nuestra forma de pensar, de hablar y de actuar en las relaciones con otras, otres y otros.<\/p>\n<p><strong>La necesidad de un cambio simult\u00e1neo, tanto personal como social<\/strong><br \/>\nA nivel personal, resulta imprescindible dotarse de espacios para el estudio y la reflexi\u00f3n de la propia situaci\u00f3n personal. En estos en un primer paso, se pueden descubrir creencias, emplazamientos, emociones, comportamientos relacionados con nuestra violencia personal, cuyo indicador es nuestro sufrimiento, y como no vivimos solos, tambi\u00e9n el de nuestros entornos m\u00e1s cercanos, el de nuestra gente querida. En un segundo paso, se puede descubrir la necesidad de buscar la coherencia, entre lo que pensamos, sentimos y hacemos, y como dijimos, ya que no vivimos solos, dar con la necesidad de tratar a los dem\u00e1s como quiero ser tratado. Tales descubrimientos permiten fijar a nivel personal una direcci\u00f3n, que, aunque resulte dif\u00edcil concretarla a cabalidad, resulta \u00fatil como referencia para la vida, sobre todo si peri\u00f3dicamente se profundiza en ella.<br \/>\nA nivel social, se requiere trabajar y promover la amplia y eficaz difusi\u00f3n en nuestra sociedad de la ley y de las pol\u00edticas de prevenci\u00f3n de este flagelo, presionando a su vez por la resoluci\u00f3n oportuna de casos denunciados, exigiendo la agilizaci\u00f3n al m\u00e1ximo de los procesos de investigaci\u00f3n judicial, evitando de este modo consecuencias de revictimizaci\u00f3n.<br \/>\nPromover y exigir la existencia de un Estado presente, comprometido con eficacia, en las pol\u00edticas y medidas de protecci\u00f3n de los grupos m\u00e1s vulnerados, v\u00edctimas frecuentes de este flagelo, disponiendo la aprobaci\u00f3n de presupuestos que le den viabilidad al conjunto de necesidades para desescalar estos delitos, entendiendo que la tarea que se requiere abordar, es un cambio cultural en la sociedad de nuestro pa\u00eds.<\/p>\n<p>Exigir que el sistema judicial evite tajantemente exponer a la verg\u00fcenza, la soledad y\/o exposici\u00f3n de las v\u00edctimas denunciantes frente a terceras personas. Comprometer el cuidado en sus actuaciones para jam\u00e1s beneficiar a los agresores.<br \/>\nEs una necesidad para nuestra sociedad como salida a la inhumana situaci\u00f3n actual, un cambio profundo en c\u00f3mo ejecutamos las pol\u00edticas p\u00fablicas y leyes existentes, para prevenir y sancionar el abuso. Estas leyes promueven la igualdad de g\u00e9nero, concientizan sobre la violencia y fomentan espacios seguros para v\u00edctimas denunciantes, colocando el eje de la direcci\u00f3n mental en la construcci\u00f3n de una nueva sociedad, donde los derechos de todas las personas se protejan y existan relaciones interpersonales desprovistas de inequidad y de violencia.<br \/>\nPero tales leyes superar\u00e1n su condici\u00f3n de letra muerta, solamente si incorporan la educaci\u00f3n sexual integral, no puntualmente, sino presente a lo largo de la vida.<br \/>\nNuestro futuro es la construcci\u00f3n de una sociedad basada en el respeto y empat\u00eda hacia otras, otres y otros, donde no haya cabida a ning\u00fan tipo de violencia.<\/p>\n<p>&nbsp;<\/p>\n<p>Redacci\u00f3n colaborativa de M. Ang\u00e9lica Alvear Montecinos; Guillermo Garc\u00e9s Parada y C\u00e9sar Anguita Sanhueza. Comisi\u00f3n de Opini\u00f3n P\u00fablica<\/p>\n","protected":false},"excerpt":{"rendered":"<p>Falencias en la eficacia de las leyes El a\u00f1o 2018, Patricia Cabello era mencionada por algunos medios comunicacionales, como la \u201cprotagonista\u201d (fue acosada sexual y laboralmente por su jefe) del primer caso sancionado en Chile por la Ley de Acoso&hellip;<\/p>\n","protected":false},"author":386,"featured_media":2560969,"comment_status":"closed","ping_status":"closed","sticky":false,"template":"","format":"standard","meta":{"footnotes":""},"categories":[149,11389,54515,67],"tags":[24748,29,21920,21270],"class_list":["post-2560968","post","type-post","status-publish","format-standard","has-post-thumbnail","hentry","category-comunicados-de-prensa","category-contenido-original","category-genero-y-feminismos","category-sudamerica","tag-abuso","tag-chile","tag-consentimiento","tag-violacion"],"yoast_head":"<!-- This site is optimized with the Yoast SEO plugin v27.1.1 - https:\/\/yoast.com\/product\/yoast-seo-wordpress\/ -->\n<title>Sin consentimiento es abuso o violaci\u00f3n<\/title>\n<meta name=\"description\" content=\"Falencias en la eficacia de las leyes El a\u00f1o 2018, Patricia Cabello era mencionada por algunos medios comunicacionales, como la \u201cprotagonista\u201d (fue\" \/>\n<meta name=\"robots\" content=\"index, follow, max-snippet:-1, max-image-preview:large, max-video-preview:-1\" \/>\n<link rel=\"canonical\" href=\"https:\/\/www.pressenza.com\/es\/2024\/11\/sin-consentimiento-es-abuso-o-violacion\/\" \/>\n<meta property=\"og:locale\" content=\"es_ES\" \/>\n<meta property=\"og:type\" content=\"article\" \/>\n<meta property=\"og:title\" content=\"Sin consentimiento es abuso o violaci\u00f3n\" \/>\n<meta property=\"og:description\" content=\"Falencias en la eficacia de las leyes El a\u00f1o 2018, Patricia Cabello era mencionada por algunos medios comunicacionales, como la \u201cprotagonista\u201d (fue\" \/>\n<meta property=\"og:url\" content=\"https:\/\/www.pressenza.com\/es\/2024\/11\/sin-consentimiento-es-abuso-o-violacion\/\" \/>\n<meta property=\"og:site_name\" content=\"Pressenza\" \/>\n<meta property=\"article:publisher\" content=\"https:\/\/www.facebook.com\/PressenzaItalia\" \/>\n<meta property=\"article:author\" content=\"https:\/\/www.facebook.com\/PartidoHumanistaChile?fref=ts\" \/>\n<meta property=\"article:published_time\" content=\"2024-11-07T12:48:03+00:00\" \/>\n<meta property=\"og:image\" content=\"https:\/\/www.pressenza.com\/wp-content\/uploads\/2024\/11\/Sin-consentimiento-ES-abuso-o-violacion.jpg\" \/>\n\t<meta property=\"og:image:width\" content=\"800\" \/>\n\t<meta property=\"og:image:height\" content=\"600\" \/>\n\t<meta property=\"og:image:type\" content=\"image\/jpeg\" \/>\n<meta name=\"author\" content=\"Partido Humanista de Chile\" \/>\n<meta name=\"twitter:card\" content=\"summary_large_image\" \/>\n<meta name=\"twitter:creator\" content=\"@phumanista\" \/>\n<meta name=\"twitter:site\" content=\"@PressenzaIPA\" \/>\n<meta name=\"twitter:label1\" content=\"Escrito por\" \/>\n\t<meta name=\"twitter:data1\" content=\"Partido Humanista de Chile\" \/>\n\t<meta name=\"twitter:label2\" content=\"Tiempo de lectura\" \/>\n\t<meta name=\"twitter:data2\" content=\"8 minutos\" \/>\n<script type=\"application\/ld+json\" class=\"yoast-schema-graph\">{\"@context\":\"https:\/\/schema.org\",\"@graph\":[{\"@type\":\"Article\",\"@id\":\"https:\/\/www.pressenza.com\/es\/2024\/11\/sin-consentimiento-es-abuso-o-violacion\/#article\",\"isPartOf\":{\"@id\":\"https:\/\/www.pressenza.com\/es\/2024\/11\/sin-consentimiento-es-abuso-o-violacion\/\"},\"author\":{\"name\":\"Partido Humanista de Chile\",\"@id\":\"https:\/\/www.pressenza.com\/es\/#\/schema\/person\/21472c42980bab786ff5a256b8239bf5\"},\"headline\":\"Sin consentimiento es abuso o violaci\u00f3n\",\"datePublished\":\"2024-11-07T12:48:03+00:00\",\"mainEntityOfPage\":{\"@id\":\"https:\/\/www.pressenza.com\/es\/2024\/11\/sin-consentimiento-es-abuso-o-violacion\/\"},\"wordCount\":1657,\"publisher\":{\"@id\":\"https:\/\/www.pressenza.com\/es\/#organization\"},\"image\":{\"@id\":\"https:\/\/www.pressenza.com\/es\/2024\/11\/sin-consentimiento-es-abuso-o-violacion\/#primaryimage\"},\"thumbnailUrl\":\"https:\/\/www.pressenza.com\/wp-content\/uploads\/2024\/11\/Sin-consentimiento-ES-abuso-o-violacion.jpg\",\"keywords\":[\"abuso\",\"Chile\",\"consentimiento\",\"violaci\u00f3n\"],\"articleSection\":[\"Comunicados de Prensa\",\"Contenido Original\",\"G\u00e9nero y Feminismos\",\"Sudam\u00e9rica\"],\"inLanguage\":\"es\"},{\"@type\":\"WebPage\",\"@id\":\"https:\/\/www.pressenza.com\/es\/2024\/11\/sin-consentimiento-es-abuso-o-violacion\/\",\"url\":\"https:\/\/www.pressenza.com\/es\/2024\/11\/sin-consentimiento-es-abuso-o-violacion\/\",\"name\":\"Sin consentimiento es abuso o violaci\u00f3n\",\"isPartOf\":{\"@id\":\"https:\/\/www.pressenza.com\/es\/#website\"},\"primaryImageOfPage\":{\"@id\":\"https:\/\/www.pressenza.com\/es\/2024\/11\/sin-consentimiento-es-abuso-o-violacion\/#primaryimage\"},\"image\":{\"@id\":\"https:\/\/www.pressenza.com\/es\/2024\/11\/sin-consentimiento-es-abuso-o-violacion\/#primaryimage\"},\"thumbnailUrl\":\"https:\/\/www.pressenza.com\/wp-content\/uploads\/2024\/11\/Sin-consentimiento-ES-abuso-o-violacion.jpg\",\"datePublished\":\"2024-11-07T12:48:03+00:00\",\"description\":\"Falencias en la eficacia de las leyes El a\u00f1o 2018, Patricia Cabello era mencionada por algunos medios comunicacionales, como la \u201cprotagonista\u201d (fue\",\"breadcrumb\":{\"@id\":\"https:\/\/www.pressenza.com\/es\/2024\/11\/sin-consentimiento-es-abuso-o-violacion\/#breadcrumb\"},\"inLanguage\":\"es\",\"potentialAction\":[{\"@type\":\"ReadAction\",\"target\":[\"https:\/\/www.pressenza.com\/es\/2024\/11\/sin-consentimiento-es-abuso-o-violacion\/\"]}]},{\"@type\":\"ImageObject\",\"inLanguage\":\"es\",\"@id\":\"https:\/\/www.pressenza.com\/es\/2024\/11\/sin-consentimiento-es-abuso-o-violacion\/#primaryimage\",\"url\":\"https:\/\/www.pressenza.com\/wp-content\/uploads\/2024\/11\/Sin-consentimiento-ES-abuso-o-violacion.jpg\",\"contentUrl\":\"https:\/\/www.pressenza.com\/wp-content\/uploads\/2024\/11\/Sin-consentimiento-ES-abuso-o-violacion.jpg\",\"width\":800,\"height\":600},{\"@type\":\"BreadcrumbList\",\"@id\":\"https:\/\/www.pressenza.com\/es\/2024\/11\/sin-consentimiento-es-abuso-o-violacion\/#breadcrumb\",\"itemListElement\":[{\"@type\":\"ListItem\",\"position\":1,\"name\":\"Accueil\",\"item\":\"https:\/\/www.pressenza.com\/es\/\"},{\"@type\":\"ListItem\",\"position\":2,\"name\":\"Sin consentimiento es abuso o violaci\u00f3n\"}]},{\"@type\":\"WebSite\",\"@id\":\"https:\/\/www.pressenza.com\/es\/#website\",\"url\":\"https:\/\/www.pressenza.com\/es\/\",\"name\":\"Pressenza\",\"description\":\"International Press Agency\",\"publisher\":{\"@id\":\"https:\/\/www.pressenza.com\/es\/#organization\"},\"potentialAction\":[{\"@type\":\"SearchAction\",\"target\":{\"@type\":\"EntryPoint\",\"urlTemplate\":\"https:\/\/www.pressenza.com\/es\/?s={search_term_string}\"},\"query-input\":{\"@type\":\"PropertyValueSpecification\",\"valueRequired\":true,\"valueName\":\"search_term_string\"}}],\"inLanguage\":\"es\"},{\"@type\":\"Organization\",\"@id\":\"https:\/\/www.pressenza.com\/es\/#organization\",\"name\":\"Pressenza\",\"url\":\"https:\/\/www.pressenza.com\/es\/\",\"logo\":{\"@type\":\"ImageObject\",\"inLanguage\":\"es\",\"@id\":\"https:\/\/www.pressenza.com\/es\/#\/schema\/logo\/image\/\",\"url\":\"https:\/\/www.pressenza.com\/wp-content\/uploads\/2022\/10\/pressenza_logo_200x200.jpg\",\"contentUrl\":\"https:\/\/www.pressenza.com\/wp-content\/uploads\/2022\/10\/pressenza_logo_200x200.jpg\",\"width\":200,\"height\":200,\"caption\":\"Pressenza\"},\"image\":{\"@id\":\"https:\/\/www.pressenza.com\/es\/#\/schema\/logo\/image\/\"},\"sameAs\":[\"https:\/\/www.facebook.com\/PressenzaItalia\",\"https:\/\/x.com\/PressenzaIPA\"]},{\"@type\":\"Person\",\"@id\":\"https:\/\/www.pressenza.com\/es\/#\/schema\/person\/21472c42980bab786ff5a256b8239bf5\",\"name\":\"Partido Humanista de Chile\",\"description\":\"www.partidohumanista.cl\",\"sameAs\":[\"https:\/\/www.facebook.com\/PartidoHumanistaChile?fref=ts\",\"https:\/\/x.com\/phumanista\"],\"url\":\"https:\/\/www.pressenza.com\/es\/author\/partido-humanista-de-chile\/\"}]}<\/script>\n<!-- \/ Yoast SEO plugin. -->","yoast_head_json":{"title":"Sin consentimiento es abuso o violaci\u00f3n","description":"Falencias en la eficacia de las leyes El a\u00f1o 2018, Patricia Cabello era mencionada por algunos medios comunicacionales, como la \u201cprotagonista\u201d (fue","robots":{"index":"index","follow":"follow","max-snippet":"max-snippet:-1","max-image-preview":"max-image-preview:large","max-video-preview":"max-video-preview:-1"},"canonical":"https:\/\/www.pressenza.com\/es\/2024\/11\/sin-consentimiento-es-abuso-o-violacion\/","og_locale":"es_ES","og_type":"article","og_title":"Sin consentimiento es abuso o violaci\u00f3n","og_description":"Falencias en la eficacia de las leyes El a\u00f1o 2018, Patricia Cabello era mencionada por algunos medios comunicacionales, como la \u201cprotagonista\u201d (fue","og_url":"https:\/\/www.pressenza.com\/es\/2024\/11\/sin-consentimiento-es-abuso-o-violacion\/","og_site_name":"Pressenza","article_publisher":"https:\/\/www.facebook.com\/PressenzaItalia","article_author":"https:\/\/www.facebook.com\/PartidoHumanistaChile?fref=ts","article_published_time":"2024-11-07T12:48:03+00:00","og_image":[{"width":800,"height":600,"url":"https:\/\/www.pressenza.com\/wp-content\/uploads\/2024\/11\/Sin-consentimiento-ES-abuso-o-violacion.jpg","type":"image\/jpeg"}],"author":"Partido Humanista de Chile","twitter_card":"summary_large_image","twitter_creator":"@phumanista","twitter_site":"@PressenzaIPA","twitter_misc":{"Escrito por":"Partido Humanista de Chile","Tiempo de lectura":"8 minutos"},"schema":{"@context":"https:\/\/schema.org","@graph":[{"@type":"Article","@id":"https:\/\/www.pressenza.com\/es\/2024\/11\/sin-consentimiento-es-abuso-o-violacion\/#article","isPartOf":{"@id":"https:\/\/www.pressenza.com\/es\/2024\/11\/sin-consentimiento-es-abuso-o-violacion\/"},"author":{"name":"Partido Humanista de Chile","@id":"https:\/\/www.pressenza.com\/es\/#\/schema\/person\/21472c42980bab786ff5a256b8239bf5"},"headline":"Sin consentimiento es abuso o violaci\u00f3n","datePublished":"2024-11-07T12:48:03+00:00","mainEntityOfPage":{"@id":"https:\/\/www.pressenza.com\/es\/2024\/11\/sin-consentimiento-es-abuso-o-violacion\/"},"wordCount":1657,"publisher":{"@id":"https:\/\/www.pressenza.com\/es\/#organization"},"image":{"@id":"https:\/\/www.pressenza.com\/es\/2024\/11\/sin-consentimiento-es-abuso-o-violacion\/#primaryimage"},"thumbnailUrl":"https:\/\/www.pressenza.com\/wp-content\/uploads\/2024\/11\/Sin-consentimiento-ES-abuso-o-violacion.jpg","keywords":["abuso","Chile","consentimiento","violaci\u00f3n"],"articleSection":["Comunicados de Prensa","Contenido Original","G\u00e9nero y Feminismos","Sudam\u00e9rica"],"inLanguage":"es"},{"@type":"WebPage","@id":"https:\/\/www.pressenza.com\/es\/2024\/11\/sin-consentimiento-es-abuso-o-violacion\/","url":"https:\/\/www.pressenza.com\/es\/2024\/11\/sin-consentimiento-es-abuso-o-violacion\/","name":"Sin consentimiento es abuso o violaci\u00f3n","isPartOf":{"@id":"https:\/\/www.pressenza.com\/es\/#website"},"primaryImageOfPage":{"@id":"https:\/\/www.pressenza.com\/es\/2024\/11\/sin-consentimiento-es-abuso-o-violacion\/#primaryimage"},"image":{"@id":"https:\/\/www.pressenza.com\/es\/2024\/11\/sin-consentimiento-es-abuso-o-violacion\/#primaryimage"},"thumbnailUrl":"https:\/\/www.pressenza.com\/wp-content\/uploads\/2024\/11\/Sin-consentimiento-ES-abuso-o-violacion.jpg","datePublished":"2024-11-07T12:48:03+00:00","description":"Falencias en la eficacia de las leyes El a\u00f1o 2018, Patricia Cabello era mencionada por algunos medios comunicacionales, como la \u201cprotagonista\u201d (fue","breadcrumb":{"@id":"https:\/\/www.pressenza.com\/es\/2024\/11\/sin-consentimiento-es-abuso-o-violacion\/#breadcrumb"},"inLanguage":"es","potentialAction":[{"@type":"ReadAction","target":["https:\/\/www.pressenza.com\/es\/2024\/11\/sin-consentimiento-es-abuso-o-violacion\/"]}]},{"@type":"ImageObject","inLanguage":"es","@id":"https:\/\/www.pressenza.com\/es\/2024\/11\/sin-consentimiento-es-abuso-o-violacion\/#primaryimage","url":"https:\/\/www.pressenza.com\/wp-content\/uploads\/2024\/11\/Sin-consentimiento-ES-abuso-o-violacion.jpg","contentUrl":"https:\/\/www.pressenza.com\/wp-content\/uploads\/2024\/11\/Sin-consentimiento-ES-abuso-o-violacion.jpg","width":800,"height":600},{"@type":"BreadcrumbList","@id":"https:\/\/www.pressenza.com\/es\/2024\/11\/sin-consentimiento-es-abuso-o-violacion\/#breadcrumb","itemListElement":[{"@type":"ListItem","position":1,"name":"Accueil","item":"https:\/\/www.pressenza.com\/es\/"},{"@type":"ListItem","position":2,"name":"Sin consentimiento es abuso o violaci\u00f3n"}]},{"@type":"WebSite","@id":"https:\/\/www.pressenza.com\/es\/#website","url":"https:\/\/www.pressenza.com\/es\/","name":"Pressenza","description":"International Press Agency","publisher":{"@id":"https:\/\/www.pressenza.com\/es\/#organization"},"potentialAction":[{"@type":"SearchAction","target":{"@type":"EntryPoint","urlTemplate":"https:\/\/www.pressenza.com\/es\/?s={search_term_string}"},"query-input":{"@type":"PropertyValueSpecification","valueRequired":true,"valueName":"search_term_string"}}],"inLanguage":"es"},{"@type":"Organization","@id":"https:\/\/www.pressenza.com\/es\/#organization","name":"Pressenza","url":"https:\/\/www.pressenza.com\/es\/","logo":{"@type":"ImageObject","inLanguage":"es","@id":"https:\/\/www.pressenza.com\/es\/#\/schema\/logo\/image\/","url":"https:\/\/www.pressenza.com\/wp-content\/uploads\/2022\/10\/pressenza_logo_200x200.jpg","contentUrl":"https:\/\/www.pressenza.com\/wp-content\/uploads\/2022\/10\/pressenza_logo_200x200.jpg","width":200,"height":200,"caption":"Pressenza"},"image":{"@id":"https:\/\/www.pressenza.com\/es\/#\/schema\/logo\/image\/"},"sameAs":["https:\/\/www.facebook.com\/PressenzaItalia","https:\/\/x.com\/PressenzaIPA"]},{"@type":"Person","@id":"https:\/\/www.pressenza.com\/es\/#\/schema\/person\/21472c42980bab786ff5a256b8239bf5","name":"Partido Humanista de Chile","description":"www.partidohumanista.cl","sameAs":["https:\/\/www.facebook.com\/PartidoHumanistaChile?fref=ts","https:\/\/x.com\/phumanista"],"url":"https:\/\/www.pressenza.com\/es\/author\/partido-humanista-de-chile\/"}]}},"place":"Santiago de Chile","original_article_url":"","_links":{"self":[{"href":"https:\/\/www.pressenza.com\/es\/wp-json\/wp\/v2\/posts\/2560968","targetHints":{"allow":["GET"]}}],"collection":[{"href":"https:\/\/www.pressenza.com\/es\/wp-json\/wp\/v2\/posts"}],"about":[{"href":"https:\/\/www.pressenza.com\/es\/wp-json\/wp\/v2\/types\/post"}],"author":[{"embeddable":true,"href":"https:\/\/www.pressenza.com\/es\/wp-json\/wp\/v2\/users\/386"}],"replies":[{"embeddable":true,"href":"https:\/\/www.pressenza.com\/es\/wp-json\/wp\/v2\/comments?post=2560968"}],"version-history":[{"count":0,"href":"https:\/\/www.pressenza.com\/es\/wp-json\/wp\/v2\/posts\/2560968\/revisions"}],"wp:featuredmedia":[{"embeddable":true,"href":"https:\/\/www.pressenza.com\/es\/wp-json\/wp\/v2\/media\/2560969"}],"wp:attachment":[{"href":"https:\/\/www.pressenza.com\/es\/wp-json\/wp\/v2\/media?parent=2560968"}],"wp:term":[{"taxonomy":"category","embeddable":true,"href":"https:\/\/www.pressenza.com\/es\/wp-json\/wp\/v2\/categories?post=2560968"},{"taxonomy":"post_tag","embeddable":true,"href":"https:\/\/www.pressenza.com\/es\/wp-json\/wp\/v2\/tags?post=2560968"}],"curies":[{"name":"wp","href":"https:\/\/api.w.org\/{rel}","templated":true}]}}