{"id":2560749,"date":"2024-11-06T12:21:29","date_gmt":"2024-11-06T12:21:29","guid":{"rendered":"https:\/\/www.pressenza.com\/?p=2560749"},"modified":"2024-11-06T12:21:29","modified_gmt":"2024-11-06T12:21:29","slug":"vamos-bien-manana-mejor","status":"publish","type":"post","link":"https:\/\/www.pressenza.com\/es\/2024\/11\/vamos-bien-manana-mejor\/","title":{"rendered":"\u00a1Vamos bien, ma\u00f1ana mejor!"},"content":{"rendered":"<p>As\u00ed rezaba la consigna m\u00e1s estrepitosamente desmentida de la historia de Chile. La perge\u00f1aron los \u201cChicago Boys\u201d y pregoneros de la dictadura en el a\u00f1o 1981, en el apogeo de su poder. No hab\u00eda terminado el a\u00f1o cuando empezaron a caer los bancos y a mediados del siguiente los siguieron De Castro y el est\u00fapido fanatismo del \u201cd\u00f3lar a $39\u201d, mientras la econom\u00eda se precipitaba en la peor crisis de su historia.<\/p>\n<p>Parece oportuno recordarlo hoy, al leer las conclusiones del sistema pol\u00edtico acerca de los resultados de la reciente elecci\u00f3n. Sin tanto optimismo, nadie niega que atravesamos una crisis pol\u00edtica nacional, todos porf\u00edan ciegamente en insistir en m\u00e1s de lo mismo que la gener\u00f3 en primer lugar.<\/p>\n<p>Ninguna fuerza pol\u00edtica est\u00e1 hoy en condiciones de encauzar oportunamente la creciente indignaci\u00f3n popular, para enfrentar a los poderosos y realizar las reformas necesarias largamente postergadas (Alessandri Palma, 1924).<\/p>\n<p>La crisis pol\u00edtica nacional debe resolverse ahora. Para ello es necesario construir desde fuera del actual sistema de partidos, una fuerza pol\u00edtica que, apoyada en la confianza del pueblo movilizado, se comprometa a realizar las reformas necesarias postergadas. Debe ser una fuerza pol\u00edtica revolucionaria y democr\u00e1tica que, gan\u00e1ndose desde fuera la hegemon\u00eda sobre la amplia coalici\u00f3n que vot\u00f3 sucesivamente Apruebo y En Contra en los plebiscitos constitucionales recientes, lidere al conjunto del sistema pol\u00edtico democr\u00e1tico para abrir paso a las reformas necesarias.<\/p>\n<p>Esas son las condiciones del problema que enfrentamos como sociedad, y el \u00fanico camino, realista y acorde con la riqu\u00edsima tradici\u00f3n democr\u00e1tica y revolucionaria chilena, para resolverlo en un sentido de progreso.<\/p>\n<p>Felizmente y por circunstancias diversas que no es del caso analizar ahora, hay figuras pol\u00edticas que se han ubicado en la situaci\u00f3n y momento precisos para conducir este proceso. Ello les permite encabezar desde hoy la imperiosa creaci\u00f3n de esta fuerza pol\u00edtica. Felizmente tambi\u00e9n, el calendario electoral que se abre en los 12 meses venideros ofrece las v\u00edas por las cuales esta soluci\u00f3n puede cursar.<\/p>\n<p>Para ello, estas figuras deben actuar de inmediato, con la mayor amplitud pol\u00edtica, tras un objetivo nacional claro y contundente: ni m\u00e1s ni menos que acabar con los principales abusos y distorsiones que se arrastran desde el 11 de septiembre de 1973. Para lograrlo, deben dar garant\u00edas al pueblo que van a enfrentar a los poderosos intereses que los pretenden perpetuar, con la convicci\u00f3n, y determinaci\u00f3n democr\u00e1tica y revolucionaria que nos leg\u00f3 el Presidente Salvador Allende.<\/p>\n<p>Como nos ense\u00f1a la ciencia pol\u00edtica (Maquiavelo, EL Pr\u00edncipe, Cap IX), ese es el \u00fanico camino para relegitimar la autoridad pol\u00edtica y superar as\u00ed en un sentido de progreso, las crisis pol\u00edticas nacionales que de tanto en tanto enfrentan todas las sociedades.<\/p>\n<p>Ello se ha comprobado una y otra vez en la riqu\u00edsima historia revolucionaria y democr\u00e1tica del Pueblo de Chile, que a lo largo de un siglo y conducido usualmente por fuerzas revolucionarias de izquierda, ha irrumpido masivamente en el espacio pol\u00edtico a cada d\u00e9cada en promedio.<\/p>\n<p>Incluyendo la Revoluci\u00f3n Chilena, encabezada por el Presidente Salvador Allende y una amplia coalici\u00f3n en la cual la izquierda revolucionaria jug\u00f3 un papel decisivo. Realizada de modo hist\u00f3ricamente pionero bajo formas democr\u00e1ticas, la Revoluci\u00f3n Chilena recuper\u00f3 la principal riqueza nacional y acab\u00f3 para siempre con el viejo r\u00e9gimen agrario. Ello le ha valido el respeto y cari\u00f1o de la humanidad toda.<\/p>\n<p>Superando su tr\u00e1gica derrota de 1973, el Pueblo de Chile encabezado por todas las fuerzas democr\u00e1ticas y principalmente por los partidos revolucionarios de izquierda, se alz\u00f3 nuevamente en la heroica Rebeli\u00f3n Popular que acab\u00f3 con la dictadura en los a\u00f1os 1980.<\/p>\n<p>El Pueblo de Chile, que desde el 18-O ha irrumpido de nuevo masivamente en pol\u00edtica con creciente indignaci\u00f3n, tiene hoy la fuerza requerida para lograrlo. Es dos veces m\u00e1s numeroso del que conformaban entonces sus padres y abuelos. Es urbano, joven, paritario en g\u00e9nero, razonablemente sano y calificado, y con medios para informarse y comunicarse que no tienen precedente. Cuenta ahora con una estructura asalariada moderna, puesto que devenga la mayor parte de sus ingresos de los que obtiene en empleos formales a los que accede un mes de cada dos en promedio. Por primera vez en la historia de Chile, incluye un contingente significativo de personas de otras nacionalidades.<\/p>\n<p>Sin embargo y por razones que se deber\u00e1n dilucidar oportunamente, el Pueblo de Chile adolece de no contar hoy con la fuerza pol\u00edtica revolucionaria popular y democr\u00e1tica, l\u00facida y resuelta, que requiere de manera imprescindible para actuar en esta coyuntura en una direcci\u00f3n acertada.<\/p>\n<p>Construirla es la tarea del momento.<\/p>\n","protected":false},"excerpt":{"rendered":"<p>As\u00ed rezaba la consigna m\u00e1s estrepitosamente desmentida de la historia de Chile. La perge\u00f1aron los \u201cChicago Boys\u201d y pregoneros de la dictadura en el a\u00f1o 1981, en el apogeo de su poder. No hab\u00eda terminado el a\u00f1o cuando empezaron a&hellip;<\/p>\n","protected":false},"author":607,"featured_media":2560750,"comment_status":"closed","ping_status":"closed","sticky":false,"template":"","format":"standard","meta":{"footnotes":""},"categories":[11389,161,74,67],"tags":[29,52439,394],"class_list":["post-2560749","post","type-post","status-publish","format-standard","has-post-thumbnail","hentry","category-contenido-original","category-opiniones","category-politica-es","category-sudamerica","tag-chile","tag-izquierdas","tag-protestas-sociales"],"yoast_head":"<!-- This site is optimized with the Yoast SEO plugin v27.1.1 - https:\/\/yoast.com\/product\/yoast-seo-wordpress\/ -->\n<title>\u00a1Vamos bien, ma\u00f1ana mejor!<\/title>\n<meta name=\"description\" content=\"As\u00ed rezaba la consigna m\u00e1s estrepitosamente desmentida de la historia de Chile. La perge\u00f1aron los \u201cChicago Boys\u201d y pregoneros de la dictadura en el a\u00f1o\" \/>\n<meta name=\"robots\" content=\"index, follow, max-snippet:-1, max-image-preview:large, max-video-preview:-1\" \/>\n<link rel=\"canonical\" href=\"https:\/\/www.pressenza.com\/es\/2024\/11\/vamos-bien-manana-mejor\/\" \/>\n<meta property=\"og:locale\" content=\"es_ES\" \/>\n<meta property=\"og:type\" content=\"article\" \/>\n<meta property=\"og:title\" content=\"\u00a1Vamos bien, ma\u00f1ana mejor!\" \/>\n<meta property=\"og:description\" content=\"As\u00ed rezaba la consigna m\u00e1s estrepitosamente desmentida de la historia de Chile. La perge\u00f1aron los \u201cChicago Boys\u201d y pregoneros de la dictadura en el a\u00f1o\" \/>\n<meta property=\"og:url\" content=\"https:\/\/www.pressenza.com\/es\/2024\/11\/vamos-bien-manana-mejor\/\" \/>\n<meta property=\"og:site_name\" content=\"Pressenza\" \/>\n<meta property=\"article:publisher\" content=\"https:\/\/www.facebook.com\/PressenzaItalia\" \/>\n<meta property=\"article:published_time\" content=\"2024-11-06T12:21:29+00:00\" \/>\n<meta property=\"og:image\" content=\"https:\/\/www.pressenza.com\/wp-content\/uploads\/2024\/11\/muros.jpg\" \/>\n\t<meta property=\"og:image:width\" content=\"526\" \/>\n\t<meta property=\"og:image:height\" content=\"707\" \/>\n\t<meta property=\"og:image:type\" content=\"image\/jpeg\" \/>\n<meta name=\"author\" content=\"Manuel Riesco\" \/>\n<meta name=\"twitter:card\" content=\"summary_large_image\" \/>\n<meta name=\"twitter:creator\" content=\"@PressenzaIPA\" \/>\n<meta name=\"twitter:site\" content=\"@PressenzaIPA\" \/>\n<meta name=\"twitter:label1\" content=\"Escrito por\" \/>\n\t<meta name=\"twitter:data1\" content=\"Manuel Riesco\" \/>\n\t<meta name=\"twitter:label2\" content=\"Tiempo de lectura\" \/>\n\t<meta name=\"twitter:data2\" content=\"4 minutos\" \/>\n<script type=\"application\/ld+json\" class=\"yoast-schema-graph\">{\"@context\":\"https:\/\/schema.org\",\"@graph\":[{\"@type\":\"Article\",\"@id\":\"https:\/\/www.pressenza.com\/es\/2024\/11\/vamos-bien-manana-mejor\/#article\",\"isPartOf\":{\"@id\":\"https:\/\/www.pressenza.com\/es\/2024\/11\/vamos-bien-manana-mejor\/\"},\"author\":{\"name\":\"Manuel Riesco\",\"@id\":\"https:\/\/www.pressenza.com\/es\/#\/schema\/person\/bf6580de0b0aeed004dc92fc6c28d40f\"},\"headline\":\"\u00a1Vamos bien, ma\u00f1ana mejor!\",\"datePublished\":\"2024-11-06T12:21:29+00:00\",\"mainEntityOfPage\":{\"@id\":\"https:\/\/www.pressenza.com\/es\/2024\/11\/vamos-bien-manana-mejor\/\"},\"wordCount\":818,\"publisher\":{\"@id\":\"https:\/\/www.pressenza.com\/es\/#organization\"},\"image\":{\"@id\":\"https:\/\/www.pressenza.com\/es\/2024\/11\/vamos-bien-manana-mejor\/#primaryimage\"},\"thumbnailUrl\":\"https:\/\/www.pressenza.com\/wp-content\/uploads\/2024\/11\/muros.jpg\",\"keywords\":[\"Chile\",\"izquierdas\",\"protestas sociales\"],\"articleSection\":[\"Contenido Original\",\"Opiniones\",\"Pol\u00edtica\",\"Sudam\u00e9rica\"],\"inLanguage\":\"es\"},{\"@type\":\"WebPage\",\"@id\":\"https:\/\/www.pressenza.com\/es\/2024\/11\/vamos-bien-manana-mejor\/\",\"url\":\"https:\/\/www.pressenza.com\/es\/2024\/11\/vamos-bien-manana-mejor\/\",\"name\":\"\u00a1Vamos bien, ma\u00f1ana mejor!\",\"isPartOf\":{\"@id\":\"https:\/\/www.pressenza.com\/es\/#website\"},\"primaryImageOfPage\":{\"@id\":\"https:\/\/www.pressenza.com\/es\/2024\/11\/vamos-bien-manana-mejor\/#primaryimage\"},\"image\":{\"@id\":\"https:\/\/www.pressenza.com\/es\/2024\/11\/vamos-bien-manana-mejor\/#primaryimage\"},\"thumbnailUrl\":\"https:\/\/www.pressenza.com\/wp-content\/uploads\/2024\/11\/muros.jpg\",\"datePublished\":\"2024-11-06T12:21:29+00:00\",\"description\":\"As\u00ed rezaba la consigna m\u00e1s estrepitosamente desmentida de la historia de Chile. La perge\u00f1aron los \u201cChicago Boys\u201d y pregoneros de la dictadura en el a\u00f1o\",\"breadcrumb\":{\"@id\":\"https:\/\/www.pressenza.com\/es\/2024\/11\/vamos-bien-manana-mejor\/#breadcrumb\"},\"inLanguage\":\"es\",\"potentialAction\":[{\"@type\":\"ReadAction\",\"target\":[\"https:\/\/www.pressenza.com\/es\/2024\/11\/vamos-bien-manana-mejor\/\"]}]},{\"@type\":\"ImageObject\",\"inLanguage\":\"es\",\"@id\":\"https:\/\/www.pressenza.com\/es\/2024\/11\/vamos-bien-manana-mejor\/#primaryimage\",\"url\":\"https:\/\/www.pressenza.com\/wp-content\/uploads\/2024\/11\/muros.jpg\",\"contentUrl\":\"https:\/\/www.pressenza.com\/wp-content\/uploads\/2024\/11\/muros.jpg\",\"width\":526,\"height\":707},{\"@type\":\"BreadcrumbList\",\"@id\":\"https:\/\/www.pressenza.com\/es\/2024\/11\/vamos-bien-manana-mejor\/#breadcrumb\",\"itemListElement\":[{\"@type\":\"ListItem\",\"position\":1,\"name\":\"Accueil\",\"item\":\"https:\/\/www.pressenza.com\/es\/\"},{\"@type\":\"ListItem\",\"position\":2,\"name\":\"\u00a1Vamos bien, ma\u00f1ana mejor!\"}]},{\"@type\":\"WebSite\",\"@id\":\"https:\/\/www.pressenza.com\/es\/#website\",\"url\":\"https:\/\/www.pressenza.com\/es\/\",\"name\":\"Pressenza\",\"description\":\"International Press Agency\",\"publisher\":{\"@id\":\"https:\/\/www.pressenza.com\/es\/#organization\"},\"potentialAction\":[{\"@type\":\"SearchAction\",\"target\":{\"@type\":\"EntryPoint\",\"urlTemplate\":\"https:\/\/www.pressenza.com\/es\/?s={search_term_string}\"},\"query-input\":{\"@type\":\"PropertyValueSpecification\",\"valueRequired\":true,\"valueName\":\"search_term_string\"}}],\"inLanguage\":\"es\"},{\"@type\":\"Organization\",\"@id\":\"https:\/\/www.pressenza.com\/es\/#organization\",\"name\":\"Pressenza\",\"url\":\"https:\/\/www.pressenza.com\/es\/\",\"logo\":{\"@type\":\"ImageObject\",\"inLanguage\":\"es\",\"@id\":\"https:\/\/www.pressenza.com\/es\/#\/schema\/logo\/image\/\",\"url\":\"https:\/\/www.pressenza.com\/wp-content\/uploads\/2022\/10\/pressenza_logo_200x200.jpg\",\"contentUrl\":\"https:\/\/www.pressenza.com\/wp-content\/uploads\/2022\/10\/pressenza_logo_200x200.jpg\",\"width\":200,\"height\":200,\"caption\":\"Pressenza\"},\"image\":{\"@id\":\"https:\/\/www.pressenza.com\/es\/#\/schema\/logo\/image\/\"},\"sameAs\":[\"https:\/\/www.facebook.com\/PressenzaItalia\",\"https:\/\/x.com\/PressenzaIPA\"]},{\"@type\":\"Person\",\"@id\":\"https:\/\/www.pressenza.com\/es\/#\/schema\/person\/bf6580de0b0aeed004dc92fc6c28d40f\",\"name\":\"Manuel Riesco\",\"url\":\"https:\/\/www.pressenza.com\/es\/author\/manuel-riesco\/\"}]}<\/script>\n<!-- \/ Yoast SEO plugin. -->","yoast_head_json":{"title":"\u00a1Vamos bien, ma\u00f1ana mejor!","description":"As\u00ed rezaba la consigna m\u00e1s estrepitosamente desmentida de la historia de Chile. La perge\u00f1aron los \u201cChicago Boys\u201d y pregoneros de la dictadura en el a\u00f1o","robots":{"index":"index","follow":"follow","max-snippet":"max-snippet:-1","max-image-preview":"max-image-preview:large","max-video-preview":"max-video-preview:-1"},"canonical":"https:\/\/www.pressenza.com\/es\/2024\/11\/vamos-bien-manana-mejor\/","og_locale":"es_ES","og_type":"article","og_title":"\u00a1Vamos bien, ma\u00f1ana mejor!","og_description":"As\u00ed rezaba la consigna m\u00e1s estrepitosamente desmentida de la historia de Chile. La perge\u00f1aron los \u201cChicago Boys\u201d y pregoneros de la dictadura en el a\u00f1o","og_url":"https:\/\/www.pressenza.com\/es\/2024\/11\/vamos-bien-manana-mejor\/","og_site_name":"Pressenza","article_publisher":"https:\/\/www.facebook.com\/PressenzaItalia","article_published_time":"2024-11-06T12:21:29+00:00","og_image":[{"width":526,"height":707,"url":"https:\/\/www.pressenza.com\/wp-content\/uploads\/2024\/11\/muros.jpg","type":"image\/jpeg"}],"author":"Manuel Riesco","twitter_card":"summary_large_image","twitter_creator":"@PressenzaIPA","twitter_site":"@PressenzaIPA","twitter_misc":{"Escrito por":"Manuel Riesco","Tiempo de lectura":"4 minutos"},"schema":{"@context":"https:\/\/schema.org","@graph":[{"@type":"Article","@id":"https:\/\/www.pressenza.com\/es\/2024\/11\/vamos-bien-manana-mejor\/#article","isPartOf":{"@id":"https:\/\/www.pressenza.com\/es\/2024\/11\/vamos-bien-manana-mejor\/"},"author":{"name":"Manuel Riesco","@id":"https:\/\/www.pressenza.com\/es\/#\/schema\/person\/bf6580de0b0aeed004dc92fc6c28d40f"},"headline":"\u00a1Vamos bien, ma\u00f1ana mejor!","datePublished":"2024-11-06T12:21:29+00:00","mainEntityOfPage":{"@id":"https:\/\/www.pressenza.com\/es\/2024\/11\/vamos-bien-manana-mejor\/"},"wordCount":818,"publisher":{"@id":"https:\/\/www.pressenza.com\/es\/#organization"},"image":{"@id":"https:\/\/www.pressenza.com\/es\/2024\/11\/vamos-bien-manana-mejor\/#primaryimage"},"thumbnailUrl":"https:\/\/www.pressenza.com\/wp-content\/uploads\/2024\/11\/muros.jpg","keywords":["Chile","izquierdas","protestas sociales"],"articleSection":["Contenido Original","Opiniones","Pol\u00edtica","Sudam\u00e9rica"],"inLanguage":"es"},{"@type":"WebPage","@id":"https:\/\/www.pressenza.com\/es\/2024\/11\/vamos-bien-manana-mejor\/","url":"https:\/\/www.pressenza.com\/es\/2024\/11\/vamos-bien-manana-mejor\/","name":"\u00a1Vamos bien, ma\u00f1ana mejor!","isPartOf":{"@id":"https:\/\/www.pressenza.com\/es\/#website"},"primaryImageOfPage":{"@id":"https:\/\/www.pressenza.com\/es\/2024\/11\/vamos-bien-manana-mejor\/#primaryimage"},"image":{"@id":"https:\/\/www.pressenza.com\/es\/2024\/11\/vamos-bien-manana-mejor\/#primaryimage"},"thumbnailUrl":"https:\/\/www.pressenza.com\/wp-content\/uploads\/2024\/11\/muros.jpg","datePublished":"2024-11-06T12:21:29+00:00","description":"As\u00ed rezaba la consigna m\u00e1s estrepitosamente desmentida de la historia de Chile. La perge\u00f1aron los \u201cChicago Boys\u201d y pregoneros de la dictadura en el a\u00f1o","breadcrumb":{"@id":"https:\/\/www.pressenza.com\/es\/2024\/11\/vamos-bien-manana-mejor\/#breadcrumb"},"inLanguage":"es","potentialAction":[{"@type":"ReadAction","target":["https:\/\/www.pressenza.com\/es\/2024\/11\/vamos-bien-manana-mejor\/"]}]},{"@type":"ImageObject","inLanguage":"es","@id":"https:\/\/www.pressenza.com\/es\/2024\/11\/vamos-bien-manana-mejor\/#primaryimage","url":"https:\/\/www.pressenza.com\/wp-content\/uploads\/2024\/11\/muros.jpg","contentUrl":"https:\/\/www.pressenza.com\/wp-content\/uploads\/2024\/11\/muros.jpg","width":526,"height":707},{"@type":"BreadcrumbList","@id":"https:\/\/www.pressenza.com\/es\/2024\/11\/vamos-bien-manana-mejor\/#breadcrumb","itemListElement":[{"@type":"ListItem","position":1,"name":"Accueil","item":"https:\/\/www.pressenza.com\/es\/"},{"@type":"ListItem","position":2,"name":"\u00a1Vamos bien, ma\u00f1ana mejor!"}]},{"@type":"WebSite","@id":"https:\/\/www.pressenza.com\/es\/#website","url":"https:\/\/www.pressenza.com\/es\/","name":"Pressenza","description":"International Press Agency","publisher":{"@id":"https:\/\/www.pressenza.com\/es\/#organization"},"potentialAction":[{"@type":"SearchAction","target":{"@type":"EntryPoint","urlTemplate":"https:\/\/www.pressenza.com\/es\/?s={search_term_string}"},"query-input":{"@type":"PropertyValueSpecification","valueRequired":true,"valueName":"search_term_string"}}],"inLanguage":"es"},{"@type":"Organization","@id":"https:\/\/www.pressenza.com\/es\/#organization","name":"Pressenza","url":"https:\/\/www.pressenza.com\/es\/","logo":{"@type":"ImageObject","inLanguage":"es","@id":"https:\/\/www.pressenza.com\/es\/#\/schema\/logo\/image\/","url":"https:\/\/www.pressenza.com\/wp-content\/uploads\/2022\/10\/pressenza_logo_200x200.jpg","contentUrl":"https:\/\/www.pressenza.com\/wp-content\/uploads\/2022\/10\/pressenza_logo_200x200.jpg","width":200,"height":200,"caption":"Pressenza"},"image":{"@id":"https:\/\/www.pressenza.com\/es\/#\/schema\/logo\/image\/"},"sameAs":["https:\/\/www.facebook.com\/PressenzaItalia","https:\/\/x.com\/PressenzaIPA"]},{"@type":"Person","@id":"https:\/\/www.pressenza.com\/es\/#\/schema\/person\/bf6580de0b0aeed004dc92fc6c28d40f","name":"Manuel Riesco","url":"https:\/\/www.pressenza.com\/es\/author\/manuel-riesco\/"}]}},"place":"Santiago de Chile","original_article_url":"","_links":{"self":[{"href":"https:\/\/www.pressenza.com\/es\/wp-json\/wp\/v2\/posts\/2560749","targetHints":{"allow":["GET"]}}],"collection":[{"href":"https:\/\/www.pressenza.com\/es\/wp-json\/wp\/v2\/posts"}],"about":[{"href":"https:\/\/www.pressenza.com\/es\/wp-json\/wp\/v2\/types\/post"}],"author":[{"embeddable":true,"href":"https:\/\/www.pressenza.com\/es\/wp-json\/wp\/v2\/users\/607"}],"replies":[{"embeddable":true,"href":"https:\/\/www.pressenza.com\/es\/wp-json\/wp\/v2\/comments?post=2560749"}],"version-history":[{"count":0,"href":"https:\/\/www.pressenza.com\/es\/wp-json\/wp\/v2\/posts\/2560749\/revisions"}],"wp:featuredmedia":[{"embeddable":true,"href":"https:\/\/www.pressenza.com\/es\/wp-json\/wp\/v2\/media\/2560750"}],"wp:attachment":[{"href":"https:\/\/www.pressenza.com\/es\/wp-json\/wp\/v2\/media?parent=2560749"}],"wp:term":[{"taxonomy":"category","embeddable":true,"href":"https:\/\/www.pressenza.com\/es\/wp-json\/wp\/v2\/categories?post=2560749"},{"taxonomy":"post_tag","embeddable":true,"href":"https:\/\/www.pressenza.com\/es\/wp-json\/wp\/v2\/tags?post=2560749"}],"curies":[{"name":"wp","href":"https:\/\/api.w.org\/{rel}","templated":true}]}}