{"id":2559556,"date":"2024-11-02T00:24:12","date_gmt":"2024-11-02T00:24:12","guid":{"rendered":"https:\/\/www.pressenza.com\/?p=2559556"},"modified":"2024-11-02T00:24:12","modified_gmt":"2024-11-02T00:24:12","slug":"en-las-mujeres-recae-el-80-por-ciento-de-los-cuidados-familiares","status":"publish","type":"post","link":"https:\/\/www.pressenza.com\/es\/2024\/11\/en-las-mujeres-recae-el-80-por-ciento-de-los-cuidados-familiares\/","title":{"rendered":"En las mujeres recae el 80 por ciento de los cuidados familiares"},"content":{"rendered":"<h3>En el \u00e1mbito de la salud, los cuidados son fundamentales, ya sean remunerados o no. Se refieren a todas las actividades necesarias para la vida diaria, considerando el bienestar f\u00edsico y emocional de las personas, afirm\u00f3 Ana Carolina Sep\u00falveda Vild\u00f3sola, directora de la Facultad de Medicina (FM) de la UNAM.<\/h3>\n<p>Por: Patricia L\u00f3pez Suarez &#8211; desInform\u00e9monos<\/p>\n<p>Al inaugurar el foro \u201cLos cuidados y la salud\u201d, organizado por la FM en el contexto del D\u00eda Internacional de los Cuidados y el Apoyo, celebrado el 29 de octubre y proclamado en 2023 por la Organizaci\u00f3n de las Naciones Unidas (ONU), se\u00f1al\u00f3 que el objetivo del evento es visibilizar la importancia de los cuidados para la vida y el desarrollo humano.<\/p>\n<p>En el Auditorio Ram\u00f3n de la Fuente de la FM, la funcionaria resalt\u00f3 la importancia de este tema como parte del derecho a la salud y la igualdad. Invit\u00f3 a crear estructuras s\u00f3lidas de cuidados, que sean resilientes y tengan una perspectiva de derechos humanos. \u201cEste llamado incluye a las instituciones universitarias\u201d.<\/p>\n<p>Destac\u00f3 que todas las personas en alg\u00fan momento de la vida necesitamos cuidados, dependiendo de la edad, las enfermedades y las circunstancias. \u201cEl cuidado acompa\u00f1a el ciclo de vida de las personas, desde la infancia hasta la vejez, y es un factor importante en la vida personal\u201d.<\/p>\n<p>Subray\u00f3 que, en nuestra regi\u00f3n, la labor de cuidados recae principalmente en las mujeres, quienes suman m\u00e1s del 80 % de las responsables de cuidados.<\/p>\n<h2>\u00bfTarea de todos?<\/h2>\n<p>En M\u00e9xico, en promedio siete de cada 10 mujeres realizan los cuidados de manera general; nueve de cada 10 cuidan a infantes y seis de cada 10 a una persona con discapacidad.<\/p>\n<p>\u201cLo anterior genera una brecha hacia las mujeres y cierra las oportunidades para su formaci\u00f3n profesional, o alcanzar un cargo m\u00e1s alto en el trabajo y reduce los ingresos\u201d, coment\u00f3 Gabriela Borrayo S\u00e1nchez, secretaria general de la FM.<\/p>\n<p>Agreg\u00f3 que \u201clos cuidados son tarea de todos, es un acto de solidaridad, de amor que nos enriquece como personas y nos permite el bienestar y el progreso de las sociedades, de los pa\u00edses y de la humanidad\u201d, apunt\u00f3.<\/p>\n<p>En alg\u00fan momento necesitaremos cuidados. Esa es la premisa que hoy tenemos aqu\u00ed, que queremos sembrar en este foro y participar de una cultura del cuidado, que es urgente, agreg\u00f3.<\/p>\n<p>Rub\u00e9n Hern\u00e1ndez Duarte, director de Pol\u00edticas de Igualdad y No Discriminaci\u00f3n de la Coordinaci\u00f3n de Igualdad de G\u00e9nero (CIGU) de la UNAM, consider\u00f3 que es una maravillosa iniciativa poner en el centro la reflexi\u00f3n sobre el papel que tienen los cuidados en la salud, el bienestar y el planeta.<\/p>\n<p>\u201cEn el mundo hay un proyecto colectivo sobre los cuidados, imagin\u00e1ndolos como un concepto ineludible para conservar la vida humana\u201d.<\/p>\n<p>Celebr\u00f3 que actualmente la Corte Interamericana de Derechos Humanos debate si los cuidados son un derecho humano. \u201cCreo que dif\u00edcilmente no lo aprobar\u00e1n, pues son necesarios para preservar la dignidad humana\u201d.<\/p>\n<p>Dijo que en esta transici\u00f3n la formaci\u00f3n de agendas de cuidados debe incluirse \u201cen la organizaci\u00f3n social y comunitaria de ayuda colectiva; que las sociedades y los grupos colectivos pongan en el centro de la discusi\u00f3n los cuidados\u201d.<\/p>\n<p>Se pronunci\u00f3 por profesionalizar los cuidados, con personas preparadas, diligentes y que conjunten informaci\u00f3n de salud con el respeto a los derechos humanos. \u201cHay que cuidar tambi\u00e9n a las personas cuidadoras\u201d.<\/p>\n<h2>Envejecimiento saludable<\/h2>\n<p>Brenda Emilia Chino Hern\u00e1ndez, directora del Centro de Atenci\u00f3n Social a la Salud de las y los Adultos Mayores del Instituto Mexicano del Seguro Social, remarc\u00f3 los cuatro puntos de la d\u00e9cada del envejecimiento saludable: la no discriminaci\u00f3n hacia las personas mayores, ciudades amigables para este grupo poblacional (con rampas para sillas de ruedas y elevadores para quienes tienen dificultades para caminar), atenci\u00f3n centrada en la persona (conocer a qu\u00e9 se dedic\u00f3 y cu\u00e1les son sus intereses) y los cuidados a largo plazo.<\/p>\n<p>A\u00f1adi\u00f3 que las personas mayores necesitan a un cuidador y \u00e9ste requiere una formaci\u00f3n y un sueldo. Y cuestion\u00f3 que en M\u00e9xico no tengamos un Sistema Nacional de Cuidados, que ya existe en varios pa\u00edses de Am\u00e9rica Latina.<\/p>\n<p>Norma Ang\u00e9lica San Jos\u00e9 Rodr\u00edguez, del Centro Nacional de Equidad de G\u00e9nero y Salud Reproductiva, expres\u00f3 que el tema de los cuidados es de gran relevancia, tanto que en agosto pasado la ONU hizo un llamado a celebrar este d\u00eda.<\/p>\n<p>Resalt\u00f3 la importancia de las universidades como formadoras de profesionales en salud para contar con personal remunerado y correctamente preparado.<\/p>\n<p>Mencion\u00f3 que corresponde al \u00e1mbito de la salud hablar y discutir de los cuidados y de c\u00f3mo vulnera los derechos humanos y la equidad de g\u00e9nero. Es necesario sensibilizar y capacitar al personal de salud que vigila a las personas que requieren cuidados.<\/p>\n<p>En el pres\u00eddium tambi\u00e9n estuvo Jos\u00e9 Benjam\u00edn Guerrero L\u00f3pez, jefe del Departamento de Psiquiatr\u00eda y Salud Mental de la FM.<\/p>\n<p class=\"has-medium-font-size\"><strong>Publicado originalmente en\u00a0<a href=\"https:\/\/www.gaceta.unam.mx\/en-las-mujeres-recae-el-80-de-los-cuidados-familiares\/\">Gaceta UNAM<\/a><\/strong><\/p>\n","protected":false},"excerpt":{"rendered":"<p>En el \u00e1mbito de la salud, los cuidados son fundamentales, ya sean remunerados o no. Se refieren a todas las actividades necesarias para la vida diaria, considerando el bienestar f\u00edsico y emocional de las personas, afirm\u00f3 Ana Carolina Sep\u00falveda Vild\u00f3sola,&hellip;<\/p>\n","protected":false},"author":831,"featured_media":2559562,"comment_status":"closed","ping_status":"closed","sticky":false,"template":"","format":"standard","meta":{"footnotes":""},"categories":[79,68,106739,1239],"tags":[95642,128661,27815],"class_list":["post-2559556","post","type-post","status-publish","format-standard","has-post-thumbnail","hentry","category-derechos-humanos","category-norteamerica","category-noticia","category-salud","tag-brecha-de-genero","tag-cuidado-de-enfermos","tag-mujer"],"yoast_head":"<!-- This site is optimized with the Yoast SEO plugin v27.1.1 - https:\/\/yoast.com\/product\/yoast-seo-wordpress\/ -->\n<title>En las mujeres recae el 80 por ciento de los cuidados familiares<\/title>\n<meta name=\"description\" content=\"En el \u00e1mbito de la salud, los cuidados son fundamentales, ya sean remunerados o no. Se refieren a todas las actividades necesarias para la vida diaria,\" \/>\n<meta name=\"robots\" content=\"index, follow, max-snippet:-1, max-image-preview:large, max-video-preview:-1\" \/>\n<link rel=\"canonical\" href=\"https:\/\/www.pressenza.com\/es\/2024\/11\/en-las-mujeres-recae-el-80-por-ciento-de-los-cuidados-familiares\/\" \/>\n<meta property=\"og:locale\" content=\"es_ES\" \/>\n<meta property=\"og:type\" content=\"article\" \/>\n<meta property=\"og:title\" content=\"En las mujeres recae el 80 por ciento de los cuidados familiares\" \/>\n<meta property=\"og:description\" content=\"En el \u00e1mbito de la salud, los cuidados son fundamentales, ya sean remunerados o no. Se refieren a todas las actividades necesarias para la vida diaria,\" \/>\n<meta property=\"og:url\" content=\"https:\/\/www.pressenza.com\/es\/2024\/11\/en-las-mujeres-recae-el-80-por-ciento-de-los-cuidados-familiares\/\" \/>\n<meta property=\"og:site_name\" content=\"Pressenza\" \/>\n<meta property=\"article:publisher\" content=\"https:\/\/www.facebook.com\/PressenzaItalia\" \/>\n<meta property=\"article:published_time\" content=\"2024-11-02T00:24:12+00:00\" \/>\n<meta property=\"og:image\" content=\"https:\/\/www.pressenza.com\/wp-content\/uploads\/2024\/11\/mujer.jpg\" \/>\n\t<meta property=\"og:image:width\" content=\"990\" \/>\n\t<meta property=\"og:image:height\" content=\"557\" \/>\n\t<meta property=\"og:image:type\" content=\"image\/jpeg\" \/>\n<meta name=\"author\" content=\"Redacci\u00f3n Per\u00fa\" \/>\n<meta name=\"twitter:card\" content=\"summary_large_image\" \/>\n<meta name=\"twitter:creator\" content=\"@PressenzaIPA\" \/>\n<meta name=\"twitter:site\" content=\"@PressenzaIPA\" \/>\n<meta name=\"twitter:label1\" content=\"Escrito por\" \/>\n\t<meta name=\"twitter:data1\" content=\"Redacci\u00f3n Per\u00fa\" \/>\n\t<meta name=\"twitter:label2\" content=\"Tiempo de lectura\" \/>\n\t<meta name=\"twitter:data2\" content=\"4 minutos\" \/>\n<script type=\"application\/ld+json\" class=\"yoast-schema-graph\">{\"@context\":\"https:\/\/schema.org\",\"@graph\":[{\"@type\":\"Article\",\"@id\":\"https:\/\/www.pressenza.com\/es\/2024\/11\/en-las-mujeres-recae-el-80-por-ciento-de-los-cuidados-familiares\/#article\",\"isPartOf\":{\"@id\":\"https:\/\/www.pressenza.com\/es\/2024\/11\/en-las-mujeres-recae-el-80-por-ciento-de-los-cuidados-familiares\/\"},\"author\":{\"name\":\"Redacci\u00f3n Per\u00fa\",\"@id\":\"https:\/\/www.pressenza.com\/es\/#\/schema\/person\/e86c29a41185b85084a478822f5de81b\"},\"headline\":\"En las mujeres recae el 80 por ciento de los cuidados familiares\",\"datePublished\":\"2024-11-02T00:24:12+00:00\",\"mainEntityOfPage\":{\"@id\":\"https:\/\/www.pressenza.com\/es\/2024\/11\/en-las-mujeres-recae-el-80-por-ciento-de-los-cuidados-familiares\/\"},\"wordCount\":866,\"publisher\":{\"@id\":\"https:\/\/www.pressenza.com\/es\/#organization\"},\"image\":{\"@id\":\"https:\/\/www.pressenza.com\/es\/2024\/11\/en-las-mujeres-recae-el-80-por-ciento-de-los-cuidados-familiares\/#primaryimage\"},\"thumbnailUrl\":\"https:\/\/www.pressenza.com\/wp-content\/uploads\/2024\/11\/mujer.jpg\",\"keywords\":[\"brecha de g\u00e9nero\",\"cuidado de enfermos\",\"mujer\"],\"articleSection\":[\"Derechos Humanos\",\"Norteam\u00e9rica\",\"Noticia\",\"Salud\"],\"inLanguage\":\"es\"},{\"@type\":\"WebPage\",\"@id\":\"https:\/\/www.pressenza.com\/es\/2024\/11\/en-las-mujeres-recae-el-80-por-ciento-de-los-cuidados-familiares\/\",\"url\":\"https:\/\/www.pressenza.com\/es\/2024\/11\/en-las-mujeres-recae-el-80-por-ciento-de-los-cuidados-familiares\/\",\"name\":\"En las mujeres recae el 80 por ciento de los cuidados familiares\",\"isPartOf\":{\"@id\":\"https:\/\/www.pressenza.com\/es\/#website\"},\"primaryImageOfPage\":{\"@id\":\"https:\/\/www.pressenza.com\/es\/2024\/11\/en-las-mujeres-recae-el-80-por-ciento-de-los-cuidados-familiares\/#primaryimage\"},\"image\":{\"@id\":\"https:\/\/www.pressenza.com\/es\/2024\/11\/en-las-mujeres-recae-el-80-por-ciento-de-los-cuidados-familiares\/#primaryimage\"},\"thumbnailUrl\":\"https:\/\/www.pressenza.com\/wp-content\/uploads\/2024\/11\/mujer.jpg\",\"datePublished\":\"2024-11-02T00:24:12+00:00\",\"description\":\"En el \u00e1mbito de la salud, los cuidados son fundamentales, ya sean remunerados o no. Se refieren a todas las actividades necesarias para la vida diaria,\",\"breadcrumb\":{\"@id\":\"https:\/\/www.pressenza.com\/es\/2024\/11\/en-las-mujeres-recae-el-80-por-ciento-de-los-cuidados-familiares\/#breadcrumb\"},\"inLanguage\":\"es\",\"potentialAction\":[{\"@type\":\"ReadAction\",\"target\":[\"https:\/\/www.pressenza.com\/es\/2024\/11\/en-las-mujeres-recae-el-80-por-ciento-de-los-cuidados-familiares\/\"]}]},{\"@type\":\"ImageObject\",\"inLanguage\":\"es\",\"@id\":\"https:\/\/www.pressenza.com\/es\/2024\/11\/en-las-mujeres-recae-el-80-por-ciento-de-los-cuidados-familiares\/#primaryimage\",\"url\":\"https:\/\/www.pressenza.com\/wp-content\/uploads\/2024\/11\/mujer.jpg\",\"contentUrl\":\"https:\/\/www.pressenza.com\/wp-content\/uploads\/2024\/11\/mujer.jpg\",\"width\":990,\"height\":557},{\"@type\":\"BreadcrumbList\",\"@id\":\"https:\/\/www.pressenza.com\/es\/2024\/11\/en-las-mujeres-recae-el-80-por-ciento-de-los-cuidados-familiares\/#breadcrumb\",\"itemListElement\":[{\"@type\":\"ListItem\",\"position\":1,\"name\":\"Accueil\",\"item\":\"https:\/\/www.pressenza.com\/es\/\"},{\"@type\":\"ListItem\",\"position\":2,\"name\":\"En las mujeres recae el 80 por ciento de los cuidados familiares\"}]},{\"@type\":\"WebSite\",\"@id\":\"https:\/\/www.pressenza.com\/es\/#website\",\"url\":\"https:\/\/www.pressenza.com\/es\/\",\"name\":\"Pressenza\",\"description\":\"International Press Agency\",\"publisher\":{\"@id\":\"https:\/\/www.pressenza.com\/es\/#organization\"},\"potentialAction\":[{\"@type\":\"SearchAction\",\"target\":{\"@type\":\"EntryPoint\",\"urlTemplate\":\"https:\/\/www.pressenza.com\/es\/?s={search_term_string}\"},\"query-input\":{\"@type\":\"PropertyValueSpecification\",\"valueRequired\":true,\"valueName\":\"search_term_string\"}}],\"inLanguage\":\"es\"},{\"@type\":\"Organization\",\"@id\":\"https:\/\/www.pressenza.com\/es\/#organization\",\"name\":\"Pressenza\",\"url\":\"https:\/\/www.pressenza.com\/es\/\",\"logo\":{\"@type\":\"ImageObject\",\"inLanguage\":\"es\",\"@id\":\"https:\/\/www.pressenza.com\/es\/#\/schema\/logo\/image\/\",\"url\":\"https:\/\/www.pressenza.com\/wp-content\/uploads\/2022\/10\/pressenza_logo_200x200.jpg\",\"contentUrl\":\"https:\/\/www.pressenza.com\/wp-content\/uploads\/2022\/10\/pressenza_logo_200x200.jpg\",\"width\":200,\"height\":200,\"caption\":\"Pressenza\"},\"image\":{\"@id\":\"https:\/\/www.pressenza.com\/es\/#\/schema\/logo\/image\/\"},\"sameAs\":[\"https:\/\/www.facebook.com\/PressenzaItalia\",\"https:\/\/x.com\/PressenzaIPA\"]},{\"@type\":\"Person\",\"@id\":\"https:\/\/www.pressenza.com\/es\/#\/schema\/person\/e86c29a41185b85084a478822f5de81b\",\"name\":\"Redacci\u00f3n Per\u00fa\",\"description\":\"News published by the Pressenza bureau in Peru\",\"url\":\"https:\/\/www.pressenza.com\/es\/author\/redaccion-peru\/\"}]}<\/script>\n<!-- \/ Yoast SEO plugin. -->","yoast_head_json":{"title":"En las mujeres recae el 80 por ciento de los cuidados familiares","description":"En el \u00e1mbito de la salud, los cuidados son fundamentales, ya sean remunerados o no. Se refieren a todas las actividades necesarias para la vida diaria,","robots":{"index":"index","follow":"follow","max-snippet":"max-snippet:-1","max-image-preview":"max-image-preview:large","max-video-preview":"max-video-preview:-1"},"canonical":"https:\/\/www.pressenza.com\/es\/2024\/11\/en-las-mujeres-recae-el-80-por-ciento-de-los-cuidados-familiares\/","og_locale":"es_ES","og_type":"article","og_title":"En las mujeres recae el 80 por ciento de los cuidados familiares","og_description":"En el \u00e1mbito de la salud, los cuidados son fundamentales, ya sean remunerados o no. Se refieren a todas las actividades necesarias para la vida diaria,","og_url":"https:\/\/www.pressenza.com\/es\/2024\/11\/en-las-mujeres-recae-el-80-por-ciento-de-los-cuidados-familiares\/","og_site_name":"Pressenza","article_publisher":"https:\/\/www.facebook.com\/PressenzaItalia","article_published_time":"2024-11-02T00:24:12+00:00","og_image":[{"width":990,"height":557,"url":"https:\/\/www.pressenza.com\/wp-content\/uploads\/2024\/11\/mujer.jpg","type":"image\/jpeg"}],"author":"Redacci\u00f3n Per\u00fa","twitter_card":"summary_large_image","twitter_creator":"@PressenzaIPA","twitter_site":"@PressenzaIPA","twitter_misc":{"Escrito por":"Redacci\u00f3n Per\u00fa","Tiempo de lectura":"4 minutos"},"schema":{"@context":"https:\/\/schema.org","@graph":[{"@type":"Article","@id":"https:\/\/www.pressenza.com\/es\/2024\/11\/en-las-mujeres-recae-el-80-por-ciento-de-los-cuidados-familiares\/#article","isPartOf":{"@id":"https:\/\/www.pressenza.com\/es\/2024\/11\/en-las-mujeres-recae-el-80-por-ciento-de-los-cuidados-familiares\/"},"author":{"name":"Redacci\u00f3n Per\u00fa","@id":"https:\/\/www.pressenza.com\/es\/#\/schema\/person\/e86c29a41185b85084a478822f5de81b"},"headline":"En las mujeres recae el 80 por ciento de los cuidados familiares","datePublished":"2024-11-02T00:24:12+00:00","mainEntityOfPage":{"@id":"https:\/\/www.pressenza.com\/es\/2024\/11\/en-las-mujeres-recae-el-80-por-ciento-de-los-cuidados-familiares\/"},"wordCount":866,"publisher":{"@id":"https:\/\/www.pressenza.com\/es\/#organization"},"image":{"@id":"https:\/\/www.pressenza.com\/es\/2024\/11\/en-las-mujeres-recae-el-80-por-ciento-de-los-cuidados-familiares\/#primaryimage"},"thumbnailUrl":"https:\/\/www.pressenza.com\/wp-content\/uploads\/2024\/11\/mujer.jpg","keywords":["brecha de g\u00e9nero","cuidado de enfermos","mujer"],"articleSection":["Derechos Humanos","Norteam\u00e9rica","Noticia","Salud"],"inLanguage":"es"},{"@type":"WebPage","@id":"https:\/\/www.pressenza.com\/es\/2024\/11\/en-las-mujeres-recae-el-80-por-ciento-de-los-cuidados-familiares\/","url":"https:\/\/www.pressenza.com\/es\/2024\/11\/en-las-mujeres-recae-el-80-por-ciento-de-los-cuidados-familiares\/","name":"En las mujeres recae el 80 por ciento de los cuidados familiares","isPartOf":{"@id":"https:\/\/www.pressenza.com\/es\/#website"},"primaryImageOfPage":{"@id":"https:\/\/www.pressenza.com\/es\/2024\/11\/en-las-mujeres-recae-el-80-por-ciento-de-los-cuidados-familiares\/#primaryimage"},"image":{"@id":"https:\/\/www.pressenza.com\/es\/2024\/11\/en-las-mujeres-recae-el-80-por-ciento-de-los-cuidados-familiares\/#primaryimage"},"thumbnailUrl":"https:\/\/www.pressenza.com\/wp-content\/uploads\/2024\/11\/mujer.jpg","datePublished":"2024-11-02T00:24:12+00:00","description":"En el \u00e1mbito de la salud, los cuidados son fundamentales, ya sean remunerados o no. Se refieren a todas las actividades necesarias para la vida diaria,","breadcrumb":{"@id":"https:\/\/www.pressenza.com\/es\/2024\/11\/en-las-mujeres-recae-el-80-por-ciento-de-los-cuidados-familiares\/#breadcrumb"},"inLanguage":"es","potentialAction":[{"@type":"ReadAction","target":["https:\/\/www.pressenza.com\/es\/2024\/11\/en-las-mujeres-recae-el-80-por-ciento-de-los-cuidados-familiares\/"]}]},{"@type":"ImageObject","inLanguage":"es","@id":"https:\/\/www.pressenza.com\/es\/2024\/11\/en-las-mujeres-recae-el-80-por-ciento-de-los-cuidados-familiares\/#primaryimage","url":"https:\/\/www.pressenza.com\/wp-content\/uploads\/2024\/11\/mujer.jpg","contentUrl":"https:\/\/www.pressenza.com\/wp-content\/uploads\/2024\/11\/mujer.jpg","width":990,"height":557},{"@type":"BreadcrumbList","@id":"https:\/\/www.pressenza.com\/es\/2024\/11\/en-las-mujeres-recae-el-80-por-ciento-de-los-cuidados-familiares\/#breadcrumb","itemListElement":[{"@type":"ListItem","position":1,"name":"Accueil","item":"https:\/\/www.pressenza.com\/es\/"},{"@type":"ListItem","position":2,"name":"En las mujeres recae el 80 por ciento de los cuidados familiares"}]},{"@type":"WebSite","@id":"https:\/\/www.pressenza.com\/es\/#website","url":"https:\/\/www.pressenza.com\/es\/","name":"Pressenza","description":"International Press Agency","publisher":{"@id":"https:\/\/www.pressenza.com\/es\/#organization"},"potentialAction":[{"@type":"SearchAction","target":{"@type":"EntryPoint","urlTemplate":"https:\/\/www.pressenza.com\/es\/?s={search_term_string}"},"query-input":{"@type":"PropertyValueSpecification","valueRequired":true,"valueName":"search_term_string"}}],"inLanguage":"es"},{"@type":"Organization","@id":"https:\/\/www.pressenza.com\/es\/#organization","name":"Pressenza","url":"https:\/\/www.pressenza.com\/es\/","logo":{"@type":"ImageObject","inLanguage":"es","@id":"https:\/\/www.pressenza.com\/es\/#\/schema\/logo\/image\/","url":"https:\/\/www.pressenza.com\/wp-content\/uploads\/2022\/10\/pressenza_logo_200x200.jpg","contentUrl":"https:\/\/www.pressenza.com\/wp-content\/uploads\/2022\/10\/pressenza_logo_200x200.jpg","width":200,"height":200,"caption":"Pressenza"},"image":{"@id":"https:\/\/www.pressenza.com\/es\/#\/schema\/logo\/image\/"},"sameAs":["https:\/\/www.facebook.com\/PressenzaItalia","https:\/\/x.com\/PressenzaIPA"]},{"@type":"Person","@id":"https:\/\/www.pressenza.com\/es\/#\/schema\/person\/e86c29a41185b85084a478822f5de81b","name":"Redacci\u00f3n Per\u00fa","description":"News published by the Pressenza bureau in Peru","url":"https:\/\/www.pressenza.com\/es\/author\/redaccion-peru\/"}]}},"place":"","original_article_url":"","_links":{"self":[{"href":"https:\/\/www.pressenza.com\/es\/wp-json\/wp\/v2\/posts\/2559556","targetHints":{"allow":["GET"]}}],"collection":[{"href":"https:\/\/www.pressenza.com\/es\/wp-json\/wp\/v2\/posts"}],"about":[{"href":"https:\/\/www.pressenza.com\/es\/wp-json\/wp\/v2\/types\/post"}],"author":[{"embeddable":true,"href":"https:\/\/www.pressenza.com\/es\/wp-json\/wp\/v2\/users\/831"}],"replies":[{"embeddable":true,"href":"https:\/\/www.pressenza.com\/es\/wp-json\/wp\/v2\/comments?post=2559556"}],"version-history":[{"count":0,"href":"https:\/\/www.pressenza.com\/es\/wp-json\/wp\/v2\/posts\/2559556\/revisions"}],"wp:featuredmedia":[{"embeddable":true,"href":"https:\/\/www.pressenza.com\/es\/wp-json\/wp\/v2\/media\/2559562"}],"wp:attachment":[{"href":"https:\/\/www.pressenza.com\/es\/wp-json\/wp\/v2\/media?parent=2559556"}],"wp:term":[{"taxonomy":"category","embeddable":true,"href":"https:\/\/www.pressenza.com\/es\/wp-json\/wp\/v2\/categories?post=2559556"},{"taxonomy":"post_tag","embeddable":true,"href":"https:\/\/www.pressenza.com\/es\/wp-json\/wp\/v2\/tags?post=2559556"}],"curies":[{"name":"wp","href":"https:\/\/api.w.org\/{rel}","templated":true}]}}