{"id":2559546,"date":"2024-11-02T00:16:25","date_gmt":"2024-11-02T00:16:25","guid":{"rendered":"https:\/\/www.pressenza.com\/?p=2559546"},"modified":"2024-11-02T00:16:25","modified_gmt":"2024-11-02T00:16:25","slug":"posicion-humanista-ante-la-situacion-actual-en-mozambique","status":"publish","type":"post","link":"https:\/\/www.pressenza.com\/es\/2024\/11\/posicion-humanista-ante-la-situacion-actual-en-mozambique\/","title":{"rendered":"Posici\u00f3n humanista ante la situaci\u00f3n actual en Mozambique"},"content":{"rendered":"<p><em>\u00abPor encima de todo, la salud, educaci\u00f3n, vivienda y trabajo pleno para mi pueblo. No hay Estado, ni empresas, ni instituciones, ni modelos econ\u00f3micos por encima del ser humano&#8230; Yo, mi hermano y mi pueblo superaremos nuestras propias debilidades para vencer la infamia de los poderosos. Enfrentaremos la injusticia, la explotaci\u00f3n, la discriminaci\u00f3n y la violencia&#8230; Afirmaremos el coraje, la compasi\u00f3n y la solidaridad y despreciaremos la cobard\u00eda, la insensibilidad y la violencia de los poderosos&#8230;\u00bb<\/em> Silo, Declaraci\u00f3n Humanista (extractos) 1997<\/p>\n<p><strong>Contexto global general<\/strong><\/p>\n<p>En el mundo actual, la violencia se extiende en todos los \u00e1mbitos, generando un clima de miedo, incertidumbre, asfixia y fragmentaci\u00f3n del tejido social. No se trata s\u00f3lo de violencia f\u00edsica, guerras y cr\u00edmenes. Tambi\u00e9n hay violencia econ\u00f3mica, racial, religiosa, dom\u00e9stica y psicol\u00f3gica. Tambi\u00e9n hay una violencia interna que crece dentro de cada uno de nosotros.<\/p>\n<p><strong>La situaci\u00f3n actual del pa\u00eds y la verdad electoral<\/strong><\/p>\n<p>El pa\u00eds atraviesa un estado de convulsi\u00f3n social como consecuencia de la probable manipulaci\u00f3n y distorsi\u00f3n de la verdad electoral, seg\u00fan denuncian numerosas organizaciones de la sociedad civil, observadores nacionales y extranjeros y partidos de la oposici\u00f3n. Esta situaci\u00f3n se ve agravada por el atroz asesinato pol\u00edtico de dos miembros de la oposici\u00f3n, al que sigui\u00f3 la violenta represi\u00f3n de las manifestaciones populares, que se sald\u00f3 con varias muertes en todo el pa\u00eds.<\/p>\n<p>El robo de la verdad electoral &#8211; de confirmarse &#8211; es un claro intento de asalto al Estado de derecho, en el que se viola el derecho a la autodeterminaci\u00f3n del pueblo mozambique\u00f1o.<\/p>\n<p><strong>Antecedentes<\/strong><\/p>\n<p>El polvor\u00edn sobre el que estamos sentados no es nuevo y va m\u00e1s all\u00e1 de las actuales elecciones generales.<\/p>\n<p>Tras 49 a\u00f1os de independencia nacional, Mozambique sigue figurando entre los 10 pa\u00edses m\u00e1s pobres del mundo. En los \u00faltimos 10 a\u00f1os se ha producido un aumento notorio de la pobreza y la degradaci\u00f3n de las infraestructuras y los servicios p\u00fablicos. La corrupci\u00f3n se ha hecho end\u00e9mica a todos los niveles, y algunos casos han salido a la luz, como el esc\u00e1ndalo de las \u00abdeudas ocultas\u00bb, que devast\u00f3 las arcas del Estado y puso al pa\u00eds en la lista negra de las instituciones financieras internacionales. El norte del pa\u00eds est\u00e1 acosado por una insurgencia que reclama mercenarios y ej\u00e9rcitos extranjeros para contenerla, sin resoluci\u00f3n a la vista. El aparato estatal es altamente partidista, infestado de tr\u00e1fico de influencias, corrupci\u00f3n e ineficacia.<\/p>\n<p>La juventud de las periferias urbanas, en paro y sin perspectivas de futuro, est\u00e1 al borde de la desesperaci\u00f3n. La democracia se ha convertido en una farsa ama\u00f1ada, con el descarado relleno de urnas, la manipulaci\u00f3n de los resultados y los repetidos asesinatos de voces disidentes.<\/p>\n<p>La naci\u00f3n no tiene un proyecto a largo plazo. Es un barco a la deriva.<\/p>\n<p><strong>Marcha Nacional y Noviolencia Activa<\/strong><\/p>\n<p>Frente a todo esto, el partido PODEMOS y su candidato, Ven\u00e2ncio Mondlane, vienen movilizando a la sociedad mozambique\u00f1a para la resistencia civil mediante huelgas y marchas populares. En su \u00faltima convocatoria, y en consonancia con los l\u00edderes de la oposici\u00f3n, llam\u00f3 a los mozambique\u00f1os a una nueva huelga de 7 d\u00edas junto con una Marcha de Rovuma a Maputo.<\/p>\n<p>Los humanistas reconocen como justa la resistencia contra toda forma de violencia. La Constituci\u00f3n de la Rep\u00fablica tambi\u00e9n consagra el derecho a la manifestaci\u00f3n pac\u00edfica y libre, tal y como se recoge en el art\u00edculo 51.<\/p>\n<p>Es en este contexto que instamos al Sr. Ven\u00e2ncio, y a los que estar\u00e1n al frente de la manifestaci\u00f3n, a inspirarse en la no violencia activa como metodolog\u00eda de lucha. La noviolencia tiene profundas ra\u00edces morales y \u00e9ticas, enraizadas en todas las grandes tradiciones religiosas, en la Biblia, en el pensamiento de Tolstoi y que, a su vez, inspir\u00f3 a los grandes referentes hist\u00f3ricos de la lucha noviolenta, Mahatma Gandhi y el Dr. Martin Luther King. M\u00e1s recientemente, Silo, fundador del Nuevo Humanismo, ha se\u00f1alado a la no violencia como la \u00fanica fuerza moral que puede transformar positivamente el mundo. La no violencia no es pacifismo, la no violencia no es s\u00f3lo un eslogan para manifestaciones.<\/p>\n<p>La no violencia no es la actitud resignada de quien evita la confrontaci\u00f3n y la discusi\u00f3n por miedo. La no violencia es una gran filosof\u00eda de vida y una metodolog\u00eda de acci\u00f3n que siempre se ha inspirado en profundas convicciones morales y religiosas, y que hoy representa la \u00fanica respuesta coherente a la espiral de violencia que nos rodea.<br \/>\nLo que hoy se conquista con violencia s\u00f3lo puede mantenerse con violencia.<br \/>\nLa lucha no violenta requiere una firme postura moral de los dirigentes y la firme decisi\u00f3n de no responder al mal con el mal. Tambi\u00e9n requiere una clarificaci\u00f3n permanente y la concienciaci\u00f3n popular.<\/p>\n<p>Tambi\u00e9n exhortamos a los miembros de las Fuerzas del Orden que tengan valor y adopten una postura \u00e9tica y moral, respetando la Constituci\u00f3n y rechazando las \u00f3rdenes de un poder pol\u00edtico que puede haber sido creado de forma dudosa y posiblemente il\u00edcita. Rechacen tambi\u00e9n cualquier orden que instrumentalice a las Fuerzas del Orden para reprimir violentamente al pueblo, al que en \u00faltima instancia deben servir.<\/p>\n<p><iframe loading=\"lazy\" title=\"Mozambique\" width=\"500\" height=\"375\" src=\"https:\/\/www.youtube.com\/embed\/IZkzUiQb7rc?feature=oembed\" frameborder=\"0\" allow=\"accelerometer; autoplay; clipboard-write; encrypted-media; gyroscope; picture-in-picture; web-share\" referrerpolicy=\"strict-origin-when-cross-origin\" allowfullscreen><\/iframe><\/p>\n<p><strong>Nuestro futuro depende de lo que hagamos hoy<\/strong><\/p>\n<p>En la historia ha habido muchas personas que han dado esperanza a la humanidad, se\u00f1alando siempre la no violencia como el camino a seguir. Tambi\u00e9n muestran c\u00f3mo el verdadero poder reside en el ser humano, cuando en unidad, solidaridad y firmeza, luchan por un mundo mejor. Tambi\u00e9n muestran que la bondad, la fuerza y la sabidur\u00eda, lo \u00fanico que realmente necesitamos, se encuentran dentro de cada uno de nosotros.<\/p>\n<p>\u00a1Paz, fuerza y alegr\u00eda a todos!<\/p>\n<p>\u00a1La lucha contin\u00faa!<\/p>\n","protected":false},"excerpt":{"rendered":"<p>\u00abPor encima de todo, la salud, educaci\u00f3n, vivienda y trabajo pleno para mi pueblo. No hay Estado, ni empresas, ni instituciones, ni modelos econ\u00f3micos por encima del ser humano&#8230; Yo, mi hermano y mi pueblo superaremos nuestras propias debilidades para&hellip;<\/p>\n","protected":false},"author":19,"featured_media":2559557,"comment_status":"closed","ping_status":"closed","sticky":false,"template":"","format":"standard","meta":{"footnotes":""},"categories":[64,149,11389,79,1242],"tags":[441,4813,383],"class_list":["post-2559546","post","type-post","status-publish","format-standard","has-post-thumbnail","hentry","category-africa-es","category-comunicados-de-prensa","category-contenido-original","category-derechos-humanos","category-noviolencia-tema","tag-derechos-humanos","tag-mozambique-es","tag-noviolencia"],"yoast_head":"<!-- This site is optimized with the Yoast SEO plugin v27.1.1 - https:\/\/yoast.com\/product\/yoast-seo-wordpress\/ -->\n<title>Posici\u00f3n humanista ante la situaci\u00f3n actual en Mozambique<\/title>\n<meta name=\"description\" content=\"&quot;Por encima de todo, la salud, educaci\u00f3n, vivienda y trabajo pleno para mi pueblo. No hay Estado, ni empresas, ni instituciones, ni modelos econ\u00f3micos por\" \/>\n<meta name=\"robots\" content=\"index, follow, max-snippet:-1, max-image-preview:large, max-video-preview:-1\" \/>\n<link rel=\"canonical\" href=\"https:\/\/www.pressenza.com\/es\/2024\/11\/posicion-humanista-ante-la-situacion-actual-en-mozambique\/\" \/>\n<meta property=\"og:locale\" content=\"es_ES\" \/>\n<meta property=\"og:type\" content=\"article\" \/>\n<meta property=\"og:title\" content=\"Posici\u00f3n humanista ante la situaci\u00f3n actual en Mozambique\" \/>\n<meta property=\"og:description\" content=\"&quot;Por encima de todo, la salud, educaci\u00f3n, vivienda y trabajo pleno para mi pueblo. No hay Estado, ni empresas, ni instituciones, ni modelos econ\u00f3micos por\" \/>\n<meta property=\"og:url\" content=\"https:\/\/www.pressenza.com\/es\/2024\/11\/posicion-humanista-ante-la-situacion-actual-en-mozambique\/\" \/>\n<meta property=\"og:site_name\" content=\"Pressenza\" \/>\n<meta property=\"article:publisher\" content=\"https:\/\/www.facebook.com\/PressenzaItalia\" \/>\n<meta property=\"article:author\" content=\"https:\/\/www.facebook.com\/pressenza\" \/>\n<meta property=\"article:published_time\" content=\"2024-11-02T00:16:25+00:00\" \/>\n<meta property=\"og:image\" content=\"https:\/\/www.pressenza.com\/wp-content\/uploads\/2024\/11\/Mozam-1.jpeg\" \/>\n\t<meta property=\"og:image:width\" content=\"832\" \/>\n\t<meta property=\"og:image:height\" content=\"1280\" \/>\n\t<meta property=\"og:image:type\" content=\"image\/jpeg\" \/>\n<meta name=\"author\" content=\"Pressenza IPA\" \/>\n<meta name=\"twitter:card\" content=\"summary_large_image\" \/>\n<meta name=\"twitter:creator\" content=\"@PressenzaIPA\" \/>\n<meta name=\"twitter:site\" content=\"@PressenzaIPA\" \/>\n<meta name=\"twitter:label1\" content=\"Escrito por\" \/>\n\t<meta name=\"twitter:data1\" content=\"Pressenza IPA\" \/>\n\t<meta name=\"twitter:label2\" content=\"Tiempo de lectura\" \/>\n\t<meta name=\"twitter:data2\" content=\"5 minutos\" \/>\n<script type=\"application\/ld+json\" class=\"yoast-schema-graph\">{\"@context\":\"https:\/\/schema.org\",\"@graph\":[{\"@type\":\"Article\",\"@id\":\"https:\/\/www.pressenza.com\/es\/2024\/11\/posicion-humanista-ante-la-situacion-actual-en-mozambique\/#article\",\"isPartOf\":{\"@id\":\"https:\/\/www.pressenza.com\/es\/2024\/11\/posicion-humanista-ante-la-situacion-actual-en-mozambique\/\"},\"author\":{\"name\":\"Pressenza IPA\",\"@id\":\"https:\/\/www.pressenza.com\/es\/#\/schema\/person\/010e5d02bcf40965427a1289a4cc8d75\"},\"headline\":\"Posici\u00f3n humanista ante la situaci\u00f3n actual en Mozambique\",\"datePublished\":\"2024-11-02T00:16:25+00:00\",\"mainEntityOfPage\":{\"@id\":\"https:\/\/www.pressenza.com\/es\/2024\/11\/posicion-humanista-ante-la-situacion-actual-en-mozambique\/\"},\"wordCount\":1035,\"publisher\":{\"@id\":\"https:\/\/www.pressenza.com\/es\/#organization\"},\"image\":{\"@id\":\"https:\/\/www.pressenza.com\/es\/2024\/11\/posicion-humanista-ante-la-situacion-actual-en-mozambique\/#primaryimage\"},\"thumbnailUrl\":\"https:\/\/www.pressenza.com\/wp-content\/uploads\/2024\/11\/Mozam-1.jpeg\",\"keywords\":[\"Derechos humanos\",\"Mozambique\",\"Noviolencia\"],\"articleSection\":[\"Africa\",\"Comunicados de Prensa\",\"Contenido Original\",\"Derechos Humanos\",\"Noviolencia\"],\"inLanguage\":\"es\"},{\"@type\":\"WebPage\",\"@id\":\"https:\/\/www.pressenza.com\/es\/2024\/11\/posicion-humanista-ante-la-situacion-actual-en-mozambique\/\",\"url\":\"https:\/\/www.pressenza.com\/es\/2024\/11\/posicion-humanista-ante-la-situacion-actual-en-mozambique\/\",\"name\":\"Posici\u00f3n humanista ante la situaci\u00f3n actual en Mozambique\",\"isPartOf\":{\"@id\":\"https:\/\/www.pressenza.com\/es\/#website\"},\"primaryImageOfPage\":{\"@id\":\"https:\/\/www.pressenza.com\/es\/2024\/11\/posicion-humanista-ante-la-situacion-actual-en-mozambique\/#primaryimage\"},\"image\":{\"@id\":\"https:\/\/www.pressenza.com\/es\/2024\/11\/posicion-humanista-ante-la-situacion-actual-en-mozambique\/#primaryimage\"},\"thumbnailUrl\":\"https:\/\/www.pressenza.com\/wp-content\/uploads\/2024\/11\/Mozam-1.jpeg\",\"datePublished\":\"2024-11-02T00:16:25+00:00\",\"description\":\"\\\"Por encima de todo, la salud, educaci\u00f3n, vivienda y trabajo pleno para mi pueblo. No hay Estado, ni empresas, ni instituciones, ni modelos econ\u00f3micos por\",\"breadcrumb\":{\"@id\":\"https:\/\/www.pressenza.com\/es\/2024\/11\/posicion-humanista-ante-la-situacion-actual-en-mozambique\/#breadcrumb\"},\"inLanguage\":\"es\",\"potentialAction\":[{\"@type\":\"ReadAction\",\"target\":[\"https:\/\/www.pressenza.com\/es\/2024\/11\/posicion-humanista-ante-la-situacion-actual-en-mozambique\/\"]}]},{\"@type\":\"ImageObject\",\"inLanguage\":\"es\",\"@id\":\"https:\/\/www.pressenza.com\/es\/2024\/11\/posicion-humanista-ante-la-situacion-actual-en-mozambique\/#primaryimage\",\"url\":\"https:\/\/www.pressenza.com\/wp-content\/uploads\/2024\/11\/Mozam-1.jpeg\",\"contentUrl\":\"https:\/\/www.pressenza.com\/wp-content\/uploads\/2024\/11\/Mozam-1.jpeg\",\"width\":832,\"height\":1280},{\"@type\":\"BreadcrumbList\",\"@id\":\"https:\/\/www.pressenza.com\/es\/2024\/11\/posicion-humanista-ante-la-situacion-actual-en-mozambique\/#breadcrumb\",\"itemListElement\":[{\"@type\":\"ListItem\",\"position\":1,\"name\":\"Accueil\",\"item\":\"https:\/\/www.pressenza.com\/es\/\"},{\"@type\":\"ListItem\",\"position\":2,\"name\":\"Posici\u00f3n humanista ante la situaci\u00f3n actual en Mozambique\"}]},{\"@type\":\"WebSite\",\"@id\":\"https:\/\/www.pressenza.com\/es\/#website\",\"url\":\"https:\/\/www.pressenza.com\/es\/\",\"name\":\"Pressenza\",\"description\":\"International Press Agency\",\"publisher\":{\"@id\":\"https:\/\/www.pressenza.com\/es\/#organization\"},\"potentialAction\":[{\"@type\":\"SearchAction\",\"target\":{\"@type\":\"EntryPoint\",\"urlTemplate\":\"https:\/\/www.pressenza.com\/es\/?s={search_term_string}\"},\"query-input\":{\"@type\":\"PropertyValueSpecification\",\"valueRequired\":true,\"valueName\":\"search_term_string\"}}],\"inLanguage\":\"es\"},{\"@type\":\"Organization\",\"@id\":\"https:\/\/www.pressenza.com\/es\/#organization\",\"name\":\"Pressenza\",\"url\":\"https:\/\/www.pressenza.com\/es\/\",\"logo\":{\"@type\":\"ImageObject\",\"inLanguage\":\"es\",\"@id\":\"https:\/\/www.pressenza.com\/es\/#\/schema\/logo\/image\/\",\"url\":\"https:\/\/www.pressenza.com\/wp-content\/uploads\/2022\/10\/pressenza_logo_200x200.jpg\",\"contentUrl\":\"https:\/\/www.pressenza.com\/wp-content\/uploads\/2022\/10\/pressenza_logo_200x200.jpg\",\"width\":200,\"height\":200,\"caption\":\"Pressenza\"},\"image\":{\"@id\":\"https:\/\/www.pressenza.com\/es\/#\/schema\/logo\/image\/\"},\"sameAs\":[\"https:\/\/www.facebook.com\/PressenzaItalia\",\"https:\/\/x.com\/PressenzaIPA\"]},{\"@type\":\"Person\",\"@id\":\"https:\/\/www.pressenza.com\/es\/#\/schema\/person\/010e5d02bcf40965427a1289a4cc8d75\",\"name\":\"Pressenza IPA\",\"description\":\"News from Pressenza IPA correspondents\",\"sameAs\":[\"https:\/\/www.facebook.com\/pressenza\",\"https:\/\/x.com\/PressenzaIPA\"],\"url\":\"https:\/\/www.pressenza.com\/es\/author\/pressenza-ipa\/\"}]}<\/script>\n<!-- \/ Yoast SEO plugin. -->","yoast_head_json":{"title":"Posici\u00f3n humanista ante la situaci\u00f3n actual en Mozambique","description":"\"Por encima de todo, la salud, educaci\u00f3n, vivienda y trabajo pleno para mi pueblo. No hay Estado, ni empresas, ni instituciones, ni modelos econ\u00f3micos por","robots":{"index":"index","follow":"follow","max-snippet":"max-snippet:-1","max-image-preview":"max-image-preview:large","max-video-preview":"max-video-preview:-1"},"canonical":"https:\/\/www.pressenza.com\/es\/2024\/11\/posicion-humanista-ante-la-situacion-actual-en-mozambique\/","og_locale":"es_ES","og_type":"article","og_title":"Posici\u00f3n humanista ante la situaci\u00f3n actual en Mozambique","og_description":"\"Por encima de todo, la salud, educaci\u00f3n, vivienda y trabajo pleno para mi pueblo. No hay Estado, ni empresas, ni instituciones, ni modelos econ\u00f3micos por","og_url":"https:\/\/www.pressenza.com\/es\/2024\/11\/posicion-humanista-ante-la-situacion-actual-en-mozambique\/","og_site_name":"Pressenza","article_publisher":"https:\/\/www.facebook.com\/PressenzaItalia","article_author":"https:\/\/www.facebook.com\/pressenza","article_published_time":"2024-11-02T00:16:25+00:00","og_image":[{"width":832,"height":1280,"url":"https:\/\/www.pressenza.com\/wp-content\/uploads\/2024\/11\/Mozam-1.jpeg","type":"image\/jpeg"}],"author":"Pressenza IPA","twitter_card":"summary_large_image","twitter_creator":"@PressenzaIPA","twitter_site":"@PressenzaIPA","twitter_misc":{"Escrito por":"Pressenza IPA","Tiempo de lectura":"5 minutos"},"schema":{"@context":"https:\/\/schema.org","@graph":[{"@type":"Article","@id":"https:\/\/www.pressenza.com\/es\/2024\/11\/posicion-humanista-ante-la-situacion-actual-en-mozambique\/#article","isPartOf":{"@id":"https:\/\/www.pressenza.com\/es\/2024\/11\/posicion-humanista-ante-la-situacion-actual-en-mozambique\/"},"author":{"name":"Pressenza IPA","@id":"https:\/\/www.pressenza.com\/es\/#\/schema\/person\/010e5d02bcf40965427a1289a4cc8d75"},"headline":"Posici\u00f3n humanista ante la situaci\u00f3n actual en Mozambique","datePublished":"2024-11-02T00:16:25+00:00","mainEntityOfPage":{"@id":"https:\/\/www.pressenza.com\/es\/2024\/11\/posicion-humanista-ante-la-situacion-actual-en-mozambique\/"},"wordCount":1035,"publisher":{"@id":"https:\/\/www.pressenza.com\/es\/#organization"},"image":{"@id":"https:\/\/www.pressenza.com\/es\/2024\/11\/posicion-humanista-ante-la-situacion-actual-en-mozambique\/#primaryimage"},"thumbnailUrl":"https:\/\/www.pressenza.com\/wp-content\/uploads\/2024\/11\/Mozam-1.jpeg","keywords":["Derechos humanos","Mozambique","Noviolencia"],"articleSection":["Africa","Comunicados de Prensa","Contenido Original","Derechos Humanos","Noviolencia"],"inLanguage":"es"},{"@type":"WebPage","@id":"https:\/\/www.pressenza.com\/es\/2024\/11\/posicion-humanista-ante-la-situacion-actual-en-mozambique\/","url":"https:\/\/www.pressenza.com\/es\/2024\/11\/posicion-humanista-ante-la-situacion-actual-en-mozambique\/","name":"Posici\u00f3n humanista ante la situaci\u00f3n actual en Mozambique","isPartOf":{"@id":"https:\/\/www.pressenza.com\/es\/#website"},"primaryImageOfPage":{"@id":"https:\/\/www.pressenza.com\/es\/2024\/11\/posicion-humanista-ante-la-situacion-actual-en-mozambique\/#primaryimage"},"image":{"@id":"https:\/\/www.pressenza.com\/es\/2024\/11\/posicion-humanista-ante-la-situacion-actual-en-mozambique\/#primaryimage"},"thumbnailUrl":"https:\/\/www.pressenza.com\/wp-content\/uploads\/2024\/11\/Mozam-1.jpeg","datePublished":"2024-11-02T00:16:25+00:00","description":"\"Por encima de todo, la salud, educaci\u00f3n, vivienda y trabajo pleno para mi pueblo. No hay Estado, ni empresas, ni instituciones, ni modelos econ\u00f3micos por","breadcrumb":{"@id":"https:\/\/www.pressenza.com\/es\/2024\/11\/posicion-humanista-ante-la-situacion-actual-en-mozambique\/#breadcrumb"},"inLanguage":"es","potentialAction":[{"@type":"ReadAction","target":["https:\/\/www.pressenza.com\/es\/2024\/11\/posicion-humanista-ante-la-situacion-actual-en-mozambique\/"]}]},{"@type":"ImageObject","inLanguage":"es","@id":"https:\/\/www.pressenza.com\/es\/2024\/11\/posicion-humanista-ante-la-situacion-actual-en-mozambique\/#primaryimage","url":"https:\/\/www.pressenza.com\/wp-content\/uploads\/2024\/11\/Mozam-1.jpeg","contentUrl":"https:\/\/www.pressenza.com\/wp-content\/uploads\/2024\/11\/Mozam-1.jpeg","width":832,"height":1280},{"@type":"BreadcrumbList","@id":"https:\/\/www.pressenza.com\/es\/2024\/11\/posicion-humanista-ante-la-situacion-actual-en-mozambique\/#breadcrumb","itemListElement":[{"@type":"ListItem","position":1,"name":"Accueil","item":"https:\/\/www.pressenza.com\/es\/"},{"@type":"ListItem","position":2,"name":"Posici\u00f3n humanista ante la situaci\u00f3n actual en Mozambique"}]},{"@type":"WebSite","@id":"https:\/\/www.pressenza.com\/es\/#website","url":"https:\/\/www.pressenza.com\/es\/","name":"Pressenza","description":"International Press Agency","publisher":{"@id":"https:\/\/www.pressenza.com\/es\/#organization"},"potentialAction":[{"@type":"SearchAction","target":{"@type":"EntryPoint","urlTemplate":"https:\/\/www.pressenza.com\/es\/?s={search_term_string}"},"query-input":{"@type":"PropertyValueSpecification","valueRequired":true,"valueName":"search_term_string"}}],"inLanguage":"es"},{"@type":"Organization","@id":"https:\/\/www.pressenza.com\/es\/#organization","name":"Pressenza","url":"https:\/\/www.pressenza.com\/es\/","logo":{"@type":"ImageObject","inLanguage":"es","@id":"https:\/\/www.pressenza.com\/es\/#\/schema\/logo\/image\/","url":"https:\/\/www.pressenza.com\/wp-content\/uploads\/2022\/10\/pressenza_logo_200x200.jpg","contentUrl":"https:\/\/www.pressenza.com\/wp-content\/uploads\/2022\/10\/pressenza_logo_200x200.jpg","width":200,"height":200,"caption":"Pressenza"},"image":{"@id":"https:\/\/www.pressenza.com\/es\/#\/schema\/logo\/image\/"},"sameAs":["https:\/\/www.facebook.com\/PressenzaItalia","https:\/\/x.com\/PressenzaIPA"]},{"@type":"Person","@id":"https:\/\/www.pressenza.com\/es\/#\/schema\/person\/010e5d02bcf40965427a1289a4cc8d75","name":"Pressenza IPA","description":"News from Pressenza IPA correspondents","sameAs":["https:\/\/www.facebook.com\/pressenza","https:\/\/x.com\/PressenzaIPA"],"url":"https:\/\/www.pressenza.com\/es\/author\/pressenza-ipa\/"}]}},"place":"Mozambique","original_article_url":"","_links":{"self":[{"href":"https:\/\/www.pressenza.com\/es\/wp-json\/wp\/v2\/posts\/2559546","targetHints":{"allow":["GET"]}}],"collection":[{"href":"https:\/\/www.pressenza.com\/es\/wp-json\/wp\/v2\/posts"}],"about":[{"href":"https:\/\/www.pressenza.com\/es\/wp-json\/wp\/v2\/types\/post"}],"author":[{"embeddable":true,"href":"https:\/\/www.pressenza.com\/es\/wp-json\/wp\/v2\/users\/19"}],"replies":[{"embeddable":true,"href":"https:\/\/www.pressenza.com\/es\/wp-json\/wp\/v2\/comments?post=2559546"}],"version-history":[{"count":0,"href":"https:\/\/www.pressenza.com\/es\/wp-json\/wp\/v2\/posts\/2559546\/revisions"}],"wp:featuredmedia":[{"embeddable":true,"href":"https:\/\/www.pressenza.com\/es\/wp-json\/wp\/v2\/media\/2559557"}],"wp:attachment":[{"href":"https:\/\/www.pressenza.com\/es\/wp-json\/wp\/v2\/media?parent=2559546"}],"wp:term":[{"taxonomy":"category","embeddable":true,"href":"https:\/\/www.pressenza.com\/es\/wp-json\/wp\/v2\/categories?post=2559546"},{"taxonomy":"post_tag","embeddable":true,"href":"https:\/\/www.pressenza.com\/es\/wp-json\/wp\/v2\/tags?post=2559546"}],"curies":[{"name":"wp","href":"https:\/\/api.w.org\/{rel}","templated":true}]}}