{"id":2559545,"date":"2024-11-02T00:11:37","date_gmt":"2024-11-02T00:11:37","guid":{"rendered":"https:\/\/www.pressenza.com\/?p=2559545"},"modified":"2024-11-02T00:11:37","modified_gmt":"2024-11-02T00:11:37","slug":"estado-a-punto-de-provocar-conflicto-en-la-amazonia","status":"publish","type":"post","link":"https:\/\/www.pressenza.com\/es\/2024\/11\/estado-a-punto-de-provocar-conflicto-en-la-amazonia\/","title":{"rendered":"Estado a punto de provocar conflicto en la Amazon\u00eda"},"content":{"rendered":"<p><strong>Si Estado no recibe en los pr\u00f3ximos d\u00edas, con avances concretos y soluciones claras, a ind\u00edgenas que le exigen cumplir acuerdos de Consulta Previa en lotes 192 y 8, podr\u00eda desatar conflicto en la Amazon\u00eda, alerta Aidesep.<\/strong><\/p>\n<p>Si el Estado no corresponde al plazo dado por organizaciones ind\u00edgenas en zona petrolera de Loreto, ser\u00e1 responsable de otro conflicto en la Amazon\u00eda peruana.<\/p>\n<p>As\u00ed lo alerta la organizaci\u00f3n Aidesep, que recuerda al Estado el plazo dado hasta fines de octubre por un centenar de comunidades que exigen el cumplimiento de los acuerdos de consulta previa de los lotes 192 y 8.<\/p>\n<p>El plazo en cuesti\u00f3n fue\u00a0<strong><a href=\"https:\/\/www.servindi.org\/seccion-pueblos-indigenas-actualidad-noticias\/30\/09\/2024\/indigenas-ponen-plazo-por-lotes-petroleros\" target=\"_blank\" rel=\"noopener\">anunciado<\/a><\/strong>\u00a0el 27 de setiembre por cinco organizaciones base de Aidesep (FEDIQUEP, FECONACOR, FECONACO, OPIKAFPE Y ACODECOSPAT), pero hasta ahora no habr\u00eda sido atendido.<\/p>\n<p>Aidesep sostiene que durante a\u00f1os sus bases han sostenido un proceso en defensa de sus derechos y sus territorios apostando por el di\u00e1logo intercultural con el Estado peruano.<\/p>\n<p>\u201cSin embargo, nuevamente la falta de voluntad pol\u00edtica de las autoridades nacionales ha llevado a un malestar generalizado y una escalada de tensi\u00f3n en territorio ind\u00edgena a puertas de la reactivaci\u00f3n petrolera\u201d.<\/p>\n<p>Ante ello, Aidesep se suma a las exigencias de sus bases que demandan la instalaci\u00f3n de mesas t\u00e9cnicas, el inicio de la remediaci\u00f3n ambiental en sus territorios y la reactivaci\u00f3n de los procesos de di\u00e1logo.<\/p>\n<p>Adem\u00e1s, en l\u00ednea con este plazo, instan al Estado a recibir en los pr\u00f3ximos d\u00edas a los representantes de estas organizaciones en Lima \u201ccon avances concretos y soluciones claras a cada una de sus demandas\u201d.<\/p>\n<p>\u201cDe lo contrario, el levantamiento y la movilizaci\u00f3n de los pueblos ser\u00e1 lo menos que puede esperar ante el abandono y la indiferencia, tal como lo han advertido\u201d, indica la Aidesep este 31 de octubre.<\/p>\n<p class=\"rtecenter\"><img decoding=\"async\" src=\"https:\/\/www.servindi.org\/sites\/default\/files\/editor_2023\/aide.jpg\" alt=\"\" \/><\/p>\n","protected":false},"excerpt":{"rendered":"<p>Si Estado no recibe en los pr\u00f3ximos d\u00edas, con avances concretos y soluciones claras, a ind\u00edgenas que le exigen cumplir acuerdos de Consulta Previa en lotes 192 y 8, podr\u00eda desatar conflicto en la Amazon\u00eda, alerta Aidesep. Si el Estado&hellip;<\/p>\n","protected":false},"author":1256,"featured_media":2559548,"comment_status":"closed","ping_status":"closed","sticky":false,"template":"","format":"standard","meta":{"footnotes":""},"categories":[78,106739,74,80,67],"tags":[23382,23383,23755,128659],"class_list":["post-2559545","post","type-post","status-publish","format-standard","has-post-thumbnail","hentry","category-medio-ambiente-ecologia","category-noticia","category-politica-es","category-pueblos-originarios","category-sudamerica","tag-aidesep","tag-consulta-previa","tag-lote-192","tag-lote-8"],"yoast_head":"<!-- This site is optimized with the Yoast SEO plugin v27.1.1 - https:\/\/yoast.com\/product\/yoast-seo-wordpress\/ -->\n<title>Estado a punto de provocar conflicto en la Amazon\u00eda<\/title>\n<meta name=\"description\" content=\"Si Estado no recibe en los pr\u00f3ximos d\u00edas, con avances concretos y soluciones claras, a ind\u00edgenas que le exigen cumplir acuerdos de Consulta Previa en\" \/>\n<meta name=\"robots\" content=\"index, follow, max-snippet:-1, max-image-preview:large, max-video-preview:-1\" \/>\n<link rel=\"canonical\" href=\"https:\/\/www.pressenza.com\/es\/2024\/11\/estado-a-punto-de-provocar-conflicto-en-la-amazonia\/\" \/>\n<meta property=\"og:locale\" content=\"es_ES\" \/>\n<meta property=\"og:type\" content=\"article\" \/>\n<meta property=\"og:title\" content=\"Estado a punto de provocar conflicto en la Amazon\u00eda\" \/>\n<meta property=\"og:description\" content=\"Si Estado no recibe en los pr\u00f3ximos d\u00edas, con avances concretos y soluciones claras, a ind\u00edgenas que le exigen cumplir acuerdos de Consulta Previa en\" \/>\n<meta property=\"og:url\" content=\"https:\/\/www.pressenza.com\/es\/2024\/11\/estado-a-punto-de-provocar-conflicto-en-la-amazonia\/\" \/>\n<meta property=\"og:site_name\" content=\"Pressenza\" \/>\n<meta property=\"article:publisher\" content=\"https:\/\/www.facebook.com\/PressenzaItalia\" \/>\n<meta property=\"article:author\" content=\"https:\/\/www.facebook.com\/servindinoticias\/?fref=ts\" \/>\n<meta property=\"article:published_time\" content=\"2024-11-02T00:11:37+00:00\" \/>\n<meta property=\"og:image\" content=\"https:\/\/www.pressenza.com\/wp-content\/uploads\/2024\/11\/indigenas_loreto-AIDESEP.png\" \/>\n\t<meta property=\"og:image:width\" content=\"600\" \/>\n\t<meta property=\"og:image:height\" content=\"388\" \/>\n\t<meta property=\"og:image:type\" content=\"image\/png\" \/>\n<meta name=\"author\" content=\"SERVINDI\" \/>\n<meta name=\"twitter:card\" content=\"summary_large_image\" \/>\n<meta name=\"twitter:creator\" content=\"@servindi\" \/>\n<meta name=\"twitter:site\" content=\"@PressenzaIPA\" \/>\n<meta name=\"twitter:label1\" content=\"Escrito por\" \/>\n\t<meta name=\"twitter:data1\" content=\"SERVINDI\" \/>\n\t<meta name=\"twitter:label2\" content=\"Tiempo de lectura\" \/>\n\t<meta name=\"twitter:data2\" content=\"2 minutos\" \/>\n<script type=\"application\/ld+json\" class=\"yoast-schema-graph\">{\"@context\":\"https:\/\/schema.org\",\"@graph\":[{\"@type\":\"Article\",\"@id\":\"https:\/\/www.pressenza.com\/es\/2024\/11\/estado-a-punto-de-provocar-conflicto-en-la-amazonia\/#article\",\"isPartOf\":{\"@id\":\"https:\/\/www.pressenza.com\/es\/2024\/11\/estado-a-punto-de-provocar-conflicto-en-la-amazonia\/\"},\"author\":{\"name\":\"SERVINDI\",\"@id\":\"https:\/\/www.pressenza.com\/es\/#\/schema\/person\/6f7bffaf2962fc89e55e93589c50d908\"},\"headline\":\"Estado a punto de provocar conflicto en la Amazon\u00eda\",\"datePublished\":\"2024-11-02T00:11:37+00:00\",\"mainEntityOfPage\":{\"@id\":\"https:\/\/www.pressenza.com\/es\/2024\/11\/estado-a-punto-de-provocar-conflicto-en-la-amazonia\/\"},\"wordCount\":324,\"publisher\":{\"@id\":\"https:\/\/www.pressenza.com\/es\/#organization\"},\"image\":{\"@id\":\"https:\/\/www.pressenza.com\/es\/2024\/11\/estado-a-punto-de-provocar-conflicto-en-la-amazonia\/#primaryimage\"},\"thumbnailUrl\":\"https:\/\/www.pressenza.com\/wp-content\/uploads\/2024\/11\/indigenas_loreto-AIDESEP.png\",\"keywords\":[\"AIDESEP\",\"Consulta previa\",\"Lote 192\",\"Lote 8\"],\"articleSection\":[\"Ecolog\u00eda y Medio Ambiente\",\"Noticia\",\"Pol\u00edtica\",\"Pueblos Originarios\",\"Sudam\u00e9rica\"],\"inLanguage\":\"es\"},{\"@type\":\"WebPage\",\"@id\":\"https:\/\/www.pressenza.com\/es\/2024\/11\/estado-a-punto-de-provocar-conflicto-en-la-amazonia\/\",\"url\":\"https:\/\/www.pressenza.com\/es\/2024\/11\/estado-a-punto-de-provocar-conflicto-en-la-amazonia\/\",\"name\":\"Estado a punto de provocar conflicto en la Amazon\u00eda\",\"isPartOf\":{\"@id\":\"https:\/\/www.pressenza.com\/es\/#website\"},\"primaryImageOfPage\":{\"@id\":\"https:\/\/www.pressenza.com\/es\/2024\/11\/estado-a-punto-de-provocar-conflicto-en-la-amazonia\/#primaryimage\"},\"image\":{\"@id\":\"https:\/\/www.pressenza.com\/es\/2024\/11\/estado-a-punto-de-provocar-conflicto-en-la-amazonia\/#primaryimage\"},\"thumbnailUrl\":\"https:\/\/www.pressenza.com\/wp-content\/uploads\/2024\/11\/indigenas_loreto-AIDESEP.png\",\"datePublished\":\"2024-11-02T00:11:37+00:00\",\"description\":\"Si Estado no recibe en los pr\u00f3ximos d\u00edas, con avances concretos y soluciones claras, a ind\u00edgenas que le exigen cumplir acuerdos de Consulta Previa en\",\"breadcrumb\":{\"@id\":\"https:\/\/www.pressenza.com\/es\/2024\/11\/estado-a-punto-de-provocar-conflicto-en-la-amazonia\/#breadcrumb\"},\"inLanguage\":\"es\",\"potentialAction\":[{\"@type\":\"ReadAction\",\"target\":[\"https:\/\/www.pressenza.com\/es\/2024\/11\/estado-a-punto-de-provocar-conflicto-en-la-amazonia\/\"]}]},{\"@type\":\"ImageObject\",\"inLanguage\":\"es\",\"@id\":\"https:\/\/www.pressenza.com\/es\/2024\/11\/estado-a-punto-de-provocar-conflicto-en-la-amazonia\/#primaryimage\",\"url\":\"https:\/\/www.pressenza.com\/wp-content\/uploads\/2024\/11\/indigenas_loreto-AIDESEP.png\",\"contentUrl\":\"https:\/\/www.pressenza.com\/wp-content\/uploads\/2024\/11\/indigenas_loreto-AIDESEP.png\",\"width\":600,\"height\":388},{\"@type\":\"BreadcrumbList\",\"@id\":\"https:\/\/www.pressenza.com\/es\/2024\/11\/estado-a-punto-de-provocar-conflicto-en-la-amazonia\/#breadcrumb\",\"itemListElement\":[{\"@type\":\"ListItem\",\"position\":1,\"name\":\"Accueil\",\"item\":\"https:\/\/www.pressenza.com\/es\/\"},{\"@type\":\"ListItem\",\"position\":2,\"name\":\"Estado a punto de provocar conflicto en la Amazon\u00eda\"}]},{\"@type\":\"WebSite\",\"@id\":\"https:\/\/www.pressenza.com\/es\/#website\",\"url\":\"https:\/\/www.pressenza.com\/es\/\",\"name\":\"Pressenza\",\"description\":\"International Press Agency\",\"publisher\":{\"@id\":\"https:\/\/www.pressenza.com\/es\/#organization\"},\"potentialAction\":[{\"@type\":\"SearchAction\",\"target\":{\"@type\":\"EntryPoint\",\"urlTemplate\":\"https:\/\/www.pressenza.com\/es\/?s={search_term_string}\"},\"query-input\":{\"@type\":\"PropertyValueSpecification\",\"valueRequired\":true,\"valueName\":\"search_term_string\"}}],\"inLanguage\":\"es\"},{\"@type\":\"Organization\",\"@id\":\"https:\/\/www.pressenza.com\/es\/#organization\",\"name\":\"Pressenza\",\"url\":\"https:\/\/www.pressenza.com\/es\/\",\"logo\":{\"@type\":\"ImageObject\",\"inLanguage\":\"es\",\"@id\":\"https:\/\/www.pressenza.com\/es\/#\/schema\/logo\/image\/\",\"url\":\"https:\/\/www.pressenza.com\/wp-content\/uploads\/2022\/10\/pressenza_logo_200x200.jpg\",\"contentUrl\":\"https:\/\/www.pressenza.com\/wp-content\/uploads\/2022\/10\/pressenza_logo_200x200.jpg\",\"width\":200,\"height\":200,\"caption\":\"Pressenza\"},\"image\":{\"@id\":\"https:\/\/www.pressenza.com\/es\/#\/schema\/logo\/image\/\"},\"sameAs\":[\"https:\/\/www.facebook.com\/PressenzaItalia\",\"https:\/\/x.com\/PressenzaIPA\"]},{\"@type\":\"Person\",\"@id\":\"https:\/\/www.pressenza.com\/es\/#\/schema\/person\/6f7bffaf2962fc89e55e93589c50d908\",\"name\":\"SERVINDI\",\"description\":\"Conscientes de nuestro rol de apoyo y acompa\u00f1amiento operamos como una agencia de noticias y elaboramos notas informativas, informes especiales, entrevistas y producciones de audio y v\u00eddeo, relacionadas al acontecer ind\u00edgena y ambiental nacional y mundial. www.servindi.org\",\"sameAs\":[\"https:\/\/www.facebook.com\/servindinoticias\/?fref=ts\",\"https:\/\/x.com\/servindi\"],\"url\":\"https:\/\/www.pressenza.com\/es\/author\/servindi\/\"}]}<\/script>\n<!-- \/ Yoast SEO plugin. -->","yoast_head_json":{"title":"Estado a punto de provocar conflicto en la Amazon\u00eda","description":"Si Estado no recibe en los pr\u00f3ximos d\u00edas, con avances concretos y soluciones claras, a ind\u00edgenas que le exigen cumplir acuerdos de Consulta Previa en","robots":{"index":"index","follow":"follow","max-snippet":"max-snippet:-1","max-image-preview":"max-image-preview:large","max-video-preview":"max-video-preview:-1"},"canonical":"https:\/\/www.pressenza.com\/es\/2024\/11\/estado-a-punto-de-provocar-conflicto-en-la-amazonia\/","og_locale":"es_ES","og_type":"article","og_title":"Estado a punto de provocar conflicto en la Amazon\u00eda","og_description":"Si Estado no recibe en los pr\u00f3ximos d\u00edas, con avances concretos y soluciones claras, a ind\u00edgenas que le exigen cumplir acuerdos de Consulta Previa en","og_url":"https:\/\/www.pressenza.com\/es\/2024\/11\/estado-a-punto-de-provocar-conflicto-en-la-amazonia\/","og_site_name":"Pressenza","article_publisher":"https:\/\/www.facebook.com\/PressenzaItalia","article_author":"https:\/\/www.facebook.com\/servindinoticias\/?fref=ts","article_published_time":"2024-11-02T00:11:37+00:00","og_image":[{"width":600,"height":388,"url":"https:\/\/www.pressenza.com\/wp-content\/uploads\/2024\/11\/indigenas_loreto-AIDESEP.png","type":"image\/png"}],"author":"SERVINDI","twitter_card":"summary_large_image","twitter_creator":"@servindi","twitter_site":"@PressenzaIPA","twitter_misc":{"Escrito por":"SERVINDI","Tiempo de lectura":"2 minutos"},"schema":{"@context":"https:\/\/schema.org","@graph":[{"@type":"Article","@id":"https:\/\/www.pressenza.com\/es\/2024\/11\/estado-a-punto-de-provocar-conflicto-en-la-amazonia\/#article","isPartOf":{"@id":"https:\/\/www.pressenza.com\/es\/2024\/11\/estado-a-punto-de-provocar-conflicto-en-la-amazonia\/"},"author":{"name":"SERVINDI","@id":"https:\/\/www.pressenza.com\/es\/#\/schema\/person\/6f7bffaf2962fc89e55e93589c50d908"},"headline":"Estado a punto de provocar conflicto en la Amazon\u00eda","datePublished":"2024-11-02T00:11:37+00:00","mainEntityOfPage":{"@id":"https:\/\/www.pressenza.com\/es\/2024\/11\/estado-a-punto-de-provocar-conflicto-en-la-amazonia\/"},"wordCount":324,"publisher":{"@id":"https:\/\/www.pressenza.com\/es\/#organization"},"image":{"@id":"https:\/\/www.pressenza.com\/es\/2024\/11\/estado-a-punto-de-provocar-conflicto-en-la-amazonia\/#primaryimage"},"thumbnailUrl":"https:\/\/www.pressenza.com\/wp-content\/uploads\/2024\/11\/indigenas_loreto-AIDESEP.png","keywords":["AIDESEP","Consulta previa","Lote 192","Lote 8"],"articleSection":["Ecolog\u00eda y Medio Ambiente","Noticia","Pol\u00edtica","Pueblos Originarios","Sudam\u00e9rica"],"inLanguage":"es"},{"@type":"WebPage","@id":"https:\/\/www.pressenza.com\/es\/2024\/11\/estado-a-punto-de-provocar-conflicto-en-la-amazonia\/","url":"https:\/\/www.pressenza.com\/es\/2024\/11\/estado-a-punto-de-provocar-conflicto-en-la-amazonia\/","name":"Estado a punto de provocar conflicto en la Amazon\u00eda","isPartOf":{"@id":"https:\/\/www.pressenza.com\/es\/#website"},"primaryImageOfPage":{"@id":"https:\/\/www.pressenza.com\/es\/2024\/11\/estado-a-punto-de-provocar-conflicto-en-la-amazonia\/#primaryimage"},"image":{"@id":"https:\/\/www.pressenza.com\/es\/2024\/11\/estado-a-punto-de-provocar-conflicto-en-la-amazonia\/#primaryimage"},"thumbnailUrl":"https:\/\/www.pressenza.com\/wp-content\/uploads\/2024\/11\/indigenas_loreto-AIDESEP.png","datePublished":"2024-11-02T00:11:37+00:00","description":"Si Estado no recibe en los pr\u00f3ximos d\u00edas, con avances concretos y soluciones claras, a ind\u00edgenas que le exigen cumplir acuerdos de Consulta Previa en","breadcrumb":{"@id":"https:\/\/www.pressenza.com\/es\/2024\/11\/estado-a-punto-de-provocar-conflicto-en-la-amazonia\/#breadcrumb"},"inLanguage":"es","potentialAction":[{"@type":"ReadAction","target":["https:\/\/www.pressenza.com\/es\/2024\/11\/estado-a-punto-de-provocar-conflicto-en-la-amazonia\/"]}]},{"@type":"ImageObject","inLanguage":"es","@id":"https:\/\/www.pressenza.com\/es\/2024\/11\/estado-a-punto-de-provocar-conflicto-en-la-amazonia\/#primaryimage","url":"https:\/\/www.pressenza.com\/wp-content\/uploads\/2024\/11\/indigenas_loreto-AIDESEP.png","contentUrl":"https:\/\/www.pressenza.com\/wp-content\/uploads\/2024\/11\/indigenas_loreto-AIDESEP.png","width":600,"height":388},{"@type":"BreadcrumbList","@id":"https:\/\/www.pressenza.com\/es\/2024\/11\/estado-a-punto-de-provocar-conflicto-en-la-amazonia\/#breadcrumb","itemListElement":[{"@type":"ListItem","position":1,"name":"Accueil","item":"https:\/\/www.pressenza.com\/es\/"},{"@type":"ListItem","position":2,"name":"Estado a punto de provocar conflicto en la Amazon\u00eda"}]},{"@type":"WebSite","@id":"https:\/\/www.pressenza.com\/es\/#website","url":"https:\/\/www.pressenza.com\/es\/","name":"Pressenza","description":"International Press Agency","publisher":{"@id":"https:\/\/www.pressenza.com\/es\/#organization"},"potentialAction":[{"@type":"SearchAction","target":{"@type":"EntryPoint","urlTemplate":"https:\/\/www.pressenza.com\/es\/?s={search_term_string}"},"query-input":{"@type":"PropertyValueSpecification","valueRequired":true,"valueName":"search_term_string"}}],"inLanguage":"es"},{"@type":"Organization","@id":"https:\/\/www.pressenza.com\/es\/#organization","name":"Pressenza","url":"https:\/\/www.pressenza.com\/es\/","logo":{"@type":"ImageObject","inLanguage":"es","@id":"https:\/\/www.pressenza.com\/es\/#\/schema\/logo\/image\/","url":"https:\/\/www.pressenza.com\/wp-content\/uploads\/2022\/10\/pressenza_logo_200x200.jpg","contentUrl":"https:\/\/www.pressenza.com\/wp-content\/uploads\/2022\/10\/pressenza_logo_200x200.jpg","width":200,"height":200,"caption":"Pressenza"},"image":{"@id":"https:\/\/www.pressenza.com\/es\/#\/schema\/logo\/image\/"},"sameAs":["https:\/\/www.facebook.com\/PressenzaItalia","https:\/\/x.com\/PressenzaIPA"]},{"@type":"Person","@id":"https:\/\/www.pressenza.com\/es\/#\/schema\/person\/6f7bffaf2962fc89e55e93589c50d908","name":"SERVINDI","description":"Conscientes de nuestro rol de apoyo y acompa\u00f1amiento operamos como una agencia de noticias y elaboramos notas informativas, informes especiales, entrevistas y producciones de audio y v\u00eddeo, relacionadas al acontecer ind\u00edgena y ambiental nacional y mundial. www.servindi.org","sameAs":["https:\/\/www.facebook.com\/servindinoticias\/?fref=ts","https:\/\/x.com\/servindi"],"url":"https:\/\/www.pressenza.com\/es\/author\/servindi\/"}]}},"place":"","original_article_url":"","_links":{"self":[{"href":"https:\/\/www.pressenza.com\/es\/wp-json\/wp\/v2\/posts\/2559545","targetHints":{"allow":["GET"]}}],"collection":[{"href":"https:\/\/www.pressenza.com\/es\/wp-json\/wp\/v2\/posts"}],"about":[{"href":"https:\/\/www.pressenza.com\/es\/wp-json\/wp\/v2\/types\/post"}],"author":[{"embeddable":true,"href":"https:\/\/www.pressenza.com\/es\/wp-json\/wp\/v2\/users\/1256"}],"replies":[{"embeddable":true,"href":"https:\/\/www.pressenza.com\/es\/wp-json\/wp\/v2\/comments?post=2559545"}],"version-history":[{"count":0,"href":"https:\/\/www.pressenza.com\/es\/wp-json\/wp\/v2\/posts\/2559545\/revisions"}],"wp:featuredmedia":[{"embeddable":true,"href":"https:\/\/www.pressenza.com\/es\/wp-json\/wp\/v2\/media\/2559548"}],"wp:attachment":[{"href":"https:\/\/www.pressenza.com\/es\/wp-json\/wp\/v2\/media?parent=2559545"}],"wp:term":[{"taxonomy":"category","embeddable":true,"href":"https:\/\/www.pressenza.com\/es\/wp-json\/wp\/v2\/categories?post=2559545"},{"taxonomy":"post_tag","embeddable":true,"href":"https:\/\/www.pressenza.com\/es\/wp-json\/wp\/v2\/tags?post=2559545"}],"curies":[{"name":"wp","href":"https:\/\/api.w.org\/{rel}","templated":true}]}}