{"id":2553687,"date":"2024-10-09T19:16:42","date_gmt":"2024-10-09T18:16:42","guid":{"rendered":"https:\/\/www.pressenza.com\/?p=2553687"},"modified":"2024-10-09T19:16:42","modified_gmt":"2024-10-09T18:16:42","slug":"refugiados-libaneses-huyen-a-siria-escapando-de-bombardeos-israelies","status":"publish","type":"post","link":"https:\/\/www.pressenza.com\/es\/2024\/10\/refugiados-libaneses-huyen-a-siria-escapando-de-bombardeos-israelies\/","title":{"rendered":"Refugiados libaneses huyen a Siria escapando de bombardeos israel\u00edes"},"content":{"rendered":"<p>Los cada vez m\u00e1s intensos ataques israel\u00edes contra L\u00edbano, movilizan a un creciente n\u00famero de personas que huyen rumbo a Siria en busca de un refugio seguro.<\/p>\n<p>Mohammad, Refugiado liban\u00e9s, dijo: \u00abLa situaci\u00f3n en el sur de L\u00edbano es horrible. Muchos lugares han sido severamente destruidos y ya no son aptos para vivir. Estoy escapando de los bombardeos con mis hijos\u00bb.<\/p>\n<p>Mohammad, un refugiado liban\u00e9s, huye de su ciudad natal a Siria y luego a Irak.<\/p>\n<p>Mohammad, Refugiado liban\u00e9s, se\u00f1al\u00f3: \u00abLa carretera aqu\u00ed fue destruida y s\u00f3lo podemos cruzarla caminando\u00bb.<\/p>\n<p>Seg\u00fan medios de comunicaci\u00f3n sirios, unos 91.000 refugiados libaneses han llegado a Siria, y cerca de 3.000 libaneses lograron cruzar la frontera el lunes pese al ataque a\u00e9reo fronterizo.<\/p>\n<p>El ej\u00e9rcito israel\u00ed justific\u00f3 sus ataques a\u00e9reos diciendo que alcanzaron objetivos de Hezbol\u00e1 cerca del cruce fronterizo de Masnaa.<\/p>\n<p>Los trabajadores de ayuda humanitaria denunciaron que los ataques a\u00e9reos est\u00e1n obstaculizando no s\u00f3lo el movimiento de personas sino tambi\u00e9n el flujo de suministros humanitarios.<\/p>\n<p><iframe loading=\"lazy\" title=\"El L\u00edbano\" width=\"500\" height=\"281\" src=\"https:\/\/www.youtube.com\/embed\/TO4jOVyOHx0?feature=oembed\" frameborder=\"0\" allow=\"accelerometer; autoplay; clipboard-write; encrypted-media; gyroscope; picture-in-picture; web-share\" referrerpolicy=\"strict-origin-when-cross-origin\" allowfullscreen><\/iframe><\/p>\n","protected":false},"excerpt":{"rendered":"<p>Los cada vez m\u00e1s intensos ataques israel\u00edes contra L\u00edbano, movilizan a un creciente n\u00famero de personas que huyen rumbo a Siria en busca de un refugio seguro. Mohammad, Refugiado liban\u00e9s, dijo: \u00abLa situaci\u00f3n en el sur de L\u00edbano es horrible.&hellip;<\/p>\n","protected":false},"author":2375,"featured_media":2553688,"comment_status":"closed","ping_status":"closed","sticky":false,"template":"","format":"standard","meta":{"footnotes":""},"categories":[71,54574,106739,25678],"tags":[54161,1014],"class_list":["post-2553687","post","type-post","status-publish","format-standard","has-post-thumbnail","hentry","category-medio-oriente-es","category-migrantes-es","category-noticia","category-video-es","tag-el-libano","tag-migraciones"],"yoast_head":"<!-- This site is optimized with the Yoast SEO plugin v27.1.1 - https:\/\/yoast.com\/product\/yoast-seo-wordpress\/ -->\n<title>Refugiados libaneses huyen a Siria escapando de bombardeos israel\u00edes<\/title>\n<meta name=\"description\" content=\"Los cada vez m\u00e1s intensos ataques israel\u00edes contra L\u00edbano, movilizan a un creciente n\u00famero de personas que huyen rumbo a Siria en busca de un refugio\" \/>\n<meta name=\"robots\" content=\"index, follow, max-snippet:-1, max-image-preview:large, max-video-preview:-1\" \/>\n<link rel=\"canonical\" href=\"https:\/\/www.pressenza.com\/es\/2024\/10\/refugiados-libaneses-huyen-a-siria-escapando-de-bombardeos-israelies\/\" \/>\n<meta property=\"og:locale\" content=\"es_ES\" \/>\n<meta property=\"og:type\" content=\"article\" \/>\n<meta property=\"og:title\" content=\"Refugiados libaneses huyen a Siria escapando de bombardeos israel\u00edes\" \/>\n<meta property=\"og:description\" content=\"Los cada vez m\u00e1s intensos ataques israel\u00edes contra L\u00edbano, movilizan a un creciente n\u00famero de personas que huyen rumbo a Siria en busca de un refugio\" \/>\n<meta property=\"og:url\" content=\"https:\/\/www.pressenza.com\/es\/2024\/10\/refugiados-libaneses-huyen-a-siria-escapando-de-bombardeos-israelies\/\" \/>\n<meta property=\"og:site_name\" content=\"Pressenza\" \/>\n<meta property=\"article:publisher\" content=\"https:\/\/www.facebook.com\/PressenzaItalia\" \/>\n<meta property=\"article:published_time\" content=\"2024-10-09T18:16:42+00:00\" \/>\n<meta property=\"og:image\" content=\"https:\/\/www.pressenza.com\/wp-content\/uploads\/2024\/10\/8398465_1728478117905_a.jpg\" \/>\n\t<meta property=\"og:image:width\" content=\"1138\" \/>\n\t<meta property=\"og:image:height\" content=\"639\" \/>\n\t<meta property=\"og:image:type\" content=\"image\/jpeg\" \/>\n<meta name=\"author\" content=\"El Frente\/CCTV+\" \/>\n<meta name=\"twitter:card\" content=\"summary_large_image\" \/>\n<meta name=\"twitter:creator\" content=\"@PressenzaIPA\" \/>\n<meta name=\"twitter:site\" content=\"@PressenzaIPA\" \/>\n<meta name=\"twitter:label1\" content=\"Escrito por\" \/>\n\t<meta name=\"twitter:data1\" content=\"El Frente\/CCTV+\" \/>\n\t<meta name=\"twitter:label2\" content=\"Tiempo de lectura\" \/>\n\t<meta name=\"twitter:data2\" content=\"1 minuto\" \/>\n<script type=\"application\/ld+json\" class=\"yoast-schema-graph\">{\"@context\":\"https:\/\/schema.org\",\"@graph\":[{\"@type\":\"Article\",\"@id\":\"https:\/\/www.pressenza.com\/es\/2024\/10\/refugiados-libaneses-huyen-a-siria-escapando-de-bombardeos-israelies\/#article\",\"isPartOf\":{\"@id\":\"https:\/\/www.pressenza.com\/es\/2024\/10\/refugiados-libaneses-huyen-a-siria-escapando-de-bombardeos-israelies\/\"},\"author\":{\"name\":\"El Frente\/CCTV+\",\"@id\":\"https:\/\/www.pressenza.com\/es\/#\/schema\/person\/e1ff00e5de050013511ea02dc14221bb\"},\"headline\":\"Refugiados libaneses huyen a Siria escapando de bombardeos israel\u00edes\",\"datePublished\":\"2024-10-09T18:16:42+00:00\",\"mainEntityOfPage\":{\"@id\":\"https:\/\/www.pressenza.com\/es\/2024\/10\/refugiados-libaneses-huyen-a-siria-escapando-de-bombardeos-israelies\/\"},\"wordCount\":196,\"publisher\":{\"@id\":\"https:\/\/www.pressenza.com\/es\/#organization\"},\"image\":{\"@id\":\"https:\/\/www.pressenza.com\/es\/2024\/10\/refugiados-libaneses-huyen-a-siria-escapando-de-bombardeos-israelies\/#primaryimage\"},\"thumbnailUrl\":\"https:\/\/www.pressenza.com\/wp-content\/uploads\/2024\/10\/8398465_1728478117905_a.jpg\",\"keywords\":[\"El L\u00edbano\",\"migraciones\"],\"articleSection\":[\"Medio Oriente\",\"Migrantes\",\"Noticia\",\"Video\"],\"inLanguage\":\"es\"},{\"@type\":\"WebPage\",\"@id\":\"https:\/\/www.pressenza.com\/es\/2024\/10\/refugiados-libaneses-huyen-a-siria-escapando-de-bombardeos-israelies\/\",\"url\":\"https:\/\/www.pressenza.com\/es\/2024\/10\/refugiados-libaneses-huyen-a-siria-escapando-de-bombardeos-israelies\/\",\"name\":\"Refugiados libaneses huyen a Siria escapando de bombardeos israel\u00edes\",\"isPartOf\":{\"@id\":\"https:\/\/www.pressenza.com\/es\/#website\"},\"primaryImageOfPage\":{\"@id\":\"https:\/\/www.pressenza.com\/es\/2024\/10\/refugiados-libaneses-huyen-a-siria-escapando-de-bombardeos-israelies\/#primaryimage\"},\"image\":{\"@id\":\"https:\/\/www.pressenza.com\/es\/2024\/10\/refugiados-libaneses-huyen-a-siria-escapando-de-bombardeos-israelies\/#primaryimage\"},\"thumbnailUrl\":\"https:\/\/www.pressenza.com\/wp-content\/uploads\/2024\/10\/8398465_1728478117905_a.jpg\",\"datePublished\":\"2024-10-09T18:16:42+00:00\",\"description\":\"Los cada vez m\u00e1s intensos ataques israel\u00edes contra L\u00edbano, movilizan a un creciente n\u00famero de personas que huyen rumbo a Siria en busca de un refugio\",\"breadcrumb\":{\"@id\":\"https:\/\/www.pressenza.com\/es\/2024\/10\/refugiados-libaneses-huyen-a-siria-escapando-de-bombardeos-israelies\/#breadcrumb\"},\"inLanguage\":\"es\",\"potentialAction\":[{\"@type\":\"ReadAction\",\"target\":[\"https:\/\/www.pressenza.com\/es\/2024\/10\/refugiados-libaneses-huyen-a-siria-escapando-de-bombardeos-israelies\/\"]}]},{\"@type\":\"ImageObject\",\"inLanguage\":\"es\",\"@id\":\"https:\/\/www.pressenza.com\/es\/2024\/10\/refugiados-libaneses-huyen-a-siria-escapando-de-bombardeos-israelies\/#primaryimage\",\"url\":\"https:\/\/www.pressenza.com\/wp-content\/uploads\/2024\/10\/8398465_1728478117905_a.jpg\",\"contentUrl\":\"https:\/\/www.pressenza.com\/wp-content\/uploads\/2024\/10\/8398465_1728478117905_a.jpg\",\"width\":1138,\"height\":639},{\"@type\":\"BreadcrumbList\",\"@id\":\"https:\/\/www.pressenza.com\/es\/2024\/10\/refugiados-libaneses-huyen-a-siria-escapando-de-bombardeos-israelies\/#breadcrumb\",\"itemListElement\":[{\"@type\":\"ListItem\",\"position\":1,\"name\":\"Accueil\",\"item\":\"https:\/\/www.pressenza.com\/es\/\"},{\"@type\":\"ListItem\",\"position\":2,\"name\":\"Refugiados libaneses huyen a Siria escapando de bombardeos israel\u00edes\"}]},{\"@type\":\"WebSite\",\"@id\":\"https:\/\/www.pressenza.com\/es\/#website\",\"url\":\"https:\/\/www.pressenza.com\/es\/\",\"name\":\"Pressenza\",\"description\":\"International Press Agency\",\"publisher\":{\"@id\":\"https:\/\/www.pressenza.com\/es\/#organization\"},\"potentialAction\":[{\"@type\":\"SearchAction\",\"target\":{\"@type\":\"EntryPoint\",\"urlTemplate\":\"https:\/\/www.pressenza.com\/es\/?s={search_term_string}\"},\"query-input\":{\"@type\":\"PropertyValueSpecification\",\"valueRequired\":true,\"valueName\":\"search_term_string\"}}],\"inLanguage\":\"es\"},{\"@type\":\"Organization\",\"@id\":\"https:\/\/www.pressenza.com\/es\/#organization\",\"name\":\"Pressenza\",\"url\":\"https:\/\/www.pressenza.com\/es\/\",\"logo\":{\"@type\":\"ImageObject\",\"inLanguage\":\"es\",\"@id\":\"https:\/\/www.pressenza.com\/es\/#\/schema\/logo\/image\/\",\"url\":\"https:\/\/www.pressenza.com\/wp-content\/uploads\/2022\/10\/pressenza_logo_200x200.jpg\",\"contentUrl\":\"https:\/\/www.pressenza.com\/wp-content\/uploads\/2022\/10\/pressenza_logo_200x200.jpg\",\"width\":200,\"height\":200,\"caption\":\"Pressenza\"},\"image\":{\"@id\":\"https:\/\/www.pressenza.com\/es\/#\/schema\/logo\/image\/\"},\"sameAs\":[\"https:\/\/www.facebook.com\/PressenzaItalia\",\"https:\/\/x.com\/PressenzaIPA\"]},{\"@type\":\"Person\",\"@id\":\"https:\/\/www.pressenza.com\/es\/#\/schema\/person\/e1ff00e5de050013511ea02dc14221bb\",\"name\":\"El Frente\/CCTV+\",\"url\":\"https:\/\/www.pressenza.com\/es\/author\/el-frente-cctvplus\/\"}]}<\/script>\n<!-- \/ Yoast SEO plugin. -->","yoast_head_json":{"title":"Refugiados libaneses huyen a Siria escapando de bombardeos israel\u00edes","description":"Los cada vez m\u00e1s intensos ataques israel\u00edes contra L\u00edbano, movilizan a un creciente n\u00famero de personas que huyen rumbo a Siria en busca de un refugio","robots":{"index":"index","follow":"follow","max-snippet":"max-snippet:-1","max-image-preview":"max-image-preview:large","max-video-preview":"max-video-preview:-1"},"canonical":"https:\/\/www.pressenza.com\/es\/2024\/10\/refugiados-libaneses-huyen-a-siria-escapando-de-bombardeos-israelies\/","og_locale":"es_ES","og_type":"article","og_title":"Refugiados libaneses huyen a Siria escapando de bombardeos israel\u00edes","og_description":"Los cada vez m\u00e1s intensos ataques israel\u00edes contra L\u00edbano, movilizan a un creciente n\u00famero de personas que huyen rumbo a Siria en busca de un refugio","og_url":"https:\/\/www.pressenza.com\/es\/2024\/10\/refugiados-libaneses-huyen-a-siria-escapando-de-bombardeos-israelies\/","og_site_name":"Pressenza","article_publisher":"https:\/\/www.facebook.com\/PressenzaItalia","article_published_time":"2024-10-09T18:16:42+00:00","og_image":[{"width":1138,"height":639,"url":"https:\/\/www.pressenza.com\/wp-content\/uploads\/2024\/10\/8398465_1728478117905_a.jpg","type":"image\/jpeg"}],"author":"El Frente\/CCTV+","twitter_card":"summary_large_image","twitter_creator":"@PressenzaIPA","twitter_site":"@PressenzaIPA","twitter_misc":{"Escrito por":"El Frente\/CCTV+","Tiempo de lectura":"1 minuto"},"schema":{"@context":"https:\/\/schema.org","@graph":[{"@type":"Article","@id":"https:\/\/www.pressenza.com\/es\/2024\/10\/refugiados-libaneses-huyen-a-siria-escapando-de-bombardeos-israelies\/#article","isPartOf":{"@id":"https:\/\/www.pressenza.com\/es\/2024\/10\/refugiados-libaneses-huyen-a-siria-escapando-de-bombardeos-israelies\/"},"author":{"name":"El Frente\/CCTV+","@id":"https:\/\/www.pressenza.com\/es\/#\/schema\/person\/e1ff00e5de050013511ea02dc14221bb"},"headline":"Refugiados libaneses huyen a Siria escapando de bombardeos israel\u00edes","datePublished":"2024-10-09T18:16:42+00:00","mainEntityOfPage":{"@id":"https:\/\/www.pressenza.com\/es\/2024\/10\/refugiados-libaneses-huyen-a-siria-escapando-de-bombardeos-israelies\/"},"wordCount":196,"publisher":{"@id":"https:\/\/www.pressenza.com\/es\/#organization"},"image":{"@id":"https:\/\/www.pressenza.com\/es\/2024\/10\/refugiados-libaneses-huyen-a-siria-escapando-de-bombardeos-israelies\/#primaryimage"},"thumbnailUrl":"https:\/\/www.pressenza.com\/wp-content\/uploads\/2024\/10\/8398465_1728478117905_a.jpg","keywords":["El L\u00edbano","migraciones"],"articleSection":["Medio Oriente","Migrantes","Noticia","Video"],"inLanguage":"es"},{"@type":"WebPage","@id":"https:\/\/www.pressenza.com\/es\/2024\/10\/refugiados-libaneses-huyen-a-siria-escapando-de-bombardeos-israelies\/","url":"https:\/\/www.pressenza.com\/es\/2024\/10\/refugiados-libaneses-huyen-a-siria-escapando-de-bombardeos-israelies\/","name":"Refugiados libaneses huyen a Siria escapando de bombardeos israel\u00edes","isPartOf":{"@id":"https:\/\/www.pressenza.com\/es\/#website"},"primaryImageOfPage":{"@id":"https:\/\/www.pressenza.com\/es\/2024\/10\/refugiados-libaneses-huyen-a-siria-escapando-de-bombardeos-israelies\/#primaryimage"},"image":{"@id":"https:\/\/www.pressenza.com\/es\/2024\/10\/refugiados-libaneses-huyen-a-siria-escapando-de-bombardeos-israelies\/#primaryimage"},"thumbnailUrl":"https:\/\/www.pressenza.com\/wp-content\/uploads\/2024\/10\/8398465_1728478117905_a.jpg","datePublished":"2024-10-09T18:16:42+00:00","description":"Los cada vez m\u00e1s intensos ataques israel\u00edes contra L\u00edbano, movilizan a un creciente n\u00famero de personas que huyen rumbo a Siria en busca de un refugio","breadcrumb":{"@id":"https:\/\/www.pressenza.com\/es\/2024\/10\/refugiados-libaneses-huyen-a-siria-escapando-de-bombardeos-israelies\/#breadcrumb"},"inLanguage":"es","potentialAction":[{"@type":"ReadAction","target":["https:\/\/www.pressenza.com\/es\/2024\/10\/refugiados-libaneses-huyen-a-siria-escapando-de-bombardeos-israelies\/"]}]},{"@type":"ImageObject","inLanguage":"es","@id":"https:\/\/www.pressenza.com\/es\/2024\/10\/refugiados-libaneses-huyen-a-siria-escapando-de-bombardeos-israelies\/#primaryimage","url":"https:\/\/www.pressenza.com\/wp-content\/uploads\/2024\/10\/8398465_1728478117905_a.jpg","contentUrl":"https:\/\/www.pressenza.com\/wp-content\/uploads\/2024\/10\/8398465_1728478117905_a.jpg","width":1138,"height":639},{"@type":"BreadcrumbList","@id":"https:\/\/www.pressenza.com\/es\/2024\/10\/refugiados-libaneses-huyen-a-siria-escapando-de-bombardeos-israelies\/#breadcrumb","itemListElement":[{"@type":"ListItem","position":1,"name":"Accueil","item":"https:\/\/www.pressenza.com\/es\/"},{"@type":"ListItem","position":2,"name":"Refugiados libaneses huyen a Siria escapando de bombardeos israel\u00edes"}]},{"@type":"WebSite","@id":"https:\/\/www.pressenza.com\/es\/#website","url":"https:\/\/www.pressenza.com\/es\/","name":"Pressenza","description":"International Press Agency","publisher":{"@id":"https:\/\/www.pressenza.com\/es\/#organization"},"potentialAction":[{"@type":"SearchAction","target":{"@type":"EntryPoint","urlTemplate":"https:\/\/www.pressenza.com\/es\/?s={search_term_string}"},"query-input":{"@type":"PropertyValueSpecification","valueRequired":true,"valueName":"search_term_string"}}],"inLanguage":"es"},{"@type":"Organization","@id":"https:\/\/www.pressenza.com\/es\/#organization","name":"Pressenza","url":"https:\/\/www.pressenza.com\/es\/","logo":{"@type":"ImageObject","inLanguage":"es","@id":"https:\/\/www.pressenza.com\/es\/#\/schema\/logo\/image\/","url":"https:\/\/www.pressenza.com\/wp-content\/uploads\/2022\/10\/pressenza_logo_200x200.jpg","contentUrl":"https:\/\/www.pressenza.com\/wp-content\/uploads\/2022\/10\/pressenza_logo_200x200.jpg","width":200,"height":200,"caption":"Pressenza"},"image":{"@id":"https:\/\/www.pressenza.com\/es\/#\/schema\/logo\/image\/"},"sameAs":["https:\/\/www.facebook.com\/PressenzaItalia","https:\/\/x.com\/PressenzaIPA"]},{"@type":"Person","@id":"https:\/\/www.pressenza.com\/es\/#\/schema\/person\/e1ff00e5de050013511ea02dc14221bb","name":"El Frente\/CCTV+","url":"https:\/\/www.pressenza.com\/es\/author\/el-frente-cctvplus\/"}]}},"place":"El L\u00edbano","original_article_url":"https:\/\/www.cctvplus.com\/exchange\/ElFrente.shtml","_links":{"self":[{"href":"https:\/\/www.pressenza.com\/es\/wp-json\/wp\/v2\/posts\/2553687","targetHints":{"allow":["GET"]}}],"collection":[{"href":"https:\/\/www.pressenza.com\/es\/wp-json\/wp\/v2\/posts"}],"about":[{"href":"https:\/\/www.pressenza.com\/es\/wp-json\/wp\/v2\/types\/post"}],"author":[{"embeddable":true,"href":"https:\/\/www.pressenza.com\/es\/wp-json\/wp\/v2\/users\/2375"}],"replies":[{"embeddable":true,"href":"https:\/\/www.pressenza.com\/es\/wp-json\/wp\/v2\/comments?post=2553687"}],"version-history":[{"count":0,"href":"https:\/\/www.pressenza.com\/es\/wp-json\/wp\/v2\/posts\/2553687\/revisions"}],"wp:featuredmedia":[{"embeddable":true,"href":"https:\/\/www.pressenza.com\/es\/wp-json\/wp\/v2\/media\/2553688"}],"wp:attachment":[{"href":"https:\/\/www.pressenza.com\/es\/wp-json\/wp\/v2\/media?parent=2553687"}],"wp:term":[{"taxonomy":"category","embeddable":true,"href":"https:\/\/www.pressenza.com\/es\/wp-json\/wp\/v2\/categories?post=2553687"},{"taxonomy":"post_tag","embeddable":true,"href":"https:\/\/www.pressenza.com\/es\/wp-json\/wp\/v2\/tags?post=2553687"}],"curies":[{"name":"wp","href":"https:\/\/api.w.org\/{rel}","templated":true}]}}