{"id":2553489,"date":"2024-10-09T00:23:08","date_gmt":"2024-10-08T23:23:08","guid":{"rendered":"https:\/\/www.pressenza.com\/?p=2553489"},"modified":"2024-10-09T00:23:08","modified_gmt":"2024-10-08T23:23:08","slug":"pazlestina","status":"publish","type":"post","link":"https:\/\/www.pressenza.com\/es\/2024\/10\/pazlestina\/","title":{"rendered":"PAZlestina"},"content":{"rendered":"<p>Un a\u00f1o despu\u00e9s, la guerra segu\u00eda estando ah\u00ed.<\/p>\n<p>Han pasado doce meses desde que una acci\u00f3n terrorista del grupo Ham\u00e1s provoc\u00f3 la desmesurada y criminal respuesta del pa\u00eds de la estrella de David que ha convertido los territorios palestinos en desolaci\u00f3n, destrucci\u00f3n y muerte.<\/p>\n<p>Esa guerra, que permanece activa con mayor o menor intensidad desde hace m\u00e1s de setenta a\u00f1os, no es tal, es mucho m\u00e1s, es un genocidio. Es un crimen de lesa humanidad por parte de un pa\u00eds armado hasta los dientes contra una poblaci\u00f3n indefensa. Pero la ONU y el mundo contin\u00faan hablando sin hacer algo \u00fatil y mirando para otro lado.<\/p>\n<p>La ret\u00f3rica puede con todo, los eufemismos lo cubren todo y la ciudadan\u00eda mundial lee, ve y escucha la realidad a trav\u00e9s del color del cristal que los poderes econ\u00f3micos, pol\u00edticos, militares y medi\u00e1ticos le ponen delante.<\/p>\n<p>Estamos mediadas y mediados, condicionados, por una lectura del mundo plegada a los intereses del poder. Defendemos la resistencia frente a las injusticias, pero aceptamos algunas en funci\u00f3n de quien las perpetra. Defendemos la paz, pero permitimos las guerras si el que asesina tiene el poder. Defendemos la libertad, pero nos dejamos oprimir por quienes se autodenominan \u201caliados\u201d.<\/p>\n<p>Palestina tiene quien la defienda, pero sus defensores no tienen -tenemos- el poder. Solamente el que nos dan la palabra y la acci\u00f3n por la justicia social. Sigamos denunciando y actuando por la paz, demandando los derechos humanos y defendiendo a Palestina.<\/p>\n<p>Por el pueblo palestino, por la paz y contra el genocidio les comparto una de las historias de mujeres palestinas recogida en los carteles que conformaban el museo del muro en Bel\u00e9n y que est\u00e1 incluida en el libro publicado por el Arab Educational Institut The Wall Museum: Palestinian stories on the wall in Bethelem. La firmaron Jennifer, Jumana, Rasha y Nisreen, cuando ten\u00edan 16 a\u00f1os. Ojal\u00e1 est\u00e9n vivas para que sigan cont\u00e1ndola:<\/p>\n<p><strong>The pigeon<\/strong> (la paloma)<\/p>\n<p>\u00abHab\u00eda un ni\u00f1o peque\u00f1o que sosten\u00eda su juguete, una paloma.<\/p>\n<p>Mientras jugaba, tuvo un sue\u00f1o. So\u00f1\u00f3 con otro mundo donde podr\u00eda hablar de sus juguetes y sus pasatiempos, sus intereses y sus sue\u00f1os, en lugar de hablar de armas, sangre y asesinatos.<\/p>\n<p>Un mundo donde podr\u00eda correr y jugar con sus amigos. En ese mundo no hab\u00eda guerra, ni tanques, ni cohetes, ni bombardeos. Un mundo lleno de paz.<\/p>\n<p>Una bala, una bala malvada, lleg\u00f3 como un ladr\u00f3n y entr\u00f3 en su coraz\u00f3n. Se llev\u00f3 su alma y su sue\u00f1o.<\/p>\n<p>Su paloma estaba a su lado, justo all\u00ed al lado de su cuerpo inm\u00f3vil. Pero la paloma record\u00f3 el sue\u00f1o del ni\u00f1o, cobr\u00f3 vida y se fue volando. Decidi\u00f3 contarle su sue\u00f1o al mundo. Y decidi\u00f3 hacer realidad este sue\u00f1o\u00bb.<\/p>\n<p>Contra el sinsentido de la guerra y por una Palestina libre y en paz.<\/p>\n","protected":false},"excerpt":{"rendered":"<p>Un a\u00f1o despu\u00e9s, la guerra segu\u00eda estando ah\u00ed. Han pasado doce meses desde que una acci\u00f3n terrorista del grupo Ham\u00e1s provoc\u00f3 la desmesurada y criminal respuesta del pa\u00eds de la estrella de David que ha convertido los territorios palestinos en&hellip;<\/p>\n","protected":false},"author":2306,"featured_media":2553490,"comment_status":"closed","ping_status":"closed","sticky":false,"template":"","format":"standard","meta":{"footnotes":""},"categories":[11389,71,161,1243],"tags":[814,124450],"class_list":["post-2553489","post","type-post","status-publish","format-standard","has-post-thumbnail","hentry","category-contenido-original","category-medio-oriente-es","category-opiniones","category-paz-desarme","tag-palestina-es","tag-paz-es"],"yoast_head":"<!-- This site is optimized with the Yoast SEO plugin v27.1.1 - https:\/\/yoast.com\/product\/yoast-seo-wordpress\/ -->\n<title>PAZlestina<\/title>\n<meta name=\"description\" content=\"Un a\u00f1o despu\u00e9s, la guerra segu\u00eda estando ah\u00ed. Han pasado doce meses desde que una acci\u00f3n terrorista del grupo Ham\u00e1s provoc\u00f3 la desmesurada y criminal\" \/>\n<meta name=\"robots\" content=\"index, follow, max-snippet:-1, max-image-preview:large, max-video-preview:-1\" \/>\n<link rel=\"canonical\" href=\"https:\/\/www.pressenza.com\/es\/2024\/10\/pazlestina\/\" \/>\n<meta property=\"og:locale\" content=\"es_ES\" \/>\n<meta property=\"og:type\" content=\"article\" \/>\n<meta property=\"og:title\" content=\"PAZlestina\" \/>\n<meta property=\"og:description\" content=\"Un a\u00f1o despu\u00e9s, la guerra segu\u00eda estando ah\u00ed. Han pasado doce meses desde que una acci\u00f3n terrorista del grupo Ham\u00e1s provoc\u00f3 la desmesurada y criminal\" \/>\n<meta property=\"og:url\" content=\"https:\/\/www.pressenza.com\/es\/2024\/10\/pazlestina\/\" \/>\n<meta property=\"og:site_name\" content=\"Pressenza\" \/>\n<meta property=\"article:publisher\" content=\"https:\/\/www.facebook.com\/PressenzaItalia\" \/>\n<meta property=\"article:published_time\" content=\"2024-10-08T23:23:08+00:00\" \/>\n<meta property=\"og:image\" content=\"https:\/\/www.pressenza.com\/wp-content\/uploads\/2024\/10\/palestina-2.webp\" \/>\n\t<meta property=\"og:image:width\" content=\"1024\" \/>\n\t<meta property=\"og:image:height\" content=\"692\" \/>\n\t<meta property=\"og:image:type\" content=\"image\/webp\" \/>\n<meta name=\"author\" content=\"J. Ignacio \u00b4I\u00f1aki` Chaves G.\" \/>\n<meta name=\"twitter:card\" content=\"summary_large_image\" \/>\n<meta name=\"twitter:creator\" content=\"@PressenzaIPA\" \/>\n<meta name=\"twitter:site\" content=\"@PressenzaIPA\" \/>\n<meta name=\"twitter:label1\" content=\"Escrito por\" \/>\n\t<meta name=\"twitter:data1\" content=\"J. Ignacio \u00b4I\u00f1aki` Chaves G.\" \/>\n\t<meta name=\"twitter:label2\" content=\"Tiempo de lectura\" \/>\n\t<meta name=\"twitter:data2\" content=\"3 minutos\" \/>\n<script type=\"application\/ld+json\" class=\"yoast-schema-graph\">{\"@context\":\"https:\/\/schema.org\",\"@graph\":[{\"@type\":\"Article\",\"@id\":\"https:\/\/www.pressenza.com\/es\/2024\/10\/pazlestina\/#article\",\"isPartOf\":{\"@id\":\"https:\/\/www.pressenza.com\/es\/2024\/10\/pazlestina\/\"},\"author\":{\"name\":\"J. Ignacio \u00b4I\u00f1aki` Chaves G.\",\"@id\":\"https:\/\/www.pressenza.com\/es\/#\/schema\/person\/ba32dad085eff04207628f0781f2116e\"},\"headline\":\"PAZlestina\",\"datePublished\":\"2024-10-08T23:23:08+00:00\",\"mainEntityOfPage\":{\"@id\":\"https:\/\/www.pressenza.com\/es\/2024\/10\/pazlestina\/\"},\"wordCount\":507,\"publisher\":{\"@id\":\"https:\/\/www.pressenza.com\/es\/#organization\"},\"image\":{\"@id\":\"https:\/\/www.pressenza.com\/es\/2024\/10\/pazlestina\/#primaryimage\"},\"thumbnailUrl\":\"https:\/\/www.pressenza.com\/wp-content\/uploads\/2024\/10\/palestina-2.webp\",\"keywords\":[\"Palestina\",\"Paz\"],\"articleSection\":[\"Contenido Original\",\"Medio Oriente\",\"Opiniones\",\"Paz y Desarme\"],\"inLanguage\":\"es\"},{\"@type\":\"WebPage\",\"@id\":\"https:\/\/www.pressenza.com\/es\/2024\/10\/pazlestina\/\",\"url\":\"https:\/\/www.pressenza.com\/es\/2024\/10\/pazlestina\/\",\"name\":\"PAZlestina\",\"isPartOf\":{\"@id\":\"https:\/\/www.pressenza.com\/es\/#website\"},\"primaryImageOfPage\":{\"@id\":\"https:\/\/www.pressenza.com\/es\/2024\/10\/pazlestina\/#primaryimage\"},\"image\":{\"@id\":\"https:\/\/www.pressenza.com\/es\/2024\/10\/pazlestina\/#primaryimage\"},\"thumbnailUrl\":\"https:\/\/www.pressenza.com\/wp-content\/uploads\/2024\/10\/palestina-2.webp\",\"datePublished\":\"2024-10-08T23:23:08+00:00\",\"description\":\"Un a\u00f1o despu\u00e9s, la guerra segu\u00eda estando ah\u00ed. Han pasado doce meses desde que una acci\u00f3n terrorista del grupo Ham\u00e1s provoc\u00f3 la desmesurada y criminal\",\"breadcrumb\":{\"@id\":\"https:\/\/www.pressenza.com\/es\/2024\/10\/pazlestina\/#breadcrumb\"},\"inLanguage\":\"es\",\"potentialAction\":[{\"@type\":\"ReadAction\",\"target\":[\"https:\/\/www.pressenza.com\/es\/2024\/10\/pazlestina\/\"]}]},{\"@type\":\"ImageObject\",\"inLanguage\":\"es\",\"@id\":\"https:\/\/www.pressenza.com\/es\/2024\/10\/pazlestina\/#primaryimage\",\"url\":\"https:\/\/www.pressenza.com\/wp-content\/uploads\/2024\/10\/palestina-2.webp\",\"contentUrl\":\"https:\/\/www.pressenza.com\/wp-content\/uploads\/2024\/10\/palestina-2.webp\",\"width\":1024,\"height\":692},{\"@type\":\"BreadcrumbList\",\"@id\":\"https:\/\/www.pressenza.com\/es\/2024\/10\/pazlestina\/#breadcrumb\",\"itemListElement\":[{\"@type\":\"ListItem\",\"position\":1,\"name\":\"Accueil\",\"item\":\"https:\/\/www.pressenza.com\/es\/\"},{\"@type\":\"ListItem\",\"position\":2,\"name\":\"PAZlestina\"}]},{\"@type\":\"WebSite\",\"@id\":\"https:\/\/www.pressenza.com\/es\/#website\",\"url\":\"https:\/\/www.pressenza.com\/es\/\",\"name\":\"Pressenza\",\"description\":\"International Press Agency\",\"publisher\":{\"@id\":\"https:\/\/www.pressenza.com\/es\/#organization\"},\"potentialAction\":[{\"@type\":\"SearchAction\",\"target\":{\"@type\":\"EntryPoint\",\"urlTemplate\":\"https:\/\/www.pressenza.com\/es\/?s={search_term_string}\"},\"query-input\":{\"@type\":\"PropertyValueSpecification\",\"valueRequired\":true,\"valueName\":\"search_term_string\"}}],\"inLanguage\":\"es\"},{\"@type\":\"Organization\",\"@id\":\"https:\/\/www.pressenza.com\/es\/#organization\",\"name\":\"Pressenza\",\"url\":\"https:\/\/www.pressenza.com\/es\/\",\"logo\":{\"@type\":\"ImageObject\",\"inLanguage\":\"es\",\"@id\":\"https:\/\/www.pressenza.com\/es\/#\/schema\/logo\/image\/\",\"url\":\"https:\/\/www.pressenza.com\/wp-content\/uploads\/2022\/10\/pressenza_logo_200x200.jpg\",\"contentUrl\":\"https:\/\/www.pressenza.com\/wp-content\/uploads\/2022\/10\/pressenza_logo_200x200.jpg\",\"width\":200,\"height\":200,\"caption\":\"Pressenza\"},\"image\":{\"@id\":\"https:\/\/www.pressenza.com\/es\/#\/schema\/logo\/image\/\"},\"sameAs\":[\"https:\/\/www.facebook.com\/PressenzaItalia\",\"https:\/\/x.com\/PressenzaIPA\"]},{\"@type\":\"Person\",\"@id\":\"https:\/\/www.pressenza.com\/es\/#\/schema\/person\/ba32dad085eff04207628f0781f2116e\",\"name\":\"J. Ignacio \u00b4I\u00f1aki` Chaves G.\",\"description\":\"Soci\u00f3logo y comunicador, doctor en Comunicaci\u00f3n y Ciencias Sociales. Ciudadano ateo que cree que la comunicaci\u00f3n que hacemos determina la sociedad en que vivimos.\",\"url\":\"https:\/\/www.pressenza.com\/es\/author\/ignacio-chaves\/\"}]}<\/script>\n<!-- \/ Yoast SEO plugin. -->","yoast_head_json":{"title":"PAZlestina","description":"Un a\u00f1o despu\u00e9s, la guerra segu\u00eda estando ah\u00ed. Han pasado doce meses desde que una acci\u00f3n terrorista del grupo Ham\u00e1s provoc\u00f3 la desmesurada y criminal","robots":{"index":"index","follow":"follow","max-snippet":"max-snippet:-1","max-image-preview":"max-image-preview:large","max-video-preview":"max-video-preview:-1"},"canonical":"https:\/\/www.pressenza.com\/es\/2024\/10\/pazlestina\/","og_locale":"es_ES","og_type":"article","og_title":"PAZlestina","og_description":"Un a\u00f1o despu\u00e9s, la guerra segu\u00eda estando ah\u00ed. Han pasado doce meses desde que una acci\u00f3n terrorista del grupo Ham\u00e1s provoc\u00f3 la desmesurada y criminal","og_url":"https:\/\/www.pressenza.com\/es\/2024\/10\/pazlestina\/","og_site_name":"Pressenza","article_publisher":"https:\/\/www.facebook.com\/PressenzaItalia","article_published_time":"2024-10-08T23:23:08+00:00","og_image":[{"width":1024,"height":692,"url":"https:\/\/www.pressenza.com\/wp-content\/uploads\/2024\/10\/palestina-2.webp","type":"image\/webp"}],"author":"J. Ignacio \u00b4I\u00f1aki` Chaves G.","twitter_card":"summary_large_image","twitter_creator":"@PressenzaIPA","twitter_site":"@PressenzaIPA","twitter_misc":{"Escrito por":"J. Ignacio \u00b4I\u00f1aki` Chaves G.","Tiempo de lectura":"3 minutos"},"schema":{"@context":"https:\/\/schema.org","@graph":[{"@type":"Article","@id":"https:\/\/www.pressenza.com\/es\/2024\/10\/pazlestina\/#article","isPartOf":{"@id":"https:\/\/www.pressenza.com\/es\/2024\/10\/pazlestina\/"},"author":{"name":"J. Ignacio \u00b4I\u00f1aki` Chaves G.","@id":"https:\/\/www.pressenza.com\/es\/#\/schema\/person\/ba32dad085eff04207628f0781f2116e"},"headline":"PAZlestina","datePublished":"2024-10-08T23:23:08+00:00","mainEntityOfPage":{"@id":"https:\/\/www.pressenza.com\/es\/2024\/10\/pazlestina\/"},"wordCount":507,"publisher":{"@id":"https:\/\/www.pressenza.com\/es\/#organization"},"image":{"@id":"https:\/\/www.pressenza.com\/es\/2024\/10\/pazlestina\/#primaryimage"},"thumbnailUrl":"https:\/\/www.pressenza.com\/wp-content\/uploads\/2024\/10\/palestina-2.webp","keywords":["Palestina","Paz"],"articleSection":["Contenido Original","Medio Oriente","Opiniones","Paz y Desarme"],"inLanguage":"es"},{"@type":"WebPage","@id":"https:\/\/www.pressenza.com\/es\/2024\/10\/pazlestina\/","url":"https:\/\/www.pressenza.com\/es\/2024\/10\/pazlestina\/","name":"PAZlestina","isPartOf":{"@id":"https:\/\/www.pressenza.com\/es\/#website"},"primaryImageOfPage":{"@id":"https:\/\/www.pressenza.com\/es\/2024\/10\/pazlestina\/#primaryimage"},"image":{"@id":"https:\/\/www.pressenza.com\/es\/2024\/10\/pazlestina\/#primaryimage"},"thumbnailUrl":"https:\/\/www.pressenza.com\/wp-content\/uploads\/2024\/10\/palestina-2.webp","datePublished":"2024-10-08T23:23:08+00:00","description":"Un a\u00f1o despu\u00e9s, la guerra segu\u00eda estando ah\u00ed. Han pasado doce meses desde que una acci\u00f3n terrorista del grupo Ham\u00e1s provoc\u00f3 la desmesurada y criminal","breadcrumb":{"@id":"https:\/\/www.pressenza.com\/es\/2024\/10\/pazlestina\/#breadcrumb"},"inLanguage":"es","potentialAction":[{"@type":"ReadAction","target":["https:\/\/www.pressenza.com\/es\/2024\/10\/pazlestina\/"]}]},{"@type":"ImageObject","inLanguage":"es","@id":"https:\/\/www.pressenza.com\/es\/2024\/10\/pazlestina\/#primaryimage","url":"https:\/\/www.pressenza.com\/wp-content\/uploads\/2024\/10\/palestina-2.webp","contentUrl":"https:\/\/www.pressenza.com\/wp-content\/uploads\/2024\/10\/palestina-2.webp","width":1024,"height":692},{"@type":"BreadcrumbList","@id":"https:\/\/www.pressenza.com\/es\/2024\/10\/pazlestina\/#breadcrumb","itemListElement":[{"@type":"ListItem","position":1,"name":"Accueil","item":"https:\/\/www.pressenza.com\/es\/"},{"@type":"ListItem","position":2,"name":"PAZlestina"}]},{"@type":"WebSite","@id":"https:\/\/www.pressenza.com\/es\/#website","url":"https:\/\/www.pressenza.com\/es\/","name":"Pressenza","description":"International Press Agency","publisher":{"@id":"https:\/\/www.pressenza.com\/es\/#organization"},"potentialAction":[{"@type":"SearchAction","target":{"@type":"EntryPoint","urlTemplate":"https:\/\/www.pressenza.com\/es\/?s={search_term_string}"},"query-input":{"@type":"PropertyValueSpecification","valueRequired":true,"valueName":"search_term_string"}}],"inLanguage":"es"},{"@type":"Organization","@id":"https:\/\/www.pressenza.com\/es\/#organization","name":"Pressenza","url":"https:\/\/www.pressenza.com\/es\/","logo":{"@type":"ImageObject","inLanguage":"es","@id":"https:\/\/www.pressenza.com\/es\/#\/schema\/logo\/image\/","url":"https:\/\/www.pressenza.com\/wp-content\/uploads\/2022\/10\/pressenza_logo_200x200.jpg","contentUrl":"https:\/\/www.pressenza.com\/wp-content\/uploads\/2022\/10\/pressenza_logo_200x200.jpg","width":200,"height":200,"caption":"Pressenza"},"image":{"@id":"https:\/\/www.pressenza.com\/es\/#\/schema\/logo\/image\/"},"sameAs":["https:\/\/www.facebook.com\/PressenzaItalia","https:\/\/x.com\/PressenzaIPA"]},{"@type":"Person","@id":"https:\/\/www.pressenza.com\/es\/#\/schema\/person\/ba32dad085eff04207628f0781f2116e","name":"J. Ignacio \u00b4I\u00f1aki` Chaves G.","description":"Soci\u00f3logo y comunicador, doctor en Comunicaci\u00f3n y Ciencias Sociales. Ciudadano ateo que cree que la comunicaci\u00f3n que hacemos determina la sociedad en que vivimos.","url":"https:\/\/www.pressenza.com\/es\/author\/ignacio-chaves\/"}]}},"place":"Bogot\u00e1, Colombia","original_article_url":"","_links":{"self":[{"href":"https:\/\/www.pressenza.com\/es\/wp-json\/wp\/v2\/posts\/2553489","targetHints":{"allow":["GET"]}}],"collection":[{"href":"https:\/\/www.pressenza.com\/es\/wp-json\/wp\/v2\/posts"}],"about":[{"href":"https:\/\/www.pressenza.com\/es\/wp-json\/wp\/v2\/types\/post"}],"author":[{"embeddable":true,"href":"https:\/\/www.pressenza.com\/es\/wp-json\/wp\/v2\/users\/2306"}],"replies":[{"embeddable":true,"href":"https:\/\/www.pressenza.com\/es\/wp-json\/wp\/v2\/comments?post=2553489"}],"version-history":[{"count":0,"href":"https:\/\/www.pressenza.com\/es\/wp-json\/wp\/v2\/posts\/2553489\/revisions"}],"wp:featuredmedia":[{"embeddable":true,"href":"https:\/\/www.pressenza.com\/es\/wp-json\/wp\/v2\/media\/2553490"}],"wp:attachment":[{"href":"https:\/\/www.pressenza.com\/es\/wp-json\/wp\/v2\/media?parent=2553489"}],"wp:term":[{"taxonomy":"category","embeddable":true,"href":"https:\/\/www.pressenza.com\/es\/wp-json\/wp\/v2\/categories?post=2553489"},{"taxonomy":"post_tag","embeddable":true,"href":"https:\/\/www.pressenza.com\/es\/wp-json\/wp\/v2\/tags?post=2553489"}],"curies":[{"name":"wp","href":"https:\/\/api.w.org\/{rel}","templated":true}]}}