{"id":2553268,"date":"2024-10-08T04:02:01","date_gmt":"2024-10-08T03:02:01","guid":{"rendered":"https:\/\/www.pressenza.com\/?p=2553268"},"modified":"2024-10-08T04:02:01","modified_gmt":"2024-10-08T03:02:01","slug":"la-tragedia-palestina-una-defensa-del-judaismo","status":"publish","type":"post","link":"https:\/\/www.pressenza.com\/es\/2024\/10\/la-tragedia-palestina-una-defensa-del-judaismo\/","title":{"rendered":"La tragedia palestina: una defensa del juda\u00edsmo"},"content":{"rendered":"<p><em>Los y las jud\u00edas debemos m\u00e1s que nunca liberarnos del secuestro identitario que el sionismo hace de nuestro juda\u00edsmo.<\/em><\/p>\n<p><strong>por Ariel Shlomo Feldman<\/strong><\/p>\n<p>El sionismo tuvo un origen noble y encarn\u00f3 la esperanza de millones de jud\u00edos perseguidos y asesinados, pero ya no. El sionismo fue para muchos un proyecto de liberaci\u00f3n nacional, pero ya no. El sionismo tuvo una pata socialista y humanista, revolucionaria, pero ya no. Y eso es muy doloroso para muchas jud\u00edas y jud\u00edos que no saben qu\u00e9 hacer con su identidad, que hace m\u00e1s de 76 a\u00f1os, es decir, la vida de pr\u00e1cticamente cualquier jud\u00edo vivo, ha sido resignificada por el Estado de Israel.<\/p>\n<p>La premisa supremacista del sionismo que se impuso en el proceso de colonizaci\u00f3n de Palestina a\u00f1os antes de la fundaci\u00f3n del Estado de Israel fue ignorada por muchos de los que migraban a esa tierra huyendo del racismo europeo pero, otra vez, ya no. La ignorancia hoy es voluntaria y c\u00f3mplice. Hoy sabemos que el sionismo verdaderamente existente naci\u00f3 negando al otro, al nativo, al palestino, ya sea beduino, druso, \u00e1rabe, profesase el catolicismo, el islam o fuese ateo, y tuvo desde sus or\u00edgenes un slogan negacionista: \u201cuna tierra sin pueblo para un pueblo sin tierra\u201d. Como en esa tierra hab\u00eda miles de seres humanos, los dirigentes del movimiento sionista planificaron la limpieza \u00e9tnica del territorio (hecho ignorado por la mayor\u00eda de los colonos en ese entonces). Esa limpieza \u00e9tnica implic\u00f3 el desplazamiento de m\u00e1s de 750 mil personas. Desplazamiento significa campa\u00f1a de terror, asesinatos, robo, violaciones y desposesi\u00f3n. Eso fue en 1947-1948.<\/p>\n<p>Ese fue el inicio de la tragedia de los palestinos, que pagaban los platos rotos del supremacismo europeo sin comerla ni beberla. Primero un r\u00e9gimen militar de 1948 a 1966 para los palestinos y palestinas que no hab\u00edan huido del flamante Estado, luego la ocupaci\u00f3n de Gaza, Cisjordania y las alturas del Gol\u00e1n y un colonialismo m\u00e1s cl\u00e1sico desde 1967, con apartheid, tribunales militares, despojo, asesinatos selectivos y castigos colectivos. Luego el sitio a Gaza devenida en c\u00e1rcel a cielo abierto donde entra el sol pero no los Derechos Humanos, ni la salud, ni el agua, ni la energ\u00eda, si el colonizador as\u00ed lo dispone.<\/p>\n<p>El cercano oriente no es un polvor\u00edn por la irracionalidad de sus actores, de sus pueblos, sino porque el oprobio de la colonizaci\u00f3n pudre el alma del colonizador y lleva a la desesperaci\u00f3n al colonizado.<\/p>\n<p>A un a\u00f1o del ataque terrorista de Hamas, a un a\u00f1o del inicio de la ofensiva terrorista estatal de Israel sobre el pueblo de Gaza, la situaci\u00f3n en el cercano y medio oriente est\u00e1 en un momento cr\u00edtico. Los intereses en juego, las tensiones, los actores de la pol\u00edtica estatal y paraestatal, las alianzas, los odios y rencores de los pueblos, hacen que el doloros\u00edsimo y peligroso presente de la regi\u00f3n conlleve una sensaci\u00f3n de miedo, caos, pero tambi\u00e9n\u00a0 la impresi\u00f3n de una complejidad inmanejable para aquellos y aquellas que no conocen en profundidad el terreno.<\/p>\n<p>Bueno, es complejo, pero muy simple a la vez. Hay una colonizaci\u00f3n que debe acabar y un genocidio que debe ser frenado. Jud\u00edos y no jud\u00edos debemos dar todas las discusiones con altura, informaci\u00f3n y sensibilidad a pesar de la persecuci\u00f3n ideol\u00f3gica que ejercen hace a\u00f1os los portavoces e instituciones del sionismo contra quienes osan levantar la voz denunciando la colonizaci\u00f3n, el apartheid y ahora el genocidio.\u00a0 Los y las jud\u00edas debemos m\u00e1s que nunca liberarnos del secuestro identitario que el sionismo hace de nuestro juda\u00edsmo. Hay que insistir en la sensibilidad jud\u00eda, su esencia reflexiva, su ternura, su tradici\u00f3n cr\u00edtica, su b\u00fasqueda de justicia social (Tik\u00fan Olam). Es esencia del juda\u00edsmo dar la pelea como gato panza arriba, a la defensiva, en inferioridad de condiciones, a resistir, luchar por su existencia, que son sus valores. Hoy le toca al juda\u00edsmo dar esa pelea contra el sionismo israel\u00ed.<\/p>\n","protected":false},"excerpt":{"rendered":"<p>Los y las jud\u00edas debemos m\u00e1s que nunca liberarnos del secuestro identitario que el sionismo hace de nuestro juda\u00edsmo. por Ariel Shlomo Feldman El sionismo tuvo un origen noble y encarn\u00f3 la esperanza de millones de jud\u00edos perseguidos y asesinados,&hellip;<\/p>\n","protected":false},"author":87,"featured_media":2553269,"comment_status":"closed","ping_status":"closed","sticky":false,"template":"","format":"standard","meta":{"footnotes":""},"categories":[1240,39,71,161,1243],"tags":[1610,11566,10315,646,16953,814,11211],"class_list":["post-2553268","post","type-post","status-publish","format-standard","has-post-thumbnail","hentry","category-humanismo-espiritualidad","category-internacional","category-medio-oriente-es","category-opiniones","category-paz-desarme","tag-apartheid-es","tag-conflicto-palestino-israeli","tag-genocidio-es","tag-israel-es","tag-judaismo","tag-palestina-es","tag-sionismo-es"],"yoast_head":"<!-- This site is optimized with the Yoast SEO plugin v27.1.1 - https:\/\/yoast.com\/product\/yoast-seo-wordpress\/ -->\n<title>La tragedia palestina: una defensa del juda\u00edsmo<\/title>\n<meta name=\"description\" content=\"Los y las jud\u00edas debemos m\u00e1s que nunca liberarnos del secuestro identitario que el sionismo hace de nuestro juda\u00edsmo. por Ariel Shlomo Feldman El sionismo\" \/>\n<meta name=\"robots\" content=\"index, follow, max-snippet:-1, max-image-preview:large, max-video-preview:-1\" \/>\n<link rel=\"canonical\" href=\"https:\/\/www.pressenza.com\/es\/2024\/10\/la-tragedia-palestina-una-defensa-del-judaismo\/\" \/>\n<meta property=\"og:locale\" content=\"es_ES\" \/>\n<meta property=\"og:type\" content=\"article\" \/>\n<meta property=\"og:title\" content=\"La tragedia palestina: una defensa del juda\u00edsmo\" \/>\n<meta property=\"og:description\" content=\"Los y las jud\u00edas debemos m\u00e1s que nunca liberarnos del secuestro identitario que el sionismo hace de nuestro juda\u00edsmo. por Ariel Shlomo Feldman El sionismo\" \/>\n<meta property=\"og:url\" content=\"https:\/\/www.pressenza.com\/es\/2024\/10\/la-tragedia-palestina-una-defensa-del-judaismo\/\" \/>\n<meta property=\"og:site_name\" content=\"Pressenza\" \/>\n<meta property=\"article:publisher\" content=\"https:\/\/www.facebook.com\/PressenzaItalia\" \/>\n<meta property=\"article:published_time\" content=\"2024-10-08T03:02:01+00:00\" \/>\n<meta property=\"og:image\" content=\"https:\/\/www.pressenza.com\/wp-content\/uploads\/2024\/10\/division-5197468_1280.jpg\" \/>\n\t<meta property=\"og:image:width\" content=\"960\" \/>\n\t<meta property=\"og:image:height\" content=\"1280\" \/>\n\t<meta property=\"og:image:type\" content=\"image\/jpeg\" \/>\n<meta name=\"author\" content=\"Redacci\u00f3n Argentina\" \/>\n<meta name=\"twitter:card\" content=\"summary_large_image\" \/>\n<meta name=\"twitter:creator\" content=\"@pressenza\" \/>\n<meta name=\"twitter:site\" content=\"@PressenzaIPA\" \/>\n<meta name=\"twitter:label1\" content=\"Escrito por\" \/>\n\t<meta name=\"twitter:data1\" content=\"Redacci\u00f3n Argentina\" \/>\n\t<meta name=\"twitter:label2\" content=\"Tiempo de lectura\" \/>\n\t<meta name=\"twitter:data2\" content=\"3 minutos\" \/>\n<script type=\"application\/ld+json\" class=\"yoast-schema-graph\">{\"@context\":\"https:\/\/schema.org\",\"@graph\":[{\"@type\":\"Article\",\"@id\":\"https:\/\/www.pressenza.com\/es\/2024\/10\/la-tragedia-palestina-una-defensa-del-judaismo\/#article\",\"isPartOf\":{\"@id\":\"https:\/\/www.pressenza.com\/es\/2024\/10\/la-tragedia-palestina-una-defensa-del-judaismo\/\"},\"author\":{\"name\":\"Redacci\u00f3n Argentina\",\"@id\":\"https:\/\/www.pressenza.com\/es\/#\/schema\/person\/0dda7d1b68267ad95b1e1d83abc98c89\"},\"headline\":\"La tragedia palestina: una defensa del juda\u00edsmo\",\"datePublished\":\"2024-10-08T03:02:01+00:00\",\"mainEntityOfPage\":{\"@id\":\"https:\/\/www.pressenza.com\/es\/2024\/10\/la-tragedia-palestina-una-defensa-del-judaismo\/\"},\"wordCount\":709,\"publisher\":{\"@id\":\"https:\/\/www.pressenza.com\/es\/#organization\"},\"image\":{\"@id\":\"https:\/\/www.pressenza.com\/es\/2024\/10\/la-tragedia-palestina-una-defensa-del-judaismo\/#primaryimage\"},\"thumbnailUrl\":\"https:\/\/www.pressenza.com\/wp-content\/uploads\/2024\/10\/division-5197468_1280.jpg\",\"keywords\":[\"Apartheid\",\"Conflicto Palestino Israel\u00ed\",\"Genocidio\",\"Israel\",\"judaismo\",\"Palestina\",\"sionismo\"],\"articleSection\":[\"Humanismo y Espiritualidad\",\"Internacional\",\"Medio Oriente\",\"Opiniones\",\"Paz y Desarme\"],\"inLanguage\":\"es\"},{\"@type\":\"WebPage\",\"@id\":\"https:\/\/www.pressenza.com\/es\/2024\/10\/la-tragedia-palestina-una-defensa-del-judaismo\/\",\"url\":\"https:\/\/www.pressenza.com\/es\/2024\/10\/la-tragedia-palestina-una-defensa-del-judaismo\/\",\"name\":\"La tragedia palestina: una defensa del juda\u00edsmo\",\"isPartOf\":{\"@id\":\"https:\/\/www.pressenza.com\/es\/#website\"},\"primaryImageOfPage\":{\"@id\":\"https:\/\/www.pressenza.com\/es\/2024\/10\/la-tragedia-palestina-una-defensa-del-judaismo\/#primaryimage\"},\"image\":{\"@id\":\"https:\/\/www.pressenza.com\/es\/2024\/10\/la-tragedia-palestina-una-defensa-del-judaismo\/#primaryimage\"},\"thumbnailUrl\":\"https:\/\/www.pressenza.com\/wp-content\/uploads\/2024\/10\/division-5197468_1280.jpg\",\"datePublished\":\"2024-10-08T03:02:01+00:00\",\"description\":\"Los y las jud\u00edas debemos m\u00e1s que nunca liberarnos del secuestro identitario que el sionismo hace de nuestro juda\u00edsmo. por Ariel Shlomo Feldman El sionismo\",\"breadcrumb\":{\"@id\":\"https:\/\/www.pressenza.com\/es\/2024\/10\/la-tragedia-palestina-una-defensa-del-judaismo\/#breadcrumb\"},\"inLanguage\":\"es\",\"potentialAction\":[{\"@type\":\"ReadAction\",\"target\":[\"https:\/\/www.pressenza.com\/es\/2024\/10\/la-tragedia-palestina-una-defensa-del-judaismo\/\"]}]},{\"@type\":\"ImageObject\",\"inLanguage\":\"es\",\"@id\":\"https:\/\/www.pressenza.com\/es\/2024\/10\/la-tragedia-palestina-una-defensa-del-judaismo\/#primaryimage\",\"url\":\"https:\/\/www.pressenza.com\/wp-content\/uploads\/2024\/10\/division-5197468_1280.jpg\",\"contentUrl\":\"https:\/\/www.pressenza.com\/wp-content\/uploads\/2024\/10\/division-5197468_1280.jpg\",\"width\":960,\"height\":1280},{\"@type\":\"BreadcrumbList\",\"@id\":\"https:\/\/www.pressenza.com\/es\/2024\/10\/la-tragedia-palestina-una-defensa-del-judaismo\/#breadcrumb\",\"itemListElement\":[{\"@type\":\"ListItem\",\"position\":1,\"name\":\"Accueil\",\"item\":\"https:\/\/www.pressenza.com\/es\/\"},{\"@type\":\"ListItem\",\"position\":2,\"name\":\"La tragedia palestina: una defensa del juda\u00edsmo\"}]},{\"@type\":\"WebSite\",\"@id\":\"https:\/\/www.pressenza.com\/es\/#website\",\"url\":\"https:\/\/www.pressenza.com\/es\/\",\"name\":\"Pressenza\",\"description\":\"International Press Agency\",\"publisher\":{\"@id\":\"https:\/\/www.pressenza.com\/es\/#organization\"},\"potentialAction\":[{\"@type\":\"SearchAction\",\"target\":{\"@type\":\"EntryPoint\",\"urlTemplate\":\"https:\/\/www.pressenza.com\/es\/?s={search_term_string}\"},\"query-input\":{\"@type\":\"PropertyValueSpecification\",\"valueRequired\":true,\"valueName\":\"search_term_string\"}}],\"inLanguage\":\"es\"},{\"@type\":\"Organization\",\"@id\":\"https:\/\/www.pressenza.com\/es\/#organization\",\"name\":\"Pressenza\",\"url\":\"https:\/\/www.pressenza.com\/es\/\",\"logo\":{\"@type\":\"ImageObject\",\"inLanguage\":\"es\",\"@id\":\"https:\/\/www.pressenza.com\/es\/#\/schema\/logo\/image\/\",\"url\":\"https:\/\/www.pressenza.com\/wp-content\/uploads\/2022\/10\/pressenza_logo_200x200.jpg\",\"contentUrl\":\"https:\/\/www.pressenza.com\/wp-content\/uploads\/2022\/10\/pressenza_logo_200x200.jpg\",\"width\":200,\"height\":200,\"caption\":\"Pressenza\"},\"image\":{\"@id\":\"https:\/\/www.pressenza.com\/es\/#\/schema\/logo\/image\/\"},\"sameAs\":[\"https:\/\/www.facebook.com\/PressenzaItalia\",\"https:\/\/x.com\/PressenzaIPA\"]},{\"@type\":\"Person\",\"@id\":\"https:\/\/www.pressenza.com\/es\/#\/schema\/person\/0dda7d1b68267ad95b1e1d83abc98c89\",\"name\":\"Redacci\u00f3n Argentina\",\"description\":\"News from the Pressenza Bureau in Argentina.\",\"sameAs\":[\"https:\/\/x.com\/pressenza\"],\"url\":\"https:\/\/www.pressenza.com\/es\/author\/redaccion-argentina\/\"}]}<\/script>\n<!-- \/ Yoast SEO plugin. -->","yoast_head_json":{"title":"La tragedia palestina: una defensa del juda\u00edsmo","description":"Los y las jud\u00edas debemos m\u00e1s que nunca liberarnos del secuestro identitario que el sionismo hace de nuestro juda\u00edsmo. por Ariel Shlomo Feldman El sionismo","robots":{"index":"index","follow":"follow","max-snippet":"max-snippet:-1","max-image-preview":"max-image-preview:large","max-video-preview":"max-video-preview:-1"},"canonical":"https:\/\/www.pressenza.com\/es\/2024\/10\/la-tragedia-palestina-una-defensa-del-judaismo\/","og_locale":"es_ES","og_type":"article","og_title":"La tragedia palestina: una defensa del juda\u00edsmo","og_description":"Los y las jud\u00edas debemos m\u00e1s que nunca liberarnos del secuestro identitario que el sionismo hace de nuestro juda\u00edsmo. por Ariel Shlomo Feldman El sionismo","og_url":"https:\/\/www.pressenza.com\/es\/2024\/10\/la-tragedia-palestina-una-defensa-del-judaismo\/","og_site_name":"Pressenza","article_publisher":"https:\/\/www.facebook.com\/PressenzaItalia","article_published_time":"2024-10-08T03:02:01+00:00","og_image":[{"width":960,"height":1280,"url":"https:\/\/www.pressenza.com\/wp-content\/uploads\/2024\/10\/division-5197468_1280.jpg","type":"image\/jpeg"}],"author":"Redacci\u00f3n Argentina","twitter_card":"summary_large_image","twitter_creator":"@pressenza","twitter_site":"@PressenzaIPA","twitter_misc":{"Escrito por":"Redacci\u00f3n Argentina","Tiempo de lectura":"3 minutos"},"schema":{"@context":"https:\/\/schema.org","@graph":[{"@type":"Article","@id":"https:\/\/www.pressenza.com\/es\/2024\/10\/la-tragedia-palestina-una-defensa-del-judaismo\/#article","isPartOf":{"@id":"https:\/\/www.pressenza.com\/es\/2024\/10\/la-tragedia-palestina-una-defensa-del-judaismo\/"},"author":{"name":"Redacci\u00f3n Argentina","@id":"https:\/\/www.pressenza.com\/es\/#\/schema\/person\/0dda7d1b68267ad95b1e1d83abc98c89"},"headline":"La tragedia palestina: una defensa del juda\u00edsmo","datePublished":"2024-10-08T03:02:01+00:00","mainEntityOfPage":{"@id":"https:\/\/www.pressenza.com\/es\/2024\/10\/la-tragedia-palestina-una-defensa-del-judaismo\/"},"wordCount":709,"publisher":{"@id":"https:\/\/www.pressenza.com\/es\/#organization"},"image":{"@id":"https:\/\/www.pressenza.com\/es\/2024\/10\/la-tragedia-palestina-una-defensa-del-judaismo\/#primaryimage"},"thumbnailUrl":"https:\/\/www.pressenza.com\/wp-content\/uploads\/2024\/10\/division-5197468_1280.jpg","keywords":["Apartheid","Conflicto Palestino Israel\u00ed","Genocidio","Israel","judaismo","Palestina","sionismo"],"articleSection":["Humanismo y Espiritualidad","Internacional","Medio Oriente","Opiniones","Paz y Desarme"],"inLanguage":"es"},{"@type":"WebPage","@id":"https:\/\/www.pressenza.com\/es\/2024\/10\/la-tragedia-palestina-una-defensa-del-judaismo\/","url":"https:\/\/www.pressenza.com\/es\/2024\/10\/la-tragedia-palestina-una-defensa-del-judaismo\/","name":"La tragedia palestina: una defensa del juda\u00edsmo","isPartOf":{"@id":"https:\/\/www.pressenza.com\/es\/#website"},"primaryImageOfPage":{"@id":"https:\/\/www.pressenza.com\/es\/2024\/10\/la-tragedia-palestina-una-defensa-del-judaismo\/#primaryimage"},"image":{"@id":"https:\/\/www.pressenza.com\/es\/2024\/10\/la-tragedia-palestina-una-defensa-del-judaismo\/#primaryimage"},"thumbnailUrl":"https:\/\/www.pressenza.com\/wp-content\/uploads\/2024\/10\/division-5197468_1280.jpg","datePublished":"2024-10-08T03:02:01+00:00","description":"Los y las jud\u00edas debemos m\u00e1s que nunca liberarnos del secuestro identitario que el sionismo hace de nuestro juda\u00edsmo. por Ariel Shlomo Feldman El sionismo","breadcrumb":{"@id":"https:\/\/www.pressenza.com\/es\/2024\/10\/la-tragedia-palestina-una-defensa-del-judaismo\/#breadcrumb"},"inLanguage":"es","potentialAction":[{"@type":"ReadAction","target":["https:\/\/www.pressenza.com\/es\/2024\/10\/la-tragedia-palestina-una-defensa-del-judaismo\/"]}]},{"@type":"ImageObject","inLanguage":"es","@id":"https:\/\/www.pressenza.com\/es\/2024\/10\/la-tragedia-palestina-una-defensa-del-judaismo\/#primaryimage","url":"https:\/\/www.pressenza.com\/wp-content\/uploads\/2024\/10\/division-5197468_1280.jpg","contentUrl":"https:\/\/www.pressenza.com\/wp-content\/uploads\/2024\/10\/division-5197468_1280.jpg","width":960,"height":1280},{"@type":"BreadcrumbList","@id":"https:\/\/www.pressenza.com\/es\/2024\/10\/la-tragedia-palestina-una-defensa-del-judaismo\/#breadcrumb","itemListElement":[{"@type":"ListItem","position":1,"name":"Accueil","item":"https:\/\/www.pressenza.com\/es\/"},{"@type":"ListItem","position":2,"name":"La tragedia palestina: una defensa del juda\u00edsmo"}]},{"@type":"WebSite","@id":"https:\/\/www.pressenza.com\/es\/#website","url":"https:\/\/www.pressenza.com\/es\/","name":"Pressenza","description":"International Press Agency","publisher":{"@id":"https:\/\/www.pressenza.com\/es\/#organization"},"potentialAction":[{"@type":"SearchAction","target":{"@type":"EntryPoint","urlTemplate":"https:\/\/www.pressenza.com\/es\/?s={search_term_string}"},"query-input":{"@type":"PropertyValueSpecification","valueRequired":true,"valueName":"search_term_string"}}],"inLanguage":"es"},{"@type":"Organization","@id":"https:\/\/www.pressenza.com\/es\/#organization","name":"Pressenza","url":"https:\/\/www.pressenza.com\/es\/","logo":{"@type":"ImageObject","inLanguage":"es","@id":"https:\/\/www.pressenza.com\/es\/#\/schema\/logo\/image\/","url":"https:\/\/www.pressenza.com\/wp-content\/uploads\/2022\/10\/pressenza_logo_200x200.jpg","contentUrl":"https:\/\/www.pressenza.com\/wp-content\/uploads\/2022\/10\/pressenza_logo_200x200.jpg","width":200,"height":200,"caption":"Pressenza"},"image":{"@id":"https:\/\/www.pressenza.com\/es\/#\/schema\/logo\/image\/"},"sameAs":["https:\/\/www.facebook.com\/PressenzaItalia","https:\/\/x.com\/PressenzaIPA"]},{"@type":"Person","@id":"https:\/\/www.pressenza.com\/es\/#\/schema\/person\/0dda7d1b68267ad95b1e1d83abc98c89","name":"Redacci\u00f3n Argentina","description":"News from the Pressenza Bureau in Argentina.","sameAs":["https:\/\/x.com\/pressenza"],"url":"https:\/\/www.pressenza.com\/es\/author\/redaccion-argentina\/"}]}},"place":"Ciudad de Buenos Aires, Argentina","original_article_url":"","_links":{"self":[{"href":"https:\/\/www.pressenza.com\/es\/wp-json\/wp\/v2\/posts\/2553268","targetHints":{"allow":["GET"]}}],"collection":[{"href":"https:\/\/www.pressenza.com\/es\/wp-json\/wp\/v2\/posts"}],"about":[{"href":"https:\/\/www.pressenza.com\/es\/wp-json\/wp\/v2\/types\/post"}],"author":[{"embeddable":true,"href":"https:\/\/www.pressenza.com\/es\/wp-json\/wp\/v2\/users\/87"}],"replies":[{"embeddable":true,"href":"https:\/\/www.pressenza.com\/es\/wp-json\/wp\/v2\/comments?post=2553268"}],"version-history":[{"count":0,"href":"https:\/\/www.pressenza.com\/es\/wp-json\/wp\/v2\/posts\/2553268\/revisions"}],"wp:featuredmedia":[{"embeddable":true,"href":"https:\/\/www.pressenza.com\/es\/wp-json\/wp\/v2\/media\/2553269"}],"wp:attachment":[{"href":"https:\/\/www.pressenza.com\/es\/wp-json\/wp\/v2\/media?parent=2553268"}],"wp:term":[{"taxonomy":"category","embeddable":true,"href":"https:\/\/www.pressenza.com\/es\/wp-json\/wp\/v2\/categories?post=2553268"},{"taxonomy":"post_tag","embeddable":true,"href":"https:\/\/www.pressenza.com\/es\/wp-json\/wp\/v2\/tags?post=2553268"}],"curies":[{"name":"wp","href":"https:\/\/api.w.org\/{rel}","templated":true}]}}