{"id":2551573,"date":"2024-10-02T01:00:24","date_gmt":"2024-10-02T00:00:24","guid":{"rendered":"https:\/\/www.pressenza.com\/?p=2551573"},"modified":"2024-10-02T05:12:07","modified_gmt":"2024-10-02T04:12:07","slug":"quito-respuestas-no-violentas-en-medio-de-la-crisis","status":"publish","type":"post","link":"https:\/\/www.pressenza.com\/es\/2024\/10\/quito-respuestas-no-violentas-en-medio-de-la-crisis\/","title":{"rendered":"Quito: respuestas no violentas en medio de la crisis"},"content":{"rendered":"<p>En medio de la ca\u00f3tica situaci\u00f3n del pa\u00eds con la crisis energ\u00e9tica no resuelta, el Alcalde del Municipio Metropolitano de Quito anunci\u00f3 la superaci\u00f3n de los 24 incendios forestales \u201cprovocados\u201d hace una semana en distintos puntos de la capital y sus alrededores, con veinte y cuatro heridos y ciento cuarenta y cinco hect\u00e1reas devastadas (Frecuencia Quite\u00f1a, 30-09-2024).<\/p>\n<p>El an\u00e1lisis de estos acontecimientos permite mostrar dos caras en la respuesta de distintos sectores de esta ciudad \u201cbajo ataque\u201d. Por una parte, la solidaridad y la acci\u00f3n inmediata de las poblaciones de los respectivos barrios y territorios afectados, con quienes el Municipio y el Cuerpo de Bomberos lograron una acci\u00f3n coordinada. Por otra, la reactivaci\u00f3n en el mismo d\u00eda de los incendios, de una campa\u00f1a en redes sociales denominada \u201cQuito sin Alcalde\u201d, orientada a \u201cgolpear\u201d y \u201cdebilitar\u201d la gesti\u00f3n del gobierno municipal de orientaci\u00f3n progresista liderado por el Alcalde Pabel Mu\u00f1oz.<\/p>\n<p><img loading=\"lazy\" decoding=\"async\" class=\"aligncenter size-large wp-image-2551603\" src=\"https:\/\/www.pressenza.com\/wp-content\/uploads\/2024\/10\/IMG_3244-820x615.jpg\" alt=\"\" width=\"820\" height=\"615\" srcset=\"https:\/\/www.pressenza.com\/wp-content\/uploads\/2024\/10\/IMG_3244-820x615.jpg 820w, https:\/\/www.pressenza.com\/wp-content\/uploads\/2024\/10\/IMG_3244-300x225.jpg 300w, https:\/\/www.pressenza.com\/wp-content\/uploads\/2024\/10\/IMG_3244.jpg 1920w\" sizes=\"auto, (max-width: 820px) 100vw, 820px\" \/><\/p>\n<p>En v\u00edsperas del D\u00eda mundial de la No Violencia, 2 de octubre, declarado por las Naciones Unidas en conmemoraci\u00f3n del nacimiento del Mahatma Gandhi, l\u00edder de la liberaci\u00f3n de la India del dominio colonial brit\u00e1nico, recordamos su mensaje: \u201cla esencia de la violencia es que tiene que haber una intenci\u00f3n violenta detr\u00e1s del pensamiento, la palabra o la acci\u00f3n, por ejemplo la intenci\u00f3n de da\u00f1ar al llamado oponente\u201d.<\/p>\n<p>En una de las laderas incendiadas, que bordean la ciudad, se encuentra el barrio Bola\u00f1os, que \u201cse asienta en terrenos agr\u00edcolas de la Comuna ancestral de Gu\u00e1pulo, perteneciente al pueblo Kitu-Kara. Sus habitantes conservan su historia, sus mitos, sus tradiciones, fiestas, costumbres y su estilo de vida comunitario\u201d (Cinthia Andrade).<\/p>\n<p>Una se\u00f1al de esperanza de c\u00f3mo la poblaci\u00f3n de una ciudad puede superar con solidaridad y trabajo compartido las adversidades, en palabras de Gandhi, \u201ccon amor activo\u201d y \u201cdesde adentro\u201d.<\/p>\n","protected":false},"excerpt":{"rendered":"<p>En medio de la ca\u00f3tica situaci\u00f3n del pa\u00eds con la crisis energ\u00e9tica no resuelta, el Alcalde del Municipio Metropolitano de Quito anunci\u00f3 la superaci\u00f3n de los 24 incendios forestales \u201cprovocados\u201d hace una semana en distintos puntos de la capital y&hellip;<\/p>\n","protected":false},"author":2234,"featured_media":2551602,"comment_status":"closed","ping_status":"closed","sticky":false,"template":"","format":"standard","meta":{"footnotes":""},"categories":[11389,78,106739,1242,67],"tags":[127353,21146],"class_list":["post-2551573","post","type-post","status-publish","format-standard","has-post-thumbnail","hentry","category-contenido-original","category-medio-ambiente-ecologia","category-noticia","category-noviolencia-tema","category-sudamerica","tag-incendios-en-quito","tag-octubre-no-violento"],"yoast_head":"<!-- This site is optimized with the Yoast SEO plugin v27.1.1 - https:\/\/yoast.com\/product\/yoast-seo-wordpress\/ -->\n<title>Quito: respuestas no violentas en medio de la crisis<\/title>\n<meta name=\"description\" content=\"En medio de la ca\u00f3tica situaci\u00f3n del pa\u00eds con la crisis energ\u00e9tica no resuelta, el Alcalde del Municipio Metropolitano de Quito anunci\u00f3 la superaci\u00f3n de\" \/>\n<meta name=\"robots\" content=\"index, follow, max-snippet:-1, max-image-preview:large, max-video-preview:-1\" \/>\n<link rel=\"canonical\" href=\"https:\/\/www.pressenza.com\/es\/2024\/10\/quito-respuestas-no-violentas-en-medio-de-la-crisis\/\" \/>\n<meta property=\"og:locale\" content=\"es_ES\" \/>\n<meta property=\"og:type\" content=\"article\" \/>\n<meta property=\"og:title\" content=\"Quito: respuestas no violentas en medio de la crisis\" \/>\n<meta property=\"og:description\" content=\"En medio de la ca\u00f3tica situaci\u00f3n del pa\u00eds con la crisis energ\u00e9tica no resuelta, el Alcalde del Municipio Metropolitano de Quito anunci\u00f3 la superaci\u00f3n de\" \/>\n<meta property=\"og:url\" content=\"https:\/\/www.pressenza.com\/es\/2024\/10\/quito-respuestas-no-violentas-en-medio-de-la-crisis\/\" \/>\n<meta property=\"og:site_name\" content=\"Pressenza\" \/>\n<meta property=\"article:publisher\" content=\"https:\/\/www.facebook.com\/PressenzaItalia\" \/>\n<meta property=\"article:published_time\" content=\"2024-10-02T00:00:24+00:00\" \/>\n<meta property=\"article:modified_time\" content=\"2024-10-02T04:12:07+00:00\" \/>\n<meta property=\"og:image\" content=\"https:\/\/www.pressenza.com\/wp-content\/uploads\/2024\/10\/IMG_3203.jpg\" \/>\n\t<meta property=\"og:image:width\" content=\"1920\" \/>\n\t<meta property=\"og:image:height\" content=\"1440\" \/>\n\t<meta property=\"og:image:type\" content=\"image\/jpeg\" \/>\n<meta name=\"author\" content=\"Carlos Crespo Burgos\" \/>\n<meta name=\"twitter:card\" content=\"summary_large_image\" \/>\n<meta name=\"twitter:creator\" content=\"@PressenzaIPA\" \/>\n<meta name=\"twitter:site\" content=\"@PressenzaIPA\" \/>\n<meta name=\"twitter:label1\" content=\"Escrito por\" \/>\n\t<meta name=\"twitter:data1\" content=\"Carlos Crespo Burgos\" \/>\n\t<meta name=\"twitter:label2\" content=\"Tiempo de lectura\" \/>\n\t<meta name=\"twitter:data2\" content=\"2 minutos\" \/>\n<script type=\"application\/ld+json\" class=\"yoast-schema-graph\">{\"@context\":\"https:\/\/schema.org\",\"@graph\":[{\"@type\":\"Article\",\"@id\":\"https:\/\/www.pressenza.com\/es\/2024\/10\/quito-respuestas-no-violentas-en-medio-de-la-crisis\/#article\",\"isPartOf\":{\"@id\":\"https:\/\/www.pressenza.com\/es\/2024\/10\/quito-respuestas-no-violentas-en-medio-de-la-crisis\/\"},\"author\":{\"name\":\"Carlos Crespo Burgos\",\"@id\":\"https:\/\/www.pressenza.com\/es\/#\/schema\/person\/efcd5be879771258c0d4e36511081531\"},\"headline\":\"Quito: respuestas no violentas en medio de la crisis\",\"datePublished\":\"2024-10-02T00:00:24+00:00\",\"dateModified\":\"2024-10-02T04:12:07+00:00\",\"mainEntityOfPage\":{\"@id\":\"https:\/\/www.pressenza.com\/es\/2024\/10\/quito-respuestas-no-violentas-en-medio-de-la-crisis\/\"},\"wordCount\":338,\"publisher\":{\"@id\":\"https:\/\/www.pressenza.com\/es\/#organization\"},\"image\":{\"@id\":\"https:\/\/www.pressenza.com\/es\/2024\/10\/quito-respuestas-no-violentas-en-medio-de-la-crisis\/#primaryimage\"},\"thumbnailUrl\":\"https:\/\/www.pressenza.com\/wp-content\/uploads\/2024\/10\/IMG_3203.jpg\",\"keywords\":[\"Incendios en Quito\",\"Octubre No Violento\"],\"articleSection\":[\"Contenido Original\",\"Ecolog\u00eda y Medio Ambiente\",\"Noticia\",\"Noviolencia\",\"Sudam\u00e9rica\"],\"inLanguage\":\"es\"},{\"@type\":\"WebPage\",\"@id\":\"https:\/\/www.pressenza.com\/es\/2024\/10\/quito-respuestas-no-violentas-en-medio-de-la-crisis\/\",\"url\":\"https:\/\/www.pressenza.com\/es\/2024\/10\/quito-respuestas-no-violentas-en-medio-de-la-crisis\/\",\"name\":\"Quito: respuestas no violentas en medio de la crisis\",\"isPartOf\":{\"@id\":\"https:\/\/www.pressenza.com\/es\/#website\"},\"primaryImageOfPage\":{\"@id\":\"https:\/\/www.pressenza.com\/es\/2024\/10\/quito-respuestas-no-violentas-en-medio-de-la-crisis\/#primaryimage\"},\"image\":{\"@id\":\"https:\/\/www.pressenza.com\/es\/2024\/10\/quito-respuestas-no-violentas-en-medio-de-la-crisis\/#primaryimage\"},\"thumbnailUrl\":\"https:\/\/www.pressenza.com\/wp-content\/uploads\/2024\/10\/IMG_3203.jpg\",\"datePublished\":\"2024-10-02T00:00:24+00:00\",\"dateModified\":\"2024-10-02T04:12:07+00:00\",\"description\":\"En medio de la ca\u00f3tica situaci\u00f3n del pa\u00eds con la crisis energ\u00e9tica no resuelta, el Alcalde del Municipio Metropolitano de Quito anunci\u00f3 la superaci\u00f3n de\",\"breadcrumb\":{\"@id\":\"https:\/\/www.pressenza.com\/es\/2024\/10\/quito-respuestas-no-violentas-en-medio-de-la-crisis\/#breadcrumb\"},\"inLanguage\":\"es\",\"potentialAction\":[{\"@type\":\"ReadAction\",\"target\":[\"https:\/\/www.pressenza.com\/es\/2024\/10\/quito-respuestas-no-violentas-en-medio-de-la-crisis\/\"]}]},{\"@type\":\"ImageObject\",\"inLanguage\":\"es\",\"@id\":\"https:\/\/www.pressenza.com\/es\/2024\/10\/quito-respuestas-no-violentas-en-medio-de-la-crisis\/#primaryimage\",\"url\":\"https:\/\/www.pressenza.com\/wp-content\/uploads\/2024\/10\/IMG_3203.jpg\",\"contentUrl\":\"https:\/\/www.pressenza.com\/wp-content\/uploads\/2024\/10\/IMG_3203.jpg\",\"width\":1920,\"height\":1440,\"caption\":\"Incendios forestales en Quito afectaron muy de cerca a zonas de vivienda.\"},{\"@type\":\"BreadcrumbList\",\"@id\":\"https:\/\/www.pressenza.com\/es\/2024\/10\/quito-respuestas-no-violentas-en-medio-de-la-crisis\/#breadcrumb\",\"itemListElement\":[{\"@type\":\"ListItem\",\"position\":1,\"name\":\"Accueil\",\"item\":\"https:\/\/www.pressenza.com\/es\/\"},{\"@type\":\"ListItem\",\"position\":2,\"name\":\"Quito: respuestas no violentas en medio de la crisis\"}]},{\"@type\":\"WebSite\",\"@id\":\"https:\/\/www.pressenza.com\/es\/#website\",\"url\":\"https:\/\/www.pressenza.com\/es\/\",\"name\":\"Pressenza\",\"description\":\"International Press Agency\",\"publisher\":{\"@id\":\"https:\/\/www.pressenza.com\/es\/#organization\"},\"potentialAction\":[{\"@type\":\"SearchAction\",\"target\":{\"@type\":\"EntryPoint\",\"urlTemplate\":\"https:\/\/www.pressenza.com\/es\/?s={search_term_string}\"},\"query-input\":{\"@type\":\"PropertyValueSpecification\",\"valueRequired\":true,\"valueName\":\"search_term_string\"}}],\"inLanguage\":\"es\"},{\"@type\":\"Organization\",\"@id\":\"https:\/\/www.pressenza.com\/es\/#organization\",\"name\":\"Pressenza\",\"url\":\"https:\/\/www.pressenza.com\/es\/\",\"logo\":{\"@type\":\"ImageObject\",\"inLanguage\":\"es\",\"@id\":\"https:\/\/www.pressenza.com\/es\/#\/schema\/logo\/image\/\",\"url\":\"https:\/\/www.pressenza.com\/wp-content\/uploads\/2022\/10\/pressenza_logo_200x200.jpg\",\"contentUrl\":\"https:\/\/www.pressenza.com\/wp-content\/uploads\/2022\/10\/pressenza_logo_200x200.jpg\",\"width\":200,\"height\":200,\"caption\":\"Pressenza\"},\"image\":{\"@id\":\"https:\/\/www.pressenza.com\/es\/#\/schema\/logo\/image\/\"},\"sameAs\":[\"https:\/\/www.facebook.com\/PressenzaItalia\",\"https:\/\/x.com\/PressenzaIPA\"]},{\"@type\":\"Person\",\"@id\":\"https:\/\/www.pressenza.com\/es\/#\/schema\/person\/efcd5be879771258c0d4e36511081531\",\"name\":\"Carlos Crespo Burgos\",\"description\":\"Ecuatoriano. Doctor en Educaci\u00f3n. Animador de la Red Internacional de Educadores Humanistas. Investigador del Centro Mundial de Estudios Humanistas.\",\"url\":\"https:\/\/www.pressenza.com\/es\/author\/carlos-crespo-burgos\/\"}]}<\/script>\n<!-- \/ Yoast SEO plugin. -->","yoast_head_json":{"title":"Quito: respuestas no violentas en medio de la crisis","description":"En medio de la ca\u00f3tica situaci\u00f3n del pa\u00eds con la crisis energ\u00e9tica no resuelta, el Alcalde del Municipio Metropolitano de Quito anunci\u00f3 la superaci\u00f3n de","robots":{"index":"index","follow":"follow","max-snippet":"max-snippet:-1","max-image-preview":"max-image-preview:large","max-video-preview":"max-video-preview:-1"},"canonical":"https:\/\/www.pressenza.com\/es\/2024\/10\/quito-respuestas-no-violentas-en-medio-de-la-crisis\/","og_locale":"es_ES","og_type":"article","og_title":"Quito: respuestas no violentas en medio de la crisis","og_description":"En medio de la ca\u00f3tica situaci\u00f3n del pa\u00eds con la crisis energ\u00e9tica no resuelta, el Alcalde del Municipio Metropolitano de Quito anunci\u00f3 la superaci\u00f3n de","og_url":"https:\/\/www.pressenza.com\/es\/2024\/10\/quito-respuestas-no-violentas-en-medio-de-la-crisis\/","og_site_name":"Pressenza","article_publisher":"https:\/\/www.facebook.com\/PressenzaItalia","article_published_time":"2024-10-02T00:00:24+00:00","article_modified_time":"2024-10-02T04:12:07+00:00","og_image":[{"width":1920,"height":1440,"url":"https:\/\/www.pressenza.com\/wp-content\/uploads\/2024\/10\/IMG_3203.jpg","type":"image\/jpeg"}],"author":"Carlos Crespo Burgos","twitter_card":"summary_large_image","twitter_creator":"@PressenzaIPA","twitter_site":"@PressenzaIPA","twitter_misc":{"Escrito por":"Carlos Crespo Burgos","Tiempo de lectura":"2 minutos"},"schema":{"@context":"https:\/\/schema.org","@graph":[{"@type":"Article","@id":"https:\/\/www.pressenza.com\/es\/2024\/10\/quito-respuestas-no-violentas-en-medio-de-la-crisis\/#article","isPartOf":{"@id":"https:\/\/www.pressenza.com\/es\/2024\/10\/quito-respuestas-no-violentas-en-medio-de-la-crisis\/"},"author":{"name":"Carlos Crespo Burgos","@id":"https:\/\/www.pressenza.com\/es\/#\/schema\/person\/efcd5be879771258c0d4e36511081531"},"headline":"Quito: respuestas no violentas en medio de la crisis","datePublished":"2024-10-02T00:00:24+00:00","dateModified":"2024-10-02T04:12:07+00:00","mainEntityOfPage":{"@id":"https:\/\/www.pressenza.com\/es\/2024\/10\/quito-respuestas-no-violentas-en-medio-de-la-crisis\/"},"wordCount":338,"publisher":{"@id":"https:\/\/www.pressenza.com\/es\/#organization"},"image":{"@id":"https:\/\/www.pressenza.com\/es\/2024\/10\/quito-respuestas-no-violentas-en-medio-de-la-crisis\/#primaryimage"},"thumbnailUrl":"https:\/\/www.pressenza.com\/wp-content\/uploads\/2024\/10\/IMG_3203.jpg","keywords":["Incendios en Quito","Octubre No Violento"],"articleSection":["Contenido Original","Ecolog\u00eda y Medio Ambiente","Noticia","Noviolencia","Sudam\u00e9rica"],"inLanguage":"es"},{"@type":"WebPage","@id":"https:\/\/www.pressenza.com\/es\/2024\/10\/quito-respuestas-no-violentas-en-medio-de-la-crisis\/","url":"https:\/\/www.pressenza.com\/es\/2024\/10\/quito-respuestas-no-violentas-en-medio-de-la-crisis\/","name":"Quito: respuestas no violentas en medio de la crisis","isPartOf":{"@id":"https:\/\/www.pressenza.com\/es\/#website"},"primaryImageOfPage":{"@id":"https:\/\/www.pressenza.com\/es\/2024\/10\/quito-respuestas-no-violentas-en-medio-de-la-crisis\/#primaryimage"},"image":{"@id":"https:\/\/www.pressenza.com\/es\/2024\/10\/quito-respuestas-no-violentas-en-medio-de-la-crisis\/#primaryimage"},"thumbnailUrl":"https:\/\/www.pressenza.com\/wp-content\/uploads\/2024\/10\/IMG_3203.jpg","datePublished":"2024-10-02T00:00:24+00:00","dateModified":"2024-10-02T04:12:07+00:00","description":"En medio de la ca\u00f3tica situaci\u00f3n del pa\u00eds con la crisis energ\u00e9tica no resuelta, el Alcalde del Municipio Metropolitano de Quito anunci\u00f3 la superaci\u00f3n de","breadcrumb":{"@id":"https:\/\/www.pressenza.com\/es\/2024\/10\/quito-respuestas-no-violentas-en-medio-de-la-crisis\/#breadcrumb"},"inLanguage":"es","potentialAction":[{"@type":"ReadAction","target":["https:\/\/www.pressenza.com\/es\/2024\/10\/quito-respuestas-no-violentas-en-medio-de-la-crisis\/"]}]},{"@type":"ImageObject","inLanguage":"es","@id":"https:\/\/www.pressenza.com\/es\/2024\/10\/quito-respuestas-no-violentas-en-medio-de-la-crisis\/#primaryimage","url":"https:\/\/www.pressenza.com\/wp-content\/uploads\/2024\/10\/IMG_3203.jpg","contentUrl":"https:\/\/www.pressenza.com\/wp-content\/uploads\/2024\/10\/IMG_3203.jpg","width":1920,"height":1440,"caption":"Incendios forestales en Quito afectaron muy de cerca a zonas de vivienda."},{"@type":"BreadcrumbList","@id":"https:\/\/www.pressenza.com\/es\/2024\/10\/quito-respuestas-no-violentas-en-medio-de-la-crisis\/#breadcrumb","itemListElement":[{"@type":"ListItem","position":1,"name":"Accueil","item":"https:\/\/www.pressenza.com\/es\/"},{"@type":"ListItem","position":2,"name":"Quito: respuestas no violentas en medio de la crisis"}]},{"@type":"WebSite","@id":"https:\/\/www.pressenza.com\/es\/#website","url":"https:\/\/www.pressenza.com\/es\/","name":"Pressenza","description":"International Press Agency","publisher":{"@id":"https:\/\/www.pressenza.com\/es\/#organization"},"potentialAction":[{"@type":"SearchAction","target":{"@type":"EntryPoint","urlTemplate":"https:\/\/www.pressenza.com\/es\/?s={search_term_string}"},"query-input":{"@type":"PropertyValueSpecification","valueRequired":true,"valueName":"search_term_string"}}],"inLanguage":"es"},{"@type":"Organization","@id":"https:\/\/www.pressenza.com\/es\/#organization","name":"Pressenza","url":"https:\/\/www.pressenza.com\/es\/","logo":{"@type":"ImageObject","inLanguage":"es","@id":"https:\/\/www.pressenza.com\/es\/#\/schema\/logo\/image\/","url":"https:\/\/www.pressenza.com\/wp-content\/uploads\/2022\/10\/pressenza_logo_200x200.jpg","contentUrl":"https:\/\/www.pressenza.com\/wp-content\/uploads\/2022\/10\/pressenza_logo_200x200.jpg","width":200,"height":200,"caption":"Pressenza"},"image":{"@id":"https:\/\/www.pressenza.com\/es\/#\/schema\/logo\/image\/"},"sameAs":["https:\/\/www.facebook.com\/PressenzaItalia","https:\/\/x.com\/PressenzaIPA"]},{"@type":"Person","@id":"https:\/\/www.pressenza.com\/es\/#\/schema\/person\/efcd5be879771258c0d4e36511081531","name":"Carlos Crespo Burgos","description":"Ecuatoriano. Doctor en Educaci\u00f3n. Animador de la Red Internacional de Educadores Humanistas. Investigador del Centro Mundial de Estudios Humanistas.","url":"https:\/\/www.pressenza.com\/es\/author\/carlos-crespo-burgos\/"}]}},"place":"Quito, Ecuador","original_article_url":"","_links":{"self":[{"href":"https:\/\/www.pressenza.com\/es\/wp-json\/wp\/v2\/posts\/2551573","targetHints":{"allow":["GET"]}}],"collection":[{"href":"https:\/\/www.pressenza.com\/es\/wp-json\/wp\/v2\/posts"}],"about":[{"href":"https:\/\/www.pressenza.com\/es\/wp-json\/wp\/v2\/types\/post"}],"author":[{"embeddable":true,"href":"https:\/\/www.pressenza.com\/es\/wp-json\/wp\/v2\/users\/2234"}],"replies":[{"embeddable":true,"href":"https:\/\/www.pressenza.com\/es\/wp-json\/wp\/v2\/comments?post=2551573"}],"version-history":[{"count":0,"href":"https:\/\/www.pressenza.com\/es\/wp-json\/wp\/v2\/posts\/2551573\/revisions"}],"wp:featuredmedia":[{"embeddable":true,"href":"https:\/\/www.pressenza.com\/es\/wp-json\/wp\/v2\/media\/2551602"}],"wp:attachment":[{"href":"https:\/\/www.pressenza.com\/es\/wp-json\/wp\/v2\/media?parent=2551573"}],"wp:term":[{"taxonomy":"category","embeddable":true,"href":"https:\/\/www.pressenza.com\/es\/wp-json\/wp\/v2\/categories?post=2551573"},{"taxonomy":"post_tag","embeddable":true,"href":"https:\/\/www.pressenza.com\/es\/wp-json\/wp\/v2\/tags?post=2551573"}],"curies":[{"name":"wp","href":"https:\/\/api.w.org\/{rel}","templated":true}]}}