{"id":2550387,"date":"2024-09-28T03:24:35","date_gmt":"2024-09-28T02:24:35","guid":{"rendered":"https:\/\/www.pressenza.com\/?p=2550387"},"modified":"2024-09-28T03:24:35","modified_gmt":"2024-09-28T02:24:35","slug":"peru-en-manos-del-crimen-organizado","status":"publish","type":"post","link":"https:\/\/www.pressenza.com\/es\/2024\/09\/peru-en-manos-del-crimen-organizado\/","title":{"rendered":"Per\u00fa, en manos del crimen organizado"},"content":{"rendered":"<p>El crimen organizado gobierna en paralelo y est\u00e1 ganando la batalla al Estado peruano y destruyendo al pa\u00eds, afirma un pronunciamiento difundido el viernes 27 de setiembre por diversos gremios empresariales.<\/p>\n<p>Micro, peque\u00f1os, medianos y grandes empresarios exigen al Congreso y el Poder Ejecutivo tomar decisiones firmes \u201cfrente a la inseguridad que hoy gobierna en la sombra el Per\u00fa\u201d.<\/p>\n<p>Observan que las autoridades no muestran una estrategia efectiva para combatir la inseguridad \u201cque afecta nuestra calidad de vida y la posibilidad de trabajar con tranquilidad\u201d.<\/p>\n<p>\u201cNinguna de nuestras actividades, sin importar el tama\u00f1o o sector, (&#8230;) est\u00e1 a salvo de las extorsiones. Vivimos bajo el asedio de una criminalidad organizada que ha tomado el control del pa\u00eds ante la ausencia alarmante del Estado\u201d prosigue el comunicado.<\/p>\n<div class=\"media_embed\">\n<div class=\"twitter-tweet twitter-tweet-rendered\"><iframe id=\"twitter-widget-1\" class=\"\" title=\"X Post\" src=\"https:\/\/platform.twitter.com\/embed\/Tweet.html?dnt=true&amp;embedId=twitter-widget-1&amp;features=eyJ0ZndfdGltZWxpbmVfbGlzdCI6eyJidWNrZXQiOltdLCJ2ZXJzaW9uIjpudWxsfSwidGZ3X2ZvbGxvd2VyX2NvdW50X3N1bnNldCI6eyJidWNrZXQiOnRydWUsInZlcnNpb24iOm51bGx9LCJ0ZndfdHdlZXRfZWRpdF9iYWNrZW5kIjp7ImJ1Y2tldCI6Im9uIiwidmVyc2lvbiI6bnVsbH0sInRmd19yZWZzcmNfc2Vzc2lvbiI6eyJidWNrZXQiOiJvbiIsInZlcnNpb24iOm51bGx9LCJ0ZndfZm9zbnJfc29mdF9pbnRlcnZlbnRpb25zX2VuYWJsZWQiOnsiYnVja2V0Ijoib24iLCJ2ZXJzaW9uIjpudWxsfSwidGZ3X21peGVkX21lZGlhXzE1ODk3Ijp7ImJ1Y2tldCI6InRyZWF0bWVudCIsInZlcnNpb24iOm51bGx9LCJ0ZndfZXhwZXJpbWVudHNfY29va2llX2V4cGlyYXRpb24iOnsiYnVja2V0IjoxMjA5NjAwLCJ2ZXJzaW9uIjpudWxsfSwidGZ3X3Nob3dfYmlyZHdhdGNoX3Bpdm90c19lbmFibGVkIjp7ImJ1Y2tldCI6Im9uIiwidmVyc2lvbiI6bnVsbH0sInRmd19kdXBsaWNhdGVfc2NyaWJlc190b19zZXR0aW5ncyI6eyJidWNrZXQiOiJvbiIsInZlcnNpb24iOm51bGx9LCJ0ZndfdXNlX3Byb2ZpbGVfaW1hZ2Vfc2hhcGVfZW5hYmxlZCI6eyJidWNrZXQiOiJvbiIsInZlcnNpb24iOm51bGx9LCJ0ZndfdmlkZW9faGxzX2R5bmFtaWNfbWFuaWZlc3RzXzE1MDgyIjp7ImJ1Y2tldCI6InRydWVfYml0cmF0ZSIsInZlcnNpb24iOm51bGx9LCJ0ZndfbGVnYWN5X3RpbWVsaW5lX3N1bnNldCI6eyJidWNrZXQiOnRydWUsInZlcnNpb24iOm51bGx9LCJ0ZndfdHdlZXRfZWRpdF9mcm9udGVuZCI6eyJidWNrZXQiOiJvbiIsInZlcnNpb24iOm51bGx9fQ%3D%3D&amp;frame=false&amp;hideCard=false&amp;hideThread=false&amp;id=1839715558083756539&amp;lang=es&amp;origin=https%3A%2F%2Fwww.servindi.org%2Factualidad-noticias%2F27%2F09%2F2024%2Fempresarios-peru-en-manos-del-crimen-organizado&amp;sessionId=bc145c9ed47042e888390d2b9665043e58cd96a0&amp;theme=light&amp;widgetsVersion=2615f7e52b7e0%3A1702314776716&amp;width=550px\" frameborder=\"0\" scrolling=\"no\" allowfullscreen=\"allowfullscreen\" data-tweet-id=\"1839715558083756539\" data-mce-fragment=\"1\"><\/iframe><\/div>\n<\/div>\n<h3><strong>Deslinde con las econom\u00edas ilegales<\/strong><\/h3>\n<p>A ello se suma el avance de econom\u00edas ilegales, como la miner\u00eda ilegal, que ha infiltrado el poder pol\u00edtico con dinero manchado de sangre.<\/p>\n<p>Los empresarios proponen que se apruebe el proyecto de ley que tipifica los delitos de extorsi\u00f3n, sicariato y porte de armas de guerra como terrorismo urbano.<\/p>\n<p>Asimismo, derogar la \u00faltima modificaci\u00f3n al C\u00f3digo Penal que relaj\u00f3 la persecuci\u00f3n del delito de crimen organizado.<\/p>\n<p>\u201cSin decisi\u00f3n pol\u00edtica ni firmeza, los peruanos seguiremos muriendo, los negocios cerrando, y habremos dejado al Per{\u00fa en manos del crimen organizado \u00a1Que no nos ganen la batalla!\u201d culmina el pronunciamiento.<\/p>\n<p><img decoding=\"async\" src=\"https:\/\/www.servindi.org\/sites\/default\/files\/editor_2023\/empresarios_270924_1.png\" alt=\"\" \/><\/p>\n<p>&nbsp;<\/p>\n","protected":false},"excerpt":{"rendered":"<p>El crimen organizado gobierna en paralelo y est\u00e1 ganando la batalla al Estado peruano y destruyendo al pa\u00eds, afirma un pronunciamiento difundido el viernes 27 de setiembre por diversos gremios empresariales. Micro, peque\u00f1os, medianos y grandes empresarios exigen al Congreso&hellip;<\/p>\n","protected":false},"author":1256,"featured_media":2550399,"comment_status":"closed","ping_status":"closed","sticky":false,"template":"","format":"standard","meta":{"footnotes":""},"categories":[79,106739,1243,74,67],"tags":[53268,127150,127151],"class_list":["post-2550387","post","type-post","status-publish","format-standard","has-post-thumbnail","hentry","category-derechos-humanos","category-noticia","category-paz-desarme","category-politica-es","category-sudamerica","tag-crimen-organizado","tag-sicariato","tag-terrorismo-urbano"],"yoast_head":"<!-- This site is optimized with the Yoast SEO plugin v27.1.1 - https:\/\/yoast.com\/product\/yoast-seo-wordpress\/ -->\n<title>Per\u00fa, en manos del crimen organizado<\/title>\n<meta name=\"description\" content=\"El crimen organizado gobierna en paralelo y est\u00e1 ganando la batalla al Estado peruano y destruyendo al pa\u00eds, afirma un pronunciamiento difundido el\" \/>\n<meta name=\"robots\" content=\"index, follow, max-snippet:-1, max-image-preview:large, max-video-preview:-1\" \/>\n<link rel=\"canonical\" href=\"https:\/\/www.pressenza.com\/es\/2024\/09\/peru-en-manos-del-crimen-organizado\/\" \/>\n<meta property=\"og:locale\" content=\"es_ES\" \/>\n<meta property=\"og:type\" content=\"article\" \/>\n<meta property=\"og:title\" content=\"Per\u00fa, en manos del crimen organizado\" \/>\n<meta property=\"og:description\" content=\"El crimen organizado gobierna en paralelo y est\u00e1 ganando la batalla al Estado peruano y destruyendo al pa\u00eds, afirma un pronunciamiento difundido el\" \/>\n<meta property=\"og:url\" content=\"https:\/\/www.pressenza.com\/es\/2024\/09\/peru-en-manos-del-crimen-organizado\/\" \/>\n<meta property=\"og:site_name\" content=\"Pressenza\" \/>\n<meta property=\"article:publisher\" content=\"https:\/\/www.facebook.com\/PressenzaItalia\" \/>\n<meta property=\"article:author\" content=\"https:\/\/www.facebook.com\/servindinoticias\/?fref=ts\" \/>\n<meta property=\"article:published_time\" content=\"2024-09-28T02:24:35+00:00\" \/>\n<meta property=\"og:image\" content=\"https:\/\/www.pressenza.com\/wp-content\/uploads\/2024\/09\/no_extorsiones-servindi.png\" \/>\n\t<meta property=\"og:image:width\" content=\"700\" \/>\n\t<meta property=\"og:image:height\" content=\"420\" \/>\n\t<meta property=\"og:image:type\" content=\"image\/png\" \/>\n<meta name=\"author\" content=\"SERVINDI\" \/>\n<meta name=\"twitter:card\" content=\"summary_large_image\" \/>\n<meta name=\"twitter:creator\" content=\"@servindi\" \/>\n<meta name=\"twitter:site\" content=\"@PressenzaIPA\" \/>\n<meta name=\"twitter:label1\" content=\"Escrito por\" \/>\n\t<meta name=\"twitter:data1\" content=\"SERVINDI\" \/>\n\t<meta name=\"twitter:label2\" content=\"Tiempo de lectura\" \/>\n\t<meta name=\"twitter:data2\" content=\"2 minutos\" \/>\n<script type=\"application\/ld+json\" class=\"yoast-schema-graph\">{\"@context\":\"https:\/\/schema.org\",\"@graph\":[{\"@type\":\"Article\",\"@id\":\"https:\/\/www.pressenza.com\/es\/2024\/09\/peru-en-manos-del-crimen-organizado\/#article\",\"isPartOf\":{\"@id\":\"https:\/\/www.pressenza.com\/es\/2024\/09\/peru-en-manos-del-crimen-organizado\/\"},\"author\":{\"name\":\"SERVINDI\",\"@id\":\"https:\/\/www.pressenza.com\/es\/#\/schema\/person\/6f7bffaf2962fc89e55e93589c50d908\"},\"headline\":\"Per\u00fa, en manos del crimen organizado\",\"datePublished\":\"2024-09-28T02:24:35+00:00\",\"mainEntityOfPage\":{\"@id\":\"https:\/\/www.pressenza.com\/es\/2024\/09\/peru-en-manos-del-crimen-organizado\/\"},\"wordCount\":248,\"publisher\":{\"@id\":\"https:\/\/www.pressenza.com\/es\/#organization\"},\"image\":{\"@id\":\"https:\/\/www.pressenza.com\/es\/2024\/09\/peru-en-manos-del-crimen-organizado\/#primaryimage\"},\"thumbnailUrl\":\"https:\/\/www.pressenza.com\/wp-content\/uploads\/2024\/09\/no_extorsiones-servindi.png\",\"keywords\":[\"crimen organizado\",\"sicariato\",\"terrorismo urbano\"],\"articleSection\":[\"Derechos Humanos\",\"Noticia\",\"Paz y Desarme\",\"Pol\u00edtica\",\"Sudam\u00e9rica\"],\"inLanguage\":\"es\"},{\"@type\":\"WebPage\",\"@id\":\"https:\/\/www.pressenza.com\/es\/2024\/09\/peru-en-manos-del-crimen-organizado\/\",\"url\":\"https:\/\/www.pressenza.com\/es\/2024\/09\/peru-en-manos-del-crimen-organizado\/\",\"name\":\"Per\u00fa, en manos del crimen organizado\",\"isPartOf\":{\"@id\":\"https:\/\/www.pressenza.com\/es\/#website\"},\"primaryImageOfPage\":{\"@id\":\"https:\/\/www.pressenza.com\/es\/2024\/09\/peru-en-manos-del-crimen-organizado\/#primaryimage\"},\"image\":{\"@id\":\"https:\/\/www.pressenza.com\/es\/2024\/09\/peru-en-manos-del-crimen-organizado\/#primaryimage\"},\"thumbnailUrl\":\"https:\/\/www.pressenza.com\/wp-content\/uploads\/2024\/09\/no_extorsiones-servindi.png\",\"datePublished\":\"2024-09-28T02:24:35+00:00\",\"description\":\"El crimen organizado gobierna en paralelo y est\u00e1 ganando la batalla al Estado peruano y destruyendo al pa\u00eds, afirma un pronunciamiento difundido el\",\"breadcrumb\":{\"@id\":\"https:\/\/www.pressenza.com\/es\/2024\/09\/peru-en-manos-del-crimen-organizado\/#breadcrumb\"},\"inLanguage\":\"es\",\"potentialAction\":[{\"@type\":\"ReadAction\",\"target\":[\"https:\/\/www.pressenza.com\/es\/2024\/09\/peru-en-manos-del-crimen-organizado\/\"]}]},{\"@type\":\"ImageObject\",\"inLanguage\":\"es\",\"@id\":\"https:\/\/www.pressenza.com\/es\/2024\/09\/peru-en-manos-del-crimen-organizado\/#primaryimage\",\"url\":\"https:\/\/www.pressenza.com\/wp-content\/uploads\/2024\/09\/no_extorsiones-servindi.png\",\"contentUrl\":\"https:\/\/www.pressenza.com\/wp-content\/uploads\/2024\/09\/no_extorsiones-servindi.png\",\"width\":700,\"height\":420},{\"@type\":\"BreadcrumbList\",\"@id\":\"https:\/\/www.pressenza.com\/es\/2024\/09\/peru-en-manos-del-crimen-organizado\/#breadcrumb\",\"itemListElement\":[{\"@type\":\"ListItem\",\"position\":1,\"name\":\"Accueil\",\"item\":\"https:\/\/www.pressenza.com\/es\/\"},{\"@type\":\"ListItem\",\"position\":2,\"name\":\"Per\u00fa, en manos del crimen organizado\"}]},{\"@type\":\"WebSite\",\"@id\":\"https:\/\/www.pressenza.com\/es\/#website\",\"url\":\"https:\/\/www.pressenza.com\/es\/\",\"name\":\"Pressenza\",\"description\":\"International Press Agency\",\"publisher\":{\"@id\":\"https:\/\/www.pressenza.com\/es\/#organization\"},\"potentialAction\":[{\"@type\":\"SearchAction\",\"target\":{\"@type\":\"EntryPoint\",\"urlTemplate\":\"https:\/\/www.pressenza.com\/es\/?s={search_term_string}\"},\"query-input\":{\"@type\":\"PropertyValueSpecification\",\"valueRequired\":true,\"valueName\":\"search_term_string\"}}],\"inLanguage\":\"es\"},{\"@type\":\"Organization\",\"@id\":\"https:\/\/www.pressenza.com\/es\/#organization\",\"name\":\"Pressenza\",\"url\":\"https:\/\/www.pressenza.com\/es\/\",\"logo\":{\"@type\":\"ImageObject\",\"inLanguage\":\"es\",\"@id\":\"https:\/\/www.pressenza.com\/es\/#\/schema\/logo\/image\/\",\"url\":\"https:\/\/www.pressenza.com\/wp-content\/uploads\/2022\/10\/pressenza_logo_200x200.jpg\",\"contentUrl\":\"https:\/\/www.pressenza.com\/wp-content\/uploads\/2022\/10\/pressenza_logo_200x200.jpg\",\"width\":200,\"height\":200,\"caption\":\"Pressenza\"},\"image\":{\"@id\":\"https:\/\/www.pressenza.com\/es\/#\/schema\/logo\/image\/\"},\"sameAs\":[\"https:\/\/www.facebook.com\/PressenzaItalia\",\"https:\/\/x.com\/PressenzaIPA\"]},{\"@type\":\"Person\",\"@id\":\"https:\/\/www.pressenza.com\/es\/#\/schema\/person\/6f7bffaf2962fc89e55e93589c50d908\",\"name\":\"SERVINDI\",\"description\":\"Conscientes de nuestro rol de apoyo y acompa\u00f1amiento operamos como una agencia de noticias y elaboramos notas informativas, informes especiales, entrevistas y producciones de audio y v\u00eddeo, relacionadas al acontecer ind\u00edgena y ambiental nacional y mundial. www.servindi.org\",\"sameAs\":[\"https:\/\/www.facebook.com\/servindinoticias\/?fref=ts\",\"https:\/\/x.com\/servindi\"],\"url\":\"https:\/\/www.pressenza.com\/es\/author\/servindi\/\"}]}<\/script>\n<!-- \/ Yoast SEO plugin. -->","yoast_head_json":{"title":"Per\u00fa, en manos del crimen organizado","description":"El crimen organizado gobierna en paralelo y est\u00e1 ganando la batalla al Estado peruano y destruyendo al pa\u00eds, afirma un pronunciamiento difundido el","robots":{"index":"index","follow":"follow","max-snippet":"max-snippet:-1","max-image-preview":"max-image-preview:large","max-video-preview":"max-video-preview:-1"},"canonical":"https:\/\/www.pressenza.com\/es\/2024\/09\/peru-en-manos-del-crimen-organizado\/","og_locale":"es_ES","og_type":"article","og_title":"Per\u00fa, en manos del crimen organizado","og_description":"El crimen organizado gobierna en paralelo y est\u00e1 ganando la batalla al Estado peruano y destruyendo al pa\u00eds, afirma un pronunciamiento difundido el","og_url":"https:\/\/www.pressenza.com\/es\/2024\/09\/peru-en-manos-del-crimen-organizado\/","og_site_name":"Pressenza","article_publisher":"https:\/\/www.facebook.com\/PressenzaItalia","article_author":"https:\/\/www.facebook.com\/servindinoticias\/?fref=ts","article_published_time":"2024-09-28T02:24:35+00:00","og_image":[{"width":700,"height":420,"url":"https:\/\/www.pressenza.com\/wp-content\/uploads\/2024\/09\/no_extorsiones-servindi.png","type":"image\/png"}],"author":"SERVINDI","twitter_card":"summary_large_image","twitter_creator":"@servindi","twitter_site":"@PressenzaIPA","twitter_misc":{"Escrito por":"SERVINDI","Tiempo de lectura":"2 minutos"},"schema":{"@context":"https:\/\/schema.org","@graph":[{"@type":"Article","@id":"https:\/\/www.pressenza.com\/es\/2024\/09\/peru-en-manos-del-crimen-organizado\/#article","isPartOf":{"@id":"https:\/\/www.pressenza.com\/es\/2024\/09\/peru-en-manos-del-crimen-organizado\/"},"author":{"name":"SERVINDI","@id":"https:\/\/www.pressenza.com\/es\/#\/schema\/person\/6f7bffaf2962fc89e55e93589c50d908"},"headline":"Per\u00fa, en manos del crimen organizado","datePublished":"2024-09-28T02:24:35+00:00","mainEntityOfPage":{"@id":"https:\/\/www.pressenza.com\/es\/2024\/09\/peru-en-manos-del-crimen-organizado\/"},"wordCount":248,"publisher":{"@id":"https:\/\/www.pressenza.com\/es\/#organization"},"image":{"@id":"https:\/\/www.pressenza.com\/es\/2024\/09\/peru-en-manos-del-crimen-organizado\/#primaryimage"},"thumbnailUrl":"https:\/\/www.pressenza.com\/wp-content\/uploads\/2024\/09\/no_extorsiones-servindi.png","keywords":["crimen organizado","sicariato","terrorismo urbano"],"articleSection":["Derechos Humanos","Noticia","Paz y Desarme","Pol\u00edtica","Sudam\u00e9rica"],"inLanguage":"es"},{"@type":"WebPage","@id":"https:\/\/www.pressenza.com\/es\/2024\/09\/peru-en-manos-del-crimen-organizado\/","url":"https:\/\/www.pressenza.com\/es\/2024\/09\/peru-en-manos-del-crimen-organizado\/","name":"Per\u00fa, en manos del crimen organizado","isPartOf":{"@id":"https:\/\/www.pressenza.com\/es\/#website"},"primaryImageOfPage":{"@id":"https:\/\/www.pressenza.com\/es\/2024\/09\/peru-en-manos-del-crimen-organizado\/#primaryimage"},"image":{"@id":"https:\/\/www.pressenza.com\/es\/2024\/09\/peru-en-manos-del-crimen-organizado\/#primaryimage"},"thumbnailUrl":"https:\/\/www.pressenza.com\/wp-content\/uploads\/2024\/09\/no_extorsiones-servindi.png","datePublished":"2024-09-28T02:24:35+00:00","description":"El crimen organizado gobierna en paralelo y est\u00e1 ganando la batalla al Estado peruano y destruyendo al pa\u00eds, afirma un pronunciamiento difundido el","breadcrumb":{"@id":"https:\/\/www.pressenza.com\/es\/2024\/09\/peru-en-manos-del-crimen-organizado\/#breadcrumb"},"inLanguage":"es","potentialAction":[{"@type":"ReadAction","target":["https:\/\/www.pressenza.com\/es\/2024\/09\/peru-en-manos-del-crimen-organizado\/"]}]},{"@type":"ImageObject","inLanguage":"es","@id":"https:\/\/www.pressenza.com\/es\/2024\/09\/peru-en-manos-del-crimen-organizado\/#primaryimage","url":"https:\/\/www.pressenza.com\/wp-content\/uploads\/2024\/09\/no_extorsiones-servindi.png","contentUrl":"https:\/\/www.pressenza.com\/wp-content\/uploads\/2024\/09\/no_extorsiones-servindi.png","width":700,"height":420},{"@type":"BreadcrumbList","@id":"https:\/\/www.pressenza.com\/es\/2024\/09\/peru-en-manos-del-crimen-organizado\/#breadcrumb","itemListElement":[{"@type":"ListItem","position":1,"name":"Accueil","item":"https:\/\/www.pressenza.com\/es\/"},{"@type":"ListItem","position":2,"name":"Per\u00fa, en manos del crimen organizado"}]},{"@type":"WebSite","@id":"https:\/\/www.pressenza.com\/es\/#website","url":"https:\/\/www.pressenza.com\/es\/","name":"Pressenza","description":"International Press Agency","publisher":{"@id":"https:\/\/www.pressenza.com\/es\/#organization"},"potentialAction":[{"@type":"SearchAction","target":{"@type":"EntryPoint","urlTemplate":"https:\/\/www.pressenza.com\/es\/?s={search_term_string}"},"query-input":{"@type":"PropertyValueSpecification","valueRequired":true,"valueName":"search_term_string"}}],"inLanguage":"es"},{"@type":"Organization","@id":"https:\/\/www.pressenza.com\/es\/#organization","name":"Pressenza","url":"https:\/\/www.pressenza.com\/es\/","logo":{"@type":"ImageObject","inLanguage":"es","@id":"https:\/\/www.pressenza.com\/es\/#\/schema\/logo\/image\/","url":"https:\/\/www.pressenza.com\/wp-content\/uploads\/2022\/10\/pressenza_logo_200x200.jpg","contentUrl":"https:\/\/www.pressenza.com\/wp-content\/uploads\/2022\/10\/pressenza_logo_200x200.jpg","width":200,"height":200,"caption":"Pressenza"},"image":{"@id":"https:\/\/www.pressenza.com\/es\/#\/schema\/logo\/image\/"},"sameAs":["https:\/\/www.facebook.com\/PressenzaItalia","https:\/\/x.com\/PressenzaIPA"]},{"@type":"Person","@id":"https:\/\/www.pressenza.com\/es\/#\/schema\/person\/6f7bffaf2962fc89e55e93589c50d908","name":"SERVINDI","description":"Conscientes de nuestro rol de apoyo y acompa\u00f1amiento operamos como una agencia de noticias y elaboramos notas informativas, informes especiales, entrevistas y producciones de audio y v\u00eddeo, relacionadas al acontecer ind\u00edgena y ambiental nacional y mundial. www.servindi.org","sameAs":["https:\/\/www.facebook.com\/servindinoticias\/?fref=ts","https:\/\/x.com\/servindi"],"url":"https:\/\/www.pressenza.com\/es\/author\/servindi\/"}]}},"place":"","original_article_url":"","_links":{"self":[{"href":"https:\/\/www.pressenza.com\/es\/wp-json\/wp\/v2\/posts\/2550387","targetHints":{"allow":["GET"]}}],"collection":[{"href":"https:\/\/www.pressenza.com\/es\/wp-json\/wp\/v2\/posts"}],"about":[{"href":"https:\/\/www.pressenza.com\/es\/wp-json\/wp\/v2\/types\/post"}],"author":[{"embeddable":true,"href":"https:\/\/www.pressenza.com\/es\/wp-json\/wp\/v2\/users\/1256"}],"replies":[{"embeddable":true,"href":"https:\/\/www.pressenza.com\/es\/wp-json\/wp\/v2\/comments?post=2550387"}],"version-history":[{"count":0,"href":"https:\/\/www.pressenza.com\/es\/wp-json\/wp\/v2\/posts\/2550387\/revisions"}],"wp:featuredmedia":[{"embeddable":true,"href":"https:\/\/www.pressenza.com\/es\/wp-json\/wp\/v2\/media\/2550399"}],"wp:attachment":[{"href":"https:\/\/www.pressenza.com\/es\/wp-json\/wp\/v2\/media?parent=2550387"}],"wp:term":[{"taxonomy":"category","embeddable":true,"href":"https:\/\/www.pressenza.com\/es\/wp-json\/wp\/v2\/categories?post=2550387"},{"taxonomy":"post_tag","embeddable":true,"href":"https:\/\/www.pressenza.com\/es\/wp-json\/wp\/v2\/tags?post=2550387"}],"curies":[{"name":"wp","href":"https:\/\/api.w.org\/{rel}","templated":true}]}}