{"id":2550122,"date":"2024-09-27T01:39:37","date_gmt":"2024-09-27T00:39:37","guid":{"rendered":"https:\/\/www.pressenza.com\/?p=2550122"},"modified":"2024-09-27T01:39:37","modified_gmt":"2024-09-27T00:39:37","slug":"filac-insta-a-que-se-amplien-los-espacios-para-la-participacion-de-los-pueblos-indigenas-en-los-debates-globales","status":"publish","type":"post","link":"https:\/\/www.pressenza.com\/es\/2024\/09\/filac-insta-a-que-se-amplien-los-espacios-para-la-participacion-de-los-pueblos-indigenas-en-los-debates-globales\/","title":{"rendered":"FILAC insta a que se ampl\u00eden los espacios para la participaci\u00f3n de los Pueblos Ind\u00edgenas en los debates globales"},"content":{"rendered":"<p><strong>NUEVA YORK, Sep 26 (FILAC)<\/strong>\u00a0\u2013 El Fondo para el Desarrollo de los Pueblos Ind\u00edgenas de Am\u00e9rica Latina y el Caribe (FILAC) inst\u00f3 a los Estados a que ampl\u00eden significativamente los espacios de participaci\u00f3n de los Pueblos Ind\u00edgenas en todas las esferas globales.<\/p>\n<p>Durante el evento paralelo titulado \u00abAmpliando la voz de los Pueblos Ind\u00edgenas en la agenda global para fortalecer las democracias interculturales\u00bb, llevado a cabo en el contexto del 79\u00b0 Periodo de Sesiones de la Asamblea General de las Naciones Unidas, se enfatiz\u00f3 la importancia de incluir las voces de los Pueblos Ind\u00edgenas en todas las decisiones que afectan sus derechos.<\/p>\n<p>En este espacio, se discutieron los mecanismos que los Estados pueden implementar para asegurar la participaci\u00f3n de los Pueblos Ind\u00edgenas en los procesos de toma de decisiones en foros internacionales y multilaterales. Para FILAC es esencial que sus voces sean consideradas para llegar a acuerdos y pol\u00edticas pertinentes desde una perspectiva inclusiva e intercultural.<\/p>\n<p>El mundo se encuentra ante desaf\u00edos sin precedentes, como la crisis clim\u00e1tica, la r\u00e1pida p\u00e9rdida de biodiversidad y las profundas desigualdades globales. A pesar de estas adversidades, los Pueblos Ind\u00edgenas presentan un camino fundamental hacia la sostenibilidad a trav\u00e9s de sus conocimientos ancestrales, su estrecho v\u00ednculo con la naturaleza y su compromiso inquebrantable con la protecci\u00f3n de la Madre Tierra.<\/p>\n<p>De acuerdo con la Comisi\u00f3n Econ\u00f3mica para Am\u00e9rica Latina y el Caribe \u2013 CEPAL, Abya Yala tiene una poblaci\u00f3n de 660,269,100, de estos, 58,180,000 pertenecen a Pueblos Ind\u00edgenas, representando el 9.8% de la poblaci\u00f3n total de la regi\u00f3n.<\/p>\n<p>A pesar de los avances regulatorios, es importante reconocer que los Pueblos Ind\u00edgenas siguen enfrentando importantes barreras en los foros multilaterales. La realidad es que su participaci\u00f3n plena a\u00fan es limitada debido a diversos obst\u00e1culos, incluyendo el acceso restringido a informaci\u00f3n, las restricciones impuestas por ciertos pa\u00edses, la falta de recursos, las barreras idiom\u00e1ticas y otros procedimientos que conducen a su exclusi\u00f3n.<\/p>\n<p>En Abya Yala cohabitan 826 Pueblos Ind\u00edgenas. De acuerdo con la ONU, se hablan 420 lenguas ind\u00edgenas, de estas el 40% se encuentra en peligro de extinci\u00f3n.<\/p>\n<p>Estas barreras no solo obstaculizan su capacidad para influir en la pol\u00edtica global, sino que tambi\u00e9n privan al mundo de las soluciones que su conocimiento y experiencia podr\u00edan aportar a los desaf\u00edos que enfrentamos. Es imperativo superar estas dificultades y asegurar una participaci\u00f3n efectiva de los pueblos ind\u00edgenas en el escenario internacional para lograr un futuro m\u00e1s justo y sostenible para todos.<\/p>\n<p>\u201cEstamos aqu\u00ed para explorar c\u00f3mo podemos ampliar la participaci\u00f3n de los Pueblos Ind\u00edgenas en la agenda multilateral para fortalecer las democracias interculturales y fortalecer su voz en la toma de decisiones global, no s\u00f3lo como actores observadores, sino como socios y aliados esenciales en la construcci\u00f3n de pol\u00edticas p\u00fablicas relevantes\u201d, expreso S\u00f4nia Guajajara, presidenta de FILAC y ministra de Pueblos Ind\u00edgenas de Brasil.<\/p>\n<p>&nbsp;<\/p>\n<p><strong>Guardianes de la biodiversidad\u00a0<\/strong><\/p>\n<p>Es reconocido por organismos como el Consejo Econ\u00f3mico y Social (ECOSOC) de las Naciones Unidas, as\u00ed como por agencias como la Organizaci\u00f3n de las Naciones Unidas para la Alimentaci\u00f3n y la Agricultura (FAO) y organizaciones financieras internacionales como el Banco Mundial, que los Pueblos Ind\u00edgenas representan solamente el 5% de la poblaci\u00f3n mundial, protegen el 80% de la biodiversidad biol\u00f3gica del planeta en sus territorios.<\/p>\n<p>\u201cEst\u00e1 claro que nuestros conocimientos y pr\u00e1cticas ancestrales ofrecen enfoques innovadores para la conservaci\u00f3n, restauraci\u00f3n y uso sostenible de la biodiversidad y la lucha contra el cambio clim\u00e1tico. Sin embargo, a pesar de estos aportes, nuestra voz es tomada en cuenta en los procesos internacionales. Si realmente queremos abordar la crisis ambiental y clim\u00e1tica, debemos asegurarnos de que los pueblos ind\u00edgenas sean una parte integral de la soluci\u00f3n\u201d, expreso Guajajara.<\/p>\n<p>FILAC trabaja para expandir los espacios de participaci\u00f3n de los Pueblos Ind\u00edgenas en los debates a nivel global, garantizando la incorporaci\u00f3n de sus valiosas contribuciones en la adopci\u00f3n de acuerdos internacionales. Adem\u00e1s, impulsamos el fortalecimiento de las capacidades de los representantes ind\u00edgenas para que puedan ejercer una influencia efectiva en la creaci\u00f3n de pol\u00edticas p\u00fablicas inclusivas y espec\u00edficas.<\/p>\n<p>\u201cNo se puede seguir negociando el cambio clim\u00e1tico sin nuestra participaci\u00f3n, nuestra participaci\u00f3n marginal. La madre tierra est\u00e1 dando todas las se\u00f1ales, se est\u00e1 destruyendo y los Pueblos Indignas tenemos conocimiento que puede ayudar a detener o contribuir a detener esa cat\u00e1strofe\u201d, se\u00f1al\u00f3 Myrna Cunningham, vicepresidenta de FILAC.<\/p>\n<p>&nbsp;<\/p>\n<p><strong>Mayor participaci\u00f3n de los Pueblos Ind\u00edgenas en la COP30<\/strong><\/p>\n<p>El Brasil fue designado como la sede de la 30\u00aa Conferencia de las Partes (COP 30) de la Convenci\u00f3n Marco de las Naciones Unidas sobre el Cambio Clim\u00e1tico (CMNUCC), la cual tendr\u00e1 lugar del 10 al 21 de noviembre de 2025.<\/p>\n<p>\u201cEn la COP del Clima hay una Plataforma de Pueblos Ind\u00edgenas y comunidades locales, pero hemos notado que las negociaciones formales tienen poca incorporaci\u00f3n del conocimiento ind\u00edgena. Estamos trabajando para mejorar esto y buscar acreditaci\u00f3n espec\u00edfica para los pueblos ind\u00edgenas en las COP. Queremos tener la mejor y mayor participaci\u00f3n ind\u00edgena en la historia de las negociaciones\u201d, dijo Guajajara.<\/p>\n<p>Seg\u00fan los datos recopilados, el 45% de los bosques intactos en la cuenca amaz\u00f3nica se encuentran en territorios de Pueblos Ind\u00edgenas. Sin embargo, a lo largo de los a\u00f1os 2000 a 2016, ha habido una disminuci\u00f3n del 4,9% en estas \u00e1reas ind\u00edgenas, mientras que en las \u00e1reas no ind\u00edgenas se ha reducido en un 11,2%.<\/p>\n<p>Esta disminuci\u00f3n es alarmante ya que los Pueblos Ind\u00edgenas juegan un papel crucial en la protecci\u00f3n del ecosistema, la biodiversidad y la vida en el planeta. A pesar de esto, su participaci\u00f3n en las negociaciones sobre el cambio clim\u00e1tico no ha sido plena. Es esencial que se les otorgue un papel activo y decisivo en estas discusiones para garantizar una protecci\u00f3n adecuada del medio ambiente.<\/p>\n<p>\u201cEs hora de garantizar derechos, porque sin justicia clim\u00e1tica, sin una transici\u00f3n efectivamente justa, no podremos afrontar todos los cambios, incluidas sequ\u00edas, inundaciones, quemas de biomas y aumentos del nivel que est\u00e1n por venir\u201d, concluy\u00f3 Guajajara.<\/p>\n","protected":false},"excerpt":{"rendered":"<p>NUEVA YORK, Sep 26 (FILAC)\u00a0\u2013 El Fondo para el Desarrollo de los Pueblos Ind\u00edgenas de Am\u00e9rica Latina y el Caribe (FILAC) inst\u00f3 a los Estados a que ampl\u00eden significativamente los espacios de participaci\u00f3n de los Pueblos Ind\u00edgenas en todas las&hellip;<\/p>\n","protected":false},"author":19,"featured_media":2550125,"comment_status":"closed","ping_status":"closed","sticky":false,"template":"","format":"standard","meta":{"footnotes":""},"categories":[76,149,78,80],"tags":[11468,1265,127116,75226,22210],"class_list":["post-2550122","post","type-post","status-publish","format-standard","has-post-thumbnail","hentry","category-relaciones-exteriores","category-comunicados-de-prensa","category-medio-ambiente-ecologia","category-pueblos-originarios","tag-biodiversidad","tag-cambio-climatico","tag-cop30-es","tag-filac","tag-pueblos-originarios"],"yoast_head":"<!-- This site is optimized with the Yoast SEO plugin v27.1.1 - https:\/\/yoast.com\/product\/yoast-seo-wordpress\/ -->\n<title>FILAC insta a que se ampl\u00eden los espacios para la participaci\u00f3n de los Pueblos Ind\u00edgenas en los debates globales<\/title>\n<meta name=\"description\" content=\"NUEVA YORK, Sep 26 (FILAC)\u00a0\u2013 El Fondo para el Desarrollo de los Pueblos Ind\u00edgenas de Am\u00e9rica Latina y el Caribe (FILAC) inst\u00f3 a los Estados a que ampl\u00eden\" \/>\n<meta name=\"robots\" content=\"index, follow, max-snippet:-1, max-image-preview:large, max-video-preview:-1\" \/>\n<link rel=\"canonical\" href=\"https:\/\/www.pressenza.com\/es\/2024\/09\/filac-insta-a-que-se-amplien-los-espacios-para-la-participacion-de-los-pueblos-indigenas-en-los-debates-globales\/\" \/>\n<meta property=\"og:locale\" content=\"es_ES\" \/>\n<meta property=\"og:type\" content=\"article\" \/>\n<meta property=\"og:title\" content=\"FILAC insta a que se ampl\u00eden los espacios para la participaci\u00f3n de los Pueblos Ind\u00edgenas en los debates globales\" \/>\n<meta property=\"og:description\" content=\"NUEVA YORK, Sep 26 (FILAC)\u00a0\u2013 El Fondo para el Desarrollo de los Pueblos Ind\u00edgenas de Am\u00e9rica Latina y el Caribe (FILAC) inst\u00f3 a los Estados a que ampl\u00eden\" \/>\n<meta property=\"og:url\" content=\"https:\/\/www.pressenza.com\/es\/2024\/09\/filac-insta-a-que-se-amplien-los-espacios-para-la-participacion-de-los-pueblos-indigenas-en-los-debates-globales\/\" \/>\n<meta property=\"og:site_name\" content=\"Pressenza\" \/>\n<meta property=\"article:publisher\" content=\"https:\/\/www.facebook.com\/PressenzaItalia\" \/>\n<meta property=\"article:author\" content=\"https:\/\/www.facebook.com\/pressenza\" \/>\n<meta property=\"article:published_time\" content=\"2024-09-27T00:39:37+00:00\" \/>\n<meta property=\"og:image\" content=\"https:\/\/www.pressenza.com\/wp-content\/uploads\/2024\/09\/FILAC-NYC-2024.jpg\" \/>\n\t<meta property=\"og:image:width\" content=\"1440\" \/>\n\t<meta property=\"og:image:height\" content=\"753\" \/>\n\t<meta property=\"og:image:type\" content=\"image\/jpeg\" \/>\n<meta name=\"author\" content=\"Pressenza IPA\" \/>\n<meta name=\"twitter:card\" content=\"summary_large_image\" \/>\n<meta name=\"twitter:creator\" content=\"@PressenzaIPA\" \/>\n<meta name=\"twitter:site\" content=\"@PressenzaIPA\" \/>\n<meta name=\"twitter:label1\" content=\"Escrito por\" \/>\n\t<meta name=\"twitter:data1\" content=\"Pressenza IPA\" \/>\n\t<meta name=\"twitter:label2\" content=\"Tiempo de lectura\" \/>\n\t<meta name=\"twitter:data2\" content=\"5 minutos\" \/>\n<script type=\"application\/ld+json\" class=\"yoast-schema-graph\">{\"@context\":\"https:\/\/schema.org\",\"@graph\":[{\"@type\":\"Article\",\"@id\":\"https:\/\/www.pressenza.com\/es\/2024\/09\/filac-insta-a-que-se-amplien-los-espacios-para-la-participacion-de-los-pueblos-indigenas-en-los-debates-globales\/#article\",\"isPartOf\":{\"@id\":\"https:\/\/www.pressenza.com\/es\/2024\/09\/filac-insta-a-que-se-amplien-los-espacios-para-la-participacion-de-los-pueblos-indigenas-en-los-debates-globales\/\"},\"author\":{\"name\":\"Pressenza IPA\",\"@id\":\"https:\/\/www.pressenza.com\/es\/#\/schema\/person\/010e5d02bcf40965427a1289a4cc8d75\"},\"headline\":\"FILAC insta a que se ampl\u00eden los espacios para la participaci\u00f3n de los Pueblos Ind\u00edgenas en los debates globales\",\"datePublished\":\"2024-09-27T00:39:37+00:00\",\"mainEntityOfPage\":{\"@id\":\"https:\/\/www.pressenza.com\/es\/2024\/09\/filac-insta-a-que-se-amplien-los-espacios-para-la-participacion-de-los-pueblos-indigenas-en-los-debates-globales\/\"},\"wordCount\":1091,\"publisher\":{\"@id\":\"https:\/\/www.pressenza.com\/es\/#organization\"},\"image\":{\"@id\":\"https:\/\/www.pressenza.com\/es\/2024\/09\/filac-insta-a-que-se-amplien-los-espacios-para-la-participacion-de-los-pueblos-indigenas-en-los-debates-globales\/#primaryimage\"},\"thumbnailUrl\":\"https:\/\/www.pressenza.com\/wp-content\/uploads\/2024\/09\/FILAC-NYC-2024.jpg\",\"keywords\":[\"biodiversidad\",\"cambio clim\u00e1tico\",\"COP30\",\"FILAC\",\"Pueblos Originarios\"],\"articleSection\":[\"Asuntos internacionales\",\"Comunicados de Prensa\",\"Ecolog\u00eda y Medio Ambiente\",\"Pueblos Originarios\"],\"inLanguage\":\"es\"},{\"@type\":\"WebPage\",\"@id\":\"https:\/\/www.pressenza.com\/es\/2024\/09\/filac-insta-a-que-se-amplien-los-espacios-para-la-participacion-de-los-pueblos-indigenas-en-los-debates-globales\/\",\"url\":\"https:\/\/www.pressenza.com\/es\/2024\/09\/filac-insta-a-que-se-amplien-los-espacios-para-la-participacion-de-los-pueblos-indigenas-en-los-debates-globales\/\",\"name\":\"FILAC insta a que se ampl\u00eden los espacios para la participaci\u00f3n de los Pueblos Ind\u00edgenas en los debates globales\",\"isPartOf\":{\"@id\":\"https:\/\/www.pressenza.com\/es\/#website\"},\"primaryImageOfPage\":{\"@id\":\"https:\/\/www.pressenza.com\/es\/2024\/09\/filac-insta-a-que-se-amplien-los-espacios-para-la-participacion-de-los-pueblos-indigenas-en-los-debates-globales\/#primaryimage\"},\"image\":{\"@id\":\"https:\/\/www.pressenza.com\/es\/2024\/09\/filac-insta-a-que-se-amplien-los-espacios-para-la-participacion-de-los-pueblos-indigenas-en-los-debates-globales\/#primaryimage\"},\"thumbnailUrl\":\"https:\/\/www.pressenza.com\/wp-content\/uploads\/2024\/09\/FILAC-NYC-2024.jpg\",\"datePublished\":\"2024-09-27T00:39:37+00:00\",\"description\":\"NUEVA YORK, Sep 26 (FILAC)\u00a0\u2013 El Fondo para el Desarrollo de los Pueblos Ind\u00edgenas de Am\u00e9rica Latina y el Caribe (FILAC) inst\u00f3 a los Estados a que ampl\u00eden\",\"breadcrumb\":{\"@id\":\"https:\/\/www.pressenza.com\/es\/2024\/09\/filac-insta-a-que-se-amplien-los-espacios-para-la-participacion-de-los-pueblos-indigenas-en-los-debates-globales\/#breadcrumb\"},\"inLanguage\":\"es\",\"potentialAction\":[{\"@type\":\"ReadAction\",\"target\":[\"https:\/\/www.pressenza.com\/es\/2024\/09\/filac-insta-a-que-se-amplien-los-espacios-para-la-participacion-de-los-pueblos-indigenas-en-los-debates-globales\/\"]}]},{\"@type\":\"ImageObject\",\"inLanguage\":\"es\",\"@id\":\"https:\/\/www.pressenza.com\/es\/2024\/09\/filac-insta-a-que-se-amplien-los-espacios-para-la-participacion-de-los-pueblos-indigenas-en-los-debates-globales\/#primaryimage\",\"url\":\"https:\/\/www.pressenza.com\/wp-content\/uploads\/2024\/09\/FILAC-NYC-2024.jpg\",\"contentUrl\":\"https:\/\/www.pressenza.com\/wp-content\/uploads\/2024\/09\/FILAC-NYC-2024.jpg\",\"width\":1440,\"height\":753,\"caption\":\"FILAC en Nueva York, septiembre 2024\"},{\"@type\":\"BreadcrumbList\",\"@id\":\"https:\/\/www.pressenza.com\/es\/2024\/09\/filac-insta-a-que-se-amplien-los-espacios-para-la-participacion-de-los-pueblos-indigenas-en-los-debates-globales\/#breadcrumb\",\"itemListElement\":[{\"@type\":\"ListItem\",\"position\":1,\"name\":\"Accueil\",\"item\":\"https:\/\/www.pressenza.com\/es\/\"},{\"@type\":\"ListItem\",\"position\":2,\"name\":\"FILAC insta a que se ampl\u00eden los espacios para la participaci\u00f3n de los Pueblos Ind\u00edgenas en los debates globales\"}]},{\"@type\":\"WebSite\",\"@id\":\"https:\/\/www.pressenza.com\/es\/#website\",\"url\":\"https:\/\/www.pressenza.com\/es\/\",\"name\":\"Pressenza\",\"description\":\"International Press Agency\",\"publisher\":{\"@id\":\"https:\/\/www.pressenza.com\/es\/#organization\"},\"potentialAction\":[{\"@type\":\"SearchAction\",\"target\":{\"@type\":\"EntryPoint\",\"urlTemplate\":\"https:\/\/www.pressenza.com\/es\/?s={search_term_string}\"},\"query-input\":{\"@type\":\"PropertyValueSpecification\",\"valueRequired\":true,\"valueName\":\"search_term_string\"}}],\"inLanguage\":\"es\"},{\"@type\":\"Organization\",\"@id\":\"https:\/\/www.pressenza.com\/es\/#organization\",\"name\":\"Pressenza\",\"url\":\"https:\/\/www.pressenza.com\/es\/\",\"logo\":{\"@type\":\"ImageObject\",\"inLanguage\":\"es\",\"@id\":\"https:\/\/www.pressenza.com\/es\/#\/schema\/logo\/image\/\",\"url\":\"https:\/\/www.pressenza.com\/wp-content\/uploads\/2022\/10\/pressenza_logo_200x200.jpg\",\"contentUrl\":\"https:\/\/www.pressenza.com\/wp-content\/uploads\/2022\/10\/pressenza_logo_200x200.jpg\",\"width\":200,\"height\":200,\"caption\":\"Pressenza\"},\"image\":{\"@id\":\"https:\/\/www.pressenza.com\/es\/#\/schema\/logo\/image\/\"},\"sameAs\":[\"https:\/\/www.facebook.com\/PressenzaItalia\",\"https:\/\/x.com\/PressenzaIPA\"]},{\"@type\":\"Person\",\"@id\":\"https:\/\/www.pressenza.com\/es\/#\/schema\/person\/010e5d02bcf40965427a1289a4cc8d75\",\"name\":\"Pressenza IPA\",\"description\":\"News from Pressenza IPA correspondents\",\"sameAs\":[\"https:\/\/www.facebook.com\/pressenza\",\"https:\/\/x.com\/PressenzaIPA\"],\"url\":\"https:\/\/www.pressenza.com\/es\/author\/pressenza-ipa\/\"}]}<\/script>\n<!-- \/ Yoast SEO plugin. -->","yoast_head_json":{"title":"FILAC insta a que se ampl\u00eden los espacios para la participaci\u00f3n de los Pueblos Ind\u00edgenas en los debates globales","description":"NUEVA YORK, Sep 26 (FILAC)\u00a0\u2013 El Fondo para el Desarrollo de los Pueblos Ind\u00edgenas de Am\u00e9rica Latina y el Caribe (FILAC) inst\u00f3 a los Estados a que ampl\u00eden","robots":{"index":"index","follow":"follow","max-snippet":"max-snippet:-1","max-image-preview":"max-image-preview:large","max-video-preview":"max-video-preview:-1"},"canonical":"https:\/\/www.pressenza.com\/es\/2024\/09\/filac-insta-a-que-se-amplien-los-espacios-para-la-participacion-de-los-pueblos-indigenas-en-los-debates-globales\/","og_locale":"es_ES","og_type":"article","og_title":"FILAC insta a que se ampl\u00eden los espacios para la participaci\u00f3n de los Pueblos Ind\u00edgenas en los debates globales","og_description":"NUEVA YORK, Sep 26 (FILAC)\u00a0\u2013 El Fondo para el Desarrollo de los Pueblos Ind\u00edgenas de Am\u00e9rica Latina y el Caribe (FILAC) inst\u00f3 a los Estados a que ampl\u00eden","og_url":"https:\/\/www.pressenza.com\/es\/2024\/09\/filac-insta-a-que-se-amplien-los-espacios-para-la-participacion-de-los-pueblos-indigenas-en-los-debates-globales\/","og_site_name":"Pressenza","article_publisher":"https:\/\/www.facebook.com\/PressenzaItalia","article_author":"https:\/\/www.facebook.com\/pressenza","article_published_time":"2024-09-27T00:39:37+00:00","og_image":[{"width":1440,"height":753,"url":"https:\/\/www.pressenza.com\/wp-content\/uploads\/2024\/09\/FILAC-NYC-2024.jpg","type":"image\/jpeg"}],"author":"Pressenza IPA","twitter_card":"summary_large_image","twitter_creator":"@PressenzaIPA","twitter_site":"@PressenzaIPA","twitter_misc":{"Escrito por":"Pressenza IPA","Tiempo de lectura":"5 minutos"},"schema":{"@context":"https:\/\/schema.org","@graph":[{"@type":"Article","@id":"https:\/\/www.pressenza.com\/es\/2024\/09\/filac-insta-a-que-se-amplien-los-espacios-para-la-participacion-de-los-pueblos-indigenas-en-los-debates-globales\/#article","isPartOf":{"@id":"https:\/\/www.pressenza.com\/es\/2024\/09\/filac-insta-a-que-se-amplien-los-espacios-para-la-participacion-de-los-pueblos-indigenas-en-los-debates-globales\/"},"author":{"name":"Pressenza IPA","@id":"https:\/\/www.pressenza.com\/es\/#\/schema\/person\/010e5d02bcf40965427a1289a4cc8d75"},"headline":"FILAC insta a que se ampl\u00eden los espacios para la participaci\u00f3n de los Pueblos Ind\u00edgenas en los debates globales","datePublished":"2024-09-27T00:39:37+00:00","mainEntityOfPage":{"@id":"https:\/\/www.pressenza.com\/es\/2024\/09\/filac-insta-a-que-se-amplien-los-espacios-para-la-participacion-de-los-pueblos-indigenas-en-los-debates-globales\/"},"wordCount":1091,"publisher":{"@id":"https:\/\/www.pressenza.com\/es\/#organization"},"image":{"@id":"https:\/\/www.pressenza.com\/es\/2024\/09\/filac-insta-a-que-se-amplien-los-espacios-para-la-participacion-de-los-pueblos-indigenas-en-los-debates-globales\/#primaryimage"},"thumbnailUrl":"https:\/\/www.pressenza.com\/wp-content\/uploads\/2024\/09\/FILAC-NYC-2024.jpg","keywords":["biodiversidad","cambio clim\u00e1tico","COP30","FILAC","Pueblos Originarios"],"articleSection":["Asuntos internacionales","Comunicados de Prensa","Ecolog\u00eda y Medio Ambiente","Pueblos Originarios"],"inLanguage":"es"},{"@type":"WebPage","@id":"https:\/\/www.pressenza.com\/es\/2024\/09\/filac-insta-a-que-se-amplien-los-espacios-para-la-participacion-de-los-pueblos-indigenas-en-los-debates-globales\/","url":"https:\/\/www.pressenza.com\/es\/2024\/09\/filac-insta-a-que-se-amplien-los-espacios-para-la-participacion-de-los-pueblos-indigenas-en-los-debates-globales\/","name":"FILAC insta a que se ampl\u00eden los espacios para la participaci\u00f3n de los Pueblos Ind\u00edgenas en los debates globales","isPartOf":{"@id":"https:\/\/www.pressenza.com\/es\/#website"},"primaryImageOfPage":{"@id":"https:\/\/www.pressenza.com\/es\/2024\/09\/filac-insta-a-que-se-amplien-los-espacios-para-la-participacion-de-los-pueblos-indigenas-en-los-debates-globales\/#primaryimage"},"image":{"@id":"https:\/\/www.pressenza.com\/es\/2024\/09\/filac-insta-a-que-se-amplien-los-espacios-para-la-participacion-de-los-pueblos-indigenas-en-los-debates-globales\/#primaryimage"},"thumbnailUrl":"https:\/\/www.pressenza.com\/wp-content\/uploads\/2024\/09\/FILAC-NYC-2024.jpg","datePublished":"2024-09-27T00:39:37+00:00","description":"NUEVA YORK, Sep 26 (FILAC)\u00a0\u2013 El Fondo para el Desarrollo de los Pueblos Ind\u00edgenas de Am\u00e9rica Latina y el Caribe (FILAC) inst\u00f3 a los Estados a que ampl\u00eden","breadcrumb":{"@id":"https:\/\/www.pressenza.com\/es\/2024\/09\/filac-insta-a-que-se-amplien-los-espacios-para-la-participacion-de-los-pueblos-indigenas-en-los-debates-globales\/#breadcrumb"},"inLanguage":"es","potentialAction":[{"@type":"ReadAction","target":["https:\/\/www.pressenza.com\/es\/2024\/09\/filac-insta-a-que-se-amplien-los-espacios-para-la-participacion-de-los-pueblos-indigenas-en-los-debates-globales\/"]}]},{"@type":"ImageObject","inLanguage":"es","@id":"https:\/\/www.pressenza.com\/es\/2024\/09\/filac-insta-a-que-se-amplien-los-espacios-para-la-participacion-de-los-pueblos-indigenas-en-los-debates-globales\/#primaryimage","url":"https:\/\/www.pressenza.com\/wp-content\/uploads\/2024\/09\/FILAC-NYC-2024.jpg","contentUrl":"https:\/\/www.pressenza.com\/wp-content\/uploads\/2024\/09\/FILAC-NYC-2024.jpg","width":1440,"height":753,"caption":"FILAC en Nueva York, septiembre 2024"},{"@type":"BreadcrumbList","@id":"https:\/\/www.pressenza.com\/es\/2024\/09\/filac-insta-a-que-se-amplien-los-espacios-para-la-participacion-de-los-pueblos-indigenas-en-los-debates-globales\/#breadcrumb","itemListElement":[{"@type":"ListItem","position":1,"name":"Accueil","item":"https:\/\/www.pressenza.com\/es\/"},{"@type":"ListItem","position":2,"name":"FILAC insta a que se ampl\u00eden los espacios para la participaci\u00f3n de los Pueblos Ind\u00edgenas en los debates globales"}]},{"@type":"WebSite","@id":"https:\/\/www.pressenza.com\/es\/#website","url":"https:\/\/www.pressenza.com\/es\/","name":"Pressenza","description":"International Press Agency","publisher":{"@id":"https:\/\/www.pressenza.com\/es\/#organization"},"potentialAction":[{"@type":"SearchAction","target":{"@type":"EntryPoint","urlTemplate":"https:\/\/www.pressenza.com\/es\/?s={search_term_string}"},"query-input":{"@type":"PropertyValueSpecification","valueRequired":true,"valueName":"search_term_string"}}],"inLanguage":"es"},{"@type":"Organization","@id":"https:\/\/www.pressenza.com\/es\/#organization","name":"Pressenza","url":"https:\/\/www.pressenza.com\/es\/","logo":{"@type":"ImageObject","inLanguage":"es","@id":"https:\/\/www.pressenza.com\/es\/#\/schema\/logo\/image\/","url":"https:\/\/www.pressenza.com\/wp-content\/uploads\/2022\/10\/pressenza_logo_200x200.jpg","contentUrl":"https:\/\/www.pressenza.com\/wp-content\/uploads\/2022\/10\/pressenza_logo_200x200.jpg","width":200,"height":200,"caption":"Pressenza"},"image":{"@id":"https:\/\/www.pressenza.com\/es\/#\/schema\/logo\/image\/"},"sameAs":["https:\/\/www.facebook.com\/PressenzaItalia","https:\/\/x.com\/PressenzaIPA"]},{"@type":"Person","@id":"https:\/\/www.pressenza.com\/es\/#\/schema\/person\/010e5d02bcf40965427a1289a4cc8d75","name":"Pressenza IPA","description":"News from Pressenza IPA correspondents","sameAs":["https:\/\/www.facebook.com\/pressenza","https:\/\/x.com\/PressenzaIPA"],"url":"https:\/\/www.pressenza.com\/es\/author\/pressenza-ipa\/"}]}},"place":"Nueva York, EE.UU.","original_article_url":"","_links":{"self":[{"href":"https:\/\/www.pressenza.com\/es\/wp-json\/wp\/v2\/posts\/2550122","targetHints":{"allow":["GET"]}}],"collection":[{"href":"https:\/\/www.pressenza.com\/es\/wp-json\/wp\/v2\/posts"}],"about":[{"href":"https:\/\/www.pressenza.com\/es\/wp-json\/wp\/v2\/types\/post"}],"author":[{"embeddable":true,"href":"https:\/\/www.pressenza.com\/es\/wp-json\/wp\/v2\/users\/19"}],"replies":[{"embeddable":true,"href":"https:\/\/www.pressenza.com\/es\/wp-json\/wp\/v2\/comments?post=2550122"}],"version-history":[{"count":0,"href":"https:\/\/www.pressenza.com\/es\/wp-json\/wp\/v2\/posts\/2550122\/revisions"}],"wp:featuredmedia":[{"embeddable":true,"href":"https:\/\/www.pressenza.com\/es\/wp-json\/wp\/v2\/media\/2550125"}],"wp:attachment":[{"href":"https:\/\/www.pressenza.com\/es\/wp-json\/wp\/v2\/media?parent=2550122"}],"wp:term":[{"taxonomy":"category","embeddable":true,"href":"https:\/\/www.pressenza.com\/es\/wp-json\/wp\/v2\/categories?post=2550122"},{"taxonomy":"post_tag","embeddable":true,"href":"https:\/\/www.pressenza.com\/es\/wp-json\/wp\/v2\/tags?post=2550122"}],"curies":[{"name":"wp","href":"https:\/\/api.w.org\/{rel}","templated":true}]}}