{"id":2550116,"date":"2024-09-27T01:20:43","date_gmt":"2024-09-27T00:20:43","guid":{"rendered":"https:\/\/www.pressenza.com\/?p=2550116"},"modified":"2024-09-27T01:20:43","modified_gmt":"2024-09-27T00:20:43","slug":"honduras-comunidades-campesinas-e-indigenas-reivindican-derechos","status":"publish","type":"post","link":"https:\/\/www.pressenza.com\/es\/2024\/09\/honduras-comunidades-campesinas-e-indigenas-reivindican-derechos\/","title":{"rendered":"Honduras: Comunidades campesinas e ind\u00edgenas reivindican derechos"},"content":{"rendered":"<div>Movilizados por la vida, la soberan\u00eda alimentaria y la defensa de territorios<\/div>\n<p>&nbsp;<\/p>\n<div><b>Por Giorgio Trucchi | Rel UITA<\/b><\/div>\n<div><a href=\"https:\/\/www.rel-uita.org\/honduras\/comunidades-campesinas-e-indigenas-reivindican-derechos\/\" target=\"_blank\" rel=\"noopener\" data-saferedirecturl=\"https:\/\/www.google.com\/url?q=https:\/\/www.rel-uita.org\/honduras\/comunidades-campesinas-e-indigenas-reivindican-derechos\/&amp;source=gmail&amp;ust=1727481229918000&amp;usg=AOvVaw08leHRlVHpS4UHWei67X--\">https:\/\/www.rel-uita.org\/<wbr \/>honduras\/comunidades-<wbr \/>campesinas-e-indigenas-<wbr \/>reivindican-derechos\/<\/a><\/div>\n<p>&nbsp;<\/p>\n<p>Cientos de miembros de comunidades campesinas e ind\u00edgenas aglutinadas en m\u00e1s de 25 organizaciones a nivel nacional se movilizaron hacia la capital, para continuar en la reivindicaci\u00f3n de sus derechos, exigiendo al tiempo justicia para el defensor del agua y la vida, Juan L\u00f3pez, asesinado el pasado 14 de septiembre.<\/p>\n<p>\u201cExigimos que se declare la inconstitucionalidad del decreto que criminaliza la lucha en defensa de la tierra y los bienes comunes, y que se investiguen y castiguen a los autores intelectuales y materiales del asesinato de nuestro compa\u00f1ero\u201d, dijo a La Rel, Esly Banegas, de la Coordinadora de Organizaciones Populares del Aguan (Copa).<\/p>\n<p>En su planteamiento ante los diferentes poderes del Estado, las organizaciones aseguran estar moviliz\u00e1ndose en defensa de la vida, por la soberan\u00eda alimentaria, en defensa de sus territorios e identidades. Asimismo, condenan los ataques contra las personas defensoras de los bienes comunes y exigen sentencias firmes y castigo para los autores materiales y los mandantes del asesinato de Berta C\u00e1ceres.<\/p>\n<div><\/div>\n<p><b>Reforma agraria integral<\/b><\/p>\n<p>La reforma integral del sistema de justicia y el cumplimiento de los acuerdos alcanzados con el gobierno para garantizar el acceso a la tierra y la titulaci\u00f3n de territorios ancestrales, son otras de las demandas.<\/p>\n<p>\u201cLos poderes f\u00e1cticos favorecen sus intereses criminalizando la lucha campesina y despojando de sus tierras a comunidades y pueblos. Exigimos justicia para poder vivir con dignidad\u201d, explic\u00f3 Banegas.<\/p>\n<p>El Bajo Agu\u00e1n sigue siendo una de las regiones m\u00e1s afectadas.<\/p>\n<p>\u201cLa pol\u00edtica sigue hablando de la zona rural, pero sin involucrar al sector campesino e ind\u00edgena. Por esto nos movilizamos, para que se nos escuche y se nos tome en cuenta\u201d, dijo Yoni Rivas de la Plataforma Agraria del Bajo Agu\u00e1n.<\/p>\n<p>\u201cExigimos tambi\u00e9n el cumplimiento del Plan Bicentenario, que, entre otras cosas, se refiere al respeto de los derechos humanos, al desarrollo de una verdadera reforma agraria integral y al cuidado del medio ambiente. Sin embargo, siguen asesin\u00e1ndonos y la reforma agraria qued\u00f3 en papel\u201d, advirti\u00f3 Rivas.<\/p>\n<div>El dirigente campesino conden\u00f3 tambi\u00e9n la injerencia estadounidense.<\/div>\n<div><\/div>\n<div>\u201cQue entiendan los poderes f\u00e1cticos y el intervencionismo yanqui: el movimiento campesino e ind\u00edgena organizado no va a parar y seguir\u00e1 defendiendo sus derechos\u201d.<\/div>\n<div><\/div>\n<div><\/div>\n<p><b>M\u00e1s unidad y solidaridad<\/b><\/p>\n<p>Gerardo Aguilar, de la Asociaci\u00f3n por el Desarrollo de la Pen\u00ednsula de Zacate Grande (Adepza) subray\u00f3 la importancia de este nuevo esfuerzo unitario.<\/p>\n<p>\u201cHemos crecido y somos muchas m\u00e1s organizaciones movilizadas. La idea es ir creando articulaciones a nivel nacional y unidad en el movimiento social. S\u00f3lo as\u00ed podremos enfrentar a este monstruo\u201d.<\/p>\n<p>La coordinadora de Copa agradeci\u00f3 el aporte solidario de la Rel UITA.<\/p>\n<p>\u201cAgradecemos esta solidaridad, esta participaci\u00f3n efectiva y activa. Son espacios como el de ustedes que nos van permitiendo mantenernos en resistencia e, incluso, mantenernos con vida en una regi\u00f3n muy dif\u00edcil\u201d.<\/p>\n<div>Fuente:\u00a0<a href=\"https:\/\/www.rel-uita.org\/honduras\/comunidades-campesinas-e-indigenas-reivindican-derechos\/\" target=\"_blank\" rel=\"noopener\" data-saferedirecturl=\"https:\/\/www.google.com\/url?q=https:\/\/www.rel-uita.org\/honduras\/comunidades-campesinas-e-indigenas-reivindican-derechos\/&amp;source=gmail&amp;ust=1727481229918000&amp;usg=AOvVaw08leHRlVHpS4UHWei67X--\">Rel UITA<\/a><\/div>\n","protected":false},"excerpt":{"rendered":"<p>Movilizados por la vida, la soberan\u00eda alimentaria y la defensa de territorios &nbsp; Por Giorgio Trucchi | Rel UITA https:\/\/www.rel-uita.org\/honduras\/comunidades-campesinas-e-indigenas-reivindican-derechos\/ &nbsp; Cientos de miembros de comunidades campesinas e ind\u00edgenas aglutinadas en m\u00e1s de 25 organizaciones a nivel nacional se movilizaron&hellip;<\/p>\n","protected":false},"author":1800,"featured_media":2550117,"comment_status":"closed","ping_status":"closed","sticky":false,"template":"","format":"standard","meta":{"footnotes":""},"categories":[69,79,78,80],"tags":[94303,126782,4341,127115,86774],"class_list":["post-2550116","post","type-post","status-publish","format-standard","has-post-thumbnail","hentry","category-america-central","category-derechos-humanos","category-medio-ambiente-ecologia","category-pueblos-originarios","tag-america-central","tag-bajo-aguan","tag-honduras-es","tag-justicia-para-el-ecoactivista-juan-lopez","tag-movilizaciones-campesinas"],"yoast_head":"<!-- This site is optimized with the Yoast SEO plugin v27.1.1 - https:\/\/yoast.com\/product\/yoast-seo-wordpress\/ -->\n<title>Honduras: Comunidades campesinas e ind\u00edgenas reivindican derechos<\/title>\n<meta name=\"description\" content=\"Movilizados por la vida, la soberan\u00eda alimentaria y la defensa de territorios &nbsp; Por Giorgio Trucchi | Rel UITA\" \/>\n<meta name=\"robots\" content=\"index, follow, max-snippet:-1, max-image-preview:large, max-video-preview:-1\" \/>\n<link rel=\"canonical\" href=\"https:\/\/www.pressenza.com\/es\/2024\/09\/honduras-comunidades-campesinas-e-indigenas-reivindican-derechos\/\" \/>\n<meta property=\"og:locale\" content=\"es_ES\" \/>\n<meta property=\"og:type\" content=\"article\" \/>\n<meta property=\"og:title\" content=\"Honduras: Comunidades campesinas e ind\u00edgenas reivindican derechos\" \/>\n<meta property=\"og:description\" content=\"Movilizados por la vida, la soberan\u00eda alimentaria y la defensa de territorios &nbsp; Por Giorgio Trucchi | Rel UITA\" \/>\n<meta property=\"og:url\" content=\"https:\/\/www.pressenza.com\/es\/2024\/09\/honduras-comunidades-campesinas-e-indigenas-reivindican-derechos\/\" \/>\n<meta property=\"og:site_name\" content=\"Pressenza\" \/>\n<meta property=\"article:publisher\" content=\"https:\/\/www.facebook.com\/PressenzaItalia\" \/>\n<meta property=\"article:published_time\" content=\"2024-09-27T00:20:43+00:00\" \/>\n<meta property=\"og:image\" content=\"https:\/\/www.pressenza.com\/wp-content\/uploads\/2024\/09\/20240926_Campesinos_HO-1080x606-1.jpg\" \/>\n\t<meta property=\"og:image:width\" content=\"1080\" \/>\n\t<meta property=\"og:image:height\" content=\"606\" \/>\n\t<meta property=\"og:image:type\" content=\"image\/jpeg\" \/>\n<meta name=\"author\" content=\"Giorgio Trucchi\" \/>\n<meta name=\"twitter:card\" content=\"summary_large_image\" \/>\n<meta name=\"twitter:creator\" content=\"@PressenzaIPA\" \/>\n<meta name=\"twitter:site\" content=\"@PressenzaIPA\" \/>\n<meta name=\"twitter:label1\" content=\"Escrito por\" \/>\n\t<meta name=\"twitter:data1\" content=\"Giorgio Trucchi\" \/>\n\t<meta name=\"twitter:label2\" content=\"Tiempo de lectura\" \/>\n\t<meta name=\"twitter:data2\" content=\"3 minutos\" \/>\n<script type=\"application\/ld+json\" class=\"yoast-schema-graph\">{\"@context\":\"https:\/\/schema.org\",\"@graph\":[{\"@type\":\"Article\",\"@id\":\"https:\/\/www.pressenza.com\/es\/2024\/09\/honduras-comunidades-campesinas-e-indigenas-reivindican-derechos\/#article\",\"isPartOf\":{\"@id\":\"https:\/\/www.pressenza.com\/es\/2024\/09\/honduras-comunidades-campesinas-e-indigenas-reivindican-derechos\/\"},\"author\":{\"name\":\"Giorgio Trucchi\",\"@id\":\"https:\/\/www.pressenza.com\/es\/#\/schema\/person\/55ec2a8f1b3e718010691e4aba073020\"},\"headline\":\"Honduras: Comunidades campesinas e ind\u00edgenas reivindican derechos\",\"datePublished\":\"2024-09-27T00:20:43+00:00\",\"mainEntityOfPage\":{\"@id\":\"https:\/\/www.pressenza.com\/es\/2024\/09\/honduras-comunidades-campesinas-e-indigenas-reivindican-derechos\/\"},\"wordCount\":522,\"publisher\":{\"@id\":\"https:\/\/www.pressenza.com\/es\/#organization\"},\"image\":{\"@id\":\"https:\/\/www.pressenza.com\/es\/2024\/09\/honduras-comunidades-campesinas-e-indigenas-reivindican-derechos\/#primaryimage\"},\"thumbnailUrl\":\"https:\/\/www.pressenza.com\/wp-content\/uploads\/2024\/09\/20240926_Campesinos_HO-1080x606-1.jpg\",\"keywords\":[\"america central\",\"bajo Agu\u00e1n\",\"Honduras\",\"justicia para el ecoactivista Juan L\u00f3pez\",\"Movilizaciones campesinas\"],\"articleSection\":[\"Am\u00e9rica Central\",\"Derechos Humanos\",\"Ecolog\u00eda y Medio Ambiente\",\"Pueblos Originarios\"],\"inLanguage\":\"es\"},{\"@type\":\"WebPage\",\"@id\":\"https:\/\/www.pressenza.com\/es\/2024\/09\/honduras-comunidades-campesinas-e-indigenas-reivindican-derechos\/\",\"url\":\"https:\/\/www.pressenza.com\/es\/2024\/09\/honduras-comunidades-campesinas-e-indigenas-reivindican-derechos\/\",\"name\":\"Honduras: Comunidades campesinas e ind\u00edgenas reivindican derechos\",\"isPartOf\":{\"@id\":\"https:\/\/www.pressenza.com\/es\/#website\"},\"primaryImageOfPage\":{\"@id\":\"https:\/\/www.pressenza.com\/es\/2024\/09\/honduras-comunidades-campesinas-e-indigenas-reivindican-derechos\/#primaryimage\"},\"image\":{\"@id\":\"https:\/\/www.pressenza.com\/es\/2024\/09\/honduras-comunidades-campesinas-e-indigenas-reivindican-derechos\/#primaryimage\"},\"thumbnailUrl\":\"https:\/\/www.pressenza.com\/wp-content\/uploads\/2024\/09\/20240926_Campesinos_HO-1080x606-1.jpg\",\"datePublished\":\"2024-09-27T00:20:43+00:00\",\"description\":\"Movilizados por la vida, la soberan\u00eda alimentaria y la defensa de territorios &nbsp; Por Giorgio Trucchi | Rel UITA\",\"breadcrumb\":{\"@id\":\"https:\/\/www.pressenza.com\/es\/2024\/09\/honduras-comunidades-campesinas-e-indigenas-reivindican-derechos\/#breadcrumb\"},\"inLanguage\":\"es\",\"potentialAction\":[{\"@type\":\"ReadAction\",\"target\":[\"https:\/\/www.pressenza.com\/es\/2024\/09\/honduras-comunidades-campesinas-e-indigenas-reivindican-derechos\/\"]}]},{\"@type\":\"ImageObject\",\"inLanguage\":\"es\",\"@id\":\"https:\/\/www.pressenza.com\/es\/2024\/09\/honduras-comunidades-campesinas-e-indigenas-reivindican-derechos\/#primaryimage\",\"url\":\"https:\/\/www.pressenza.com\/wp-content\/uploads\/2024\/09\/20240926_Campesinos_HO-1080x606-1.jpg\",\"contentUrl\":\"https:\/\/www.pressenza.com\/wp-content\/uploads\/2024\/09\/20240926_Campesinos_HO-1080x606-1.jpg\",\"width\":1080,\"height\":606},{\"@type\":\"BreadcrumbList\",\"@id\":\"https:\/\/www.pressenza.com\/es\/2024\/09\/honduras-comunidades-campesinas-e-indigenas-reivindican-derechos\/#breadcrumb\",\"itemListElement\":[{\"@type\":\"ListItem\",\"position\":1,\"name\":\"Accueil\",\"item\":\"https:\/\/www.pressenza.com\/es\/\"},{\"@type\":\"ListItem\",\"position\":2,\"name\":\"Honduras: Comunidades campesinas e ind\u00edgenas reivindican derechos\"}]},{\"@type\":\"WebSite\",\"@id\":\"https:\/\/www.pressenza.com\/es\/#website\",\"url\":\"https:\/\/www.pressenza.com\/es\/\",\"name\":\"Pressenza\",\"description\":\"International Press Agency\",\"publisher\":{\"@id\":\"https:\/\/www.pressenza.com\/es\/#organization\"},\"potentialAction\":[{\"@type\":\"SearchAction\",\"target\":{\"@type\":\"EntryPoint\",\"urlTemplate\":\"https:\/\/www.pressenza.com\/es\/?s={search_term_string}\"},\"query-input\":{\"@type\":\"PropertyValueSpecification\",\"valueRequired\":true,\"valueName\":\"search_term_string\"}}],\"inLanguage\":\"es\"},{\"@type\":\"Organization\",\"@id\":\"https:\/\/www.pressenza.com\/es\/#organization\",\"name\":\"Pressenza\",\"url\":\"https:\/\/www.pressenza.com\/es\/\",\"logo\":{\"@type\":\"ImageObject\",\"inLanguage\":\"es\",\"@id\":\"https:\/\/www.pressenza.com\/es\/#\/schema\/logo\/image\/\",\"url\":\"https:\/\/www.pressenza.com\/wp-content\/uploads\/2022\/10\/pressenza_logo_200x200.jpg\",\"contentUrl\":\"https:\/\/www.pressenza.com\/wp-content\/uploads\/2022\/10\/pressenza_logo_200x200.jpg\",\"width\":200,\"height\":200,\"caption\":\"Pressenza\"},\"image\":{\"@id\":\"https:\/\/www.pressenza.com\/es\/#\/schema\/logo\/image\/\"},\"sameAs\":[\"https:\/\/www.facebook.com\/PressenzaItalia\",\"https:\/\/x.com\/PressenzaIPA\"]},{\"@type\":\"Person\",\"@id\":\"https:\/\/www.pressenza.com\/es\/#\/schema\/person\/55ec2a8f1b3e718010691e4aba073020\",\"name\":\"Giorgio Trucchi\",\"url\":\"https:\/\/www.pressenza.com\/es\/author\/giorgio-trucchi\/\"}]}<\/script>\n<!-- \/ Yoast SEO plugin. -->","yoast_head_json":{"title":"Honduras: Comunidades campesinas e ind\u00edgenas reivindican derechos","description":"Movilizados por la vida, la soberan\u00eda alimentaria y la defensa de territorios &nbsp; Por Giorgio Trucchi | Rel UITA","robots":{"index":"index","follow":"follow","max-snippet":"max-snippet:-1","max-image-preview":"max-image-preview:large","max-video-preview":"max-video-preview:-1"},"canonical":"https:\/\/www.pressenza.com\/es\/2024\/09\/honduras-comunidades-campesinas-e-indigenas-reivindican-derechos\/","og_locale":"es_ES","og_type":"article","og_title":"Honduras: Comunidades campesinas e ind\u00edgenas reivindican derechos","og_description":"Movilizados por la vida, la soberan\u00eda alimentaria y la defensa de territorios &nbsp; Por Giorgio Trucchi | Rel UITA","og_url":"https:\/\/www.pressenza.com\/es\/2024\/09\/honduras-comunidades-campesinas-e-indigenas-reivindican-derechos\/","og_site_name":"Pressenza","article_publisher":"https:\/\/www.facebook.com\/PressenzaItalia","article_published_time":"2024-09-27T00:20:43+00:00","og_image":[{"width":1080,"height":606,"url":"https:\/\/www.pressenza.com\/wp-content\/uploads\/2024\/09\/20240926_Campesinos_HO-1080x606-1.jpg","type":"image\/jpeg"}],"author":"Giorgio Trucchi","twitter_card":"summary_large_image","twitter_creator":"@PressenzaIPA","twitter_site":"@PressenzaIPA","twitter_misc":{"Escrito por":"Giorgio Trucchi","Tiempo de lectura":"3 minutos"},"schema":{"@context":"https:\/\/schema.org","@graph":[{"@type":"Article","@id":"https:\/\/www.pressenza.com\/es\/2024\/09\/honduras-comunidades-campesinas-e-indigenas-reivindican-derechos\/#article","isPartOf":{"@id":"https:\/\/www.pressenza.com\/es\/2024\/09\/honduras-comunidades-campesinas-e-indigenas-reivindican-derechos\/"},"author":{"name":"Giorgio Trucchi","@id":"https:\/\/www.pressenza.com\/es\/#\/schema\/person\/55ec2a8f1b3e718010691e4aba073020"},"headline":"Honduras: Comunidades campesinas e ind\u00edgenas reivindican derechos","datePublished":"2024-09-27T00:20:43+00:00","mainEntityOfPage":{"@id":"https:\/\/www.pressenza.com\/es\/2024\/09\/honduras-comunidades-campesinas-e-indigenas-reivindican-derechos\/"},"wordCount":522,"publisher":{"@id":"https:\/\/www.pressenza.com\/es\/#organization"},"image":{"@id":"https:\/\/www.pressenza.com\/es\/2024\/09\/honduras-comunidades-campesinas-e-indigenas-reivindican-derechos\/#primaryimage"},"thumbnailUrl":"https:\/\/www.pressenza.com\/wp-content\/uploads\/2024\/09\/20240926_Campesinos_HO-1080x606-1.jpg","keywords":["america central","bajo Agu\u00e1n","Honduras","justicia para el ecoactivista Juan L\u00f3pez","Movilizaciones campesinas"],"articleSection":["Am\u00e9rica Central","Derechos Humanos","Ecolog\u00eda y Medio Ambiente","Pueblos Originarios"],"inLanguage":"es"},{"@type":"WebPage","@id":"https:\/\/www.pressenza.com\/es\/2024\/09\/honduras-comunidades-campesinas-e-indigenas-reivindican-derechos\/","url":"https:\/\/www.pressenza.com\/es\/2024\/09\/honduras-comunidades-campesinas-e-indigenas-reivindican-derechos\/","name":"Honduras: Comunidades campesinas e ind\u00edgenas reivindican derechos","isPartOf":{"@id":"https:\/\/www.pressenza.com\/es\/#website"},"primaryImageOfPage":{"@id":"https:\/\/www.pressenza.com\/es\/2024\/09\/honduras-comunidades-campesinas-e-indigenas-reivindican-derechos\/#primaryimage"},"image":{"@id":"https:\/\/www.pressenza.com\/es\/2024\/09\/honduras-comunidades-campesinas-e-indigenas-reivindican-derechos\/#primaryimage"},"thumbnailUrl":"https:\/\/www.pressenza.com\/wp-content\/uploads\/2024\/09\/20240926_Campesinos_HO-1080x606-1.jpg","datePublished":"2024-09-27T00:20:43+00:00","description":"Movilizados por la vida, la soberan\u00eda alimentaria y la defensa de territorios &nbsp; Por Giorgio Trucchi | Rel UITA","breadcrumb":{"@id":"https:\/\/www.pressenza.com\/es\/2024\/09\/honduras-comunidades-campesinas-e-indigenas-reivindican-derechos\/#breadcrumb"},"inLanguage":"es","potentialAction":[{"@type":"ReadAction","target":["https:\/\/www.pressenza.com\/es\/2024\/09\/honduras-comunidades-campesinas-e-indigenas-reivindican-derechos\/"]}]},{"@type":"ImageObject","inLanguage":"es","@id":"https:\/\/www.pressenza.com\/es\/2024\/09\/honduras-comunidades-campesinas-e-indigenas-reivindican-derechos\/#primaryimage","url":"https:\/\/www.pressenza.com\/wp-content\/uploads\/2024\/09\/20240926_Campesinos_HO-1080x606-1.jpg","contentUrl":"https:\/\/www.pressenza.com\/wp-content\/uploads\/2024\/09\/20240926_Campesinos_HO-1080x606-1.jpg","width":1080,"height":606},{"@type":"BreadcrumbList","@id":"https:\/\/www.pressenza.com\/es\/2024\/09\/honduras-comunidades-campesinas-e-indigenas-reivindican-derechos\/#breadcrumb","itemListElement":[{"@type":"ListItem","position":1,"name":"Accueil","item":"https:\/\/www.pressenza.com\/es\/"},{"@type":"ListItem","position":2,"name":"Honduras: Comunidades campesinas e ind\u00edgenas reivindican derechos"}]},{"@type":"WebSite","@id":"https:\/\/www.pressenza.com\/es\/#website","url":"https:\/\/www.pressenza.com\/es\/","name":"Pressenza","description":"International Press Agency","publisher":{"@id":"https:\/\/www.pressenza.com\/es\/#organization"},"potentialAction":[{"@type":"SearchAction","target":{"@type":"EntryPoint","urlTemplate":"https:\/\/www.pressenza.com\/es\/?s={search_term_string}"},"query-input":{"@type":"PropertyValueSpecification","valueRequired":true,"valueName":"search_term_string"}}],"inLanguage":"es"},{"@type":"Organization","@id":"https:\/\/www.pressenza.com\/es\/#organization","name":"Pressenza","url":"https:\/\/www.pressenza.com\/es\/","logo":{"@type":"ImageObject","inLanguage":"es","@id":"https:\/\/www.pressenza.com\/es\/#\/schema\/logo\/image\/","url":"https:\/\/www.pressenza.com\/wp-content\/uploads\/2022\/10\/pressenza_logo_200x200.jpg","contentUrl":"https:\/\/www.pressenza.com\/wp-content\/uploads\/2022\/10\/pressenza_logo_200x200.jpg","width":200,"height":200,"caption":"Pressenza"},"image":{"@id":"https:\/\/www.pressenza.com\/es\/#\/schema\/logo\/image\/"},"sameAs":["https:\/\/www.facebook.com\/PressenzaItalia","https:\/\/x.com\/PressenzaIPA"]},{"@type":"Person","@id":"https:\/\/www.pressenza.com\/es\/#\/schema\/person\/55ec2a8f1b3e718010691e4aba073020","name":"Giorgio Trucchi","url":"https:\/\/www.pressenza.com\/es\/author\/giorgio-trucchi\/"}]}},"place":"Honduras","original_article_url":"","_links":{"self":[{"href":"https:\/\/www.pressenza.com\/es\/wp-json\/wp\/v2\/posts\/2550116","targetHints":{"allow":["GET"]}}],"collection":[{"href":"https:\/\/www.pressenza.com\/es\/wp-json\/wp\/v2\/posts"}],"about":[{"href":"https:\/\/www.pressenza.com\/es\/wp-json\/wp\/v2\/types\/post"}],"author":[{"embeddable":true,"href":"https:\/\/www.pressenza.com\/es\/wp-json\/wp\/v2\/users\/1800"}],"replies":[{"embeddable":true,"href":"https:\/\/www.pressenza.com\/es\/wp-json\/wp\/v2\/comments?post=2550116"}],"version-history":[{"count":0,"href":"https:\/\/www.pressenza.com\/es\/wp-json\/wp\/v2\/posts\/2550116\/revisions"}],"wp:featuredmedia":[{"embeddable":true,"href":"https:\/\/www.pressenza.com\/es\/wp-json\/wp\/v2\/media\/2550117"}],"wp:attachment":[{"href":"https:\/\/www.pressenza.com\/es\/wp-json\/wp\/v2\/media?parent=2550116"}],"wp:term":[{"taxonomy":"category","embeddable":true,"href":"https:\/\/www.pressenza.com\/es\/wp-json\/wp\/v2\/categories?post=2550116"},{"taxonomy":"post_tag","embeddable":true,"href":"https:\/\/www.pressenza.com\/es\/wp-json\/wp\/v2\/tags?post=2550116"}],"curies":[{"name":"wp","href":"https:\/\/api.w.org\/{rel}","templated":true}]}}