{"id":2547767,"date":"2024-09-14T03:42:51","date_gmt":"2024-09-14T02:42:51","guid":{"rendered":"https:\/\/www.pressenza.com\/?p=2547767"},"modified":"2024-09-14T03:42:51","modified_gmt":"2024-09-14T02:42:51","slug":"debemos-unirnos-para-cultivar-una-cultura-de-paz","status":"publish","type":"post","link":"https:\/\/www.pressenza.com\/es\/2024\/09\/debemos-unirnos-para-cultivar-una-cultura-de-paz\/","title":{"rendered":"Debemos unirnos para cultivar una cultura de paz"},"content":{"rendered":"<h3>\u201cLa paz est\u00e1 amenazada\u201d afirm\u00f3 el Secretario General de la ONU, Antonio Guterres, durante la ceremonia anual frente a la Campana de la Paz, evidenciando el avance de la guerra en diversas partes del mundo, lo que viene fracturando la unidad geopol\u00edtica mundial.<\/h3>\n<p>\u201cDesde Medio Oriente hasta Sud\u00e1n, Ucrania y m\u00e1s all\u00e1, vemos balas y bombas, mutilar y matar; cad\u00e1veres amontonados, poblaciones traumatizadas y edificios reducidos a escombros\u201d dijo Guterres.<\/p>\n<p>El secretario de la ONU destac\u00f3 aspectos que contribuyen a esta situaci\u00f3n, como la desinformaci\u00f3n que est\u00e1 avivando las llamas del odio, el uso de las nuevas tecnolog\u00edas como armas sin ning\u00fan tipo de protecci\u00f3n; asimismo, la crisis clim\u00e1tica que alimenta la inestabilidad y el agotamiento de los recursos que generan las migraciones forzadas.<\/p>\n<p><strong>Oportunidad de cambio<\/strong><\/p>\n<p>Guterres destac\u00f3 que existe una oportunidad de cambio: la <strong>Cumbre del Futuro,<\/strong> que se celebrar\u00e1 la pr\u00f3xima semana en la sede de la ONU y que se convierte en el foro para iniciar un proceso de reforma y revitalizaci\u00f3n de las instituciones internacionales que respondan a estos desaf\u00edos.<\/p>\n<p>\u201cDicho objetivo se puede alcanzar promoviendo una <strong>Nueva Agenda para la Paz y reimpulsando los Objetivos de Desarrollo Sustentable<\/strong>. En resumen, debemos cultivar una <strong>cultura de paz<\/strong>\u201d puntualiz\u00f3.<\/p>\n<p>En esa agenda, \u201clos devotos de la paz y la justicia debemos unirnos, hoy y todos los d\u00edas, a trav\u00e9s de la Cumbre del Futuro y m\u00e1s all\u00e1 (\u2026) Que suene en todo el mundo\u201d concluy\u00f3 Guterres antes de hacer sonar la campana.<\/p>\n<p><strong>\u201cDebemos reconectar con nuestra humanidad com\u00fan\u201d<\/strong><\/p>\n<p>Por su parte, el Alto Comisionado de la ONU para los Derechos Humanos, Volker T\u00fcrk, durante la <strong>57\u00aa sesi\u00f3n del Consejo de Derechos Humanos<\/strong> se\u00f1al\u00f3 que \u201cnos encontramos en una encrucijada, podemos seguir por el camino actual: una \u2018nueva normalidad\u2019 traicionera, y caminar son\u00e1mbulos hacia un futuro dist\u00f3pico, o podemos despertar y cambiar las cosas para mejor, para la humanidad y el planeta\u201d.<\/p>\n<p>El Alto Comisionado inst\u00f3 a la comunidad internacional a rechazar una \u201cnueva normalidad\u201d que defiende estructuras de poder radicadas a costas de nuestra humanidad com\u00fan, esta \u201cno puede ser una escalada militar interminable y despiadada, ni de m\u00e9todos de guerra, control y represi\u00f3n cada vez m\u00e1s horribles y tecnol\u00f3gicamente avanzados\u201d.<\/p>\n<p>\u201cEste no puede ser el mundo que queremos, podemos y debemos hacer una elecci\u00f3n diferente, reconectando con nuestra humanidad com\u00fan, la naturaleza y el planeta\u201d se\u00f1al\u00f3 Volker T\u00fcrk, a\u00f1adiendo que los derechos humanos y el derecho humanitario internacional \u201cson nuestro pilar contra el poder desenfrenado\u201d.<\/p>\n","protected":false},"excerpt":{"rendered":"<p>\u201cLa paz est\u00e1 amenazada\u201d afirm\u00f3 el Secretario General de la ONU, Antonio Guterres, durante la ceremonia anual frente a la Campana de la Paz, evidenciando el avance de la guerra en diversas partes del mundo, lo que viene fracturando la&hellip;<\/p>\n","protected":false},"author":831,"featured_media":2547768,"comment_status":"closed","ping_status":"closed","sticky":false,"template":"","format":"standard","meta":{"footnotes":""},"categories":[76,11389,79,39,1242,1243,74],"tags":[22026,441,19498],"class_list":["post-2547767","post","type-post","status-publish","format-standard","has-post-thumbnail","hentry","category-relaciones-exteriores","category-contenido-original","category-derechos-humanos","category-internacional","category-noviolencia-tema","category-paz-desarme","category-politica-es","tag-cultura-de-paz","tag-derechos-humanos","tag-militarizacion"],"yoast_head":"<!-- This site is optimized with the Yoast SEO plugin v27.1.1 - https:\/\/yoast.com\/product\/yoast-seo-wordpress\/ -->\n<title>Debemos unirnos para cultivar una cultura de paz<\/title>\n<meta name=\"description\" content=\"\u201cLa paz est\u00e1 amenazada\u201d afirm\u00f3 el Secretario General de la ONU, Antonio Guterres, durante la ceremonia anual frente a la Campana de la Paz, evidenciando\" \/>\n<meta name=\"robots\" content=\"index, follow, max-snippet:-1, max-image-preview:large, max-video-preview:-1\" \/>\n<link rel=\"canonical\" href=\"https:\/\/www.pressenza.com\/es\/2024\/09\/debemos-unirnos-para-cultivar-una-cultura-de-paz\/\" \/>\n<meta property=\"og:locale\" content=\"es_ES\" \/>\n<meta property=\"og:type\" content=\"article\" \/>\n<meta property=\"og:title\" content=\"Debemos unirnos para cultivar una cultura de paz\" \/>\n<meta property=\"og:description\" content=\"\u201cLa paz est\u00e1 amenazada\u201d afirm\u00f3 el Secretario General de la ONU, Antonio Guterres, durante la ceremonia anual frente a la Campana de la Paz, evidenciando\" \/>\n<meta property=\"og:url\" content=\"https:\/\/www.pressenza.com\/es\/2024\/09\/debemos-unirnos-para-cultivar-una-cultura-de-paz\/\" \/>\n<meta property=\"og:site_name\" content=\"Pressenza\" \/>\n<meta property=\"article:publisher\" content=\"https:\/\/www.facebook.com\/PressenzaItalia\" \/>\n<meta property=\"article:published_time\" content=\"2024-09-14T02:42:51+00:00\" \/>\n<meta property=\"og:image\" content=\"https:\/\/www.pressenza.com\/wp-content\/uploads\/2024\/09\/guterres-ONU-Mark-Garten.jpg\" \/>\n\t<meta property=\"og:image:width\" content=\"770\" \/>\n\t<meta property=\"og:image:height\" content=\"420\" \/>\n\t<meta property=\"og:image:type\" content=\"image\/jpeg\" \/>\n<meta name=\"author\" content=\"Redacci\u00f3n Per\u00fa\" \/>\n<meta name=\"twitter:card\" content=\"summary_large_image\" \/>\n<meta name=\"twitter:creator\" content=\"@PressenzaIPA\" \/>\n<meta name=\"twitter:site\" content=\"@PressenzaIPA\" \/>\n<meta name=\"twitter:label1\" content=\"Escrito por\" \/>\n\t<meta name=\"twitter:data1\" content=\"Redacci\u00f3n Per\u00fa\" \/>\n\t<meta name=\"twitter:label2\" content=\"Tiempo de lectura\" \/>\n\t<meta name=\"twitter:data2\" content=\"2 minutos\" \/>\n<script type=\"application\/ld+json\" class=\"yoast-schema-graph\">{\"@context\":\"https:\/\/schema.org\",\"@graph\":[{\"@type\":\"Article\",\"@id\":\"https:\/\/www.pressenza.com\/es\/2024\/09\/debemos-unirnos-para-cultivar-una-cultura-de-paz\/#article\",\"isPartOf\":{\"@id\":\"https:\/\/www.pressenza.com\/es\/2024\/09\/debemos-unirnos-para-cultivar-una-cultura-de-paz\/\"},\"author\":{\"name\":\"Redacci\u00f3n Per\u00fa\",\"@id\":\"https:\/\/www.pressenza.com\/es\/#\/schema\/person\/e86c29a41185b85084a478822f5de81b\"},\"headline\":\"Debemos unirnos para cultivar una cultura de paz\",\"datePublished\":\"2024-09-14T02:42:51+00:00\",\"mainEntityOfPage\":{\"@id\":\"https:\/\/www.pressenza.com\/es\/2024\/09\/debemos-unirnos-para-cultivar-una-cultura-de-paz\/\"},\"wordCount\":448,\"publisher\":{\"@id\":\"https:\/\/www.pressenza.com\/es\/#organization\"},\"image\":{\"@id\":\"https:\/\/www.pressenza.com\/es\/2024\/09\/debemos-unirnos-para-cultivar-una-cultura-de-paz\/#primaryimage\"},\"thumbnailUrl\":\"https:\/\/www.pressenza.com\/wp-content\/uploads\/2024\/09\/guterres-ONU-Mark-Garten.jpg\",\"keywords\":[\"Cultura de paz\",\"Derechos humanos\",\"militarizaci\u00f3n\"],\"articleSection\":[\"Asuntos internacionales\",\"Contenido Original\",\"Derechos Humanos\",\"Internacional\",\"Noviolencia\",\"Paz y Desarme\",\"Pol\u00edtica\"],\"inLanguage\":\"es\"},{\"@type\":\"WebPage\",\"@id\":\"https:\/\/www.pressenza.com\/es\/2024\/09\/debemos-unirnos-para-cultivar-una-cultura-de-paz\/\",\"url\":\"https:\/\/www.pressenza.com\/es\/2024\/09\/debemos-unirnos-para-cultivar-una-cultura-de-paz\/\",\"name\":\"Debemos unirnos para cultivar una cultura de paz\",\"isPartOf\":{\"@id\":\"https:\/\/www.pressenza.com\/es\/#website\"},\"primaryImageOfPage\":{\"@id\":\"https:\/\/www.pressenza.com\/es\/2024\/09\/debemos-unirnos-para-cultivar-una-cultura-de-paz\/#primaryimage\"},\"image\":{\"@id\":\"https:\/\/www.pressenza.com\/es\/2024\/09\/debemos-unirnos-para-cultivar-una-cultura-de-paz\/#primaryimage\"},\"thumbnailUrl\":\"https:\/\/www.pressenza.com\/wp-content\/uploads\/2024\/09\/guterres-ONU-Mark-Garten.jpg\",\"datePublished\":\"2024-09-14T02:42:51+00:00\",\"description\":\"\u201cLa paz est\u00e1 amenazada\u201d afirm\u00f3 el Secretario General de la ONU, Antonio Guterres, durante la ceremonia anual frente a la Campana de la Paz, evidenciando\",\"breadcrumb\":{\"@id\":\"https:\/\/www.pressenza.com\/es\/2024\/09\/debemos-unirnos-para-cultivar-una-cultura-de-paz\/#breadcrumb\"},\"inLanguage\":\"es\",\"potentialAction\":[{\"@type\":\"ReadAction\",\"target\":[\"https:\/\/www.pressenza.com\/es\/2024\/09\/debemos-unirnos-para-cultivar-una-cultura-de-paz\/\"]}]},{\"@type\":\"ImageObject\",\"inLanguage\":\"es\",\"@id\":\"https:\/\/www.pressenza.com\/es\/2024\/09\/debemos-unirnos-para-cultivar-una-cultura-de-paz\/#primaryimage\",\"url\":\"https:\/\/www.pressenza.com\/wp-content\/uploads\/2024\/09\/guterres-ONU-Mark-Garten.jpg\",\"contentUrl\":\"https:\/\/www.pressenza.com\/wp-content\/uploads\/2024\/09\/guterres-ONU-Mark-Garten.jpg\",\"width\":770,\"height\":420},{\"@type\":\"BreadcrumbList\",\"@id\":\"https:\/\/www.pressenza.com\/es\/2024\/09\/debemos-unirnos-para-cultivar-una-cultura-de-paz\/#breadcrumb\",\"itemListElement\":[{\"@type\":\"ListItem\",\"position\":1,\"name\":\"Accueil\",\"item\":\"https:\/\/www.pressenza.com\/es\/\"},{\"@type\":\"ListItem\",\"position\":2,\"name\":\"Debemos unirnos para cultivar una cultura de paz\"}]},{\"@type\":\"WebSite\",\"@id\":\"https:\/\/www.pressenza.com\/es\/#website\",\"url\":\"https:\/\/www.pressenza.com\/es\/\",\"name\":\"Pressenza\",\"description\":\"International Press Agency\",\"publisher\":{\"@id\":\"https:\/\/www.pressenza.com\/es\/#organization\"},\"potentialAction\":[{\"@type\":\"SearchAction\",\"target\":{\"@type\":\"EntryPoint\",\"urlTemplate\":\"https:\/\/www.pressenza.com\/es\/?s={search_term_string}\"},\"query-input\":{\"@type\":\"PropertyValueSpecification\",\"valueRequired\":true,\"valueName\":\"search_term_string\"}}],\"inLanguage\":\"es\"},{\"@type\":\"Organization\",\"@id\":\"https:\/\/www.pressenza.com\/es\/#organization\",\"name\":\"Pressenza\",\"url\":\"https:\/\/www.pressenza.com\/es\/\",\"logo\":{\"@type\":\"ImageObject\",\"inLanguage\":\"es\",\"@id\":\"https:\/\/www.pressenza.com\/es\/#\/schema\/logo\/image\/\",\"url\":\"https:\/\/www.pressenza.com\/wp-content\/uploads\/2022\/10\/pressenza_logo_200x200.jpg\",\"contentUrl\":\"https:\/\/www.pressenza.com\/wp-content\/uploads\/2022\/10\/pressenza_logo_200x200.jpg\",\"width\":200,\"height\":200,\"caption\":\"Pressenza\"},\"image\":{\"@id\":\"https:\/\/www.pressenza.com\/es\/#\/schema\/logo\/image\/\"},\"sameAs\":[\"https:\/\/www.facebook.com\/PressenzaItalia\",\"https:\/\/x.com\/PressenzaIPA\"]},{\"@type\":\"Person\",\"@id\":\"https:\/\/www.pressenza.com\/es\/#\/schema\/person\/e86c29a41185b85084a478822f5de81b\",\"name\":\"Redacci\u00f3n Per\u00fa\",\"description\":\"News published by the Pressenza bureau in Peru\",\"url\":\"https:\/\/www.pressenza.com\/es\/author\/redaccion-peru\/\"}]}<\/script>\n<!-- \/ Yoast SEO plugin. -->","yoast_head_json":{"title":"Debemos unirnos para cultivar una cultura de paz","description":"\u201cLa paz est\u00e1 amenazada\u201d afirm\u00f3 el Secretario General de la ONU, Antonio Guterres, durante la ceremonia anual frente a la Campana de la Paz, evidenciando","robots":{"index":"index","follow":"follow","max-snippet":"max-snippet:-1","max-image-preview":"max-image-preview:large","max-video-preview":"max-video-preview:-1"},"canonical":"https:\/\/www.pressenza.com\/es\/2024\/09\/debemos-unirnos-para-cultivar-una-cultura-de-paz\/","og_locale":"es_ES","og_type":"article","og_title":"Debemos unirnos para cultivar una cultura de paz","og_description":"\u201cLa paz est\u00e1 amenazada\u201d afirm\u00f3 el Secretario General de la ONU, Antonio Guterres, durante la ceremonia anual frente a la Campana de la Paz, evidenciando","og_url":"https:\/\/www.pressenza.com\/es\/2024\/09\/debemos-unirnos-para-cultivar-una-cultura-de-paz\/","og_site_name":"Pressenza","article_publisher":"https:\/\/www.facebook.com\/PressenzaItalia","article_published_time":"2024-09-14T02:42:51+00:00","og_image":[{"width":770,"height":420,"url":"https:\/\/www.pressenza.com\/wp-content\/uploads\/2024\/09\/guterres-ONU-Mark-Garten.jpg","type":"image\/jpeg"}],"author":"Redacci\u00f3n Per\u00fa","twitter_card":"summary_large_image","twitter_creator":"@PressenzaIPA","twitter_site":"@PressenzaIPA","twitter_misc":{"Escrito por":"Redacci\u00f3n Per\u00fa","Tiempo de lectura":"2 minutos"},"schema":{"@context":"https:\/\/schema.org","@graph":[{"@type":"Article","@id":"https:\/\/www.pressenza.com\/es\/2024\/09\/debemos-unirnos-para-cultivar-una-cultura-de-paz\/#article","isPartOf":{"@id":"https:\/\/www.pressenza.com\/es\/2024\/09\/debemos-unirnos-para-cultivar-una-cultura-de-paz\/"},"author":{"name":"Redacci\u00f3n Per\u00fa","@id":"https:\/\/www.pressenza.com\/es\/#\/schema\/person\/e86c29a41185b85084a478822f5de81b"},"headline":"Debemos unirnos para cultivar una cultura de paz","datePublished":"2024-09-14T02:42:51+00:00","mainEntityOfPage":{"@id":"https:\/\/www.pressenza.com\/es\/2024\/09\/debemos-unirnos-para-cultivar-una-cultura-de-paz\/"},"wordCount":448,"publisher":{"@id":"https:\/\/www.pressenza.com\/es\/#organization"},"image":{"@id":"https:\/\/www.pressenza.com\/es\/2024\/09\/debemos-unirnos-para-cultivar-una-cultura-de-paz\/#primaryimage"},"thumbnailUrl":"https:\/\/www.pressenza.com\/wp-content\/uploads\/2024\/09\/guterres-ONU-Mark-Garten.jpg","keywords":["Cultura de paz","Derechos humanos","militarizaci\u00f3n"],"articleSection":["Asuntos internacionales","Contenido Original","Derechos Humanos","Internacional","Noviolencia","Paz y Desarme","Pol\u00edtica"],"inLanguage":"es"},{"@type":"WebPage","@id":"https:\/\/www.pressenza.com\/es\/2024\/09\/debemos-unirnos-para-cultivar-una-cultura-de-paz\/","url":"https:\/\/www.pressenza.com\/es\/2024\/09\/debemos-unirnos-para-cultivar-una-cultura-de-paz\/","name":"Debemos unirnos para cultivar una cultura de paz","isPartOf":{"@id":"https:\/\/www.pressenza.com\/es\/#website"},"primaryImageOfPage":{"@id":"https:\/\/www.pressenza.com\/es\/2024\/09\/debemos-unirnos-para-cultivar-una-cultura-de-paz\/#primaryimage"},"image":{"@id":"https:\/\/www.pressenza.com\/es\/2024\/09\/debemos-unirnos-para-cultivar-una-cultura-de-paz\/#primaryimage"},"thumbnailUrl":"https:\/\/www.pressenza.com\/wp-content\/uploads\/2024\/09\/guterres-ONU-Mark-Garten.jpg","datePublished":"2024-09-14T02:42:51+00:00","description":"\u201cLa paz est\u00e1 amenazada\u201d afirm\u00f3 el Secretario General de la ONU, Antonio Guterres, durante la ceremonia anual frente a la Campana de la Paz, evidenciando","breadcrumb":{"@id":"https:\/\/www.pressenza.com\/es\/2024\/09\/debemos-unirnos-para-cultivar-una-cultura-de-paz\/#breadcrumb"},"inLanguage":"es","potentialAction":[{"@type":"ReadAction","target":["https:\/\/www.pressenza.com\/es\/2024\/09\/debemos-unirnos-para-cultivar-una-cultura-de-paz\/"]}]},{"@type":"ImageObject","inLanguage":"es","@id":"https:\/\/www.pressenza.com\/es\/2024\/09\/debemos-unirnos-para-cultivar-una-cultura-de-paz\/#primaryimage","url":"https:\/\/www.pressenza.com\/wp-content\/uploads\/2024\/09\/guterres-ONU-Mark-Garten.jpg","contentUrl":"https:\/\/www.pressenza.com\/wp-content\/uploads\/2024\/09\/guterres-ONU-Mark-Garten.jpg","width":770,"height":420},{"@type":"BreadcrumbList","@id":"https:\/\/www.pressenza.com\/es\/2024\/09\/debemos-unirnos-para-cultivar-una-cultura-de-paz\/#breadcrumb","itemListElement":[{"@type":"ListItem","position":1,"name":"Accueil","item":"https:\/\/www.pressenza.com\/es\/"},{"@type":"ListItem","position":2,"name":"Debemos unirnos para cultivar una cultura de paz"}]},{"@type":"WebSite","@id":"https:\/\/www.pressenza.com\/es\/#website","url":"https:\/\/www.pressenza.com\/es\/","name":"Pressenza","description":"International Press Agency","publisher":{"@id":"https:\/\/www.pressenza.com\/es\/#organization"},"potentialAction":[{"@type":"SearchAction","target":{"@type":"EntryPoint","urlTemplate":"https:\/\/www.pressenza.com\/es\/?s={search_term_string}"},"query-input":{"@type":"PropertyValueSpecification","valueRequired":true,"valueName":"search_term_string"}}],"inLanguage":"es"},{"@type":"Organization","@id":"https:\/\/www.pressenza.com\/es\/#organization","name":"Pressenza","url":"https:\/\/www.pressenza.com\/es\/","logo":{"@type":"ImageObject","inLanguage":"es","@id":"https:\/\/www.pressenza.com\/es\/#\/schema\/logo\/image\/","url":"https:\/\/www.pressenza.com\/wp-content\/uploads\/2022\/10\/pressenza_logo_200x200.jpg","contentUrl":"https:\/\/www.pressenza.com\/wp-content\/uploads\/2022\/10\/pressenza_logo_200x200.jpg","width":200,"height":200,"caption":"Pressenza"},"image":{"@id":"https:\/\/www.pressenza.com\/es\/#\/schema\/logo\/image\/"},"sameAs":["https:\/\/www.facebook.com\/PressenzaItalia","https:\/\/x.com\/PressenzaIPA"]},{"@type":"Person","@id":"https:\/\/www.pressenza.com\/es\/#\/schema\/person\/e86c29a41185b85084a478822f5de81b","name":"Redacci\u00f3n Per\u00fa","description":"News published by the Pressenza bureau in Peru","url":"https:\/\/www.pressenza.com\/es\/author\/redaccion-peru\/"}]}},"place":"","original_article_url":"","_links":{"self":[{"href":"https:\/\/www.pressenza.com\/es\/wp-json\/wp\/v2\/posts\/2547767","targetHints":{"allow":["GET"]}}],"collection":[{"href":"https:\/\/www.pressenza.com\/es\/wp-json\/wp\/v2\/posts"}],"about":[{"href":"https:\/\/www.pressenza.com\/es\/wp-json\/wp\/v2\/types\/post"}],"author":[{"embeddable":true,"href":"https:\/\/www.pressenza.com\/es\/wp-json\/wp\/v2\/users\/831"}],"replies":[{"embeddable":true,"href":"https:\/\/www.pressenza.com\/es\/wp-json\/wp\/v2\/comments?post=2547767"}],"version-history":[{"count":0,"href":"https:\/\/www.pressenza.com\/es\/wp-json\/wp\/v2\/posts\/2547767\/revisions"}],"wp:featuredmedia":[{"embeddable":true,"href":"https:\/\/www.pressenza.com\/es\/wp-json\/wp\/v2\/media\/2547768"}],"wp:attachment":[{"href":"https:\/\/www.pressenza.com\/es\/wp-json\/wp\/v2\/media?parent=2547767"}],"wp:term":[{"taxonomy":"category","embeddable":true,"href":"https:\/\/www.pressenza.com\/es\/wp-json\/wp\/v2\/categories?post=2547767"},{"taxonomy":"post_tag","embeddable":true,"href":"https:\/\/www.pressenza.com\/es\/wp-json\/wp\/v2\/tags?post=2547767"}],"curies":[{"name":"wp","href":"https:\/\/api.w.org\/{rel}","templated":true}]}}