{"id":2547141,"date":"2024-09-10T14:41:56","date_gmt":"2024-09-10T13:41:56","guid":{"rendered":"https:\/\/www.pressenza.com\/?p=2547141"},"modified":"2024-09-10T14:41:56","modified_gmt":"2024-09-10T13:41:56","slug":"entrevista-a-paulina-jara-straussmann-escritora-infantil-y-su-libro-petalo-a-petalo","status":"publish","type":"post","link":"https:\/\/www.pressenza.com\/es\/2024\/09\/entrevista-a-paulina-jara-straussmann-escritora-infantil-y-su-libro-petalo-a-petalo\/","title":{"rendered":"Entrevista a Paulina Jara Straussmann escritora infantil y su libro \u00abP\u00e9talo a p\u00e9talo\u00bb"},"content":{"rendered":"<p><em>P\u00e9talo a p\u00e9talo<\/em> es una invitaci\u00f3n para que los beb\u00e9s puedan recorrer Chile y conozcan la sorprendente flora de nuestro pa\u00eds y los peque\u00f1os seres que conviven en este colorido ecosistema. En este libro, publicado por Mis ra\u00edces editorial dedicada al patrimonio, podremos conocer algunas flores como la pata de guanaco, la a\u00f1a\u00f1uca, la garra de le\u00f3n, la oreja de zorro y zapatitos de la Virgen, diecis\u00e9is p\u00e1ginas hermosamente ilustradas por Paulina Lombardo.<\/p>\n<p>\u201cDesde que viaj\u00e9 al desierto florido y adem\u00e1s en mis visitas que hago al norte, me qued\u00f3 en el coraz\u00f3n la idea de difundir la flora chilena, nuestro pa\u00eds es tan largo y no todas las personas pueden viajar al norte y no todos pueden ir al sur. Pens\u00e9 que es importante que los ni\u00f1os puedan conocer la flora chilena, aunque el primer conocimiento sea a trav\u00e9s de un libro y que eso les avive el deseo de conocerlas personalmente\u201d, dice Paulina Jara.<\/p>\n<p>Paulina es educadora y escritora. Ha desarrollado una prol\u00edfica carrera centrada en la animaci\u00f3n lectora y la narraci\u00f3n oral, lo que tambi\u00e9n la ha llevado a trabajar como experta en la asesor\u00eda para bibliotecas escolares. Desde 2010, ha publicado m\u00e1s de 25 t\u00edtulos que, en forma po\u00e9tica, desarrollan tem\u00e1ticas especialmente destinadas a primeros lectores y a ni\u00f1os y ni\u00f1as en general. Algunas de sus obras han obtenido reconocimiento nacional e internacional, como <em>La Princesa P\u00e1lida Luna<\/em>, finalista del Premio Municipal de Literatura 2018; <em>Peque\u00f1o verde<\/em>, recomendado por la Fundaci\u00f3n Cuatrogatos 2021; <em>La balanza inclinad<\/em>a, seleccionado entre los mejores del Banco del Libro de<br \/>\nVenezuela 2022; <em>Versos para la infancia que espera<\/em> y <em>Prohibido decir caca,<\/em> escogidos entre los mejores del Banco del Libro de Venezuela 2023; <em>Las ra\u00edces del bosqu<\/em>e, Premio Mejor Obra Infantil y Juvenil 2021 elegida por las librer\u00edas interdependientes de Chile.<\/p>\n<p><iframe loading=\"lazy\" title=\"Entrevista a Paulina Jara por su libro P\u00e9talo a p\u00e9talo , publicado por Editorial Mis Ra\u00edces\" width=\"500\" height=\"281\" src=\"https:\/\/www.youtube.com\/embed\/pxHjBK_ONs4?feature=oembed\" frameborder=\"0\" allow=\"accelerometer; autoplay; clipboard-write; encrypted-media; gyroscope; picture-in-picture; web-share\" referrerpolicy=\"strict-origin-when-cross-origin\" allowfullscreen><\/iframe><\/p>\n","protected":false},"excerpt":{"rendered":"<p>P\u00e9talo a p\u00e9talo es una invitaci\u00f3n para que los beb\u00e9s puedan recorrer Chile y conozcan la sorprendente flora de nuestro pa\u00eds y los peque\u00f1os seres que conviven en este colorido ecosistema. En este libro, publicado por Mis ra\u00edces editorial dedicada&hellip;<\/p>\n","protected":false},"author":2011,"featured_media":2547143,"comment_status":"closed","ping_status":"closed","sticky":false,"template":"","format":"standard","meta":{"footnotes":""},"categories":[11389,75,155,67,25678],"tags":[29,1042],"class_list":["post-2547141","post","type-post","status-publish","format-standard","has-post-thumbnail","hentry","category-contenido-original","category-cultura-es","category-entrevistas","category-sudamerica","category-video-es","tag-chile","tag-libros"],"yoast_head":"<!-- This site is optimized with the Yoast SEO plugin v27.1.1 - https:\/\/yoast.com\/product\/yoast-seo-wordpress\/ -->\n<title>Entrevista a Paulina Jara Straussmann escritora infantil y su libro &quot;P\u00e9talo a p\u00e9talo&quot;<\/title>\n<meta name=\"description\" content=\"P\u00e9talo a p\u00e9talo es una invitaci\u00f3n para que los beb\u00e9s puedan recorrer Chile y conozcan la sorprendente flora de nuestro pa\u00eds y los peque\u00f1os seres que\" \/>\n<meta name=\"robots\" content=\"index, follow, max-snippet:-1, max-image-preview:large, max-video-preview:-1\" \/>\n<link rel=\"canonical\" href=\"https:\/\/www.pressenza.com\/es\/2024\/09\/entrevista-a-paulina-jara-straussmann-escritora-infantil-y-su-libro-petalo-a-petalo\/\" \/>\n<meta property=\"og:locale\" content=\"es_ES\" \/>\n<meta property=\"og:type\" content=\"article\" \/>\n<meta property=\"og:title\" content=\"Entrevista a Paulina Jara Straussmann escritora infantil y su libro &quot;P\u00e9talo a p\u00e9talo&quot;\" \/>\n<meta property=\"og:description\" content=\"P\u00e9talo a p\u00e9talo es una invitaci\u00f3n para que los beb\u00e9s puedan recorrer Chile y conozcan la sorprendente flora de nuestro pa\u00eds y los peque\u00f1os seres que\" \/>\n<meta property=\"og:url\" content=\"https:\/\/www.pressenza.com\/es\/2024\/09\/entrevista-a-paulina-jara-straussmann-escritora-infantil-y-su-libro-petalo-a-petalo\/\" \/>\n<meta property=\"og:site_name\" content=\"Pressenza\" \/>\n<meta property=\"article:publisher\" content=\"https:\/\/www.facebook.com\/PressenzaItalia\" \/>\n<meta property=\"article:published_time\" content=\"2024-09-10T13:41:56+00:00\" \/>\n<meta property=\"og:image\" content=\"https:\/\/www.pressenza.com\/wp-content\/uploads\/2024\/09\/IMG-20240909-WA0074.jpg\" \/>\n\t<meta property=\"og:image:width\" content=\"1600\" \/>\n\t<meta property=\"og:image:height\" content=\"738\" \/>\n\t<meta property=\"og:image:type\" content=\"image\/jpeg\" \/>\n<meta name=\"author\" content=\"Mariana Hales Beseler\" \/>\n<meta name=\"twitter:card\" content=\"summary_large_image\" \/>\n<meta name=\"twitter:creator\" content=\"@PressenzaIPA\" \/>\n<meta name=\"twitter:site\" content=\"@PressenzaIPA\" \/>\n<meta name=\"twitter:label1\" content=\"Escrito por\" \/>\n\t<meta name=\"twitter:data1\" content=\"Mariana Hales Beseler\" \/>\n\t<meta name=\"twitter:label2\" content=\"Tiempo de lectura\" \/>\n\t<meta name=\"twitter:data2\" content=\"2 minutos\" \/>\n<script type=\"application\/ld+json\" class=\"yoast-schema-graph\">{\"@context\":\"https:\/\/schema.org\",\"@graph\":[{\"@type\":\"Article\",\"@id\":\"https:\/\/www.pressenza.com\/es\/2024\/09\/entrevista-a-paulina-jara-straussmann-escritora-infantil-y-su-libro-petalo-a-petalo\/#article\",\"isPartOf\":{\"@id\":\"https:\/\/www.pressenza.com\/es\/2024\/09\/entrevista-a-paulina-jara-straussmann-escritora-infantil-y-su-libro-petalo-a-petalo\/\"},\"author\":{\"name\":\"Mariana Hales Beseler\",\"@id\":\"https:\/\/www.pressenza.com\/es\/#\/schema\/person\/03ad45693deae00354a5a14ad538ed1e\"},\"headline\":\"Entrevista a Paulina Jara Straussmann escritora infantil y su libro \u00abP\u00e9talo a p\u00e9talo\u00bb\",\"datePublished\":\"2024-09-10T13:41:56+00:00\",\"mainEntityOfPage\":{\"@id\":\"https:\/\/www.pressenza.com\/es\/2024\/09\/entrevista-a-paulina-jara-straussmann-escritora-infantil-y-su-libro-petalo-a-petalo\/\"},\"wordCount\":349,\"publisher\":{\"@id\":\"https:\/\/www.pressenza.com\/es\/#organization\"},\"image\":{\"@id\":\"https:\/\/www.pressenza.com\/es\/2024\/09\/entrevista-a-paulina-jara-straussmann-escritora-infantil-y-su-libro-petalo-a-petalo\/#primaryimage\"},\"thumbnailUrl\":\"https:\/\/www.pressenza.com\/wp-content\/uploads\/2024\/09\/IMG-20240909-WA0074.jpg\",\"keywords\":[\"Chile\",\"libros\"],\"articleSection\":[\"Contenido Original\",\"Cultura y Medios\",\"Entrevistas\",\"Sudam\u00e9rica\",\"Video\"],\"inLanguage\":\"es\"},{\"@type\":\"WebPage\",\"@id\":\"https:\/\/www.pressenza.com\/es\/2024\/09\/entrevista-a-paulina-jara-straussmann-escritora-infantil-y-su-libro-petalo-a-petalo\/\",\"url\":\"https:\/\/www.pressenza.com\/es\/2024\/09\/entrevista-a-paulina-jara-straussmann-escritora-infantil-y-su-libro-petalo-a-petalo\/\",\"name\":\"Entrevista a Paulina Jara Straussmann escritora infantil y su libro \\\"P\u00e9talo a p\u00e9talo\\\"\",\"isPartOf\":{\"@id\":\"https:\/\/www.pressenza.com\/es\/#website\"},\"primaryImageOfPage\":{\"@id\":\"https:\/\/www.pressenza.com\/es\/2024\/09\/entrevista-a-paulina-jara-straussmann-escritora-infantil-y-su-libro-petalo-a-petalo\/#primaryimage\"},\"image\":{\"@id\":\"https:\/\/www.pressenza.com\/es\/2024\/09\/entrevista-a-paulina-jara-straussmann-escritora-infantil-y-su-libro-petalo-a-petalo\/#primaryimage\"},\"thumbnailUrl\":\"https:\/\/www.pressenza.com\/wp-content\/uploads\/2024\/09\/IMG-20240909-WA0074.jpg\",\"datePublished\":\"2024-09-10T13:41:56+00:00\",\"description\":\"P\u00e9talo a p\u00e9talo es una invitaci\u00f3n para que los beb\u00e9s puedan recorrer Chile y conozcan la sorprendente flora de nuestro pa\u00eds y los peque\u00f1os seres que\",\"breadcrumb\":{\"@id\":\"https:\/\/www.pressenza.com\/es\/2024\/09\/entrevista-a-paulina-jara-straussmann-escritora-infantil-y-su-libro-petalo-a-petalo\/#breadcrumb\"},\"inLanguage\":\"es\",\"potentialAction\":[{\"@type\":\"ReadAction\",\"target\":[\"https:\/\/www.pressenza.com\/es\/2024\/09\/entrevista-a-paulina-jara-straussmann-escritora-infantil-y-su-libro-petalo-a-petalo\/\"]}]},{\"@type\":\"ImageObject\",\"inLanguage\":\"es\",\"@id\":\"https:\/\/www.pressenza.com\/es\/2024\/09\/entrevista-a-paulina-jara-straussmann-escritora-infantil-y-su-libro-petalo-a-petalo\/#primaryimage\",\"url\":\"https:\/\/www.pressenza.com\/wp-content\/uploads\/2024\/09\/IMG-20240909-WA0074.jpg\",\"contentUrl\":\"https:\/\/www.pressenza.com\/wp-content\/uploads\/2024\/09\/IMG-20240909-WA0074.jpg\",\"width\":1600,\"height\":738},{\"@type\":\"BreadcrumbList\",\"@id\":\"https:\/\/www.pressenza.com\/es\/2024\/09\/entrevista-a-paulina-jara-straussmann-escritora-infantil-y-su-libro-petalo-a-petalo\/#breadcrumb\",\"itemListElement\":[{\"@type\":\"ListItem\",\"position\":1,\"name\":\"Accueil\",\"item\":\"https:\/\/www.pressenza.com\/es\/\"},{\"@type\":\"ListItem\",\"position\":2,\"name\":\"Entrevista a Paulina Jara Straussmann escritora infantil y su libro \u00abP\u00e9talo a p\u00e9talo\u00bb\"}]},{\"@type\":\"WebSite\",\"@id\":\"https:\/\/www.pressenza.com\/es\/#website\",\"url\":\"https:\/\/www.pressenza.com\/es\/\",\"name\":\"Pressenza\",\"description\":\"International Press Agency\",\"publisher\":{\"@id\":\"https:\/\/www.pressenza.com\/es\/#organization\"},\"potentialAction\":[{\"@type\":\"SearchAction\",\"target\":{\"@type\":\"EntryPoint\",\"urlTemplate\":\"https:\/\/www.pressenza.com\/es\/?s={search_term_string}\"},\"query-input\":{\"@type\":\"PropertyValueSpecification\",\"valueRequired\":true,\"valueName\":\"search_term_string\"}}],\"inLanguage\":\"es\"},{\"@type\":\"Organization\",\"@id\":\"https:\/\/www.pressenza.com\/es\/#organization\",\"name\":\"Pressenza\",\"url\":\"https:\/\/www.pressenza.com\/es\/\",\"logo\":{\"@type\":\"ImageObject\",\"inLanguage\":\"es\",\"@id\":\"https:\/\/www.pressenza.com\/es\/#\/schema\/logo\/image\/\",\"url\":\"https:\/\/www.pressenza.com\/wp-content\/uploads\/2022\/10\/pressenza_logo_200x200.jpg\",\"contentUrl\":\"https:\/\/www.pressenza.com\/wp-content\/uploads\/2022\/10\/pressenza_logo_200x200.jpg\",\"width\":200,\"height\":200,\"caption\":\"Pressenza\"},\"image\":{\"@id\":\"https:\/\/www.pressenza.com\/es\/#\/schema\/logo\/image\/\"},\"sameAs\":[\"https:\/\/www.facebook.com\/PressenzaItalia\",\"https:\/\/x.com\/PressenzaIPA\"]},{\"@type\":\"Person\",\"@id\":\"https:\/\/www.pressenza.com\/es\/#\/schema\/person\/03ad45693deae00354a5a14ad538ed1e\",\"name\":\"Mariana Hales Beseler\",\"description\":\"Periodista chilena. Desde el a\u00f1o 2003 trabaja en distintas editoriales como encargada de comunicaciones, en relaci\u00f3n con muchos autores y sus creaciones. El a\u00f1o 2012 cre\u00f3 una oficina de servicios editoriales y comunicacionales a trav\u00e9s de la cual hace prensa y difusi\u00f3n, asesor\u00edas para autores y temas relacionados a la edici\u00f3n y publicaci\u00f3n de libros. Desde ese mismo a\u00f1o trabaja con Chilevisi\u00f3n para la concreci\u00f3n del proyecto audiovisual \\\"In\u00e9s\\\", basado en el libro \\\"In\u00e9s del Alma M\u00eda\\\" de Isabel Allende, el que pr\u00f3ximamente ser\u00e1 exhibido en Chile.\",\"sameAs\":[\"http:\/\/www.marianahales.com\/\"],\"url\":\"https:\/\/www.pressenza.com\/es\/author\/mariana-hales-beseler\/\"}]}<\/script>\n<!-- \/ Yoast SEO plugin. -->","yoast_head_json":{"title":"Entrevista a Paulina Jara Straussmann escritora infantil y su libro \"P\u00e9talo a p\u00e9talo\"","description":"P\u00e9talo a p\u00e9talo es una invitaci\u00f3n para que los beb\u00e9s puedan recorrer Chile y conozcan la sorprendente flora de nuestro pa\u00eds y los peque\u00f1os seres que","robots":{"index":"index","follow":"follow","max-snippet":"max-snippet:-1","max-image-preview":"max-image-preview:large","max-video-preview":"max-video-preview:-1"},"canonical":"https:\/\/www.pressenza.com\/es\/2024\/09\/entrevista-a-paulina-jara-straussmann-escritora-infantil-y-su-libro-petalo-a-petalo\/","og_locale":"es_ES","og_type":"article","og_title":"Entrevista a Paulina Jara Straussmann escritora infantil y su libro \"P\u00e9talo a p\u00e9talo\"","og_description":"P\u00e9talo a p\u00e9talo es una invitaci\u00f3n para que los beb\u00e9s puedan recorrer Chile y conozcan la sorprendente flora de nuestro pa\u00eds y los peque\u00f1os seres que","og_url":"https:\/\/www.pressenza.com\/es\/2024\/09\/entrevista-a-paulina-jara-straussmann-escritora-infantil-y-su-libro-petalo-a-petalo\/","og_site_name":"Pressenza","article_publisher":"https:\/\/www.facebook.com\/PressenzaItalia","article_published_time":"2024-09-10T13:41:56+00:00","og_image":[{"width":1600,"height":738,"url":"https:\/\/www.pressenza.com\/wp-content\/uploads\/2024\/09\/IMG-20240909-WA0074.jpg","type":"image\/jpeg"}],"author":"Mariana Hales Beseler","twitter_card":"summary_large_image","twitter_creator":"@PressenzaIPA","twitter_site":"@PressenzaIPA","twitter_misc":{"Escrito por":"Mariana Hales Beseler","Tiempo de lectura":"2 minutos"},"schema":{"@context":"https:\/\/schema.org","@graph":[{"@type":"Article","@id":"https:\/\/www.pressenza.com\/es\/2024\/09\/entrevista-a-paulina-jara-straussmann-escritora-infantil-y-su-libro-petalo-a-petalo\/#article","isPartOf":{"@id":"https:\/\/www.pressenza.com\/es\/2024\/09\/entrevista-a-paulina-jara-straussmann-escritora-infantil-y-su-libro-petalo-a-petalo\/"},"author":{"name":"Mariana Hales Beseler","@id":"https:\/\/www.pressenza.com\/es\/#\/schema\/person\/03ad45693deae00354a5a14ad538ed1e"},"headline":"Entrevista a Paulina Jara Straussmann escritora infantil y su libro \u00abP\u00e9talo a p\u00e9talo\u00bb","datePublished":"2024-09-10T13:41:56+00:00","mainEntityOfPage":{"@id":"https:\/\/www.pressenza.com\/es\/2024\/09\/entrevista-a-paulina-jara-straussmann-escritora-infantil-y-su-libro-petalo-a-petalo\/"},"wordCount":349,"publisher":{"@id":"https:\/\/www.pressenza.com\/es\/#organization"},"image":{"@id":"https:\/\/www.pressenza.com\/es\/2024\/09\/entrevista-a-paulina-jara-straussmann-escritora-infantil-y-su-libro-petalo-a-petalo\/#primaryimage"},"thumbnailUrl":"https:\/\/www.pressenza.com\/wp-content\/uploads\/2024\/09\/IMG-20240909-WA0074.jpg","keywords":["Chile","libros"],"articleSection":["Contenido Original","Cultura y Medios","Entrevistas","Sudam\u00e9rica","Video"],"inLanguage":"es"},{"@type":"WebPage","@id":"https:\/\/www.pressenza.com\/es\/2024\/09\/entrevista-a-paulina-jara-straussmann-escritora-infantil-y-su-libro-petalo-a-petalo\/","url":"https:\/\/www.pressenza.com\/es\/2024\/09\/entrevista-a-paulina-jara-straussmann-escritora-infantil-y-su-libro-petalo-a-petalo\/","name":"Entrevista a Paulina Jara Straussmann escritora infantil y su libro \"P\u00e9talo a p\u00e9talo\"","isPartOf":{"@id":"https:\/\/www.pressenza.com\/es\/#website"},"primaryImageOfPage":{"@id":"https:\/\/www.pressenza.com\/es\/2024\/09\/entrevista-a-paulina-jara-straussmann-escritora-infantil-y-su-libro-petalo-a-petalo\/#primaryimage"},"image":{"@id":"https:\/\/www.pressenza.com\/es\/2024\/09\/entrevista-a-paulina-jara-straussmann-escritora-infantil-y-su-libro-petalo-a-petalo\/#primaryimage"},"thumbnailUrl":"https:\/\/www.pressenza.com\/wp-content\/uploads\/2024\/09\/IMG-20240909-WA0074.jpg","datePublished":"2024-09-10T13:41:56+00:00","description":"P\u00e9talo a p\u00e9talo es una invitaci\u00f3n para que los beb\u00e9s puedan recorrer Chile y conozcan la sorprendente flora de nuestro pa\u00eds y los peque\u00f1os seres que","breadcrumb":{"@id":"https:\/\/www.pressenza.com\/es\/2024\/09\/entrevista-a-paulina-jara-straussmann-escritora-infantil-y-su-libro-petalo-a-petalo\/#breadcrumb"},"inLanguage":"es","potentialAction":[{"@type":"ReadAction","target":["https:\/\/www.pressenza.com\/es\/2024\/09\/entrevista-a-paulina-jara-straussmann-escritora-infantil-y-su-libro-petalo-a-petalo\/"]}]},{"@type":"ImageObject","inLanguage":"es","@id":"https:\/\/www.pressenza.com\/es\/2024\/09\/entrevista-a-paulina-jara-straussmann-escritora-infantil-y-su-libro-petalo-a-petalo\/#primaryimage","url":"https:\/\/www.pressenza.com\/wp-content\/uploads\/2024\/09\/IMG-20240909-WA0074.jpg","contentUrl":"https:\/\/www.pressenza.com\/wp-content\/uploads\/2024\/09\/IMG-20240909-WA0074.jpg","width":1600,"height":738},{"@type":"BreadcrumbList","@id":"https:\/\/www.pressenza.com\/es\/2024\/09\/entrevista-a-paulina-jara-straussmann-escritora-infantil-y-su-libro-petalo-a-petalo\/#breadcrumb","itemListElement":[{"@type":"ListItem","position":1,"name":"Accueil","item":"https:\/\/www.pressenza.com\/es\/"},{"@type":"ListItem","position":2,"name":"Entrevista a Paulina Jara Straussmann escritora infantil y su libro \u00abP\u00e9talo a p\u00e9talo\u00bb"}]},{"@type":"WebSite","@id":"https:\/\/www.pressenza.com\/es\/#website","url":"https:\/\/www.pressenza.com\/es\/","name":"Pressenza","description":"International Press Agency","publisher":{"@id":"https:\/\/www.pressenza.com\/es\/#organization"},"potentialAction":[{"@type":"SearchAction","target":{"@type":"EntryPoint","urlTemplate":"https:\/\/www.pressenza.com\/es\/?s={search_term_string}"},"query-input":{"@type":"PropertyValueSpecification","valueRequired":true,"valueName":"search_term_string"}}],"inLanguage":"es"},{"@type":"Organization","@id":"https:\/\/www.pressenza.com\/es\/#organization","name":"Pressenza","url":"https:\/\/www.pressenza.com\/es\/","logo":{"@type":"ImageObject","inLanguage":"es","@id":"https:\/\/www.pressenza.com\/es\/#\/schema\/logo\/image\/","url":"https:\/\/www.pressenza.com\/wp-content\/uploads\/2022\/10\/pressenza_logo_200x200.jpg","contentUrl":"https:\/\/www.pressenza.com\/wp-content\/uploads\/2022\/10\/pressenza_logo_200x200.jpg","width":200,"height":200,"caption":"Pressenza"},"image":{"@id":"https:\/\/www.pressenza.com\/es\/#\/schema\/logo\/image\/"},"sameAs":["https:\/\/www.facebook.com\/PressenzaItalia","https:\/\/x.com\/PressenzaIPA"]},{"@type":"Person","@id":"https:\/\/www.pressenza.com\/es\/#\/schema\/person\/03ad45693deae00354a5a14ad538ed1e","name":"Mariana Hales Beseler","description":"Periodista chilena. Desde el a\u00f1o 2003 trabaja en distintas editoriales como encargada de comunicaciones, en relaci\u00f3n con muchos autores y sus creaciones. El a\u00f1o 2012 cre\u00f3 una oficina de servicios editoriales y comunicacionales a trav\u00e9s de la cual hace prensa y difusi\u00f3n, asesor\u00edas para autores y temas relacionados a la edici\u00f3n y publicaci\u00f3n de libros. Desde ese mismo a\u00f1o trabaja con Chilevisi\u00f3n para la concreci\u00f3n del proyecto audiovisual \"In\u00e9s\", basado en el libro \"In\u00e9s del Alma M\u00eda\" de Isabel Allende, el que pr\u00f3ximamente ser\u00e1 exhibido en Chile.","sameAs":["http:\/\/www.marianahales.com\/"],"url":"https:\/\/www.pressenza.com\/es\/author\/mariana-hales-beseler\/"}]}},"place":"Santiago de Chile","original_article_url":"","_links":{"self":[{"href":"https:\/\/www.pressenza.com\/es\/wp-json\/wp\/v2\/posts\/2547141","targetHints":{"allow":["GET"]}}],"collection":[{"href":"https:\/\/www.pressenza.com\/es\/wp-json\/wp\/v2\/posts"}],"about":[{"href":"https:\/\/www.pressenza.com\/es\/wp-json\/wp\/v2\/types\/post"}],"author":[{"embeddable":true,"href":"https:\/\/www.pressenza.com\/es\/wp-json\/wp\/v2\/users\/2011"}],"replies":[{"embeddable":true,"href":"https:\/\/www.pressenza.com\/es\/wp-json\/wp\/v2\/comments?post=2547141"}],"version-history":[{"count":0,"href":"https:\/\/www.pressenza.com\/es\/wp-json\/wp\/v2\/posts\/2547141\/revisions"}],"wp:featuredmedia":[{"embeddable":true,"href":"https:\/\/www.pressenza.com\/es\/wp-json\/wp\/v2\/media\/2547143"}],"wp:attachment":[{"href":"https:\/\/www.pressenza.com\/es\/wp-json\/wp\/v2\/media?parent=2547141"}],"wp:term":[{"taxonomy":"category","embeddable":true,"href":"https:\/\/www.pressenza.com\/es\/wp-json\/wp\/v2\/categories?post=2547141"},{"taxonomy":"post_tag","embeddable":true,"href":"https:\/\/www.pressenza.com\/es\/wp-json\/wp\/v2\/tags?post=2547141"}],"curies":[{"name":"wp","href":"https:\/\/api.w.org\/{rel}","templated":true}]}}