{"id":2546430,"date":"2024-09-06T00:19:32","date_gmt":"2024-09-05T23:19:32","guid":{"rendered":"https:\/\/www.pressenza.com\/?p=2546430"},"modified":"2024-09-06T00:19:32","modified_gmt":"2024-09-05T23:19:32","slug":"prepara-zekenski-su-salida-de-ucrania","status":"publish","type":"post","link":"https:\/\/www.pressenza.com\/es\/2024\/09\/prepara-zekenski-su-salida-de-ucrania\/","title":{"rendered":"\u00bfPrepara Zekenski su salida de Ucrania?"},"content":{"rendered":"<p>Dado que las prioridades de la Administraci\u00f3n Biden ser\u00edan el posible inicio de la guerra de Israel contra L\u00edbano e Ir\u00e1n y el peligroso acercamiento de Putin a Vietnam para impedir la formaci\u00f3n de un arco nuclear contra China, el Pent\u00e1gono estar\u00eda sopesando la necesidad de firmar un Acuerdo de Paz con la Rusia de Putin. As\u00ed, el Pent\u00e1gono habr\u00eda visto cumplido ya su objetivo de impedir la expansi\u00f3n rusa al tenerlo cercado en sus fronteras al tiempo que Congreso y Senado considerar\u00edan ya el conflicto ucraniano como un pozo sin fondo al que conviene finiquitar con inmediatez.<\/p>\n<p><strong>\u00bfEst\u00e1 la OTAN involucrada en la incursi\u00f3n en Kursk?<\/strong><\/p>\n<p>Al estar EEUU inmerso en la campa\u00f1a electoral para las Presidenciales de Noviembre, Francia, Polonia y Reino Unido ser\u00edan el tridente elegido por los globalistas para implosionar el frente ucraniano antes de las Presidenciales de noviembre y provocar la entrada de la OTAN en un conflicto abierto con Rusia.<\/p>\n<p>La presencia de soldados polacos, franceses, brit\u00e1nicos y estadounidenses en la ofensiva sobre Kursk, supondr\u00eda la confirmaci\u00f3n de la entrada de la OTAN en conflicto abierto con la Rusia de Putin. La incursi\u00f3n en Kursk es el mayor ataque contra territorio soberano ruso desde que se inici\u00f3 el conflicto militar con Ucrania pues un m\u00ednimo de 5.000 soldados ucranianos dirigido por fuerzas de \u00e9lite de la OTAN y apoyados por tanques y veh\u00edculos blindados habr\u00edan invadido territorio ruso y alcanzado unos 10 km de profundidad, mientras Rusia tras superar la sorpresa inicial, habr\u00eda decretado un r\u00e9gimen especial de \u00aboperaci\u00f3n antiterrorista\u00bb en tres regiones fronterizas con Ucrania: Kursk, B\u00e9lgorod y Briansk.<\/p>\n<p>El objetivo confeso de la ofensiva ucranio-otaniana era obligar al mando ruso a retirar tropas de otras zonas sensibles del frente y ocupar la central nuclear cercana a la ciudad de Kurtsov para posteriormente consolidar las posiciones alcanzadas y utilizarlas como armas de presi\u00f3n en futuras negociaciones de paz. Sin embargo, dicha ofensiva no habr\u00eda conseguido sus objetivos iniciales, pues asistimos al imparable avance ruso en el Donb\u00e1s, al agravamiento de la crisis energ\u00e9tica causada por los ataques rusos y al incierto futuro de la suicida ofensiva ucraniana sobre Kursk que podr\u00eda finalizar con la huida o rendici\u00f3n de las tropas ucranianas.<\/p>\n<p>Asimismo el ataque con dos misiles bal\u00edsticos contra el Instituto Militar de Comunicaciones de la ciudad de Poltava con mas de 200 v\u00edctimas, ha generado las cr\u00edticas de analistas militares que acusan al Ministerio de Defensa de \u00abnegligencia de los mandos militares por permitir una concentraci\u00f3n de ese tipo\u00bb.<\/p>\n<p>De momento, las Fuerzas Armadas rusas han optado por utilizar la bomba a\u00e9rea FAB-3000 de tres toneladas sobre una zona de concentraci\u00f3n de tropas y de armamento del Ej\u00e9rcito de Ucrania en la regi\u00f3n de Sumi, desde donde \u00abKiev habr\u00eda lanzado su incursi\u00f3n terrestre en la regi\u00f3n de Kursk\u00bb, seg\u00fan el Ministerio de Defensa ruso y al embolsamiento de las tropas ucranio-otanianas mediante la t\u00e1ctica del \u00abcaldero o encirclement\u00bb.<\/p>\n<p>Esta situaci\u00f3n es sumamente peligrosa para la fuerza embolsada porque no puede recibir suministros ni refuerzos y\u00a0 porque pueden ser sometidas a ataques desde distintos flancos y dado que la retirada es inviable, deben optar por la rendici\u00f3n o morir en el intento.<\/p>\n<p><strong>\u00bfDejar\u00e1 caer Estados Unidos a Zelenski?<\/strong><\/p>\n<p>El mandato presidencial de Zelinski expir\u00f3 el 20 de mayo y aunque la Constituci\u00f3n ucraniana permite la pr\u00f3rroga autom\u00e1tica del cargo en caso de Ley Marcial, parte de la oposici\u00f3n cuestiona la legitimidad de dicha pr\u00f3rroga aduciendo que el cargo deber\u00eda pasar al actual Presidente de la C\u00e1mara, Rusl\u00e1n Stefanchuk.<\/p>\n<p>Asimismo, seg\u00fan \u00abThe Washington Post\u00bb, Zelenski destituy\u00f3 a funcionarios cercanos a EEUU que estaban dispuestos a combatir la end\u00e9mica corrupci\u00f3n, entre los que descolla la figura de Alex\u00e1nder Kubrakov, ex ministro de Infraestructuras y que estaba a cargo de la reconstrucci\u00f3n del pa\u00eds. La corrupci\u00f3n es un problema end\u00e9mico de Ucrania pues seg\u00fan el Indice de Transparencia, tendr\u00eda 32 puntos sobre 100 y seg\u00fan la ONG Trasparencia Internacional, en el 2021, el 23% de los usuarios de servicios p\u00fablicos habr\u00eda tenido que pagar alg\u00fan tipo de soborno.<\/p>\n<p>En la actualidad, asistimos a la dimisi\u00f3n o destituci\u00f3n de la mitad del Ejecutivo de Zelenski, entre los que descollar\u00eda el ministro de Exteriores, Dmytro Kuleba. Dichas dimisiones evidencian la soledad de un Zelenski agobiado por el imparable avance ruso en el Donb\u00e1s, el agravamiento de la crisis energ\u00e9tica causada por los ataques rusos y por el incierto futuro de la suicida ofensiva ucraniana sobre la regi\u00f3n rusa de Kursk, decisi\u00f3n unipersonal de un Zelenski acorralado.<\/p>\n<p>Dado que Zelensky se habr\u00eda ya convertido para EEUU en un lastre del que conviene desprenderse con inmediatez, no ser\u00eda descartable un golpe de mano dirigido por el Teniente general Valerii Zaluzhnyi, defenestrado por Zelenski por sus desacuerdos t\u00e1cticos y verdadero l\u00edder del Ej\u00e9rcito ucraniano. Dicho golpe contar\u00eda con las bendiciones de EEUU y tras ser acusado de corrupci\u00f3n, Zelenski se ver\u00eda obligado a exiliarse en EEUU y ser\u00eda sustituido por la Troika conformada por el teniente general Valerii Zaluzhnyi, el ex ministro de Exteriores, Dmytro Kuleba y el ex ministro de Infraestructuras, Alexander Kubrakov, quienes ser\u00e1n los encargados de negociar el Acuerdo de Paz con Rusia, la posterior tarea de reconstrucci\u00f3n del pa\u00eds y del dise\u00f1o de la nueva cartograf\u00eda de Ucrania.<\/p>\n","protected":false},"excerpt":{"rendered":"<p>Dado que las prioridades de la Administraci\u00f3n Biden ser\u00edan el posible inicio de la guerra de Israel contra L\u00edbano e Ir\u00e1n y el peligroso acercamiento de Putin a Vietnam para impedir la formaci\u00f3n de un arco nuclear contra China, el&hellip;<\/p>\n","protected":false},"author":1505,"featured_media":2546431,"comment_status":"closed","ping_status":"closed","sticky":false,"template":"","format":"standard","meta":{"footnotes":""},"categories":[76,11389,66,161,1243],"tags":[8879,99918],"class_list":["post-2546430","post","type-post","status-publish","format-standard","has-post-thumbnail","hentry","category-relaciones-exteriores","category-contenido-original","category-europa-es","category-opiniones","category-paz-desarme","tag-ucrania","tag-zelensky"],"yoast_head":"<!-- This site is optimized with the Yoast SEO plugin v27.1.1 - https:\/\/yoast.com\/product\/yoast-seo-wordpress\/ -->\n<title>\u00bfPrepara Zekenski su salida de Ucrania?<\/title>\n<meta name=\"description\" content=\"Dado que las prioridades de la Administraci\u00f3n Biden ser\u00edan el posible inicio de la guerra de Israel contra L\u00edbano e Ir\u00e1n y el peligroso acercamiento de\" \/>\n<meta name=\"robots\" content=\"index, follow, max-snippet:-1, max-image-preview:large, max-video-preview:-1\" \/>\n<link rel=\"canonical\" href=\"https:\/\/www.pressenza.com\/es\/2024\/09\/prepara-zekenski-su-salida-de-ucrania\/\" \/>\n<meta property=\"og:locale\" content=\"es_ES\" \/>\n<meta property=\"og:type\" content=\"article\" \/>\n<meta property=\"og:title\" content=\"\u00bfPrepara Zekenski su salida de Ucrania?\" \/>\n<meta property=\"og:description\" content=\"Dado que las prioridades de la Administraci\u00f3n Biden ser\u00edan el posible inicio de la guerra de Israel contra L\u00edbano e Ir\u00e1n y el peligroso acercamiento de\" \/>\n<meta property=\"og:url\" content=\"https:\/\/www.pressenza.com\/es\/2024\/09\/prepara-zekenski-su-salida-de-ucrania\/\" \/>\n<meta property=\"og:site_name\" content=\"Pressenza\" \/>\n<meta property=\"article:publisher\" content=\"https:\/\/www.facebook.com\/PressenzaItalia\" \/>\n<meta property=\"article:published_time\" content=\"2024-09-05T23:19:32+00:00\" \/>\n<meta property=\"og:image\" content=\"https:\/\/www.pressenza.com\/wp-content\/uploads\/2024\/09\/Z.jpeg\" \/>\n\t<meta property=\"og:image:width\" content=\"272\" \/>\n\t<meta property=\"og:image:height\" content=\"185\" \/>\n\t<meta property=\"og:image:type\" content=\"image\/jpeg\" \/>\n<meta name=\"author\" content=\"Germ\u00e1n Gorraiz L\u00f3pez\" \/>\n<meta name=\"twitter:card\" content=\"summary_large_image\" \/>\n<meta name=\"twitter:creator\" content=\"@PressenzaIPA\" \/>\n<meta name=\"twitter:site\" content=\"@PressenzaIPA\" \/>\n<meta name=\"twitter:label1\" content=\"Escrito por\" \/>\n\t<meta name=\"twitter:data1\" content=\"Germ\u00e1n Gorraiz L\u00f3pez\" \/>\n\t<meta name=\"twitter:label2\" content=\"Tiempo de lectura\" \/>\n\t<meta name=\"twitter:data2\" content=\"4 minutos\" \/>\n<script type=\"application\/ld+json\" class=\"yoast-schema-graph\">{\"@context\":\"https:\/\/schema.org\",\"@graph\":[{\"@type\":\"Article\",\"@id\":\"https:\/\/www.pressenza.com\/es\/2024\/09\/prepara-zekenski-su-salida-de-ucrania\/#article\",\"isPartOf\":{\"@id\":\"https:\/\/www.pressenza.com\/es\/2024\/09\/prepara-zekenski-su-salida-de-ucrania\/\"},\"author\":{\"name\":\"Germ\u00e1n Gorraiz L\u00f3pez\",\"@id\":\"https:\/\/www.pressenza.com\/es\/#\/schema\/person\/57dba2cbf155df3e3656a436abe74b1b\"},\"headline\":\"\u00bfPrepara Zekenski su salida de Ucrania?\",\"datePublished\":\"2024-09-05T23:19:32+00:00\",\"mainEntityOfPage\":{\"@id\":\"https:\/\/www.pressenza.com\/es\/2024\/09\/prepara-zekenski-su-salida-de-ucrania\/\"},\"wordCount\":958,\"publisher\":{\"@id\":\"https:\/\/www.pressenza.com\/es\/#organization\"},\"image\":{\"@id\":\"https:\/\/www.pressenza.com\/es\/2024\/09\/prepara-zekenski-su-salida-de-ucrania\/#primaryimage\"},\"thumbnailUrl\":\"https:\/\/www.pressenza.com\/wp-content\/uploads\/2024\/09\/Z.jpeg\",\"keywords\":[\"Ucrania\",\"Zelensky\"],\"articleSection\":[\"Asuntos internacionales\",\"Contenido Original\",\"Europa\",\"Opiniones\",\"Paz y Desarme\"],\"inLanguage\":\"es\"},{\"@type\":\"WebPage\",\"@id\":\"https:\/\/www.pressenza.com\/es\/2024\/09\/prepara-zekenski-su-salida-de-ucrania\/\",\"url\":\"https:\/\/www.pressenza.com\/es\/2024\/09\/prepara-zekenski-su-salida-de-ucrania\/\",\"name\":\"\u00bfPrepara Zekenski su salida de Ucrania?\",\"isPartOf\":{\"@id\":\"https:\/\/www.pressenza.com\/es\/#website\"},\"primaryImageOfPage\":{\"@id\":\"https:\/\/www.pressenza.com\/es\/2024\/09\/prepara-zekenski-su-salida-de-ucrania\/#primaryimage\"},\"image\":{\"@id\":\"https:\/\/www.pressenza.com\/es\/2024\/09\/prepara-zekenski-su-salida-de-ucrania\/#primaryimage\"},\"thumbnailUrl\":\"https:\/\/www.pressenza.com\/wp-content\/uploads\/2024\/09\/Z.jpeg\",\"datePublished\":\"2024-09-05T23:19:32+00:00\",\"description\":\"Dado que las prioridades de la Administraci\u00f3n Biden ser\u00edan el posible inicio de la guerra de Israel contra L\u00edbano e Ir\u00e1n y el peligroso acercamiento de\",\"breadcrumb\":{\"@id\":\"https:\/\/www.pressenza.com\/es\/2024\/09\/prepara-zekenski-su-salida-de-ucrania\/#breadcrumb\"},\"inLanguage\":\"es\",\"potentialAction\":[{\"@type\":\"ReadAction\",\"target\":[\"https:\/\/www.pressenza.com\/es\/2024\/09\/prepara-zekenski-su-salida-de-ucrania\/\"]}]},{\"@type\":\"ImageObject\",\"inLanguage\":\"es\",\"@id\":\"https:\/\/www.pressenza.com\/es\/2024\/09\/prepara-zekenski-su-salida-de-ucrania\/#primaryimage\",\"url\":\"https:\/\/www.pressenza.com\/wp-content\/uploads\/2024\/09\/Z.jpeg\",\"contentUrl\":\"https:\/\/www.pressenza.com\/wp-content\/uploads\/2024\/09\/Z.jpeg\",\"width\":272,\"height\":185},{\"@type\":\"BreadcrumbList\",\"@id\":\"https:\/\/www.pressenza.com\/es\/2024\/09\/prepara-zekenski-su-salida-de-ucrania\/#breadcrumb\",\"itemListElement\":[{\"@type\":\"ListItem\",\"position\":1,\"name\":\"Accueil\",\"item\":\"https:\/\/www.pressenza.com\/es\/\"},{\"@type\":\"ListItem\",\"position\":2,\"name\":\"\u00bfPrepara Zekenski su salida de Ucrania?\"}]},{\"@type\":\"WebSite\",\"@id\":\"https:\/\/www.pressenza.com\/es\/#website\",\"url\":\"https:\/\/www.pressenza.com\/es\/\",\"name\":\"Pressenza\",\"description\":\"International Press Agency\",\"publisher\":{\"@id\":\"https:\/\/www.pressenza.com\/es\/#organization\"},\"potentialAction\":[{\"@type\":\"SearchAction\",\"target\":{\"@type\":\"EntryPoint\",\"urlTemplate\":\"https:\/\/www.pressenza.com\/es\/?s={search_term_string}\"},\"query-input\":{\"@type\":\"PropertyValueSpecification\",\"valueRequired\":true,\"valueName\":\"search_term_string\"}}],\"inLanguage\":\"es\"},{\"@type\":\"Organization\",\"@id\":\"https:\/\/www.pressenza.com\/es\/#organization\",\"name\":\"Pressenza\",\"url\":\"https:\/\/www.pressenza.com\/es\/\",\"logo\":{\"@type\":\"ImageObject\",\"inLanguage\":\"es\",\"@id\":\"https:\/\/www.pressenza.com\/es\/#\/schema\/logo\/image\/\",\"url\":\"https:\/\/www.pressenza.com\/wp-content\/uploads\/2022\/10\/pressenza_logo_200x200.jpg\",\"contentUrl\":\"https:\/\/www.pressenza.com\/wp-content\/uploads\/2022\/10\/pressenza_logo_200x200.jpg\",\"width\":200,\"height\":200,\"caption\":\"Pressenza\"},\"image\":{\"@id\":\"https:\/\/www.pressenza.com\/es\/#\/schema\/logo\/image\/\"},\"sameAs\":[\"https:\/\/www.facebook.com\/PressenzaItalia\",\"https:\/\/x.com\/PressenzaIPA\"]},{\"@type\":\"Person\",\"@id\":\"https:\/\/www.pressenza.com\/es\/#\/schema\/person\/57dba2cbf155df3e3656a436abe74b1b\",\"name\":\"Germ\u00e1n Gorraiz L\u00f3pez\",\"description\":\"Germ\u00e1n Gorraiz L\u00f3pez (Navarra-Espa\u00f1a, 1957). Analista econ\u00f3mico y geopol\u00edtico, colabora habitualmente en varias publicaciones digitales e impresas espa\u00f1olas y latinoamericanas.\",\"url\":\"https:\/\/www.pressenza.com\/es\/author\/german-gorraiz-lopez\/\"}]}<\/script>\n<!-- \/ Yoast SEO plugin. -->","yoast_head_json":{"title":"\u00bfPrepara Zekenski su salida de Ucrania?","description":"Dado que las prioridades de la Administraci\u00f3n Biden ser\u00edan el posible inicio de la guerra de Israel contra L\u00edbano e Ir\u00e1n y el peligroso acercamiento de","robots":{"index":"index","follow":"follow","max-snippet":"max-snippet:-1","max-image-preview":"max-image-preview:large","max-video-preview":"max-video-preview:-1"},"canonical":"https:\/\/www.pressenza.com\/es\/2024\/09\/prepara-zekenski-su-salida-de-ucrania\/","og_locale":"es_ES","og_type":"article","og_title":"\u00bfPrepara Zekenski su salida de Ucrania?","og_description":"Dado que las prioridades de la Administraci\u00f3n Biden ser\u00edan el posible inicio de la guerra de Israel contra L\u00edbano e Ir\u00e1n y el peligroso acercamiento de","og_url":"https:\/\/www.pressenza.com\/es\/2024\/09\/prepara-zekenski-su-salida-de-ucrania\/","og_site_name":"Pressenza","article_publisher":"https:\/\/www.facebook.com\/PressenzaItalia","article_published_time":"2024-09-05T23:19:32+00:00","og_image":[{"width":272,"height":185,"url":"https:\/\/www.pressenza.com\/wp-content\/uploads\/2024\/09\/Z.jpeg","type":"image\/jpeg"}],"author":"Germ\u00e1n Gorraiz L\u00f3pez","twitter_card":"summary_large_image","twitter_creator":"@PressenzaIPA","twitter_site":"@PressenzaIPA","twitter_misc":{"Escrito por":"Germ\u00e1n Gorraiz L\u00f3pez","Tiempo de lectura":"4 minutos"},"schema":{"@context":"https:\/\/schema.org","@graph":[{"@type":"Article","@id":"https:\/\/www.pressenza.com\/es\/2024\/09\/prepara-zekenski-su-salida-de-ucrania\/#article","isPartOf":{"@id":"https:\/\/www.pressenza.com\/es\/2024\/09\/prepara-zekenski-su-salida-de-ucrania\/"},"author":{"name":"Germ\u00e1n Gorraiz L\u00f3pez","@id":"https:\/\/www.pressenza.com\/es\/#\/schema\/person\/57dba2cbf155df3e3656a436abe74b1b"},"headline":"\u00bfPrepara Zekenski su salida de Ucrania?","datePublished":"2024-09-05T23:19:32+00:00","mainEntityOfPage":{"@id":"https:\/\/www.pressenza.com\/es\/2024\/09\/prepara-zekenski-su-salida-de-ucrania\/"},"wordCount":958,"publisher":{"@id":"https:\/\/www.pressenza.com\/es\/#organization"},"image":{"@id":"https:\/\/www.pressenza.com\/es\/2024\/09\/prepara-zekenski-su-salida-de-ucrania\/#primaryimage"},"thumbnailUrl":"https:\/\/www.pressenza.com\/wp-content\/uploads\/2024\/09\/Z.jpeg","keywords":["Ucrania","Zelensky"],"articleSection":["Asuntos internacionales","Contenido Original","Europa","Opiniones","Paz y Desarme"],"inLanguage":"es"},{"@type":"WebPage","@id":"https:\/\/www.pressenza.com\/es\/2024\/09\/prepara-zekenski-su-salida-de-ucrania\/","url":"https:\/\/www.pressenza.com\/es\/2024\/09\/prepara-zekenski-su-salida-de-ucrania\/","name":"\u00bfPrepara Zekenski su salida de Ucrania?","isPartOf":{"@id":"https:\/\/www.pressenza.com\/es\/#website"},"primaryImageOfPage":{"@id":"https:\/\/www.pressenza.com\/es\/2024\/09\/prepara-zekenski-su-salida-de-ucrania\/#primaryimage"},"image":{"@id":"https:\/\/www.pressenza.com\/es\/2024\/09\/prepara-zekenski-su-salida-de-ucrania\/#primaryimage"},"thumbnailUrl":"https:\/\/www.pressenza.com\/wp-content\/uploads\/2024\/09\/Z.jpeg","datePublished":"2024-09-05T23:19:32+00:00","description":"Dado que las prioridades de la Administraci\u00f3n Biden ser\u00edan el posible inicio de la guerra de Israel contra L\u00edbano e Ir\u00e1n y el peligroso acercamiento de","breadcrumb":{"@id":"https:\/\/www.pressenza.com\/es\/2024\/09\/prepara-zekenski-su-salida-de-ucrania\/#breadcrumb"},"inLanguage":"es","potentialAction":[{"@type":"ReadAction","target":["https:\/\/www.pressenza.com\/es\/2024\/09\/prepara-zekenski-su-salida-de-ucrania\/"]}]},{"@type":"ImageObject","inLanguage":"es","@id":"https:\/\/www.pressenza.com\/es\/2024\/09\/prepara-zekenski-su-salida-de-ucrania\/#primaryimage","url":"https:\/\/www.pressenza.com\/wp-content\/uploads\/2024\/09\/Z.jpeg","contentUrl":"https:\/\/www.pressenza.com\/wp-content\/uploads\/2024\/09\/Z.jpeg","width":272,"height":185},{"@type":"BreadcrumbList","@id":"https:\/\/www.pressenza.com\/es\/2024\/09\/prepara-zekenski-su-salida-de-ucrania\/#breadcrumb","itemListElement":[{"@type":"ListItem","position":1,"name":"Accueil","item":"https:\/\/www.pressenza.com\/es\/"},{"@type":"ListItem","position":2,"name":"\u00bfPrepara Zekenski su salida de Ucrania?"}]},{"@type":"WebSite","@id":"https:\/\/www.pressenza.com\/es\/#website","url":"https:\/\/www.pressenza.com\/es\/","name":"Pressenza","description":"International Press Agency","publisher":{"@id":"https:\/\/www.pressenza.com\/es\/#organization"},"potentialAction":[{"@type":"SearchAction","target":{"@type":"EntryPoint","urlTemplate":"https:\/\/www.pressenza.com\/es\/?s={search_term_string}"},"query-input":{"@type":"PropertyValueSpecification","valueRequired":true,"valueName":"search_term_string"}}],"inLanguage":"es"},{"@type":"Organization","@id":"https:\/\/www.pressenza.com\/es\/#organization","name":"Pressenza","url":"https:\/\/www.pressenza.com\/es\/","logo":{"@type":"ImageObject","inLanguage":"es","@id":"https:\/\/www.pressenza.com\/es\/#\/schema\/logo\/image\/","url":"https:\/\/www.pressenza.com\/wp-content\/uploads\/2022\/10\/pressenza_logo_200x200.jpg","contentUrl":"https:\/\/www.pressenza.com\/wp-content\/uploads\/2022\/10\/pressenza_logo_200x200.jpg","width":200,"height":200,"caption":"Pressenza"},"image":{"@id":"https:\/\/www.pressenza.com\/es\/#\/schema\/logo\/image\/"},"sameAs":["https:\/\/www.facebook.com\/PressenzaItalia","https:\/\/x.com\/PressenzaIPA"]},{"@type":"Person","@id":"https:\/\/www.pressenza.com\/es\/#\/schema\/person\/57dba2cbf155df3e3656a436abe74b1b","name":"Germ\u00e1n Gorraiz L\u00f3pez","description":"Germ\u00e1n Gorraiz L\u00f3pez (Navarra-Espa\u00f1a, 1957). Analista econ\u00f3mico y geopol\u00edtico, colabora habitualmente en varias publicaciones digitales e impresas espa\u00f1olas y latinoamericanas.","url":"https:\/\/www.pressenza.com\/es\/author\/german-gorraiz-lopez\/"}]}},"place":"Madrid, Espa\u00f1a","original_article_url":"","_links":{"self":[{"href":"https:\/\/www.pressenza.com\/es\/wp-json\/wp\/v2\/posts\/2546430","targetHints":{"allow":["GET"]}}],"collection":[{"href":"https:\/\/www.pressenza.com\/es\/wp-json\/wp\/v2\/posts"}],"about":[{"href":"https:\/\/www.pressenza.com\/es\/wp-json\/wp\/v2\/types\/post"}],"author":[{"embeddable":true,"href":"https:\/\/www.pressenza.com\/es\/wp-json\/wp\/v2\/users\/1505"}],"replies":[{"embeddable":true,"href":"https:\/\/www.pressenza.com\/es\/wp-json\/wp\/v2\/comments?post=2546430"}],"version-history":[{"count":0,"href":"https:\/\/www.pressenza.com\/es\/wp-json\/wp\/v2\/posts\/2546430\/revisions"}],"wp:featuredmedia":[{"embeddable":true,"href":"https:\/\/www.pressenza.com\/es\/wp-json\/wp\/v2\/media\/2546431"}],"wp:attachment":[{"href":"https:\/\/www.pressenza.com\/es\/wp-json\/wp\/v2\/media?parent=2546430"}],"wp:term":[{"taxonomy":"category","embeddable":true,"href":"https:\/\/www.pressenza.com\/es\/wp-json\/wp\/v2\/categories?post=2546430"},{"taxonomy":"post_tag","embeddable":true,"href":"https:\/\/www.pressenza.com\/es\/wp-json\/wp\/v2\/tags?post=2546430"}],"curies":[{"name":"wp","href":"https:\/\/api.w.org\/{rel}","templated":true}]}}