{"id":2546171,"date":"2024-09-04T17:53:43","date_gmt":"2024-09-04T16:53:43","guid":{"rendered":"https:\/\/www.pressenza.com\/?p=2546171"},"modified":"2024-09-04T17:53:43","modified_gmt":"2024-09-04T16:53:43","slug":"el-chile-que-no-queremos-memoria-corta-y-largo-olvido","status":"publish","type":"post","link":"https:\/\/www.pressenza.com\/es\/2024\/09\/el-chile-que-no-queremos-memoria-corta-y-largo-olvido\/","title":{"rendered":"El Chile que no queremos: Memoria corta y largo olvido"},"content":{"rendered":"<p>A d\u00edas de cumplirse 51 a\u00f1os del golpe de Estado en Chile, a\u00fan le duele el alma a este pa\u00eds, a\u00fan tenemos justicia en la medida de lo posible, a\u00fan tenemos familiares de las v\u00edctimas exigiendo por una verdad total, por reparaci\u00f3n y por garant\u00edas de no repetici\u00f3n, a\u00fan tenemos un pueblo que hace 5 a\u00f1os sali\u00f3 a las calles con la esperanza de grandes y necesarios cambios, una nueva Constituci\u00f3n que nos permitiera construir un pa\u00eds m\u00e1s justo y solidario para todos y todas. Y s\u00ed que nos duele el alma al mirar d\u00f3nde estamos, al mirar el rostro de Fabiola Campillai, de Gustavo Gatica y de los m\u00e1s de 400 lesionados oculares.<\/p>\n<p>Estamos en medio de una realidad que nos averg\u00fcenza, en medio del avance de un negacionismo impulsado por una derecha corrupta que se jacta de su poder, estamos en una realidad en que los responsables de los cr\u00edmenes de la dictadura de Pinochet han ido muriendo en silencio y sin condena, sin el m\u00ednimo de humanidad para decirnos d\u00f3nde est\u00e1n los cerca de\u00a01100 detenidos desaparecidos que a\u00fan claman ser encontrados.<\/p>\n<p>Y aun as\u00ed muchos se atrevieron a so\u00f1ar nuevamente, luego del estallido social de 2019 volvieron a creer en el gobierno que lleg\u00f3 a dirigir nuestros destinos el a\u00f1o 2022, con promesas de cambio y compromiso con los derechos humanos, pero no ha sido lo que se esperaba y el ciudadano com\u00fan se siente traicionado porque una vez m\u00e1s las promesas quedaron impresas s\u00f3lo en los afiches y palomas de la campa\u00f1a electoral.<\/p>\n<p>Y en el remolino de des-informaciones, hace unos d\u00edas nos enteramos por la prensa casi como si fuera una noticia de relleno, que la ministra de Defensa chilena Maya Fern\u00e1ndez tuvo un encuentro con destacados generales norteamericanos, una reuni\u00f3n en que el Comando Sur de Estados Unidos reafirm\u00f3 su \u201ccooperaci\u00f3n\u201d con Chile en materias de seguridad y otros temas estrat\u00e9gicos para la defensa y el ataque del pa\u00eds. Ministra con cupo del Partido Socialista en el gobierno que poco hemos visto en los grandes temas nacionales.<\/p>\n<p><strong>Historias de abuelos<\/strong><\/p>\n<p>Y aqu\u00ed me tomar\u00e9 una licencia y les contar\u00e9 unas historias de abuelos, que, aunque no parezca tiene tanto que ver con lo que sucede hoy en Chile. Hace unos d\u00edas me contaban que la diputada Emilia Schneider visit\u00f3 el ex Campo de Concentraci\u00f3n de 3 y4 \u00c1lamos, y que a trav\u00e9s de sus palabras reafirm\u00f3 su compromiso con la memoria, la justicia y los derechos humanos. Ella es bisnieta del valiente General y comandante en jefe del Ej\u00e9rcito, Ren\u00e9 Schneider.<\/p>\n<p>A \u00e9l, ese hombre querido, respetado y recordado por su postura de neutralidad y prescindencia pol\u00edtica de las fuerzas armadas, a \u00e9l lo asesinaron. Un grupo de extrema derecha llamado Patria y Libertad, financiado y armado por la CIA, lo intent\u00f3 secuestrar el 22 de octubre de 1970 en la comuna de Las Condes, \u00e9l se defendi\u00f3 y enfrent\u00f3 a los secuestradores con su revolver que no alcanz\u00f3 a percutar, como lo har\u00eda un verdadero militar, como un militar de honor, no como un cobarde traidor y es asesinado por este grupo compuesto principalmente por \u201chijitos de pap\u00e1s\u201d como les decimos en Chile a los hijos privilegiados de familias poderosas y adineradas, j\u00f3venes que despu\u00e9s del golpe se transformaron en empresarios y hoy pasan desapercibidos en sus fundos y empresas como buenos patrones, viviendo una vejez tranquila, esa que no tuvo el valiente soldado Schneider, el general de Jos\u00e9 Miguel Carrera.<\/p>\n<p>La historia de Salvador Allende es parecida, pero \u00e9l era un civil, un presidente honesto que recogi\u00f3 el dolor de su pueblo y quiso transformarlo en un futuro m\u00e1s justo, y que ante tama\u00f1a afrenta fue duramente castigado por Estados Unidos, quienes financiaron \u2013 sin escatimar gastos \u2013 atentados, desinformaci\u00f3n, traiciones y el golpe militar que lo derrocar\u00eda y que cambi\u00f3 para siempre el destino de este peque\u00f1o y lejano pa\u00eds. Y s\u00ed, Allende \u2013 el presidente \u2013 no se sent\u00f3 a negociar tratados internacionales ni acuerdos de cooperaci\u00f3n militar con Estados Unidos, al contrario, siempre tuvo claro que Estados Unidos no tiene amistades permanentes, sino intereses permanentes y ellos tambi\u00e9n lo sab\u00edan, por eso como dato, antes de su llegada a la presidencia abandonaron r\u00e1pidamente la base militar que hab\u00edan instalado a mediados de los 60 en Isla de Pascua, y vieron con horror los procesos de nacionalizaci\u00f3n del cobre y el avance de la reforma agraria. Por eso nos cuesta entender &#8211; que su nieta \u2013 la ministra, orgullosamente reciba estas visitas para conversar sobre cooperaci\u00f3n en materia de defensa. Que corta es la memoria, y que largo es el olvido.<\/p>\n<p>La historia de mi abuelo Manuel Leiva Riquelme es otra, un campesino que viv\u00eda de inquilino en el fundo de los patrones Bunster en la IX regi\u00f3n. Alguna vez les cont\u00e9 que a mi abuelo lo mataron en mayo de 1957, fue encontrado junto a su caballo, lo hab\u00edan arrojado a una laguna para que no hallar\u00e1n su cuerpo. No lo conoc\u00ed, he visto fotos de \u00e9l y creo que somos muy parecidos, y desde ni\u00f1o he sentido que pide justicia por \u00e9l y por los muchos sin nombre como \u00e9l. Pero a nadie le import\u00f3, ni a los patrones, ni a las polic\u00edas, ni a los jueces, s\u00f3lo a mi abuela, a sus hermanos y a sus hijos e hijas, entre ellas mi mam\u00e1. Mi conexi\u00f3n con el abuelo es \u00fanica, es un hilo que nos conecta con el campo, con el cuidado de la tierra, con la siembra, lo llevo en la sangre. Pero, aunque \u00e9l no haya sido conocido ni importante, jam\u00e1s traicionar\u00e9 su memoria, en ella guardo lo mejor de m\u00ed mismo y creo que es lo mismo para todos, por ello respeto a la diputada Schneider y me sorprendo por la ministra Fern\u00e1ndez, claramente no es solo su responsabilidad, detr\u00e1s de ella hay una l\u00ednea pol\u00edtica de un gobierno \u2013 lleno de nietos y nietas \u2013 que olvida el pasado y avanza ciegamente en direcci\u00f3n desconocida.<\/p>\n<p><strong>El establishment chileno quiere estar del lado del capitalismo<\/strong><\/p>\n<p>Que verg\u00fcenza el gobierno \u201cprogresista\u201d de Gabriel Boric, tal vez confundidos con la idea de alcanzar el progreso, centran su accionar en intereses econ\u00f3micos y prebendas, que incluyen el entreguismo y la alineaci\u00f3n con el imperialismo y con hacha en mano siguen destruyendo el bosque y algunos creen que por tener el mango de madera es un aliado. No es as\u00ed, nos sentimos enga\u00f1ados, siguen desviando la atenci\u00f3n hacia temas irrelevantes, mientras la reforma al sistema de pensi\u00f3n es letra muerta, la condonaci\u00f3n del CAE no tiene financiamiento, la reforma tributaria hecha polvo y barrida bajo la alfombra; listas de espera eternas en salud, plan de b\u00fasqueda que no busca y el compromiso f\u00e9rreo de liberar a los presos pol\u00edticos del estallido social se ha ido saliendo claramente de sus prioridades\u2026 la lista es larga.<\/p>\n<p>Y aunque nos duela el alma ante tanta indiferencia y superficialidad, a nosotros nos queda seguir alzando la voz desde cada espacio, en cada foro, en cada calle, a nosotros nos queda no rendirnos, no perder la memoria, a nosotros nos queda recordar a los miles de hombres y mujeres valientes que lucharon por una sociedad m\u00e1s justa, a nosotros nos queda gritar sus nombres, recordar sus rostros, buscar sus restos. Lo haremos, sepan que lo haremos, nosotros, nuestras madres, nuestros padres y hermanos, nuestros hijos y nuestros nietos y nietas valientes, los que no dejan espacio al olvido.<\/p>\n<p>&nbsp;<\/p>\n<p>Fuente:<\/p>\n<p><a href=\"https:\/\/www.infodefensa.com\/texto-diario\/mostrar\/4976111\/ejercito-chile-us-army-firman-acuerdo-106-puntos-ampliara-cooperacion-tecnologia-entrenamiento\">https:\/\/www.infodefensa.com\/texto-diario\/mostrar\/4976111\/ejercito-chile-us-army-firman-acuerdo-106-puntos-ampliara-cooperacion-tecnologia-entrenamiento<\/a><\/p>\n<p><a href=\"https:\/\/avispa.org\/comando-sur-reafirma-cooperacion-con-chile-se-reune-con-nieta-de-salvador-allende\/\">https:\/\/avispa.org\/comando-sur-reafirma-cooperacion-con-chile-se-reune-con-nieta-de-salvador-allende\/<\/a><br \/>\n&#8212;<\/p>\n<p>&nbsp;<\/p>\n","protected":false},"excerpt":{"rendered":"<p>A d\u00edas de cumplirse 51 a\u00f1os del golpe de Estado en Chile, a\u00fan le duele el alma a este pa\u00eds, a\u00fan tenemos justicia en la medida de lo posible, a\u00fan tenemos familiares de las v\u00edctimas exigiendo por una verdad total,&hellip;<\/p>\n","protected":false},"author":2392,"featured_media":2546173,"comment_status":"closed","ping_status":"closed","sticky":false,"template":"","format":"standard","meta":{"footnotes":""},"categories":[11389,79,161,67],"tags":[29,441],"class_list":["post-2546171","post","type-post","status-publish","format-standard","has-post-thumbnail","hentry","category-contenido-original","category-derechos-humanos","category-opiniones","category-sudamerica","tag-chile","tag-derechos-humanos"],"yoast_head":"<!-- This site is optimized with the Yoast SEO plugin v27.1.1 - https:\/\/yoast.com\/product\/yoast-seo-wordpress\/ -->\n<title>El Chile que no queremos: Memoria corta y largo olvido<\/title>\n<meta name=\"description\" content=\"A d\u00edas de cumplirse 51 a\u00f1os del golpe de Estado en Chile, a\u00fan le duele el alma a este pa\u00eds, a\u00fan tenemos justicia en la medida de lo posible, a\u00fan tenemos\" \/>\n<meta name=\"robots\" content=\"index, follow, max-snippet:-1, max-image-preview:large, max-video-preview:-1\" \/>\n<link rel=\"canonical\" href=\"https:\/\/www.pressenza.com\/es\/2024\/09\/el-chile-que-no-queremos-memoria-corta-y-largo-olvido\/\" \/>\n<meta property=\"og:locale\" content=\"es_ES\" \/>\n<meta property=\"og:type\" content=\"article\" \/>\n<meta property=\"og:title\" content=\"El Chile que no queremos: Memoria corta y largo olvido\" \/>\n<meta property=\"og:description\" content=\"A d\u00edas de cumplirse 51 a\u00f1os del golpe de Estado en Chile, a\u00fan le duele el alma a este pa\u00eds, a\u00fan tenemos justicia en la medida de lo posible, a\u00fan tenemos\" \/>\n<meta property=\"og:url\" content=\"https:\/\/www.pressenza.com\/es\/2024\/09\/el-chile-que-no-queremos-memoria-corta-y-largo-olvido\/\" \/>\n<meta property=\"og:site_name\" content=\"Pressenza\" \/>\n<meta property=\"article:publisher\" content=\"https:\/\/www.facebook.com\/PressenzaItalia\" \/>\n<meta property=\"article:published_time\" content=\"2024-09-04T16:53:43+00:00\" \/>\n<meta property=\"og:image\" content=\"https:\/\/www.pressenza.com\/wp-content\/uploads\/2024\/09\/donde-estan.jpg\" \/>\n\t<meta property=\"og:image:width\" content=\"1920\" \/>\n\t<meta property=\"og:image:height\" content=\"1280\" \/>\n\t<meta property=\"og:image:type\" content=\"image\/jpeg\" \/>\n<meta name=\"author\" content=\"F\u00e9lix Madariaga Leiva\" \/>\n<meta name=\"twitter:card\" content=\"summary_large_image\" \/>\n<meta name=\"twitter:creator\" content=\"@PressenzaIPA\" \/>\n<meta name=\"twitter:site\" content=\"@PressenzaIPA\" \/>\n<meta name=\"twitter:label1\" content=\"Escrito por\" \/>\n\t<meta name=\"twitter:data1\" content=\"F\u00e9lix Madariaga Leiva\" \/>\n\t<meta name=\"twitter:label2\" content=\"Tiempo de lectura\" \/>\n\t<meta name=\"twitter:data2\" content=\"6 minutos\" \/>\n<script type=\"application\/ld+json\" class=\"yoast-schema-graph\">{\"@context\":\"https:\/\/schema.org\",\"@graph\":[{\"@type\":\"Article\",\"@id\":\"https:\/\/www.pressenza.com\/es\/2024\/09\/el-chile-que-no-queremos-memoria-corta-y-largo-olvido\/#article\",\"isPartOf\":{\"@id\":\"https:\/\/www.pressenza.com\/es\/2024\/09\/el-chile-que-no-queremos-memoria-corta-y-largo-olvido\/\"},\"author\":{\"name\":\"F\u00e9lix Madariaga Leiva\",\"@id\":\"https:\/\/www.pressenza.com\/es\/#\/schema\/person\/e8c218643b99a83d4b0e7c4b95daf942\"},\"headline\":\"El Chile que no queremos: Memoria corta y largo olvido\",\"datePublished\":\"2024-09-04T16:53:43+00:00\",\"mainEntityOfPage\":{\"@id\":\"https:\/\/www.pressenza.com\/es\/2024\/09\/el-chile-que-no-queremos-memoria-corta-y-largo-olvido\/\"},\"wordCount\":1336,\"publisher\":{\"@id\":\"https:\/\/www.pressenza.com\/es\/#organization\"},\"image\":{\"@id\":\"https:\/\/www.pressenza.com\/es\/2024\/09\/el-chile-que-no-queremos-memoria-corta-y-largo-olvido\/#primaryimage\"},\"thumbnailUrl\":\"https:\/\/www.pressenza.com\/wp-content\/uploads\/2024\/09\/donde-estan.jpg\",\"keywords\":[\"Chile\",\"Derechos humanos\"],\"articleSection\":[\"Contenido Original\",\"Derechos Humanos\",\"Opiniones\",\"Sudam\u00e9rica\"],\"inLanguage\":\"es\"},{\"@type\":\"WebPage\",\"@id\":\"https:\/\/www.pressenza.com\/es\/2024\/09\/el-chile-que-no-queremos-memoria-corta-y-largo-olvido\/\",\"url\":\"https:\/\/www.pressenza.com\/es\/2024\/09\/el-chile-que-no-queremos-memoria-corta-y-largo-olvido\/\",\"name\":\"El Chile que no queremos: Memoria corta y largo olvido\",\"isPartOf\":{\"@id\":\"https:\/\/www.pressenza.com\/es\/#website\"},\"primaryImageOfPage\":{\"@id\":\"https:\/\/www.pressenza.com\/es\/2024\/09\/el-chile-que-no-queremos-memoria-corta-y-largo-olvido\/#primaryimage\"},\"image\":{\"@id\":\"https:\/\/www.pressenza.com\/es\/2024\/09\/el-chile-que-no-queremos-memoria-corta-y-largo-olvido\/#primaryimage\"},\"thumbnailUrl\":\"https:\/\/www.pressenza.com\/wp-content\/uploads\/2024\/09\/donde-estan.jpg\",\"datePublished\":\"2024-09-04T16:53:43+00:00\",\"description\":\"A d\u00edas de cumplirse 51 a\u00f1os del golpe de Estado en Chile, a\u00fan le duele el alma a este pa\u00eds, a\u00fan tenemos justicia en la medida de lo posible, a\u00fan tenemos\",\"breadcrumb\":{\"@id\":\"https:\/\/www.pressenza.com\/es\/2024\/09\/el-chile-que-no-queremos-memoria-corta-y-largo-olvido\/#breadcrumb\"},\"inLanguage\":\"es\",\"potentialAction\":[{\"@type\":\"ReadAction\",\"target\":[\"https:\/\/www.pressenza.com\/es\/2024\/09\/el-chile-que-no-queremos-memoria-corta-y-largo-olvido\/\"]}]},{\"@type\":\"ImageObject\",\"inLanguage\":\"es\",\"@id\":\"https:\/\/www.pressenza.com\/es\/2024\/09\/el-chile-que-no-queremos-memoria-corta-y-largo-olvido\/#primaryimage\",\"url\":\"https:\/\/www.pressenza.com\/wp-content\/uploads\/2024\/09\/donde-estan.jpg\",\"contentUrl\":\"https:\/\/www.pressenza.com\/wp-content\/uploads\/2024\/09\/donde-estan.jpg\",\"width\":1920,\"height\":1280},{\"@type\":\"BreadcrumbList\",\"@id\":\"https:\/\/www.pressenza.com\/es\/2024\/09\/el-chile-que-no-queremos-memoria-corta-y-largo-olvido\/#breadcrumb\",\"itemListElement\":[{\"@type\":\"ListItem\",\"position\":1,\"name\":\"Accueil\",\"item\":\"https:\/\/www.pressenza.com\/es\/\"},{\"@type\":\"ListItem\",\"position\":2,\"name\":\"El Chile que no queremos: Memoria corta y largo olvido\"}]},{\"@type\":\"WebSite\",\"@id\":\"https:\/\/www.pressenza.com\/es\/#website\",\"url\":\"https:\/\/www.pressenza.com\/es\/\",\"name\":\"Pressenza\",\"description\":\"International Press Agency\",\"publisher\":{\"@id\":\"https:\/\/www.pressenza.com\/es\/#organization\"},\"potentialAction\":[{\"@type\":\"SearchAction\",\"target\":{\"@type\":\"EntryPoint\",\"urlTemplate\":\"https:\/\/www.pressenza.com\/es\/?s={search_term_string}\"},\"query-input\":{\"@type\":\"PropertyValueSpecification\",\"valueRequired\":true,\"valueName\":\"search_term_string\"}}],\"inLanguage\":\"es\"},{\"@type\":\"Organization\",\"@id\":\"https:\/\/www.pressenza.com\/es\/#organization\",\"name\":\"Pressenza\",\"url\":\"https:\/\/www.pressenza.com\/es\/\",\"logo\":{\"@type\":\"ImageObject\",\"inLanguage\":\"es\",\"@id\":\"https:\/\/www.pressenza.com\/es\/#\/schema\/logo\/image\/\",\"url\":\"https:\/\/www.pressenza.com\/wp-content\/uploads\/2022\/10\/pressenza_logo_200x200.jpg\",\"contentUrl\":\"https:\/\/www.pressenza.com\/wp-content\/uploads\/2022\/10\/pressenza_logo_200x200.jpg\",\"width\":200,\"height\":200,\"caption\":\"Pressenza\"},\"image\":{\"@id\":\"https:\/\/www.pressenza.com\/es\/#\/schema\/logo\/image\/\"},\"sameAs\":[\"https:\/\/www.facebook.com\/PressenzaItalia\",\"https:\/\/x.com\/PressenzaIPA\"]},{\"@type\":\"Person\",\"@id\":\"https:\/\/www.pressenza.com\/es\/#\/schema\/person\/e8c218643b99a83d4b0e7c4b95daf942\",\"name\":\"F\u00e9lix Madariaga Leiva\",\"url\":\"https:\/\/www.pressenza.com\/es\/author\/felix-madariaga-leiva\/\"}]}<\/script>\n<!-- \/ Yoast SEO plugin. -->","yoast_head_json":{"title":"El Chile que no queremos: Memoria corta y largo olvido","description":"A d\u00edas de cumplirse 51 a\u00f1os del golpe de Estado en Chile, a\u00fan le duele el alma a este pa\u00eds, a\u00fan tenemos justicia en la medida de lo posible, a\u00fan tenemos","robots":{"index":"index","follow":"follow","max-snippet":"max-snippet:-1","max-image-preview":"max-image-preview:large","max-video-preview":"max-video-preview:-1"},"canonical":"https:\/\/www.pressenza.com\/es\/2024\/09\/el-chile-que-no-queremos-memoria-corta-y-largo-olvido\/","og_locale":"es_ES","og_type":"article","og_title":"El Chile que no queremos: Memoria corta y largo olvido","og_description":"A d\u00edas de cumplirse 51 a\u00f1os del golpe de Estado en Chile, a\u00fan le duele el alma a este pa\u00eds, a\u00fan tenemos justicia en la medida de lo posible, a\u00fan tenemos","og_url":"https:\/\/www.pressenza.com\/es\/2024\/09\/el-chile-que-no-queremos-memoria-corta-y-largo-olvido\/","og_site_name":"Pressenza","article_publisher":"https:\/\/www.facebook.com\/PressenzaItalia","article_published_time":"2024-09-04T16:53:43+00:00","og_image":[{"width":1920,"height":1280,"url":"https:\/\/www.pressenza.com\/wp-content\/uploads\/2024\/09\/donde-estan.jpg","type":"image\/jpeg"}],"author":"F\u00e9lix Madariaga Leiva","twitter_card":"summary_large_image","twitter_creator":"@PressenzaIPA","twitter_site":"@PressenzaIPA","twitter_misc":{"Escrito por":"F\u00e9lix Madariaga Leiva","Tiempo de lectura":"6 minutos"},"schema":{"@context":"https:\/\/schema.org","@graph":[{"@type":"Article","@id":"https:\/\/www.pressenza.com\/es\/2024\/09\/el-chile-que-no-queremos-memoria-corta-y-largo-olvido\/#article","isPartOf":{"@id":"https:\/\/www.pressenza.com\/es\/2024\/09\/el-chile-que-no-queremos-memoria-corta-y-largo-olvido\/"},"author":{"name":"F\u00e9lix Madariaga Leiva","@id":"https:\/\/www.pressenza.com\/es\/#\/schema\/person\/e8c218643b99a83d4b0e7c4b95daf942"},"headline":"El Chile que no queremos: Memoria corta y largo olvido","datePublished":"2024-09-04T16:53:43+00:00","mainEntityOfPage":{"@id":"https:\/\/www.pressenza.com\/es\/2024\/09\/el-chile-que-no-queremos-memoria-corta-y-largo-olvido\/"},"wordCount":1336,"publisher":{"@id":"https:\/\/www.pressenza.com\/es\/#organization"},"image":{"@id":"https:\/\/www.pressenza.com\/es\/2024\/09\/el-chile-que-no-queremos-memoria-corta-y-largo-olvido\/#primaryimage"},"thumbnailUrl":"https:\/\/www.pressenza.com\/wp-content\/uploads\/2024\/09\/donde-estan.jpg","keywords":["Chile","Derechos humanos"],"articleSection":["Contenido Original","Derechos Humanos","Opiniones","Sudam\u00e9rica"],"inLanguage":"es"},{"@type":"WebPage","@id":"https:\/\/www.pressenza.com\/es\/2024\/09\/el-chile-que-no-queremos-memoria-corta-y-largo-olvido\/","url":"https:\/\/www.pressenza.com\/es\/2024\/09\/el-chile-que-no-queremos-memoria-corta-y-largo-olvido\/","name":"El Chile que no queremos: Memoria corta y largo olvido","isPartOf":{"@id":"https:\/\/www.pressenza.com\/es\/#website"},"primaryImageOfPage":{"@id":"https:\/\/www.pressenza.com\/es\/2024\/09\/el-chile-que-no-queremos-memoria-corta-y-largo-olvido\/#primaryimage"},"image":{"@id":"https:\/\/www.pressenza.com\/es\/2024\/09\/el-chile-que-no-queremos-memoria-corta-y-largo-olvido\/#primaryimage"},"thumbnailUrl":"https:\/\/www.pressenza.com\/wp-content\/uploads\/2024\/09\/donde-estan.jpg","datePublished":"2024-09-04T16:53:43+00:00","description":"A d\u00edas de cumplirse 51 a\u00f1os del golpe de Estado en Chile, a\u00fan le duele el alma a este pa\u00eds, a\u00fan tenemos justicia en la medida de lo posible, a\u00fan tenemos","breadcrumb":{"@id":"https:\/\/www.pressenza.com\/es\/2024\/09\/el-chile-que-no-queremos-memoria-corta-y-largo-olvido\/#breadcrumb"},"inLanguage":"es","potentialAction":[{"@type":"ReadAction","target":["https:\/\/www.pressenza.com\/es\/2024\/09\/el-chile-que-no-queremos-memoria-corta-y-largo-olvido\/"]}]},{"@type":"ImageObject","inLanguage":"es","@id":"https:\/\/www.pressenza.com\/es\/2024\/09\/el-chile-que-no-queremos-memoria-corta-y-largo-olvido\/#primaryimage","url":"https:\/\/www.pressenza.com\/wp-content\/uploads\/2024\/09\/donde-estan.jpg","contentUrl":"https:\/\/www.pressenza.com\/wp-content\/uploads\/2024\/09\/donde-estan.jpg","width":1920,"height":1280},{"@type":"BreadcrumbList","@id":"https:\/\/www.pressenza.com\/es\/2024\/09\/el-chile-que-no-queremos-memoria-corta-y-largo-olvido\/#breadcrumb","itemListElement":[{"@type":"ListItem","position":1,"name":"Accueil","item":"https:\/\/www.pressenza.com\/es\/"},{"@type":"ListItem","position":2,"name":"El Chile que no queremos: Memoria corta y largo olvido"}]},{"@type":"WebSite","@id":"https:\/\/www.pressenza.com\/es\/#website","url":"https:\/\/www.pressenza.com\/es\/","name":"Pressenza","description":"International Press Agency","publisher":{"@id":"https:\/\/www.pressenza.com\/es\/#organization"},"potentialAction":[{"@type":"SearchAction","target":{"@type":"EntryPoint","urlTemplate":"https:\/\/www.pressenza.com\/es\/?s={search_term_string}"},"query-input":{"@type":"PropertyValueSpecification","valueRequired":true,"valueName":"search_term_string"}}],"inLanguage":"es"},{"@type":"Organization","@id":"https:\/\/www.pressenza.com\/es\/#organization","name":"Pressenza","url":"https:\/\/www.pressenza.com\/es\/","logo":{"@type":"ImageObject","inLanguage":"es","@id":"https:\/\/www.pressenza.com\/es\/#\/schema\/logo\/image\/","url":"https:\/\/www.pressenza.com\/wp-content\/uploads\/2022\/10\/pressenza_logo_200x200.jpg","contentUrl":"https:\/\/www.pressenza.com\/wp-content\/uploads\/2022\/10\/pressenza_logo_200x200.jpg","width":200,"height":200,"caption":"Pressenza"},"image":{"@id":"https:\/\/www.pressenza.com\/es\/#\/schema\/logo\/image\/"},"sameAs":["https:\/\/www.facebook.com\/PressenzaItalia","https:\/\/x.com\/PressenzaIPA"]},{"@type":"Person","@id":"https:\/\/www.pressenza.com\/es\/#\/schema\/person\/e8c218643b99a83d4b0e7c4b95daf942","name":"F\u00e9lix Madariaga Leiva","url":"https:\/\/www.pressenza.com\/es\/author\/felix-madariaga-leiva\/"}]}},"place":"Santiago de Chile","original_article_url":"","_links":{"self":[{"href":"https:\/\/www.pressenza.com\/es\/wp-json\/wp\/v2\/posts\/2546171","targetHints":{"allow":["GET"]}}],"collection":[{"href":"https:\/\/www.pressenza.com\/es\/wp-json\/wp\/v2\/posts"}],"about":[{"href":"https:\/\/www.pressenza.com\/es\/wp-json\/wp\/v2\/types\/post"}],"author":[{"embeddable":true,"href":"https:\/\/www.pressenza.com\/es\/wp-json\/wp\/v2\/users\/2392"}],"replies":[{"embeddable":true,"href":"https:\/\/www.pressenza.com\/es\/wp-json\/wp\/v2\/comments?post=2546171"}],"version-history":[{"count":0,"href":"https:\/\/www.pressenza.com\/es\/wp-json\/wp\/v2\/posts\/2546171\/revisions"}],"wp:featuredmedia":[{"embeddable":true,"href":"https:\/\/www.pressenza.com\/es\/wp-json\/wp\/v2\/media\/2546173"}],"wp:attachment":[{"href":"https:\/\/www.pressenza.com\/es\/wp-json\/wp\/v2\/media?parent=2546171"}],"wp:term":[{"taxonomy":"category","embeddable":true,"href":"https:\/\/www.pressenza.com\/es\/wp-json\/wp\/v2\/categories?post=2546171"},{"taxonomy":"post_tag","embeddable":true,"href":"https:\/\/www.pressenza.com\/es\/wp-json\/wp\/v2\/tags?post=2546171"}],"curies":[{"name":"wp","href":"https:\/\/api.w.org\/{rel}","templated":true}]}}