{"id":2545788,"date":"2024-09-02T21:06:36","date_gmt":"2024-09-02T20:06:36","guid":{"rendered":"https:\/\/www.pressenza.com\/?p=2545788"},"modified":"2024-09-02T21:06:36","modified_gmt":"2024-09-02T20:06:36","slug":"seran-los-rehenes-israelies-el-cisne-negro-de-netanyahu","status":"publish","type":"post","link":"https:\/\/www.pressenza.com\/es\/2024\/09\/seran-los-rehenes-israelies-el-cisne-negro-de-netanyahu\/","title":{"rendered":"\u00bfSer\u00e1n los rehenes israel\u00edes el cisne negro de Netanyahu?"},"content":{"rendered":"<p>Netanyahu habr\u00eda banalizado la maldad debido a la total ausencia de moralidad en sus acciones que le lleva a cometer cr\u00edmenes de lesa humanidad sin reflexionar sobre sus consecuencias y sin discernir el bien o el mal de sus actos. As\u00ed, el castigo asim\u00e9trico de la poblaci\u00f3n gazat\u00ed y dem\u00e1s pr\u00e1cticas malvadas no ser\u00edan considerados por Netanyahu a partir de sus efectos o de su resultado final debido a que las deidades le han elegido para \u00abla alta misi\u00f3n de eliminar a Hamas de la faz de la Tierra y construir el Gran Israel\u00bb, situaci\u00f3n dist\u00f3pica que ha llevado al activista jud\u00edo de los Derechos Civiles y superviviente del Holocausto, Israel Shakak a afirmar \u00abLos nazis me hicieron temer ser jud\u00edo y los israel\u00edes me averg\u00fcenzan de ser jud\u00edo\u00bb.<\/p>\n<p>Netanyahu ser\u00eda consciente de su precaria situaci\u00f3n pol\u00edtica y judicial, por lo que sirvi\u00e9ndose de la dictadura invisible del temor al Tercer Holocausto, aprovech\u00f3 la cruenta ofensiva de Hamas para declarar el Estado de Guerra (defensa de la seguridad de Israel) y desencadenar una demoledora ofensiva en la Franja de Gaza que le permitiera aplazar el proceso judicial en el que est\u00e1 acusado de soborno, fraude y abuso de confianza.<\/p>\n<p>Tras el castigo asim\u00e9trico infligido por Israel, toda la infraestructura b\u00e1sica, escuelas, mezquitas, hospitales y el 90% de los edificios de Gaza habr\u00edan sido arrasados por los bombardeos sistem\u00e1ticos de la aviaci\u00f3n con el resultado de m\u00e1s de 41.000 v\u00edctimas civiles palestinas y varios miles m\u00e1s enterrados entre los escombros.<\/p>\n<p><strong>La rebeli\u00f3n de la sociedad israel\u00ed<\/strong><\/p>\n<p>La creciente desafecci\u00f3n de la sociedad israel\u00ed debido a su nefasta gesti\u00f3n de la crisis con Ham\u00e1s y a su nulo inter\u00e9s por rescatar con vida a los rehenes israel\u00edes,\u00a0 habr\u00eda desencadenado las movilizaciones de los familiares de las personas secuestradas por Ham\u00e1s. As\u00ed, tras la desgraciada muerte por el Ej\u00e9rcito israel\u00ed de tres de los rehenes jud\u00edos al confundirlos con miembros de Ham\u00e1s, se habr\u00edan incrementado las movilizaciones de los familiares de las personas secuestradas por Ham\u00e1s ante la residencia de Netanyahu a quien hacen \u00abpersonalmente responsable de su retorno a casa con vida\u00bb y las protestas se han incrementado tras el rescate de seis rehenes israel\u00edes ya cad\u00e1veres.<br \/>\nEn este contexto, el Foro de Familias de Rehenes que representa a los familiares de algunos de los detenidos en Gaza, afirm\u00f3 que \u00bb la muerte de los seis cautivos es el resultado directo del fracaso de Netanyahu en lograr un acuerdo para detener los combates y traer a sus seres queridos a casa\u00bb.<\/p>\n<p>Las protestas que cuentan con\u00a0el apoyo de la oposici\u00f3n israel\u00ed as\u00ed como de figuras del Gobierno Netanyahu como el Ministro de Defensa Galant se han desarrollado tanto en Jerusal\u00e9n como en Tel Aviv y una docena de puntos a lo largo del Estado israel\u00ed para pedir la dimisi\u00f3n de Netanyahu y exigir una tregua con Ham\u00e1s que permita la liberaci\u00f3n de los 97 rehenes (de los cuales un tercio habr\u00eda perdido la vida) que contin\u00faan en Gaza. En este contexto, la organizaci\u00f3n sindical m\u00e1s grande del pa\u00eds, Histadrut, ha convocado ya una huelga general con el objetivo de paralizar la econom\u00eda israel\u00ed\u00a0 como muestra de apoyo al movimiento de protesta que exige decretar el alto el fuego permanente, la liberaci\u00f3n de los rehenes en poder de Hamas y la entrada de Gaza de la urgente ayuda humanitaria en forma de alimentos, combustible e insumos m\u00e9dicos.<\/p>\n<p><strong>\u00bfEs posible un Golpe de mano contra Netanyahu?<\/strong><\/p>\n<p>Tras la decisi\u00f3n de la Corte Penal Internacional de solicitar \u00f3rdenes de arresto contra Netanyahu y Galant acusados de \u00abcr\u00edmenes de lesa humanidad\u00bb, Netanyahu es sabedor de que una vez acabada la guerra asim\u00e9trica contra Ham\u00e1s, se arriesga a un proceso penal internacional. As\u00ed, Joe Biden, en una entrevista publicada por la revista Time, admiti\u00f3 que \u00abNetanyahu, estar\u00eda prolongando la guerra por motivos pol\u00edticos y para mantenerse en el poder al frente de una compleja coalici\u00f3n de gobierno\u00bb. En consecuencia, habr\u00eda decidido invadir el Sur del L\u00edbano para desplazar a los 400.000 habitantes del sur del L\u00edbano al otro lado del r\u00edo Litani, con la esperanza de ganar tiempo hasta la previsible victoria en Noviembre de Donald Trump, en la certeza de que podr\u00e1 contar con sus bendiciones para exonerarlo de toda culpabilidad ante la Corte Penal Internacional.<\/p>\n<p>La cerraz\u00f3n y miop\u00eda pol\u00edtica de Netanyahu podr\u00eda provocar un golpe de mano liderado por el ex- miembro del Gobierno de Emergencia israel\u00ed, Benny Gantz y\u00a0 por el Ministro de Defensa, Galant. Dicho golpe contar\u00eda con las bendiciones de la Administraci\u00f3n Biden y de la AIPAC y tras dar por finalizada la invasi\u00f3n de Gaza y el intercambio de rehenes en manos de Ham\u00e1s, desembocar\u00eda en la convocatoria anticipada de nuevas elecciones con el objetivo confeso de conformar un Gobierno de Unidad Nacional de Benny Gantz con Yair Lapid\u00a0 y cuya tarea primordial ser\u00e1 reeditar los Acuerdos de Oslo que posibiliten la coexistencia pac\u00edfica de Dos pueblos en Dos Estados.<\/p>\n<p>Mientras, Netanyahu, un pol\u00edtico nefasto que intent\u00f3 dar un golpe de mano autocr\u00e1tico para posteriormente instaurar un r\u00e9gimen Presidencialista, podr\u00eda enfrentarse a un juicio penal en el que ser\u00e1 acusado de negligencia y cr\u00edmenes contra los Derechos Humanos, lo que podr\u00eda suponer una condena penal y su salida definitiva del escenario pol\u00edtico israel\u00ed.<\/p>\n","protected":false},"excerpt":{"rendered":"<p>Netanyahu habr\u00eda banalizado la maldad debido a la total ausencia de moralidad en sus acciones que le lleva a cometer cr\u00edmenes de lesa humanidad sin reflexionar sobre sus consecuencias y sin discernir el bien o el mal de sus actos.&hellip;<\/p>\n","protected":false},"author":1505,"featured_media":2545789,"comment_status":"closed","ping_status":"closed","sticky":false,"template":"","format":"standard","meta":{"footnotes":""},"categories":[11389,71,161,74],"tags":[13129,57469],"class_list":["post-2545788","post","type-post","status-publish","format-standard","has-post-thumbnail","hentry","category-contenido-original","category-medio-oriente-es","category-opiniones","category-politica-es","tag-israel-palestina","tag-netanyahu"],"yoast_head":"<!-- This site is optimized with the Yoast SEO plugin v27.1.1 - https:\/\/yoast.com\/product\/yoast-seo-wordpress\/ -->\n<title>\u00bfSer\u00e1n los rehenes israel\u00edes el cisne negro de Netanyahu?<\/title>\n<meta name=\"description\" content=\"Netanyahu habr\u00eda banalizado la maldad debido a la total ausencia de moralidad en sus acciones que le lleva a cometer cr\u00edmenes de lesa humanidad sin\" \/>\n<meta name=\"robots\" content=\"index, follow, max-snippet:-1, max-image-preview:large, max-video-preview:-1\" \/>\n<link rel=\"canonical\" href=\"https:\/\/www.pressenza.com\/es\/2024\/09\/seran-los-rehenes-israelies-el-cisne-negro-de-netanyahu\/\" \/>\n<meta property=\"og:locale\" content=\"es_ES\" \/>\n<meta property=\"og:type\" content=\"article\" \/>\n<meta property=\"og:title\" content=\"\u00bfSer\u00e1n los rehenes israel\u00edes el cisne negro de Netanyahu?\" \/>\n<meta property=\"og:description\" content=\"Netanyahu habr\u00eda banalizado la maldad debido a la total ausencia de moralidad en sus acciones que le lleva a cometer cr\u00edmenes de lesa humanidad sin\" \/>\n<meta property=\"og:url\" content=\"https:\/\/www.pressenza.com\/es\/2024\/09\/seran-los-rehenes-israelies-el-cisne-negro-de-netanyahu\/\" \/>\n<meta property=\"og:site_name\" content=\"Pressenza\" \/>\n<meta property=\"article:publisher\" content=\"https:\/\/www.facebook.com\/PressenzaItalia\" \/>\n<meta property=\"article:published_time\" content=\"2024-09-02T20:06:36+00:00\" \/>\n<meta property=\"og:image\" content=\"https:\/\/www.pressenza.com\/wp-content\/uploads\/2024\/09\/images.jpeg\" \/>\n\t<meta property=\"og:image:width\" content=\"275\" \/>\n\t<meta property=\"og:image:height\" content=\"183\" \/>\n\t<meta property=\"og:image:type\" content=\"image\/jpeg\" \/>\n<meta name=\"author\" content=\"Germ\u00e1n Gorraiz L\u00f3pez\" \/>\n<meta name=\"twitter:card\" content=\"summary_large_image\" \/>\n<meta name=\"twitter:creator\" content=\"@PressenzaIPA\" \/>\n<meta name=\"twitter:site\" content=\"@PressenzaIPA\" \/>\n<meta name=\"twitter:label1\" content=\"Escrito por\" \/>\n\t<meta name=\"twitter:data1\" content=\"Germ\u00e1n Gorraiz L\u00f3pez\" \/>\n\t<meta name=\"twitter:label2\" content=\"Tiempo de lectura\" \/>\n\t<meta name=\"twitter:data2\" content=\"5 minutos\" \/>\n<script type=\"application\/ld+json\" class=\"yoast-schema-graph\">{\"@context\":\"https:\/\/schema.org\",\"@graph\":[{\"@type\":\"Article\",\"@id\":\"https:\/\/www.pressenza.com\/es\/2024\/09\/seran-los-rehenes-israelies-el-cisne-negro-de-netanyahu\/#article\",\"isPartOf\":{\"@id\":\"https:\/\/www.pressenza.com\/es\/2024\/09\/seran-los-rehenes-israelies-el-cisne-negro-de-netanyahu\/\"},\"author\":{\"name\":\"Germ\u00e1n Gorraiz L\u00f3pez\",\"@id\":\"https:\/\/www.pressenza.com\/es\/#\/schema\/person\/57dba2cbf155df3e3656a436abe74b1b\"},\"headline\":\"\u00bfSer\u00e1n los rehenes israel\u00edes el cisne negro de Netanyahu?\",\"datePublished\":\"2024-09-02T20:06:36+00:00\",\"mainEntityOfPage\":{\"@id\":\"https:\/\/www.pressenza.com\/es\/2024\/09\/seran-los-rehenes-israelies-el-cisne-negro-de-netanyahu\/\"},\"wordCount\":963,\"publisher\":{\"@id\":\"https:\/\/www.pressenza.com\/es\/#organization\"},\"image\":{\"@id\":\"https:\/\/www.pressenza.com\/es\/2024\/09\/seran-los-rehenes-israelies-el-cisne-negro-de-netanyahu\/#primaryimage\"},\"thumbnailUrl\":\"https:\/\/www.pressenza.com\/wp-content\/uploads\/2024\/09\/images.jpeg\",\"keywords\":[\"Israel. Palestina\",\"Netanyahu\"],\"articleSection\":[\"Contenido Original\",\"Medio Oriente\",\"Opiniones\",\"Pol\u00edtica\"],\"inLanguage\":\"es\"},{\"@type\":\"WebPage\",\"@id\":\"https:\/\/www.pressenza.com\/es\/2024\/09\/seran-los-rehenes-israelies-el-cisne-negro-de-netanyahu\/\",\"url\":\"https:\/\/www.pressenza.com\/es\/2024\/09\/seran-los-rehenes-israelies-el-cisne-negro-de-netanyahu\/\",\"name\":\"\u00bfSer\u00e1n los rehenes israel\u00edes el cisne negro de Netanyahu?\",\"isPartOf\":{\"@id\":\"https:\/\/www.pressenza.com\/es\/#website\"},\"primaryImageOfPage\":{\"@id\":\"https:\/\/www.pressenza.com\/es\/2024\/09\/seran-los-rehenes-israelies-el-cisne-negro-de-netanyahu\/#primaryimage\"},\"image\":{\"@id\":\"https:\/\/www.pressenza.com\/es\/2024\/09\/seran-los-rehenes-israelies-el-cisne-negro-de-netanyahu\/#primaryimage\"},\"thumbnailUrl\":\"https:\/\/www.pressenza.com\/wp-content\/uploads\/2024\/09\/images.jpeg\",\"datePublished\":\"2024-09-02T20:06:36+00:00\",\"description\":\"Netanyahu habr\u00eda banalizado la maldad debido a la total ausencia de moralidad en sus acciones que le lleva a cometer cr\u00edmenes de lesa humanidad sin\",\"breadcrumb\":{\"@id\":\"https:\/\/www.pressenza.com\/es\/2024\/09\/seran-los-rehenes-israelies-el-cisne-negro-de-netanyahu\/#breadcrumb\"},\"inLanguage\":\"es\",\"potentialAction\":[{\"@type\":\"ReadAction\",\"target\":[\"https:\/\/www.pressenza.com\/es\/2024\/09\/seran-los-rehenes-israelies-el-cisne-negro-de-netanyahu\/\"]}]},{\"@type\":\"ImageObject\",\"inLanguage\":\"es\",\"@id\":\"https:\/\/www.pressenza.com\/es\/2024\/09\/seran-los-rehenes-israelies-el-cisne-negro-de-netanyahu\/#primaryimage\",\"url\":\"https:\/\/www.pressenza.com\/wp-content\/uploads\/2024\/09\/images.jpeg\",\"contentUrl\":\"https:\/\/www.pressenza.com\/wp-content\/uploads\/2024\/09\/images.jpeg\",\"width\":275,\"height\":183},{\"@type\":\"BreadcrumbList\",\"@id\":\"https:\/\/www.pressenza.com\/es\/2024\/09\/seran-los-rehenes-israelies-el-cisne-negro-de-netanyahu\/#breadcrumb\",\"itemListElement\":[{\"@type\":\"ListItem\",\"position\":1,\"name\":\"Accueil\",\"item\":\"https:\/\/www.pressenza.com\/es\/\"},{\"@type\":\"ListItem\",\"position\":2,\"name\":\"\u00bfSer\u00e1n los rehenes israel\u00edes el cisne negro de Netanyahu?\"}]},{\"@type\":\"WebSite\",\"@id\":\"https:\/\/www.pressenza.com\/es\/#website\",\"url\":\"https:\/\/www.pressenza.com\/es\/\",\"name\":\"Pressenza\",\"description\":\"International Press Agency\",\"publisher\":{\"@id\":\"https:\/\/www.pressenza.com\/es\/#organization\"},\"potentialAction\":[{\"@type\":\"SearchAction\",\"target\":{\"@type\":\"EntryPoint\",\"urlTemplate\":\"https:\/\/www.pressenza.com\/es\/?s={search_term_string}\"},\"query-input\":{\"@type\":\"PropertyValueSpecification\",\"valueRequired\":true,\"valueName\":\"search_term_string\"}}],\"inLanguage\":\"es\"},{\"@type\":\"Organization\",\"@id\":\"https:\/\/www.pressenza.com\/es\/#organization\",\"name\":\"Pressenza\",\"url\":\"https:\/\/www.pressenza.com\/es\/\",\"logo\":{\"@type\":\"ImageObject\",\"inLanguage\":\"es\",\"@id\":\"https:\/\/www.pressenza.com\/es\/#\/schema\/logo\/image\/\",\"url\":\"https:\/\/www.pressenza.com\/wp-content\/uploads\/2022\/10\/pressenza_logo_200x200.jpg\",\"contentUrl\":\"https:\/\/www.pressenza.com\/wp-content\/uploads\/2022\/10\/pressenza_logo_200x200.jpg\",\"width\":200,\"height\":200,\"caption\":\"Pressenza\"},\"image\":{\"@id\":\"https:\/\/www.pressenza.com\/es\/#\/schema\/logo\/image\/\"},\"sameAs\":[\"https:\/\/www.facebook.com\/PressenzaItalia\",\"https:\/\/x.com\/PressenzaIPA\"]},{\"@type\":\"Person\",\"@id\":\"https:\/\/www.pressenza.com\/es\/#\/schema\/person\/57dba2cbf155df3e3656a436abe74b1b\",\"name\":\"Germ\u00e1n Gorraiz L\u00f3pez\",\"description\":\"Germ\u00e1n Gorraiz L\u00f3pez (Navarra-Espa\u00f1a, 1957). Analista econ\u00f3mico y geopol\u00edtico, colabora habitualmente en varias publicaciones digitales e impresas espa\u00f1olas y latinoamericanas.\",\"url\":\"https:\/\/www.pressenza.com\/es\/author\/german-gorraiz-lopez\/\"}]}<\/script>\n<!-- \/ Yoast SEO plugin. -->","yoast_head_json":{"title":"\u00bfSer\u00e1n los rehenes israel\u00edes el cisne negro de Netanyahu?","description":"Netanyahu habr\u00eda banalizado la maldad debido a la total ausencia de moralidad en sus acciones que le lleva a cometer cr\u00edmenes de lesa humanidad sin","robots":{"index":"index","follow":"follow","max-snippet":"max-snippet:-1","max-image-preview":"max-image-preview:large","max-video-preview":"max-video-preview:-1"},"canonical":"https:\/\/www.pressenza.com\/es\/2024\/09\/seran-los-rehenes-israelies-el-cisne-negro-de-netanyahu\/","og_locale":"es_ES","og_type":"article","og_title":"\u00bfSer\u00e1n los rehenes israel\u00edes el cisne negro de Netanyahu?","og_description":"Netanyahu habr\u00eda banalizado la maldad debido a la total ausencia de moralidad en sus acciones que le lleva a cometer cr\u00edmenes de lesa humanidad sin","og_url":"https:\/\/www.pressenza.com\/es\/2024\/09\/seran-los-rehenes-israelies-el-cisne-negro-de-netanyahu\/","og_site_name":"Pressenza","article_publisher":"https:\/\/www.facebook.com\/PressenzaItalia","article_published_time":"2024-09-02T20:06:36+00:00","og_image":[{"width":275,"height":183,"url":"https:\/\/www.pressenza.com\/wp-content\/uploads\/2024\/09\/images.jpeg","type":"image\/jpeg"}],"author":"Germ\u00e1n Gorraiz L\u00f3pez","twitter_card":"summary_large_image","twitter_creator":"@PressenzaIPA","twitter_site":"@PressenzaIPA","twitter_misc":{"Escrito por":"Germ\u00e1n Gorraiz L\u00f3pez","Tiempo de lectura":"5 minutos"},"schema":{"@context":"https:\/\/schema.org","@graph":[{"@type":"Article","@id":"https:\/\/www.pressenza.com\/es\/2024\/09\/seran-los-rehenes-israelies-el-cisne-negro-de-netanyahu\/#article","isPartOf":{"@id":"https:\/\/www.pressenza.com\/es\/2024\/09\/seran-los-rehenes-israelies-el-cisne-negro-de-netanyahu\/"},"author":{"name":"Germ\u00e1n Gorraiz L\u00f3pez","@id":"https:\/\/www.pressenza.com\/es\/#\/schema\/person\/57dba2cbf155df3e3656a436abe74b1b"},"headline":"\u00bfSer\u00e1n los rehenes israel\u00edes el cisne negro de Netanyahu?","datePublished":"2024-09-02T20:06:36+00:00","mainEntityOfPage":{"@id":"https:\/\/www.pressenza.com\/es\/2024\/09\/seran-los-rehenes-israelies-el-cisne-negro-de-netanyahu\/"},"wordCount":963,"publisher":{"@id":"https:\/\/www.pressenza.com\/es\/#organization"},"image":{"@id":"https:\/\/www.pressenza.com\/es\/2024\/09\/seran-los-rehenes-israelies-el-cisne-negro-de-netanyahu\/#primaryimage"},"thumbnailUrl":"https:\/\/www.pressenza.com\/wp-content\/uploads\/2024\/09\/images.jpeg","keywords":["Israel. Palestina","Netanyahu"],"articleSection":["Contenido Original","Medio Oriente","Opiniones","Pol\u00edtica"],"inLanguage":"es"},{"@type":"WebPage","@id":"https:\/\/www.pressenza.com\/es\/2024\/09\/seran-los-rehenes-israelies-el-cisne-negro-de-netanyahu\/","url":"https:\/\/www.pressenza.com\/es\/2024\/09\/seran-los-rehenes-israelies-el-cisne-negro-de-netanyahu\/","name":"\u00bfSer\u00e1n los rehenes israel\u00edes el cisne negro de Netanyahu?","isPartOf":{"@id":"https:\/\/www.pressenza.com\/es\/#website"},"primaryImageOfPage":{"@id":"https:\/\/www.pressenza.com\/es\/2024\/09\/seran-los-rehenes-israelies-el-cisne-negro-de-netanyahu\/#primaryimage"},"image":{"@id":"https:\/\/www.pressenza.com\/es\/2024\/09\/seran-los-rehenes-israelies-el-cisne-negro-de-netanyahu\/#primaryimage"},"thumbnailUrl":"https:\/\/www.pressenza.com\/wp-content\/uploads\/2024\/09\/images.jpeg","datePublished":"2024-09-02T20:06:36+00:00","description":"Netanyahu habr\u00eda banalizado la maldad debido a la total ausencia de moralidad en sus acciones que le lleva a cometer cr\u00edmenes de lesa humanidad sin","breadcrumb":{"@id":"https:\/\/www.pressenza.com\/es\/2024\/09\/seran-los-rehenes-israelies-el-cisne-negro-de-netanyahu\/#breadcrumb"},"inLanguage":"es","potentialAction":[{"@type":"ReadAction","target":["https:\/\/www.pressenza.com\/es\/2024\/09\/seran-los-rehenes-israelies-el-cisne-negro-de-netanyahu\/"]}]},{"@type":"ImageObject","inLanguage":"es","@id":"https:\/\/www.pressenza.com\/es\/2024\/09\/seran-los-rehenes-israelies-el-cisne-negro-de-netanyahu\/#primaryimage","url":"https:\/\/www.pressenza.com\/wp-content\/uploads\/2024\/09\/images.jpeg","contentUrl":"https:\/\/www.pressenza.com\/wp-content\/uploads\/2024\/09\/images.jpeg","width":275,"height":183},{"@type":"BreadcrumbList","@id":"https:\/\/www.pressenza.com\/es\/2024\/09\/seran-los-rehenes-israelies-el-cisne-negro-de-netanyahu\/#breadcrumb","itemListElement":[{"@type":"ListItem","position":1,"name":"Accueil","item":"https:\/\/www.pressenza.com\/es\/"},{"@type":"ListItem","position":2,"name":"\u00bfSer\u00e1n los rehenes israel\u00edes el cisne negro de Netanyahu?"}]},{"@type":"WebSite","@id":"https:\/\/www.pressenza.com\/es\/#website","url":"https:\/\/www.pressenza.com\/es\/","name":"Pressenza","description":"International Press Agency","publisher":{"@id":"https:\/\/www.pressenza.com\/es\/#organization"},"potentialAction":[{"@type":"SearchAction","target":{"@type":"EntryPoint","urlTemplate":"https:\/\/www.pressenza.com\/es\/?s={search_term_string}"},"query-input":{"@type":"PropertyValueSpecification","valueRequired":true,"valueName":"search_term_string"}}],"inLanguage":"es"},{"@type":"Organization","@id":"https:\/\/www.pressenza.com\/es\/#organization","name":"Pressenza","url":"https:\/\/www.pressenza.com\/es\/","logo":{"@type":"ImageObject","inLanguage":"es","@id":"https:\/\/www.pressenza.com\/es\/#\/schema\/logo\/image\/","url":"https:\/\/www.pressenza.com\/wp-content\/uploads\/2022\/10\/pressenza_logo_200x200.jpg","contentUrl":"https:\/\/www.pressenza.com\/wp-content\/uploads\/2022\/10\/pressenza_logo_200x200.jpg","width":200,"height":200,"caption":"Pressenza"},"image":{"@id":"https:\/\/www.pressenza.com\/es\/#\/schema\/logo\/image\/"},"sameAs":["https:\/\/www.facebook.com\/PressenzaItalia","https:\/\/x.com\/PressenzaIPA"]},{"@type":"Person","@id":"https:\/\/www.pressenza.com\/es\/#\/schema\/person\/57dba2cbf155df3e3656a436abe74b1b","name":"Germ\u00e1n Gorraiz L\u00f3pez","description":"Germ\u00e1n Gorraiz L\u00f3pez (Navarra-Espa\u00f1a, 1957). Analista econ\u00f3mico y geopol\u00edtico, colabora habitualmente en varias publicaciones digitales e impresas espa\u00f1olas y latinoamericanas.","url":"https:\/\/www.pressenza.com\/es\/author\/german-gorraiz-lopez\/"}]}},"place":"Madrid, Espa\u00f1a","original_article_url":"","_links":{"self":[{"href":"https:\/\/www.pressenza.com\/es\/wp-json\/wp\/v2\/posts\/2545788","targetHints":{"allow":["GET"]}}],"collection":[{"href":"https:\/\/www.pressenza.com\/es\/wp-json\/wp\/v2\/posts"}],"about":[{"href":"https:\/\/www.pressenza.com\/es\/wp-json\/wp\/v2\/types\/post"}],"author":[{"embeddable":true,"href":"https:\/\/www.pressenza.com\/es\/wp-json\/wp\/v2\/users\/1505"}],"replies":[{"embeddable":true,"href":"https:\/\/www.pressenza.com\/es\/wp-json\/wp\/v2\/comments?post=2545788"}],"version-history":[{"count":0,"href":"https:\/\/www.pressenza.com\/es\/wp-json\/wp\/v2\/posts\/2545788\/revisions"}],"wp:featuredmedia":[{"embeddable":true,"href":"https:\/\/www.pressenza.com\/es\/wp-json\/wp\/v2\/media\/2545789"}],"wp:attachment":[{"href":"https:\/\/www.pressenza.com\/es\/wp-json\/wp\/v2\/media?parent=2545788"}],"wp:term":[{"taxonomy":"category","embeddable":true,"href":"https:\/\/www.pressenza.com\/es\/wp-json\/wp\/v2\/categories?post=2545788"},{"taxonomy":"post_tag","embeddable":true,"href":"https:\/\/www.pressenza.com\/es\/wp-json\/wp\/v2\/tags?post=2545788"}],"curies":[{"name":"wp","href":"https:\/\/api.w.org\/{rel}","templated":true}]}}