{"id":2545013,"date":"2024-08-29T21:01:28","date_gmt":"2024-08-29T20:01:28","guid":{"rendered":"https:\/\/www.pressenza.com\/?p=2545013"},"modified":"2024-08-29T21:01:28","modified_gmt":"2024-08-29T20:01:28","slug":"no-hay-permiso-para-el-extractivismo-espiritual","status":"publish","type":"post","link":"https:\/\/www.pressenza.com\/es\/2024\/08\/no-hay-permiso-para-el-extractivismo-espiritual\/","title":{"rendered":"\u00abNo hay permiso para el extractivismo espiritual\u00bb"},"content":{"rendered":"<h3 style=\"padding-left: 40px;\">Comunidades diaguitas defienden su territorio de la espiritualidad comercial y tur\u00edstica<\/h3>\n<p>En un comunicado\u00a0 conjunto las comunidades Laguna Blanca, Corral Blanco, Pe\u00f1as Negras, Llastay \u00d1an, Quimivil, Las Lajas y piedra Larga pertenecientes a la Uni\u00f3n Diaguita de Bel\u00e9n se manifestaron en contra de la actividad \u201cEl llamado del Jaguar\u201d que denunciaron como parte del\u00a0<strong>extractivismo espiritual<\/strong>.<\/p>\n<p>\u201cQueremos hacer p\u00fablico el NO CONSENTIMIENTO a la actividad denominada\u00a0<strong>El Llamado del Jaguar en los sitios sagrados de Shinkal, Cerro Colorado, Waka de la Salamanca y Pozo Verde<\/strong>. Motiva nuestra negativa las acciones inconsultas de sus organizadores, violando el\u00a0<strong>Convenio de 169 de la OIT<\/strong>, como as\u00ed tambi\u00e9n desconociendo nuestro derecho Mayor Territorial, ya que los permisos a cualquier actividad en territorio comunitario solo pueden ser otorgados por las autoridades ind\u00edgenas, en raz\u00f3n de lo cual no permitiremos que nuestros sitios sagrados sean tratados como mercanc\u00edas tur\u00edsticas\u201d.<\/p>\n<p>De esta manera las comunidades ind\u00edgenas comienzan a manifestarse y plantear sus<strong>\u00a0derechos<\/strong>, tanto\u00a0<strong>jur\u00eddicos, como los de usos y costumbres<\/strong>\u00a0que se han transmitido por generaciones y que perviven m\u00e1s all\u00e1 de la colonizaci\u00f3n de nuestro continente. Estos derechos tienen que ver con el respeto que se deben entre s\u00ed las comunidades, es decir que siempre que una persona o un grupo humano tenga la intenci\u00f3n de realizar una actividad en un territorio que no es donde habita debe pedir permiso:\u00a0<strong>\u201cNuestros abuelos nos ense\u00f1an cuando vamos a un lugar donde no pertenecemos que debemos pedir permiso a la naturaleza, a los apus y luego buscar al abuelito del lugar y tambi\u00e9n contarle nuestras intenciones y as\u00ed la comunidad en su totalidad da o no el permiso correspondiente para realizar una actividad\u201d<\/strong>, explica el profesor de quechua de la Facultad de Ciencias Naturales de La Universidad de La Plata Mario Aucca Rayme, respecto de como es el funcionamiento del respeto tanto a las abuelos, as\u00ed como a la misma naturaleza.<\/p>\n<p>Esta situaci\u00f3n que moviliz\u00f3 a varias comunidades tiene que ver con una actividad que fue anunciada en redes sociales como\u00a0<strong>\u201cPeregrinaciones ancestrales<\/strong>\u00bb que iban a realizarse en\u00a0<strong>El Shinkal de Quimivil<\/strong>, conocido como el \u201cNuevo Cusco\u201d, y que se encuentra en la provincia de\u00a0<strong>Catamarca<\/strong>. El Shinkal es uno de los sitios arqueol\u00f3gicos que demuestran la influencia incaica en el Noroeste de Argentina.<\/p>\n<p>En el \u00faltimo tercio del siglo XV, los\u00a0<strong>Inkas<\/strong>\u00a0extendieron el\u00a0<strong>Tawantinsuyu<\/strong>\u00a0mediante una s\u00f3lida organizaci\u00f3n en lo sociopol\u00edtico, econ\u00f3mico, religioso y vial, los inkas lograron integrar a varios grupos al Collasuyu, entre ellos los\u00a0<strong>Omahuacas, Pulares\u00a0<\/strong>y\u00a0<strong>Diaguito-Calchaqu\u00edes<\/strong>.Esta integraci\u00f3n, seg\u00fan explican investigadores, tiene que ver con el manejo de los metales y otros conocimientos de estos pueblos que a la fecha siguen habitando la zona y est\u00e1n en un rescate de toda su cultura como\u00a0<strong>Naci\u00f3n Diaguita, Calchaqui.<\/strong><\/p>\n<p>Hoy estos pueblos no solo luchan contra el\u00a0<strong>extractivismo<\/strong>\u00a0de sus territorios por parte de las\u00a0<strong>empresas mineras<\/strong>, sino que tambi\u00e9n deben luchar por el af\u00e1n transgresor de personas que por desconocimiento o con intencionalidad\u00a0<strong>comercializan la espiritualidad ancestral<\/strong>\u00a0de nuestros pueblos del Abya Yala, en este caso, de la espiritualidad andina.\u00a0<strong>\u201c\u00a1Si se cobra no es espiritualidad!\u201d<\/strong>, indican personas cercanas a las comunidades, como advertencia para los curiosos urbanos que tengan intenci\u00f3n de comenzar a conocer la\u00a0<strong>espiritualidad ind\u00edgena<\/strong>.<\/p>\n<p>Reproducimos aqu\u00ed el comunicado que difundieron las comunidades planteando su negativa a este tipo de pr\u00e1cticas que no respetan a los habitantes de estos territorios sagrados y que en muchos casos se sirven de usar las medicinas que all\u00ed crecen, como es el caso del San Pedro (Wachuma), que es una especie de plantas de la familia Cactaceae y que se utiliza en la medicina tradicional andina tanto para uso humano como veterinario.<\/p>\n<blockquote><p>Agosto, tiempo de seca, 2024<\/p>\n<p>A las personas encargadas y organizadoras del evento<strong>\u00a0\u00abLlamado del Yaguar\u00bb Peregrinaciones Ancestrales\u00a0<\/strong>y a toda persona interesada en la espiritualidad ancestral.<\/p>\n<p>Declaramos que NO HAY PERMISO para el extractivismo espiritual en nuestros sitios sagrados. Mana Yaykunkichajchu Kayman.<\/p>\n<p>Las personas firmantes: comunidades ind\u00edgenas, pobladores de los territorios, de la m\u00fasica, el arte, asambleas socioambientales, gu\u00edas espirituales, guardianes de los sitios sagrados.<\/p>\n<p>Emitimos este comunicado p\u00fablico para declarar que:<\/p>\n<p>No brindamos consentimiento a la actividad denominada \u00abLlamada del Yaguar\u00bb ( 7, 8 y 9 de septiembre en Shincal de Quimivil y Hualf\u00edn). Ni a ninguna actividad con \u00e9stas caracter\u00edsticas.<\/p>\n<p>Nuestras razones son:<\/p>\n<ul>\n<li>Nos comunicamos con las personas encargadas de tales ceremonias. Ellas invocan a sus ancestros en el territorio, amistad con abuelos respetados, v\u00ednculos con personas locales y su propia libertad.<\/li>\n<li>Nosotros invocamos el Convenio 169 de la OIT y el Derecho Mayor territorial, por el cual el permiso debe ser emitido por las autoridades comunitarias, los consejos de ancianos y los gu\u00edas espirituales de los territorios para realizar cualquier actividad.<\/li>\n<li>Nos ha llegado de diversas fuentes la certeza de que se promociona como \u00abevento tur\u00edstico\u00bb. Es una realidad que el precio es inaccesible para los pobladores locales. Se trata de una publicidad dirigida a una audiencia claramente for\u00e1nea, con la posibilidad de pago en moneda extranjera.<\/li>\n<li>Ante la respuesta de las organizadoras, que continuar\u00e1n con la actividad a pesar de las comunicaciones establecidas con ellas como habitantes de los sitios sagrados.<\/li>\n<\/ul>\n<p>Por todo ello, queda claro que este evento no est\u00e1 dirigido a compartir la espiritualidad con el territorio ni con personas locales.<\/p>\n<p>Es un evento orientado a personas ajenas al territorio, turistas con alto poder adquisitivo.<\/p>\n<p>Dos caracter\u00edsticas propias del extractivismo espiritual y la gentrificaci\u00f3n.<\/p>\n<p>No vamos a permitir que nuestros sitios sagrados sean expropiados para el turismo internacional y el comercio global, tal como sucede en las pir\u00e1mides de M\u00e9xico, en Macchu Picchu, Per\u00fa, y tantos otros lugares, donde los habitantes locales ya no pueden realizar sus ceremonias por la proliferaci\u00f3n de eventos tur\u00edsticos como \u00e9ste.<\/p>\n<p>Por ello, instamos a todas las personas ajenas al territorio que quieran compartir nuestra espiritualidad:<\/p>\n<ul>\n<li>Que se abstengan de organizar eventos en nuestros sitios sagrados sin permiso de las comunidades ind\u00edgenas de cada lugar.<\/li>\n<li>A comunicarse directamente con los gu\u00edas espirituales, autoridades comunitarias ind\u00edgenas y gu\u00edas locales para conocer, visitar y apoyar a nuestro Pueblo Naci\u00f3n.<\/li>\n<\/ul>\n<p>Queremos dejar claro que no se trata de arreglos entre personas individuales. No se pone en cuestionamiento la b\u00fasqueda ni trayectorias de vida de cada ser. Nosotros tambi\u00e9n hemos caminado las rutas ceremoniales siempre con respeto, sin intermediaci\u00f3n de publicidad en redes sociales y con el permiso de los habitantes de los territorios.<\/p>\n<p>La trayectoria y la b\u00fasqueda personal que se invocan no les avala a pasar por encima de las decisiones de quienes residimos comunitariamente, ancestral y actualmente en \u00e9stos sitios sagrados.<\/p>\n<p>Es simple: no necesitamos intermediarios para comunicarnos con nuestros ancestros, los Uturunkos. Sabemos que est\u00e1n despertando, dentro de nosotros.<\/p>\n<p>Quienes quieran venir a apoyarnos, ser\u00e1n bienvenidos en minka, recibidos para alimentarnos y trabajar en com\u00fan, cuando lleguen con su ayllu, con verdadera humildad, sin posicionarse como organizadores ni convocando a eventos tur\u00edsticos planificados desde otros territorios.<\/p>\n<p>\u00abNo hay permiso aqu\u00ed se\u00f1ores, Para el que viene a explotar, Todos ser\u00e1n bienvenidos, Cuando vengan a sembrar.\u00bb<\/p>\n<p><strong>Firman:<\/strong> Colectivo de personas sanadoras y defensoras de los territorios diaguitas cacanes | Marcos Pastrana, anciano del Pueblo Naci\u00f3n Diaguita. Comunidad Ind\u00edgena Diaguita del Valle de Taf\u00ed | Antonio Cruz Cacique de Los Nacimientos Hualf\u00edn, Catamarca | Tom\u00e1s Zamorano, Cacique de la Comunidad Ind\u00edgena Diaguita Anconquija, Catamarca | Walter Cruz, Comunidad Indigena Morteritos, Villa Vil, Catamarca | Celia Andrade, Amaicha del Valle, Tucum\u00e1n | Helena C\u00f3rdoba Sauji, Fiambala Catamarca | Mat\u00edas Hidalgo, Jacipunco Catamarca<\/p>\n<p><strong>Apoyan:<\/strong> Diego Amartino, Saujil Fiambala Catamarca | Sergio Ursategui, Villa Vil Catamarca | Alessandro Yeme, Puerta de Corral Quemado Catamarca | Irina Vazquez, Jacipunco, Catamarca | Florencia Carrizo, Catamarca capital | Rosa Farias, Andalgal\u00e1, Catamarca | Chu\u00f1a Herrera, Bel\u00e9n, Catamarca | Sonia Sahonero, Hualf\u00edn, Catamarca | Fernanda Saracho C\u00f3ndor Huasi Catamarca | Esteban Sol\u00e9, Hualf\u00edn Catamarca | Luciana Fern\u00e1ndez, Ancasti, Catamarca | Micaela Salvatierra, territorio diaguita en Salta y Amaicha del Valle | Fabiana Fischbein, Bel\u00e9n,Catamarca | Fabio Joaqu\u00edn Navarro, Santa Mar\u00eda Catamarca | Mario Quinteros. Comunero de la Comunidad Ind\u00edgena Diaguita de Amaicha del Valle, Tucum\u00e1n | Ernestina Balderrama, comunera de la Comunidad Ind\u00edgena Diaguita Amaicha del Valle, Tucum\u00e1n | Mercedes Fernandez, comunera de la Comunidad Ind\u00edgena Diaguita del Valle de Taf\u00ed, Tucum\u00e1n | Lourdes Albornoz, comunera de la comunidad ind\u00edgena Diaguita El Mollar, Tucuman | Esteban Carvajal, comunero de la Comunidad Ind\u00edgena Diaguita El Mollar Tucuman | Anahi Lirolay Ger\u00f3nimo, comunera de la comunidad Ind\u00edgena Diaguita Quilmes, Tucuman | Giovana Garc\u00eda, comunera de la Comunidad Ind\u00edgena Diaguita de Amaicha del Valle | Tahal\u00ed Ayemen Chayle, territorio Quilme y Hualfin | Roc\u00edo Juli\u00e1n, territorio Kolla, comunera de la Comunidad Ci\u00e9nego Grande, Jujuy | Mar\u00eda Laura Carhuavilca \u2013 Pueblo Naci\u00f3n Kolla \u2013 Red Chacha Warmi, Jujuy | Regina S\u00e1ez Postigo, Tucum\u00e1n | Cecilia Santill\u00e1n, Tucum\u00e1n | Fredy Carbonel, Tucum\u00e1n | Comunidad Ind\u00edgena Diaguita Los Nacimientos, Catamarca | Comunidad Ind\u00edgena Diaguita Anconquija, Catamarca | Roberto Tomas Aramayo. Pueblo Diaguita . Organizaci\u00f3n Resistencia DIAGUITA AMBA | Red Chacha Warmi, territorio Kolla, Aymara, Quechua, Omawaka, Chicha, Jujuy | Pro Eco grupo Ecologista, Tucum\u00e1n | Abrazo al Aconquija | Feministaa Antiextractivistas del Sur | Red Trasandina Diaguita Ancestr\u00edas del Futuro |<\/p><\/blockquote>\n","protected":false},"excerpt":{"rendered":"<p>Comunidades diaguitas defienden su territorio de la espiritualidad comercial y tur\u00edstica En un comunicado\u00a0 conjunto las comunidades Laguna Blanca, Corral Blanco, Pe\u00f1as Negras, Llastay \u00d1an, Quimivil, Las Lajas y piedra Larga pertenecientes a la Uni\u00f3n Diaguita de Bel\u00e9n se manifestaron&hellip;<\/p>\n","protected":false},"author":2224,"featured_media":2545015,"comment_status":"closed","ping_status":"closed","sticky":false,"template":"","format":"standard","meta":{"footnotes":""},"categories":[149,80,67],"tags":[792,1544,54082,22210,18507],"class_list":["post-2545013","post","type-post","status-publish","format-standard","has-post-thumbnail","hentry","category-comunicados-de-prensa","category-pueblos-originarios","category-sudamerica","tag-espiritualidad","tag-extractivismo","tag-indigenas-es","tag-pueblos-originarios","tag-territorios"],"yoast_head":"<!-- This site is optimized with the Yoast SEO plugin v27.1.1 - https:\/\/yoast.com\/product\/yoast-seo-wordpress\/ -->\n<title>&quot;No hay permiso para el extractivismo espiritual&quot;<\/title>\n<meta name=\"description\" content=\"Comunidades diaguitas defienden su territorio de la espiritualidad comercial y tur\u00edstica En un comunicado\u00a0 conjunto las comunidades Laguna Blanca, Corral\" \/>\n<meta name=\"robots\" content=\"index, follow, max-snippet:-1, max-image-preview:large, max-video-preview:-1\" \/>\n<link rel=\"canonical\" href=\"https:\/\/www.pressenza.com\/es\/2024\/08\/no-hay-permiso-para-el-extractivismo-espiritual\/\" \/>\n<meta property=\"og:locale\" content=\"es_ES\" \/>\n<meta property=\"og:type\" content=\"article\" \/>\n<meta property=\"og:title\" content=\"&quot;No hay permiso para el extractivismo espiritual&quot;\" \/>\n<meta property=\"og:description\" content=\"Comunidades diaguitas defienden su territorio de la espiritualidad comercial y tur\u00edstica En un comunicado\u00a0 conjunto las comunidades Laguna Blanca, Corral\" \/>\n<meta property=\"og:url\" content=\"https:\/\/www.pressenza.com\/es\/2024\/08\/no-hay-permiso-para-el-extractivismo-espiritual\/\" \/>\n<meta property=\"og:site_name\" content=\"Pressenza\" \/>\n<meta property=\"article:publisher\" content=\"https:\/\/www.facebook.com\/PressenzaItalia\" \/>\n<meta property=\"article:published_time\" content=\"2024-08-29T20:01:28+00:00\" \/>\n<meta property=\"og:image\" content=\"https:\/\/www.pressenza.com\/wp-content\/uploads\/2024\/08\/1024px-El_Shinkal_2-wikimedia.jpeg\" \/>\n\t<meta property=\"og:image:width\" content=\"1024\" \/>\n\t<meta property=\"og:image:height\" content=\"693\" \/>\n\t<meta property=\"og:image:type\" content=\"image\/jpeg\" \/>\n<meta name=\"author\" content=\"Noelia Carrazana\" \/>\n<meta name=\"twitter:card\" content=\"summary_large_image\" \/>\n<meta name=\"twitter:creator\" content=\"@PressenzaIPA\" \/>\n<meta name=\"twitter:site\" content=\"@PressenzaIPA\" \/>\n<meta name=\"twitter:label1\" content=\"Escrito por\" \/>\n\t<meta name=\"twitter:data1\" content=\"Noelia Carrazana\" \/>\n\t<meta name=\"twitter:label2\" content=\"Tiempo de lectura\" \/>\n\t<meta name=\"twitter:data2\" content=\"7 minutos\" \/>\n<script type=\"application\/ld+json\" class=\"yoast-schema-graph\">{\"@context\":\"https:\/\/schema.org\",\"@graph\":[{\"@type\":\"Article\",\"@id\":\"https:\/\/www.pressenza.com\/es\/2024\/08\/no-hay-permiso-para-el-extractivismo-espiritual\/#article\",\"isPartOf\":{\"@id\":\"https:\/\/www.pressenza.com\/es\/2024\/08\/no-hay-permiso-para-el-extractivismo-espiritual\/\"},\"author\":{\"name\":\"Noelia Carrazana\",\"@id\":\"https:\/\/www.pressenza.com\/es\/#\/schema\/person\/c6a87a2b13c09faf97b0500201f0224c\"},\"headline\":\"\u00abNo hay permiso para el extractivismo espiritual\u00bb\",\"datePublished\":\"2024-08-29T20:01:28+00:00\",\"mainEntityOfPage\":{\"@id\":\"https:\/\/www.pressenza.com\/es\/2024\/08\/no-hay-permiso-para-el-extractivismo-espiritual\/\"},\"wordCount\":1583,\"publisher\":{\"@id\":\"https:\/\/www.pressenza.com\/es\/#organization\"},\"image\":{\"@id\":\"https:\/\/www.pressenza.com\/es\/2024\/08\/no-hay-permiso-para-el-extractivismo-espiritual\/#primaryimage\"},\"thumbnailUrl\":\"https:\/\/www.pressenza.com\/wp-content\/uploads\/2024\/08\/1024px-El_Shinkal_2-wikimedia.jpeg\",\"keywords\":[\"Espiritualidad\",\"extractivismo\",\"indigenas\",\"Pueblos Originarios\",\"territorios\"],\"articleSection\":[\"Comunicados de Prensa\",\"Pueblos Originarios\",\"Sudam\u00e9rica\"],\"inLanguage\":\"es\"},{\"@type\":\"WebPage\",\"@id\":\"https:\/\/www.pressenza.com\/es\/2024\/08\/no-hay-permiso-para-el-extractivismo-espiritual\/\",\"url\":\"https:\/\/www.pressenza.com\/es\/2024\/08\/no-hay-permiso-para-el-extractivismo-espiritual\/\",\"name\":\"\\\"No hay permiso para el extractivismo espiritual\\\"\",\"isPartOf\":{\"@id\":\"https:\/\/www.pressenza.com\/es\/#website\"},\"primaryImageOfPage\":{\"@id\":\"https:\/\/www.pressenza.com\/es\/2024\/08\/no-hay-permiso-para-el-extractivismo-espiritual\/#primaryimage\"},\"image\":{\"@id\":\"https:\/\/www.pressenza.com\/es\/2024\/08\/no-hay-permiso-para-el-extractivismo-espiritual\/#primaryimage\"},\"thumbnailUrl\":\"https:\/\/www.pressenza.com\/wp-content\/uploads\/2024\/08\/1024px-El_Shinkal_2-wikimedia.jpeg\",\"datePublished\":\"2024-08-29T20:01:28+00:00\",\"description\":\"Comunidades diaguitas defienden su territorio de la espiritualidad comercial y tur\u00edstica En un comunicado\u00a0 conjunto las comunidades Laguna Blanca, Corral\",\"breadcrumb\":{\"@id\":\"https:\/\/www.pressenza.com\/es\/2024\/08\/no-hay-permiso-para-el-extractivismo-espiritual\/#breadcrumb\"},\"inLanguage\":\"es\",\"potentialAction\":[{\"@type\":\"ReadAction\",\"target\":[\"https:\/\/www.pressenza.com\/es\/2024\/08\/no-hay-permiso-para-el-extractivismo-espiritual\/\"]}]},{\"@type\":\"ImageObject\",\"inLanguage\":\"es\",\"@id\":\"https:\/\/www.pressenza.com\/es\/2024\/08\/no-hay-permiso-para-el-extractivismo-espiritual\/#primaryimage\",\"url\":\"https:\/\/www.pressenza.com\/wp-content\/uploads\/2024\/08\/1024px-El_Shinkal_2-wikimedia.jpeg\",\"contentUrl\":\"https:\/\/www.pressenza.com\/wp-content\/uploads\/2024\/08\/1024px-El_Shinkal_2-wikimedia.jpeg\",\"width\":1024,\"height\":693,\"caption\":\"Shinkal de Quimivil, Catamarca\"},{\"@type\":\"BreadcrumbList\",\"@id\":\"https:\/\/www.pressenza.com\/es\/2024\/08\/no-hay-permiso-para-el-extractivismo-espiritual\/#breadcrumb\",\"itemListElement\":[{\"@type\":\"ListItem\",\"position\":1,\"name\":\"Accueil\",\"item\":\"https:\/\/www.pressenza.com\/es\/\"},{\"@type\":\"ListItem\",\"position\":2,\"name\":\"\u00abNo hay permiso para el extractivismo espiritual\u00bb\"}]},{\"@type\":\"WebSite\",\"@id\":\"https:\/\/www.pressenza.com\/es\/#website\",\"url\":\"https:\/\/www.pressenza.com\/es\/\",\"name\":\"Pressenza\",\"description\":\"International Press Agency\",\"publisher\":{\"@id\":\"https:\/\/www.pressenza.com\/es\/#organization\"},\"potentialAction\":[{\"@type\":\"SearchAction\",\"target\":{\"@type\":\"EntryPoint\",\"urlTemplate\":\"https:\/\/www.pressenza.com\/es\/?s={search_term_string}\"},\"query-input\":{\"@type\":\"PropertyValueSpecification\",\"valueRequired\":true,\"valueName\":\"search_term_string\"}}],\"inLanguage\":\"es\"},{\"@type\":\"Organization\",\"@id\":\"https:\/\/www.pressenza.com\/es\/#organization\",\"name\":\"Pressenza\",\"url\":\"https:\/\/www.pressenza.com\/es\/\",\"logo\":{\"@type\":\"ImageObject\",\"inLanguage\":\"es\",\"@id\":\"https:\/\/www.pressenza.com\/es\/#\/schema\/logo\/image\/\",\"url\":\"https:\/\/www.pressenza.com\/wp-content\/uploads\/2022\/10\/pressenza_logo_200x200.jpg\",\"contentUrl\":\"https:\/\/www.pressenza.com\/wp-content\/uploads\/2022\/10\/pressenza_logo_200x200.jpg\",\"width\":200,\"height\":200,\"caption\":\"Pressenza\"},\"image\":{\"@id\":\"https:\/\/www.pressenza.com\/es\/#\/schema\/logo\/image\/\"},\"sameAs\":[\"https:\/\/www.facebook.com\/PressenzaItalia\",\"https:\/\/x.com\/PressenzaIPA\"]},{\"@type\":\"Person\",\"@id\":\"https:\/\/www.pressenza.com\/es\/#\/schema\/person\/c6a87a2b13c09faf97b0500201f0224c\",\"name\":\"Noelia Carrazana\",\"description\":\"Comunicadora social cronista, hija de campesinos migrantes bolivianos. Interesada en las luchas y resistencias creativas de nuestros hermanxs del Abya Yala. Co-creadora de Mink\u00b4a Comunicaci\u00f3n, medio que cubre pueblos originarios, campesinos y soberan\u00eda alimentaria.\",\"url\":\"https:\/\/www.pressenza.com\/es\/author\/noelia-carrazana\/\"}]}<\/script>\n<!-- \/ Yoast SEO plugin. -->","yoast_head_json":{"title":"\"No hay permiso para el extractivismo espiritual\"","description":"Comunidades diaguitas defienden su territorio de la espiritualidad comercial y tur\u00edstica En un comunicado\u00a0 conjunto las comunidades Laguna Blanca, Corral","robots":{"index":"index","follow":"follow","max-snippet":"max-snippet:-1","max-image-preview":"max-image-preview:large","max-video-preview":"max-video-preview:-1"},"canonical":"https:\/\/www.pressenza.com\/es\/2024\/08\/no-hay-permiso-para-el-extractivismo-espiritual\/","og_locale":"es_ES","og_type":"article","og_title":"\"No hay permiso para el extractivismo espiritual\"","og_description":"Comunidades diaguitas defienden su territorio de la espiritualidad comercial y tur\u00edstica En un comunicado\u00a0 conjunto las comunidades Laguna Blanca, Corral","og_url":"https:\/\/www.pressenza.com\/es\/2024\/08\/no-hay-permiso-para-el-extractivismo-espiritual\/","og_site_name":"Pressenza","article_publisher":"https:\/\/www.facebook.com\/PressenzaItalia","article_published_time":"2024-08-29T20:01:28+00:00","og_image":[{"width":1024,"height":693,"url":"https:\/\/www.pressenza.com\/wp-content\/uploads\/2024\/08\/1024px-El_Shinkal_2-wikimedia.jpeg","type":"image\/jpeg"}],"author":"Noelia Carrazana","twitter_card":"summary_large_image","twitter_creator":"@PressenzaIPA","twitter_site":"@PressenzaIPA","twitter_misc":{"Escrito por":"Noelia Carrazana","Tiempo de lectura":"7 minutos"},"schema":{"@context":"https:\/\/schema.org","@graph":[{"@type":"Article","@id":"https:\/\/www.pressenza.com\/es\/2024\/08\/no-hay-permiso-para-el-extractivismo-espiritual\/#article","isPartOf":{"@id":"https:\/\/www.pressenza.com\/es\/2024\/08\/no-hay-permiso-para-el-extractivismo-espiritual\/"},"author":{"name":"Noelia Carrazana","@id":"https:\/\/www.pressenza.com\/es\/#\/schema\/person\/c6a87a2b13c09faf97b0500201f0224c"},"headline":"\u00abNo hay permiso para el extractivismo espiritual\u00bb","datePublished":"2024-08-29T20:01:28+00:00","mainEntityOfPage":{"@id":"https:\/\/www.pressenza.com\/es\/2024\/08\/no-hay-permiso-para-el-extractivismo-espiritual\/"},"wordCount":1583,"publisher":{"@id":"https:\/\/www.pressenza.com\/es\/#organization"},"image":{"@id":"https:\/\/www.pressenza.com\/es\/2024\/08\/no-hay-permiso-para-el-extractivismo-espiritual\/#primaryimage"},"thumbnailUrl":"https:\/\/www.pressenza.com\/wp-content\/uploads\/2024\/08\/1024px-El_Shinkal_2-wikimedia.jpeg","keywords":["Espiritualidad","extractivismo","indigenas","Pueblos Originarios","territorios"],"articleSection":["Comunicados de Prensa","Pueblos Originarios","Sudam\u00e9rica"],"inLanguage":"es"},{"@type":"WebPage","@id":"https:\/\/www.pressenza.com\/es\/2024\/08\/no-hay-permiso-para-el-extractivismo-espiritual\/","url":"https:\/\/www.pressenza.com\/es\/2024\/08\/no-hay-permiso-para-el-extractivismo-espiritual\/","name":"\"No hay permiso para el extractivismo espiritual\"","isPartOf":{"@id":"https:\/\/www.pressenza.com\/es\/#website"},"primaryImageOfPage":{"@id":"https:\/\/www.pressenza.com\/es\/2024\/08\/no-hay-permiso-para-el-extractivismo-espiritual\/#primaryimage"},"image":{"@id":"https:\/\/www.pressenza.com\/es\/2024\/08\/no-hay-permiso-para-el-extractivismo-espiritual\/#primaryimage"},"thumbnailUrl":"https:\/\/www.pressenza.com\/wp-content\/uploads\/2024\/08\/1024px-El_Shinkal_2-wikimedia.jpeg","datePublished":"2024-08-29T20:01:28+00:00","description":"Comunidades diaguitas defienden su territorio de la espiritualidad comercial y tur\u00edstica En un comunicado\u00a0 conjunto las comunidades Laguna Blanca, Corral","breadcrumb":{"@id":"https:\/\/www.pressenza.com\/es\/2024\/08\/no-hay-permiso-para-el-extractivismo-espiritual\/#breadcrumb"},"inLanguage":"es","potentialAction":[{"@type":"ReadAction","target":["https:\/\/www.pressenza.com\/es\/2024\/08\/no-hay-permiso-para-el-extractivismo-espiritual\/"]}]},{"@type":"ImageObject","inLanguage":"es","@id":"https:\/\/www.pressenza.com\/es\/2024\/08\/no-hay-permiso-para-el-extractivismo-espiritual\/#primaryimage","url":"https:\/\/www.pressenza.com\/wp-content\/uploads\/2024\/08\/1024px-El_Shinkal_2-wikimedia.jpeg","contentUrl":"https:\/\/www.pressenza.com\/wp-content\/uploads\/2024\/08\/1024px-El_Shinkal_2-wikimedia.jpeg","width":1024,"height":693,"caption":"Shinkal de Quimivil, Catamarca"},{"@type":"BreadcrumbList","@id":"https:\/\/www.pressenza.com\/es\/2024\/08\/no-hay-permiso-para-el-extractivismo-espiritual\/#breadcrumb","itemListElement":[{"@type":"ListItem","position":1,"name":"Accueil","item":"https:\/\/www.pressenza.com\/es\/"},{"@type":"ListItem","position":2,"name":"\u00abNo hay permiso para el extractivismo espiritual\u00bb"}]},{"@type":"WebSite","@id":"https:\/\/www.pressenza.com\/es\/#website","url":"https:\/\/www.pressenza.com\/es\/","name":"Pressenza","description":"International Press Agency","publisher":{"@id":"https:\/\/www.pressenza.com\/es\/#organization"},"potentialAction":[{"@type":"SearchAction","target":{"@type":"EntryPoint","urlTemplate":"https:\/\/www.pressenza.com\/es\/?s={search_term_string}"},"query-input":{"@type":"PropertyValueSpecification","valueRequired":true,"valueName":"search_term_string"}}],"inLanguage":"es"},{"@type":"Organization","@id":"https:\/\/www.pressenza.com\/es\/#organization","name":"Pressenza","url":"https:\/\/www.pressenza.com\/es\/","logo":{"@type":"ImageObject","inLanguage":"es","@id":"https:\/\/www.pressenza.com\/es\/#\/schema\/logo\/image\/","url":"https:\/\/www.pressenza.com\/wp-content\/uploads\/2022\/10\/pressenza_logo_200x200.jpg","contentUrl":"https:\/\/www.pressenza.com\/wp-content\/uploads\/2022\/10\/pressenza_logo_200x200.jpg","width":200,"height":200,"caption":"Pressenza"},"image":{"@id":"https:\/\/www.pressenza.com\/es\/#\/schema\/logo\/image\/"},"sameAs":["https:\/\/www.facebook.com\/PressenzaItalia","https:\/\/x.com\/PressenzaIPA"]},{"@type":"Person","@id":"https:\/\/www.pressenza.com\/es\/#\/schema\/person\/c6a87a2b13c09faf97b0500201f0224c","name":"Noelia Carrazana","description":"Comunicadora social cronista, hija de campesinos migrantes bolivianos. Interesada en las luchas y resistencias creativas de nuestros hermanxs del Abya Yala. Co-creadora de Mink\u00b4a Comunicaci\u00f3n, medio que cubre pueblos originarios, campesinos y soberan\u00eda alimentaria.","url":"https:\/\/www.pressenza.com\/es\/author\/noelia-carrazana\/"}]}},"place":"Minka Comunicaci\u00f3n, Argentina","original_article_url":"https:\/\/minkacomunicacion.com\/no-hay-permiso-para-el-extractivismo-espiritual-comunidades-diaguitas-defienden-su-territorio-de-la-espiritualidad-comercial-y-turistica\/","_links":{"self":[{"href":"https:\/\/www.pressenza.com\/es\/wp-json\/wp\/v2\/posts\/2545013","targetHints":{"allow":["GET"]}}],"collection":[{"href":"https:\/\/www.pressenza.com\/es\/wp-json\/wp\/v2\/posts"}],"about":[{"href":"https:\/\/www.pressenza.com\/es\/wp-json\/wp\/v2\/types\/post"}],"author":[{"embeddable":true,"href":"https:\/\/www.pressenza.com\/es\/wp-json\/wp\/v2\/users\/2224"}],"replies":[{"embeddable":true,"href":"https:\/\/www.pressenza.com\/es\/wp-json\/wp\/v2\/comments?post=2545013"}],"version-history":[{"count":0,"href":"https:\/\/www.pressenza.com\/es\/wp-json\/wp\/v2\/posts\/2545013\/revisions"}],"wp:featuredmedia":[{"embeddable":true,"href":"https:\/\/www.pressenza.com\/es\/wp-json\/wp\/v2\/media\/2545015"}],"wp:attachment":[{"href":"https:\/\/www.pressenza.com\/es\/wp-json\/wp\/v2\/media?parent=2545013"}],"wp:term":[{"taxonomy":"category","embeddable":true,"href":"https:\/\/www.pressenza.com\/es\/wp-json\/wp\/v2\/categories?post=2545013"},{"taxonomy":"post_tag","embeddable":true,"href":"https:\/\/www.pressenza.com\/es\/wp-json\/wp\/v2\/tags?post=2545013"}],"curies":[{"name":"wp","href":"https:\/\/api.w.org\/{rel}","templated":true}]}}