{"id":2543904,"date":"2024-08-23T16:47:55","date_gmt":"2024-08-23T15:47:55","guid":{"rendered":"https:\/\/www.pressenza.com\/?p=2543904"},"modified":"2024-08-23T16:47:55","modified_gmt":"2024-08-23T15:47:55","slug":"la-otra-posicion-para-leer","status":"publish","type":"post","link":"https:\/\/www.pressenza.com\/es\/2024\/08\/la-otra-posicion-para-leer\/","title":{"rendered":"La otra posici\u00f3n para leer"},"content":{"rendered":"<p>Con \u201cA medio camino\u201d como t\u00edtulo para su portada, ha salido la edici\u00f3n n\u00famero 316 del medio independiente colombiano <strong>desde abajo<\/strong>, correspondiente al per\u00edodo del 20 de agosto al 20 de septiembre de 2024.<\/p>\n<p><strong>Desde abajo<\/strong> es una iniciativa period\u00edstica y una propuesta comunicativa que le apuesta \u201ca la generaci\u00f3n de un protagonismo popular, incentivando la conformaci\u00f3n de tejidos sociales, buscando la interrelaci\u00f3n de procesos, que concluyan en la construcci\u00f3n de una alternativa social y pol\u00edtica para toda la naci\u00f3n\u201d.<\/p>\n<p>La publicaci\u00f3n mensual, que nos invita siempre a adoptar \u201cotra posici\u00f3n para leer\u201d, nos ofrece en este n\u00famero un especial en el que hace balance de los dos a\u00f1os del gobierno del cambio del presidente Gustavo Petro. En las dieciocho p\u00e1ginas (7-19) dedicadas a este tiempo en el pa\u00eds, entre otras cosas le piden al presidente de la Rep\u00fablica que dedique el bienio que le queda a \u201ccorregir los errores que le han impedido ser excelente administrador y efectivo gobernante, y marcar la pauta indeleble que encauce a quien le suceda en la tarea de profundizar la agenda del cambio\u201d.<\/p>\n<p>En esta edici\u00f3n, tambi\u00e9n se incluyen un art\u00edculo del embajador ruso en Colombia, Nikolay K. Tavdumadze, sobre los nuevos trucos y los viejos patrones del actual colonialismo; otro sobre el necesario cambio cultural en la Universidad Nacional, y una mirada cr\u00edtica a la actual \u201ctormenta venezolana\u201d.<\/p>\n<p>Entre el contenido dedicado a la Cultura se pueden leer un recuerdo para Francesca Gargallo, la escritora y activista fallecida en 2022; un paseo con Gabo en su \u201cdescenso a los infiernos\u201d, y tambi\u00e9n el art\u00edculo \u201cArturo Alape, un artista comprometido\u201d, versi\u00f3n completa del adelanto sobre el intelectual colombiano publicado en el blog pateras al Sur el pasado 20 de julio, en el que se hace un recorrido por su obra y por la exposici\u00f3n \u201cEl r\u00edo de la memoria\u201d que estar\u00e1 en la Biblioteca Nacional de Colombia en Bogot\u00e1 hasta finales de septiembre de 2024.<\/p>\n<p>Recuerden que <strong>desde abajo<\/strong> est\u00e1 abierto a firmas invitadas, \u201cel habitante com\u00fan, el activista, el dirigente o el pensador independiente\u201d, convocando \u201cdistintas vertientes del esfuerzo social e intelectual a un reencuentro de sue\u00f1os y acciones que se habr\u00e1 de manifestar [\u2026] en la construcci\u00f3n de una nueva opci\u00f3n social y pol\u00edtica para todo el pa\u00eds\u201d.<\/p>\n<p>As\u00ed que, si quieren escribir, escriban, pero sobre todo lean. Y h\u00e1ganlo con otra mirada, desde otra posici\u00f3n y a trav\u00e9s de otras perspectivas. Si, adem\u00e1s, contribuyen a su sostenimiento y difusi\u00f3n, mucho mejor.<\/p>\n","protected":false},"excerpt":{"rendered":"<p>Con \u201cA medio camino\u201d como t\u00edtulo para su portada, ha salido la edici\u00f3n n\u00famero 316 del medio independiente colombiano desde abajo, correspondiente al per\u00edodo del 20 de agosto al 20 de septiembre de 2024. Desde abajo es una iniciativa period\u00edstica&hellip;<\/p>\n","protected":false},"author":2306,"featured_media":2543905,"comment_status":"closed","ping_status":"closed","sticky":false,"template":"","format":"standard","meta":{"footnotes":""},"categories":[149,11389,75,67],"tags":[30,106557,77171],"class_list":["post-2543904","post","type-post","status-publish","format-standard","has-post-thumbnail","hentry","category-comunicados-de-prensa","category-contenido-original","category-cultura-es","category-sudamerica","tag-colombia","tag-desde-abajo","tag-gustavo-petro-es"],"yoast_head":"<!-- This site is optimized with the Yoast SEO plugin v27.1.1 - https:\/\/yoast.com\/product\/yoast-seo-wordpress\/ -->\n<title>La otra posici\u00f3n para leer<\/title>\n<meta name=\"description\" content=\"Con \u201cA medio camino\u201d como t\u00edtulo para su portada, ha salido la edici\u00f3n n\u00famero 316 del medio independiente colombiano desde abajo, correspondiente al\" \/>\n<meta name=\"robots\" content=\"index, follow, max-snippet:-1, max-image-preview:large, max-video-preview:-1\" \/>\n<link rel=\"canonical\" href=\"https:\/\/www.pressenza.com\/es\/2024\/08\/la-otra-posicion-para-leer\/\" \/>\n<meta property=\"og:locale\" content=\"es_ES\" \/>\n<meta property=\"og:type\" content=\"article\" \/>\n<meta property=\"og:title\" content=\"La otra posici\u00f3n para leer\" \/>\n<meta property=\"og:description\" content=\"Con \u201cA medio camino\u201d como t\u00edtulo para su portada, ha salido la edici\u00f3n n\u00famero 316 del medio independiente colombiano desde abajo, correspondiente al\" \/>\n<meta property=\"og:url\" content=\"https:\/\/www.pressenza.com\/es\/2024\/08\/la-otra-posicion-para-leer\/\" \/>\n<meta property=\"og:site_name\" content=\"Pressenza\" \/>\n<meta property=\"article:publisher\" content=\"https:\/\/www.facebook.com\/PressenzaItalia\" \/>\n<meta property=\"article:published_time\" content=\"2024-08-23T15:47:55+00:00\" \/>\n<meta property=\"og:image\" content=\"https:\/\/www.pressenza.com\/wp-content\/uploads\/2024\/08\/desde-abajo-316.webp\" \/>\n\t<meta property=\"og:image:width\" content=\"583\" \/>\n\t<meta property=\"og:image:height\" content=\"848\" \/>\n\t<meta property=\"og:image:type\" content=\"image\/webp\" \/>\n<meta name=\"author\" content=\"J. Ignacio \u00b4I\u00f1aki` Chaves G.\" \/>\n<meta name=\"twitter:card\" content=\"summary_large_image\" \/>\n<meta name=\"twitter:creator\" content=\"@PressenzaIPA\" \/>\n<meta name=\"twitter:site\" content=\"@PressenzaIPA\" \/>\n<meta name=\"twitter:label1\" content=\"Escrito por\" \/>\n\t<meta name=\"twitter:data1\" content=\"J. Ignacio \u00b4I\u00f1aki` Chaves G.\" \/>\n\t<meta name=\"twitter:label2\" content=\"Tiempo de lectura\" \/>\n\t<meta name=\"twitter:data2\" content=\"2 minutos\" \/>\n<script type=\"application\/ld+json\" class=\"yoast-schema-graph\">{\"@context\":\"https:\/\/schema.org\",\"@graph\":[{\"@type\":\"Article\",\"@id\":\"https:\/\/www.pressenza.com\/es\/2024\/08\/la-otra-posicion-para-leer\/#article\",\"isPartOf\":{\"@id\":\"https:\/\/www.pressenza.com\/es\/2024\/08\/la-otra-posicion-para-leer\/\"},\"author\":{\"name\":\"J. Ignacio \u00b4I\u00f1aki` Chaves G.\",\"@id\":\"https:\/\/www.pressenza.com\/es\/#\/schema\/person\/ba32dad085eff04207628f0781f2116e\"},\"headline\":\"La otra posici\u00f3n para leer\",\"datePublished\":\"2024-08-23T15:47:55+00:00\",\"mainEntityOfPage\":{\"@id\":\"https:\/\/www.pressenza.com\/es\/2024\/08\/la-otra-posicion-para-leer\/\"},\"wordCount\":447,\"publisher\":{\"@id\":\"https:\/\/www.pressenza.com\/es\/#organization\"},\"image\":{\"@id\":\"https:\/\/www.pressenza.com\/es\/2024\/08\/la-otra-posicion-para-leer\/#primaryimage\"},\"thumbnailUrl\":\"https:\/\/www.pressenza.com\/wp-content\/uploads\/2024\/08\/desde-abajo-316.webp\",\"keywords\":[\"Colombia\",\"Desde abajo\",\"Gustavo Petro\"],\"articleSection\":[\"Comunicados de Prensa\",\"Contenido Original\",\"Cultura y Medios\",\"Sudam\u00e9rica\"],\"inLanguage\":\"es\"},{\"@type\":\"WebPage\",\"@id\":\"https:\/\/www.pressenza.com\/es\/2024\/08\/la-otra-posicion-para-leer\/\",\"url\":\"https:\/\/www.pressenza.com\/es\/2024\/08\/la-otra-posicion-para-leer\/\",\"name\":\"La otra posici\u00f3n para leer\",\"isPartOf\":{\"@id\":\"https:\/\/www.pressenza.com\/es\/#website\"},\"primaryImageOfPage\":{\"@id\":\"https:\/\/www.pressenza.com\/es\/2024\/08\/la-otra-posicion-para-leer\/#primaryimage\"},\"image\":{\"@id\":\"https:\/\/www.pressenza.com\/es\/2024\/08\/la-otra-posicion-para-leer\/#primaryimage\"},\"thumbnailUrl\":\"https:\/\/www.pressenza.com\/wp-content\/uploads\/2024\/08\/desde-abajo-316.webp\",\"datePublished\":\"2024-08-23T15:47:55+00:00\",\"description\":\"Con \u201cA medio camino\u201d como t\u00edtulo para su portada, ha salido la edici\u00f3n n\u00famero 316 del medio independiente colombiano desde abajo, correspondiente al\",\"breadcrumb\":{\"@id\":\"https:\/\/www.pressenza.com\/es\/2024\/08\/la-otra-posicion-para-leer\/#breadcrumb\"},\"inLanguage\":\"es\",\"potentialAction\":[{\"@type\":\"ReadAction\",\"target\":[\"https:\/\/www.pressenza.com\/es\/2024\/08\/la-otra-posicion-para-leer\/\"]}]},{\"@type\":\"ImageObject\",\"inLanguage\":\"es\",\"@id\":\"https:\/\/www.pressenza.com\/es\/2024\/08\/la-otra-posicion-para-leer\/#primaryimage\",\"url\":\"https:\/\/www.pressenza.com\/wp-content\/uploads\/2024\/08\/desde-abajo-316.webp\",\"contentUrl\":\"https:\/\/www.pressenza.com\/wp-content\/uploads\/2024\/08\/desde-abajo-316.webp\",\"width\":583,\"height\":848},{\"@type\":\"BreadcrumbList\",\"@id\":\"https:\/\/www.pressenza.com\/es\/2024\/08\/la-otra-posicion-para-leer\/#breadcrumb\",\"itemListElement\":[{\"@type\":\"ListItem\",\"position\":1,\"name\":\"Accueil\",\"item\":\"https:\/\/www.pressenza.com\/es\/\"},{\"@type\":\"ListItem\",\"position\":2,\"name\":\"La otra posici\u00f3n para leer\"}]},{\"@type\":\"WebSite\",\"@id\":\"https:\/\/www.pressenza.com\/es\/#website\",\"url\":\"https:\/\/www.pressenza.com\/es\/\",\"name\":\"Pressenza\",\"description\":\"International Press Agency\",\"publisher\":{\"@id\":\"https:\/\/www.pressenza.com\/es\/#organization\"},\"potentialAction\":[{\"@type\":\"SearchAction\",\"target\":{\"@type\":\"EntryPoint\",\"urlTemplate\":\"https:\/\/www.pressenza.com\/es\/?s={search_term_string}\"},\"query-input\":{\"@type\":\"PropertyValueSpecification\",\"valueRequired\":true,\"valueName\":\"search_term_string\"}}],\"inLanguage\":\"es\"},{\"@type\":\"Organization\",\"@id\":\"https:\/\/www.pressenza.com\/es\/#organization\",\"name\":\"Pressenza\",\"url\":\"https:\/\/www.pressenza.com\/es\/\",\"logo\":{\"@type\":\"ImageObject\",\"inLanguage\":\"es\",\"@id\":\"https:\/\/www.pressenza.com\/es\/#\/schema\/logo\/image\/\",\"url\":\"https:\/\/www.pressenza.com\/wp-content\/uploads\/2022\/10\/pressenza_logo_200x200.jpg\",\"contentUrl\":\"https:\/\/www.pressenza.com\/wp-content\/uploads\/2022\/10\/pressenza_logo_200x200.jpg\",\"width\":200,\"height\":200,\"caption\":\"Pressenza\"},\"image\":{\"@id\":\"https:\/\/www.pressenza.com\/es\/#\/schema\/logo\/image\/\"},\"sameAs\":[\"https:\/\/www.facebook.com\/PressenzaItalia\",\"https:\/\/x.com\/PressenzaIPA\"]},{\"@type\":\"Person\",\"@id\":\"https:\/\/www.pressenza.com\/es\/#\/schema\/person\/ba32dad085eff04207628f0781f2116e\",\"name\":\"J. Ignacio \u00b4I\u00f1aki` Chaves G.\",\"description\":\"Soci\u00f3logo y comunicador, doctor en Comunicaci\u00f3n y Ciencias Sociales. Ciudadano ateo que cree que la comunicaci\u00f3n que hacemos determina la sociedad en que vivimos.\",\"url\":\"https:\/\/www.pressenza.com\/es\/author\/ignacio-chaves\/\"}]}<\/script>\n<!-- \/ Yoast SEO plugin. -->","yoast_head_json":{"title":"La otra posici\u00f3n para leer","description":"Con \u201cA medio camino\u201d como t\u00edtulo para su portada, ha salido la edici\u00f3n n\u00famero 316 del medio independiente colombiano desde abajo, correspondiente al","robots":{"index":"index","follow":"follow","max-snippet":"max-snippet:-1","max-image-preview":"max-image-preview:large","max-video-preview":"max-video-preview:-1"},"canonical":"https:\/\/www.pressenza.com\/es\/2024\/08\/la-otra-posicion-para-leer\/","og_locale":"es_ES","og_type":"article","og_title":"La otra posici\u00f3n para leer","og_description":"Con \u201cA medio camino\u201d como t\u00edtulo para su portada, ha salido la edici\u00f3n n\u00famero 316 del medio independiente colombiano desde abajo, correspondiente al","og_url":"https:\/\/www.pressenza.com\/es\/2024\/08\/la-otra-posicion-para-leer\/","og_site_name":"Pressenza","article_publisher":"https:\/\/www.facebook.com\/PressenzaItalia","article_published_time":"2024-08-23T15:47:55+00:00","og_image":[{"width":583,"height":848,"url":"https:\/\/www.pressenza.com\/wp-content\/uploads\/2024\/08\/desde-abajo-316.webp","type":"image\/webp"}],"author":"J. Ignacio \u00b4I\u00f1aki` Chaves G.","twitter_card":"summary_large_image","twitter_creator":"@PressenzaIPA","twitter_site":"@PressenzaIPA","twitter_misc":{"Escrito por":"J. Ignacio \u00b4I\u00f1aki` Chaves G.","Tiempo de lectura":"2 minutos"},"schema":{"@context":"https:\/\/schema.org","@graph":[{"@type":"Article","@id":"https:\/\/www.pressenza.com\/es\/2024\/08\/la-otra-posicion-para-leer\/#article","isPartOf":{"@id":"https:\/\/www.pressenza.com\/es\/2024\/08\/la-otra-posicion-para-leer\/"},"author":{"name":"J. Ignacio \u00b4I\u00f1aki` Chaves G.","@id":"https:\/\/www.pressenza.com\/es\/#\/schema\/person\/ba32dad085eff04207628f0781f2116e"},"headline":"La otra posici\u00f3n para leer","datePublished":"2024-08-23T15:47:55+00:00","mainEntityOfPage":{"@id":"https:\/\/www.pressenza.com\/es\/2024\/08\/la-otra-posicion-para-leer\/"},"wordCount":447,"publisher":{"@id":"https:\/\/www.pressenza.com\/es\/#organization"},"image":{"@id":"https:\/\/www.pressenza.com\/es\/2024\/08\/la-otra-posicion-para-leer\/#primaryimage"},"thumbnailUrl":"https:\/\/www.pressenza.com\/wp-content\/uploads\/2024\/08\/desde-abajo-316.webp","keywords":["Colombia","Desde abajo","Gustavo Petro"],"articleSection":["Comunicados de Prensa","Contenido Original","Cultura y Medios","Sudam\u00e9rica"],"inLanguage":"es"},{"@type":"WebPage","@id":"https:\/\/www.pressenza.com\/es\/2024\/08\/la-otra-posicion-para-leer\/","url":"https:\/\/www.pressenza.com\/es\/2024\/08\/la-otra-posicion-para-leer\/","name":"La otra posici\u00f3n para leer","isPartOf":{"@id":"https:\/\/www.pressenza.com\/es\/#website"},"primaryImageOfPage":{"@id":"https:\/\/www.pressenza.com\/es\/2024\/08\/la-otra-posicion-para-leer\/#primaryimage"},"image":{"@id":"https:\/\/www.pressenza.com\/es\/2024\/08\/la-otra-posicion-para-leer\/#primaryimage"},"thumbnailUrl":"https:\/\/www.pressenza.com\/wp-content\/uploads\/2024\/08\/desde-abajo-316.webp","datePublished":"2024-08-23T15:47:55+00:00","description":"Con \u201cA medio camino\u201d como t\u00edtulo para su portada, ha salido la edici\u00f3n n\u00famero 316 del medio independiente colombiano desde abajo, correspondiente al","breadcrumb":{"@id":"https:\/\/www.pressenza.com\/es\/2024\/08\/la-otra-posicion-para-leer\/#breadcrumb"},"inLanguage":"es","potentialAction":[{"@type":"ReadAction","target":["https:\/\/www.pressenza.com\/es\/2024\/08\/la-otra-posicion-para-leer\/"]}]},{"@type":"ImageObject","inLanguage":"es","@id":"https:\/\/www.pressenza.com\/es\/2024\/08\/la-otra-posicion-para-leer\/#primaryimage","url":"https:\/\/www.pressenza.com\/wp-content\/uploads\/2024\/08\/desde-abajo-316.webp","contentUrl":"https:\/\/www.pressenza.com\/wp-content\/uploads\/2024\/08\/desde-abajo-316.webp","width":583,"height":848},{"@type":"BreadcrumbList","@id":"https:\/\/www.pressenza.com\/es\/2024\/08\/la-otra-posicion-para-leer\/#breadcrumb","itemListElement":[{"@type":"ListItem","position":1,"name":"Accueil","item":"https:\/\/www.pressenza.com\/es\/"},{"@type":"ListItem","position":2,"name":"La otra posici\u00f3n para leer"}]},{"@type":"WebSite","@id":"https:\/\/www.pressenza.com\/es\/#website","url":"https:\/\/www.pressenza.com\/es\/","name":"Pressenza","description":"International Press Agency","publisher":{"@id":"https:\/\/www.pressenza.com\/es\/#organization"},"potentialAction":[{"@type":"SearchAction","target":{"@type":"EntryPoint","urlTemplate":"https:\/\/www.pressenza.com\/es\/?s={search_term_string}"},"query-input":{"@type":"PropertyValueSpecification","valueRequired":true,"valueName":"search_term_string"}}],"inLanguage":"es"},{"@type":"Organization","@id":"https:\/\/www.pressenza.com\/es\/#organization","name":"Pressenza","url":"https:\/\/www.pressenza.com\/es\/","logo":{"@type":"ImageObject","inLanguage":"es","@id":"https:\/\/www.pressenza.com\/es\/#\/schema\/logo\/image\/","url":"https:\/\/www.pressenza.com\/wp-content\/uploads\/2022\/10\/pressenza_logo_200x200.jpg","contentUrl":"https:\/\/www.pressenza.com\/wp-content\/uploads\/2022\/10\/pressenza_logo_200x200.jpg","width":200,"height":200,"caption":"Pressenza"},"image":{"@id":"https:\/\/www.pressenza.com\/es\/#\/schema\/logo\/image\/"},"sameAs":["https:\/\/www.facebook.com\/PressenzaItalia","https:\/\/x.com\/PressenzaIPA"]},{"@type":"Person","@id":"https:\/\/www.pressenza.com\/es\/#\/schema\/person\/ba32dad085eff04207628f0781f2116e","name":"J. Ignacio \u00b4I\u00f1aki` Chaves G.","description":"Soci\u00f3logo y comunicador, doctor en Comunicaci\u00f3n y Ciencias Sociales. Ciudadano ateo que cree que la comunicaci\u00f3n que hacemos determina la sociedad en que vivimos.","url":"https:\/\/www.pressenza.com\/es\/author\/ignacio-chaves\/"}]}},"place":"Bogot\u00e1, Colombia","original_article_url":"","_links":{"self":[{"href":"https:\/\/www.pressenza.com\/es\/wp-json\/wp\/v2\/posts\/2543904","targetHints":{"allow":["GET"]}}],"collection":[{"href":"https:\/\/www.pressenza.com\/es\/wp-json\/wp\/v2\/posts"}],"about":[{"href":"https:\/\/www.pressenza.com\/es\/wp-json\/wp\/v2\/types\/post"}],"author":[{"embeddable":true,"href":"https:\/\/www.pressenza.com\/es\/wp-json\/wp\/v2\/users\/2306"}],"replies":[{"embeddable":true,"href":"https:\/\/www.pressenza.com\/es\/wp-json\/wp\/v2\/comments?post=2543904"}],"version-history":[{"count":0,"href":"https:\/\/www.pressenza.com\/es\/wp-json\/wp\/v2\/posts\/2543904\/revisions"}],"wp:featuredmedia":[{"embeddable":true,"href":"https:\/\/www.pressenza.com\/es\/wp-json\/wp\/v2\/media\/2543905"}],"wp:attachment":[{"href":"https:\/\/www.pressenza.com\/es\/wp-json\/wp\/v2\/media?parent=2543904"}],"wp:term":[{"taxonomy":"category","embeddable":true,"href":"https:\/\/www.pressenza.com\/es\/wp-json\/wp\/v2\/categories?post=2543904"},{"taxonomy":"post_tag","embeddable":true,"href":"https:\/\/www.pressenza.com\/es\/wp-json\/wp\/v2\/tags?post=2543904"}],"curies":[{"name":"wp","href":"https:\/\/api.w.org\/{rel}","templated":true}]}}