{"id":2543206,"date":"2024-08-19T19:59:23","date_gmt":"2024-08-19T18:59:23","guid":{"rendered":"https:\/\/www.pressenza.com\/?p=2543206"},"modified":"2024-08-19T19:59:23","modified_gmt":"2024-08-19T18:59:23","slug":"venezolanos-toman-las-calles-de-varios-estados-en-movilizaciones-del-gobierno-y-de-la-oposicion","status":"publish","type":"post","link":"https:\/\/www.pressenza.com\/es\/2024\/08\/venezolanos-toman-las-calles-de-varios-estados-en-movilizaciones-del-gobierno-y-de-la-oposicion\/","title":{"rendered":"Venezolanos toman las calles de varios estados en movilizaciones del Gobierno y de la oposici\u00f3n"},"content":{"rendered":"<p>Pese a la tensi\u00f3n pol\u00edtica que vive Venezuela desde el pasado 28 de julio, d\u00eda de las elecciones presidenciales, decenas de miles de venezolanos tomaron las calles hoy s\u00e1bado en varias manifestaciones pac\u00edficas y coloridas, convocadas por el Gobierno y la oposici\u00f3n.<\/p>\n<p>El gobernante Partido Socialista Unido de Venezuela (PSUV), que cuenta con miles de organismos de base en todo el territorio nacional, convoc\u00f3 a \u00ab100 marchas\u00bb de su militancia con el objetivo de \u00abcelebrar la victoria del presidente Nicol\u00e1s Maduro en los comicios presidenciales, rechazar el fascismo y defender la paz del pa\u00eds\u00bb.<\/p>\n<p>Destacaron las movilizaciones en ciudades como Matur\u00edn y Cuman\u00e1 (noreste).<\/p>\n<p>Los simpatizantes del PSUV bailaron al ritmo de canciones alusivas a la defensa del Gobierno, cantaron, gritaron consignas combativas y manifestaron alegr\u00eda por el anuncio del Consejo Nacional Electoral (CNE) que, el pasado 29 de julio, proclam\u00f3 ganador de los comicios presidenciales a Nicol\u00e1s Maduro.<\/p>\n<p>El alcalde de la ciudad de Cuman\u00e1, Luis Javier Sifontes, declar\u00f3 a Xinhua que \u00abhoy Cuman\u00e1 se llen\u00f3 de una gran alegr\u00eda y colorido, estamos felices defendiendo la paz de nuestro estado Sucre y de nuestra Venezuela. Pero tambi\u00e9n dispuestos a enfrentar a cualquier expresi\u00f3n fascista\u00bb.<\/p>\n<p>Sifontes, que tambi\u00e9n es jefe de organizaci\u00f3n del PSUV para el estado oriental de Sucre, asegur\u00f3 que las fuerzas de su partido est\u00e1n dispuestas a \u00abdefender a toda costa\u00bb la victoria del presidente Maduro en las elecciones presidenciales.<\/p>\n<p>En Caracas, capital del pa\u00eds sudamericano, miles de venezolanos, muchos de ellos motorizados y otros marchando a pie, partieron desde el este de la zona metropolitana, en Petare, hacia la avenida Urdaneta.<\/p>\n<p>La amplia avenida Libertador tambi\u00e9n fue una ruta que utilizaron los simpatizantes del oficialismo para recorrer la ciudad y expresar su respaldo al presidente Maduro, portando carteles en rechazo al fascismo, banderas de Venezuela, im\u00e1genes del fallecido presidente Hugo Ch\u00e1vez y franelas de color rojo.<\/p>\n<p>Al finalizar la tarde, sobre la tarima principal de las fuerzas progubernamentales en Caracas, el presidente venezolano, Nicol\u00e1s Maduro, ofreci\u00f3 un discurso ante sus seguidores: \u00abVolvimos a ganar porque triunf\u00f3 la paz, no pudieron ni podr\u00e1n jam\u00e1s\u00bb, enfatiz\u00f3.<\/p>\n<p>\u00abLa derecha fascista se espich\u00f3 (desinfl\u00f3). Ellos creyeron que con los influencer (influenciadores), desde Miami, iban a movilizar personas en las calles. Les digo: \u00a1Fracasaron!\u00bb, exclam\u00f3 el mandatario.<\/p>\n<p>Asimismo, pronunci\u00f3 duras cr\u00edticas contra el dirigente opositor y excandidato presidencial, Edmundo Gonz\u00e1lez. \u00ab\u00bfD\u00f3nde estar\u00e1 Edmundo Gonz\u00e1lez Urrutia? Sal de tu cueva y da la cara\u00bb, manifest\u00f3 el presidente, despu\u00e9s de que su adversario no acudiera a la movilizaci\u00f3n opositora.<\/p>\n<p>Maduro asegur\u00f3 que su pa\u00eds se mantendr\u00e1 en paz y que nada podr\u00e1 alterar la estabilidad nacional.<\/p>\n<p>Las movilizaciones de este s\u00e1bado se produjeron como consecuencia de una controversia pol\u00edtica, nacional e internacional, sobre las recientes elecciones presidenciales venezolanas.<\/p>\n<p>La coalici\u00f3n opositora venezolana Plataforma Unitaria Democr\u00e1tica (PUD), Estados Unidos y la Uni\u00f3n Europea, entre otros, denunciaron supuestas irregularidades en las elecciones y violaciones de los procedimientos electorales. El Gobierno venezolano, sin embargo, advierte de que dichas denuncias solo buscan perpetrar un golpe de Estado dirigido desde Washington.<\/p>\n<p>Por otra parte, simpatizantes de la oposici\u00f3n local tambi\u00e9n tomaron las calles en varias ciudades del pa\u00eds sudamericano para respaldar los reclamos de los dirigentes de la PUD, que aseguran haber ganado las elecciones, pese a la proclamaci\u00f3n de Maduro como ganador por parte del CNE.<\/p>\n<p>El Tribunal Supremo de Justicia de Venezuela est\u00e1 realizando ahora un peritaje t\u00e9cnico de los resultados electorales, a instancias de un recurso de amparo del propio presidente Maduro. La sala electoral del alto tribunal tiene previsto publicar un informe t\u00e9cnico sobre los resultados proximamente.<\/p>\n<p>El excandidato presidencial de la oposici\u00f3n, Edmundo Gonz\u00e1lez, salud\u00f3 las movilizaciones de sus simpatizantes a trav\u00e9s de su cuenta en la red social X. \u00abVenezuela est\u00e1 toda unida luchando por democracia y libertad. Tenemos los votos, las actas, el apoyo de la comunidad internacional y venezolanos decididos a luchar. Es hora de una transici\u00f3n ordenada\u00bb, enfatiz\u00f3.<\/p>\n<p>Los simpatizantes de la oposici\u00f3n poblaron la avenida Francisco de Miranda, en Caracas, con coloridas vestimentas, banderas de Venezuela y actas electorales en sus manos, protestando en contra de supuestas irregularidades en los comicios.<\/p>\n<p>Bajo la consigna \u00abgan\u00f3 Venezuela\u00bb, tambi\u00e9n se registraron movilizaciones opositoras en estados como T\u00e1chira, fronterizo con Colombia. Cabe destacar que la oposici\u00f3n venezolana no respalda el proceso jur\u00eddico de peritaje que realiza el m\u00e1ximo tribunal por considerar que dichas acciones no son competencia suya.<\/p>\n<p>La PUD report\u00f3 adem\u00e1s movilizaciones opositoras en ciudades como Madrid (Espa\u00f1a), Santiago de Chile, Miami (Florida, EE. UU.), Guayaquil (Ecuador), Ciudad de Panam\u00e1, R\u00edo de Janeiro (Brasil) y Buenos Aires (Argentina), entre otras.<\/p>\n<p>La movilizaci\u00f3n opositora de Caracas estuvo encabezada por los dirigentes Biagio Pilieri, Delsa Sol\u00f3rzano, Mar\u00eda Corina Machado, Alfredo Ramos y C\u00e9sar P\u00e9rez Vivas.<\/p>\n","protected":false},"excerpt":{"rendered":"<p>Pese a la tensi\u00f3n pol\u00edtica que vive Venezuela desde el pasado 28 de julio, d\u00eda de las elecciones presidenciales, decenas de miles de venezolanos tomaron las calles hoy s\u00e1bado en varias manifestaciones pac\u00edficas y coloridas, convocadas por el Gobierno y&hellip;<\/p>\n","protected":false},"author":2266,"featured_media":2543207,"comment_status":"closed","ping_status":"closed","sticky":false,"template":"","format":"standard","meta":{"footnotes":""},"categories":[106739,74,67],"tags":[125225,7129],"class_list":["post-2543206","post","type-post","status-publish","format-standard","has-post-thumbnail","hentry","category-noticia","category-politica-es","category-sudamerica","tag-elecciones-en-venezuela","tag-movilizaciones"],"yoast_head":"<!-- This site is optimized with the Yoast SEO plugin v27.1.1 - https:\/\/yoast.com\/product\/yoast-seo-wordpress\/ -->\n<title>Venezolanos toman las calles de varios estados en movilizaciones del Gobierno y de la oposici\u00f3n<\/title>\n<meta name=\"description\" content=\"Pese a la tensi\u00f3n pol\u00edtica que vive Venezuela desde el pasado 28 de julio, d\u00eda de las elecciones presidenciales, decenas de miles de venezolanos tomaron\" \/>\n<meta name=\"robots\" content=\"index, follow, max-snippet:-1, max-image-preview:large, max-video-preview:-1\" \/>\n<link rel=\"canonical\" href=\"https:\/\/www.pressenza.com\/es\/2024\/08\/venezolanos-toman-las-calles-de-varios-estados-en-movilizaciones-del-gobierno-y-de-la-oposicion\/\" \/>\n<meta property=\"og:locale\" content=\"es_ES\" \/>\n<meta property=\"og:type\" content=\"article\" \/>\n<meta property=\"og:title\" content=\"Venezolanos toman las calles de varios estados en movilizaciones del Gobierno y de la oposici\u00f3n\" \/>\n<meta property=\"og:description\" content=\"Pese a la tensi\u00f3n pol\u00edtica que vive Venezuela desde el pasado 28 de julio, d\u00eda de las elecciones presidenciales, decenas de miles de venezolanos tomaron\" \/>\n<meta property=\"og:url\" content=\"https:\/\/www.pressenza.com\/es\/2024\/08\/venezolanos-toman-las-calles-de-varios-estados-en-movilizaciones-del-gobierno-y-de-la-oposicion\/\" \/>\n<meta property=\"og:site_name\" content=\"Pressenza\" \/>\n<meta property=\"article:publisher\" content=\"https:\/\/www.facebook.com\/PressenzaItalia\" \/>\n<meta property=\"article:published_time\" content=\"2024-08-19T18:59:23+00:00\" \/>\n<meta property=\"og:image\" content=\"https:\/\/www.pressenza.com\/wp-content\/uploads\/2024\/08\/202408191df66179e6f3427cb9f9b1e3e6060675_XxjiseS007010_20240819_CBMFN0A001.jpg\" \/>\n\t<meta property=\"og:image:width\" content=\"900\" \/>\n\t<meta property=\"og:image:height\" content=\"600\" \/>\n\t<meta property=\"og:image:type\" content=\"image\/jpeg\" \/>\n<meta name=\"author\" content=\"Xinhua\" \/>\n<meta name=\"twitter:card\" content=\"summary_large_image\" \/>\n<meta name=\"twitter:creator\" content=\"@PressenzaIPA\" \/>\n<meta name=\"twitter:site\" content=\"@PressenzaIPA\" \/>\n<meta name=\"twitter:label1\" content=\"Escrito por\" \/>\n\t<meta name=\"twitter:data1\" content=\"Xinhua\" \/>\n\t<meta name=\"twitter:label2\" content=\"Tiempo de lectura\" \/>\n\t<meta name=\"twitter:data2\" content=\"4 minutos\" \/>\n<script type=\"application\/ld+json\" class=\"yoast-schema-graph\">{\"@context\":\"https:\/\/schema.org\",\"@graph\":[{\"@type\":\"Article\",\"@id\":\"https:\/\/www.pressenza.com\/es\/2024\/08\/venezolanos-toman-las-calles-de-varios-estados-en-movilizaciones-del-gobierno-y-de-la-oposicion\/#article\",\"isPartOf\":{\"@id\":\"https:\/\/www.pressenza.com\/es\/2024\/08\/venezolanos-toman-las-calles-de-varios-estados-en-movilizaciones-del-gobierno-y-de-la-oposicion\/\"},\"author\":{\"name\":\"Xinhua\",\"@id\":\"https:\/\/www.pressenza.com\/es\/#\/schema\/person\/f7d16a80c42ebb5aefb3b4c8b32b6c2e\"},\"headline\":\"Venezolanos toman las calles de varios estados en movilizaciones del Gobierno y de la oposici\u00f3n\",\"datePublished\":\"2024-08-19T18:59:23+00:00\",\"mainEntityOfPage\":{\"@id\":\"https:\/\/www.pressenza.com\/es\/2024\/08\/venezolanos-toman-las-calles-de-varios-estados-en-movilizaciones-del-gobierno-y-de-la-oposicion\/\"},\"wordCount\":856,\"publisher\":{\"@id\":\"https:\/\/www.pressenza.com\/es\/#organization\"},\"image\":{\"@id\":\"https:\/\/www.pressenza.com\/es\/2024\/08\/venezolanos-toman-las-calles-de-varios-estados-en-movilizaciones-del-gobierno-y-de-la-oposicion\/#primaryimage\"},\"thumbnailUrl\":\"https:\/\/www.pressenza.com\/wp-content\/uploads\/2024\/08\/202408191df66179e6f3427cb9f9b1e3e6060675_XxjiseS007010_20240819_CBMFN0A001.jpg\",\"keywords\":[\"elecciones en Venezuela\",\"Movilizaciones\"],\"articleSection\":[\"Noticia\",\"Pol\u00edtica\",\"Sudam\u00e9rica\"],\"inLanguage\":\"es\"},{\"@type\":\"WebPage\",\"@id\":\"https:\/\/www.pressenza.com\/es\/2024\/08\/venezolanos-toman-las-calles-de-varios-estados-en-movilizaciones-del-gobierno-y-de-la-oposicion\/\",\"url\":\"https:\/\/www.pressenza.com\/es\/2024\/08\/venezolanos-toman-las-calles-de-varios-estados-en-movilizaciones-del-gobierno-y-de-la-oposicion\/\",\"name\":\"Venezolanos toman las calles de varios estados en movilizaciones del Gobierno y de la oposici\u00f3n\",\"isPartOf\":{\"@id\":\"https:\/\/www.pressenza.com\/es\/#website\"},\"primaryImageOfPage\":{\"@id\":\"https:\/\/www.pressenza.com\/es\/2024\/08\/venezolanos-toman-las-calles-de-varios-estados-en-movilizaciones-del-gobierno-y-de-la-oposicion\/#primaryimage\"},\"image\":{\"@id\":\"https:\/\/www.pressenza.com\/es\/2024\/08\/venezolanos-toman-las-calles-de-varios-estados-en-movilizaciones-del-gobierno-y-de-la-oposicion\/#primaryimage\"},\"thumbnailUrl\":\"https:\/\/www.pressenza.com\/wp-content\/uploads\/2024\/08\/202408191df66179e6f3427cb9f9b1e3e6060675_XxjiseS007010_20240819_CBMFN0A001.jpg\",\"datePublished\":\"2024-08-19T18:59:23+00:00\",\"description\":\"Pese a la tensi\u00f3n pol\u00edtica que vive Venezuela desde el pasado 28 de julio, d\u00eda de las elecciones presidenciales, decenas de miles de venezolanos tomaron\",\"breadcrumb\":{\"@id\":\"https:\/\/www.pressenza.com\/es\/2024\/08\/venezolanos-toman-las-calles-de-varios-estados-en-movilizaciones-del-gobierno-y-de-la-oposicion\/#breadcrumb\"},\"inLanguage\":\"es\",\"potentialAction\":[{\"@type\":\"ReadAction\",\"target\":[\"https:\/\/www.pressenza.com\/es\/2024\/08\/venezolanos-toman-las-calles-de-varios-estados-en-movilizaciones-del-gobierno-y-de-la-oposicion\/\"]}]},{\"@type\":\"ImageObject\",\"inLanguage\":\"es\",\"@id\":\"https:\/\/www.pressenza.com\/es\/2024\/08\/venezolanos-toman-las-calles-de-varios-estados-en-movilizaciones-del-gobierno-y-de-la-oposicion\/#primaryimage\",\"url\":\"https:\/\/www.pressenza.com\/wp-content\/uploads\/2024\/08\/202408191df66179e6f3427cb9f9b1e3e6060675_XxjiseS007010_20240819_CBMFN0A001.jpg\",\"contentUrl\":\"https:\/\/www.pressenza.com\/wp-content\/uploads\/2024\/08\/202408191df66179e6f3427cb9f9b1e3e6060675_XxjiseS007010_20240819_CBMFN0A001.jpg\",\"width\":900,\"height\":600,\"caption\":\"(240728) -- CARACAS, 28 julio, 2024 (Xinhua) -- El presidente venezolano, Nicol\u00e1s Maduro, muestra su voto previo a depositarlo en una urna durante las elecciones presidenciales, en Caracas, Venezuela, el 28 de julio de 2024. La ma\u00f1ana del domingo, a partir de las 06:00 hora local, ha comenzado formalmente en Venezuela el proceso electoral para elegir al presidente de la Rep\u00fablica, que ejercer\u00e1 su mandato durante el periodo 2025-2031. (Xinhua\/Li Muzi) (vf) (ce)\"},{\"@type\":\"BreadcrumbList\",\"@id\":\"https:\/\/www.pressenza.com\/es\/2024\/08\/venezolanos-toman-las-calles-de-varios-estados-en-movilizaciones-del-gobierno-y-de-la-oposicion\/#breadcrumb\",\"itemListElement\":[{\"@type\":\"ListItem\",\"position\":1,\"name\":\"Accueil\",\"item\":\"https:\/\/www.pressenza.com\/es\/\"},{\"@type\":\"ListItem\",\"position\":2,\"name\":\"Venezolanos toman las calles de varios estados en movilizaciones del Gobierno y de la oposici\u00f3n\"}]},{\"@type\":\"WebSite\",\"@id\":\"https:\/\/www.pressenza.com\/es\/#website\",\"url\":\"https:\/\/www.pressenza.com\/es\/\",\"name\":\"Pressenza\",\"description\":\"International Press Agency\",\"publisher\":{\"@id\":\"https:\/\/www.pressenza.com\/es\/#organization\"},\"potentialAction\":[{\"@type\":\"SearchAction\",\"target\":{\"@type\":\"EntryPoint\",\"urlTemplate\":\"https:\/\/www.pressenza.com\/es\/?s={search_term_string}\"},\"query-input\":{\"@type\":\"PropertyValueSpecification\",\"valueRequired\":true,\"valueName\":\"search_term_string\"}}],\"inLanguage\":\"es\"},{\"@type\":\"Organization\",\"@id\":\"https:\/\/www.pressenza.com\/es\/#organization\",\"name\":\"Pressenza\",\"url\":\"https:\/\/www.pressenza.com\/es\/\",\"logo\":{\"@type\":\"ImageObject\",\"inLanguage\":\"es\",\"@id\":\"https:\/\/www.pressenza.com\/es\/#\/schema\/logo\/image\/\",\"url\":\"https:\/\/www.pressenza.com\/wp-content\/uploads\/2022\/10\/pressenza_logo_200x200.jpg\",\"contentUrl\":\"https:\/\/www.pressenza.com\/wp-content\/uploads\/2022\/10\/pressenza_logo_200x200.jpg\",\"width\":200,\"height\":200,\"caption\":\"Pressenza\"},\"image\":{\"@id\":\"https:\/\/www.pressenza.com\/es\/#\/schema\/logo\/image\/\"},\"sameAs\":[\"https:\/\/www.facebook.com\/PressenzaItalia\",\"https:\/\/x.com\/PressenzaIPA\"]},{\"@type\":\"Person\",\"@id\":\"https:\/\/www.pressenza.com\/es\/#\/schema\/person\/f7d16a80c42ebb5aefb3b4c8b32b6c2e\",\"name\":\"Xinhua\",\"description\":\"Official State news agency of the People's Republic of China. http:\/\/www.xinhuanet.com\/. \u00a0 \u00a0Xinhua articles and photos published on Pressenza are free to reproduce, provided that the source and author are clearly mentioned.\",\"url\":\"https:\/\/www.pressenza.com\/es\/author\/xinhua\/\"}]}<\/script>\n<!-- \/ Yoast SEO plugin. -->","yoast_head_json":{"title":"Venezolanos toman las calles de varios estados en movilizaciones del Gobierno y de la oposici\u00f3n","description":"Pese a la tensi\u00f3n pol\u00edtica que vive Venezuela desde el pasado 28 de julio, d\u00eda de las elecciones presidenciales, decenas de miles de venezolanos tomaron","robots":{"index":"index","follow":"follow","max-snippet":"max-snippet:-1","max-image-preview":"max-image-preview:large","max-video-preview":"max-video-preview:-1"},"canonical":"https:\/\/www.pressenza.com\/es\/2024\/08\/venezolanos-toman-las-calles-de-varios-estados-en-movilizaciones-del-gobierno-y-de-la-oposicion\/","og_locale":"es_ES","og_type":"article","og_title":"Venezolanos toman las calles de varios estados en movilizaciones del Gobierno y de la oposici\u00f3n","og_description":"Pese a la tensi\u00f3n pol\u00edtica que vive Venezuela desde el pasado 28 de julio, d\u00eda de las elecciones presidenciales, decenas de miles de venezolanos tomaron","og_url":"https:\/\/www.pressenza.com\/es\/2024\/08\/venezolanos-toman-las-calles-de-varios-estados-en-movilizaciones-del-gobierno-y-de-la-oposicion\/","og_site_name":"Pressenza","article_publisher":"https:\/\/www.facebook.com\/PressenzaItalia","article_published_time":"2024-08-19T18:59:23+00:00","og_image":[{"width":900,"height":600,"url":"https:\/\/www.pressenza.com\/wp-content\/uploads\/2024\/08\/202408191df66179e6f3427cb9f9b1e3e6060675_XxjiseS007010_20240819_CBMFN0A001.jpg","type":"image\/jpeg"}],"author":"Xinhua","twitter_card":"summary_large_image","twitter_creator":"@PressenzaIPA","twitter_site":"@PressenzaIPA","twitter_misc":{"Escrito por":"Xinhua","Tiempo de lectura":"4 minutos"},"schema":{"@context":"https:\/\/schema.org","@graph":[{"@type":"Article","@id":"https:\/\/www.pressenza.com\/es\/2024\/08\/venezolanos-toman-las-calles-de-varios-estados-en-movilizaciones-del-gobierno-y-de-la-oposicion\/#article","isPartOf":{"@id":"https:\/\/www.pressenza.com\/es\/2024\/08\/venezolanos-toman-las-calles-de-varios-estados-en-movilizaciones-del-gobierno-y-de-la-oposicion\/"},"author":{"name":"Xinhua","@id":"https:\/\/www.pressenza.com\/es\/#\/schema\/person\/f7d16a80c42ebb5aefb3b4c8b32b6c2e"},"headline":"Venezolanos toman las calles de varios estados en movilizaciones del Gobierno y de la oposici\u00f3n","datePublished":"2024-08-19T18:59:23+00:00","mainEntityOfPage":{"@id":"https:\/\/www.pressenza.com\/es\/2024\/08\/venezolanos-toman-las-calles-de-varios-estados-en-movilizaciones-del-gobierno-y-de-la-oposicion\/"},"wordCount":856,"publisher":{"@id":"https:\/\/www.pressenza.com\/es\/#organization"},"image":{"@id":"https:\/\/www.pressenza.com\/es\/2024\/08\/venezolanos-toman-las-calles-de-varios-estados-en-movilizaciones-del-gobierno-y-de-la-oposicion\/#primaryimage"},"thumbnailUrl":"https:\/\/www.pressenza.com\/wp-content\/uploads\/2024\/08\/202408191df66179e6f3427cb9f9b1e3e6060675_XxjiseS007010_20240819_CBMFN0A001.jpg","keywords":["elecciones en Venezuela","Movilizaciones"],"articleSection":["Noticia","Pol\u00edtica","Sudam\u00e9rica"],"inLanguage":"es"},{"@type":"WebPage","@id":"https:\/\/www.pressenza.com\/es\/2024\/08\/venezolanos-toman-las-calles-de-varios-estados-en-movilizaciones-del-gobierno-y-de-la-oposicion\/","url":"https:\/\/www.pressenza.com\/es\/2024\/08\/venezolanos-toman-las-calles-de-varios-estados-en-movilizaciones-del-gobierno-y-de-la-oposicion\/","name":"Venezolanos toman las calles de varios estados en movilizaciones del Gobierno y de la oposici\u00f3n","isPartOf":{"@id":"https:\/\/www.pressenza.com\/es\/#website"},"primaryImageOfPage":{"@id":"https:\/\/www.pressenza.com\/es\/2024\/08\/venezolanos-toman-las-calles-de-varios-estados-en-movilizaciones-del-gobierno-y-de-la-oposicion\/#primaryimage"},"image":{"@id":"https:\/\/www.pressenza.com\/es\/2024\/08\/venezolanos-toman-las-calles-de-varios-estados-en-movilizaciones-del-gobierno-y-de-la-oposicion\/#primaryimage"},"thumbnailUrl":"https:\/\/www.pressenza.com\/wp-content\/uploads\/2024\/08\/202408191df66179e6f3427cb9f9b1e3e6060675_XxjiseS007010_20240819_CBMFN0A001.jpg","datePublished":"2024-08-19T18:59:23+00:00","description":"Pese a la tensi\u00f3n pol\u00edtica que vive Venezuela desde el pasado 28 de julio, d\u00eda de las elecciones presidenciales, decenas de miles de venezolanos tomaron","breadcrumb":{"@id":"https:\/\/www.pressenza.com\/es\/2024\/08\/venezolanos-toman-las-calles-de-varios-estados-en-movilizaciones-del-gobierno-y-de-la-oposicion\/#breadcrumb"},"inLanguage":"es","potentialAction":[{"@type":"ReadAction","target":["https:\/\/www.pressenza.com\/es\/2024\/08\/venezolanos-toman-las-calles-de-varios-estados-en-movilizaciones-del-gobierno-y-de-la-oposicion\/"]}]},{"@type":"ImageObject","inLanguage":"es","@id":"https:\/\/www.pressenza.com\/es\/2024\/08\/venezolanos-toman-las-calles-de-varios-estados-en-movilizaciones-del-gobierno-y-de-la-oposicion\/#primaryimage","url":"https:\/\/www.pressenza.com\/wp-content\/uploads\/2024\/08\/202408191df66179e6f3427cb9f9b1e3e6060675_XxjiseS007010_20240819_CBMFN0A001.jpg","contentUrl":"https:\/\/www.pressenza.com\/wp-content\/uploads\/2024\/08\/202408191df66179e6f3427cb9f9b1e3e6060675_XxjiseS007010_20240819_CBMFN0A001.jpg","width":900,"height":600,"caption":"(240728) -- CARACAS, 28 julio, 2024 (Xinhua) -- El presidente venezolano, Nicol\u00e1s Maduro, muestra su voto previo a depositarlo en una urna durante las elecciones presidenciales, en Caracas, Venezuela, el 28 de julio de 2024. La ma\u00f1ana del domingo, a partir de las 06:00 hora local, ha comenzado formalmente en Venezuela el proceso electoral para elegir al presidente de la Rep\u00fablica, que ejercer\u00e1 su mandato durante el periodo 2025-2031. (Xinhua\/Li Muzi) (vf) (ce)"},{"@type":"BreadcrumbList","@id":"https:\/\/www.pressenza.com\/es\/2024\/08\/venezolanos-toman-las-calles-de-varios-estados-en-movilizaciones-del-gobierno-y-de-la-oposicion\/#breadcrumb","itemListElement":[{"@type":"ListItem","position":1,"name":"Accueil","item":"https:\/\/www.pressenza.com\/es\/"},{"@type":"ListItem","position":2,"name":"Venezolanos toman las calles de varios estados en movilizaciones del Gobierno y de la oposici\u00f3n"}]},{"@type":"WebSite","@id":"https:\/\/www.pressenza.com\/es\/#website","url":"https:\/\/www.pressenza.com\/es\/","name":"Pressenza","description":"International Press Agency","publisher":{"@id":"https:\/\/www.pressenza.com\/es\/#organization"},"potentialAction":[{"@type":"SearchAction","target":{"@type":"EntryPoint","urlTemplate":"https:\/\/www.pressenza.com\/es\/?s={search_term_string}"},"query-input":{"@type":"PropertyValueSpecification","valueRequired":true,"valueName":"search_term_string"}}],"inLanguage":"es"},{"@type":"Organization","@id":"https:\/\/www.pressenza.com\/es\/#organization","name":"Pressenza","url":"https:\/\/www.pressenza.com\/es\/","logo":{"@type":"ImageObject","inLanguage":"es","@id":"https:\/\/www.pressenza.com\/es\/#\/schema\/logo\/image\/","url":"https:\/\/www.pressenza.com\/wp-content\/uploads\/2022\/10\/pressenza_logo_200x200.jpg","contentUrl":"https:\/\/www.pressenza.com\/wp-content\/uploads\/2022\/10\/pressenza_logo_200x200.jpg","width":200,"height":200,"caption":"Pressenza"},"image":{"@id":"https:\/\/www.pressenza.com\/es\/#\/schema\/logo\/image\/"},"sameAs":["https:\/\/www.facebook.com\/PressenzaItalia","https:\/\/x.com\/PressenzaIPA"]},{"@type":"Person","@id":"https:\/\/www.pressenza.com\/es\/#\/schema\/person\/f7d16a80c42ebb5aefb3b4c8b32b6c2e","name":"Xinhua","description":"Official State news agency of the People's Republic of China. http:\/\/www.xinhuanet.com\/. \u00a0 \u00a0Xinhua articles and photos published on Pressenza are free to reproduce, provided that the source and author are clearly mentioned.","url":"https:\/\/www.pressenza.com\/es\/author\/xinhua\/"}]}},"place":"Caracas, Venezuela","original_article_url":"https:\/\/spanish.xinhuanet.com\/20240818\/b074f4e38d65443e8b17f8c202ce2177\/c.html","_links":{"self":[{"href":"https:\/\/www.pressenza.com\/es\/wp-json\/wp\/v2\/posts\/2543206","targetHints":{"allow":["GET"]}}],"collection":[{"href":"https:\/\/www.pressenza.com\/es\/wp-json\/wp\/v2\/posts"}],"about":[{"href":"https:\/\/www.pressenza.com\/es\/wp-json\/wp\/v2\/types\/post"}],"author":[{"embeddable":true,"href":"https:\/\/www.pressenza.com\/es\/wp-json\/wp\/v2\/users\/2266"}],"replies":[{"embeddable":true,"href":"https:\/\/www.pressenza.com\/es\/wp-json\/wp\/v2\/comments?post=2543206"}],"version-history":[{"count":0,"href":"https:\/\/www.pressenza.com\/es\/wp-json\/wp\/v2\/posts\/2543206\/revisions"}],"wp:featuredmedia":[{"embeddable":true,"href":"https:\/\/www.pressenza.com\/es\/wp-json\/wp\/v2\/media\/2543207"}],"wp:attachment":[{"href":"https:\/\/www.pressenza.com\/es\/wp-json\/wp\/v2\/media?parent=2543206"}],"wp:term":[{"taxonomy":"category","embeddable":true,"href":"https:\/\/www.pressenza.com\/es\/wp-json\/wp\/v2\/categories?post=2543206"},{"taxonomy":"post_tag","embeddable":true,"href":"https:\/\/www.pressenza.com\/es\/wp-json\/wp\/v2\/tags?post=2543206"}],"curies":[{"name":"wp","href":"https:\/\/api.w.org\/{rel}","templated":true}]}}