{"id":2541068,"date":"2024-08-07T19:11:57","date_gmt":"2024-08-07T18:11:57","guid":{"rendered":"https:\/\/www.pressenza.com\/?p=2541068"},"modified":"2024-08-07T19:11:57","modified_gmt":"2024-08-07T18:11:57","slug":"a-hector-llaitul-lo-quieren-matar","status":"publish","type":"post","link":"https:\/\/www.pressenza.com\/es\/2024\/08\/a-hector-llaitul-lo-quieren-matar\/","title":{"rendered":"A H\u00e9ctor Llaitul lo quieren matar"},"content":{"rendered":"<p>\u00bfQuien lo quiere matar?\u00a0 Pues el gobierno, quien va a ser.<\/p>\n<p>Yo conozco muy bien la situaci\u00f3n de los centros de reclusi\u00f3n en el mundo, pues he trabajado durante a\u00f1os en M\u00e9xico en la Comisi\u00f3n Nacional de Derechos Humanos ( CNDH)\u00a0 precisamente en el \u00e1rea penitenciaria. Un querido amigo m\u00edo represent\u00f3 mucho tiempo al ACNUDH (Oficina del Alto Comisionado de las Naciones Unidas para los Derechos Humanos), \u00a0que se ocupa de supervigilar las c\u00e1rceles del mundo, \u00a0y \u00e9l me ha explicado que todas son horrendas sin excepci\u00f3n.<\/p>\n<p>En 1955, el Primer Congreso de las Naciones Unidas sobre Prevenci\u00f3n del Delito y Tratamiento del Delincuente, aprob\u00f3 las Reglas M\u00ednimas para el Tratamiento de los Reclusos. Se trataba de un punto de partida importante y, en 2015, la Asamblea adopt\u00f3 normas ampliadas, conocidas como las \u00abReglas Nelson Mandela\u00bb, en honor al que probablemente sea el recluso m\u00e1s conocido del siglo XX.<\/p>\n<p>Las Reglas se basan en la obligaci\u00f3n de tratar a todos los reclusos con respeto hacia su dignidad inherente y valor como seres humanos, as\u00ed como en la prohibici\u00f3n de la tortura y de cualquier otra forma de maltrato.<\/p>\n<p>Consciente de estas preocupaciones y al amparo de las Reglas Nelson Mandela, el ACNUDH lucha por garantizar la protecci\u00f3n de los derechos humanos de las personas privadas de libertad. En 2018, por ejemplo, realiz\u00f3 m\u00e1s de 2000\u202fvisitas a centros de detenci\u00f3n. Mediante visitas de inspecci\u00f3n y programas de asistencia, \u00a0presta\u00a0 su ayuda a los Estados en sus esfuerzos por mejorar las condiciones en prisi\u00f3n<\/p>\n<p>Las personas en prisi\u00f3n s\u00f3lo est\u00e1n condenadas a perder su libertad, pero no a vivir\u00a0 y ser tratadas peor que animales. Lo anterior \u00a0significa \u00a0no tener la menor idea de lo que es la prisi\u00f3n ni el\u00a0 menor respeto por los derechos humanos de los reclusos.<\/p>\n<p>No hay ninguna raz\u00f3n para haber trasladado a Hector Llaitul al m\u00f3dulo \u00a031 de presos comunes, que es uno de las peores prisiones chilenas.<\/p>\n<p>H\u00e9ctor est\u00e1 en huelga de hambre y en un estado de salud muy delicado, ha perdido 25 kilos. Lo hace \u00a0con justa raz\u00f3n, porque \u00e9l no es un delincuente, es un dirigente social que se dedica a defender los justos derechos de su pueblo, que ha sido despojado, perseguido y vejado desde la\u00a0 tiempos de la colonia. Eso lo sabe todo el mundo.<\/p>\n<p>Pero el gobierno, el se\u00f1or Boric, la se\u00f1ora Toh\u00e1\u00a0 y otros lo quieren muerto. En\u00a0 tal caso,\u00a0 van a ser demandados ante\u00a0 los organismos internacionales pertinentes por\u00a0 haber cometido actos de lesa humanidad, contra la vida humana, igualito que en dictadura. La ministra de Interior deber\u00eda conocer algo de esto, porque a su padre lo sacaron de Dawson para traerlo a Santiago a fin de asesinarlo. El se\u00f1or Boric no sabe nada de esto, pero le convendr\u00eda averiguar lo que pas\u00f3.<\/p>\n<p>Nosotros, la gente de entonces y todas las personas decentes de la actualidad, hemos dicho NUNCA M\u00c1S, pero \u00e9stos del gobierno est\u00e1n repitiendo lo peor. Pues no crean que van a quedar impunes. En Chile se va a aplicar siempre la consigna NI PERD\u00d3N NI OLVIDO.<\/p>\n<p>Y a ustedes, que quieren asesinar a H\u00e9ctor Llaitul, jam\u00e1s el pueblo de Chile los va a perdonar ni a olvidar.<\/p>\n","protected":false},"excerpt":{"rendered":"<p>\u00bfQuien lo quiere matar?\u00a0 Pues el gobierno, quien va a ser. Yo conozco muy bien la situaci\u00f3n de los centros de reclusi\u00f3n en el mundo, pues he trabajado durante a\u00f1os en M\u00e9xico en la Comisi\u00f3n Nacional de Derechos Humanos (&hellip;<\/p>\n","protected":false},"author":2124,"featured_media":2541072,"comment_status":"closed","ping_status":"closed","sticky":false,"template":"","format":"standard","meta":{"footnotes":""},"categories":[11389,161,80,67],"tags":[29,119357],"class_list":["post-2541068","post","type-post","status-publish","format-standard","has-post-thumbnail","hentry","category-contenido-original","category-opiniones","category-pueblos-originarios","category-sudamerica","tag-chile","tag-hector-llaitul"],"yoast_head":"<!-- This site is optimized with the Yoast SEO plugin v27.1.1 - https:\/\/yoast.com\/product\/yoast-seo-wordpress\/ -->\n<title>A H\u00e9ctor Llaitul lo quieren matar<\/title>\n<meta name=\"description\" content=\"\u00bfQuien lo quiere matar?\u00a0 Pues el gobierno, quien va a ser. Yo conozco muy bien la situaci\u00f3n de los centros de reclusi\u00f3n en el mundo, pues he trabajado\" \/>\n<meta name=\"robots\" content=\"index, follow, max-snippet:-1, max-image-preview:large, max-video-preview:-1\" \/>\n<link rel=\"canonical\" href=\"https:\/\/www.pressenza.com\/es\/2024\/08\/a-hector-llaitul-lo-quieren-matar\/\" \/>\n<meta property=\"og:locale\" content=\"es_ES\" \/>\n<meta property=\"og:type\" content=\"article\" \/>\n<meta property=\"og:title\" content=\"A H\u00e9ctor Llaitul lo quieren matar\" \/>\n<meta property=\"og:description\" content=\"\u00bfQuien lo quiere matar?\u00a0 Pues el gobierno, quien va a ser. Yo conozco muy bien la situaci\u00f3n de los centros de reclusi\u00f3n en el mundo, pues he trabajado\" \/>\n<meta property=\"og:url\" content=\"https:\/\/www.pressenza.com\/es\/2024\/08\/a-hector-llaitul-lo-quieren-matar\/\" \/>\n<meta property=\"og:site_name\" content=\"Pressenza\" \/>\n<meta property=\"article:publisher\" content=\"https:\/\/www.facebook.com\/PressenzaItalia\" \/>\n<meta property=\"article:published_time\" content=\"2024-08-07T18:11:57+00:00\" \/>\n<meta property=\"og:image\" content=\"https:\/\/www.pressenza.com\/wp-content\/uploads\/2024\/08\/hector-llaitul-1-678x330-1.jpg\" \/>\n\t<meta property=\"og:image:width\" content=\"678\" \/>\n\t<meta property=\"og:image:height\" content=\"330\" \/>\n\t<meta property=\"og:image:type\" content=\"image\/jpeg\" \/>\n<meta name=\"author\" content=\"Margarita Labarca Goddard\" \/>\n<meta name=\"twitter:card\" content=\"summary_large_image\" \/>\n<meta name=\"twitter:creator\" content=\"@PressenzaIPA\" \/>\n<meta name=\"twitter:site\" content=\"@PressenzaIPA\" \/>\n<meta name=\"twitter:label1\" content=\"Escrito por\" \/>\n\t<meta name=\"twitter:data1\" content=\"Margarita Labarca Goddard\" \/>\n\t<meta name=\"twitter:label2\" content=\"Tiempo de lectura\" \/>\n\t<meta name=\"twitter:data2\" content=\"3 minutos\" \/>\n<script type=\"application\/ld+json\" class=\"yoast-schema-graph\">{\"@context\":\"https:\/\/schema.org\",\"@graph\":[{\"@type\":\"Article\",\"@id\":\"https:\/\/www.pressenza.com\/es\/2024\/08\/a-hector-llaitul-lo-quieren-matar\/#article\",\"isPartOf\":{\"@id\":\"https:\/\/www.pressenza.com\/es\/2024\/08\/a-hector-llaitul-lo-quieren-matar\/\"},\"author\":{\"name\":\"Margarita Labarca Goddard\",\"@id\":\"https:\/\/www.pressenza.com\/es\/#\/schema\/person\/671f453ff8d847cc1742639e75e22e13\"},\"headline\":\"A H\u00e9ctor Llaitul lo quieren matar\",\"datePublished\":\"2024-08-07T18:11:57+00:00\",\"mainEntityOfPage\":{\"@id\":\"https:\/\/www.pressenza.com\/es\/2024\/08\/a-hector-llaitul-lo-quieren-matar\/\"},\"wordCount\":570,\"publisher\":{\"@id\":\"https:\/\/www.pressenza.com\/es\/#organization\"},\"image\":{\"@id\":\"https:\/\/www.pressenza.com\/es\/2024\/08\/a-hector-llaitul-lo-quieren-matar\/#primaryimage\"},\"thumbnailUrl\":\"https:\/\/www.pressenza.com\/wp-content\/uploads\/2024\/08\/hector-llaitul-1-678x330-1.jpg\",\"keywords\":[\"Chile\",\"H\u00e9ctor Llaitul\"],\"articleSection\":[\"Contenido Original\",\"Opiniones\",\"Pueblos Originarios\",\"Sudam\u00e9rica\"],\"inLanguage\":\"es\"},{\"@type\":\"WebPage\",\"@id\":\"https:\/\/www.pressenza.com\/es\/2024\/08\/a-hector-llaitul-lo-quieren-matar\/\",\"url\":\"https:\/\/www.pressenza.com\/es\/2024\/08\/a-hector-llaitul-lo-quieren-matar\/\",\"name\":\"A H\u00e9ctor Llaitul lo quieren matar\",\"isPartOf\":{\"@id\":\"https:\/\/www.pressenza.com\/es\/#website\"},\"primaryImageOfPage\":{\"@id\":\"https:\/\/www.pressenza.com\/es\/2024\/08\/a-hector-llaitul-lo-quieren-matar\/#primaryimage\"},\"image\":{\"@id\":\"https:\/\/www.pressenza.com\/es\/2024\/08\/a-hector-llaitul-lo-quieren-matar\/#primaryimage\"},\"thumbnailUrl\":\"https:\/\/www.pressenza.com\/wp-content\/uploads\/2024\/08\/hector-llaitul-1-678x330-1.jpg\",\"datePublished\":\"2024-08-07T18:11:57+00:00\",\"description\":\"\u00bfQuien lo quiere matar?\u00a0 Pues el gobierno, quien va a ser. Yo conozco muy bien la situaci\u00f3n de los centros de reclusi\u00f3n en el mundo, pues he trabajado\",\"breadcrumb\":{\"@id\":\"https:\/\/www.pressenza.com\/es\/2024\/08\/a-hector-llaitul-lo-quieren-matar\/#breadcrumb\"},\"inLanguage\":\"es\",\"potentialAction\":[{\"@type\":\"ReadAction\",\"target\":[\"https:\/\/www.pressenza.com\/es\/2024\/08\/a-hector-llaitul-lo-quieren-matar\/\"]}]},{\"@type\":\"ImageObject\",\"inLanguage\":\"es\",\"@id\":\"https:\/\/www.pressenza.com\/es\/2024\/08\/a-hector-llaitul-lo-quieren-matar\/#primaryimage\",\"url\":\"https:\/\/www.pressenza.com\/wp-content\/uploads\/2024\/08\/hector-llaitul-1-678x330-1.jpg\",\"contentUrl\":\"https:\/\/www.pressenza.com\/wp-content\/uploads\/2024\/08\/hector-llaitul-1-678x330-1.jpg\",\"width\":678,\"height\":330},{\"@type\":\"BreadcrumbList\",\"@id\":\"https:\/\/www.pressenza.com\/es\/2024\/08\/a-hector-llaitul-lo-quieren-matar\/#breadcrumb\",\"itemListElement\":[{\"@type\":\"ListItem\",\"position\":1,\"name\":\"Accueil\",\"item\":\"https:\/\/www.pressenza.com\/es\/\"},{\"@type\":\"ListItem\",\"position\":2,\"name\":\"A H\u00e9ctor Llaitul lo quieren matar\"}]},{\"@type\":\"WebSite\",\"@id\":\"https:\/\/www.pressenza.com\/es\/#website\",\"url\":\"https:\/\/www.pressenza.com\/es\/\",\"name\":\"Pressenza\",\"description\":\"International Press Agency\",\"publisher\":{\"@id\":\"https:\/\/www.pressenza.com\/es\/#organization\"},\"potentialAction\":[{\"@type\":\"SearchAction\",\"target\":{\"@type\":\"EntryPoint\",\"urlTemplate\":\"https:\/\/www.pressenza.com\/es\/?s={search_term_string}\"},\"query-input\":{\"@type\":\"PropertyValueSpecification\",\"valueRequired\":true,\"valueName\":\"search_term_string\"}}],\"inLanguage\":\"es\"},{\"@type\":\"Organization\",\"@id\":\"https:\/\/www.pressenza.com\/es\/#organization\",\"name\":\"Pressenza\",\"url\":\"https:\/\/www.pressenza.com\/es\/\",\"logo\":{\"@type\":\"ImageObject\",\"inLanguage\":\"es\",\"@id\":\"https:\/\/www.pressenza.com\/es\/#\/schema\/logo\/image\/\",\"url\":\"https:\/\/www.pressenza.com\/wp-content\/uploads\/2022\/10\/pressenza_logo_200x200.jpg\",\"contentUrl\":\"https:\/\/www.pressenza.com\/wp-content\/uploads\/2022\/10\/pressenza_logo_200x200.jpg\",\"width\":200,\"height\":200,\"caption\":\"Pressenza\"},\"image\":{\"@id\":\"https:\/\/www.pressenza.com\/es\/#\/schema\/logo\/image\/\"},\"sameAs\":[\"https:\/\/www.facebook.com\/PressenzaItalia\",\"https:\/\/x.com\/PressenzaIPA\"]},{\"@type\":\"Person\",\"@id\":\"https:\/\/www.pressenza.com\/es\/#\/schema\/person\/671f453ff8d847cc1742639e75e22e13\",\"name\":\"Margarita Labarca Goddard\",\"description\":\"A graduate of the University of Chile\u2019s Law School (1960), she held a prominent role in public administration during Salvador Allende\u2019s government. Her life has been shaped by a deep international perspective, from an upbringing in Argentina and post-war Paris to political exile in Cuba and Mexico following the 1973 coup. A resident of Mexico since 1979 due to judicial persecution by the Chilean dictatorship, she brings to her writing extensive expertise in the legal, political, and social issues of Latin America.\",\"url\":\"https:\/\/www.pressenza.com\/es\/author\/margarita-labarca-goddard\/\"}]}<\/script>\n<!-- \/ Yoast SEO plugin. -->","yoast_head_json":{"title":"A H\u00e9ctor Llaitul lo quieren matar","description":"\u00bfQuien lo quiere matar?\u00a0 Pues el gobierno, quien va a ser. Yo conozco muy bien la situaci\u00f3n de los centros de reclusi\u00f3n en el mundo, pues he trabajado","robots":{"index":"index","follow":"follow","max-snippet":"max-snippet:-1","max-image-preview":"max-image-preview:large","max-video-preview":"max-video-preview:-1"},"canonical":"https:\/\/www.pressenza.com\/es\/2024\/08\/a-hector-llaitul-lo-quieren-matar\/","og_locale":"es_ES","og_type":"article","og_title":"A H\u00e9ctor Llaitul lo quieren matar","og_description":"\u00bfQuien lo quiere matar?\u00a0 Pues el gobierno, quien va a ser. Yo conozco muy bien la situaci\u00f3n de los centros de reclusi\u00f3n en el mundo, pues he trabajado","og_url":"https:\/\/www.pressenza.com\/es\/2024\/08\/a-hector-llaitul-lo-quieren-matar\/","og_site_name":"Pressenza","article_publisher":"https:\/\/www.facebook.com\/PressenzaItalia","article_published_time":"2024-08-07T18:11:57+00:00","og_image":[{"width":678,"height":330,"url":"https:\/\/www.pressenza.com\/wp-content\/uploads\/2024\/08\/hector-llaitul-1-678x330-1.jpg","type":"image\/jpeg"}],"author":"Margarita Labarca Goddard","twitter_card":"summary_large_image","twitter_creator":"@PressenzaIPA","twitter_site":"@PressenzaIPA","twitter_misc":{"Escrito por":"Margarita Labarca Goddard","Tiempo de lectura":"3 minutos"},"schema":{"@context":"https:\/\/schema.org","@graph":[{"@type":"Article","@id":"https:\/\/www.pressenza.com\/es\/2024\/08\/a-hector-llaitul-lo-quieren-matar\/#article","isPartOf":{"@id":"https:\/\/www.pressenza.com\/es\/2024\/08\/a-hector-llaitul-lo-quieren-matar\/"},"author":{"name":"Margarita Labarca Goddard","@id":"https:\/\/www.pressenza.com\/es\/#\/schema\/person\/671f453ff8d847cc1742639e75e22e13"},"headline":"A H\u00e9ctor Llaitul lo quieren matar","datePublished":"2024-08-07T18:11:57+00:00","mainEntityOfPage":{"@id":"https:\/\/www.pressenza.com\/es\/2024\/08\/a-hector-llaitul-lo-quieren-matar\/"},"wordCount":570,"publisher":{"@id":"https:\/\/www.pressenza.com\/es\/#organization"},"image":{"@id":"https:\/\/www.pressenza.com\/es\/2024\/08\/a-hector-llaitul-lo-quieren-matar\/#primaryimage"},"thumbnailUrl":"https:\/\/www.pressenza.com\/wp-content\/uploads\/2024\/08\/hector-llaitul-1-678x330-1.jpg","keywords":["Chile","H\u00e9ctor Llaitul"],"articleSection":["Contenido Original","Opiniones","Pueblos Originarios","Sudam\u00e9rica"],"inLanguage":"es"},{"@type":"WebPage","@id":"https:\/\/www.pressenza.com\/es\/2024\/08\/a-hector-llaitul-lo-quieren-matar\/","url":"https:\/\/www.pressenza.com\/es\/2024\/08\/a-hector-llaitul-lo-quieren-matar\/","name":"A H\u00e9ctor Llaitul lo quieren matar","isPartOf":{"@id":"https:\/\/www.pressenza.com\/es\/#website"},"primaryImageOfPage":{"@id":"https:\/\/www.pressenza.com\/es\/2024\/08\/a-hector-llaitul-lo-quieren-matar\/#primaryimage"},"image":{"@id":"https:\/\/www.pressenza.com\/es\/2024\/08\/a-hector-llaitul-lo-quieren-matar\/#primaryimage"},"thumbnailUrl":"https:\/\/www.pressenza.com\/wp-content\/uploads\/2024\/08\/hector-llaitul-1-678x330-1.jpg","datePublished":"2024-08-07T18:11:57+00:00","description":"\u00bfQuien lo quiere matar?\u00a0 Pues el gobierno, quien va a ser. Yo conozco muy bien la situaci\u00f3n de los centros de reclusi\u00f3n en el mundo, pues he trabajado","breadcrumb":{"@id":"https:\/\/www.pressenza.com\/es\/2024\/08\/a-hector-llaitul-lo-quieren-matar\/#breadcrumb"},"inLanguage":"es","potentialAction":[{"@type":"ReadAction","target":["https:\/\/www.pressenza.com\/es\/2024\/08\/a-hector-llaitul-lo-quieren-matar\/"]}]},{"@type":"ImageObject","inLanguage":"es","@id":"https:\/\/www.pressenza.com\/es\/2024\/08\/a-hector-llaitul-lo-quieren-matar\/#primaryimage","url":"https:\/\/www.pressenza.com\/wp-content\/uploads\/2024\/08\/hector-llaitul-1-678x330-1.jpg","contentUrl":"https:\/\/www.pressenza.com\/wp-content\/uploads\/2024\/08\/hector-llaitul-1-678x330-1.jpg","width":678,"height":330},{"@type":"BreadcrumbList","@id":"https:\/\/www.pressenza.com\/es\/2024\/08\/a-hector-llaitul-lo-quieren-matar\/#breadcrumb","itemListElement":[{"@type":"ListItem","position":1,"name":"Accueil","item":"https:\/\/www.pressenza.com\/es\/"},{"@type":"ListItem","position":2,"name":"A H\u00e9ctor Llaitul lo quieren matar"}]},{"@type":"WebSite","@id":"https:\/\/www.pressenza.com\/es\/#website","url":"https:\/\/www.pressenza.com\/es\/","name":"Pressenza","description":"International Press Agency","publisher":{"@id":"https:\/\/www.pressenza.com\/es\/#organization"},"potentialAction":[{"@type":"SearchAction","target":{"@type":"EntryPoint","urlTemplate":"https:\/\/www.pressenza.com\/es\/?s={search_term_string}"},"query-input":{"@type":"PropertyValueSpecification","valueRequired":true,"valueName":"search_term_string"}}],"inLanguage":"es"},{"@type":"Organization","@id":"https:\/\/www.pressenza.com\/es\/#organization","name":"Pressenza","url":"https:\/\/www.pressenza.com\/es\/","logo":{"@type":"ImageObject","inLanguage":"es","@id":"https:\/\/www.pressenza.com\/es\/#\/schema\/logo\/image\/","url":"https:\/\/www.pressenza.com\/wp-content\/uploads\/2022\/10\/pressenza_logo_200x200.jpg","contentUrl":"https:\/\/www.pressenza.com\/wp-content\/uploads\/2022\/10\/pressenza_logo_200x200.jpg","width":200,"height":200,"caption":"Pressenza"},"image":{"@id":"https:\/\/www.pressenza.com\/es\/#\/schema\/logo\/image\/"},"sameAs":["https:\/\/www.facebook.com\/PressenzaItalia","https:\/\/x.com\/PressenzaIPA"]},{"@type":"Person","@id":"https:\/\/www.pressenza.com\/es\/#\/schema\/person\/671f453ff8d847cc1742639e75e22e13","name":"Margarita Labarca Goddard","description":"A graduate of the University of Chile\u2019s Law School (1960), she held a prominent role in public administration during Salvador Allende\u2019s government. Her life has been shaped by a deep international perspective, from an upbringing in Argentina and post-war Paris to political exile in Cuba and Mexico following the 1973 coup. A resident of Mexico since 1979 due to judicial persecution by the Chilean dictatorship, she brings to her writing extensive expertise in the legal, political, and social issues of Latin America.","url":"https:\/\/www.pressenza.com\/es\/author\/margarita-labarca-goddard\/"}]}},"place":"Ciudad de M\u00e9xico, M\u00e9xico","original_article_url":"","_links":{"self":[{"href":"https:\/\/www.pressenza.com\/es\/wp-json\/wp\/v2\/posts\/2541068","targetHints":{"allow":["GET"]}}],"collection":[{"href":"https:\/\/www.pressenza.com\/es\/wp-json\/wp\/v2\/posts"}],"about":[{"href":"https:\/\/www.pressenza.com\/es\/wp-json\/wp\/v2\/types\/post"}],"author":[{"embeddable":true,"href":"https:\/\/www.pressenza.com\/es\/wp-json\/wp\/v2\/users\/2124"}],"replies":[{"embeddable":true,"href":"https:\/\/www.pressenza.com\/es\/wp-json\/wp\/v2\/comments?post=2541068"}],"version-history":[{"count":0,"href":"https:\/\/www.pressenza.com\/es\/wp-json\/wp\/v2\/posts\/2541068\/revisions"}],"wp:featuredmedia":[{"embeddable":true,"href":"https:\/\/www.pressenza.com\/es\/wp-json\/wp\/v2\/media\/2541072"}],"wp:attachment":[{"href":"https:\/\/www.pressenza.com\/es\/wp-json\/wp\/v2\/media?parent=2541068"}],"wp:term":[{"taxonomy":"category","embeddable":true,"href":"https:\/\/www.pressenza.com\/es\/wp-json\/wp\/v2\/categories?post=2541068"},{"taxonomy":"post_tag","embeddable":true,"href":"https:\/\/www.pressenza.com\/es\/wp-json\/wp\/v2\/tags?post=2541068"}],"curies":[{"name":"wp","href":"https:\/\/api.w.org\/{rel}","templated":true}]}}