{"id":2540533,"date":"2024-08-04T15:36:28","date_gmt":"2024-08-04T14:36:28","guid":{"rendered":"https:\/\/www.pressenza.com\/?p=2540533"},"modified":"2024-08-04T15:43:58","modified_gmt":"2024-08-04T14:43:58","slug":"realizaron-en-los-confines-articos-el-simbolo-humano-de-paz-mas-septentrional-de-la-historia","status":"publish","type":"post","link":"https:\/\/www.pressenza.com\/es\/2024\/08\/realizaron-en-los-confines-articos-el-simbolo-humano-de-paz-mas-septentrional-de-la-historia\/","title":{"rendered":"Realizaron en los confines \u00e1rticos el s\u00edmbolo humano de paz m\u00e1s septentrional de la historia"},"content":{"rendered":"<p>El 31 de julio de 2024, en Ny-\u00c5lesund, Islas Svalbard, en pleno C\u00edrculo Polar \u00c1rtico, se cre\u00f3 el s\u00edmbolo humano de paz m\u00e1s \u00abseptentrional\u00bb de la historia. Treinta personas, entre personal cient\u00edfico y log\u00edstico de 10 naciones diferentes, se reunieron a t\u00edtulo personal para dar un mensaje de paz y no violencia desde las latitudes m\u00e1s lejanas.<\/p>\n<p>Entre las naciones representadas se encontraban Italia, Espa\u00f1a, Pa\u00edses Bajos, Inglaterra, Francia, Corea del Sur, Costa Rica, Suecia, Noruega y Suiza. Ny-\u00c5lesund representa la comunidad permanente m\u00e1s septentrional del planeta, a la que cada a\u00f1o acuden cient\u00edficos para realizar investigaciones sobre el clima, los ecosistemas, la atm\u00f3sfera y el espacio. Desde esta comunidad, por vocaci\u00f3n multicultural y basada en la cooperaci\u00f3n, se ha enviado una clara se\u00f1al para decir que los seres humanos somos capaces de llevar la paz y la no violencia m\u00e1s lejos, incluso geogr\u00e1ficamente, de lo que pueden alcanzar las guerras y la violencia.<\/p>\n<p>El s\u00edmbolo forma parte del recorrido de la Tercera Marcha Mundial por la Paz y la No Violencia, que partir\u00e1 el 2 de octubre de Costa Rica para dar la vuelta al planeta, \u00a1incluyendo as\u00ed el \u00c1rtico en la ruta!<\/p>\n<p>La emoci\u00f3n y la gratitud resonaron con fuerza entre los participantes por lo conseguido y por haber tenido la oportunidad de dar una se\u00f1al de paz y unidad en estos tiempos de violencia y conflicto. Inmediatamente despu\u00e9s de la creaci\u00f3n del s\u00edmbolo, todos los presentes firmaron una bandera de la paz, con la intenci\u00f3n de llevarla a Costa Rica para el acto inaugural de la Marcha Mundial del 2 de octubre del presente a\u00f1o.<\/p>\n<p>Bandera que los part\u00edcipes planean llevar antes a la ceremonia de apertura de la Cumbre Mundial de Premios Nobel de la Paz que se celebrar\u00e1 en M\u00e9xico el pr\u00f3ximo mes de septiembre, gracias a la colaboraci\u00f3n de Rafael de La Rubia, impulsor de la Marcha Mundial y miembro de la Junta Acad\u00e9mica del Secretariado Permanente de Premios Nobel de la Paz.<\/p>\n<p>La esperanza de quienes crearon el s\u00edmbolo, basado en el ejemplo de la comunidad cient\u00edfica de Ny-\u00c5lesund, es demostrar que con la no violencia, la cooperaci\u00f3n y la colaboraci\u00f3n, valorando la diversidad personal y cultural, los seres humanos son capaces de lograr mucho m\u00e1s y llegar mucho m\u00e1s lejos que mediante la violencia y la competencia.<\/p>\n<p>Un d\u00eda, una \u00abpiel\u00bb de humanidad y solidaridad cubrir\u00e1 el planeta, haciendo desaparecer las fronteras, las contradicciones y el sufrimiento. Las acciones y los pensamientos de los hombres y mujeres de paz y no violencia de hoy trazan las l\u00edneas a lo largo de las cuales se coser\u00e1 de nuevo esa \u00abpiel\u00bb. El acto simb\u00f3lico de Ny-\u00c5lesund marc\u00f3 un punto importante en este proceso, trasladando al extremo norte el mapa de la paz y la no violencia realizado hasta la fecha por el Ser Humano.<\/p>\n<p><img loading=\"lazy\" decoding=\"async\" class=\"aligncenter size-full wp-image-2540535\" src=\"https:\/\/www.pressenza.com\/wp-content\/uploads\/2024\/08\/scienziati-per-la-pace.jpg\" alt=\"\" width=\"850\" height=\"638\" srcset=\"https:\/\/www.pressenza.com\/wp-content\/uploads\/2024\/08\/scienziati-per-la-pace.jpg 850w, https:\/\/www.pressenza.com\/wp-content\/uploads\/2024\/08\/scienziati-per-la-pace-300x225.jpg 300w, https:\/\/www.pressenza.com\/wp-content\/uploads\/2024\/08\/scienziati-per-la-pace-820x615.jpg 820w\" sizes=\"auto, (max-width: 850px) 100vw, 850px\" \/> <img loading=\"lazy\" decoding=\"async\" class=\"aligncenter size-full wp-image-2540536\" src=\"https:\/\/www.pressenza.com\/wp-content\/uploads\/2024\/08\/presentazione-Marcia-Mondiale-a-scienziati.jpg\" alt=\"\" width=\"850\" height=\"638\" srcset=\"https:\/\/www.pressenza.com\/wp-content\/uploads\/2024\/08\/presentazione-Marcia-Mondiale-a-scienziati.jpg 850w, https:\/\/www.pressenza.com\/wp-content\/uploads\/2024\/08\/presentazione-Marcia-Mondiale-a-scienziati-300x225.jpg 300w, https:\/\/www.pressenza.com\/wp-content\/uploads\/2024\/08\/presentazione-Marcia-Mondiale-a-scienziati-820x615.jpg 820w\" sizes=\"auto, (max-width: 850px) 100vw, 850px\" \/> <img loading=\"lazy\" decoding=\"async\" class=\"aligncenter size-full wp-image-2540537\" src=\"https:\/\/www.pressenza.com\/wp-content\/uploads\/2024\/08\/bandiera-marcia-mondiale-world-march-tra-i-monti.jpg\" alt=\"\" width=\"850\" height=\"638\" srcset=\"https:\/\/www.pressenza.com\/wp-content\/uploads\/2024\/08\/bandiera-marcia-mondiale-world-march-tra-i-monti.jpg 850w, https:\/\/www.pressenza.com\/wp-content\/uploads\/2024\/08\/bandiera-marcia-mondiale-world-march-tra-i-monti-300x225.jpg 300w, https:\/\/www.pressenza.com\/wp-content\/uploads\/2024\/08\/bandiera-marcia-mondiale-world-march-tra-i-monti-820x615.jpg 820w\" sizes=\"auto, (max-width: 850px) 100vw, 850px\" \/> <img loading=\"lazy\" decoding=\"async\" class=\"aligncenter size-full wp-image-2540538\" src=\"https:\/\/www.pressenza.com\/wp-content\/uploads\/2024\/08\/bandiera-pace-tra-i-monti.jpg\" alt=\"\" width=\"850\" height=\"638\" srcset=\"https:\/\/www.pressenza.com\/wp-content\/uploads\/2024\/08\/bandiera-pace-tra-i-monti.jpg 850w, https:\/\/www.pressenza.com\/wp-content\/uploads\/2024\/08\/bandiera-pace-tra-i-monti-300x225.jpg 300w, https:\/\/www.pressenza.com\/wp-content\/uploads\/2024\/08\/bandiera-pace-tra-i-monti-820x615.jpg 820w\" sizes=\"auto, (max-width: 850px) 100vw, 850px\" \/><\/p>\n","protected":false},"excerpt":{"rendered":"<p>El 31 de julio de 2024, en Ny-\u00c5lesund, Islas Svalbard, en pleno C\u00edrculo Polar \u00c1rtico, se cre\u00f3 el s\u00edmbolo humano de paz m\u00e1s \u00abseptentrional\u00bb de la historia. Treinta personas, entre personal cient\u00edfico y log\u00edstico de 10 naciones diferentes, se reunieron&hellip;<\/p>\n","protected":false},"author":1398,"featured_media":2540534,"comment_status":"closed","ping_status":"closed","sticky":false,"template":"","format":"standard","meta":{"footnotes":""},"categories":[11389,106739,1242,1243],"tags":[48687,383,124448,124450,125332],"class_list":["post-2540533","post","type-post","status-publish","format-standard","has-post-thumbnail","hentry","category-contenido-original","category-noticia","category-noviolencia-tema","category-paz-desarme","tag-cooperacion","tag-noviolencia","tag-paix-es","tag-paz-es","tag-unidad-humana"],"yoast_head":"<!-- This site is optimized with the Yoast SEO plugin v27.1.1 - https:\/\/yoast.com\/product\/yoast-seo-wordpress\/ -->\n<title>Realizaron en los confines \u00e1rticos el s\u00edmbolo humano de paz m\u00e1s septentrional de la historia<\/title>\n<meta name=\"description\" content=\"El 31 de julio de 2024, en Ny-\u00c5lesund, Islas Svalbard, en pleno C\u00edrculo Polar \u00c1rtico, se cre\u00f3 el s\u00edmbolo humano de paz m\u00e1s &quot;septentrional&quot; de la historia.\" \/>\n<meta name=\"robots\" content=\"index, follow, max-snippet:-1, max-image-preview:large, max-video-preview:-1\" \/>\n<link rel=\"canonical\" href=\"https:\/\/www.pressenza.com\/es\/2024\/08\/realizaron-en-los-confines-articos-el-simbolo-humano-de-paz-mas-septentrional-de-la-historia\/\" \/>\n<meta property=\"og:locale\" content=\"es_ES\" \/>\n<meta property=\"og:type\" content=\"article\" \/>\n<meta property=\"og:title\" content=\"Realizaron en los confines \u00e1rticos el s\u00edmbolo humano de paz m\u00e1s septentrional de la historia\" \/>\n<meta property=\"og:description\" content=\"El 31 de julio de 2024, en Ny-\u00c5lesund, Islas Svalbard, en pleno C\u00edrculo Polar \u00c1rtico, se cre\u00f3 el s\u00edmbolo humano de paz m\u00e1s &quot;septentrional&quot; de la historia.\" \/>\n<meta property=\"og:url\" content=\"https:\/\/www.pressenza.com\/es\/2024\/08\/realizaron-en-los-confines-articos-el-simbolo-humano-de-paz-mas-septentrional-de-la-historia\/\" \/>\n<meta property=\"og:site_name\" content=\"Pressenza\" \/>\n<meta property=\"article:publisher\" content=\"https:\/\/www.facebook.com\/PressenzaItalia\" \/>\n<meta property=\"article:published_time\" content=\"2024-08-04T14:36:28+00:00\" \/>\n<meta property=\"article:modified_time\" content=\"2024-08-04T14:43:58+00:00\" \/>\n<meta property=\"og:image\" content=\"https:\/\/www.pressenza.com\/wp-content\/uploads\/2024\/08\/simbolo-umano-pace-ny-alesund.jpg\" \/>\n\t<meta property=\"og:image:width\" content=\"850\" \/>\n\t<meta property=\"og:image:height\" content=\"638\" \/>\n\t<meta property=\"og:image:type\" content=\"image\/jpeg\" \/>\n<meta name=\"author\" content=\"Energia per i Diritti Umani\" \/>\n<meta name=\"twitter:card\" content=\"summary_large_image\" \/>\n<meta name=\"twitter:creator\" content=\"@PressenzaIPA\" \/>\n<meta name=\"twitter:site\" content=\"@PressenzaIPA\" \/>\n<meta name=\"twitter:label1\" content=\"Escrito por\" \/>\n\t<meta name=\"twitter:data1\" content=\"Energia per i Diritti Umani\" \/>\n\t<meta name=\"twitter:label2\" content=\"Tiempo de lectura\" \/>\n\t<meta name=\"twitter:data2\" content=\"3 minutos\" \/>\n<script type=\"application\/ld+json\" class=\"yoast-schema-graph\">{\"@context\":\"https:\/\/schema.org\",\"@graph\":[{\"@type\":\"Article\",\"@id\":\"https:\/\/www.pressenza.com\/es\/2024\/08\/realizaron-en-los-confines-articos-el-simbolo-humano-de-paz-mas-septentrional-de-la-historia\/#article\",\"isPartOf\":{\"@id\":\"https:\/\/www.pressenza.com\/es\/2024\/08\/realizaron-en-los-confines-articos-el-simbolo-humano-de-paz-mas-septentrional-de-la-historia\/\"},\"author\":{\"name\":\"Energia per i Diritti Umani\",\"@id\":\"https:\/\/www.pressenza.com\/es\/#\/schema\/person\/dd1fcddd8e85d3d407a3e898e88bb1df\"},\"headline\":\"Realizaron en los confines \u00e1rticos el s\u00edmbolo humano de paz m\u00e1s septentrional de la historia\",\"datePublished\":\"2024-08-04T14:36:28+00:00\",\"dateModified\":\"2024-08-04T14:43:58+00:00\",\"mainEntityOfPage\":{\"@id\":\"https:\/\/www.pressenza.com\/es\/2024\/08\/realizaron-en-los-confines-articos-el-simbolo-humano-de-paz-mas-septentrional-de-la-historia\/\"},\"wordCount\":526,\"publisher\":{\"@id\":\"https:\/\/www.pressenza.com\/es\/#organization\"},\"image\":{\"@id\":\"https:\/\/www.pressenza.com\/es\/2024\/08\/realizaron-en-los-confines-articos-el-simbolo-humano-de-paz-mas-septentrional-de-la-historia\/#primaryimage\"},\"thumbnailUrl\":\"https:\/\/www.pressenza.com\/wp-content\/uploads\/2024\/08\/simbolo-umano-pace-ny-alesund.jpg\",\"keywords\":[\"cooperaci\u00f3n\",\"Noviolencia\",\"Paix\",\"Paz\",\"unidad humana\"],\"articleSection\":[\"Contenido Original\",\"Noticia\",\"Noviolencia\",\"Paz y Desarme\"],\"inLanguage\":\"es\"},{\"@type\":\"WebPage\",\"@id\":\"https:\/\/www.pressenza.com\/es\/2024\/08\/realizaron-en-los-confines-articos-el-simbolo-humano-de-paz-mas-septentrional-de-la-historia\/\",\"url\":\"https:\/\/www.pressenza.com\/es\/2024\/08\/realizaron-en-los-confines-articos-el-simbolo-humano-de-paz-mas-septentrional-de-la-historia\/\",\"name\":\"Realizaron en los confines \u00e1rticos el s\u00edmbolo humano de paz m\u00e1s septentrional de la historia\",\"isPartOf\":{\"@id\":\"https:\/\/www.pressenza.com\/es\/#website\"},\"primaryImageOfPage\":{\"@id\":\"https:\/\/www.pressenza.com\/es\/2024\/08\/realizaron-en-los-confines-articos-el-simbolo-humano-de-paz-mas-septentrional-de-la-historia\/#primaryimage\"},\"image\":{\"@id\":\"https:\/\/www.pressenza.com\/es\/2024\/08\/realizaron-en-los-confines-articos-el-simbolo-humano-de-paz-mas-septentrional-de-la-historia\/#primaryimage\"},\"thumbnailUrl\":\"https:\/\/www.pressenza.com\/wp-content\/uploads\/2024\/08\/simbolo-umano-pace-ny-alesund.jpg\",\"datePublished\":\"2024-08-04T14:36:28+00:00\",\"dateModified\":\"2024-08-04T14:43:58+00:00\",\"description\":\"El 31 de julio de 2024, en Ny-\u00c5lesund, Islas Svalbard, en pleno C\u00edrculo Polar \u00c1rtico, se cre\u00f3 el s\u00edmbolo humano de paz m\u00e1s \\\"septentrional\\\" de la historia.\",\"breadcrumb\":{\"@id\":\"https:\/\/www.pressenza.com\/es\/2024\/08\/realizaron-en-los-confines-articos-el-simbolo-humano-de-paz-mas-septentrional-de-la-historia\/#breadcrumb\"},\"inLanguage\":\"es\",\"potentialAction\":[{\"@type\":\"ReadAction\",\"target\":[\"https:\/\/www.pressenza.com\/es\/2024\/08\/realizaron-en-los-confines-articos-el-simbolo-humano-de-paz-mas-septentrional-de-la-historia\/\"]}]},{\"@type\":\"ImageObject\",\"inLanguage\":\"es\",\"@id\":\"https:\/\/www.pressenza.com\/es\/2024\/08\/realizaron-en-los-confines-articos-el-simbolo-humano-de-paz-mas-septentrional-de-la-historia\/#primaryimage\",\"url\":\"https:\/\/www.pressenza.com\/wp-content\/uploads\/2024\/08\/simbolo-umano-pace-ny-alesund.jpg\",\"contentUrl\":\"https:\/\/www.pressenza.com\/wp-content\/uploads\/2024\/08\/simbolo-umano-pace-ny-alesund.jpg\",\"width\":850,\"height\":638,\"caption\":\"Das n\u00f6rdlichste menschliche Friedenssymbol der Geschichte entstand in der Arktis\"},{\"@type\":\"BreadcrumbList\",\"@id\":\"https:\/\/www.pressenza.com\/es\/2024\/08\/realizaron-en-los-confines-articos-el-simbolo-humano-de-paz-mas-septentrional-de-la-historia\/#breadcrumb\",\"itemListElement\":[{\"@type\":\"ListItem\",\"position\":1,\"name\":\"Accueil\",\"item\":\"https:\/\/www.pressenza.com\/es\/\"},{\"@type\":\"ListItem\",\"position\":2,\"name\":\"Realizaron en los confines \u00e1rticos el s\u00edmbolo humano de paz m\u00e1s septentrional de la historia\"}]},{\"@type\":\"WebSite\",\"@id\":\"https:\/\/www.pressenza.com\/es\/#website\",\"url\":\"https:\/\/www.pressenza.com\/es\/\",\"name\":\"Pressenza\",\"description\":\"International Press Agency\",\"publisher\":{\"@id\":\"https:\/\/www.pressenza.com\/es\/#organization\"},\"potentialAction\":[{\"@type\":\"SearchAction\",\"target\":{\"@type\":\"EntryPoint\",\"urlTemplate\":\"https:\/\/www.pressenza.com\/es\/?s={search_term_string}\"},\"query-input\":{\"@type\":\"PropertyValueSpecification\",\"valueRequired\":true,\"valueName\":\"search_term_string\"}}],\"inLanguage\":\"es\"},{\"@type\":\"Organization\",\"@id\":\"https:\/\/www.pressenza.com\/es\/#organization\",\"name\":\"Pressenza\",\"url\":\"https:\/\/www.pressenza.com\/es\/\",\"logo\":{\"@type\":\"ImageObject\",\"inLanguage\":\"es\",\"@id\":\"https:\/\/www.pressenza.com\/es\/#\/schema\/logo\/image\/\",\"url\":\"https:\/\/www.pressenza.com\/wp-content\/uploads\/2022\/10\/pressenza_logo_200x200.jpg\",\"contentUrl\":\"https:\/\/www.pressenza.com\/wp-content\/uploads\/2022\/10\/pressenza_logo_200x200.jpg\",\"width\":200,\"height\":200,\"caption\":\"Pressenza\"},\"image\":{\"@id\":\"https:\/\/www.pressenza.com\/es\/#\/schema\/logo\/image\/\"},\"sameAs\":[\"https:\/\/www.facebook.com\/PressenzaItalia\",\"https:\/\/x.com\/PressenzaIPA\"]},{\"@type\":\"Person\",\"@id\":\"https:\/\/www.pressenza.com\/es\/#\/schema\/person\/dd1fcddd8e85d3d407a3e898e88bb1df\",\"name\":\"Energia per i Diritti Umani\",\"description\":\"Energia per i diritti umani ONLUS is a non-religious, self-financed organization. It has ongoing activities in Italy from 1998, in Senegal from 2000, in Gambia from 2002 and in India from 2003. It was founded in 1998 in Rome with the aim of protecting human rights in the world. The organization inspires its mission and adhere to the principles and proposals of the Universal Humanism since its foundation. www.energiaperidirittiumani.it\",\"sameAs\":[\"http:\/\/energiaperidirittiumani.it\/\"],\"url\":\"https:\/\/www.pressenza.com\/es\/author\/energia-per-i-diritti-umani\/\"}]}<\/script>\n<!-- \/ Yoast SEO plugin. -->","yoast_head_json":{"title":"Realizaron en los confines \u00e1rticos el s\u00edmbolo humano de paz m\u00e1s septentrional de la historia","description":"El 31 de julio de 2024, en Ny-\u00c5lesund, Islas Svalbard, en pleno C\u00edrculo Polar \u00c1rtico, se cre\u00f3 el s\u00edmbolo humano de paz m\u00e1s \"septentrional\" de la historia.","robots":{"index":"index","follow":"follow","max-snippet":"max-snippet:-1","max-image-preview":"max-image-preview:large","max-video-preview":"max-video-preview:-1"},"canonical":"https:\/\/www.pressenza.com\/es\/2024\/08\/realizaron-en-los-confines-articos-el-simbolo-humano-de-paz-mas-septentrional-de-la-historia\/","og_locale":"es_ES","og_type":"article","og_title":"Realizaron en los confines \u00e1rticos el s\u00edmbolo humano de paz m\u00e1s septentrional de la historia","og_description":"El 31 de julio de 2024, en Ny-\u00c5lesund, Islas Svalbard, en pleno C\u00edrculo Polar \u00c1rtico, se cre\u00f3 el s\u00edmbolo humano de paz m\u00e1s \"septentrional\" de la historia.","og_url":"https:\/\/www.pressenza.com\/es\/2024\/08\/realizaron-en-los-confines-articos-el-simbolo-humano-de-paz-mas-septentrional-de-la-historia\/","og_site_name":"Pressenza","article_publisher":"https:\/\/www.facebook.com\/PressenzaItalia","article_published_time":"2024-08-04T14:36:28+00:00","article_modified_time":"2024-08-04T14:43:58+00:00","og_image":[{"width":850,"height":638,"url":"https:\/\/www.pressenza.com\/wp-content\/uploads\/2024\/08\/simbolo-umano-pace-ny-alesund.jpg","type":"image\/jpeg"}],"author":"Energia per i Diritti Umani","twitter_card":"summary_large_image","twitter_creator":"@PressenzaIPA","twitter_site":"@PressenzaIPA","twitter_misc":{"Escrito por":"Energia per i Diritti Umani","Tiempo de lectura":"3 minutos"},"schema":{"@context":"https:\/\/schema.org","@graph":[{"@type":"Article","@id":"https:\/\/www.pressenza.com\/es\/2024\/08\/realizaron-en-los-confines-articos-el-simbolo-humano-de-paz-mas-septentrional-de-la-historia\/#article","isPartOf":{"@id":"https:\/\/www.pressenza.com\/es\/2024\/08\/realizaron-en-los-confines-articos-el-simbolo-humano-de-paz-mas-septentrional-de-la-historia\/"},"author":{"name":"Energia per i Diritti Umani","@id":"https:\/\/www.pressenza.com\/es\/#\/schema\/person\/dd1fcddd8e85d3d407a3e898e88bb1df"},"headline":"Realizaron en los confines \u00e1rticos el s\u00edmbolo humano de paz m\u00e1s septentrional de la historia","datePublished":"2024-08-04T14:36:28+00:00","dateModified":"2024-08-04T14:43:58+00:00","mainEntityOfPage":{"@id":"https:\/\/www.pressenza.com\/es\/2024\/08\/realizaron-en-los-confines-articos-el-simbolo-humano-de-paz-mas-septentrional-de-la-historia\/"},"wordCount":526,"publisher":{"@id":"https:\/\/www.pressenza.com\/es\/#organization"},"image":{"@id":"https:\/\/www.pressenza.com\/es\/2024\/08\/realizaron-en-los-confines-articos-el-simbolo-humano-de-paz-mas-septentrional-de-la-historia\/#primaryimage"},"thumbnailUrl":"https:\/\/www.pressenza.com\/wp-content\/uploads\/2024\/08\/simbolo-umano-pace-ny-alesund.jpg","keywords":["cooperaci\u00f3n","Noviolencia","Paix","Paz","unidad humana"],"articleSection":["Contenido Original","Noticia","Noviolencia","Paz y Desarme"],"inLanguage":"es"},{"@type":"WebPage","@id":"https:\/\/www.pressenza.com\/es\/2024\/08\/realizaron-en-los-confines-articos-el-simbolo-humano-de-paz-mas-septentrional-de-la-historia\/","url":"https:\/\/www.pressenza.com\/es\/2024\/08\/realizaron-en-los-confines-articos-el-simbolo-humano-de-paz-mas-septentrional-de-la-historia\/","name":"Realizaron en los confines \u00e1rticos el s\u00edmbolo humano de paz m\u00e1s septentrional de la historia","isPartOf":{"@id":"https:\/\/www.pressenza.com\/es\/#website"},"primaryImageOfPage":{"@id":"https:\/\/www.pressenza.com\/es\/2024\/08\/realizaron-en-los-confines-articos-el-simbolo-humano-de-paz-mas-septentrional-de-la-historia\/#primaryimage"},"image":{"@id":"https:\/\/www.pressenza.com\/es\/2024\/08\/realizaron-en-los-confines-articos-el-simbolo-humano-de-paz-mas-septentrional-de-la-historia\/#primaryimage"},"thumbnailUrl":"https:\/\/www.pressenza.com\/wp-content\/uploads\/2024\/08\/simbolo-umano-pace-ny-alesund.jpg","datePublished":"2024-08-04T14:36:28+00:00","dateModified":"2024-08-04T14:43:58+00:00","description":"El 31 de julio de 2024, en Ny-\u00c5lesund, Islas Svalbard, en pleno C\u00edrculo Polar \u00c1rtico, se cre\u00f3 el s\u00edmbolo humano de paz m\u00e1s \"septentrional\" de la historia.","breadcrumb":{"@id":"https:\/\/www.pressenza.com\/es\/2024\/08\/realizaron-en-los-confines-articos-el-simbolo-humano-de-paz-mas-septentrional-de-la-historia\/#breadcrumb"},"inLanguage":"es","potentialAction":[{"@type":"ReadAction","target":["https:\/\/www.pressenza.com\/es\/2024\/08\/realizaron-en-los-confines-articos-el-simbolo-humano-de-paz-mas-septentrional-de-la-historia\/"]}]},{"@type":"ImageObject","inLanguage":"es","@id":"https:\/\/www.pressenza.com\/es\/2024\/08\/realizaron-en-los-confines-articos-el-simbolo-humano-de-paz-mas-septentrional-de-la-historia\/#primaryimage","url":"https:\/\/www.pressenza.com\/wp-content\/uploads\/2024\/08\/simbolo-umano-pace-ny-alesund.jpg","contentUrl":"https:\/\/www.pressenza.com\/wp-content\/uploads\/2024\/08\/simbolo-umano-pace-ny-alesund.jpg","width":850,"height":638,"caption":"Das n\u00f6rdlichste menschliche Friedenssymbol der Geschichte entstand in der Arktis"},{"@type":"BreadcrumbList","@id":"https:\/\/www.pressenza.com\/es\/2024\/08\/realizaron-en-los-confines-articos-el-simbolo-humano-de-paz-mas-septentrional-de-la-historia\/#breadcrumb","itemListElement":[{"@type":"ListItem","position":1,"name":"Accueil","item":"https:\/\/www.pressenza.com\/es\/"},{"@type":"ListItem","position":2,"name":"Realizaron en los confines \u00e1rticos el s\u00edmbolo humano de paz m\u00e1s septentrional de la historia"}]},{"@type":"WebSite","@id":"https:\/\/www.pressenza.com\/es\/#website","url":"https:\/\/www.pressenza.com\/es\/","name":"Pressenza","description":"International Press Agency","publisher":{"@id":"https:\/\/www.pressenza.com\/es\/#organization"},"potentialAction":[{"@type":"SearchAction","target":{"@type":"EntryPoint","urlTemplate":"https:\/\/www.pressenza.com\/es\/?s={search_term_string}"},"query-input":{"@type":"PropertyValueSpecification","valueRequired":true,"valueName":"search_term_string"}}],"inLanguage":"es"},{"@type":"Organization","@id":"https:\/\/www.pressenza.com\/es\/#organization","name":"Pressenza","url":"https:\/\/www.pressenza.com\/es\/","logo":{"@type":"ImageObject","inLanguage":"es","@id":"https:\/\/www.pressenza.com\/es\/#\/schema\/logo\/image\/","url":"https:\/\/www.pressenza.com\/wp-content\/uploads\/2022\/10\/pressenza_logo_200x200.jpg","contentUrl":"https:\/\/www.pressenza.com\/wp-content\/uploads\/2022\/10\/pressenza_logo_200x200.jpg","width":200,"height":200,"caption":"Pressenza"},"image":{"@id":"https:\/\/www.pressenza.com\/es\/#\/schema\/logo\/image\/"},"sameAs":["https:\/\/www.facebook.com\/PressenzaItalia","https:\/\/x.com\/PressenzaIPA"]},{"@type":"Person","@id":"https:\/\/www.pressenza.com\/es\/#\/schema\/person\/dd1fcddd8e85d3d407a3e898e88bb1df","name":"Energia per i Diritti Umani","description":"Energia per i diritti umani ONLUS is a non-religious, self-financed organization. It has ongoing activities in Italy from 1998, in Senegal from 2000, in Gambia from 2002 and in India from 2003. It was founded in 1998 in Rome with the aim of protecting human rights in the world. The organization inspires its mission and adhere to the principles and proposals of the Universal Humanism since its foundation. www.energiaperidirittiumani.it","sameAs":["http:\/\/energiaperidirittiumani.it\/"],"url":"https:\/\/www.pressenza.com\/es\/author\/energia-per-i-diritti-umani\/"}]}},"place":"Ny-\u00c5lesund, C\u00edrculo Polar \u00c1rtico, Edoardo Calizza","original_article_url":"","_links":{"self":[{"href":"https:\/\/www.pressenza.com\/es\/wp-json\/wp\/v2\/posts\/2540533","targetHints":{"allow":["GET"]}}],"collection":[{"href":"https:\/\/www.pressenza.com\/es\/wp-json\/wp\/v2\/posts"}],"about":[{"href":"https:\/\/www.pressenza.com\/es\/wp-json\/wp\/v2\/types\/post"}],"author":[{"embeddable":true,"href":"https:\/\/www.pressenza.com\/es\/wp-json\/wp\/v2\/users\/1398"}],"replies":[{"embeddable":true,"href":"https:\/\/www.pressenza.com\/es\/wp-json\/wp\/v2\/comments?post=2540533"}],"version-history":[{"count":0,"href":"https:\/\/www.pressenza.com\/es\/wp-json\/wp\/v2\/posts\/2540533\/revisions"}],"wp:featuredmedia":[{"embeddable":true,"href":"https:\/\/www.pressenza.com\/es\/wp-json\/wp\/v2\/media\/2540534"}],"wp:attachment":[{"href":"https:\/\/www.pressenza.com\/es\/wp-json\/wp\/v2\/media?parent=2540533"}],"wp:term":[{"taxonomy":"category","embeddable":true,"href":"https:\/\/www.pressenza.com\/es\/wp-json\/wp\/v2\/categories?post=2540533"},{"taxonomy":"post_tag","embeddable":true,"href":"https:\/\/www.pressenza.com\/es\/wp-json\/wp\/v2\/tags?post=2540533"}],"curies":[{"name":"wp","href":"https:\/\/api.w.org\/{rel}","templated":true}]}}