{"id":2540442,"date":"2024-08-04T10:07:17","date_gmt":"2024-08-04T09:07:17","guid":{"rendered":"https:\/\/www.pressenza.com\/?p=2540442"},"modified":"2024-08-04T00:13:05","modified_gmt":"2024-08-03T23:13:05","slug":"79-anos-despues-de-hiroshima-y-nagasaki-un-sombrio-recordatorio-de-la-aniquilacion-nuclear","status":"publish","type":"post","link":"https:\/\/www.pressenza.com\/es\/2024\/08\/79-anos-despues-de-hiroshima-y-nagasaki-un-sombrio-recordatorio-de-la-aniquilacion-nuclear\/","title":{"rendered":"79 a\u00f1os despu\u00e9s de Hiroshima y Nagasaki: un sombr\u00edo recordatorio de la aniquilaci\u00f3n nuclear"},"content":{"rendered":"<div class=\"elementor-element elementor-element-2a1c8f39 elementor-hidden-phone elementor-widget elementor-widget-heading\" data-id=\"2a1c8f39\" data-element_type=\"widget\" data-widget_type=\"heading.default\">\n<div class=\"elementor-widget-container\">\n<p class=\"elementor-heading-title elementor-size-default\"><em>Por <span style=\"font-size: 16px;\">Thalif Deen<\/span><\/em><\/p>\n<\/div>\n<\/div>\n<p style=\"padding-left: 40px;\"><em>El 79 aniversario de los bombardeos at\u00f3micos de Hiroshima y Nagasaki, que tuvieron lugar el 6 y el 9 de agosto de 1945, sigue siendo un sombr\u00edo recordatorio de las consecuencias destructivas de las armas nucleares.<\/em><span id=\"more-186396\"><\/span><\/p>\n<p>Se calcula que los bombardeos causaron entre 90 000 y 210 000 muertos, de los cuales aproximadamente la mitad se produjeron el primer d\u00eda en Hiroshima.<\/p>\n<p>Pero a pesar de una intensa campa\u00f1a mundial en favor del desarme nuclear, el mundo ha sido testigo de un aumento del n\u00famero de potencias nucleares, que ha pasado de cinco -China, Estados Unidos, Francia, Reino Unido y Rusia- a nueve, entre ellas India, Pakist\u00e1n, Corea del Norte e Israel.<\/p>\n<p>\u00bfEs la campa\u00f1a antinuclear mundial un ejercicio in\u00fatil? \u00bfContinuar\u00e1 la tendencia al alza, con pa\u00edses como Ir\u00e1n, Egipto, Arabia Saud\u00ed y Corea del Sur como posibles potencias nucleares del futuro?<\/p>\n<p>Sud\u00e1frica es el \u00fanico pa\u00eds que ha renunciado voluntariamente a las armas nucleares despu\u00e9s de desarrollarlas. En la d\u00e9cada de 1980, Sud\u00e1frica fabric\u00f3 seis armas nucleares, pero las desmantel\u00f3 entre 1989 y 1993. Varios factores pueden haber influido en la decisi\u00f3n de Sud\u00e1frica, como la seguridad nacional, las relaciones internacionales y el deseo de evitar convertirse en un Estado paria.<\/p>\n<p>Pero existe un argumento igualmente v\u00e1lido de que no ha habido guerras nucleares -solo amenazas- debido en gran parte al \u00e9xito de la campa\u00f1a antinuclear mundial, al papel de las Naciones Unidas y a la acci\u00f3n colectiva de la mayor\u00eda de los 193 estados miembros al adoptar varios tratados antinucleares.<\/p>\n<p>Seg\u00fan la Oficina de Asuntos de Desarme de las Naciones Unidas (Unoda), la ONU ha intentado eliminar las armas de destrucci\u00f3n masiva (ADM) desde la creaci\u00f3n del organismo mundial. <a href=\"http:\/\/www.un.org\/ga\/search\/view_doc.asp?symbol=A\/RES\/1(I)\">La primera resoluci\u00f3n adoptada por la Asamblea General de la ONU,<\/a> en 1946, estableci\u00f3 una comisi\u00f3n para tratar, entre otros, los problemas relacionados con el descubrimiento de la energ\u00eda at\u00f3mica.<\/p>\n<p>La comisi\u00f3n deb\u00eda hacer propuestas para, entre otras cosas, controlar la energ\u00eda at\u00f3mica en la medida necesaria para garantizar que solo se utilizara con fines pac\u00edficos.<\/p>\n<p>Desde entonces se han establecido varios tratados multilaterales con el objetivo de prevenir la proliferaci\u00f3n y las pruebas nucleares, al tiempo que se fomentan los avances en el desarme nuclear.<\/p>\n<p>Entre ellos figuran el <a href=\"http:\/\/disarmament.un.org\/treaties\/t\/npt\">Tratado sobre No Proliferaci\u00f3n Nuclear (TNP<\/a>), el Tratado de Prohibici\u00f3n de los Ensayos con Armas Nucleares en la Atm\u00f3sfera, el Espacio Ultraterrestre y Bajo el Agua, tambi\u00e9n conocido como <a href=\"http:\/\/disarmament.un.org\/treaties\/t\/ctbt\">Tratado sobre Prohibici\u00f3n Completa de los Ensayos Nucleares (TPCE)<\/a>, que se firm\u00f3 en 1996 pero a\u00fan no ha entrado <a href=\"https:\/\/disarmament.unoda.org\/wmd\/nuclear\/tpnw\/\">en<\/a> vigor, y el <a href=\"http:\/\/disarmament.un.org\/treaties\/t\/tpnw\">Tratado sobre la Prohibici\u00f3n de las Armas Nucleares (TPAN)<\/a>.<\/p>\n<p>Jackie Cabasso, directora ejecutiva de la estadounidense <a href=\"http:\/\/www.wslfweb.org\/\">Western States Legal Foundation<\/a> (Fundaci\u00f3n Jur\u00eddica de los Estados del Oeste) dijo a IPS: \u00abA medida que nos acercamos al 79\u00a0aniversario de los bombardeos at\u00f3micos estadounidenses de Hiroshima y Nagasaki, el mundo se enfrenta a un mayor peligro de guerra nuclear que en cualquier otro momento desde 1945\u2033.<\/p>\n<p>\u00abLa aterradora doctrina de la \u00abdisuasi\u00f3n nuclear\u00bb, que hace tiempo deber\u00eda haber sido deslegitimada y relegada al basurero de la historia y sustituida por la seguridad com\u00fan multilateral y no militarizada, ha hecho met\u00e1stasis en una ideolog\u00eda patol\u00f3gica esgrimida por los Estados con armas nucleares y sus aliados para justificar la posesi\u00f3n perpetua y la amenaza de uso -incluido el primer uso- de armas nucleares\u00bb, se\u00f1al\u00f3.<\/p>\n<p>Para la responsable de la fundaci\u00f3n que vigila y analiza \u00a0los programas y las pol\u00edticas estadounidenses en materia de armas nucleares, \u00abEs m\u00e1s importante que nunca que prestemos atenci\u00f3n a las advertencias de los viejos <em>hibakusha <\/em>(supervivientes de la bomba at\u00f3mica): Lo que nos ocurri\u00f3 a nosotros no debe volver a ocurrirle a nadie; las armas nucleares y los seres humanos no pueden coexistir\u00bb.<\/p>\n<p>\u00ab\u00a1No m\u00e1s Hiroshimas, no m\u00e1s Nagasakis!\u00bb, remarc\u00f3 Cabasso, cuya organizaci\u00f3n tiene su sede en la ciudad californiana de Okland.<\/p>\n<p>Esto exige un proceso irreversible de desarme nuclear, argument\u00f3. Pero a\u00f1adi\u00f3 que, por el contrario, todos los Estados con armamento nuclear est\u00e1n mejorando cualitativa y, en algunos casos, cuantitativamente sus arsenales nucleares, y est\u00e1 en marcha una nueva carrera armament\u00edstica multipolar.<\/p>\n<p>\u00abPara lograr la eliminaci\u00f3n de las armas nucleares y una sociedad global m\u00e1s justa, pac\u00edfica y ecol\u00f3gicamente sostenible, tendremos que pasar de la ideolog\u00eda irracional de la disuasi\u00f3n, basada en el miedo, al miedo racional a un eventual uso de armas nucleares, ya sea por accidente, error de c\u00e1lculo o dise\u00f1o\u00bb, consider\u00f3 la promotora jur\u00eddica en desarme nuclear.<\/p>\n<p>Y a\u00f1adi\u00f3: \u00abTambi\u00e9n necesitaremos estimular la esperanza racional de que la seguridad puede redefinirse en t\u00e9rminos humanitarios y ecol\u00f3gicamente sostenibles que conduzcan a la eliminaci\u00f3n de las armas nucleares y a una dram\u00e1tica desmilitarizaci\u00f3n, liberando tremendos recursos desesperadamente necesarios para atender las necesidades humanas universales y proteger el medi ambiente.\u00bb<\/p>\n<p>Cobasso record\u00f3 que el contexto es el de m\u00faltiples crisis mundiales, en medio del cual\u00a0 \u00abnuestro trabajo por la eliminaci\u00f3n de las armas nucleares debe realizarse en un marco mucho m\u00e1s amplio, teniendo en cuenta la interfaz entre las armas nucleares y convencionales y el militarismo en general\u00bb.<\/p>\n<p>Tambi\u00e9n hay que considerar, a\u00f1adi\u00f3, \u00ablas consecuencias humanitarias y medioambientales a largo plazo de la guerra nuclear, y la incompatibilidad fundamental de las armas nucleares con la democracia, el Estado de derecho y el bienestar humano\u00bb.<\/p>\n<figure id=\"attachment_186400\" class=\"wp-caption aligncenter\" aria-describedby=\"caption-attachment-186400\"><a href=\"https:\/\/ipsnoticias.net\/wp-content\/uploads\/2024\/08\/nuclear-2.jpg\"><img loading=\"lazy\" decoding=\"async\" class=\"size-full wp-image-186400\" src=\"https:\/\/ipsnoticias.net\/wp-content\/uploads\/2024\/08\/nuclear-2.jpg\" sizes=\"auto, (max-width: 630px) 100vw, 630px\" srcset=\"https:\/\/ipsnoticias.net\/wp-content\/uploads\/2024\/08\/nuclear-2.jpg 630w, https:\/\/ipsnoticias.net\/wp-content\/uploads\/2024\/08\/nuclear-2-600x271.jpg 600w\" alt=\"\" width=\"630\" height=\"285\" \/><\/a><figcaption id=\"caption-attachment-186400\" class=\"wp-caption-text\">En una exposici\u00f3n sobre desarme en la sede de la ONU en Nueva York, un visitante lee un texto sobre un ni\u00f1o que lleva a su hermano peque\u00f1o a un lugar de cremaci\u00f3n en Nagasaki, tras la bomba sobre la ciudad japonesa hace ahora 79 a\u00f1os. Imagen: Erico Platt \/ Unoda<\/figcaption><\/figure>\n<p>\u00abEl vaso est\u00e1 medio lleno o medio vac\u00edo, seg\u00fan c\u00f3mo se mire\u00bb, valor\u00f3 a IPS M.V. Ramana,\u00a0 titular de la C\u00e1tedra Simons de Desarme, Seguridad Mundial y Humana de la Escuela de Pol\u00edtica P\u00fablica y Asuntos Mundialese n la canadiense Universidad de Columbia Brit\u00e1nica.<\/p>\n<p>Para el acad\u00e9mico, \u00abel hecho de que hayamos evitado una guerra nuclear desde 1945 tambi\u00e9n se debe en parte a la persistencia del movimiento antinuclear. Historiadores como <a href=\"https:\/\/peacemagazine.org\/archive\/v29n4p06.htm\">Lawrence Wittner<\/a> han se\u00f1alado los numerosos casos en que los gobiernos han optado por la moderaci\u00f3n nuclear en lugar de la expansi\u00f3n desenfrenada\u00bb.<\/p>\n<p>Aunque Sud\u00e1frica es el \u00fanico pa\u00eds que ha desmantelado todo su programa de armas nucleares, record\u00f3 que otros muchos pa\u00edses -Suecia, por ejemplo- han optado por no desarrollar armas nucleares a pesar de tener la capacidad t\u00e9cnica para hacerlo.<\/p>\n<p>En parte lo hicieron, dijo Ramana, debido a la fuerte oposici\u00f3n p\u00fablica a las armas nucleares, que a su vez se debe a los movimientos sociales que apoyan el desarme nuclear.<\/p>\n<p>As\u00ed pues, argument\u00f3, organizarse para el desarme nuclear no es in\u00fatil. Especialmente a medida que avanzamos hacia otra era de conflictos entre grandes potencias, estos movimientos ser\u00e1n fundamentales para nuestra supervivencia.<\/p>\n<p><a href=\"https:\/\/www.ipsnews.net\/2024\/08\/79-years-after-hiroshima-nagasaki-a-grim-reminder-of-nuclear-annihilation\/\"><strong><em>Puede leer aqu\u00ed la versi\u00f3n en ingl\u00e9s de este art\u00edculo.<\/em><\/strong><\/a><\/p>\n<p>Seg\u00fan la ONU, un grupo de ancianos hibakusha, llamado Nihon Hidankyo, ha dedicado su vida a conseguir un tratado de no proliferaci\u00f3n, que esperan conduzca finalmente a la prohibici\u00f3n total de las armas nucleares.<\/p>\n<p>\u00abEn un tren abarrotado de la l\u00ednea de Hakushima, me desmay\u00e9 durante un rato, sosteniendo en mis brazos a mi hija mayor de un a\u00f1o y seis meses. Recuper\u00e9 el sentido ante sus gritos y comprob\u00e9 que no hab\u00eda nadie m\u00e1s en el tren\u00bb, testimoni\u00f3 en un folleto del grupo una mujer que ten\u00eda 34 a\u00f1os y se encontraba a solo dos kil\u00f3metros del epicentro de Hiroshima.<\/p>\n<p>Huyendo y en busca de sus familiares en Hesaka, cuando ten\u00eda 24 a\u00f1os, otra mujer recuerda que \u00abla gente, con la piel colgando, iba dando tumbos. Ca\u00edan con estr\u00e9pito y mor\u00edan uno tras otro\u00bb, y a\u00f1ade: \u00abTodav\u00eda ahora tengo a menudo pesadillas sobre esto, y la gente dice: \u2018es neurosis&#8217;\u00bb.<\/p>\n<p>Un hombre que entr\u00f3 en Hiroshima despu\u00e9s de caer la bomba record\u00f3 \u00abaquella espantosa escena; no puedo olvidarla ni siquiera despu\u00e9s de muchas d\u00e9cadas\u00bb.<\/p>\n<p>Una mujer que entonces ten\u00eda 25 a\u00f1os narr\u00f3: \u00abCuando sal\u00ed, estaba oscuro como la noche. Luego se hizo m\u00e1s y m\u00e1s brillante, y pude ver a gente quemada llorando y corriendo de un lado a otro totalmente confundida. Fue un infierno\u2026 Encontr\u00e9 a mi vecino atrapado bajo un muro de hormig\u00f3n ca\u00eddo\u2026 Solo se le ve\u00eda la mitad de la cara. Estaba quemado vivo\u00bb.<\/p>\n<p>La firme convicci\u00f3n del Hidankyo pesiste inalterable: \u00abLas armas nucleares son el mal absoluto que no puede coexistir con los seres humanos. No hay m\u00e1s remedio que abolirlas\u00bb.<\/p>\n<p>En una sesi\u00f3n del Consejo de Seguridad en marzo, el secretario general de la ONU, Ant\u00f3nio Guterres advirti\u00f3 de que, con las tensiones geopol\u00edticas aumentando el riesgo de guerra nuclear hasta su punto m\u00e1s alto en d\u00e9cadas, la reducci\u00f3n y abolici\u00f3n de las armas nucleares es el \u00fanico camino viable para salvar a la humanidad.<\/p>\n<p>\u00abHay un camino -y solo un camino- que acabar\u00e1 con esta sombra insensata y suicida de una vez por todas. Necesitamos el desarme ahora\u00bb, afirm\u00f3.<\/p>\n<p>Inst\u00f3 a los Estados poseedores de armas nucleares a que vuelvan a comprometerse para evitar cualquier uso de un arma nuclear, reafirmen la moratoria sobre las pruebas nucleares y \u00abacuerden urgentemente que ninguno de ellos ser\u00e1 el primero en utilizar armas nucleares\u00bb.<\/p>\n<p>Guterres tambi\u00e9n requiri\u00f3 reducciones en el n\u00famero de armas nucleares lideradas por los poseedores de los mayores arsenales -Estados Unidos y Rusia- para \u00abencontrar una forma de volver a la mesa de negociaciones\u00bb.<\/p>\n<p>Tambi\u00e9n les inst\u00f3 a Mosc\u00fa y Washington a aplicar plenamente las Nuevas Medidas para la ulterior reducci\u00f3n y limitaci\u00f3n de las armas estrat\u00e9gicas ofensivas, que contemplaba el Tratado START, y acordar un tratado que le suceda.<\/p>\n<p>\u00abCuando cada pa\u00eds persigue su propia seguridad sin tener en cuenta a los dem\u00e1s, creamos una inseguridad global que nos amenaza a todos\u00bb, observ\u00f3 el m\u00e1ximo responsable de la ONU.<\/p>\n<p>Lament\u00f3 que casi ocho d\u00e9cadas despu\u00e9s de la incineraci\u00f3n de Hiroshima y Nagasaki, \u00ablas armas nucleares siguen representando un claro peligro para la paz y la seguridad mundiales, creciendo en potencia, alcance y sigilo\u00bb.<\/p>\n<p>\u00abLos Estados que las poseen est\u00e1n ausentes de la mesa de negociaciones, y algunas declaraciones han planteado la perspectiva de desencadenar un infierno nuclear, amenazas que todos debemos denunciar con claridad y contundencia\u00bb, afirm\u00f3 Guterres.<\/p>\n<p>Adem\u00e1s, argument\u00f3, \u00ablas tecnolog\u00edas emergentes, como la inteligencia artificial y los dominios cibern\u00e9ticos y del espacio exterior, han creado nuevos riesgos\u00bb.<\/p>\n<p>Guterres record\u00f3 que, en la actualidad, la gente pide que se ponga fin a la locura nuclear. Lo hacen, cit\u00f3, desde el Papa Francisco, que califica de \u00abinmoral\u00bb la posesi\u00f3n de armas nucleares, hasta los hibakusha, los valientes supervivientes de Hiroshima y Nagasaki, pasando por Hollywood, donde la galardonada pel\u00edcula <em>Oppenheimer<\/em> dio vida a la cruda realidad del juicio final nuclear para millones de personas en todo el mundo.<\/p>\n<p>\u00abLa humanidad no puede sobrevivir a una secuela de <em>Oppenheimer<\/em>\u00ab, advirti\u00f3.<\/p>\n<p>Cuando Nagasaki conmemor\u00f3 el 78 aniversario del bombardeo at\u00f3mico estadounidense de la ciudad en agosto de 2023, el alcalde Shiro Suzuki, inst\u00f3 a las potencias mundiales a abolir las armas nucleares, afirmando que la disuasi\u00f3n nuclear tambi\u00e9n aumenta los riesgos de una guerra nuclear.<\/p>\n<p>Pidi\u00f3 a las potencias industriales del Grupo de los Siete (G7) pa\u00edses ricos a que adoptaran un documento independiente sobre el desarme nuclear que abogaba por utilizar las armas nucleares como elemento disuasorio.<\/p>\n<p>\u00abAhora es el momento de mostrar coraje y tomar la decisi\u00f3n de liberarse de la dependencia de la disuasi\u00f3n nuclear\u00bb, dijo Suzuki en su declaraci\u00f3n de paz. \u00abMientras los Estados dependan de la disuasi\u00f3n nuclear, no podremos hacer realidad un mundo sin armas nucleares\u00bb, a\u00f1adi\u00f3.<\/p>\n<p>A su juicio, La amenaza nuclear de Rusia ha animado a otros estados nucleares a acelerar su dependencia de las armas nucleares o a mejorar sus capacidades, aumentando a\u00fan m\u00e1s el riesgo de guerra nuclear.<\/p>\n<p>Suzuki, cuyos padres fueron hibakusha, o supervivientes del ataque de Nagasaki, dijo que conocer la realidad de los bombardeos at\u00f3micos es el punto de partida para lograr un mundo sin armas nucleares. Afirm\u00f3 que los testimonios de los supervivientes son un verdadero elemento disuasorio contra el uso de armas nucleares.<\/p>\n","protected":false},"excerpt":{"rendered":"<p>Por Thalif Deen El 79 aniversario de los bombardeos at\u00f3micos de Hiroshima y Nagasaki, que tuvieron lugar el 6 y el 9 de agosto de 1945, sigue siendo un sombr\u00edo recordatorio de las consecuencias destructivas de las armas nucleares. Se&hellip;<\/p>\n","protected":false},"author":347,"featured_media":2540443,"comment_status":"closed","ping_status":"closed","sticky":false,"template":"","format":"standard","meta":{"footnotes":""},"categories":[65,106739,1243],"tags":[125321,4302,71584,6242,6243],"class_list":["post-2540442","post","type-post","status-publish","format-standard","has-post-thumbnail","hentry","category-asia-es","category-noticia","category-paz-desarme","tag-79-aniversario","tag-armas-nucleares","tag-bombas-nucleares","tag-hiroshima-es","tag-nagasaki-es"],"yoast_head":"<!-- This site is optimized with the Yoast SEO plugin v27.1.1 - https:\/\/yoast.com\/product\/yoast-seo-wordpress\/ -->\n<title>79 a\u00f1os despu\u00e9s de Hiroshima y Nagasaki: un sombr\u00edo recordatorio de la aniquilaci\u00f3n nuclear<\/title>\n<meta name=\"description\" content=\"Por Thalif Deen El 79 aniversario de los bombardeos at\u00f3micos de Hiroshima y Nagasaki, que tuvieron lugar el 6 y el 9 de agosto de 1945, sigue siendo un\" \/>\n<meta name=\"robots\" content=\"index, follow, max-snippet:-1, max-image-preview:large, max-video-preview:-1\" \/>\n<link rel=\"canonical\" href=\"https:\/\/www.pressenza.com\/es\/2024\/08\/79-anos-despues-de-hiroshima-y-nagasaki-un-sombrio-recordatorio-de-la-aniquilacion-nuclear\/\" \/>\n<meta property=\"og:locale\" content=\"es_ES\" \/>\n<meta property=\"og:type\" content=\"article\" \/>\n<meta property=\"og:title\" content=\"79 a\u00f1os despu\u00e9s de Hiroshima y Nagasaki: un sombr\u00edo recordatorio de la aniquilaci\u00f3n nuclear\" \/>\n<meta property=\"og:description\" content=\"Por Thalif Deen El 79 aniversario de los bombardeos at\u00f3micos de Hiroshima y Nagasaki, que tuvieron lugar el 6 y el 9 de agosto de 1945, sigue siendo un\" \/>\n<meta property=\"og:url\" content=\"https:\/\/www.pressenza.com\/es\/2024\/08\/79-anos-despues-de-hiroshima-y-nagasaki-un-sombrio-recordatorio-de-la-aniquilacion-nuclear\/\" \/>\n<meta property=\"og:site_name\" content=\"Pressenza\" \/>\n<meta property=\"article:publisher\" content=\"https:\/\/www.facebook.com\/PressenzaItalia\" \/>\n<meta property=\"article:author\" content=\"http:\/\/www.facebook.com\/ipsnoticias\" \/>\n<meta property=\"article:published_time\" content=\"2024-08-04T09:07:17+00:00\" \/>\n<meta property=\"og:image\" content=\"https:\/\/www.pressenza.com\/wp-content\/uploads\/2024\/08\/nuclear-1.jpg\" \/>\n\t<meta property=\"og:image:width\" content=\"950\" \/>\n\t<meta property=\"og:image:height\" content=\"430\" \/>\n\t<meta property=\"og:image:type\" content=\"image\/jpeg\" \/>\n<meta name=\"author\" content=\"Inter Press Service\" \/>\n<meta name=\"twitter:card\" content=\"summary_large_image\" \/>\n<meta name=\"twitter:creator\" content=\"@ipsnoticias\" \/>\n<meta name=\"twitter:site\" content=\"@PressenzaIPA\" \/>\n<meta name=\"twitter:label1\" content=\"Escrito por\" \/>\n\t<meta name=\"twitter:data1\" content=\"Inter Press Service\" \/>\n\t<meta name=\"twitter:label2\" content=\"Tiempo de lectura\" \/>\n\t<meta name=\"twitter:data2\" content=\"10 minutos\" \/>\n<script type=\"application\/ld+json\" class=\"yoast-schema-graph\">{\"@context\":\"https:\/\/schema.org\",\"@graph\":[{\"@type\":\"Article\",\"@id\":\"https:\/\/www.pressenza.com\/es\/2024\/08\/79-anos-despues-de-hiroshima-y-nagasaki-un-sombrio-recordatorio-de-la-aniquilacion-nuclear\/#article\",\"isPartOf\":{\"@id\":\"https:\/\/www.pressenza.com\/es\/2024\/08\/79-anos-despues-de-hiroshima-y-nagasaki-un-sombrio-recordatorio-de-la-aniquilacion-nuclear\/\"},\"author\":{\"name\":\"Inter Press Service\",\"@id\":\"https:\/\/www.pressenza.com\/es\/#\/schema\/person\/7467f88f6765c239bdd52f3c432de81a\"},\"headline\":\"79 a\u00f1os despu\u00e9s de Hiroshima y Nagasaki: un sombr\u00edo recordatorio de la aniquilaci\u00f3n nuclear\",\"datePublished\":\"2024-08-04T09:07:17+00:00\",\"mainEntityOfPage\":{\"@id\":\"https:\/\/www.pressenza.com\/es\/2024\/08\/79-anos-despues-de-hiroshima-y-nagasaki-un-sombrio-recordatorio-de-la-aniquilacion-nuclear\/\"},\"wordCount\":2166,\"publisher\":{\"@id\":\"https:\/\/www.pressenza.com\/es\/#organization\"},\"image\":{\"@id\":\"https:\/\/www.pressenza.com\/es\/2024\/08\/79-anos-despues-de-hiroshima-y-nagasaki-un-sombrio-recordatorio-de-la-aniquilacion-nuclear\/#primaryimage\"},\"thumbnailUrl\":\"https:\/\/www.pressenza.com\/wp-content\/uploads\/2024\/08\/nuclear-1.jpg\",\"keywords\":[\"79 aniversario\",\"Armas nucleares\",\"bombas nucleares\",\"Hiroshima\",\"Nagasaki\"],\"articleSection\":[\"Asia\",\"Noticia\",\"Paz y Desarme\"],\"inLanguage\":\"es\"},{\"@type\":\"WebPage\",\"@id\":\"https:\/\/www.pressenza.com\/es\/2024\/08\/79-anos-despues-de-hiroshima-y-nagasaki-un-sombrio-recordatorio-de-la-aniquilacion-nuclear\/\",\"url\":\"https:\/\/www.pressenza.com\/es\/2024\/08\/79-anos-despues-de-hiroshima-y-nagasaki-un-sombrio-recordatorio-de-la-aniquilacion-nuclear\/\",\"name\":\"79 a\u00f1os despu\u00e9s de Hiroshima y Nagasaki: un sombr\u00edo recordatorio de la aniquilaci\u00f3n nuclear\",\"isPartOf\":{\"@id\":\"https:\/\/www.pressenza.com\/es\/#website\"},\"primaryImageOfPage\":{\"@id\":\"https:\/\/www.pressenza.com\/es\/2024\/08\/79-anos-despues-de-hiroshima-y-nagasaki-un-sombrio-recordatorio-de-la-aniquilacion-nuclear\/#primaryimage\"},\"image\":{\"@id\":\"https:\/\/www.pressenza.com\/es\/2024\/08\/79-anos-despues-de-hiroshima-y-nagasaki-un-sombrio-recordatorio-de-la-aniquilacion-nuclear\/#primaryimage\"},\"thumbnailUrl\":\"https:\/\/www.pressenza.com\/wp-content\/uploads\/2024\/08\/nuclear-1.jpg\",\"datePublished\":\"2024-08-04T09:07:17+00:00\",\"description\":\"Por Thalif Deen El 79 aniversario de los bombardeos at\u00f3micos de Hiroshima y Nagasaki, que tuvieron lugar el 6 y el 9 de agosto de 1945, sigue siendo un\",\"breadcrumb\":{\"@id\":\"https:\/\/www.pressenza.com\/es\/2024\/08\/79-anos-despues-de-hiroshima-y-nagasaki-un-sombrio-recordatorio-de-la-aniquilacion-nuclear\/#breadcrumb\"},\"inLanguage\":\"es\",\"potentialAction\":[{\"@type\":\"ReadAction\",\"target\":[\"https:\/\/www.pressenza.com\/es\/2024\/08\/79-anos-despues-de-hiroshima-y-nagasaki-un-sombrio-recordatorio-de-la-aniquilacion-nuclear\/\"]}]},{\"@type\":\"ImageObject\",\"inLanguage\":\"es\",\"@id\":\"https:\/\/www.pressenza.com\/es\/2024\/08\/79-anos-despues-de-hiroshima-y-nagasaki-un-sombrio-recordatorio-de-la-aniquilacion-nuclear\/#primaryimage\",\"url\":\"https:\/\/www.pressenza.com\/wp-content\/uploads\/2024\/08\/nuclear-1.jpg\",\"contentUrl\":\"https:\/\/www.pressenza.com\/wp-content\/uploads\/2024\/08\/nuclear-1.jpg\",\"width\":950,\"height\":430,\"caption\":\"Erico Platt observa la exposici\u00f3n sobre desarme que organiz\u00f3, titulada \\\"Tres cuartos de siglo despu\u00e9s de Hiroshima y Nagasaki: Los hibakusha, valientes supervivientes que trabajan por un mundo sin armas nucleares\\\".\"},{\"@type\":\"BreadcrumbList\",\"@id\":\"https:\/\/www.pressenza.com\/es\/2024\/08\/79-anos-despues-de-hiroshima-y-nagasaki-un-sombrio-recordatorio-de-la-aniquilacion-nuclear\/#breadcrumb\",\"itemListElement\":[{\"@type\":\"ListItem\",\"position\":1,\"name\":\"Accueil\",\"item\":\"https:\/\/www.pressenza.com\/es\/\"},{\"@type\":\"ListItem\",\"position\":2,\"name\":\"79 a\u00f1os despu\u00e9s de Hiroshima y Nagasaki: un sombr\u00edo recordatorio de la aniquilaci\u00f3n nuclear\"}]},{\"@type\":\"WebSite\",\"@id\":\"https:\/\/www.pressenza.com\/es\/#website\",\"url\":\"https:\/\/www.pressenza.com\/es\/\",\"name\":\"Pressenza\",\"description\":\"International Press Agency\",\"publisher\":{\"@id\":\"https:\/\/www.pressenza.com\/es\/#organization\"},\"potentialAction\":[{\"@type\":\"SearchAction\",\"target\":{\"@type\":\"EntryPoint\",\"urlTemplate\":\"https:\/\/www.pressenza.com\/es\/?s={search_term_string}\"},\"query-input\":{\"@type\":\"PropertyValueSpecification\",\"valueRequired\":true,\"valueName\":\"search_term_string\"}}],\"inLanguage\":\"es\"},{\"@type\":\"Organization\",\"@id\":\"https:\/\/www.pressenza.com\/es\/#organization\",\"name\":\"Pressenza\",\"url\":\"https:\/\/www.pressenza.com\/es\/\",\"logo\":{\"@type\":\"ImageObject\",\"inLanguage\":\"es\",\"@id\":\"https:\/\/www.pressenza.com\/es\/#\/schema\/logo\/image\/\",\"url\":\"https:\/\/www.pressenza.com\/wp-content\/uploads\/2022\/10\/pressenza_logo_200x200.jpg\",\"contentUrl\":\"https:\/\/www.pressenza.com\/wp-content\/uploads\/2022\/10\/pressenza_logo_200x200.jpg\",\"width\":200,\"height\":200,\"caption\":\"Pressenza\"},\"image\":{\"@id\":\"https:\/\/www.pressenza.com\/es\/#\/schema\/logo\/image\/\"},\"sameAs\":[\"https:\/\/www.facebook.com\/PressenzaItalia\",\"https:\/\/x.com\/PressenzaIPA\"]},{\"@type\":\"Person\",\"@id\":\"https:\/\/www.pressenza.com\/es\/#\/schema\/person\/7467f88f6765c239bdd52f3c432de81a\",\"name\":\"Inter Press Service\",\"description\":\"IPS is an international communications institution at the heart of a global news agency that amplifies the voices of the South and civil society on development, globalisation, human rights and the environment. www.ipsnews.net\",\"sameAs\":[\"http:\/\/www.facebook.com\/ipsnoticias\",\"https:\/\/x.com\/ipsnoticias\"],\"url\":\"https:\/\/www.pressenza.com\/es\/author\/ips-inter-press-service\/\"}]}<\/script>\n<!-- \/ Yoast SEO plugin. -->","yoast_head_json":{"title":"79 a\u00f1os despu\u00e9s de Hiroshima y Nagasaki: un sombr\u00edo recordatorio de la aniquilaci\u00f3n nuclear","description":"Por Thalif Deen El 79 aniversario de los bombardeos at\u00f3micos de Hiroshima y Nagasaki, que tuvieron lugar el 6 y el 9 de agosto de 1945, sigue siendo un","robots":{"index":"index","follow":"follow","max-snippet":"max-snippet:-1","max-image-preview":"max-image-preview:large","max-video-preview":"max-video-preview:-1"},"canonical":"https:\/\/www.pressenza.com\/es\/2024\/08\/79-anos-despues-de-hiroshima-y-nagasaki-un-sombrio-recordatorio-de-la-aniquilacion-nuclear\/","og_locale":"es_ES","og_type":"article","og_title":"79 a\u00f1os despu\u00e9s de Hiroshima y Nagasaki: un sombr\u00edo recordatorio de la aniquilaci\u00f3n nuclear","og_description":"Por Thalif Deen El 79 aniversario de los bombardeos at\u00f3micos de Hiroshima y Nagasaki, que tuvieron lugar el 6 y el 9 de agosto de 1945, sigue siendo un","og_url":"https:\/\/www.pressenza.com\/es\/2024\/08\/79-anos-despues-de-hiroshima-y-nagasaki-un-sombrio-recordatorio-de-la-aniquilacion-nuclear\/","og_site_name":"Pressenza","article_publisher":"https:\/\/www.facebook.com\/PressenzaItalia","article_author":"http:\/\/www.facebook.com\/ipsnoticias","article_published_time":"2024-08-04T09:07:17+00:00","og_image":[{"width":950,"height":430,"url":"https:\/\/www.pressenza.com\/wp-content\/uploads\/2024\/08\/nuclear-1.jpg","type":"image\/jpeg"}],"author":"Inter Press Service","twitter_card":"summary_large_image","twitter_creator":"@ipsnoticias","twitter_site":"@PressenzaIPA","twitter_misc":{"Escrito por":"Inter Press Service","Tiempo de lectura":"10 minutos"},"schema":{"@context":"https:\/\/schema.org","@graph":[{"@type":"Article","@id":"https:\/\/www.pressenza.com\/es\/2024\/08\/79-anos-despues-de-hiroshima-y-nagasaki-un-sombrio-recordatorio-de-la-aniquilacion-nuclear\/#article","isPartOf":{"@id":"https:\/\/www.pressenza.com\/es\/2024\/08\/79-anos-despues-de-hiroshima-y-nagasaki-un-sombrio-recordatorio-de-la-aniquilacion-nuclear\/"},"author":{"name":"Inter Press Service","@id":"https:\/\/www.pressenza.com\/es\/#\/schema\/person\/7467f88f6765c239bdd52f3c432de81a"},"headline":"79 a\u00f1os despu\u00e9s de Hiroshima y Nagasaki: un sombr\u00edo recordatorio de la aniquilaci\u00f3n nuclear","datePublished":"2024-08-04T09:07:17+00:00","mainEntityOfPage":{"@id":"https:\/\/www.pressenza.com\/es\/2024\/08\/79-anos-despues-de-hiroshima-y-nagasaki-un-sombrio-recordatorio-de-la-aniquilacion-nuclear\/"},"wordCount":2166,"publisher":{"@id":"https:\/\/www.pressenza.com\/es\/#organization"},"image":{"@id":"https:\/\/www.pressenza.com\/es\/2024\/08\/79-anos-despues-de-hiroshima-y-nagasaki-un-sombrio-recordatorio-de-la-aniquilacion-nuclear\/#primaryimage"},"thumbnailUrl":"https:\/\/www.pressenza.com\/wp-content\/uploads\/2024\/08\/nuclear-1.jpg","keywords":["79 aniversario","Armas nucleares","bombas nucleares","Hiroshima","Nagasaki"],"articleSection":["Asia","Noticia","Paz y Desarme"],"inLanguage":"es"},{"@type":"WebPage","@id":"https:\/\/www.pressenza.com\/es\/2024\/08\/79-anos-despues-de-hiroshima-y-nagasaki-un-sombrio-recordatorio-de-la-aniquilacion-nuclear\/","url":"https:\/\/www.pressenza.com\/es\/2024\/08\/79-anos-despues-de-hiroshima-y-nagasaki-un-sombrio-recordatorio-de-la-aniquilacion-nuclear\/","name":"79 a\u00f1os despu\u00e9s de Hiroshima y Nagasaki: un sombr\u00edo recordatorio de la aniquilaci\u00f3n nuclear","isPartOf":{"@id":"https:\/\/www.pressenza.com\/es\/#website"},"primaryImageOfPage":{"@id":"https:\/\/www.pressenza.com\/es\/2024\/08\/79-anos-despues-de-hiroshima-y-nagasaki-un-sombrio-recordatorio-de-la-aniquilacion-nuclear\/#primaryimage"},"image":{"@id":"https:\/\/www.pressenza.com\/es\/2024\/08\/79-anos-despues-de-hiroshima-y-nagasaki-un-sombrio-recordatorio-de-la-aniquilacion-nuclear\/#primaryimage"},"thumbnailUrl":"https:\/\/www.pressenza.com\/wp-content\/uploads\/2024\/08\/nuclear-1.jpg","datePublished":"2024-08-04T09:07:17+00:00","description":"Por Thalif Deen El 79 aniversario de los bombardeos at\u00f3micos de Hiroshima y Nagasaki, que tuvieron lugar el 6 y el 9 de agosto de 1945, sigue siendo un","breadcrumb":{"@id":"https:\/\/www.pressenza.com\/es\/2024\/08\/79-anos-despues-de-hiroshima-y-nagasaki-un-sombrio-recordatorio-de-la-aniquilacion-nuclear\/#breadcrumb"},"inLanguage":"es","potentialAction":[{"@type":"ReadAction","target":["https:\/\/www.pressenza.com\/es\/2024\/08\/79-anos-despues-de-hiroshima-y-nagasaki-un-sombrio-recordatorio-de-la-aniquilacion-nuclear\/"]}]},{"@type":"ImageObject","inLanguage":"es","@id":"https:\/\/www.pressenza.com\/es\/2024\/08\/79-anos-despues-de-hiroshima-y-nagasaki-un-sombrio-recordatorio-de-la-aniquilacion-nuclear\/#primaryimage","url":"https:\/\/www.pressenza.com\/wp-content\/uploads\/2024\/08\/nuclear-1.jpg","contentUrl":"https:\/\/www.pressenza.com\/wp-content\/uploads\/2024\/08\/nuclear-1.jpg","width":950,"height":430,"caption":"Erico Platt observa la exposici\u00f3n sobre desarme que organiz\u00f3, titulada \"Tres cuartos de siglo despu\u00e9s de Hiroshima y Nagasaki: Los hibakusha, valientes supervivientes que trabajan por un mundo sin armas nucleares\"."},{"@type":"BreadcrumbList","@id":"https:\/\/www.pressenza.com\/es\/2024\/08\/79-anos-despues-de-hiroshima-y-nagasaki-un-sombrio-recordatorio-de-la-aniquilacion-nuclear\/#breadcrumb","itemListElement":[{"@type":"ListItem","position":1,"name":"Accueil","item":"https:\/\/www.pressenza.com\/es\/"},{"@type":"ListItem","position":2,"name":"79 a\u00f1os despu\u00e9s de Hiroshima y Nagasaki: un sombr\u00edo recordatorio de la aniquilaci\u00f3n nuclear"}]},{"@type":"WebSite","@id":"https:\/\/www.pressenza.com\/es\/#website","url":"https:\/\/www.pressenza.com\/es\/","name":"Pressenza","description":"International Press Agency","publisher":{"@id":"https:\/\/www.pressenza.com\/es\/#organization"},"potentialAction":[{"@type":"SearchAction","target":{"@type":"EntryPoint","urlTemplate":"https:\/\/www.pressenza.com\/es\/?s={search_term_string}"},"query-input":{"@type":"PropertyValueSpecification","valueRequired":true,"valueName":"search_term_string"}}],"inLanguage":"es"},{"@type":"Organization","@id":"https:\/\/www.pressenza.com\/es\/#organization","name":"Pressenza","url":"https:\/\/www.pressenza.com\/es\/","logo":{"@type":"ImageObject","inLanguage":"es","@id":"https:\/\/www.pressenza.com\/es\/#\/schema\/logo\/image\/","url":"https:\/\/www.pressenza.com\/wp-content\/uploads\/2022\/10\/pressenza_logo_200x200.jpg","contentUrl":"https:\/\/www.pressenza.com\/wp-content\/uploads\/2022\/10\/pressenza_logo_200x200.jpg","width":200,"height":200,"caption":"Pressenza"},"image":{"@id":"https:\/\/www.pressenza.com\/es\/#\/schema\/logo\/image\/"},"sameAs":["https:\/\/www.facebook.com\/PressenzaItalia","https:\/\/x.com\/PressenzaIPA"]},{"@type":"Person","@id":"https:\/\/www.pressenza.com\/es\/#\/schema\/person\/7467f88f6765c239bdd52f3c432de81a","name":"Inter Press Service","description":"IPS is an international communications institution at the heart of a global news agency that amplifies the voices of the South and civil society on development, globalisation, human rights and the environment. www.ipsnews.net","sameAs":["http:\/\/www.facebook.com\/ipsnoticias","https:\/\/x.com\/ipsnoticias"],"url":"https:\/\/www.pressenza.com\/es\/author\/ips-inter-press-service\/"}]}},"place":"Naciones Unidas","original_article_url":"https:\/\/ipsnoticias.net\/2024\/08\/79-anos-despues-de-hiroshima-y-nagasaki-un-sombrio-recordatorio-de-la-aniquilacion-nuclear\/","_links":{"self":[{"href":"https:\/\/www.pressenza.com\/es\/wp-json\/wp\/v2\/posts\/2540442","targetHints":{"allow":["GET"]}}],"collection":[{"href":"https:\/\/www.pressenza.com\/es\/wp-json\/wp\/v2\/posts"}],"about":[{"href":"https:\/\/www.pressenza.com\/es\/wp-json\/wp\/v2\/types\/post"}],"author":[{"embeddable":true,"href":"https:\/\/www.pressenza.com\/es\/wp-json\/wp\/v2\/users\/347"}],"replies":[{"embeddable":true,"href":"https:\/\/www.pressenza.com\/es\/wp-json\/wp\/v2\/comments?post=2540442"}],"version-history":[{"count":0,"href":"https:\/\/www.pressenza.com\/es\/wp-json\/wp\/v2\/posts\/2540442\/revisions"}],"wp:featuredmedia":[{"embeddable":true,"href":"https:\/\/www.pressenza.com\/es\/wp-json\/wp\/v2\/media\/2540443"}],"wp:attachment":[{"href":"https:\/\/www.pressenza.com\/es\/wp-json\/wp\/v2\/media?parent=2540442"}],"wp:term":[{"taxonomy":"category","embeddable":true,"href":"https:\/\/www.pressenza.com\/es\/wp-json\/wp\/v2\/categories?post=2540442"},{"taxonomy":"post_tag","embeddable":true,"href":"https:\/\/www.pressenza.com\/es\/wp-json\/wp\/v2\/tags?post=2540442"}],"curies":[{"name":"wp","href":"https:\/\/api.w.org\/{rel}","templated":true}]}}