{"id":2538245,"date":"2024-07-23T14:16:37","date_gmt":"2024-07-23T13:16:37","guid":{"rendered":"https:\/\/www.pressenza.com\/?p=2538245"},"modified":"2024-07-23T14:16:37","modified_gmt":"2024-07-23T13:16:37","slug":"argentina-los-servicios-de-radio-y-television-de-la-unc-y-la-libertad-de-expresion-en-terapia-intensiva","status":"publish","type":"post","link":"https:\/\/www.pressenza.com\/es\/2024\/07\/argentina-los-servicios-de-radio-y-television-de-la-unc-y-la-libertad-de-expresion-en-terapia-intensiva\/","title":{"rendered":"Argentina: Los Servicios de Radio y Televisi\u00f3n de la UNC y  la libertad de expresi\u00f3n en terapia intensiva"},"content":{"rendered":"<p>En sinton\u00eda con las medidas del gobierno nacional, las autoridades de la Universidad Nacional de C\u00f3rdoba buscan a como d\u00e9 lugar \u201chacer desaparecer o volver insignificante al valioso multimedio universitario\u201d que cuenta con Canal 10, Canal \u201cU\u201d; Radio Universidad, Nuestra Radio, m\u00e1s la web de noticias Cba24N.<\/p>\n<p><strong>Por Miguel Julio Rodr\u00edguez Villafa\u00f1e*<\/strong><\/p>\n<p>En el gobierno del partido \u201cde la libertad avanza\u201d, sin embargo, se ataca a la libertad de expresi\u00f3n.<\/p>\n<p><strong>Ataque a medios p\u00fablicos y periodistas<\/strong><\/p>\n<p><strong><img loading=\"lazy\" decoding=\"async\" class=\"size-full wp-image-450 alignleft\" src=\"http:\/\/prensared.org.ar\/wp-content\/uploads\/2019\/09\/Miguel-e1586010319775.jpg\" alt=\"\" width=\"170\" height=\"165\" \/><\/strong>\u00a0Javier Milei ha cerrado ilegalmente la agencia T\u00e9lam de noticias, que le daba presencia soberana al pa\u00eds y personalidad informativa propia. El presidente fund\u00f3 su decisi\u00f3n en el decreto de necesidad y urgencia 70\/23, que es nulo de nulidad absoluta e insanable, tal como lo ha declarado el Senado de la Naci\u00f3n. A\u00fan m\u00e1s, por el decreto 548, del 28\/06\/24, transform\u00f3 a la agencia de noticias en un \u00f3rgano de \u201cPublicidad y Propaganda del gobierno nacional\u201d.<\/p>\n<p>Tambi\u00e9n, sigue buscando cerrar o precarizar a la Televisi\u00f3n P\u00fablica y a Radio Nacional y se est\u00e1 ensa\u00f1ando con los y las periodistas, a quienes agrede, est\u00e1n mal pagos y constantemente, se rebaja al noble oficio, indicando que est\u00e1n comprados (ensobrados) sino coinciden con el gobierno actual, gener\u00e1ndoles de esta forma, tambi\u00e9n graves riesgos a su seguridad personal. A\u00fan m\u00e1s, se pretendi\u00f3 exigir matr\u00edcula profesional para trabajar, lo que est\u00e1 prohibido por pactos internacionales.<\/p>\n<p>Ahora, el propio vocero presidencial Manuel Adorni, sostuvo, que era \u201cun privilegio estar en la sala de conferencias y ser periodista acreditado en la Casa de Gobierno\u2026Vamos a hacer un nuevo esquema que efectivamente sean periodistas de fuste, con experiencia y de medios altamente reconocidos\u201d. Grav\u00edsimo, que sea el gobierno el que determine el periodismo que puede acceder a la informaci\u00f3n p\u00fablica y a su vez, que pertenezca a determinados medios. Desde ese criterio gravemente inconstitucional, a la reconocida periodista Silvia Mercado, unilateralmente, le rechazaron su acreditaci\u00f3n en la Casa Rosada.<\/p>\n<h5><strong>Mancha venenosa<\/strong><\/h5>\n<p>M\u00e1s la l\u00f3gica referida se ha ido extendiendo como una mancha venenosa, para dolor de la historia de C\u00f3rdoba, las autoridades de la Universidad Nacional de C\u00f3rdoba (UNC) decidieron encarar la tarea por la cual se busca hacer desaparecer o volver insignificante al valioso multimedio universitario (SRT), que cuenta con la se\u00f1al de televisi\u00f3n abierta Canal 10, tambi\u00e9n incluido en la Televisi\u00f3n Digital Abierta (TDA), junto al Canal \u201cU\u201d; Radio Universidad (AM 580); Nuestra Radio (FM 102.3), m\u00e1s su p\u00e1gina web de noticias Cba24N y sus redes sociales en Internet.<\/p>\n<p>La universidad est\u00e1 llevando adelante un verdadero \u201cfilicidio moral\u201d. Es la madre que mata al hijo que fue parte de ella durante 66 a\u00f1os, un \u201cbien social\u201d esencial en la construcci\u00f3n de la agenda informativa y cultural de C\u00f3rdoba.<\/p>\n<p><strong>Grupo Clar\u00edn contra Cba24N<\/strong><\/p>\n<p>Durante los rectorados de Carolina Scotto y Francisco Tamarit se rescat\u00f3 a los SRT de las cenizas e incluso, se busc\u00f3 ampliar su presencia y en junio de 2011, se present\u00f3 el proyecto de instalar el primer canal de noticias del interior del pa\u00eds Cba24N.<\/p>\n<p>De acuerdo a la ley 26.522 de Servicios de Radiodifusi\u00f3n y normativa concordante, Cablevisi\u00f3n, la empresa proveedora de televisi\u00f3n por cable, perteneciente al grupo Clar\u00edn, deb\u00eda subir la se\u00f1al de CBA24N a la grilla en la ciudad de C\u00f3rdoba, pero se neg\u00f3 a hacerlo. Resultaba evidente que dicho canal no conven\u00eda a los intereses del grupo. Ello motiv\u00f3 la necesidad de encarar un amparo ante la justicia federal y en dicho juicio, tuve el privilegio de representar como abogado a los SRT. La empresa demandada puso todo tipo de trabas en la causa e incluso el abogado de la empresa Gerardo Viramonte me amenaz\u00f3 con una causa penal por defender a los SRT. Al punto tal que, el 29\/09\/2014, el Foro del Periodismo Argentino (FOPEA) declar\u00f3, que \u201ceste Foro afirma que la actuaci\u00f3n profesional que le cabe en el caso de C\u00f3rdoba al Dr. Miguel Julio Rodr\u00edguez Villafa\u00f1e, socio de FOPEA, no admite reparo alguno y la amenaza directa de que se iniciar\u00edan acciones penales en su contra carece de asidero y forma parte m\u00e1s de una pr\u00e1ctica de amedrentamiento que del debate en una causa judicial\u201d.<\/p>\n<p>Lo cierto es que se gan\u00f3 el amparo y se lleg\u00f3 a un acuerdo que se incorporar\u00eda a la grilla de Cablevisi\u00f3n las se\u00f1ales de LV 80 Canal 10 y de CBA24N (o como en el futuro se la denomine), adem\u00e1s de C\u00f3rdoba Capital se agreg\u00f3 a Villa Allende, Rio Ceballos, Mendiolaza, Unquillo, Salsipuedes, Saldan, La Calera, Carlos Paz, Bialet Mass\u00e9, Santa Mar\u00eda de Punilla, Cosqu\u00edn, La Falda, Jes\u00fas Mar\u00eda y Colonia Caroya. La incorporaci\u00f3n de las localidades aludidas implicaba la ampliaci\u00f3n de la potencial audiencia de la se\u00f1al CBA24N. Logramos mucho m\u00e1s y crecimos.<\/p>\n<p>Aunque las moralejas posteriores no fueron buenas, el proyecto del canal de noticia, no se pudo seguir y se lo transform\u00f3 en canal \u201cU\u201d y a m\u00ed, periodista con cuatro premios de la Asociaci\u00f3n de Entidades Period\u00edsticas (ADEPA) y de la Federaci\u00f3n de Colegios de Abogados (FACA) por los art\u00edculos publicados en el diario La Voz del Interior, se me comunic\u00f3 desde el diario que, por decisi\u00f3n de la empresa de Clar\u00edn, atento a la defensa que hice de los SRT, no me publicar\u00edan ninguna nota m\u00e1s de mi autor\u00eda.<\/p>\n<p><strong>M\u00e9todos perversos <\/strong><\/p>\n<p>Pero las dificultades deben empujar a\u00fan m\u00e1s a la lucha por la libertad de expresi\u00f3n, pero el actual camino tomado por la Universidad, al rev\u00e9s, se encar\u00f3 de la manera m\u00e1s degradante.<\/p>\n<p>En el mundo, los medios p\u00fablicos son asegurados y reciben importantes aportes del estado, por la tarea que desempe\u00f1an, como base fundamental de la transparencia p\u00fablica necesaria en democracia y para la defensa del derecho humano a la informaci\u00f3n. Tal es el caso de la BBC en Reino Unido, la RAI en Italia la <em>Deutsche Welle<\/em> en Alemania, la TVE espa\u00f1ola, entre muchos otros. Sin embargo, las autoridades del multimedio, para lograr el objetivo de achicarlo, aplicaron m\u00e9todos extorsivos e indignos con las personas que le dan el contenido cultural y obligaron a irse a 96 personas con retiros (in)voluntarios y jubilaciones anticipadas y habr\u00eda otras 40 m\u00e1s que est\u00e1n a punto de hacerlo.<\/p>\n<p>Asimismo, aplicaron m\u00e9todos perversos con sus empleados. No cabe aceptar que la Universidad, como \u00e1mbito de ense\u00f1anza en el respeto de los derechos de los trabajadores, optara por no pagar los sueldos, en tiempo y forma, que es un derecho humano de naturaleza alimentaria y a su vez, abonara un 20 % en ticket de un supermercado. El aguinaldo sigue impago. Tambi\u00e9n amenazan pagar luego el 50 % del salario, como empresa en crisis, a los empleados que se queden y a la fecha no hay garant\u00eda del pago del mes de julio de este a\u00f1o.<\/p>\n<p>Igualmente, al personal de los SRT la problem\u00e1tica les ha generado depresiones, angustias e inseguridades inaceptables, como la de perder la obra social, incluso, han tenido que sacar pr\u00e9stamos para pagar cuentas.<\/p>\n<p><strong>Aportes de la universidad<\/strong><\/p>\n<p>La universidad deber\u00eda afectar partidas del aumento del 270% presupuestario reconocido por el gobierno nacional destinadas a los gastos de funcionamiento y tomar lo pertinente para solucionar el tema econ\u00f3mico de los SRT. Tambi\u00e9n tendr\u00eda la posibilidad de obtener los fondos del presupuesto del a\u00f1o anterior no ejecutados.<\/p>\n<p>Nadie puede ser indiferente ante esta situaci\u00f3n y todos tenemos la responsabilidad de defender al multimedio y a su gente, para que no se apague esa voz.<\/p>\n<p>&nbsp;<\/p>\n<p><em>*Doctor en derecho, abogado constitucionalista cordob\u00e9s y columnista de opini\u00f3n.<\/em><\/p>\n","protected":false},"excerpt":{"rendered":"<p>En sinton\u00eda con las medidas del gobierno nacional, las autoridades de la Universidad Nacional de C\u00f3rdoba buscan a como d\u00e9 lugar \u201chacer desaparecer o volver insignificante al valioso multimedio universitario\u201d que cuenta con Canal 10, Canal \u201cU\u201d; Radio Universidad, Nuestra&hellip;<\/p>\n","protected":false},"author":87,"featured_media":2538246,"comment_status":"closed","ping_status":"closed","sticky":false,"template":"","format":"standard","meta":{"footnotes":""},"categories":[75,161,74,67],"tags":[5794,645,124947,124946,32820],"class_list":["post-2538245","post","type-post","status-publish","format-standard","has-post-thumbnail","hentry","category-cultura-es","category-opiniones","category-politica-es","category-sudamerica","tag-cordoba","tag-libertad-de-expresion","tag-medios-universitarios","tag-srt","tag-unc"],"yoast_head":"<!-- This site is optimized with the Yoast SEO plugin v27.1.1 - https:\/\/yoast.com\/product\/yoast-seo-wordpress\/ -->\n<title>Argentina: Los Servicios de Radio y Televisi\u00f3n de la UNC y la libertad de expresi\u00f3n en terapia intensiva<\/title>\n<meta name=\"description\" content=\"En sinton\u00eda con las medidas del gobierno nacional, las autoridades de la Universidad Nacional de C\u00f3rdoba buscan a como d\u00e9 lugar \u201chacer desaparecer o\" \/>\n<meta name=\"robots\" content=\"index, follow, max-snippet:-1, max-image-preview:large, max-video-preview:-1\" \/>\n<link rel=\"canonical\" href=\"https:\/\/www.pressenza.com\/es\/2024\/07\/argentina-los-servicios-de-radio-y-television-de-la-unc-y-la-libertad-de-expresion-en-terapia-intensiva\/\" \/>\n<meta property=\"og:locale\" content=\"es_ES\" \/>\n<meta property=\"og:type\" content=\"article\" \/>\n<meta property=\"og:title\" content=\"Argentina: Los Servicios de Radio y Televisi\u00f3n de la UNC y la libertad de expresi\u00f3n en terapia intensiva\" \/>\n<meta property=\"og:description\" content=\"En sinton\u00eda con las medidas del gobierno nacional, las autoridades de la Universidad Nacional de C\u00f3rdoba buscan a como d\u00e9 lugar \u201chacer desaparecer o\" \/>\n<meta property=\"og:url\" content=\"https:\/\/www.pressenza.com\/es\/2024\/07\/argentina-los-servicios-de-radio-y-television-de-la-unc-y-la-libertad-de-expresion-en-terapia-intensiva\/\" \/>\n<meta property=\"og:site_name\" content=\"Pressenza\" \/>\n<meta property=\"article:publisher\" content=\"https:\/\/www.facebook.com\/PressenzaItalia\" \/>\n<meta property=\"article:published_time\" content=\"2024-07-23T13:16:37+00:00\" \/>\n<meta property=\"og:image\" content=\"https:\/\/www.pressenza.com\/wp-content\/uploads\/2024\/07\/SRT-marcha-e1713877526760-735x397-1.jpg\" \/>\n\t<meta property=\"og:image:width\" content=\"735\" \/>\n\t<meta property=\"og:image:height\" content=\"397\" \/>\n\t<meta property=\"og:image:type\" content=\"image\/jpeg\" \/>\n<meta name=\"author\" content=\"Redacci\u00f3n Argentina\" \/>\n<meta name=\"twitter:card\" content=\"summary_large_image\" \/>\n<meta name=\"twitter:creator\" content=\"@pressenza\" \/>\n<meta name=\"twitter:site\" content=\"@PressenzaIPA\" \/>\n<meta name=\"twitter:label1\" content=\"Escrito por\" \/>\n\t<meta name=\"twitter:data1\" content=\"Redacci\u00f3n Argentina\" \/>\n\t<meta name=\"twitter:label2\" content=\"Tiempo de lectura\" \/>\n\t<meta name=\"twitter:data2\" content=\"6 minutos\" \/>\n<script type=\"application\/ld+json\" class=\"yoast-schema-graph\">{\"@context\":\"https:\/\/schema.org\",\"@graph\":[{\"@type\":\"Article\",\"@id\":\"https:\/\/www.pressenza.com\/es\/2024\/07\/argentina-los-servicios-de-radio-y-television-de-la-unc-y-la-libertad-de-expresion-en-terapia-intensiva\/#article\",\"isPartOf\":{\"@id\":\"https:\/\/www.pressenza.com\/es\/2024\/07\/argentina-los-servicios-de-radio-y-television-de-la-unc-y-la-libertad-de-expresion-en-terapia-intensiva\/\"},\"author\":{\"name\":\"Redacci\u00f3n Argentina\",\"@id\":\"https:\/\/www.pressenza.com\/es\/#\/schema\/person\/0dda7d1b68267ad95b1e1d83abc98c89\"},\"headline\":\"Argentina: Los Servicios de Radio y Televisi\u00f3n de la UNC y la libertad de expresi\u00f3n en terapia intensiva\",\"datePublished\":\"2024-07-23T13:16:37+00:00\",\"mainEntityOfPage\":{\"@id\":\"https:\/\/www.pressenza.com\/es\/2024\/07\/argentina-los-servicios-de-radio-y-television-de-la-unc-y-la-libertad-de-expresion-en-terapia-intensiva\/\"},\"wordCount\":1354,\"publisher\":{\"@id\":\"https:\/\/www.pressenza.com\/es\/#organization\"},\"image\":{\"@id\":\"https:\/\/www.pressenza.com\/es\/2024\/07\/argentina-los-servicios-de-radio-y-television-de-la-unc-y-la-libertad-de-expresion-en-terapia-intensiva\/#primaryimage\"},\"thumbnailUrl\":\"https:\/\/www.pressenza.com\/wp-content\/uploads\/2024\/07\/SRT-marcha-e1713877526760-735x397-1.jpg\",\"keywords\":[\"Cordoba\",\"Libertad de expresi\u00f3n\",\"medios universitarios\",\"SRT\",\"UNC\"],\"articleSection\":[\"Cultura y Medios\",\"Opiniones\",\"Pol\u00edtica\",\"Sudam\u00e9rica\"],\"inLanguage\":\"es\"},{\"@type\":\"WebPage\",\"@id\":\"https:\/\/www.pressenza.com\/es\/2024\/07\/argentina-los-servicios-de-radio-y-television-de-la-unc-y-la-libertad-de-expresion-en-terapia-intensiva\/\",\"url\":\"https:\/\/www.pressenza.com\/es\/2024\/07\/argentina-los-servicios-de-radio-y-television-de-la-unc-y-la-libertad-de-expresion-en-terapia-intensiva\/\",\"name\":\"Argentina: Los Servicios de Radio y Televisi\u00f3n de la UNC y la libertad de expresi\u00f3n en terapia intensiva\",\"isPartOf\":{\"@id\":\"https:\/\/www.pressenza.com\/es\/#website\"},\"primaryImageOfPage\":{\"@id\":\"https:\/\/www.pressenza.com\/es\/2024\/07\/argentina-los-servicios-de-radio-y-television-de-la-unc-y-la-libertad-de-expresion-en-terapia-intensiva\/#primaryimage\"},\"image\":{\"@id\":\"https:\/\/www.pressenza.com\/es\/2024\/07\/argentina-los-servicios-de-radio-y-television-de-la-unc-y-la-libertad-de-expresion-en-terapia-intensiva\/#primaryimage\"},\"thumbnailUrl\":\"https:\/\/www.pressenza.com\/wp-content\/uploads\/2024\/07\/SRT-marcha-e1713877526760-735x397-1.jpg\",\"datePublished\":\"2024-07-23T13:16:37+00:00\",\"description\":\"En sinton\u00eda con las medidas del gobierno nacional, las autoridades de la Universidad Nacional de C\u00f3rdoba buscan a como d\u00e9 lugar \u201chacer desaparecer o\",\"breadcrumb\":{\"@id\":\"https:\/\/www.pressenza.com\/es\/2024\/07\/argentina-los-servicios-de-radio-y-television-de-la-unc-y-la-libertad-de-expresion-en-terapia-intensiva\/#breadcrumb\"},\"inLanguage\":\"es\",\"potentialAction\":[{\"@type\":\"ReadAction\",\"target\":[\"https:\/\/www.pressenza.com\/es\/2024\/07\/argentina-los-servicios-de-radio-y-television-de-la-unc-y-la-libertad-de-expresion-en-terapia-intensiva\/\"]}]},{\"@type\":\"ImageObject\",\"inLanguage\":\"es\",\"@id\":\"https:\/\/www.pressenza.com\/es\/2024\/07\/argentina-los-servicios-de-radio-y-television-de-la-unc-y-la-libertad-de-expresion-en-terapia-intensiva\/#primaryimage\",\"url\":\"https:\/\/www.pressenza.com\/wp-content\/uploads\/2024\/07\/SRT-marcha-e1713877526760-735x397-1.jpg\",\"contentUrl\":\"https:\/\/www.pressenza.com\/wp-content\/uploads\/2024\/07\/SRT-marcha-e1713877526760-735x397-1.jpg\",\"width\":735,\"height\":397},{\"@type\":\"BreadcrumbList\",\"@id\":\"https:\/\/www.pressenza.com\/es\/2024\/07\/argentina-los-servicios-de-radio-y-television-de-la-unc-y-la-libertad-de-expresion-en-terapia-intensiva\/#breadcrumb\",\"itemListElement\":[{\"@type\":\"ListItem\",\"position\":1,\"name\":\"Accueil\",\"item\":\"https:\/\/www.pressenza.com\/es\/\"},{\"@type\":\"ListItem\",\"position\":2,\"name\":\"Argentina: Los Servicios de Radio y Televisi\u00f3n de la UNC y la libertad de expresi\u00f3n en terapia intensiva\"}]},{\"@type\":\"WebSite\",\"@id\":\"https:\/\/www.pressenza.com\/es\/#website\",\"url\":\"https:\/\/www.pressenza.com\/es\/\",\"name\":\"Pressenza\",\"description\":\"International Press Agency\",\"publisher\":{\"@id\":\"https:\/\/www.pressenza.com\/es\/#organization\"},\"potentialAction\":[{\"@type\":\"SearchAction\",\"target\":{\"@type\":\"EntryPoint\",\"urlTemplate\":\"https:\/\/www.pressenza.com\/es\/?s={search_term_string}\"},\"query-input\":{\"@type\":\"PropertyValueSpecification\",\"valueRequired\":true,\"valueName\":\"search_term_string\"}}],\"inLanguage\":\"es\"},{\"@type\":\"Organization\",\"@id\":\"https:\/\/www.pressenza.com\/es\/#organization\",\"name\":\"Pressenza\",\"url\":\"https:\/\/www.pressenza.com\/es\/\",\"logo\":{\"@type\":\"ImageObject\",\"inLanguage\":\"es\",\"@id\":\"https:\/\/www.pressenza.com\/es\/#\/schema\/logo\/image\/\",\"url\":\"https:\/\/www.pressenza.com\/wp-content\/uploads\/2022\/10\/pressenza_logo_200x200.jpg\",\"contentUrl\":\"https:\/\/www.pressenza.com\/wp-content\/uploads\/2022\/10\/pressenza_logo_200x200.jpg\",\"width\":200,\"height\":200,\"caption\":\"Pressenza\"},\"image\":{\"@id\":\"https:\/\/www.pressenza.com\/es\/#\/schema\/logo\/image\/\"},\"sameAs\":[\"https:\/\/www.facebook.com\/PressenzaItalia\",\"https:\/\/x.com\/PressenzaIPA\"]},{\"@type\":\"Person\",\"@id\":\"https:\/\/www.pressenza.com\/es\/#\/schema\/person\/0dda7d1b68267ad95b1e1d83abc98c89\",\"name\":\"Redacci\u00f3n Argentina\",\"description\":\"News from the Pressenza Bureau in Argentina.\",\"sameAs\":[\"https:\/\/x.com\/pressenza\"],\"url\":\"https:\/\/www.pressenza.com\/es\/author\/redaccion-argentina\/\"}]}<\/script>\n<!-- \/ Yoast SEO plugin. -->","yoast_head_json":{"title":"Argentina: Los Servicios de Radio y Televisi\u00f3n de la UNC y la libertad de expresi\u00f3n en terapia intensiva","description":"En sinton\u00eda con las medidas del gobierno nacional, las autoridades de la Universidad Nacional de C\u00f3rdoba buscan a como d\u00e9 lugar \u201chacer desaparecer o","robots":{"index":"index","follow":"follow","max-snippet":"max-snippet:-1","max-image-preview":"max-image-preview:large","max-video-preview":"max-video-preview:-1"},"canonical":"https:\/\/www.pressenza.com\/es\/2024\/07\/argentina-los-servicios-de-radio-y-television-de-la-unc-y-la-libertad-de-expresion-en-terapia-intensiva\/","og_locale":"es_ES","og_type":"article","og_title":"Argentina: Los Servicios de Radio y Televisi\u00f3n de la UNC y la libertad de expresi\u00f3n en terapia intensiva","og_description":"En sinton\u00eda con las medidas del gobierno nacional, las autoridades de la Universidad Nacional de C\u00f3rdoba buscan a como d\u00e9 lugar \u201chacer desaparecer o","og_url":"https:\/\/www.pressenza.com\/es\/2024\/07\/argentina-los-servicios-de-radio-y-television-de-la-unc-y-la-libertad-de-expresion-en-terapia-intensiva\/","og_site_name":"Pressenza","article_publisher":"https:\/\/www.facebook.com\/PressenzaItalia","article_published_time":"2024-07-23T13:16:37+00:00","og_image":[{"width":735,"height":397,"url":"https:\/\/www.pressenza.com\/wp-content\/uploads\/2024\/07\/SRT-marcha-e1713877526760-735x397-1.jpg","type":"image\/jpeg"}],"author":"Redacci\u00f3n Argentina","twitter_card":"summary_large_image","twitter_creator":"@pressenza","twitter_site":"@PressenzaIPA","twitter_misc":{"Escrito por":"Redacci\u00f3n Argentina","Tiempo de lectura":"6 minutos"},"schema":{"@context":"https:\/\/schema.org","@graph":[{"@type":"Article","@id":"https:\/\/www.pressenza.com\/es\/2024\/07\/argentina-los-servicios-de-radio-y-television-de-la-unc-y-la-libertad-de-expresion-en-terapia-intensiva\/#article","isPartOf":{"@id":"https:\/\/www.pressenza.com\/es\/2024\/07\/argentina-los-servicios-de-radio-y-television-de-la-unc-y-la-libertad-de-expresion-en-terapia-intensiva\/"},"author":{"name":"Redacci\u00f3n Argentina","@id":"https:\/\/www.pressenza.com\/es\/#\/schema\/person\/0dda7d1b68267ad95b1e1d83abc98c89"},"headline":"Argentina: Los Servicios de Radio y Televisi\u00f3n de la UNC y la libertad de expresi\u00f3n en terapia intensiva","datePublished":"2024-07-23T13:16:37+00:00","mainEntityOfPage":{"@id":"https:\/\/www.pressenza.com\/es\/2024\/07\/argentina-los-servicios-de-radio-y-television-de-la-unc-y-la-libertad-de-expresion-en-terapia-intensiva\/"},"wordCount":1354,"publisher":{"@id":"https:\/\/www.pressenza.com\/es\/#organization"},"image":{"@id":"https:\/\/www.pressenza.com\/es\/2024\/07\/argentina-los-servicios-de-radio-y-television-de-la-unc-y-la-libertad-de-expresion-en-terapia-intensiva\/#primaryimage"},"thumbnailUrl":"https:\/\/www.pressenza.com\/wp-content\/uploads\/2024\/07\/SRT-marcha-e1713877526760-735x397-1.jpg","keywords":["Cordoba","Libertad de expresi\u00f3n","medios universitarios","SRT","UNC"],"articleSection":["Cultura y Medios","Opiniones","Pol\u00edtica","Sudam\u00e9rica"],"inLanguage":"es"},{"@type":"WebPage","@id":"https:\/\/www.pressenza.com\/es\/2024\/07\/argentina-los-servicios-de-radio-y-television-de-la-unc-y-la-libertad-de-expresion-en-terapia-intensiva\/","url":"https:\/\/www.pressenza.com\/es\/2024\/07\/argentina-los-servicios-de-radio-y-television-de-la-unc-y-la-libertad-de-expresion-en-terapia-intensiva\/","name":"Argentina: Los Servicios de Radio y Televisi\u00f3n de la UNC y la libertad de expresi\u00f3n en terapia intensiva","isPartOf":{"@id":"https:\/\/www.pressenza.com\/es\/#website"},"primaryImageOfPage":{"@id":"https:\/\/www.pressenza.com\/es\/2024\/07\/argentina-los-servicios-de-radio-y-television-de-la-unc-y-la-libertad-de-expresion-en-terapia-intensiva\/#primaryimage"},"image":{"@id":"https:\/\/www.pressenza.com\/es\/2024\/07\/argentina-los-servicios-de-radio-y-television-de-la-unc-y-la-libertad-de-expresion-en-terapia-intensiva\/#primaryimage"},"thumbnailUrl":"https:\/\/www.pressenza.com\/wp-content\/uploads\/2024\/07\/SRT-marcha-e1713877526760-735x397-1.jpg","datePublished":"2024-07-23T13:16:37+00:00","description":"En sinton\u00eda con las medidas del gobierno nacional, las autoridades de la Universidad Nacional de C\u00f3rdoba buscan a como d\u00e9 lugar \u201chacer desaparecer o","breadcrumb":{"@id":"https:\/\/www.pressenza.com\/es\/2024\/07\/argentina-los-servicios-de-radio-y-television-de-la-unc-y-la-libertad-de-expresion-en-terapia-intensiva\/#breadcrumb"},"inLanguage":"es","potentialAction":[{"@type":"ReadAction","target":["https:\/\/www.pressenza.com\/es\/2024\/07\/argentina-los-servicios-de-radio-y-television-de-la-unc-y-la-libertad-de-expresion-en-terapia-intensiva\/"]}]},{"@type":"ImageObject","inLanguage":"es","@id":"https:\/\/www.pressenza.com\/es\/2024\/07\/argentina-los-servicios-de-radio-y-television-de-la-unc-y-la-libertad-de-expresion-en-terapia-intensiva\/#primaryimage","url":"https:\/\/www.pressenza.com\/wp-content\/uploads\/2024\/07\/SRT-marcha-e1713877526760-735x397-1.jpg","contentUrl":"https:\/\/www.pressenza.com\/wp-content\/uploads\/2024\/07\/SRT-marcha-e1713877526760-735x397-1.jpg","width":735,"height":397},{"@type":"BreadcrumbList","@id":"https:\/\/www.pressenza.com\/es\/2024\/07\/argentina-los-servicios-de-radio-y-television-de-la-unc-y-la-libertad-de-expresion-en-terapia-intensiva\/#breadcrumb","itemListElement":[{"@type":"ListItem","position":1,"name":"Accueil","item":"https:\/\/www.pressenza.com\/es\/"},{"@type":"ListItem","position":2,"name":"Argentina: Los Servicios de Radio y Televisi\u00f3n de la UNC y la libertad de expresi\u00f3n en terapia intensiva"}]},{"@type":"WebSite","@id":"https:\/\/www.pressenza.com\/es\/#website","url":"https:\/\/www.pressenza.com\/es\/","name":"Pressenza","description":"International Press Agency","publisher":{"@id":"https:\/\/www.pressenza.com\/es\/#organization"},"potentialAction":[{"@type":"SearchAction","target":{"@type":"EntryPoint","urlTemplate":"https:\/\/www.pressenza.com\/es\/?s={search_term_string}"},"query-input":{"@type":"PropertyValueSpecification","valueRequired":true,"valueName":"search_term_string"}}],"inLanguage":"es"},{"@type":"Organization","@id":"https:\/\/www.pressenza.com\/es\/#organization","name":"Pressenza","url":"https:\/\/www.pressenza.com\/es\/","logo":{"@type":"ImageObject","inLanguage":"es","@id":"https:\/\/www.pressenza.com\/es\/#\/schema\/logo\/image\/","url":"https:\/\/www.pressenza.com\/wp-content\/uploads\/2022\/10\/pressenza_logo_200x200.jpg","contentUrl":"https:\/\/www.pressenza.com\/wp-content\/uploads\/2022\/10\/pressenza_logo_200x200.jpg","width":200,"height":200,"caption":"Pressenza"},"image":{"@id":"https:\/\/www.pressenza.com\/es\/#\/schema\/logo\/image\/"},"sameAs":["https:\/\/www.facebook.com\/PressenzaItalia","https:\/\/x.com\/PressenzaIPA"]},{"@type":"Person","@id":"https:\/\/www.pressenza.com\/es\/#\/schema\/person\/0dda7d1b68267ad95b1e1d83abc98c89","name":"Redacci\u00f3n Argentina","description":"News from the Pressenza Bureau in Argentina.","sameAs":["https:\/\/x.com\/pressenza"],"url":"https:\/\/www.pressenza.com\/es\/author\/redaccion-argentina\/"}]}},"place":"C\u00f3rdoba, Argentina","original_article_url":"","_links":{"self":[{"href":"https:\/\/www.pressenza.com\/es\/wp-json\/wp\/v2\/posts\/2538245","targetHints":{"allow":["GET"]}}],"collection":[{"href":"https:\/\/www.pressenza.com\/es\/wp-json\/wp\/v2\/posts"}],"about":[{"href":"https:\/\/www.pressenza.com\/es\/wp-json\/wp\/v2\/types\/post"}],"author":[{"embeddable":true,"href":"https:\/\/www.pressenza.com\/es\/wp-json\/wp\/v2\/users\/87"}],"replies":[{"embeddable":true,"href":"https:\/\/www.pressenza.com\/es\/wp-json\/wp\/v2\/comments?post=2538245"}],"version-history":[{"count":0,"href":"https:\/\/www.pressenza.com\/es\/wp-json\/wp\/v2\/posts\/2538245\/revisions"}],"wp:featuredmedia":[{"embeddable":true,"href":"https:\/\/www.pressenza.com\/es\/wp-json\/wp\/v2\/media\/2538246"}],"wp:attachment":[{"href":"https:\/\/www.pressenza.com\/es\/wp-json\/wp\/v2\/media?parent=2538245"}],"wp:term":[{"taxonomy":"category","embeddable":true,"href":"https:\/\/www.pressenza.com\/es\/wp-json\/wp\/v2\/categories?post=2538245"},{"taxonomy":"post_tag","embeddable":true,"href":"https:\/\/www.pressenza.com\/es\/wp-json\/wp\/v2\/tags?post=2538245"}],"curies":[{"name":"wp","href":"https:\/\/api.w.org\/{rel}","templated":true}]}}