{"id":2537568,"date":"2024-07-20T15:38:58","date_gmt":"2024-07-20T14:38:58","guid":{"rendered":"https:\/\/www.pressenza.com\/?p=2537568"},"modified":"2024-07-20T15:38:58","modified_gmt":"2024-07-20T14:38:58","slug":"quien-es-el-verdadero-poder-en-la-sombra-en-estados-unidos","status":"publish","type":"post","link":"https:\/\/www.pressenza.com\/es\/2024\/07\/quien-es-el-verdadero-poder-en-la-sombra-en-estados-unidos\/","title":{"rendered":"\u00bfQui\u00e9n es el verdadero poder en la sombra en Estados Unidos?"},"content":{"rendered":"<p>Las pr\u00f3ximas elecciones estadounidenses no ser\u00e1n tan s\u00f3lo la pugna habitual de dem\u00f3cratas y republicanos para alternarse en el Poder sino un pulso dram\u00e1tico entre los atlantistas defensores de la Unipolaridad o Doctrina Wolfowitz frente a los defensores de la Doctrina Aislacionista de EEUU, encarnada en Donald Trump, y cuyo desenlace marcar\u00e1 el dise\u00f1o de la nueva arquitectura geopol\u00edtica global del pr\u00f3ximo Quinquenio.<\/p>\n<p><strong>\u00bfEs la Cuarta Rama del Gobierno el verdadero poder en la sombra?<\/strong><br \/>\nLa Cuarta Rama del Gobierno en Estados Unidos estar\u00eda constituida por agentes pat\u00f3genos de naturaleza totalitaria y devenidos en Estado paralelo y verdadero poder en la sombra, y uno de cuyos pilares b\u00e1sicos ser\u00eda BlackRock, el administrador de dinero m\u00e1s grande del mundo con m\u00e1s de 10 billones de d\u00f3lares en activo bajo gesti\u00f3n directa y cerca de 20 billones de d\u00f3lares gestionados por su software de supervisi\u00f3n de riesgos llamado \u201cAladdin\u201d. Estar\u00edamos as\u00ed ante un mega gigante financiero con una cartera mayor que la del mayor banco\u00a0 chino y con carteras superiores al 30% en empresas punteras como Microsoft, Amazon, Apple, Coca Cola, Twitter, PepsiCo, Ferrari, Bank of America, JP Morgan, Exxon Mobil, Pfizer, McDonald\u00b4s o Uber y que habr\u00eda retirado apresuradamente el anuncio publicitario donde aparecer\u00eda el presunto autor del atentado contra Trump, Thomas Matthew Crooks.<\/p>\n<p><strong>Exxon Mobil y el control de la pol\u00edtica exterior de EEUU<\/strong><br \/>\nStevens Coll, dos veces ganador del Pulitzer en su libro \u00abImperio privado: Exxon Mobil y el poder estadounidense\u00bb, afirma que \u00abExxonMobil es un Estado empresarial dentro del Estado americano y tiene sus propias reglas de pol\u00edtica exterior\u00bb. Asimismo, en dicho libro, Coll afirma que \u00abExxonMobil tiene una oficina en Washington y las donaciones de su comit\u00e9 de acci\u00f3n pol\u00edtica para las campa\u00f1as electorales presidenciales en EEUU est\u00e1n muy orientadas hacia un sector, el Partido Republicano\u00bb. As\u00ed, el ex director ejecutivo de Exxon, Rex Tillerson fue nombrado por Trump Secretario de Estado o Ministro de Exteriores, con lo que en el supuesto de victoria de Trump, Exxon intentar\u00e1 de nuevo teledirigir la pol\u00edtica exterior de EEUU y reeditar la operaci\u00f3n \u00abTormenta del Desierto\u00bb para recuperar el control de los yacimientos petrol\u00edferos iraqu\u00edes por m\u00e9todos expeditivos.<\/p>\n<p><strong>La Reserva Federal bajo control de la Cuarta Rama<\/strong><br \/>\nLa Reserva Federal dirige la pol\u00edtica monetaria del pa\u00eds para promover el m\u00e1ximo empleo, precios estables y tipos de inter\u00e9s a largo plazo moderados en la econom\u00eda de Estados Unidos.<br \/>\nLa Fed es en teor\u00eda un banco p\u00fablico sujeto a regulaci\u00f3n del Congreso pero sus accionistas preferentes ser\u00edan bancos e inversores privados. Su actual Presidente, Jerome Powell fue elegido por Trump y continu\u00f3 con Biden, tendr\u00eda mandato hasta el 2026 y proceder\u00eda profesionalmente de The Carlyle Group, cuyos principales accionistas ser\u00edan los siameses financieros BlackRock y Vanguard, con lo que la Cuarta Rama seguir\u00e1 previsiblemente controlando la pol\u00edtica monetaria de EEUU.<\/p>\n<p><strong>\u00bfEst\u00e1 la Homeland Security\u00a0 fagocitada por o\u00edr a la Cuarta Rama?<\/strong><br \/>\nLa Homeland Security ser\u00eda una macro agencia\u00a0integrada por los \u201cbig live\u201d (la DIA, la CIA, la NSA, la NGA y la NRO) y junto a mega empresas financieras como BlackRock y Vanguard, armament\u00edsticas como Lockheed Mart\u00edn y Boeing y petroleras como Exxon Mobil integrar\u00edan la llamada Cuarta Rama del Gobierno seg\u00fan Tom Engelhardt.<br \/>\nSus integrantes ser\u00edan agentes pat\u00f3genos de naturaleza totalitaria y devenidos en Estado paralelo y verdadero poder en la sombra y a su vez estar\u00edan fagocitados por el \u201cClub de las Islas\u201d de George Soros, y habr\u00edan dise\u00f1ado una trama para conseguir que EEUU vuelva a la senda de los Gobiernos tutelados por el verdadero poder en la sombra (Cuarta Rama del Gobierno).<\/p>\n","protected":false},"excerpt":{"rendered":"<p>Las pr\u00f3ximas elecciones estadounidenses no ser\u00e1n tan s\u00f3lo la pugna habitual de dem\u00f3cratas y republicanos para alternarse en el Poder sino un pulso dram\u00e1tico entre los atlantistas defensores de la Unipolaridad o Doctrina Wolfowitz frente a los defensores de la&hellip;<\/p>\n","protected":false},"author":1505,"featured_media":2537572,"comment_status":"closed","ping_status":"closed","sticky":false,"template":"","format":"standard","meta":{"footnotes":""},"categories":[11389,81,68,161,74],"tags":[59465,26187,10793],"class_list":["post-2537568","post","type-post","status-publish","format-standard","has-post-thumbnail","hentry","category-contenido-original","category-economia-es","category-norteamerica","category-opiniones","category-politica-es","tag-blackrock-es","tag-donald-trump-es","tag-estados-unidos-de-norteamerica"],"yoast_head":"<!-- This site is optimized with the Yoast SEO plugin v27.1.1 - https:\/\/yoast.com\/product\/yoast-seo-wordpress\/ -->\n<title>\u00bfQui\u00e9n es el verdadero poder en la sombra en Estados Unidos?<\/title>\n<meta name=\"description\" content=\"Las pr\u00f3ximas elecciones estadounidenses no ser\u00e1n tan s\u00f3lo la pugna habitual de dem\u00f3cratas y republicanos para alternarse en el Poder sino un pulso\" \/>\n<meta name=\"robots\" content=\"index, follow, max-snippet:-1, max-image-preview:large, max-video-preview:-1\" \/>\n<link rel=\"canonical\" href=\"https:\/\/www.pressenza.com\/es\/2024\/07\/quien-es-el-verdadero-poder-en-la-sombra-en-estados-unidos\/\" \/>\n<meta property=\"og:locale\" content=\"es_ES\" \/>\n<meta property=\"og:type\" content=\"article\" \/>\n<meta property=\"og:title\" content=\"\u00bfQui\u00e9n es el verdadero poder en la sombra en Estados Unidos?\" \/>\n<meta property=\"og:description\" content=\"Las pr\u00f3ximas elecciones estadounidenses no ser\u00e1n tan s\u00f3lo la pugna habitual de dem\u00f3cratas y republicanos para alternarse en el Poder sino un pulso\" \/>\n<meta property=\"og:url\" content=\"https:\/\/www.pressenza.com\/es\/2024\/07\/quien-es-el-verdadero-poder-en-la-sombra-en-estados-unidos\/\" \/>\n<meta property=\"og:site_name\" content=\"Pressenza\" \/>\n<meta property=\"article:publisher\" content=\"https:\/\/www.facebook.com\/PressenzaItalia\" \/>\n<meta property=\"article:published_time\" content=\"2024-07-20T14:38:58+00:00\" \/>\n<meta property=\"og:image\" content=\"https:\/\/www.pressenza.com\/wp-content\/uploads\/2024\/07\/images-4.jpeg\" \/>\n\t<meta property=\"og:image:width\" content=\"194\" \/>\n\t<meta property=\"og:image:height\" content=\"259\" \/>\n\t<meta property=\"og:image:type\" content=\"image\/jpeg\" \/>\n<meta name=\"author\" content=\"Germ\u00e1n Gorraiz L\u00f3pez\" \/>\n<meta name=\"twitter:card\" content=\"summary_large_image\" \/>\n<meta name=\"twitter:creator\" content=\"@PressenzaIPA\" \/>\n<meta name=\"twitter:site\" content=\"@PressenzaIPA\" \/>\n<meta name=\"twitter:label1\" content=\"Escrito por\" \/>\n\t<meta name=\"twitter:data1\" content=\"Germ\u00e1n Gorraiz L\u00f3pez\" \/>\n\t<meta name=\"twitter:label2\" content=\"Tiempo de lectura\" \/>\n\t<meta name=\"twitter:data2\" content=\"3 minutos\" \/>\n<script type=\"application\/ld+json\" class=\"yoast-schema-graph\">{\"@context\":\"https:\/\/schema.org\",\"@graph\":[{\"@type\":\"Article\",\"@id\":\"https:\/\/www.pressenza.com\/es\/2024\/07\/quien-es-el-verdadero-poder-en-la-sombra-en-estados-unidos\/#article\",\"isPartOf\":{\"@id\":\"https:\/\/www.pressenza.com\/es\/2024\/07\/quien-es-el-verdadero-poder-en-la-sombra-en-estados-unidos\/\"},\"author\":{\"name\":\"Germ\u00e1n Gorraiz L\u00f3pez\",\"@id\":\"https:\/\/www.pressenza.com\/es\/#\/schema\/person\/57dba2cbf155df3e3656a436abe74b1b\"},\"headline\":\"\u00bfQui\u00e9n es el verdadero poder en la sombra en Estados Unidos?\",\"datePublished\":\"2024-07-20T14:38:58+00:00\",\"mainEntityOfPage\":{\"@id\":\"https:\/\/www.pressenza.com\/es\/2024\/07\/quien-es-el-verdadero-poder-en-la-sombra-en-estados-unidos\/\"},\"wordCount\":660,\"publisher\":{\"@id\":\"https:\/\/www.pressenza.com\/es\/#organization\"},\"image\":{\"@id\":\"https:\/\/www.pressenza.com\/es\/2024\/07\/quien-es-el-verdadero-poder-en-la-sombra-en-estados-unidos\/#primaryimage\"},\"thumbnailUrl\":\"https:\/\/www.pressenza.com\/wp-content\/uploads\/2024\/07\/images-4.jpeg\",\"keywords\":[\"BlackRock\",\"Donald Trump\",\"Estados Unidos de Norteam\u00e9rica\"],\"articleSection\":[\"Contenido Original\",\"Econom\u00eda\",\"Norteam\u00e9rica\",\"Opiniones\",\"Pol\u00edtica\"],\"inLanguage\":\"es\"},{\"@type\":\"WebPage\",\"@id\":\"https:\/\/www.pressenza.com\/es\/2024\/07\/quien-es-el-verdadero-poder-en-la-sombra-en-estados-unidos\/\",\"url\":\"https:\/\/www.pressenza.com\/es\/2024\/07\/quien-es-el-verdadero-poder-en-la-sombra-en-estados-unidos\/\",\"name\":\"\u00bfQui\u00e9n es el verdadero poder en la sombra en Estados Unidos?\",\"isPartOf\":{\"@id\":\"https:\/\/www.pressenza.com\/es\/#website\"},\"primaryImageOfPage\":{\"@id\":\"https:\/\/www.pressenza.com\/es\/2024\/07\/quien-es-el-verdadero-poder-en-la-sombra-en-estados-unidos\/#primaryimage\"},\"image\":{\"@id\":\"https:\/\/www.pressenza.com\/es\/2024\/07\/quien-es-el-verdadero-poder-en-la-sombra-en-estados-unidos\/#primaryimage\"},\"thumbnailUrl\":\"https:\/\/www.pressenza.com\/wp-content\/uploads\/2024\/07\/images-4.jpeg\",\"datePublished\":\"2024-07-20T14:38:58+00:00\",\"description\":\"Las pr\u00f3ximas elecciones estadounidenses no ser\u00e1n tan s\u00f3lo la pugna habitual de dem\u00f3cratas y republicanos para alternarse en el Poder sino un pulso\",\"breadcrumb\":{\"@id\":\"https:\/\/www.pressenza.com\/es\/2024\/07\/quien-es-el-verdadero-poder-en-la-sombra-en-estados-unidos\/#breadcrumb\"},\"inLanguage\":\"es\",\"potentialAction\":[{\"@type\":\"ReadAction\",\"target\":[\"https:\/\/www.pressenza.com\/es\/2024\/07\/quien-es-el-verdadero-poder-en-la-sombra-en-estados-unidos\/\"]}]},{\"@type\":\"ImageObject\",\"inLanguage\":\"es\",\"@id\":\"https:\/\/www.pressenza.com\/es\/2024\/07\/quien-es-el-verdadero-poder-en-la-sombra-en-estados-unidos\/#primaryimage\",\"url\":\"https:\/\/www.pressenza.com\/wp-content\/uploads\/2024\/07\/images-4.jpeg\",\"contentUrl\":\"https:\/\/www.pressenza.com\/wp-content\/uploads\/2024\/07\/images-4.jpeg\",\"width\":194,\"height\":259},{\"@type\":\"BreadcrumbList\",\"@id\":\"https:\/\/www.pressenza.com\/es\/2024\/07\/quien-es-el-verdadero-poder-en-la-sombra-en-estados-unidos\/#breadcrumb\",\"itemListElement\":[{\"@type\":\"ListItem\",\"position\":1,\"name\":\"Accueil\",\"item\":\"https:\/\/www.pressenza.com\/es\/\"},{\"@type\":\"ListItem\",\"position\":2,\"name\":\"\u00bfQui\u00e9n es el verdadero poder en la sombra en Estados Unidos?\"}]},{\"@type\":\"WebSite\",\"@id\":\"https:\/\/www.pressenza.com\/es\/#website\",\"url\":\"https:\/\/www.pressenza.com\/es\/\",\"name\":\"Pressenza\",\"description\":\"International Press Agency\",\"publisher\":{\"@id\":\"https:\/\/www.pressenza.com\/es\/#organization\"},\"potentialAction\":[{\"@type\":\"SearchAction\",\"target\":{\"@type\":\"EntryPoint\",\"urlTemplate\":\"https:\/\/www.pressenza.com\/es\/?s={search_term_string}\"},\"query-input\":{\"@type\":\"PropertyValueSpecification\",\"valueRequired\":true,\"valueName\":\"search_term_string\"}}],\"inLanguage\":\"es\"},{\"@type\":\"Organization\",\"@id\":\"https:\/\/www.pressenza.com\/es\/#organization\",\"name\":\"Pressenza\",\"url\":\"https:\/\/www.pressenza.com\/es\/\",\"logo\":{\"@type\":\"ImageObject\",\"inLanguage\":\"es\",\"@id\":\"https:\/\/www.pressenza.com\/es\/#\/schema\/logo\/image\/\",\"url\":\"https:\/\/www.pressenza.com\/wp-content\/uploads\/2022\/10\/pressenza_logo_200x200.jpg\",\"contentUrl\":\"https:\/\/www.pressenza.com\/wp-content\/uploads\/2022\/10\/pressenza_logo_200x200.jpg\",\"width\":200,\"height\":200,\"caption\":\"Pressenza\"},\"image\":{\"@id\":\"https:\/\/www.pressenza.com\/es\/#\/schema\/logo\/image\/\"},\"sameAs\":[\"https:\/\/www.facebook.com\/PressenzaItalia\",\"https:\/\/x.com\/PressenzaIPA\"]},{\"@type\":\"Person\",\"@id\":\"https:\/\/www.pressenza.com\/es\/#\/schema\/person\/57dba2cbf155df3e3656a436abe74b1b\",\"name\":\"Germ\u00e1n Gorraiz L\u00f3pez\",\"description\":\"Germ\u00e1n Gorraiz L\u00f3pez (Navarra-Espa\u00f1a, 1957). Analista econ\u00f3mico y geopol\u00edtico, colabora habitualmente en varias publicaciones digitales e impresas espa\u00f1olas y latinoamericanas.\",\"url\":\"https:\/\/www.pressenza.com\/es\/author\/german-gorraiz-lopez\/\"}]}<\/script>\n<!-- \/ Yoast SEO plugin. -->","yoast_head_json":{"title":"\u00bfQui\u00e9n es el verdadero poder en la sombra en Estados Unidos?","description":"Las pr\u00f3ximas elecciones estadounidenses no ser\u00e1n tan s\u00f3lo la pugna habitual de dem\u00f3cratas y republicanos para alternarse en el Poder sino un pulso","robots":{"index":"index","follow":"follow","max-snippet":"max-snippet:-1","max-image-preview":"max-image-preview:large","max-video-preview":"max-video-preview:-1"},"canonical":"https:\/\/www.pressenza.com\/es\/2024\/07\/quien-es-el-verdadero-poder-en-la-sombra-en-estados-unidos\/","og_locale":"es_ES","og_type":"article","og_title":"\u00bfQui\u00e9n es el verdadero poder en la sombra en Estados Unidos?","og_description":"Las pr\u00f3ximas elecciones estadounidenses no ser\u00e1n tan s\u00f3lo la pugna habitual de dem\u00f3cratas y republicanos para alternarse en el Poder sino un pulso","og_url":"https:\/\/www.pressenza.com\/es\/2024\/07\/quien-es-el-verdadero-poder-en-la-sombra-en-estados-unidos\/","og_site_name":"Pressenza","article_publisher":"https:\/\/www.facebook.com\/PressenzaItalia","article_published_time":"2024-07-20T14:38:58+00:00","og_image":[{"width":194,"height":259,"url":"https:\/\/www.pressenza.com\/wp-content\/uploads\/2024\/07\/images-4.jpeg","type":"image\/jpeg"}],"author":"Germ\u00e1n Gorraiz L\u00f3pez","twitter_card":"summary_large_image","twitter_creator":"@PressenzaIPA","twitter_site":"@PressenzaIPA","twitter_misc":{"Escrito por":"Germ\u00e1n Gorraiz L\u00f3pez","Tiempo de lectura":"3 minutos"},"schema":{"@context":"https:\/\/schema.org","@graph":[{"@type":"Article","@id":"https:\/\/www.pressenza.com\/es\/2024\/07\/quien-es-el-verdadero-poder-en-la-sombra-en-estados-unidos\/#article","isPartOf":{"@id":"https:\/\/www.pressenza.com\/es\/2024\/07\/quien-es-el-verdadero-poder-en-la-sombra-en-estados-unidos\/"},"author":{"name":"Germ\u00e1n Gorraiz L\u00f3pez","@id":"https:\/\/www.pressenza.com\/es\/#\/schema\/person\/57dba2cbf155df3e3656a436abe74b1b"},"headline":"\u00bfQui\u00e9n es el verdadero poder en la sombra en Estados Unidos?","datePublished":"2024-07-20T14:38:58+00:00","mainEntityOfPage":{"@id":"https:\/\/www.pressenza.com\/es\/2024\/07\/quien-es-el-verdadero-poder-en-la-sombra-en-estados-unidos\/"},"wordCount":660,"publisher":{"@id":"https:\/\/www.pressenza.com\/es\/#organization"},"image":{"@id":"https:\/\/www.pressenza.com\/es\/2024\/07\/quien-es-el-verdadero-poder-en-la-sombra-en-estados-unidos\/#primaryimage"},"thumbnailUrl":"https:\/\/www.pressenza.com\/wp-content\/uploads\/2024\/07\/images-4.jpeg","keywords":["BlackRock","Donald Trump","Estados Unidos de Norteam\u00e9rica"],"articleSection":["Contenido Original","Econom\u00eda","Norteam\u00e9rica","Opiniones","Pol\u00edtica"],"inLanguage":"es"},{"@type":"WebPage","@id":"https:\/\/www.pressenza.com\/es\/2024\/07\/quien-es-el-verdadero-poder-en-la-sombra-en-estados-unidos\/","url":"https:\/\/www.pressenza.com\/es\/2024\/07\/quien-es-el-verdadero-poder-en-la-sombra-en-estados-unidos\/","name":"\u00bfQui\u00e9n es el verdadero poder en la sombra en Estados Unidos?","isPartOf":{"@id":"https:\/\/www.pressenza.com\/es\/#website"},"primaryImageOfPage":{"@id":"https:\/\/www.pressenza.com\/es\/2024\/07\/quien-es-el-verdadero-poder-en-la-sombra-en-estados-unidos\/#primaryimage"},"image":{"@id":"https:\/\/www.pressenza.com\/es\/2024\/07\/quien-es-el-verdadero-poder-en-la-sombra-en-estados-unidos\/#primaryimage"},"thumbnailUrl":"https:\/\/www.pressenza.com\/wp-content\/uploads\/2024\/07\/images-4.jpeg","datePublished":"2024-07-20T14:38:58+00:00","description":"Las pr\u00f3ximas elecciones estadounidenses no ser\u00e1n tan s\u00f3lo la pugna habitual de dem\u00f3cratas y republicanos para alternarse en el Poder sino un pulso","breadcrumb":{"@id":"https:\/\/www.pressenza.com\/es\/2024\/07\/quien-es-el-verdadero-poder-en-la-sombra-en-estados-unidos\/#breadcrumb"},"inLanguage":"es","potentialAction":[{"@type":"ReadAction","target":["https:\/\/www.pressenza.com\/es\/2024\/07\/quien-es-el-verdadero-poder-en-la-sombra-en-estados-unidos\/"]}]},{"@type":"ImageObject","inLanguage":"es","@id":"https:\/\/www.pressenza.com\/es\/2024\/07\/quien-es-el-verdadero-poder-en-la-sombra-en-estados-unidos\/#primaryimage","url":"https:\/\/www.pressenza.com\/wp-content\/uploads\/2024\/07\/images-4.jpeg","contentUrl":"https:\/\/www.pressenza.com\/wp-content\/uploads\/2024\/07\/images-4.jpeg","width":194,"height":259},{"@type":"BreadcrumbList","@id":"https:\/\/www.pressenza.com\/es\/2024\/07\/quien-es-el-verdadero-poder-en-la-sombra-en-estados-unidos\/#breadcrumb","itemListElement":[{"@type":"ListItem","position":1,"name":"Accueil","item":"https:\/\/www.pressenza.com\/es\/"},{"@type":"ListItem","position":2,"name":"\u00bfQui\u00e9n es el verdadero poder en la sombra en Estados Unidos?"}]},{"@type":"WebSite","@id":"https:\/\/www.pressenza.com\/es\/#website","url":"https:\/\/www.pressenza.com\/es\/","name":"Pressenza","description":"International Press Agency","publisher":{"@id":"https:\/\/www.pressenza.com\/es\/#organization"},"potentialAction":[{"@type":"SearchAction","target":{"@type":"EntryPoint","urlTemplate":"https:\/\/www.pressenza.com\/es\/?s={search_term_string}"},"query-input":{"@type":"PropertyValueSpecification","valueRequired":true,"valueName":"search_term_string"}}],"inLanguage":"es"},{"@type":"Organization","@id":"https:\/\/www.pressenza.com\/es\/#organization","name":"Pressenza","url":"https:\/\/www.pressenza.com\/es\/","logo":{"@type":"ImageObject","inLanguage":"es","@id":"https:\/\/www.pressenza.com\/es\/#\/schema\/logo\/image\/","url":"https:\/\/www.pressenza.com\/wp-content\/uploads\/2022\/10\/pressenza_logo_200x200.jpg","contentUrl":"https:\/\/www.pressenza.com\/wp-content\/uploads\/2022\/10\/pressenza_logo_200x200.jpg","width":200,"height":200,"caption":"Pressenza"},"image":{"@id":"https:\/\/www.pressenza.com\/es\/#\/schema\/logo\/image\/"},"sameAs":["https:\/\/www.facebook.com\/PressenzaItalia","https:\/\/x.com\/PressenzaIPA"]},{"@type":"Person","@id":"https:\/\/www.pressenza.com\/es\/#\/schema\/person\/57dba2cbf155df3e3656a436abe74b1b","name":"Germ\u00e1n Gorraiz L\u00f3pez","description":"Germ\u00e1n Gorraiz L\u00f3pez (Navarra-Espa\u00f1a, 1957). Analista econ\u00f3mico y geopol\u00edtico, colabora habitualmente en varias publicaciones digitales e impresas espa\u00f1olas y latinoamericanas.","url":"https:\/\/www.pressenza.com\/es\/author\/german-gorraiz-lopez\/"}]}},"place":"Madrid, Espa\u00f1a","original_article_url":"","_links":{"self":[{"href":"https:\/\/www.pressenza.com\/es\/wp-json\/wp\/v2\/posts\/2537568","targetHints":{"allow":["GET"]}}],"collection":[{"href":"https:\/\/www.pressenza.com\/es\/wp-json\/wp\/v2\/posts"}],"about":[{"href":"https:\/\/www.pressenza.com\/es\/wp-json\/wp\/v2\/types\/post"}],"author":[{"embeddable":true,"href":"https:\/\/www.pressenza.com\/es\/wp-json\/wp\/v2\/users\/1505"}],"replies":[{"embeddable":true,"href":"https:\/\/www.pressenza.com\/es\/wp-json\/wp\/v2\/comments?post=2537568"}],"version-history":[{"count":0,"href":"https:\/\/www.pressenza.com\/es\/wp-json\/wp\/v2\/posts\/2537568\/revisions"}],"wp:featuredmedia":[{"embeddable":true,"href":"https:\/\/www.pressenza.com\/es\/wp-json\/wp\/v2\/media\/2537572"}],"wp:attachment":[{"href":"https:\/\/www.pressenza.com\/es\/wp-json\/wp\/v2\/media?parent=2537568"}],"wp:term":[{"taxonomy":"category","embeddable":true,"href":"https:\/\/www.pressenza.com\/es\/wp-json\/wp\/v2\/categories?post=2537568"},{"taxonomy":"post_tag","embeddable":true,"href":"https:\/\/www.pressenza.com\/es\/wp-json\/wp\/v2\/tags?post=2537568"}],"curies":[{"name":"wp","href":"https:\/\/api.w.org\/{rel}","templated":true}]}}