{"id":2537505,"date":"2024-07-20T04:09:19","date_gmt":"2024-07-20T03:09:19","guid":{"rendered":"https:\/\/www.pressenza.com\/?p=2537505"},"modified":"2024-07-20T04:09:19","modified_gmt":"2024-07-20T03:09:19","slug":"indigenas-aplicaran-defensa-propia-ante-la-desproteccion-estatal","status":"publish","type":"post","link":"https:\/\/www.pressenza.com\/es\/2024\/07\/indigenas-aplicaran-defensa-propia-ante-la-desproteccion-estatal\/","title":{"rendered":"Ind\u00edgenas aplicar\u00e1n \u201cdefensa propia\u201d ante la desprotecci\u00f3n estatal"},"content":{"rendered":"<p>Medida de emergencia. Ante la desprotecci\u00f3n que muestra el Estado peruano, esta vez a los pueblos ind\u00edgenas, donde han sido asesinados m\u00e1s de 35 defensores ambientales, los pueblos ind\u00edgenas de la Amazon\u00eda declararon en <strong>emergencia permanente <\/strong>sus territorios y, anunciaron que aplicar\u00e1n la \u201c<strong>defensa propia y justicia ind\u00edgena<\/strong>\u201d para defenderse de los invasores de tala y miner\u00eda ilegal, as\u00ed como del narcotr\u00e1fico.<\/p>\n<p>Como en otras ocasiones, los ind\u00edgenas hab\u00edan denunciado la desaparici\u00f3n del l\u00edder kakataibo Mariano Isacama Feliciano, pero luego de 24 d\u00edas, este fue hallado asesinado por impacto de bala; mientras que no obtuvieron respuesta del Estado.<\/p>\n<p>\u201cVan 35 l\u00edderes asesinados por defender la Amazon\u00eda (\u2026) Nos vemos en la obligaci\u00f3n de ejercer nuestro derecho a la leg\u00edtima defensa y utilizar los medios en la misma proporci\u00f3n con la que nos atacan\u201d se\u00f1alaron en conferencia de prensa.<\/p>\n<p>\u201cHasta el momento no se ha logrado justicia para las v\u00edctimas y contin\u00faa la impunidad. Como pueblos ind\u00edgenas ancestrales, en nuestros territorios, <strong>tenemos el derecho y el deber de defensa propia de nuestras vidas, familias y territorios, con acciones que desarticulen las mafias que realizan actividades ilegales. (\u2026) Y responsabilizamos al gobierno por las consecuencias\u201d, <\/strong>se\u00f1alaron en una declaraci\u00f3n conjunta.<\/p>\n<p>Suscribieron esta decisi\u00f3n, el 17 de julio, la Asociaci\u00f3n Inter\u00e9tnica de Desarrollo de la Selva Peruana (AIDESEP) que representa a 2439 comunidades nativas afiliadas a 9 organizaciones regionales y 109 federaciones, junto a los Gobiernos Territoriales Aut\u00f3nomos Awajun y Wampis, la Naci\u00f3n Ese Eja y el Consejo Shipibo Konibo Xetebo.<\/p>\n<p>Asimismo, la Asociaci\u00f3n regional de Pueblos Ind\u00edgenas de la Selva Central (ARPI SC), la Coordinador de Desarrollo y Defensa de los Pueblos Ind\u00edgenas de la regi\u00f3n San Mart\u00edn (CODEPISAM), el Consejo Machiguenga del R\u00edo Urubamba (COMARU), la Coordinadora Regional de los Pueblos Ind\u00edgenas de San Lorenzo (CORPI SL).<\/p>\n<p>Finalmente, la Coordinadora Regional de los Pueblos Ind\u00edgenas de AIDESEP Atalaya (CORPIAA), la Federaci\u00f3n nativa del R\u00edo Madre de Dios y afluentes (FENAMAD), la Organizaci\u00f3n Regional AIDESEP Ucayali (ORAU), la organizaci\u00f3n Regional de Pueblos Ind\u00edgenas de la Amazon\u00eda Norte del Per\u00fa (ORPIAN P), la organizaci\u00f3n regional de Pueblos Ind\u00edgenas del Oriente (ORPIO).<\/p>\n","protected":false},"excerpt":{"rendered":"<p>Medida de emergencia. Ante la desprotecci\u00f3n que muestra el Estado peruano, esta vez a los pueblos ind\u00edgenas, donde han sido asesinados m\u00e1s de 35 defensores ambientales, los pueblos ind\u00edgenas de la Amazon\u00eda declararon en emergencia permanente sus territorios y, anunciaron&hellip;<\/p>\n","protected":false},"author":831,"featured_media":2537506,"comment_status":"closed","ping_status":"closed","sticky":false,"template":"","format":"standard","meta":{"footnotes":""},"categories":[11389,79,78,74,80,67],"tags":[23382,47056,124855,124856,11815],"class_list":["post-2537505","post","type-post","status-publish","format-standard","has-post-thumbnail","hentry","category-contenido-original","category-derechos-humanos","category-medio-ambiente-ecologia","category-politica-es","category-pueblos-originarios","category-sudamerica","tag-aidesep","tag-amazonia-es","tag-defensa-propia","tag-desproteccion-estatal","tag-pueblos-indigenas"],"yoast_head":"<!-- This site is optimized with the Yoast SEO plugin v27.1.1 - https:\/\/yoast.com\/product\/yoast-seo-wordpress\/ -->\n<title>Ind\u00edgenas aplicar\u00e1n \u201cdefensa propia\u201d ante la desprotecci\u00f3n estatal<\/title>\n<meta name=\"description\" content=\"Medida de emergencia. Ante la desprotecci\u00f3n que muestra el Estado peruano, esta vez a los pueblos ind\u00edgenas, donde han sido asesinados m\u00e1s de 35\" \/>\n<meta name=\"robots\" content=\"index, follow, max-snippet:-1, max-image-preview:large, max-video-preview:-1\" \/>\n<link rel=\"canonical\" href=\"https:\/\/www.pressenza.com\/es\/2024\/07\/indigenas-aplicaran-defensa-propia-ante-la-desproteccion-estatal\/\" \/>\n<meta property=\"og:locale\" content=\"es_ES\" \/>\n<meta property=\"og:type\" content=\"article\" \/>\n<meta property=\"og:title\" content=\"Ind\u00edgenas aplicar\u00e1n \u201cdefensa propia\u201d ante la desprotecci\u00f3n estatal\" \/>\n<meta property=\"og:description\" content=\"Medida de emergencia. Ante la desprotecci\u00f3n que muestra el Estado peruano, esta vez a los pueblos ind\u00edgenas, donde han sido asesinados m\u00e1s de 35\" \/>\n<meta property=\"og:url\" content=\"https:\/\/www.pressenza.com\/es\/2024\/07\/indigenas-aplicaran-defensa-propia-ante-la-desproteccion-estatal\/\" \/>\n<meta property=\"og:site_name\" content=\"Pressenza\" \/>\n<meta property=\"article:publisher\" content=\"https:\/\/www.facebook.com\/PressenzaItalia\" \/>\n<meta property=\"article:published_time\" content=\"2024-07-20T03:09:19+00:00\" \/>\n<meta property=\"og:image\" content=\"https:\/\/www.pressenza.com\/wp-content\/uploads\/2024\/07\/defensa-propia-Aidesep.png\" \/>\n\t<meta property=\"og:image:width\" content=\"600\" \/>\n\t<meta property=\"og:image:height\" content=\"269\" \/>\n\t<meta property=\"og:image:type\" content=\"image\/png\" \/>\n<meta name=\"author\" content=\"Redacci\u00f3n Per\u00fa\" \/>\n<meta name=\"twitter:card\" content=\"summary_large_image\" \/>\n<meta name=\"twitter:creator\" content=\"@PressenzaIPA\" \/>\n<meta name=\"twitter:site\" content=\"@PressenzaIPA\" \/>\n<meta name=\"twitter:label1\" content=\"Escrito por\" \/>\n\t<meta name=\"twitter:data1\" content=\"Redacci\u00f3n Per\u00fa\" \/>\n\t<meta name=\"twitter:label2\" content=\"Tiempo de lectura\" \/>\n\t<meta name=\"twitter:data2\" content=\"2 minutos\" \/>\n<script type=\"application\/ld+json\" class=\"yoast-schema-graph\">{\"@context\":\"https:\/\/schema.org\",\"@graph\":[{\"@type\":\"Article\",\"@id\":\"https:\/\/www.pressenza.com\/es\/2024\/07\/indigenas-aplicaran-defensa-propia-ante-la-desproteccion-estatal\/#article\",\"isPartOf\":{\"@id\":\"https:\/\/www.pressenza.com\/es\/2024\/07\/indigenas-aplicaran-defensa-propia-ante-la-desproteccion-estatal\/\"},\"author\":{\"name\":\"Redacci\u00f3n Per\u00fa\",\"@id\":\"https:\/\/www.pressenza.com\/es\/#\/schema\/person\/e86c29a41185b85084a478822f5de81b\"},\"headline\":\"Ind\u00edgenas aplicar\u00e1n \u201cdefensa propia\u201d ante la desprotecci\u00f3n estatal\",\"datePublished\":\"2024-07-20T03:09:19+00:00\",\"mainEntityOfPage\":{\"@id\":\"https:\/\/www.pressenza.com\/es\/2024\/07\/indigenas-aplicaran-defensa-propia-ante-la-desproteccion-estatal\/\"},\"wordCount\":396,\"publisher\":{\"@id\":\"https:\/\/www.pressenza.com\/es\/#organization\"},\"image\":{\"@id\":\"https:\/\/www.pressenza.com\/es\/2024\/07\/indigenas-aplicaran-defensa-propia-ante-la-desproteccion-estatal\/#primaryimage\"},\"thumbnailUrl\":\"https:\/\/www.pressenza.com\/wp-content\/uploads\/2024\/07\/defensa-propia-Aidesep.png\",\"keywords\":[\"AIDESEP\",\"Amazonia\",\"defensa propia\",\"desprotecci\u00f3n estatal\",\"Pueblos indigenas\"],\"articleSection\":[\"Contenido Original\",\"Derechos Humanos\",\"Ecolog\u00eda y Medio Ambiente\",\"Pol\u00edtica\",\"Pueblos Originarios\",\"Sudam\u00e9rica\"],\"inLanguage\":\"es\"},{\"@type\":\"WebPage\",\"@id\":\"https:\/\/www.pressenza.com\/es\/2024\/07\/indigenas-aplicaran-defensa-propia-ante-la-desproteccion-estatal\/\",\"url\":\"https:\/\/www.pressenza.com\/es\/2024\/07\/indigenas-aplicaran-defensa-propia-ante-la-desproteccion-estatal\/\",\"name\":\"Ind\u00edgenas aplicar\u00e1n \u201cdefensa propia\u201d ante la desprotecci\u00f3n estatal\",\"isPartOf\":{\"@id\":\"https:\/\/www.pressenza.com\/es\/#website\"},\"primaryImageOfPage\":{\"@id\":\"https:\/\/www.pressenza.com\/es\/2024\/07\/indigenas-aplicaran-defensa-propia-ante-la-desproteccion-estatal\/#primaryimage\"},\"image\":{\"@id\":\"https:\/\/www.pressenza.com\/es\/2024\/07\/indigenas-aplicaran-defensa-propia-ante-la-desproteccion-estatal\/#primaryimage\"},\"thumbnailUrl\":\"https:\/\/www.pressenza.com\/wp-content\/uploads\/2024\/07\/defensa-propia-Aidesep.png\",\"datePublished\":\"2024-07-20T03:09:19+00:00\",\"description\":\"Medida de emergencia. Ante la desprotecci\u00f3n que muestra el Estado peruano, esta vez a los pueblos ind\u00edgenas, donde han sido asesinados m\u00e1s de 35\",\"breadcrumb\":{\"@id\":\"https:\/\/www.pressenza.com\/es\/2024\/07\/indigenas-aplicaran-defensa-propia-ante-la-desproteccion-estatal\/#breadcrumb\"},\"inLanguage\":\"es\",\"potentialAction\":[{\"@type\":\"ReadAction\",\"target\":[\"https:\/\/www.pressenza.com\/es\/2024\/07\/indigenas-aplicaran-defensa-propia-ante-la-desproteccion-estatal\/\"]}]},{\"@type\":\"ImageObject\",\"inLanguage\":\"es\",\"@id\":\"https:\/\/www.pressenza.com\/es\/2024\/07\/indigenas-aplicaran-defensa-propia-ante-la-desproteccion-estatal\/#primaryimage\",\"url\":\"https:\/\/www.pressenza.com\/wp-content\/uploads\/2024\/07\/defensa-propia-Aidesep.png\",\"contentUrl\":\"https:\/\/www.pressenza.com\/wp-content\/uploads\/2024\/07\/defensa-propia-Aidesep.png\",\"width\":600,\"height\":269},{\"@type\":\"BreadcrumbList\",\"@id\":\"https:\/\/www.pressenza.com\/es\/2024\/07\/indigenas-aplicaran-defensa-propia-ante-la-desproteccion-estatal\/#breadcrumb\",\"itemListElement\":[{\"@type\":\"ListItem\",\"position\":1,\"name\":\"Accueil\",\"item\":\"https:\/\/www.pressenza.com\/es\/\"},{\"@type\":\"ListItem\",\"position\":2,\"name\":\"Ind\u00edgenas aplicar\u00e1n \u201cdefensa propia\u201d ante la desprotecci\u00f3n estatal\"}]},{\"@type\":\"WebSite\",\"@id\":\"https:\/\/www.pressenza.com\/es\/#website\",\"url\":\"https:\/\/www.pressenza.com\/es\/\",\"name\":\"Pressenza\",\"description\":\"International Press Agency\",\"publisher\":{\"@id\":\"https:\/\/www.pressenza.com\/es\/#organization\"},\"potentialAction\":[{\"@type\":\"SearchAction\",\"target\":{\"@type\":\"EntryPoint\",\"urlTemplate\":\"https:\/\/www.pressenza.com\/es\/?s={search_term_string}\"},\"query-input\":{\"@type\":\"PropertyValueSpecification\",\"valueRequired\":true,\"valueName\":\"search_term_string\"}}],\"inLanguage\":\"es\"},{\"@type\":\"Organization\",\"@id\":\"https:\/\/www.pressenza.com\/es\/#organization\",\"name\":\"Pressenza\",\"url\":\"https:\/\/www.pressenza.com\/es\/\",\"logo\":{\"@type\":\"ImageObject\",\"inLanguage\":\"es\",\"@id\":\"https:\/\/www.pressenza.com\/es\/#\/schema\/logo\/image\/\",\"url\":\"https:\/\/www.pressenza.com\/wp-content\/uploads\/2022\/10\/pressenza_logo_200x200.jpg\",\"contentUrl\":\"https:\/\/www.pressenza.com\/wp-content\/uploads\/2022\/10\/pressenza_logo_200x200.jpg\",\"width\":200,\"height\":200,\"caption\":\"Pressenza\"},\"image\":{\"@id\":\"https:\/\/www.pressenza.com\/es\/#\/schema\/logo\/image\/\"},\"sameAs\":[\"https:\/\/www.facebook.com\/PressenzaItalia\",\"https:\/\/x.com\/PressenzaIPA\"]},{\"@type\":\"Person\",\"@id\":\"https:\/\/www.pressenza.com\/es\/#\/schema\/person\/e86c29a41185b85084a478822f5de81b\",\"name\":\"Redacci\u00f3n Per\u00fa\",\"description\":\"News published by the Pressenza bureau in Peru\",\"url\":\"https:\/\/www.pressenza.com\/es\/author\/redaccion-peru\/\"}]}<\/script>\n<!-- \/ Yoast SEO plugin. -->","yoast_head_json":{"title":"Ind\u00edgenas aplicar\u00e1n \u201cdefensa propia\u201d ante la desprotecci\u00f3n estatal","description":"Medida de emergencia. Ante la desprotecci\u00f3n que muestra el Estado peruano, esta vez a los pueblos ind\u00edgenas, donde han sido asesinados m\u00e1s de 35","robots":{"index":"index","follow":"follow","max-snippet":"max-snippet:-1","max-image-preview":"max-image-preview:large","max-video-preview":"max-video-preview:-1"},"canonical":"https:\/\/www.pressenza.com\/es\/2024\/07\/indigenas-aplicaran-defensa-propia-ante-la-desproteccion-estatal\/","og_locale":"es_ES","og_type":"article","og_title":"Ind\u00edgenas aplicar\u00e1n \u201cdefensa propia\u201d ante la desprotecci\u00f3n estatal","og_description":"Medida de emergencia. Ante la desprotecci\u00f3n que muestra el Estado peruano, esta vez a los pueblos ind\u00edgenas, donde han sido asesinados m\u00e1s de 35","og_url":"https:\/\/www.pressenza.com\/es\/2024\/07\/indigenas-aplicaran-defensa-propia-ante-la-desproteccion-estatal\/","og_site_name":"Pressenza","article_publisher":"https:\/\/www.facebook.com\/PressenzaItalia","article_published_time":"2024-07-20T03:09:19+00:00","og_image":[{"width":600,"height":269,"url":"https:\/\/www.pressenza.com\/wp-content\/uploads\/2024\/07\/defensa-propia-Aidesep.png","type":"image\/png"}],"author":"Redacci\u00f3n Per\u00fa","twitter_card":"summary_large_image","twitter_creator":"@PressenzaIPA","twitter_site":"@PressenzaIPA","twitter_misc":{"Escrito por":"Redacci\u00f3n Per\u00fa","Tiempo de lectura":"2 minutos"},"schema":{"@context":"https:\/\/schema.org","@graph":[{"@type":"Article","@id":"https:\/\/www.pressenza.com\/es\/2024\/07\/indigenas-aplicaran-defensa-propia-ante-la-desproteccion-estatal\/#article","isPartOf":{"@id":"https:\/\/www.pressenza.com\/es\/2024\/07\/indigenas-aplicaran-defensa-propia-ante-la-desproteccion-estatal\/"},"author":{"name":"Redacci\u00f3n Per\u00fa","@id":"https:\/\/www.pressenza.com\/es\/#\/schema\/person\/e86c29a41185b85084a478822f5de81b"},"headline":"Ind\u00edgenas aplicar\u00e1n \u201cdefensa propia\u201d ante la desprotecci\u00f3n estatal","datePublished":"2024-07-20T03:09:19+00:00","mainEntityOfPage":{"@id":"https:\/\/www.pressenza.com\/es\/2024\/07\/indigenas-aplicaran-defensa-propia-ante-la-desproteccion-estatal\/"},"wordCount":396,"publisher":{"@id":"https:\/\/www.pressenza.com\/es\/#organization"},"image":{"@id":"https:\/\/www.pressenza.com\/es\/2024\/07\/indigenas-aplicaran-defensa-propia-ante-la-desproteccion-estatal\/#primaryimage"},"thumbnailUrl":"https:\/\/www.pressenza.com\/wp-content\/uploads\/2024\/07\/defensa-propia-Aidesep.png","keywords":["AIDESEP","Amazonia","defensa propia","desprotecci\u00f3n estatal","Pueblos indigenas"],"articleSection":["Contenido Original","Derechos Humanos","Ecolog\u00eda y Medio Ambiente","Pol\u00edtica","Pueblos Originarios","Sudam\u00e9rica"],"inLanguage":"es"},{"@type":"WebPage","@id":"https:\/\/www.pressenza.com\/es\/2024\/07\/indigenas-aplicaran-defensa-propia-ante-la-desproteccion-estatal\/","url":"https:\/\/www.pressenza.com\/es\/2024\/07\/indigenas-aplicaran-defensa-propia-ante-la-desproteccion-estatal\/","name":"Ind\u00edgenas aplicar\u00e1n \u201cdefensa propia\u201d ante la desprotecci\u00f3n estatal","isPartOf":{"@id":"https:\/\/www.pressenza.com\/es\/#website"},"primaryImageOfPage":{"@id":"https:\/\/www.pressenza.com\/es\/2024\/07\/indigenas-aplicaran-defensa-propia-ante-la-desproteccion-estatal\/#primaryimage"},"image":{"@id":"https:\/\/www.pressenza.com\/es\/2024\/07\/indigenas-aplicaran-defensa-propia-ante-la-desproteccion-estatal\/#primaryimage"},"thumbnailUrl":"https:\/\/www.pressenza.com\/wp-content\/uploads\/2024\/07\/defensa-propia-Aidesep.png","datePublished":"2024-07-20T03:09:19+00:00","description":"Medida de emergencia. Ante la desprotecci\u00f3n que muestra el Estado peruano, esta vez a los pueblos ind\u00edgenas, donde han sido asesinados m\u00e1s de 35","breadcrumb":{"@id":"https:\/\/www.pressenza.com\/es\/2024\/07\/indigenas-aplicaran-defensa-propia-ante-la-desproteccion-estatal\/#breadcrumb"},"inLanguage":"es","potentialAction":[{"@type":"ReadAction","target":["https:\/\/www.pressenza.com\/es\/2024\/07\/indigenas-aplicaran-defensa-propia-ante-la-desproteccion-estatal\/"]}]},{"@type":"ImageObject","inLanguage":"es","@id":"https:\/\/www.pressenza.com\/es\/2024\/07\/indigenas-aplicaran-defensa-propia-ante-la-desproteccion-estatal\/#primaryimage","url":"https:\/\/www.pressenza.com\/wp-content\/uploads\/2024\/07\/defensa-propia-Aidesep.png","contentUrl":"https:\/\/www.pressenza.com\/wp-content\/uploads\/2024\/07\/defensa-propia-Aidesep.png","width":600,"height":269},{"@type":"BreadcrumbList","@id":"https:\/\/www.pressenza.com\/es\/2024\/07\/indigenas-aplicaran-defensa-propia-ante-la-desproteccion-estatal\/#breadcrumb","itemListElement":[{"@type":"ListItem","position":1,"name":"Accueil","item":"https:\/\/www.pressenza.com\/es\/"},{"@type":"ListItem","position":2,"name":"Ind\u00edgenas aplicar\u00e1n \u201cdefensa propia\u201d ante la desprotecci\u00f3n estatal"}]},{"@type":"WebSite","@id":"https:\/\/www.pressenza.com\/es\/#website","url":"https:\/\/www.pressenza.com\/es\/","name":"Pressenza","description":"International Press Agency","publisher":{"@id":"https:\/\/www.pressenza.com\/es\/#organization"},"potentialAction":[{"@type":"SearchAction","target":{"@type":"EntryPoint","urlTemplate":"https:\/\/www.pressenza.com\/es\/?s={search_term_string}"},"query-input":{"@type":"PropertyValueSpecification","valueRequired":true,"valueName":"search_term_string"}}],"inLanguage":"es"},{"@type":"Organization","@id":"https:\/\/www.pressenza.com\/es\/#organization","name":"Pressenza","url":"https:\/\/www.pressenza.com\/es\/","logo":{"@type":"ImageObject","inLanguage":"es","@id":"https:\/\/www.pressenza.com\/es\/#\/schema\/logo\/image\/","url":"https:\/\/www.pressenza.com\/wp-content\/uploads\/2022\/10\/pressenza_logo_200x200.jpg","contentUrl":"https:\/\/www.pressenza.com\/wp-content\/uploads\/2022\/10\/pressenza_logo_200x200.jpg","width":200,"height":200,"caption":"Pressenza"},"image":{"@id":"https:\/\/www.pressenza.com\/es\/#\/schema\/logo\/image\/"},"sameAs":["https:\/\/www.facebook.com\/PressenzaItalia","https:\/\/x.com\/PressenzaIPA"]},{"@type":"Person","@id":"https:\/\/www.pressenza.com\/es\/#\/schema\/person\/e86c29a41185b85084a478822f5de81b","name":"Redacci\u00f3n Per\u00fa","description":"News published by the Pressenza bureau in Peru","url":"https:\/\/www.pressenza.com\/es\/author\/redaccion-peru\/"}]}},"place":"","original_article_url":"","_links":{"self":[{"href":"https:\/\/www.pressenza.com\/es\/wp-json\/wp\/v2\/posts\/2537505","targetHints":{"allow":["GET"]}}],"collection":[{"href":"https:\/\/www.pressenza.com\/es\/wp-json\/wp\/v2\/posts"}],"about":[{"href":"https:\/\/www.pressenza.com\/es\/wp-json\/wp\/v2\/types\/post"}],"author":[{"embeddable":true,"href":"https:\/\/www.pressenza.com\/es\/wp-json\/wp\/v2\/users\/831"}],"replies":[{"embeddable":true,"href":"https:\/\/www.pressenza.com\/es\/wp-json\/wp\/v2\/comments?post=2537505"}],"version-history":[{"count":0,"href":"https:\/\/www.pressenza.com\/es\/wp-json\/wp\/v2\/posts\/2537505\/revisions"}],"wp:featuredmedia":[{"embeddable":true,"href":"https:\/\/www.pressenza.com\/es\/wp-json\/wp\/v2\/media\/2537506"}],"wp:attachment":[{"href":"https:\/\/www.pressenza.com\/es\/wp-json\/wp\/v2\/media?parent=2537505"}],"wp:term":[{"taxonomy":"category","embeddable":true,"href":"https:\/\/www.pressenza.com\/es\/wp-json\/wp\/v2\/categories?post=2537505"},{"taxonomy":"post_tag","embeddable":true,"href":"https:\/\/www.pressenza.com\/es\/wp-json\/wp\/v2\/tags?post=2537505"}],"curies":[{"name":"wp","href":"https:\/\/api.w.org\/{rel}","templated":true}]}}