{"id":2537470,"date":"2024-07-20T00:09:36","date_gmt":"2024-07-19T23:09:36","guid":{"rendered":"https:\/\/www.pressenza.com\/?p=2537470"},"modified":"2024-07-20T00:09:36","modified_gmt":"2024-07-19T23:09:36","slug":"cien-anos-de-la-masacre-de-napalpi-un-delito-de-lesa-humanidad-y-la-memoria-indigena-que-clama-territorio","status":"publish","type":"post","link":"https:\/\/www.pressenza.com\/es\/2024\/07\/cien-anos-de-la-masacre-de-napalpi-un-delito-de-lesa-humanidad-y-la-memoria-indigena-que-clama-territorio\/","title":{"rendered":"Cien a\u00f1os de la Masacre de Napalp\u00ed: un delito de lesa humanidad y la memoria ind\u00edgena que clama territorio"},"content":{"rendered":"<p style=\"padding-left: 40px;\">Fue el 19 de julio de 1924, cuando la Gendarmer\u00eda y la Polic\u00eda fusilaron a cientos de hombres, mujeres y ni\u00f1os del Pueblo Qom y Moqoit. Los responsables materiales e intelectuales tuvieron impunidad. Se trat\u00f3 de un delito de lesa humanidad perpetrado por una pol\u00edtica estatal. El trasfondo, al igual que hoy, los territorios ind\u00edgenas.<\/p>\n<p>Durante 45 minutos se escucharon los fusiles de lo gendarmes y polic\u00edas. Y tambi\u00e9n resonaron los gritos de cientos de ind\u00edgenas Qom y Moqoit. Fue el 19 de julio de 1924, a las 9.30 de la ma\u00f1ana, en el Chaco. \u00abMasacre de Napalp\u00ed\u00bb, es el nombre hist\u00f3rico del hecho atroz. Por el asesinato de entre 500 y 700 ind\u00edgenas no hubo condenados. La decisi\u00f3n de la matanza fue pol\u00edtica y el motivo, tan vigente, el inter\u00e9s econ\u00f3mico-empresario-gubernamental de exprimir los territorios ind\u00edgenas. \u00abLa reparaci\u00f3n tiene que ver con las tierras. Y el Estado es responsable\u00bb, afirm\u00f3 David Garc\u00eda, del Pueblo Qom e integrante de la Fundaci\u00f3n Napalp\u00ed.<\/p>\n<p>Napalp\u00ed (el lugar hoy lleva el nombre de \u00abColonia Aborigen\u00bb) est\u00e1 ubicada a 120 kil\u00f3metros de Resistencia. All\u00ed funcionaba la Reducci\u00f3n de Napalp\u00ed, donde hombres, mujeres y ni\u00f1os eran obligados al trabajo esclavo. El Estado de entonces somet\u00eda a los pueblos originarios en \u00abreducciones\u00bb, donde el discurso oficial era \u00abcivilizar\u00bb al ind\u00edgena. Pero Napalp\u00ed era una suerte de campo de concentraci\u00f3n, donde reinaba la explotaci\u00f3n, el sometimiento y la violaci\u00f3n de derechos.<\/p>\n<p>El Territorio Nacional del Chaco (a\u00fan no era provincia) ya se perfilaba como un gran productor de algod\u00f3n: 50.000 hect\u00e1reas de cultivo y pretend\u00eda ir por m\u00e1s, de la mano de la demanda internacional. Estaba gobernado por Fernando Centeno y el presidente de Argentina era el radical Marcelo T. de Alvear.<\/p>\n<p>Los libros hist\u00f3ricos \u00abMemorias del Gran Chaco\u00bb (de Mercedes Silva) y \u00abNapalp\u00ed, la herida abierta\u00bb (de Vidal Mario) coinciden en describir el maltrato extremo y constante que sufr\u00edan los ind\u00edgenas. Y la reconstrucci\u00f3n de aquel momento confirma que se hab\u00edan organizado en reclamo de mejoras e, incluso, la posibilidades de irse a los ingenios azucareros de Salta y Jujuy.<\/p>\n<div id=\"attachment_2537474\" class=\"wp-caption alignnone\"><img loading=\"lazy\" decoding=\"async\" aria-describedby=\"caption-attachment-2537474\" class=\"wp-image-2537474 size-full\" src=\"https:\/\/www.pressenza.com\/wp-content\/uploads\/2024\/07\/napalpi_masacre02-Telam.jpeg\" alt=\"\" width=\"1024\" height=\"683\" srcset=\"https:\/\/www.pressenza.com\/wp-content\/uploads\/2024\/07\/napalpi_masacre02-Telam.jpeg 1024w, https:\/\/www.pressenza.com\/wp-content\/uploads\/2024\/07\/napalpi_masacre02-Telam-300x200.jpeg 300w, https:\/\/www.pressenza.com\/wp-content\/uploads\/2024\/07\/napalpi_masacre02-Telam-820x547.jpeg 820w\" sizes=\"auto, (max-width: 1024px) 100vw, 1024px\" \/><p id=\"caption-attachment-2537474\" class=\"wp-caption-text\">Foto: T\u00e9lam<\/p><\/div>\n<p>Ese fue el motivo de lo que sobrevendr\u00eda en la ma\u00f1ana del 19 de julio. El Regimiento de Gendarmer\u00eda de L\u00ednea (en 1938 pasar\u00eda a llamarse Gendarmer\u00eda Nacional) y la polic\u00eda, se movilizaron hasta Napalp\u00ed. M\u00e1s de cien efectivos. Y a las 9.30 se inici\u00f3 el fusilamiento. Dur\u00f3 al menos 45 minutos. Pero no qued\u00f3 solo all\u00ed: los efectivos avanzaron sobre los heridos, los remataron e incluso realizaron una cacer\u00eda de semanas sobre los que hab\u00edan podido escapar.<\/p>\n<p>El 29 de agosto \u2014cuarenta d\u00edas despu\u00e9s de la matanza\u2014, el ex director de la Reducci\u00f3n de Napalp\u00ed, Enrique Lynch Arrib\u00e1lzaga, escribi\u00f3 una carta que fue le\u00edda en el Congreso Nacional: \u201cLa matanza de ind\u00edgenas por la polic\u00eda del Chaco contin\u00faa en Napalp\u00ed y sus alrededores; parece que los criminales se hubieran propuesto eliminar a todos los que se hallaron presentes en la carnicer\u00eda del 19 de julio, para que no puedan servir de testigos si viene la Comisi\u00f3n Investigadora de la C\u00e1mara de Diputados\u201d.<\/p>\n<p>Marcelo Musante, soci\u00f3logo y parte de la\u00a0<span style=\"text-decoration: underline;\"><a href=\"https:\/\/www.facebook.com\/RedDeInvestigadoresEnGenocidioyPoliticaIndigena\" target=\"_blank\" rel=\"noreferrer noopener\">Red de Investigadores\/as en Genocidio y Pol\u00edtica Ind\u00edgena<\/a><\/span>\u00a0lleva m\u00e1s de quince estudiando lo sucedido en el Chaco. Y suele enumerar los nombres primarios de la matanza: el gobernador Fernando Centeno; el jefe de Polic\u00eda Diego Ulibarrie; el comisario Roberto S\u00e1enz Loza, el sargento Alejandro Ver\u00f3n y el administrador de la Reducci\u00f3n, Mario Arig\u00f3. Tambi\u00e9n recuerda que el ministro del Interior de la Naci\u00f3n era Vicente Gallo.<\/p>\n<blockquote class=\"wp-block-quote is-layout-flow wp-block-quote-is-layout-flow\"><p>\u00abLa Masacre de Napalp\u00ed fue una consecuencia de las caracter\u00edsticas del sistema de disciplinamiento impuesto desde el Estado y los sectores privados de la regi\u00f3n a los pueblos ind\u00edgenas. La matanza continu\u00f3 los d\u00edas siguientes con la polic\u00eda persiguiendo a la gente por el monte. Los relatos de las personas sobrevivientes son de espanto y crueldad. Asesinatos de ni\u00f1o\/as y anciano\/as, violaciones, mutilaciones y cuerpos quemados en fosas comunes. Durante mucho tiempo, la Masacre de Napalp\u00ed fue encerrada al olvido\u00bb, describe.<\/p><\/blockquote>\n<p>Los diarios de la \u00e9poca \u2014tan parecidos a los del presente\u2014 hablaron de \u00abenfrentamiento\u00bb. Musante recuerda que el diario\u00a0<em>La Naci\u00f3n<\/em>, el d\u00eda mismo de la masacre, public\u00f3 una nota mencionando telegramas de preocupaci\u00f3n de la C\u00e1mara de Comercio del Chaco y de la Sociedad Rural al presidente Alvear, respecto al riesgo que podr\u00eda correr la producci\u00f3n agr\u00edcola. El Ministerio del Interior mencion\u00f3 en sus memorias que \u201cdicha reducci\u00f3n (de Napalp\u00ed) sufri\u00f3 grave retroceso por ind\u00edgenas tra\u00eddos de distintos puntos del territorio por agitadores de profesi\u00f3n cometieron desmanes de todo g\u00e9nero\u201d. Musante aclara: \u00abEl ind\u00edgena aparece como el culpable. Como el sujeto que se relaciona con &#8216;agitadores&#8217; y pone en riesgos el desarrollo econ\u00f3mico\u00bb.<\/p>\n<p>Una excepci\u00f3n fue el peri\u00f3dico Heraldo del Norte: \u201cComo a las 9, y sin que los inocentes ind\u00edgenas realizaran un solo disparo, hicieron repetidas descargas cerradas y enseguida, en medio del p\u00e1nico de los indios (m\u00e1s mujeres y ni\u00f1os que hombres), atacaron. Se produjo entonces la m\u00e1s cobarde y feroz carnicer\u00eda, degollando a los heridos sin respetar sexo ni edad\u201d.<\/p>\n<div id=\"attachment_2537473\" class=\"wp-caption alignnone\"><img loading=\"lazy\" decoding=\"async\" aria-describedby=\"caption-attachment-2537473\" class=\"wp-image-2537473 size-full\" src=\"https:\/\/www.pressenza.com\/wp-content\/uploads\/2024\/07\/napalpi_masacre04-Telam.jpeg\" alt=\"\" width=\"1024\" height=\"683\" srcset=\"https:\/\/www.pressenza.com\/wp-content\/uploads\/2024\/07\/napalpi_masacre04-Telam.jpeg 1024w, https:\/\/www.pressenza.com\/wp-content\/uploads\/2024\/07\/napalpi_masacre04-Telam-300x200.jpeg 300w, https:\/\/www.pressenza.com\/wp-content\/uploads\/2024\/07\/napalpi_masacre04-Telam-820x547.jpeg 820w\" sizes=\"auto, (max-width: 1024px) 100vw, 1024px\" \/><p id=\"caption-attachment-2537473\" class=\"wp-caption-text\">Foto: T\u00e9lam<\/p><\/div>\n<h3 class=\"wp-block-heading\"><strong>Memoria, verdad y justicia<\/strong><\/h3>\n<p>Los responsables materiales e intelectuales nunca tuvieron condena. Ni estuvieron sentados en ning\u00fan banquillo de los acusados. Fue un crimen silenciado en Chaco (y mucho m\u00e1s en el resto del pa\u00eds). Gracias, sobre todo, a la propia organizaci\u00f3n de las comunidades ind\u00edgenas fue que se aviv\u00f3 la memoria. Tambi\u00e9n colaboraron \u2014desde distintos lugares\u2014 historiadores, investigadores, docentes y periodistas.<\/p>\n<p>Fue vital la conformaci\u00f3n y el trabajo de la\u00a0<span style=\"text-decoration: underline;\"><a href=\"https:\/\/www.instagram.com\/fundacionnapalpi\/\" target=\"_blank\" rel=\"noreferrer noopener\">Fundaci\u00f3n Napalp\u00ed<\/a><\/span>, que siempre exigi\u00f3 justicia por la masacre.<\/p>\n<p>Juan Chico, historiador qom, nacido y criado en el lugar de la matanza y parte de de la Fundaci\u00f3n Napalp\u00ed,\u00a0<span style=\"text-decoration: underline;\"><a href=\"https:\/\/agenciatierraviva.com.ar\/dolor-por-el-fallecimiento-del-historiador-qom-juan-chico\/\" target=\"_blank\" rel=\"noreferrer noopener\">fue un activo militante<\/a><\/span>\u00a0por la memoria y la justicia. Escribi\u00f3 (junto a Mario Fern\u00e1ndez) el libro \u00abNapalp\u00ed. La voz de la sangre\u00bb. Siempre recordaba que los asesinados fueron al menos 700 personas (mucho m\u00e1s de los 200 que mencionan los diarios de la \u00e9poca) y valorizaba que en el Chaco se hablara cada d\u00eda m\u00e1s de la masacre de ind\u00edgenas. Y sol\u00eda trazar un paralelo con el presente: \u201cArgentina ha avanzado mucho respecto de los derechos humanos, pero pareciera que los ind\u00edgenas tenemos derechos humanos de segunda, parte de la sociedad nos sigue considerando inferiores y nuestro genocidio sigue invisibilizado\u201d.<\/p>\n<p>El Estado chaque\u00f1o pidi\u00f3 p\u00fablicamente perd\u00f3n en 2008.<\/p>\n<p>En 2022 se realiz\u00f3, en tribunales federales, un \u00abjuicio por la verdad\u00bb por Napalp\u00ed. En palabras del mismo Tribunal, \u201ctuvo la finalidad de conocer la verdad de los acontecimientos, calificado por la Fiscal\u00eda como delito de lesa humanidad, ejecutado por el Estado y civiles, con el fin de acallar la protesta de los pueblos ind\u00edgenas por mejores condiciones de trabajo\u201d. El debate no busc\u00f3 responsabilidades penales, sino hacer una determinaci\u00f3n judicial de los hechos y conocer la verdad de lo acontecido.<\/p>\n<p>Este tipo de juicios tiene su antecedente en los procesos judiciales por los hechos de la \u00faltima dictadura c\u00edvico-militar, mientras estaban vigentes las leyes de Obediencia Debida y Punto Final. En el caso de Napalp\u00ed las personas que debieran ser juzgadas ya estaban fallecidas, pero el proceso sirvi\u00f3 para establecer la responsabilidad del Estado en la violaci\u00f3n a los derechos humanos.<\/p>\n<p><a href=\"https:\/\/agenciatierraviva.com.ar\/la-masacre-de-napalpi-fue-parte-de-un-plan-sistematico-para-destruir-a-los-pueblos-indigenas\/\" target=\"_blank\" rel=\"noreferrer noopener\"><span style=\"text-decoration: underline;\">\u00abNapalp\u00ed fue parte de un plan sistem\u00e1tico para destruir a los pueblos ind\u00edgenas\u00bb<\/span><\/a>, se\u00f1al\u00f3 el qom David Garc\u00eda en el marco del juicio. El Juzgado Federal N\u00b01 de Resistencia, a cargo de Zunilda Niremperger\u00a0<span style=\"text-decoration: underline;\"><a href=\"https:\/\/agenciatierraviva.com.ar\/la-masacre-de-napalpi-fue-un-delito-de-lesa-humanidad-en-el-marco-de-un-proceso-genocida\/\" target=\"_blank\" rel=\"noreferrer noopener\">sentenci\u00f3<\/a><\/span>\u00a0que existi\u00f3 responsabilidad del Estado argentino en el asesinato de entre 400 y 500 personas de los Pueblos Qom y Moqoit. \u00abLa masacre fue un delito de lesa humanidad cometido en el marco de un proceso genocida de los pueblos ind\u00edgenas\u00bb, estableci\u00f3 la jueza Niremperger.<\/p>\n<p>La sentencia reclam\u00f3 al Estado Nacional medidas reparatorias para esos pueblos en materia de pol\u00edticas de salud, de educaci\u00f3n, de capacitaci\u00f3n a las fuerzas de seguridad en diversidad cultural y de construcci\u00f3n de memoria sobre los hechos. Pero no se aludi\u00f3 a la reparaci\u00f3n en materia de restituci\u00f3n de tierras a las comunidades.<\/p>\n<div id=\"attachment_2537472\" class=\"wp-caption alignnone\"><img loading=\"lazy\" decoding=\"async\" aria-describedby=\"caption-attachment-2537472\" class=\"wp-image-2537472 size-full\" src=\"https:\/\/www.pressenza.com\/wp-content\/uploads\/2024\/07\/napalpi_masacre05-Telam.jpeg\" alt=\"\" width=\"1024\" height=\"683\" srcset=\"https:\/\/www.pressenza.com\/wp-content\/uploads\/2024\/07\/napalpi_masacre05-Telam.jpeg 1024w, https:\/\/www.pressenza.com\/wp-content\/uploads\/2024\/07\/napalpi_masacre05-Telam-300x200.jpeg 300w, https:\/\/www.pressenza.com\/wp-content\/uploads\/2024\/07\/napalpi_masacre05-Telam-820x547.jpeg 820w\" sizes=\"auto, (max-width: 1024px) 100vw, 1024px\" \/><p id=\"caption-attachment-2537472\" class=\"wp-caption-text\">Foto: T\u00e9lam<\/p><\/div>\n<p>La Jueza confirm\u00f3 la categor\u00eda de delitos de lesa humanidad para la represi\u00f3n, la matanza y la persecuci\u00f3n que constituy\u00f3 la Masacre de Napalp\u00ed, \u201ccuya imprescriptibilidad posibilita que a pesar del tiempo transcurrido se pueda investigar, y de ese modo procurar su reconstrucci\u00f3n desde una perspectiva hist\u00f3rica\u201d.<\/p>\n<p>El 11 de julio, en la ciudad de Buenos Aires, se realiz\u00f3 una jornada titulada \u201cNapalp\u00ed. A 100 a\u00f1os de la Masacre\u201d, donde no s\u00f3lo se conmemor\u00f3 lo sucedido en 1924 sino que tambi\u00e9n se analizaron las implicancias en el presente. Tuvieron la palabra integrantes de los pueblos Qom y Moqoit, de la Fundaci\u00f3n Napalp\u00ed, historiadores, abogados y antrop\u00f3logos, entre otros.<\/p>\n<p>Estuvo presente Garc\u00eda, de la Fundaci\u00f3n Napalp\u00ed: \u00abNuestros hermanos siguen con muchas necesidades, sin trabajo, dependiendo muchas veces de la entrega de comida. Necesitamos el territorio suficiente y pol\u00edticas de apoyo para vivir dignamente\u00bb.<\/p>\n<p>Este 19 de julio, a cien a\u00f1os de la matanza, habr\u00e1 actos en Resistencia y en Colonia Aborigen (como fue renombrado el lugar por el Estado), donde sucedieron los cr\u00edmenes.<\/p>\n<div id=\"attachment_2537471\" class=\"wp-caption alignnone\"><img loading=\"lazy\" decoding=\"async\" aria-describedby=\"caption-attachment-2537471\" class=\"wp-image-2537471 size-full\" src=\"https:\/\/www.pressenza.com\/wp-content\/uploads\/2024\/07\/napalpi-08-Telam.jpeg\" alt=\"\" width=\"1024\" height=\"683\" srcset=\"https:\/\/www.pressenza.com\/wp-content\/uploads\/2024\/07\/napalpi-08-Telam.jpeg 1024w, https:\/\/www.pressenza.com\/wp-content\/uploads\/2024\/07\/napalpi-08-Telam-300x200.jpeg 300w, https:\/\/www.pressenza.com\/wp-content\/uploads\/2024\/07\/napalpi-08-Telam-820x547.jpeg 820w\" sizes=\"auto, (max-width: 1024px) 100vw, 1024px\" \/><p id=\"caption-attachment-2537471\" class=\"wp-caption-text\">Avi\u00f3n que se utiliz\u00f3 para observar el lugar y planificar la matanza. Foto: T\u00e9lam<\/p><\/div>\n<h3 class=\"wp-block-heading\"><strong>Un modelo econ\u00f3mico-pol\u00edtico y un proceso genocida que no termina<\/strong><\/h3>\n<p>La (mal) llamada \u00abConquista del Desierto\u00bb es la m\u00e1s conocida de las campa\u00f1as militares contra los pueblos originarios. Pero no fue la \u00fanica. Tambi\u00e9n hubo una campa\u00f1a al oeste (Cuyo) y otra al norte, tambi\u00e9n llamada del \u00abDesierto verde\u00bb. Cada una tuvo su particularidad, pero todas coincidieron en atentar contra la vida ind\u00edgena y apropiarse de sus territorios. \u00bfEl objetivo? Incluir esas tierras al mercado capitalista, a la \u00abproducci\u00f3n\u00bb, obtener dinero, aunque implique miles de vidas.<\/p>\n<p>La Red de Investigadores\/as en Genocidio y Pol\u00edtica Ind\u00edgena acu\u00f1\u00f3 una definici\u00f3n que se\u00f1ala que los pueblos ind\u00edgenas sufren un proceso con pr\u00e1cticas genocidas que a\u00fan no termin\u00f3, donde los campos de concentraci\u00f3n (desde Valcheta a Mart\u00edn Garc\u00eda), las matanzas (desde Napalp\u00ed a Zapallar o\u00a0<span style=\"text-decoration: underline;\"><a href=\"https:\/\/agenciatierraviva.com.ar\/pueblo-pilaga-memoria-y-presente-de-un-genocidio\/\" target=\"_blank\" rel=\"noreferrer noopener\">Rinc\u00f3n Bomba<\/a><\/span>) tienen un punto una continuidad hist\u00f3rica en las muertes por desnutrici\u00f3n y enfermedades evitables en comunidades de Salta, o en la represi\u00f3n que padece el Pueblo Mapuche, en los asesinatos del\u00a0<span style=\"text-decoration: underline;\"><a href=\"https:\/\/www.pagina12.com.ar\/diario\/sociedad\/3-311554-2016-10-12.html\" target=\"_blank\" rel=\"noreferrer noopener\">diaguita Javier Chocobar<\/a><\/span>\u00a0o\u00a0<span style=\"text-decoration: underline;\"><a href=\"https:\/\/agenciatierraviva.com.ar\/el-asesinato-de-rafael-nahuel-cinco-anos-de-impunidad-y-una-comunidad-mapuche-de-pie\/\" target=\"_blank\" rel=\"noreferrer noopener\">Rafael Nahuel<\/a><\/span>.<\/p>\n<p>En el mismo Chaco, un siglo despu\u00e9s, el avance de la frontera agropecuaria avanza sobre bosque nativos y, al mismo tiempo, viola derechos de ind\u00edgenas y campesinos. Siempre con la complicidad del poder pol\u00edtico y Judicial.<\/p>\n<p>Ni el genocidio ind\u00edgena ni Napalp\u00ed tuvieron reparaci\u00f3n. El motivo es simple: todo intento de hacer justicia para los pueblos ind\u00edgenas debe incluir \u2014por la propia demanda originaria\u2014 el territorio. Y, sin distinguir color pol\u00edtico, los gobiernos prefieren esas tierras para el extractivismo (petrolero, minero, forestal, agropecuario).<\/p>\n<p>A\u00fan as\u00ed, como desde hace generaciones, los pueblos ind\u00edgenas seguir\u00e1n exigiendo lo que los hace ser quienes son: el territorio. Para cuidarlo, sembrarlo, para convivir.<\/p>\n","protected":false},"excerpt":{"rendered":"<p>Fue el 19 de julio de 1924, cuando la Gendarmer\u00eda y la Polic\u00eda fusilaron a cientos de hombres, mujeres y ni\u00f1os del Pueblo Qom y Moqoit. Los responsables materiales e intelectuales tuvieron impunidad. Se trat\u00f3 de un delito de lesa&hellip;<\/p>\n","protected":false},"author":1210,"featured_media":2537475,"comment_status":"closed","ping_status":"closed","sticky":false,"template":"","format":"standard","meta":{"footnotes":""},"categories":[11389,79,74,80,67],"tags":[17291,54082,923,18806,22210,18507],"class_list":["post-2537470","post","type-post","status-publish","format-standard","has-post-thumbnail","hentry","category-contenido-original","category-derechos-humanos","category-politica-es","category-pueblos-originarios","category-sudamerica","tag-chaco","tag-indigenas-es","tag-masacre","tag-napalpi","tag-pueblos-originarios","tag-territorios"],"yoast_head":"<!-- This site is optimized with the Yoast SEO plugin v27.1.1 - https:\/\/yoast.com\/product\/yoast-seo-wordpress\/ -->\n<title>Cien a\u00f1os de la Masacre de Napalp\u00ed: un delito de lesa humanidad y la memoria ind\u00edgena que clama territorio<\/title>\n<meta name=\"description\" content=\"Fue el 19 de julio de 1924, cuando la Gendarmer\u00eda y la Polic\u00eda fusilaron a cientos de hombres, mujeres y ni\u00f1os del Pueblo Qom y Moqoit. Los responsables\" \/>\n<meta name=\"robots\" content=\"index, follow, max-snippet:-1, max-image-preview:large, max-video-preview:-1\" \/>\n<link rel=\"canonical\" href=\"https:\/\/www.pressenza.com\/es\/2024\/07\/cien-anos-de-la-masacre-de-napalpi-un-delito-de-lesa-humanidad-y-la-memoria-indigena-que-clama-territorio\/\" \/>\n<meta property=\"og:locale\" content=\"es_ES\" \/>\n<meta property=\"og:type\" content=\"article\" \/>\n<meta property=\"og:title\" content=\"Cien a\u00f1os de la Masacre de Napalp\u00ed: un delito de lesa humanidad y la memoria ind\u00edgena que clama territorio\" \/>\n<meta property=\"og:description\" content=\"Fue el 19 de julio de 1924, cuando la Gendarmer\u00eda y la Polic\u00eda fusilaron a cientos de hombres, mujeres y ni\u00f1os del Pueblo Qom y Moqoit. Los responsables\" \/>\n<meta property=\"og:url\" content=\"https:\/\/www.pressenza.com\/es\/2024\/07\/cien-anos-de-la-masacre-de-napalpi-un-delito-de-lesa-humanidad-y-la-memoria-indigena-que-clama-territorio\/\" \/>\n<meta property=\"og:site_name\" content=\"Pressenza\" \/>\n<meta property=\"article:publisher\" content=\"https:\/\/www.facebook.com\/PressenzaItalia\" \/>\n<meta property=\"article:published_time\" content=\"2024-07-19T23:09:36+00:00\" \/>\n<meta property=\"og:image\" content=\"https:\/\/www.pressenza.com\/wp-content\/uploads\/2024\/07\/napalpi_masacre03-Telam.jpeg\" \/>\n\t<meta property=\"og:image:width\" content=\"1200\" \/>\n\t<meta property=\"og:image:height\" content=\"800\" \/>\n\t<meta property=\"og:image:type\" content=\"image\/jpeg\" \/>\n<meta name=\"author\" content=\"Dar\u00edo Aranda\" \/>\n<meta name=\"twitter:card\" content=\"summary_large_image\" \/>\n<meta name=\"twitter:creator\" content=\"@PressenzaIPA\" \/>\n<meta name=\"twitter:site\" content=\"@PressenzaIPA\" \/>\n<meta name=\"twitter:label1\" content=\"Escrito por\" \/>\n\t<meta name=\"twitter:data1\" content=\"Dar\u00edo Aranda\" \/>\n\t<meta name=\"twitter:label2\" content=\"Tiempo de lectura\" \/>\n\t<meta name=\"twitter:data2\" content=\"10 minutos\" \/>\n<script type=\"application\/ld+json\" class=\"yoast-schema-graph\">{\"@context\":\"https:\/\/schema.org\",\"@graph\":[{\"@type\":\"Article\",\"@id\":\"https:\/\/www.pressenza.com\/es\/2024\/07\/cien-anos-de-la-masacre-de-napalpi-un-delito-de-lesa-humanidad-y-la-memoria-indigena-que-clama-territorio\/#article\",\"isPartOf\":{\"@id\":\"https:\/\/www.pressenza.com\/es\/2024\/07\/cien-anos-de-la-masacre-de-napalpi-un-delito-de-lesa-humanidad-y-la-memoria-indigena-que-clama-territorio\/\"},\"author\":{\"name\":\"Dar\u00edo Aranda\",\"@id\":\"https:\/\/www.pressenza.com\/es\/#\/schema\/person\/0e60cd529ef3ecd836a42735fa83478b\"},\"headline\":\"Cien a\u00f1os de la Masacre de Napalp\u00ed: un delito de lesa humanidad y la memoria ind\u00edgena que clama territorio\",\"datePublished\":\"2024-07-19T23:09:36+00:00\",\"mainEntityOfPage\":{\"@id\":\"https:\/\/www.pressenza.com\/es\/2024\/07\/cien-anos-de-la-masacre-de-napalpi-un-delito-de-lesa-humanidad-y-la-memoria-indigena-que-clama-territorio\/\"},\"wordCount\":2000,\"publisher\":{\"@id\":\"https:\/\/www.pressenza.com\/es\/#organization\"},\"image\":{\"@id\":\"https:\/\/www.pressenza.com\/es\/2024\/07\/cien-anos-de-la-masacre-de-napalpi-un-delito-de-lesa-humanidad-y-la-memoria-indigena-que-clama-territorio\/#primaryimage\"},\"thumbnailUrl\":\"https:\/\/www.pressenza.com\/wp-content\/uploads\/2024\/07\/napalpi_masacre03-Telam.jpeg\",\"keywords\":[\"Chaco\",\"indigenas\",\"masacre\",\"Napalp\u00ed\",\"Pueblos Originarios\",\"territorios\"],\"articleSection\":[\"Contenido Original\",\"Derechos Humanos\",\"Pol\u00edtica\",\"Pueblos Originarios\",\"Sudam\u00e9rica\"],\"inLanguage\":\"es\"},{\"@type\":\"WebPage\",\"@id\":\"https:\/\/www.pressenza.com\/es\/2024\/07\/cien-anos-de-la-masacre-de-napalpi-un-delito-de-lesa-humanidad-y-la-memoria-indigena-que-clama-territorio\/\",\"url\":\"https:\/\/www.pressenza.com\/es\/2024\/07\/cien-anos-de-la-masacre-de-napalpi-un-delito-de-lesa-humanidad-y-la-memoria-indigena-que-clama-territorio\/\",\"name\":\"Cien a\u00f1os de la Masacre de Napalp\u00ed: un delito de lesa humanidad y la memoria ind\u00edgena que clama territorio\",\"isPartOf\":{\"@id\":\"https:\/\/www.pressenza.com\/es\/#website\"},\"primaryImageOfPage\":{\"@id\":\"https:\/\/www.pressenza.com\/es\/2024\/07\/cien-anos-de-la-masacre-de-napalpi-un-delito-de-lesa-humanidad-y-la-memoria-indigena-que-clama-territorio\/#primaryimage\"},\"image\":{\"@id\":\"https:\/\/www.pressenza.com\/es\/2024\/07\/cien-anos-de-la-masacre-de-napalpi-un-delito-de-lesa-humanidad-y-la-memoria-indigena-que-clama-territorio\/#primaryimage\"},\"thumbnailUrl\":\"https:\/\/www.pressenza.com\/wp-content\/uploads\/2024\/07\/napalpi_masacre03-Telam.jpeg\",\"datePublished\":\"2024-07-19T23:09:36+00:00\",\"description\":\"Fue el 19 de julio de 1924, cuando la Gendarmer\u00eda y la Polic\u00eda fusilaron a cientos de hombres, mujeres y ni\u00f1os del Pueblo Qom y Moqoit. Los responsables\",\"breadcrumb\":{\"@id\":\"https:\/\/www.pressenza.com\/es\/2024\/07\/cien-anos-de-la-masacre-de-napalpi-un-delito-de-lesa-humanidad-y-la-memoria-indigena-que-clama-territorio\/#breadcrumb\"},\"inLanguage\":\"es\",\"potentialAction\":[{\"@type\":\"ReadAction\",\"target\":[\"https:\/\/www.pressenza.com\/es\/2024\/07\/cien-anos-de-la-masacre-de-napalpi-un-delito-de-lesa-humanidad-y-la-memoria-indigena-que-clama-territorio\/\"]}]},{\"@type\":\"ImageObject\",\"inLanguage\":\"es\",\"@id\":\"https:\/\/www.pressenza.com\/es\/2024\/07\/cien-anos-de-la-masacre-de-napalpi-un-delito-de-lesa-humanidad-y-la-memoria-indigena-que-clama-territorio\/#primaryimage\",\"url\":\"https:\/\/www.pressenza.com\/wp-content\/uploads\/2024\/07\/napalpi_masacre03-Telam.jpeg\",\"contentUrl\":\"https:\/\/www.pressenza.com\/wp-content\/uploads\/2024\/07\/napalpi_masacre03-Telam.jpeg\",\"width\":1200,\"height\":800},{\"@type\":\"BreadcrumbList\",\"@id\":\"https:\/\/www.pressenza.com\/es\/2024\/07\/cien-anos-de-la-masacre-de-napalpi-un-delito-de-lesa-humanidad-y-la-memoria-indigena-que-clama-territorio\/#breadcrumb\",\"itemListElement\":[{\"@type\":\"ListItem\",\"position\":1,\"name\":\"Accueil\",\"item\":\"https:\/\/www.pressenza.com\/es\/\"},{\"@type\":\"ListItem\",\"position\":2,\"name\":\"Cien a\u00f1os de la Masacre de Napalp\u00ed: un delito de lesa humanidad y la memoria ind\u00edgena que clama territorio\"}]},{\"@type\":\"WebSite\",\"@id\":\"https:\/\/www.pressenza.com\/es\/#website\",\"url\":\"https:\/\/www.pressenza.com\/es\/\",\"name\":\"Pressenza\",\"description\":\"International Press Agency\",\"publisher\":{\"@id\":\"https:\/\/www.pressenza.com\/es\/#organization\"},\"potentialAction\":[{\"@type\":\"SearchAction\",\"target\":{\"@type\":\"EntryPoint\",\"urlTemplate\":\"https:\/\/www.pressenza.com\/es\/?s={search_term_string}\"},\"query-input\":{\"@type\":\"PropertyValueSpecification\",\"valueRequired\":true,\"valueName\":\"search_term_string\"}}],\"inLanguage\":\"es\"},{\"@type\":\"Organization\",\"@id\":\"https:\/\/www.pressenza.com\/es\/#organization\",\"name\":\"Pressenza\",\"url\":\"https:\/\/www.pressenza.com\/es\/\",\"logo\":{\"@type\":\"ImageObject\",\"inLanguage\":\"es\",\"@id\":\"https:\/\/www.pressenza.com\/es\/#\/schema\/logo\/image\/\",\"url\":\"https:\/\/www.pressenza.com\/wp-content\/uploads\/2022\/10\/pressenza_logo_200x200.jpg\",\"contentUrl\":\"https:\/\/www.pressenza.com\/wp-content\/uploads\/2022\/10\/pressenza_logo_200x200.jpg\",\"width\":200,\"height\":200,\"caption\":\"Pressenza\"},\"image\":{\"@id\":\"https:\/\/www.pressenza.com\/es\/#\/schema\/logo\/image\/\"},\"sameAs\":[\"https:\/\/www.facebook.com\/PressenzaItalia\",\"https:\/\/x.com\/PressenzaIPA\"]},{\"@type\":\"Person\",\"@id\":\"https:\/\/www.pressenza.com\/es\/#\/schema\/person\/0e60cd529ef3ecd836a42735fa83478b\",\"name\":\"Dar\u00edo Aranda\",\"description\":\"Dar\u00edo Aranda (argentino, 1977) es periodista. Especializado en extractivismo (petr\u00f3leo, miner\u00eda, agronegocios y forestales), escribe sobre el acontecer de los pueblos ind\u00edgenas, organizaciones campesinas y asambleas socioambientales. www.darioaranda.com.ar\",\"url\":\"https:\/\/www.pressenza.com\/es\/author\/dario-aranda\/\"}]}<\/script>\n<!-- \/ Yoast SEO plugin. -->","yoast_head_json":{"title":"Cien a\u00f1os de la Masacre de Napalp\u00ed: un delito de lesa humanidad y la memoria ind\u00edgena que clama territorio","description":"Fue el 19 de julio de 1924, cuando la Gendarmer\u00eda y la Polic\u00eda fusilaron a cientos de hombres, mujeres y ni\u00f1os del Pueblo Qom y Moqoit. Los responsables","robots":{"index":"index","follow":"follow","max-snippet":"max-snippet:-1","max-image-preview":"max-image-preview:large","max-video-preview":"max-video-preview:-1"},"canonical":"https:\/\/www.pressenza.com\/es\/2024\/07\/cien-anos-de-la-masacre-de-napalpi-un-delito-de-lesa-humanidad-y-la-memoria-indigena-que-clama-territorio\/","og_locale":"es_ES","og_type":"article","og_title":"Cien a\u00f1os de la Masacre de Napalp\u00ed: un delito de lesa humanidad y la memoria ind\u00edgena que clama territorio","og_description":"Fue el 19 de julio de 1924, cuando la Gendarmer\u00eda y la Polic\u00eda fusilaron a cientos de hombres, mujeres y ni\u00f1os del Pueblo Qom y Moqoit. Los responsables","og_url":"https:\/\/www.pressenza.com\/es\/2024\/07\/cien-anos-de-la-masacre-de-napalpi-un-delito-de-lesa-humanidad-y-la-memoria-indigena-que-clama-territorio\/","og_site_name":"Pressenza","article_publisher":"https:\/\/www.facebook.com\/PressenzaItalia","article_published_time":"2024-07-19T23:09:36+00:00","og_image":[{"width":1200,"height":800,"url":"https:\/\/www.pressenza.com\/wp-content\/uploads\/2024\/07\/napalpi_masacre03-Telam.jpeg","type":"image\/jpeg"}],"author":"Dar\u00edo Aranda","twitter_card":"summary_large_image","twitter_creator":"@PressenzaIPA","twitter_site":"@PressenzaIPA","twitter_misc":{"Escrito por":"Dar\u00edo Aranda","Tiempo de lectura":"10 minutos"},"schema":{"@context":"https:\/\/schema.org","@graph":[{"@type":"Article","@id":"https:\/\/www.pressenza.com\/es\/2024\/07\/cien-anos-de-la-masacre-de-napalpi-un-delito-de-lesa-humanidad-y-la-memoria-indigena-que-clama-territorio\/#article","isPartOf":{"@id":"https:\/\/www.pressenza.com\/es\/2024\/07\/cien-anos-de-la-masacre-de-napalpi-un-delito-de-lesa-humanidad-y-la-memoria-indigena-que-clama-territorio\/"},"author":{"name":"Dar\u00edo Aranda","@id":"https:\/\/www.pressenza.com\/es\/#\/schema\/person\/0e60cd529ef3ecd836a42735fa83478b"},"headline":"Cien a\u00f1os de la Masacre de Napalp\u00ed: un delito de lesa humanidad y la memoria ind\u00edgena que clama territorio","datePublished":"2024-07-19T23:09:36+00:00","mainEntityOfPage":{"@id":"https:\/\/www.pressenza.com\/es\/2024\/07\/cien-anos-de-la-masacre-de-napalpi-un-delito-de-lesa-humanidad-y-la-memoria-indigena-que-clama-territorio\/"},"wordCount":2000,"publisher":{"@id":"https:\/\/www.pressenza.com\/es\/#organization"},"image":{"@id":"https:\/\/www.pressenza.com\/es\/2024\/07\/cien-anos-de-la-masacre-de-napalpi-un-delito-de-lesa-humanidad-y-la-memoria-indigena-que-clama-territorio\/#primaryimage"},"thumbnailUrl":"https:\/\/www.pressenza.com\/wp-content\/uploads\/2024\/07\/napalpi_masacre03-Telam.jpeg","keywords":["Chaco","indigenas","masacre","Napalp\u00ed","Pueblos Originarios","territorios"],"articleSection":["Contenido Original","Derechos Humanos","Pol\u00edtica","Pueblos Originarios","Sudam\u00e9rica"],"inLanguage":"es"},{"@type":"WebPage","@id":"https:\/\/www.pressenza.com\/es\/2024\/07\/cien-anos-de-la-masacre-de-napalpi-un-delito-de-lesa-humanidad-y-la-memoria-indigena-que-clama-territorio\/","url":"https:\/\/www.pressenza.com\/es\/2024\/07\/cien-anos-de-la-masacre-de-napalpi-un-delito-de-lesa-humanidad-y-la-memoria-indigena-que-clama-territorio\/","name":"Cien a\u00f1os de la Masacre de Napalp\u00ed: un delito de lesa humanidad y la memoria ind\u00edgena que clama territorio","isPartOf":{"@id":"https:\/\/www.pressenza.com\/es\/#website"},"primaryImageOfPage":{"@id":"https:\/\/www.pressenza.com\/es\/2024\/07\/cien-anos-de-la-masacre-de-napalpi-un-delito-de-lesa-humanidad-y-la-memoria-indigena-que-clama-territorio\/#primaryimage"},"image":{"@id":"https:\/\/www.pressenza.com\/es\/2024\/07\/cien-anos-de-la-masacre-de-napalpi-un-delito-de-lesa-humanidad-y-la-memoria-indigena-que-clama-territorio\/#primaryimage"},"thumbnailUrl":"https:\/\/www.pressenza.com\/wp-content\/uploads\/2024\/07\/napalpi_masacre03-Telam.jpeg","datePublished":"2024-07-19T23:09:36+00:00","description":"Fue el 19 de julio de 1924, cuando la Gendarmer\u00eda y la Polic\u00eda fusilaron a cientos de hombres, mujeres y ni\u00f1os del Pueblo Qom y Moqoit. Los responsables","breadcrumb":{"@id":"https:\/\/www.pressenza.com\/es\/2024\/07\/cien-anos-de-la-masacre-de-napalpi-un-delito-de-lesa-humanidad-y-la-memoria-indigena-que-clama-territorio\/#breadcrumb"},"inLanguage":"es","potentialAction":[{"@type":"ReadAction","target":["https:\/\/www.pressenza.com\/es\/2024\/07\/cien-anos-de-la-masacre-de-napalpi-un-delito-de-lesa-humanidad-y-la-memoria-indigena-que-clama-territorio\/"]}]},{"@type":"ImageObject","inLanguage":"es","@id":"https:\/\/www.pressenza.com\/es\/2024\/07\/cien-anos-de-la-masacre-de-napalpi-un-delito-de-lesa-humanidad-y-la-memoria-indigena-que-clama-territorio\/#primaryimage","url":"https:\/\/www.pressenza.com\/wp-content\/uploads\/2024\/07\/napalpi_masacre03-Telam.jpeg","contentUrl":"https:\/\/www.pressenza.com\/wp-content\/uploads\/2024\/07\/napalpi_masacre03-Telam.jpeg","width":1200,"height":800},{"@type":"BreadcrumbList","@id":"https:\/\/www.pressenza.com\/es\/2024\/07\/cien-anos-de-la-masacre-de-napalpi-un-delito-de-lesa-humanidad-y-la-memoria-indigena-que-clama-territorio\/#breadcrumb","itemListElement":[{"@type":"ListItem","position":1,"name":"Accueil","item":"https:\/\/www.pressenza.com\/es\/"},{"@type":"ListItem","position":2,"name":"Cien a\u00f1os de la Masacre de Napalp\u00ed: un delito de lesa humanidad y la memoria ind\u00edgena que clama territorio"}]},{"@type":"WebSite","@id":"https:\/\/www.pressenza.com\/es\/#website","url":"https:\/\/www.pressenza.com\/es\/","name":"Pressenza","description":"International Press Agency","publisher":{"@id":"https:\/\/www.pressenza.com\/es\/#organization"},"potentialAction":[{"@type":"SearchAction","target":{"@type":"EntryPoint","urlTemplate":"https:\/\/www.pressenza.com\/es\/?s={search_term_string}"},"query-input":{"@type":"PropertyValueSpecification","valueRequired":true,"valueName":"search_term_string"}}],"inLanguage":"es"},{"@type":"Organization","@id":"https:\/\/www.pressenza.com\/es\/#organization","name":"Pressenza","url":"https:\/\/www.pressenza.com\/es\/","logo":{"@type":"ImageObject","inLanguage":"es","@id":"https:\/\/www.pressenza.com\/es\/#\/schema\/logo\/image\/","url":"https:\/\/www.pressenza.com\/wp-content\/uploads\/2022\/10\/pressenza_logo_200x200.jpg","contentUrl":"https:\/\/www.pressenza.com\/wp-content\/uploads\/2022\/10\/pressenza_logo_200x200.jpg","width":200,"height":200,"caption":"Pressenza"},"image":{"@id":"https:\/\/www.pressenza.com\/es\/#\/schema\/logo\/image\/"},"sameAs":["https:\/\/www.facebook.com\/PressenzaItalia","https:\/\/x.com\/PressenzaIPA"]},{"@type":"Person","@id":"https:\/\/www.pressenza.com\/es\/#\/schema\/person\/0e60cd529ef3ecd836a42735fa83478b","name":"Dar\u00edo Aranda","description":"Dar\u00edo Aranda (argentino, 1977) es periodista. Especializado en extractivismo (petr\u00f3leo, miner\u00eda, agronegocios y forestales), escribe sobre el acontecer de los pueblos ind\u00edgenas, organizaciones campesinas y asambleas socioambientales. www.darioaranda.com.ar","url":"https:\/\/www.pressenza.com\/es\/author\/dario-aranda\/"}]}},"place":"Ciudad de Buenos Aires, Argentina","original_article_url":"https:\/\/agenciatierraviva.com.ar\/cien-anos-de-la-masacre-de-napalpi-un-delito-de-lesa-humanidad-y-la-memoria-indigena-que-clama-territorio\/","_links":{"self":[{"href":"https:\/\/www.pressenza.com\/es\/wp-json\/wp\/v2\/posts\/2537470","targetHints":{"allow":["GET"]}}],"collection":[{"href":"https:\/\/www.pressenza.com\/es\/wp-json\/wp\/v2\/posts"}],"about":[{"href":"https:\/\/www.pressenza.com\/es\/wp-json\/wp\/v2\/types\/post"}],"author":[{"embeddable":true,"href":"https:\/\/www.pressenza.com\/es\/wp-json\/wp\/v2\/users\/1210"}],"replies":[{"embeddable":true,"href":"https:\/\/www.pressenza.com\/es\/wp-json\/wp\/v2\/comments?post=2537470"}],"version-history":[{"count":0,"href":"https:\/\/www.pressenza.com\/es\/wp-json\/wp\/v2\/posts\/2537470\/revisions"}],"wp:featuredmedia":[{"embeddable":true,"href":"https:\/\/www.pressenza.com\/es\/wp-json\/wp\/v2\/media\/2537475"}],"wp:attachment":[{"href":"https:\/\/www.pressenza.com\/es\/wp-json\/wp\/v2\/media?parent=2537470"}],"wp:term":[{"taxonomy":"category","embeddable":true,"href":"https:\/\/www.pressenza.com\/es\/wp-json\/wp\/v2\/categories?post=2537470"},{"taxonomy":"post_tag","embeddable":true,"href":"https:\/\/www.pressenza.com\/es\/wp-json\/wp\/v2\/tags?post=2537470"}],"curies":[{"name":"wp","href":"https:\/\/api.w.org\/{rel}","templated":true}]}}