{"id":2537447,"date":"2024-07-19T22:09:12","date_gmt":"2024-07-19T21:09:12","guid":{"rendered":"https:\/\/www.pressenza.com\/?p=2537447"},"modified":"2024-07-20T00:39:32","modified_gmt":"2024-07-19T23:39:32","slug":"evadir-no-pagar-otra-forma-de-luchar","status":"publish","type":"post","link":"https:\/\/www.pressenza.com\/es\/2024\/07\/evadir-no-pagar-otra-forma-de-luchar\/","title":{"rendered":"Evadir, no pagar, otra forma de luchar"},"content":{"rendered":"<p><strong>Estudiantes secundarios hoy<\/strong><br \/>\nCon la frase de convocatoria a la manifestaci\u00f3n: \u00aba cualquiera que se quiera unir a te\u00f1ir esta semana con rebeld\u00eda, agitaci\u00f3n y evasiones masivas\u00bb, el centro de alumnos del Liceo de Aplicaci\u00f3n convoc\u00f3 -a trav\u00e9s de sus redes sociales- a todo estudiante de los liceos de Santiago Centro, a una \u00absemana de evasi\u00f3n\u00bb. La empresa Metro oficialmente hizo silencio y no se refiri\u00f3 p\u00fablicamente a las acciones estudiantiles. Las evasiones se realizaron en las estaciones con el c\u00e1ntico de: \u201cEvadir, no pagar, otra forma de luchar\u201d.<br \/>\nEl mundo estudiantil ha desdibujado las formas tradicionales de las relaciones de los individuos y comunidades con el Estado y ha referenciado elementos que se han tomado para la praxis pol\u00edtica y social.<br \/>\nUn primer elemento es que se instala fuertemente el concepto del sujeto pol\u00edtico; los estudiantes y la ciudadan\u00eda abandonan la pasividad para accionar, sus demandas o su oposici\u00f3n al orden, desde la politizaci\u00f3n de las tem\u00e1ticas que los afectan en su diario vivir (activismo ciudadano).<br \/>\nUn segundo elemento es la confluencia en sus \u00e1mbitos de una composici\u00f3n humana social y pol\u00edtica heterog\u00e9nea, sin diferenciaci\u00f3n, organizados en una Asamblea Coordinadora de Estudiantes Secundarios (ACES), con asambleas peri\u00f3dicas y voceros rotativos que responden directamente a la asamblea de voceros de cada liceo participante, adem\u00e1s de practicar la democracia directa y la representaci\u00f3n por mandato.<br \/>\nEl tercer elemento es que la protesta social y pol\u00edtica de los estudiantes, no es s\u00f3lo una interpelaci\u00f3n al mercado y el estado, sino tambi\u00e9n a la sociedad civil adulta a quienes cuestionan el abandonar la construcci\u00f3n del futuro y dedicarse a vivir s\u00f3lo un presente neoliberal.<br \/>\nUn cuarto elemento es el cuestionamiento al uso del t\u00e9rmino \u201cviolentos\u201d para estigmatizarlos, pues para ellos es m\u00e1s violento vivir con la incertidumbre de la eficiencia de la educaci\u00f3n que est\u00e1n recibiendo, y la utilidad pr\u00e1ctica de \u201cestudiar\u201d en un mundo tan cambiante e incierto como el actual y con la absoluta desprotecci\u00f3n de derechos por parte del Estado.<br \/>\nY el \u00faltimo elemento, y muy importante para la construcci\u00f3n de una nueva sociedad, es la comprensi\u00f3n de los entramados del Estado y del accionar pol\u00edtico que les permiti\u00f3 aspirar y demandar la configuraci\u00f3n de un Estado con responsabilidad social, con una pr\u00e1ctica pol\u00edtica responsable y con democracia directa que beneficie a todos.<\/p>\n<p><strong>Estudiantes secundarios, un poco de historia<\/strong><br \/>\nLa rebeld\u00eda de las, les y los estudiantes secundarios nuevamente se manifiesta ante el sistema neoliberal y lo m\u00e1s seguro es que no sea la \u00faltima vez. Ya el 2001 recordamos las movilizaciones conocidas como \u201cmochilazo\u201d<br \/>\nenfrentados al m\u00e1s neoliberal de los presidentes concertacionistas.<br \/>\nEn el 2006 la llamada \u201crevoluci\u00f3n pinguina\u201d, durante el gobierno de Michelle Bachelet, exig\u00edan el cumplimiento de los acuerdos establecidos los a\u00f1os previos, entre sus organizaciones y el gobierno de Ricardo Lagos. Cientos de j\u00f3venes estudiantes ocuparon y tomaron colegios, liceos, escuelas, calles y avenidas principales, saltaron, gritaron, bailaron, cantaron, jugaron, pelearon, amaron y, principalmente, exigieron y demandaron, no violentamente, una respuesta eficaz y eficiente a las autoridades gubernamentales, adem\u00e1s de defenderse de la represi\u00f3n policial y de los medios de comunicaci\u00f3n que los estigmatizaron como \u201cviolentistas\u201d, \u201cv\u00e1ndalos\u201d, \u201cdesalmados\u201d y \u201cdelincuentes\u201d.<br \/>\nEl modus operandis de los gobiernos concertacionistas, y la actitud de las autoridades respectivas, generaron las oportunidades para que se desarrollara la primera gran y masiva protesta pol\u00edtica y social en los 16 a\u00f1os de democracia neoliberal. Esta acci\u00f3n colectiva se transform\u00f3 en la rebeli\u00f3n de la que podr\u00eda denominarse la \u201csociedad civil juvenil\u201d en contra de los mecanismos de mercado que manejaban \u2013 y a\u00fan manejan &#8211; el sistema educativo y un fuerte cuestionamiento a la forma en que los gobiernos concertacionistas han actuado en las \u00faltimas d\u00e9cadas en materia educativa.<br \/>\nUno de los pilares centrales de la sociedad, la educaci\u00f3n, se coloca en discusi\u00f3n ante la demanda por la derogaci\u00f3n de la Ley Org\u00e1nica Constitucional de Ense\u00f1anza (LOCE). La sociedad civil adulta, especialmente autoridades y medios de comunicaci\u00f3n sobrepasados por sus movilizaciones, tuvieron que verlos no s\u00f3lo como ciudadanos responsables de sus actos y dichos sino tambi\u00e9n como estudiantes conscientes de que los problemas de la educaci\u00f3n se originan al concebirla como un bien de consumo y no como un derecho humano.<\/p>\n<p><strong>Las nuevas generaciones y la crisis actual<\/strong><br \/>\n\u00abEstamos al final de un obscuro per\u00edodo hist\u00f3rico y ya nada ser\u00e1 igual que antes. Poco a poco comenzar\u00e1 a clarear el alba de un nuevo d\u00eda; las culturas empezar\u00e1n a entenderse; los pueblos experimentar\u00e1n un ansia creciente de progreso para todos entendiendo que el progreso de unos pocos termina en progreso de nadie. Si, habr\u00e1 paz y por necesidad se comprender\u00e1 que se comienza a perfilar una naci\u00f3n humana universal\u00bb.<br \/>\nEntre tanto, los que no somos escuchados trabajaremos a partir de hoy en todas partes del mundo para presionar a los que deciden, para difundir los ideales de paz en base a la metodolog\u00eda de la no-violencia, para preparar el camino de los nuevos tiempos.<br \/>\n\u00abSi, vale la pena que este Mensaje y este Humanismo Universalista cobren fuerza. Vale la pena que la gente joven engrose esta fuerza moral como una variante de la Historia&#8230; que este caudal sea incontenible y se escuche su rumor en todas las lenguas de la Tierra. Entonces, las nuevas generaciones empezar\u00e1n a ense\u00f1ar a las adultas con un nuevo afecto y una nueva comprensi\u00f3n. (Extracto de Palabras de Silo con motivo de la primera celebraci\u00f3n anual del Mensaje de Silo).<\/p>\n<p>&nbsp;<\/p>\n<p>Redacci\u00f3n colaborativa de Ricardo Lisboa Henr\u00edquez; M. Ang\u00e9lica Alvear Montecinos; Guillermo Garc\u00e9s Parada; Sandra Arriola Oporto y C\u00e9sar Anguita Sanhueza. Comisi\u00f3n de Opini\u00f3n P\u00fablica<\/p>\n","protected":false},"excerpt":{"rendered":"<p>Estudiantes secundarios hoy Con la frase de convocatoria a la manifestaci\u00f3n: \u00aba cualquiera que se quiera unir a te\u00f1ir esta semana con rebeld\u00eda, agitaci\u00f3n y evasiones masivas\u00bb, el centro de alumnos del Liceo de Aplicaci\u00f3n convoc\u00f3 -a trav\u00e9s de sus&hellip;<\/p>\n","protected":false},"author":386,"featured_media":2537450,"comment_status":"closed","ping_status":"closed","sticky":false,"template":"","format":"standard","meta":{"footnotes":""},"categories":[149,11389,46976,1242,67],"tags":[29,67792,20568,394],"class_list":["post-2537447","post","type-post","status-publish","format-standard","has-post-thumbnail","hentry","category-comunicados-de-prensa","category-contenido-original","category-jovenes","category-noviolencia-tema","category-sudamerica","tag-chile","tag-evadir","tag-movimiento-estudiantil","tag-protestas-sociales"],"yoast_head":"<!-- This site is optimized with the Yoast SEO plugin v27.1.1 - https:\/\/yoast.com\/product\/yoast-seo-wordpress\/ -->\n<title>Evadir, no pagar, otra forma de luchar<\/title>\n<meta name=\"description\" content=\"Estudiantes secundarios hoy Con la frase de convocatoria a la manifestaci\u00f3n: &quot;a cualquiera que se quiera unir a te\u00f1ir esta semana con rebeld\u00eda, agitaci\u00f3n\" \/>\n<meta name=\"robots\" content=\"index, follow, max-snippet:-1, max-image-preview:large, max-video-preview:-1\" \/>\n<link rel=\"canonical\" href=\"https:\/\/www.pressenza.com\/es\/2024\/07\/evadir-no-pagar-otra-forma-de-luchar\/\" \/>\n<meta property=\"og:locale\" content=\"es_ES\" \/>\n<meta property=\"og:type\" content=\"article\" \/>\n<meta property=\"og:title\" content=\"Evadir, no pagar, otra forma de luchar\" \/>\n<meta property=\"og:description\" content=\"Estudiantes secundarios hoy Con la frase de convocatoria a la manifestaci\u00f3n: &quot;a cualquiera que se quiera unir a te\u00f1ir esta semana con rebeld\u00eda, agitaci\u00f3n\" \/>\n<meta property=\"og:url\" content=\"https:\/\/www.pressenza.com\/es\/2024\/07\/evadir-no-pagar-otra-forma-de-luchar\/\" \/>\n<meta property=\"og:site_name\" content=\"Pressenza\" \/>\n<meta property=\"article:publisher\" content=\"https:\/\/www.facebook.com\/PressenzaItalia\" \/>\n<meta property=\"article:author\" content=\"https:\/\/www.facebook.com\/PartidoHumanistaChile?fref=ts\" \/>\n<meta property=\"article:published_time\" content=\"2024-07-19T21:09:12+00:00\" \/>\n<meta property=\"article:modified_time\" content=\"2024-07-19T23:39:32+00:00\" \/>\n<meta property=\"og:image\" content=\"https:\/\/www.pressenza.com\/wp-content\/uploads\/2024\/07\/Evasion-estudiantil.jpg\" \/>\n\t<meta property=\"og:image:width\" content=\"800\" \/>\n\t<meta property=\"og:image:height\" content=\"800\" \/>\n\t<meta property=\"og:image:type\" content=\"image\/jpeg\" \/>\n<meta name=\"author\" content=\"Partido Humanista de Chile\" \/>\n<meta name=\"twitter:card\" content=\"summary_large_image\" \/>\n<meta name=\"twitter:creator\" content=\"@phumanista\" \/>\n<meta name=\"twitter:site\" content=\"@PressenzaIPA\" \/>\n<meta name=\"twitter:label1\" content=\"Escrito por\" \/>\n\t<meta name=\"twitter:data1\" content=\"Partido Humanista de Chile\" \/>\n\t<meta name=\"twitter:label2\" content=\"Tiempo de lectura\" \/>\n\t<meta name=\"twitter:data2\" content=\"5 minutos\" \/>\n<script type=\"application\/ld+json\" class=\"yoast-schema-graph\">{\"@context\":\"https:\/\/schema.org\",\"@graph\":[{\"@type\":\"Article\",\"@id\":\"https:\/\/www.pressenza.com\/es\/2024\/07\/evadir-no-pagar-otra-forma-de-luchar\/#article\",\"isPartOf\":{\"@id\":\"https:\/\/www.pressenza.com\/es\/2024\/07\/evadir-no-pagar-otra-forma-de-luchar\/\"},\"author\":{\"name\":\"Partido Humanista de Chile\",\"@id\":\"https:\/\/www.pressenza.com\/es\/#\/schema\/person\/21472c42980bab786ff5a256b8239bf5\"},\"headline\":\"Evadir, no pagar, otra forma de luchar\",\"datePublished\":\"2024-07-19T21:09:12+00:00\",\"dateModified\":\"2024-07-19T23:39:32+00:00\",\"mainEntityOfPage\":{\"@id\":\"https:\/\/www.pressenza.com\/es\/2024\/07\/evadir-no-pagar-otra-forma-de-luchar\/\"},\"wordCount\":1016,\"publisher\":{\"@id\":\"https:\/\/www.pressenza.com\/es\/#organization\"},\"image\":{\"@id\":\"https:\/\/www.pressenza.com\/es\/2024\/07\/evadir-no-pagar-otra-forma-de-luchar\/#primaryimage\"},\"thumbnailUrl\":\"https:\/\/www.pressenza.com\/wp-content\/uploads\/2024\/07\/Evasion-estudiantil.jpg\",\"keywords\":[\"Chile\",\"evadir\",\"Movimiento estudiantil\",\"protestas sociales\"],\"articleSection\":[\"Comunicados de Prensa\",\"Contenido Original\",\"J\u00f3venes\",\"Noviolencia\",\"Sudam\u00e9rica\"],\"inLanguage\":\"es\"},{\"@type\":\"WebPage\",\"@id\":\"https:\/\/www.pressenza.com\/es\/2024\/07\/evadir-no-pagar-otra-forma-de-luchar\/\",\"url\":\"https:\/\/www.pressenza.com\/es\/2024\/07\/evadir-no-pagar-otra-forma-de-luchar\/\",\"name\":\"Evadir, no pagar, otra forma de luchar\",\"isPartOf\":{\"@id\":\"https:\/\/www.pressenza.com\/es\/#website\"},\"primaryImageOfPage\":{\"@id\":\"https:\/\/www.pressenza.com\/es\/2024\/07\/evadir-no-pagar-otra-forma-de-luchar\/#primaryimage\"},\"image\":{\"@id\":\"https:\/\/www.pressenza.com\/es\/2024\/07\/evadir-no-pagar-otra-forma-de-luchar\/#primaryimage\"},\"thumbnailUrl\":\"https:\/\/www.pressenza.com\/wp-content\/uploads\/2024\/07\/Evasion-estudiantil.jpg\",\"datePublished\":\"2024-07-19T21:09:12+00:00\",\"dateModified\":\"2024-07-19T23:39:32+00:00\",\"description\":\"Estudiantes secundarios hoy Con la frase de convocatoria a la manifestaci\u00f3n: \\\"a cualquiera que se quiera unir a te\u00f1ir esta semana con rebeld\u00eda, agitaci\u00f3n\",\"breadcrumb\":{\"@id\":\"https:\/\/www.pressenza.com\/es\/2024\/07\/evadir-no-pagar-otra-forma-de-luchar\/#breadcrumb\"},\"inLanguage\":\"es\",\"potentialAction\":[{\"@type\":\"ReadAction\",\"target\":[\"https:\/\/www.pressenza.com\/es\/2024\/07\/evadir-no-pagar-otra-forma-de-luchar\/\"]}]},{\"@type\":\"ImageObject\",\"inLanguage\":\"es\",\"@id\":\"https:\/\/www.pressenza.com\/es\/2024\/07\/evadir-no-pagar-otra-forma-de-luchar\/#primaryimage\",\"url\":\"https:\/\/www.pressenza.com\/wp-content\/uploads\/2024\/07\/Evasion-estudiantil.jpg\",\"contentUrl\":\"https:\/\/www.pressenza.com\/wp-content\/uploads\/2024\/07\/Evasion-estudiantil.jpg\",\"width\":800,\"height\":800},{\"@type\":\"BreadcrumbList\",\"@id\":\"https:\/\/www.pressenza.com\/es\/2024\/07\/evadir-no-pagar-otra-forma-de-luchar\/#breadcrumb\",\"itemListElement\":[{\"@type\":\"ListItem\",\"position\":1,\"name\":\"Accueil\",\"item\":\"https:\/\/www.pressenza.com\/es\/\"},{\"@type\":\"ListItem\",\"position\":2,\"name\":\"Evadir, no pagar, otra forma de luchar\"}]},{\"@type\":\"WebSite\",\"@id\":\"https:\/\/www.pressenza.com\/es\/#website\",\"url\":\"https:\/\/www.pressenza.com\/es\/\",\"name\":\"Pressenza\",\"description\":\"International Press Agency\",\"publisher\":{\"@id\":\"https:\/\/www.pressenza.com\/es\/#organization\"},\"potentialAction\":[{\"@type\":\"SearchAction\",\"target\":{\"@type\":\"EntryPoint\",\"urlTemplate\":\"https:\/\/www.pressenza.com\/es\/?s={search_term_string}\"},\"query-input\":{\"@type\":\"PropertyValueSpecification\",\"valueRequired\":true,\"valueName\":\"search_term_string\"}}],\"inLanguage\":\"es\"},{\"@type\":\"Organization\",\"@id\":\"https:\/\/www.pressenza.com\/es\/#organization\",\"name\":\"Pressenza\",\"url\":\"https:\/\/www.pressenza.com\/es\/\",\"logo\":{\"@type\":\"ImageObject\",\"inLanguage\":\"es\",\"@id\":\"https:\/\/www.pressenza.com\/es\/#\/schema\/logo\/image\/\",\"url\":\"https:\/\/www.pressenza.com\/wp-content\/uploads\/2022\/10\/pressenza_logo_200x200.jpg\",\"contentUrl\":\"https:\/\/www.pressenza.com\/wp-content\/uploads\/2022\/10\/pressenza_logo_200x200.jpg\",\"width\":200,\"height\":200,\"caption\":\"Pressenza\"},\"image\":{\"@id\":\"https:\/\/www.pressenza.com\/es\/#\/schema\/logo\/image\/\"},\"sameAs\":[\"https:\/\/www.facebook.com\/PressenzaItalia\",\"https:\/\/x.com\/PressenzaIPA\"]},{\"@type\":\"Person\",\"@id\":\"https:\/\/www.pressenza.com\/es\/#\/schema\/person\/21472c42980bab786ff5a256b8239bf5\",\"name\":\"Partido Humanista de Chile\",\"description\":\"www.partidohumanista.cl\",\"sameAs\":[\"https:\/\/www.facebook.com\/PartidoHumanistaChile?fref=ts\",\"https:\/\/x.com\/phumanista\"],\"url\":\"https:\/\/www.pressenza.com\/es\/author\/partido-humanista-de-chile\/\"}]}<\/script>\n<!-- \/ Yoast SEO plugin. -->","yoast_head_json":{"title":"Evadir, no pagar, otra forma de luchar","description":"Estudiantes secundarios hoy Con la frase de convocatoria a la manifestaci\u00f3n: \"a cualquiera que se quiera unir a te\u00f1ir esta semana con rebeld\u00eda, agitaci\u00f3n","robots":{"index":"index","follow":"follow","max-snippet":"max-snippet:-1","max-image-preview":"max-image-preview:large","max-video-preview":"max-video-preview:-1"},"canonical":"https:\/\/www.pressenza.com\/es\/2024\/07\/evadir-no-pagar-otra-forma-de-luchar\/","og_locale":"es_ES","og_type":"article","og_title":"Evadir, no pagar, otra forma de luchar","og_description":"Estudiantes secundarios hoy Con la frase de convocatoria a la manifestaci\u00f3n: \"a cualquiera que se quiera unir a te\u00f1ir esta semana con rebeld\u00eda, agitaci\u00f3n","og_url":"https:\/\/www.pressenza.com\/es\/2024\/07\/evadir-no-pagar-otra-forma-de-luchar\/","og_site_name":"Pressenza","article_publisher":"https:\/\/www.facebook.com\/PressenzaItalia","article_author":"https:\/\/www.facebook.com\/PartidoHumanistaChile?fref=ts","article_published_time":"2024-07-19T21:09:12+00:00","article_modified_time":"2024-07-19T23:39:32+00:00","og_image":[{"width":800,"height":800,"url":"https:\/\/www.pressenza.com\/wp-content\/uploads\/2024\/07\/Evasion-estudiantil.jpg","type":"image\/jpeg"}],"author":"Partido Humanista de Chile","twitter_card":"summary_large_image","twitter_creator":"@phumanista","twitter_site":"@PressenzaIPA","twitter_misc":{"Escrito por":"Partido Humanista de Chile","Tiempo de lectura":"5 minutos"},"schema":{"@context":"https:\/\/schema.org","@graph":[{"@type":"Article","@id":"https:\/\/www.pressenza.com\/es\/2024\/07\/evadir-no-pagar-otra-forma-de-luchar\/#article","isPartOf":{"@id":"https:\/\/www.pressenza.com\/es\/2024\/07\/evadir-no-pagar-otra-forma-de-luchar\/"},"author":{"name":"Partido Humanista de Chile","@id":"https:\/\/www.pressenza.com\/es\/#\/schema\/person\/21472c42980bab786ff5a256b8239bf5"},"headline":"Evadir, no pagar, otra forma de luchar","datePublished":"2024-07-19T21:09:12+00:00","dateModified":"2024-07-19T23:39:32+00:00","mainEntityOfPage":{"@id":"https:\/\/www.pressenza.com\/es\/2024\/07\/evadir-no-pagar-otra-forma-de-luchar\/"},"wordCount":1016,"publisher":{"@id":"https:\/\/www.pressenza.com\/es\/#organization"},"image":{"@id":"https:\/\/www.pressenza.com\/es\/2024\/07\/evadir-no-pagar-otra-forma-de-luchar\/#primaryimage"},"thumbnailUrl":"https:\/\/www.pressenza.com\/wp-content\/uploads\/2024\/07\/Evasion-estudiantil.jpg","keywords":["Chile","evadir","Movimiento estudiantil","protestas sociales"],"articleSection":["Comunicados de Prensa","Contenido Original","J\u00f3venes","Noviolencia","Sudam\u00e9rica"],"inLanguage":"es"},{"@type":"WebPage","@id":"https:\/\/www.pressenza.com\/es\/2024\/07\/evadir-no-pagar-otra-forma-de-luchar\/","url":"https:\/\/www.pressenza.com\/es\/2024\/07\/evadir-no-pagar-otra-forma-de-luchar\/","name":"Evadir, no pagar, otra forma de luchar","isPartOf":{"@id":"https:\/\/www.pressenza.com\/es\/#website"},"primaryImageOfPage":{"@id":"https:\/\/www.pressenza.com\/es\/2024\/07\/evadir-no-pagar-otra-forma-de-luchar\/#primaryimage"},"image":{"@id":"https:\/\/www.pressenza.com\/es\/2024\/07\/evadir-no-pagar-otra-forma-de-luchar\/#primaryimage"},"thumbnailUrl":"https:\/\/www.pressenza.com\/wp-content\/uploads\/2024\/07\/Evasion-estudiantil.jpg","datePublished":"2024-07-19T21:09:12+00:00","dateModified":"2024-07-19T23:39:32+00:00","description":"Estudiantes secundarios hoy Con la frase de convocatoria a la manifestaci\u00f3n: \"a cualquiera que se quiera unir a te\u00f1ir esta semana con rebeld\u00eda, agitaci\u00f3n","breadcrumb":{"@id":"https:\/\/www.pressenza.com\/es\/2024\/07\/evadir-no-pagar-otra-forma-de-luchar\/#breadcrumb"},"inLanguage":"es","potentialAction":[{"@type":"ReadAction","target":["https:\/\/www.pressenza.com\/es\/2024\/07\/evadir-no-pagar-otra-forma-de-luchar\/"]}]},{"@type":"ImageObject","inLanguage":"es","@id":"https:\/\/www.pressenza.com\/es\/2024\/07\/evadir-no-pagar-otra-forma-de-luchar\/#primaryimage","url":"https:\/\/www.pressenza.com\/wp-content\/uploads\/2024\/07\/Evasion-estudiantil.jpg","contentUrl":"https:\/\/www.pressenza.com\/wp-content\/uploads\/2024\/07\/Evasion-estudiantil.jpg","width":800,"height":800},{"@type":"BreadcrumbList","@id":"https:\/\/www.pressenza.com\/es\/2024\/07\/evadir-no-pagar-otra-forma-de-luchar\/#breadcrumb","itemListElement":[{"@type":"ListItem","position":1,"name":"Accueil","item":"https:\/\/www.pressenza.com\/es\/"},{"@type":"ListItem","position":2,"name":"Evadir, no pagar, otra forma de luchar"}]},{"@type":"WebSite","@id":"https:\/\/www.pressenza.com\/es\/#website","url":"https:\/\/www.pressenza.com\/es\/","name":"Pressenza","description":"International Press Agency","publisher":{"@id":"https:\/\/www.pressenza.com\/es\/#organization"},"potentialAction":[{"@type":"SearchAction","target":{"@type":"EntryPoint","urlTemplate":"https:\/\/www.pressenza.com\/es\/?s={search_term_string}"},"query-input":{"@type":"PropertyValueSpecification","valueRequired":true,"valueName":"search_term_string"}}],"inLanguage":"es"},{"@type":"Organization","@id":"https:\/\/www.pressenza.com\/es\/#organization","name":"Pressenza","url":"https:\/\/www.pressenza.com\/es\/","logo":{"@type":"ImageObject","inLanguage":"es","@id":"https:\/\/www.pressenza.com\/es\/#\/schema\/logo\/image\/","url":"https:\/\/www.pressenza.com\/wp-content\/uploads\/2022\/10\/pressenza_logo_200x200.jpg","contentUrl":"https:\/\/www.pressenza.com\/wp-content\/uploads\/2022\/10\/pressenza_logo_200x200.jpg","width":200,"height":200,"caption":"Pressenza"},"image":{"@id":"https:\/\/www.pressenza.com\/es\/#\/schema\/logo\/image\/"},"sameAs":["https:\/\/www.facebook.com\/PressenzaItalia","https:\/\/x.com\/PressenzaIPA"]},{"@type":"Person","@id":"https:\/\/www.pressenza.com\/es\/#\/schema\/person\/21472c42980bab786ff5a256b8239bf5","name":"Partido Humanista de Chile","description":"www.partidohumanista.cl","sameAs":["https:\/\/www.facebook.com\/PartidoHumanistaChile?fref=ts","https:\/\/x.com\/phumanista"],"url":"https:\/\/www.pressenza.com\/es\/author\/partido-humanista-de-chile\/"}]}},"place":"Santiago de Chile","original_article_url":"","_links":{"self":[{"href":"https:\/\/www.pressenza.com\/es\/wp-json\/wp\/v2\/posts\/2537447","targetHints":{"allow":["GET"]}}],"collection":[{"href":"https:\/\/www.pressenza.com\/es\/wp-json\/wp\/v2\/posts"}],"about":[{"href":"https:\/\/www.pressenza.com\/es\/wp-json\/wp\/v2\/types\/post"}],"author":[{"embeddable":true,"href":"https:\/\/www.pressenza.com\/es\/wp-json\/wp\/v2\/users\/386"}],"replies":[{"embeddable":true,"href":"https:\/\/www.pressenza.com\/es\/wp-json\/wp\/v2\/comments?post=2537447"}],"version-history":[{"count":0,"href":"https:\/\/www.pressenza.com\/es\/wp-json\/wp\/v2\/posts\/2537447\/revisions"}],"wp:featuredmedia":[{"embeddable":true,"href":"https:\/\/www.pressenza.com\/es\/wp-json\/wp\/v2\/media\/2537450"}],"wp:attachment":[{"href":"https:\/\/www.pressenza.com\/es\/wp-json\/wp\/v2\/media?parent=2537447"}],"wp:term":[{"taxonomy":"category","embeddable":true,"href":"https:\/\/www.pressenza.com\/es\/wp-json\/wp\/v2\/categories?post=2537447"},{"taxonomy":"post_tag","embeddable":true,"href":"https:\/\/www.pressenza.com\/es\/wp-json\/wp\/v2\/tags?post=2537447"}],"curies":[{"name":"wp","href":"https:\/\/api.w.org\/{rel}","templated":true}]}}