{"id":2537207,"date":"2024-07-18T16:56:32","date_gmt":"2024-07-18T15:56:32","guid":{"rendered":"https:\/\/www.pressenza.com\/?p=2537207"},"modified":"2024-07-18T17:00:33","modified_gmt":"2024-07-18T16:00:33","slug":"indh-otorgo-premio-nacional-de-derechos-humanos-a-claudio-gonzalez-urbina","status":"publish","type":"post","link":"https:\/\/www.pressenza.com\/es\/2024\/07\/indh-otorgo-premio-nacional-de-derechos-humanos-a-claudio-gonzalez-urbina\/","title":{"rendered":"INDH otorg\u00f3 Premio Nacional de Derechos Humanos a Claudio Gonz\u00e1lez Urbina"},"content":{"rendered":"<p><strong>\u00abEs actualmente secretario ejecutivo de la Fundaci\u00f3n de Ayuda Social de las Iglesias Cristianas (FASIC) y contin\u00faa liderando el trabajo de apoyo a la poblaci\u00f3n refugiada y migrante en las distintas regiones del pa\u00eds y dirige el Sitio de Memoria FASIC. Fue parte del Comit\u00e9 Nacional de Ayuda a los Refugiados (CONAR). Se indic\u00f3 que el premio se le dio por si \u201cdestacada trayectoria y aporte sobresaliente que ha desarrollado en el \u00e1mbito de la verdad, justicia, recuperaci\u00f3n y acompa\u00f1amiento a v\u00edctimas de la dictadura militar, as\u00ed como en materia de migraci\u00f3n y refugio\u201d.<\/strong><\/p>\n<p>Desde el Instituto Nacional de Derechos Humanos (INDH) se inform\u00f3 que fue otorgado el Premio Nacional de Derechos Humanos 2024 a Claudio Gonz\u00e1lez Urbina, secretario ejecutivo de la Fundaci\u00f3n de Ayuda Social de las Iglesias Cristianas (FASIC). Tambi\u00e9n, en tiempos de dictadura, fue parte del Comit\u00e9 Nacional de Ayuda a los Refugiados (CONAR).<\/p>\n<p>En una nota del Instituto se dijo que el galard\u00f3n a Gonz\u00e1lez Urbina fue en consideraci\u00f3n \u201ca la destacada trayectoria y aporte sobresaliente que ha desarrollado en el \u00e1mbito de la verdad, justicia, recuperaci\u00f3n y acompa\u00f1amiento a v\u00edctimas de la dictadura militar, as\u00ed como en materia de migraci\u00f3n y refugio\u201d.<\/p>\n<p>Se indic\u00f3 que Claudio Gonz\u00e1lez ingres\u00f3 al Comit\u00e9 Nacional de Ayuda a los Refugiados (CONAR) para trabajar en la salida del pa\u00eds (repatriaci\u00f3n o tercer pa\u00eds) de personas extranjeras (refugiadas) y chilenas que se encontraban asiladas en las embajadas. En abril de 1975 se crea la Fundaci\u00f3n de Ayuda Social de las Iglesias Cristianas (FASIC), instituci\u00f3n de car\u00e1cter ecum\u00e9nico, comprometida en la pr\u00e1ctica cotidiana de los derechos humanos e inspirada en la perspectiva cristiana de liberaci\u00f3n y dignidad de las personas, de la que Claudio Gonz\u00e1lez ha sido secretario ejecutivo hasta la fecha.<\/p>\n<p>El comunicado del INDH sostuvo que \u201cdesde dicho \u00e1mbito de acci\u00f3n, Claudio Gonz\u00e1lez ha trabajado incansablemente no solo en lo relativo a las v\u00edctimas de la dictadura militar, sino tambi\u00e9n en materia de migraci\u00f3n y refugio: Implement\u00f3 la organizaci\u00f3n y trabajo con presos pol\u00edticos encarcelados a nivel nacional, por el cual obtuvieron su libertad, viajando al extranjero, m\u00e1s de dos mil personas encarceladas\u201d.<\/p>\n<p>El Premio Nacional de Derechos Humanos 2024 actualmente contin\u00faa liderando el trabajo de apoyo a la poblaci\u00f3n refugiada y migrante en las distintas regiones del pa\u00eds y dirige el Sitio de Memoria FASIC con actividades de promoci\u00f3n de derechos humanos de car\u00e1cter nacional e internacional.<\/p>\n","protected":false},"excerpt":{"rendered":"<p>\u00abEs actualmente secretario ejecutivo de la Fundaci\u00f3n de Ayuda Social de las Iglesias Cristianas (FASIC) y contin\u00faa liderando el trabajo de apoyo a la poblaci\u00f3n refugiada y migrante en las distintas regiones del pa\u00eds y dirige el Sitio de Memoria&hellip;<\/p>\n","protected":false},"author":2267,"featured_media":2537210,"comment_status":"closed","ping_status":"closed","sticky":false,"template":"","format":"standard","meta":{"footnotes":""},"categories":[79,106739,67],"tags":[29,12067,66844,124818],"class_list":["post-2537207","post","type-post","status-publish","format-standard","has-post-thumbnail","hentry","category-derechos-humanos","category-noticia","category-sudamerica","tag-chile","tag-ddhh","tag-indh","tag-premio-nacional"],"yoast_head":"<!-- This site is optimized with the Yoast SEO plugin v27.1.1 - https:\/\/yoast.com\/product\/yoast-seo-wordpress\/ -->\n<title>INDH otorg\u00f3 Premio Nacional de Derechos Humanos a Claudio Gonz\u00e1lez Urbina<\/title>\n<meta name=\"description\" content=\"&quot;Es actualmente secretario ejecutivo de la Fundaci\u00f3n de Ayuda Social de las Iglesias Cristianas (FASIC) y contin\u00faa liderando el trabajo de apoyo a la\" \/>\n<meta name=\"robots\" content=\"index, follow, max-snippet:-1, max-image-preview:large, max-video-preview:-1\" \/>\n<link rel=\"canonical\" href=\"https:\/\/www.pressenza.com\/es\/2024\/07\/indh-otorgo-premio-nacional-de-derechos-humanos-a-claudio-gonzalez-urbina\/\" \/>\n<meta property=\"og:locale\" content=\"es_ES\" \/>\n<meta property=\"og:type\" content=\"article\" \/>\n<meta property=\"og:title\" content=\"INDH otorg\u00f3 Premio Nacional de Derechos Humanos a Claudio Gonz\u00e1lez Urbina\" \/>\n<meta property=\"og:description\" content=\"&quot;Es actualmente secretario ejecutivo de la Fundaci\u00f3n de Ayuda Social de las Iglesias Cristianas (FASIC) y contin\u00faa liderando el trabajo de apoyo a la\" \/>\n<meta property=\"og:url\" content=\"https:\/\/www.pressenza.com\/es\/2024\/07\/indh-otorgo-premio-nacional-de-derechos-humanos-a-claudio-gonzalez-urbina\/\" \/>\n<meta property=\"og:site_name\" content=\"Pressenza\" \/>\n<meta property=\"article:publisher\" content=\"https:\/\/www.facebook.com\/PressenzaItalia\" \/>\n<meta property=\"article:published_time\" content=\"2024-07-18T15:56:32+00:00\" \/>\n<meta property=\"article:modified_time\" content=\"2024-07-18T16:00:33+00:00\" \/>\n<meta property=\"og:image\" content=\"https:\/\/www.pressenza.com\/wp-content\/uploads\/2024\/07\/claudio-gonzalez-urbina-retrato-300x196-2.jpg\" \/>\n\t<meta property=\"og:image:width\" content=\"567\" \/>\n\t<meta property=\"og:image:height\" content=\"371\" \/>\n\t<meta property=\"og:image:type\" content=\"image\/jpeg\" \/>\n<meta name=\"author\" content=\"El Siglo\" \/>\n<meta name=\"twitter:card\" content=\"summary_large_image\" \/>\n<meta name=\"twitter:creator\" content=\"@PressenzaIPA\" \/>\n<meta name=\"twitter:site\" content=\"@PressenzaIPA\" \/>\n<meta name=\"twitter:label1\" content=\"Escrito por\" \/>\n\t<meta name=\"twitter:data1\" content=\"El Siglo\" \/>\n\t<meta name=\"twitter:label2\" content=\"Tiempo de lectura\" \/>\n\t<meta name=\"twitter:data2\" content=\"2 minutos\" \/>\n<script type=\"application\/ld+json\" class=\"yoast-schema-graph\">{\"@context\":\"https:\/\/schema.org\",\"@graph\":[{\"@type\":\"Article\",\"@id\":\"https:\/\/www.pressenza.com\/es\/2024\/07\/indh-otorgo-premio-nacional-de-derechos-humanos-a-claudio-gonzalez-urbina\/#article\",\"isPartOf\":{\"@id\":\"https:\/\/www.pressenza.com\/es\/2024\/07\/indh-otorgo-premio-nacional-de-derechos-humanos-a-claudio-gonzalez-urbina\/\"},\"author\":{\"name\":\"El Siglo\",\"@id\":\"https:\/\/www.pressenza.com\/es\/#\/schema\/person\/3c878b6a6af4983c664120d236135284\"},\"headline\":\"INDH otorg\u00f3 Premio Nacional de Derechos Humanos a Claudio Gonz\u00e1lez Urbina\",\"datePublished\":\"2024-07-18T15:56:32+00:00\",\"dateModified\":\"2024-07-18T16:00:33+00:00\",\"mainEntityOfPage\":{\"@id\":\"https:\/\/www.pressenza.com\/es\/2024\/07\/indh-otorgo-premio-nacional-de-derechos-humanos-a-claudio-gonzalez-urbina\/\"},\"wordCount\":449,\"publisher\":{\"@id\":\"https:\/\/www.pressenza.com\/es\/#organization\"},\"image\":{\"@id\":\"https:\/\/www.pressenza.com\/es\/2024\/07\/indh-otorgo-premio-nacional-de-derechos-humanos-a-claudio-gonzalez-urbina\/#primaryimage\"},\"thumbnailUrl\":\"https:\/\/www.pressenza.com\/wp-content\/uploads\/2024\/07\/claudio-gonzalez-urbina-retrato-300x196-2.jpg\",\"keywords\":[\"Chile\",\"DDHH\",\"INDH\",\"Premio Nacional\"],\"articleSection\":[\"Derechos Humanos\",\"Noticia\",\"Sudam\u00e9rica\"],\"inLanguage\":\"es\"},{\"@type\":\"WebPage\",\"@id\":\"https:\/\/www.pressenza.com\/es\/2024\/07\/indh-otorgo-premio-nacional-de-derechos-humanos-a-claudio-gonzalez-urbina\/\",\"url\":\"https:\/\/www.pressenza.com\/es\/2024\/07\/indh-otorgo-premio-nacional-de-derechos-humanos-a-claudio-gonzalez-urbina\/\",\"name\":\"INDH otorg\u00f3 Premio Nacional de Derechos Humanos a Claudio Gonz\u00e1lez Urbina\",\"isPartOf\":{\"@id\":\"https:\/\/www.pressenza.com\/es\/#website\"},\"primaryImageOfPage\":{\"@id\":\"https:\/\/www.pressenza.com\/es\/2024\/07\/indh-otorgo-premio-nacional-de-derechos-humanos-a-claudio-gonzalez-urbina\/#primaryimage\"},\"image\":{\"@id\":\"https:\/\/www.pressenza.com\/es\/2024\/07\/indh-otorgo-premio-nacional-de-derechos-humanos-a-claudio-gonzalez-urbina\/#primaryimage\"},\"thumbnailUrl\":\"https:\/\/www.pressenza.com\/wp-content\/uploads\/2024\/07\/claudio-gonzalez-urbina-retrato-300x196-2.jpg\",\"datePublished\":\"2024-07-18T15:56:32+00:00\",\"dateModified\":\"2024-07-18T16:00:33+00:00\",\"description\":\"\\\"Es actualmente secretario ejecutivo de la Fundaci\u00f3n de Ayuda Social de las Iglesias Cristianas (FASIC) y contin\u00faa liderando el trabajo de apoyo a la\",\"breadcrumb\":{\"@id\":\"https:\/\/www.pressenza.com\/es\/2024\/07\/indh-otorgo-premio-nacional-de-derechos-humanos-a-claudio-gonzalez-urbina\/#breadcrumb\"},\"inLanguage\":\"es\",\"potentialAction\":[{\"@type\":\"ReadAction\",\"target\":[\"https:\/\/www.pressenza.com\/es\/2024\/07\/indh-otorgo-premio-nacional-de-derechos-humanos-a-claudio-gonzalez-urbina\/\"]}]},{\"@type\":\"ImageObject\",\"inLanguage\":\"es\",\"@id\":\"https:\/\/www.pressenza.com\/es\/2024\/07\/indh-otorgo-premio-nacional-de-derechos-humanos-a-claudio-gonzalez-urbina\/#primaryimage\",\"url\":\"https:\/\/www.pressenza.com\/wp-content\/uploads\/2024\/07\/claudio-gonzalez-urbina-retrato-300x196-2.jpg\",\"contentUrl\":\"https:\/\/www.pressenza.com\/wp-content\/uploads\/2024\/07\/claudio-gonzalez-urbina-retrato-300x196-2.jpg\",\"width\":567,\"height\":371},{\"@type\":\"BreadcrumbList\",\"@id\":\"https:\/\/www.pressenza.com\/es\/2024\/07\/indh-otorgo-premio-nacional-de-derechos-humanos-a-claudio-gonzalez-urbina\/#breadcrumb\",\"itemListElement\":[{\"@type\":\"ListItem\",\"position\":1,\"name\":\"Accueil\",\"item\":\"https:\/\/www.pressenza.com\/es\/\"},{\"@type\":\"ListItem\",\"position\":2,\"name\":\"INDH otorg\u00f3 Premio Nacional de Derechos Humanos a Claudio Gonz\u00e1lez Urbina\"}]},{\"@type\":\"WebSite\",\"@id\":\"https:\/\/www.pressenza.com\/es\/#website\",\"url\":\"https:\/\/www.pressenza.com\/es\/\",\"name\":\"Pressenza\",\"description\":\"International Press Agency\",\"publisher\":{\"@id\":\"https:\/\/www.pressenza.com\/es\/#organization\"},\"potentialAction\":[{\"@type\":\"SearchAction\",\"target\":{\"@type\":\"EntryPoint\",\"urlTemplate\":\"https:\/\/www.pressenza.com\/es\/?s={search_term_string}\"},\"query-input\":{\"@type\":\"PropertyValueSpecification\",\"valueRequired\":true,\"valueName\":\"search_term_string\"}}],\"inLanguage\":\"es\"},{\"@type\":\"Organization\",\"@id\":\"https:\/\/www.pressenza.com\/es\/#organization\",\"name\":\"Pressenza\",\"url\":\"https:\/\/www.pressenza.com\/es\/\",\"logo\":{\"@type\":\"ImageObject\",\"inLanguage\":\"es\",\"@id\":\"https:\/\/www.pressenza.com\/es\/#\/schema\/logo\/image\/\",\"url\":\"https:\/\/www.pressenza.com\/wp-content\/uploads\/2022\/10\/pressenza_logo_200x200.jpg\",\"contentUrl\":\"https:\/\/www.pressenza.com\/wp-content\/uploads\/2022\/10\/pressenza_logo_200x200.jpg\",\"width\":200,\"height\":200,\"caption\":\"Pressenza\"},\"image\":{\"@id\":\"https:\/\/www.pressenza.com\/es\/#\/schema\/logo\/image\/\"},\"sameAs\":[\"https:\/\/www.facebook.com\/PressenzaItalia\",\"https:\/\/x.com\/PressenzaIPA\"]},{\"@type\":\"Person\",\"@id\":\"https:\/\/www.pressenza.com\/es\/#\/schema\/person\/3c878b6a6af4983c664120d236135284\",\"name\":\"El Siglo\",\"description\":\"Publicaci\u00f3n oficial del Partido Comunista de Chile.\",\"sameAs\":[\"https:\/\/elsiglo.cl\"],\"url\":\"https:\/\/www.pressenza.com\/es\/author\/el-siglo\/\"}]}<\/script>\n<!-- \/ Yoast SEO plugin. -->","yoast_head_json":{"title":"INDH otorg\u00f3 Premio Nacional de Derechos Humanos a Claudio Gonz\u00e1lez Urbina","description":"\"Es actualmente secretario ejecutivo de la Fundaci\u00f3n de Ayuda Social de las Iglesias Cristianas (FASIC) y contin\u00faa liderando el trabajo de apoyo a la","robots":{"index":"index","follow":"follow","max-snippet":"max-snippet:-1","max-image-preview":"max-image-preview:large","max-video-preview":"max-video-preview:-1"},"canonical":"https:\/\/www.pressenza.com\/es\/2024\/07\/indh-otorgo-premio-nacional-de-derechos-humanos-a-claudio-gonzalez-urbina\/","og_locale":"es_ES","og_type":"article","og_title":"INDH otorg\u00f3 Premio Nacional de Derechos Humanos a Claudio Gonz\u00e1lez Urbina","og_description":"\"Es actualmente secretario ejecutivo de la Fundaci\u00f3n de Ayuda Social de las Iglesias Cristianas (FASIC) y contin\u00faa liderando el trabajo de apoyo a la","og_url":"https:\/\/www.pressenza.com\/es\/2024\/07\/indh-otorgo-premio-nacional-de-derechos-humanos-a-claudio-gonzalez-urbina\/","og_site_name":"Pressenza","article_publisher":"https:\/\/www.facebook.com\/PressenzaItalia","article_published_time":"2024-07-18T15:56:32+00:00","article_modified_time":"2024-07-18T16:00:33+00:00","og_image":[{"width":567,"height":371,"url":"https:\/\/www.pressenza.com\/wp-content\/uploads\/2024\/07\/claudio-gonzalez-urbina-retrato-300x196-2.jpg","type":"image\/jpeg"}],"author":"El Siglo","twitter_card":"summary_large_image","twitter_creator":"@PressenzaIPA","twitter_site":"@PressenzaIPA","twitter_misc":{"Escrito por":"El Siglo","Tiempo de lectura":"2 minutos"},"schema":{"@context":"https:\/\/schema.org","@graph":[{"@type":"Article","@id":"https:\/\/www.pressenza.com\/es\/2024\/07\/indh-otorgo-premio-nacional-de-derechos-humanos-a-claudio-gonzalez-urbina\/#article","isPartOf":{"@id":"https:\/\/www.pressenza.com\/es\/2024\/07\/indh-otorgo-premio-nacional-de-derechos-humanos-a-claudio-gonzalez-urbina\/"},"author":{"name":"El Siglo","@id":"https:\/\/www.pressenza.com\/es\/#\/schema\/person\/3c878b6a6af4983c664120d236135284"},"headline":"INDH otorg\u00f3 Premio Nacional de Derechos Humanos a Claudio Gonz\u00e1lez Urbina","datePublished":"2024-07-18T15:56:32+00:00","dateModified":"2024-07-18T16:00:33+00:00","mainEntityOfPage":{"@id":"https:\/\/www.pressenza.com\/es\/2024\/07\/indh-otorgo-premio-nacional-de-derechos-humanos-a-claudio-gonzalez-urbina\/"},"wordCount":449,"publisher":{"@id":"https:\/\/www.pressenza.com\/es\/#organization"},"image":{"@id":"https:\/\/www.pressenza.com\/es\/2024\/07\/indh-otorgo-premio-nacional-de-derechos-humanos-a-claudio-gonzalez-urbina\/#primaryimage"},"thumbnailUrl":"https:\/\/www.pressenza.com\/wp-content\/uploads\/2024\/07\/claudio-gonzalez-urbina-retrato-300x196-2.jpg","keywords":["Chile","DDHH","INDH","Premio Nacional"],"articleSection":["Derechos Humanos","Noticia","Sudam\u00e9rica"],"inLanguage":"es"},{"@type":"WebPage","@id":"https:\/\/www.pressenza.com\/es\/2024\/07\/indh-otorgo-premio-nacional-de-derechos-humanos-a-claudio-gonzalez-urbina\/","url":"https:\/\/www.pressenza.com\/es\/2024\/07\/indh-otorgo-premio-nacional-de-derechos-humanos-a-claudio-gonzalez-urbina\/","name":"INDH otorg\u00f3 Premio Nacional de Derechos Humanos a Claudio Gonz\u00e1lez Urbina","isPartOf":{"@id":"https:\/\/www.pressenza.com\/es\/#website"},"primaryImageOfPage":{"@id":"https:\/\/www.pressenza.com\/es\/2024\/07\/indh-otorgo-premio-nacional-de-derechos-humanos-a-claudio-gonzalez-urbina\/#primaryimage"},"image":{"@id":"https:\/\/www.pressenza.com\/es\/2024\/07\/indh-otorgo-premio-nacional-de-derechos-humanos-a-claudio-gonzalez-urbina\/#primaryimage"},"thumbnailUrl":"https:\/\/www.pressenza.com\/wp-content\/uploads\/2024\/07\/claudio-gonzalez-urbina-retrato-300x196-2.jpg","datePublished":"2024-07-18T15:56:32+00:00","dateModified":"2024-07-18T16:00:33+00:00","description":"\"Es actualmente secretario ejecutivo de la Fundaci\u00f3n de Ayuda Social de las Iglesias Cristianas (FASIC) y contin\u00faa liderando el trabajo de apoyo a la","breadcrumb":{"@id":"https:\/\/www.pressenza.com\/es\/2024\/07\/indh-otorgo-premio-nacional-de-derechos-humanos-a-claudio-gonzalez-urbina\/#breadcrumb"},"inLanguage":"es","potentialAction":[{"@type":"ReadAction","target":["https:\/\/www.pressenza.com\/es\/2024\/07\/indh-otorgo-premio-nacional-de-derechos-humanos-a-claudio-gonzalez-urbina\/"]}]},{"@type":"ImageObject","inLanguage":"es","@id":"https:\/\/www.pressenza.com\/es\/2024\/07\/indh-otorgo-premio-nacional-de-derechos-humanos-a-claudio-gonzalez-urbina\/#primaryimage","url":"https:\/\/www.pressenza.com\/wp-content\/uploads\/2024\/07\/claudio-gonzalez-urbina-retrato-300x196-2.jpg","contentUrl":"https:\/\/www.pressenza.com\/wp-content\/uploads\/2024\/07\/claudio-gonzalez-urbina-retrato-300x196-2.jpg","width":567,"height":371},{"@type":"BreadcrumbList","@id":"https:\/\/www.pressenza.com\/es\/2024\/07\/indh-otorgo-premio-nacional-de-derechos-humanos-a-claudio-gonzalez-urbina\/#breadcrumb","itemListElement":[{"@type":"ListItem","position":1,"name":"Accueil","item":"https:\/\/www.pressenza.com\/es\/"},{"@type":"ListItem","position":2,"name":"INDH otorg\u00f3 Premio Nacional de Derechos Humanos a Claudio Gonz\u00e1lez Urbina"}]},{"@type":"WebSite","@id":"https:\/\/www.pressenza.com\/es\/#website","url":"https:\/\/www.pressenza.com\/es\/","name":"Pressenza","description":"International Press Agency","publisher":{"@id":"https:\/\/www.pressenza.com\/es\/#organization"},"potentialAction":[{"@type":"SearchAction","target":{"@type":"EntryPoint","urlTemplate":"https:\/\/www.pressenza.com\/es\/?s={search_term_string}"},"query-input":{"@type":"PropertyValueSpecification","valueRequired":true,"valueName":"search_term_string"}}],"inLanguage":"es"},{"@type":"Organization","@id":"https:\/\/www.pressenza.com\/es\/#organization","name":"Pressenza","url":"https:\/\/www.pressenza.com\/es\/","logo":{"@type":"ImageObject","inLanguage":"es","@id":"https:\/\/www.pressenza.com\/es\/#\/schema\/logo\/image\/","url":"https:\/\/www.pressenza.com\/wp-content\/uploads\/2022\/10\/pressenza_logo_200x200.jpg","contentUrl":"https:\/\/www.pressenza.com\/wp-content\/uploads\/2022\/10\/pressenza_logo_200x200.jpg","width":200,"height":200,"caption":"Pressenza"},"image":{"@id":"https:\/\/www.pressenza.com\/es\/#\/schema\/logo\/image\/"},"sameAs":["https:\/\/www.facebook.com\/PressenzaItalia","https:\/\/x.com\/PressenzaIPA"]},{"@type":"Person","@id":"https:\/\/www.pressenza.com\/es\/#\/schema\/person\/3c878b6a6af4983c664120d236135284","name":"El Siglo","description":"Publicaci\u00f3n oficial del Partido Comunista de Chile.","sameAs":["https:\/\/elsiglo.cl"],"url":"https:\/\/www.pressenza.com\/es\/author\/el-siglo\/"}]}},"place":"","original_article_url":"","_links":{"self":[{"href":"https:\/\/www.pressenza.com\/es\/wp-json\/wp\/v2\/posts\/2537207","targetHints":{"allow":["GET"]}}],"collection":[{"href":"https:\/\/www.pressenza.com\/es\/wp-json\/wp\/v2\/posts"}],"about":[{"href":"https:\/\/www.pressenza.com\/es\/wp-json\/wp\/v2\/types\/post"}],"author":[{"embeddable":true,"href":"https:\/\/www.pressenza.com\/es\/wp-json\/wp\/v2\/users\/2267"}],"replies":[{"embeddable":true,"href":"https:\/\/www.pressenza.com\/es\/wp-json\/wp\/v2\/comments?post=2537207"}],"version-history":[{"count":0,"href":"https:\/\/www.pressenza.com\/es\/wp-json\/wp\/v2\/posts\/2537207\/revisions"}],"wp:featuredmedia":[{"embeddable":true,"href":"https:\/\/www.pressenza.com\/es\/wp-json\/wp\/v2\/media\/2537210"}],"wp:attachment":[{"href":"https:\/\/www.pressenza.com\/es\/wp-json\/wp\/v2\/media?parent=2537207"}],"wp:term":[{"taxonomy":"category","embeddable":true,"href":"https:\/\/www.pressenza.com\/es\/wp-json\/wp\/v2\/categories?post=2537207"},{"taxonomy":"post_tag","embeddable":true,"href":"https:\/\/www.pressenza.com\/es\/wp-json\/wp\/v2\/tags?post=2537207"}],"curies":[{"name":"wp","href":"https:\/\/api.w.org\/{rel}","templated":true}]}}